{"id":41385,"date":"2025-06-27T15:22:28","date_gmt":"2025-06-27T18:22:28","guid":{"rendered":"https:\/\/psol50.org.br\/?p=41385"},"modified":"2025-07-10T17:39:23","modified_gmt":"2025-07-10T20:39:23","slug":"psol-aciona-stf-contra-derrubada-do-decreto-do-iof-pelo-congresso","status":"publish","type":"post","link":"https:\/\/psol50.org.br\/psol-aciona-stf-contra-derrubada-do-decreto-do-iof-pelo-congresso\/","title":{"rendered":"PSOL aciona STF contra derrubada do decreto do IOF pelo Congresso"},"content":{"rendered":"<p>PSOL entra com uma A\u00e7\u00e3o Direta de Inconstitucionalidade no Supremo Tribunal Federal (STF) para suspender o decreto legislativo aprovado pelo Congresso que anulou mudan\u00e7as no Imposto sobre Opera\u00e7\u00f5es Financeiras (IOF), definidas pelo governo federal. A medida do Legislativo fere a Constitui\u00e7\u00e3o ao invadir uma compet\u00eancia exclusiva do Executivo.<\/p>\n<p>A a\u00e7\u00e3o pede que o STF suspenda os efeitos do decreto e restabele\u00e7a as regras definidas pelo governo Lula. Segundo a Constitui\u00e7\u00e3o, apenas o presidente da Rep\u00fablica pode propor mudan\u00e7as sobre tributos como o IOF.<\/p>\n<p>A presidenta do PSOL, Paula Coradi, afirmou que a derrubada do decreto do IOF vai na contram\u00e3o da igualdade tribut\u00e1ria entre ricos e pobres.<\/p>\n<p>Advocacia-Geral da Uni\u00e3o (AGU) j\u00e1 iniciou uma an\u00e1lise t\u00e9cnica a pedido do presidente Lula. Mas, com a a\u00e7\u00e3o do PSOL, o caso j\u00e1 est\u00e1 oficialmente nas m\u00e3os do Supremo.<\/p>\n","protected":false},"excerpt":{"rendered":"<p>PSOL entra com uma A\u00e7\u00e3o Direta de Inconstitucionalidade no Supremo Tribunal Federal (STF) para suspender o decreto legislativo aprovado pelo Congresso que anulou mudan\u00e7as no Imposto sobre Opera\u00e7\u00f5es Financeiras (IOF), definidas pelo governo federal. A medida do Legislativo fere a Constitui\u00e7\u00e3o ao invadir uma compet\u00eancia exclusiva do Executivo. A a\u00e7\u00e3o pede que o STF suspenda [&hellip;]<\/p>\n","protected":false},"author":2,"featured_media":41388,"comment_status":"closed","ping_status":"open","sticky":false,"template":"","format":"standard","meta":{"_acf_changed":false,"footnotes":""},"categories":[1664],"tags":[4825],"class_list":{"0":"post-41385","1":"post","2":"type-post","3":"status-publish","4":"format-standard","5":"has-post-thumbnail","7":"category-acao-do-psol","8":"tag-noticias"},"acf":[],"yoast_head":"<!-- This site is optimized with the Yoast SEO plugin v26.5 - https:\/\/yoast.com\/wordpress\/plugins\/seo\/ -->\n<title>PSOL aciona STF contra derrubada do decreto do IOF pelo Congresso<\/title>\n<meta name=\"description\" content=\"PSOL entra com a\u00e7\u00e3o no STF para suspender vota\u00e7\u00e3o que derruba o decreto do IOF por inconstitucionalidade. Saiba mais.\" \/>\n<meta name=\"robots\" content=\"index, follow, max-snippet:-1, max-image-preview:large, max-video-preview:-1\" \/>\n<link rel=\"canonical\" href=\"https:\/\/psol50.org.br\/psol-aciona-stf-contra-derrubada-do-decreto-do-iof-pelo-congresso\/\" \/>\n<meta property=\"og:locale\" content=\"pt_BR\" \/>\n<meta property=\"og:type\" content=\"article\" \/>\n<meta property=\"og:title\" content=\"PSOL aciona STF contra derrubada do decreto do IOF pelo Congresso\" \/>\n<meta property=\"og:description\" content=\"PSOL entra com a\u00e7\u00e3o no STF para suspender vota\u00e7\u00e3o que derruba o decreto do IOF por inconstitucionalidade. Saiba mais.\" \/>\n<meta property=\"og:url\" content=\"https:\/\/psol50.org.br\/psol-aciona-stf-contra-derrubada-do-decreto-do-iof-pelo-congresso\/\" \/>\n<meta property=\"og:site_name\" content=\"PSOL 50\" \/>\n<meta property=\"article:publisher\" content=\"https:\/\/www.facebook.com\/psol50\" \/>\n<meta property=\"article:published_time\" content=\"2025-06-27T18:22:28+00:00\" \/>\n<meta property=\"article:modified_time\" content=\"2025-07-10T20:39:23+00:00\" \/>\n<meta property=\"og:image\" content=\"https:\/\/psol50.org.br\/inc\/uploads\/2025\/06\/lula8325.webp\" \/>\n\t<meta property=\"og:image:width\" content=\"1170\" \/>\n\t<meta property=\"og:image:height\" content=\"700\" \/>\n\t<meta property=\"og:image:type\" content=\"image\/webp\" \/>\n<meta name=\"author\" content=\"Comunica\u00e7\u00e3o PSOL\" \/>\n<meta name=\"twitter:card\" content=\"summary_large_image\" \/>\n<meta name=\"twitter:creator\" content=\"@psol50\" \/>\n<meta name=\"twitter:site\" content=\"@psol50\" \/>\n<meta name=\"twitter:label1\" content=\"Escrito por\" \/>\n\t<meta name=\"twitter:data1\" content=\"Comunica\u00e7\u00e3o PSOL\" \/>\n\t<meta name=\"twitter:label2\" content=\"Est. tempo de leitura\" \/>\n\t<meta name=\"twitter:data2\" content=\"1 minuto\" \/>\n<script type=\"application\/ld+json\" class=\"yoast-schema-graph\">{\"@context\":\"https:\/\/schema.org\",\"@graph\":[{\"@type\":\"Article\",\"@id\":\"https:\/\/psol50.org.br\/psol-aciona-stf-contra-derrubada-do-decreto-do-iof-pelo-congresso\/#article\",\"isPartOf\":{\"@id\":\"https:\/\/psol50.org.br\/psol-aciona-stf-contra-derrubada-do-decreto-do-iof-pelo-congresso\/\"},\"author\":{\"name\":\"Comunica\u00e7\u00e3o PSOL\",\"@id\":\"https:\/\/psol50.org.br\/#\/schema\/person\/475dfa57d0b815993c714c2e96491fcd\"},\"headline\":\"PSOL aciona STF contra derrubada do decreto do IOF pelo Congresso\",\"datePublished\":\"2025-06-27T18:22:28+00:00\",\"dateModified\":\"2025-07-10T20:39:23+00:00\",\"mainEntityOfPage\":{\"@id\":\"https:\/\/psol50.org.br\/psol-aciona-stf-contra-derrubada-do-decreto-do-iof-pelo-congresso\/\"},\"wordCount\":164,\"publisher\":{\"@id\":\"https:\/\/psol50.org.br\/#organization\"},\"image\":{\"@id\":\"https:\/\/psol50.org.br\/psol-aciona-stf-contra-derrubada-do-decreto-do-iof-pelo-congresso\/#primaryimage\"},\"thumbnailUrl\":\"https:\/\/psol50.org.br\/inc\/uploads\/2025\/06\/lula8325.webp\",\"keywords\":[\"Not\u00edcias\"],\"articleSection\":[\"A\u00e7\u00e3o do PSOL\"],\"inLanguage\":\"pt-BR\"},{\"@type\":\"WebPage\",\"@id\":\"https:\/\/psol50.org.br\/psol-aciona-stf-contra-derrubada-do-decreto-do-iof-pelo-congresso\/\",\"url\":\"https:\/\/psol50.org.br\/psol-aciona-stf-contra-derrubada-do-decreto-do-iof-pelo-congresso\/\",\"name\":\"PSOL aciona STF contra derrubada do decreto do IOF pelo Congresso\",\"isPartOf\":{\"@id\":\"https:\/\/psol50.org.br\/#website\"},\"primaryImageOfPage\":{\"@id\":\"https:\/\/psol50.org.br\/psol-aciona-stf-contra-derrubada-do-decreto-do-iof-pelo-congresso\/#primaryimage\"},\"image\":{\"@id\":\"https:\/\/psol50.org.br\/psol-aciona-stf-contra-derrubada-do-decreto-do-iof-pelo-congresso\/#primaryimage\"},\"thumbnailUrl\":\"https:\/\/psol50.org.br\/inc\/uploads\/2025\/06\/lula8325.webp\",\"datePublished\":\"2025-06-27T18:22:28+00:00\",\"dateModified\":\"2025-07-10T20:39:23+00:00\",\"description\":\"PSOL entra com a\u00e7\u00e3o no STF para suspender vota\u00e7\u00e3o que derruba o decreto do IOF por inconstitucionalidade. Saiba mais.\",\"breadcrumb\":{\"@id\":\"https:\/\/psol50.org.br\/psol-aciona-stf-contra-derrubada-do-decreto-do-iof-pelo-congresso\/#breadcrumb\"},\"inLanguage\":\"pt-BR\",\"potentialAction\":[{\"@type\":\"ReadAction\",\"target\":[\"https:\/\/psol50.org.br\/psol-aciona-stf-contra-derrubada-do-decreto-do-iof-pelo-congresso\/\"]}]},{\"@type\":\"ImageObject\",\"inLanguage\":\"pt-BR\",\"@id\":\"https:\/\/psol50.org.br\/psol-aciona-stf-contra-derrubada-do-decreto-do-iof-pelo-congresso\/#primaryimage\",\"url\":\"https:\/\/psol50.org.br\/inc\/uploads\/2025\/06\/lula8325.webp\",\"contentUrl\":\"https:\/\/psol50.org.br\/inc\/uploads\/2025\/06\/lula8325.webp\",\"width\":1170,\"height\":700,\"caption\":\"Lula Marques\/Ag\u00eancia Brasil\"},{\"@type\":\"BreadcrumbList\",\"@id\":\"https:\/\/psol50.org.br\/psol-aciona-stf-contra-derrubada-do-decreto-do-iof-pelo-congresso\/#breadcrumb\",\"itemListElement\":[{\"@type\":\"ListItem\",\"position\":1,\"name\":\"In\u00edcio\",\"item\":\"https:\/\/psol50.org.br\/\"},{\"@type\":\"ListItem\",\"position\":2,\"name\":\"PSOL aciona STF contra derrubada do decreto do IOF pelo Congresso\"}]},{\"@type\":\"WebSite\",\"@id\":\"https:\/\/psol50.org.br\/#website\",\"url\":\"https:\/\/psol50.org.br\/\",\"name\":\"PSOL 50\",\"description\":\"Site oficial do Partido Socialismo e Liberdade\",\"publisher\":{\"@id\":\"https:\/\/psol50.org.br\/#organization\"},\"alternateName\":\"PSOL50\",\"potentialAction\":[{\"@type\":\"SearchAction\",\"target\":{\"@type\":\"EntryPoint\",\"urlTemplate\":\"https:\/\/psol50.org.br\/?s={search_term_string}\"},\"query-input\":{\"@type\":\"PropertyValueSpecification\",\"valueRequired\":true,\"valueName\":\"search_term_string\"}}],\"inLanguage\":\"pt-BR\"},{\"@type\":\"Organization\",\"@id\":\"https:\/\/psol50.org.br\/#organization\",\"name\":\"PSOL 50\",\"alternateName\":\"PSOL 50\",\"url\":\"https:\/\/psol50.org.br\/\",\"logo\":{\"@type\":\"ImageObject\",\"inLanguage\":\"pt-BR\",\"@id\":\"https:\/\/psol50.org.br\/#\/schema\/logo\/image\/\",\"url\":\"https:\/\/psol50.org.br\/inc\/uploads\/2018\/07\/capa.png\",\"contentUrl\":\"https:\/\/psol50.org.br\/inc\/uploads\/2018\/07\/capa.png\",\"width\":1350,\"height\":900,\"caption\":\"PSOL 50\"},\"image\":{\"@id\":\"https:\/\/psol50.org.br\/#\/schema\/logo\/image\/\"},\"sameAs\":[\"https:\/\/www.facebook.com\/psol50\",\"https:\/\/x.com\/psol50\",\"https:\/\/www.instagram.com\/psol50\/\",\"https:\/\/www.youtube.com\/channel\/UC7SnJS5o1os7a6CaiNabzcg\"]},{\"@type\":\"Person\",\"@id\":\"https:\/\/psol50.org.br\/#\/schema\/person\/475dfa57d0b815993c714c2e96491fcd\",\"name\":\"Comunica\u00e7\u00e3o PSOL\",\"image\":{\"@type\":\"ImageObject\",\"inLanguage\":\"pt-BR\",\"@id\":\"https:\/\/psol50.org.br\/#\/schema\/person\/image\/\",\"url\":\"https:\/\/secure.gravatar.com\/avatar\/b34fc4f4e468a4e51785917065a3db57b841f5c95dba6ad8c73aaf8f66f8f9bf?s=96&d=mm&r=g\",\"contentUrl\":\"https:\/\/secure.gravatar.com\/avatar\/b34fc4f4e468a4e51785917065a3db57b841f5c95dba6ad8c73aaf8f66f8f9bf?s=96&d=mm&r=g\",\"caption\":\"Comunica\u00e7\u00e3o PSOL\"}}]}<\/script>\n<!-- \/ Yoast SEO plugin. -->","yoast_head_json":{"title":"PSOL aciona STF contra derrubada do decreto do IOF pelo Congresso","description":"PSOL entra com a\u00e7\u00e3o no STF para suspender vota\u00e7\u00e3o que derruba o decreto do IOF por inconstitucionalidade. Saiba mais.","robots":{"index":"index","follow":"follow","max-snippet":"max-snippet:-1","max-image-preview":"max-image-preview:large","max-video-preview":"max-video-preview:-1"},"canonical":"https:\/\/psol50.org.br\/psol-aciona-stf-contra-derrubada-do-decreto-do-iof-pelo-congresso\/","og_locale":"pt_BR","og_type":"article","og_title":"PSOL aciona STF contra derrubada do decreto do IOF pelo Congresso","og_description":"PSOL entra com a\u00e7\u00e3o no STF para suspender vota\u00e7\u00e3o que derruba o decreto do IOF por inconstitucionalidade. Saiba mais.","og_url":"https:\/\/psol50.org.br\/psol-aciona-stf-contra-derrubada-do-decreto-do-iof-pelo-congresso\/","og_site_name":"PSOL 50","article_publisher":"https:\/\/www.facebook.com\/psol50","article_published_time":"2025-06-27T18:22:28+00:00","article_modified_time":"2025-07-10T20:39:23+00:00","og_image":[{"width":1170,"height":700,"url":"https:\/\/psol50.org.br\/inc\/uploads\/2025\/06\/lula8325.webp","type":"image\/webp"}],"author":"Comunica\u00e7\u00e3o PSOL","twitter_card":"summary_large_image","twitter_creator":"@psol50","twitter_site":"@psol50","twitter_misc":{"Escrito por":"Comunica\u00e7\u00e3o PSOL","Est. tempo de leitura":"1 minuto"},"schema":{"@context":"https:\/\/schema.org","@graph":[{"@type":"Article","@id":"https:\/\/psol50.org.br\/psol-aciona-stf-contra-derrubada-do-decreto-do-iof-pelo-congresso\/#article","isPartOf":{"@id":"https:\/\/psol50.org.br\/psol-aciona-stf-contra-derrubada-do-decreto-do-iof-pelo-congresso\/"},"author":{"name":"Comunica\u00e7\u00e3o PSOL","@id":"https:\/\/psol50.org.br\/#\/schema\/person\/475dfa57d0b815993c714c2e96491fcd"},"headline":"PSOL aciona STF contra derrubada do decreto do IOF pelo Congresso","datePublished":"2025-06-27T18:22:28+00:00","dateModified":"2025-07-10T20:39:23+00:00","mainEntityOfPage":{"@id":"https:\/\/psol50.org.br\/psol-aciona-stf-contra-derrubada-do-decreto-do-iof-pelo-congresso\/"},"wordCount":164,"publisher":{"@id":"https:\/\/psol50.org.br\/#organization"},"image":{"@id":"https:\/\/psol50.org.br\/psol-aciona-stf-contra-derrubada-do-decreto-do-iof-pelo-congresso\/#primaryimage"},"thumbnailUrl":"https:\/\/psol50.org.br\/inc\/uploads\/2025\/06\/lula8325.webp","keywords":["Not\u00edcias"],"articleSection":["A\u00e7\u00e3o do PSOL"],"inLanguage":"pt-BR"},{"@type":"WebPage","@id":"https:\/\/psol50.org.br\/psol-aciona-stf-contra-derrubada-do-decreto-do-iof-pelo-congresso\/","url":"https:\/\/psol50.org.br\/psol-aciona-stf-contra-derrubada-do-decreto-do-iof-pelo-congresso\/","name":"PSOL aciona STF contra derrubada do decreto do IOF pelo Congresso","isPartOf":{"@id":"https:\/\/psol50.org.br\/#website"},"primaryImageOfPage":{"@id":"https:\/\/psol50.org.br\/psol-aciona-stf-contra-derrubada-do-decreto-do-iof-pelo-congresso\/#primaryimage"},"image":{"@id":"https:\/\/psol50.org.br\/psol-aciona-stf-contra-derrubada-do-decreto-do-iof-pelo-congresso\/#primaryimage"},"thumbnailUrl":"https:\/\/psol50.org.br\/inc\/uploads\/2025\/06\/lula8325.webp","datePublished":"2025-06-27T18:22:28+00:00","dateModified":"2025-07-10T20:39:23+00:00","description":"PSOL entra com a\u00e7\u00e3o no STF para suspender vota\u00e7\u00e3o que derruba o decreto do IOF por inconstitucionalidade. Saiba mais.","breadcrumb":{"@id":"https:\/\/psol50.org.br\/psol-aciona-stf-contra-derrubada-do-decreto-do-iof-pelo-congresso\/#breadcrumb"},"inLanguage":"pt-BR","potentialAction":[{"@type":"ReadAction","target":["https:\/\/psol50.org.br\/psol-aciona-stf-contra-derrubada-do-decreto-do-iof-pelo-congresso\/"]}]},{"@type":"ImageObject","inLanguage":"pt-BR","@id":"https:\/\/psol50.org.br\/psol-aciona-stf-contra-derrubada-do-decreto-do-iof-pelo-congresso\/#primaryimage","url":"https:\/\/psol50.org.br\/inc\/uploads\/2025\/06\/lula8325.webp","contentUrl":"https:\/\/psol50.org.br\/inc\/uploads\/2025\/06\/lula8325.webp","width":1170,"height":700,"caption":"Lula Marques\/Ag\u00eancia Brasil"},{"@type":"BreadcrumbList","@id":"https:\/\/psol50.org.br\/psol-aciona-stf-contra-derrubada-do-decreto-do-iof-pelo-congresso\/#breadcrumb","itemListElement":[{"@type":"ListItem","position":1,"name":"In\u00edcio","item":"https:\/\/psol50.org.br\/"},{"@type":"ListItem","position":2,"name":"PSOL aciona STF contra derrubada do decreto do IOF pelo Congresso"}]},{"@type":"WebSite","@id":"https:\/\/psol50.org.br\/#website","url":"https:\/\/psol50.org.br\/","name":"PSOL 50","description":"Site oficial do Partido Socialismo e Liberdade","publisher":{"@id":"https:\/\/psol50.org.br\/#organization"},"alternateName":"PSOL50","potentialAction":[{"@type":"SearchAction","target":{"@type":"EntryPoint","urlTemplate":"https:\/\/psol50.org.br\/?s={search_term_string}"},"query-input":{"@type":"PropertyValueSpecification","valueRequired":true,"valueName":"search_term_string"}}],"inLanguage":"pt-BR"},{"@type":"Organization","@id":"https:\/\/psol50.org.br\/#organization","name":"PSOL 50","alternateName":"PSOL 50","url":"https:\/\/psol50.org.br\/","logo":{"@type":"ImageObject","inLanguage":"pt-BR","@id":"https:\/\/psol50.org.br\/#\/schema\/logo\/image\/","url":"https:\/\/psol50.org.br\/inc\/uploads\/2018\/07\/capa.png","contentUrl":"https:\/\/psol50.org.br\/inc\/uploads\/2018\/07\/capa.png","width":1350,"height":900,"caption":"PSOL 50"},"image":{"@id":"https:\/\/psol50.org.br\/#\/schema\/logo\/image\/"},"sameAs":["https:\/\/www.facebook.com\/psol50","https:\/\/x.com\/psol50","https:\/\/www.instagram.com\/psol50\/","https:\/\/www.youtube.com\/channel\/UC7SnJS5o1os7a6CaiNabzcg"]},{"@type":"Person","@id":"https:\/\/psol50.org.br\/#\/schema\/person\/475dfa57d0b815993c714c2e96491fcd","name":"Comunica\u00e7\u00e3o PSOL","image":{"@type":"ImageObject","inLanguage":"pt-BR","@id":"https:\/\/psol50.org.br\/#\/schema\/person\/image\/","url":"https:\/\/secure.gravatar.com\/avatar\/b34fc4f4e468a4e51785917065a3db57b841f5c95dba6ad8c73aaf8f66f8f9bf?s=96&d=mm&r=g","contentUrl":"https:\/\/secure.gravatar.com\/avatar\/b34fc4f4e468a4e51785917065a3db57b841f5c95dba6ad8c73aaf8f66f8f9bf?s=96&d=mm&r=g","caption":"Comunica\u00e7\u00e3o PSOL"}}]}},"_links":{"self":[{"href":"https:\/\/psol50.org.br\/rest\/wp\/v2\/posts\/41385","targetHints":{"allow":["GET"]}}],"collection":[{"href":"https:\/\/psol50.org.br\/rest\/wp\/v2\/posts"}],"about":[{"href":"https:\/\/psol50.org.br\/rest\/wp\/v2\/types\/post"}],"author":[{"embeddable":true,"href":"https:\/\/psol50.org.br\/rest\/wp\/v2\/users\/2"}],"replies":[{"embeddable":true,"href":"https:\/\/psol50.org.br\/rest\/wp\/v2\/comments?post=41385"}],"version-history":[{"count":1,"href":"https:\/\/psol50.org.br\/rest\/wp\/v2\/posts\/41385\/revisions"}],"predecessor-version":[{"id":41389,"href":"https:\/\/psol50.org.br\/rest\/wp\/v2\/posts\/41385\/revisions\/41389"}],"wp:featuredmedia":[{"embeddable":true,"href":"https:\/\/psol50.org.br\/rest\/wp\/v2\/media\/41388"}],"wp:attachment":[{"href":"https:\/\/psol50.org.br\/rest\/wp\/v2\/media?parent=41385"}],"wp:term":[{"taxonomy":"category","embeddable":true,"href":"https:\/\/psol50.org.br\/rest\/wp\/v2\/categories?post=41385"},{"taxonomy":"post_tag","embeddable":true,"href":"https:\/\/psol50.org.br\/rest\/wp\/v2\/tags?post=41385"}],"curies":[{"name":"wp","href":"https:\/\/api.w.org\/{rel}","templated":true}]}}