{"id":414,"date":"2011-05-05T00:00:00","date_gmt":"2011-05-05T00:00:00","guid":{"rendered":"http:\/\/psol50.org.br\/arquivo\/2011\/05\/05\/reflexiones-a-proposito-de-la-muerte-de-osama-bin-laden\/"},"modified":"2011-05-05T00:00:00","modified_gmt":"2011-05-05T00:00:00","slug":"reflexiones-a-proposito-de-la-muerte-de-osama-bin-laden","status":"publish","type":"post","link":"https:\/\/psol50.org.br\/reflexiones-a-proposito-de-la-muerte-de-osama-bin-laden\/","title":{"rendered":"Reflexiones a prop\u00f3sito de la muerte de Osama Bin Laden"},"content":{"rendered":"<p><strong>*Por Atilio Boron<\/strong><\/p>\n<p><em><strong>La muerte de Osama Bin Laden plantea innumerables interrogantes. A continuaci\u00f3n, una reflexi\u00f3n sobre algunos de ellos.<\/strong><\/em><\/p>\n<p><em><strong><a rel=\"attachment wp-att-8094\" href=\"http:\/\/psol50.org.br\/blog\/2011\/05\/05\/reflexiones-a-proposito-de-la-muerte-de-osama-bin-laden\/osama-bin-laden1\/\"><img loading=\"lazy\" decoding=\"async\" class=\"alignleft size-full wp-image-8094\" src=\"http:\/\/psol50.org.br\/files\/2011\/05\/osama-bin-laden1.jpg\" alt=\"\" width=\"256\" height=\"320\" \/><\/a><\/p>\n<p>Un Nobel sin escr\u00fapulos<\/strong><\/em><\/p>\n<p>Un signo m\u00e1s de los muchos que ilustran la profunda crisis moral de la \u201ccivilizaci\u00f3n occidental y cristiana\u201d que Estados Unidos dice representar lo ofrece la noticia del asesinato de Osama Bin Laden. M\u00e1s all\u00e1 del rechazo que nos provocaba el personaje y sus m\u00e9todos de lucha, la naturaleza de la operaci\u00f3n llevada a cabo por los Seals de la Armada de los Estados Unidos es un acto de incalificable barbarie perpetrado bajo las \u00f3rdenes directas de un personaje que con sus conductas cotidianas deshonra el galard\u00f3n que le otorgara el parlamento noruego al consagrarlo como Premio Nobel de la Paz del a\u00f1o 2009. De acuerdo a lo establecido por Alfred Nobel en su testamento esta distinci\u00f3n, record\u00e9moslo, deb\u00eda ser adjudicada, \u201ca la persona que haya trabajado m\u00e1s o mejor en favor de la fraternidad entre las naciones, la abolici\u00f3n o reducci\u00f3n de los ej\u00e9rcitos existentes y la celebraci\u00f3n y promoci\u00f3n de procesos de paz.\u201d El energ\u00fameno que anunci\u00f3 al pueblo estadounidense la muerte del l\u00edder de Al Qaeda diciendo que \u201cse ha hecho justicia\u201d es la ant\u00edtesis perfecta de lo estipulado por Nobel. Un operativo comando es lo menos parecido al debido proceso, y arrojar los restos de su v\u00edctima al mar para ocultar las huellas de lo actuado es algo propio de mafiosos o genocidas. Lo menos que deber\u00eda hacer el parlamento noruego es exigirle la devoluci\u00f3n del premio.<\/p>\n<p>En la truculenta operaci\u00f3n escenificada en las afueras de Islamabad hay m\u00faltiples interrogantes que permanecen en las sombras, y la tendencia del gobierno de los Estados Unidos a desinformar a la opini\u00f3n p\u00fablica torna a\u00fan m\u00e1s sospechoso este operativo. Una Casa Blanca v\u00edctima de una enfermiza compulsi\u00f3n a mentir (recordar la historieta de las \u201carmas de destrucci\u00f3n masiva\u201d existentes en Irak, o el infame Informe Warren que sentenci\u00f3 que no hubo conspiraci\u00f3n en el asesinato de Kennedy, obra del \u201clobo solitario\u201d Lee Harvey Oswald ) nos obliga a tomar con pinzas cada una de sus afirmaciones. \u00bfEra Bin Laden o no? \u00bfPor qu\u00e9 no pensar que la v\u00edctima podr\u00eda haber sido cualquier otro? \u00bfD\u00f3nde est\u00e1n las fotos, las pruebas de que el occiso era el buscado? Si se le practic\u00f3 un ADN, \u00bfc\u00f3mo se obtuvo, d\u00f3nde est\u00e1n los resultados y qui\u00e9nes fueron los testigos? \u00bfPor qu\u00e9 no se lo present\u00f3 ante la consideraci\u00f3n p\u00fablica, como se hiciera, sin ir m\u00e1s lejos, con los restos del Comandante Ernesto \u201cChe\u201d Guevara? Si, como se asegura, Osama se ocultaba en una mansi\u00f3n convertida en una verdadera fortaleza, \u00bfc\u00f3mo es posible que en un combate que se extendi\u00f3 por espacio de cuarenta minutos los integrantes del comando norteamericano regresaran a su base sin recibir siquiera un rasgu\u00f1o? \u00bfTan poca punter\u00eda ten\u00edan los defensores del fugitivo m\u00e1s buscado del mundo, de quien se dec\u00eda que pose\u00eda un arsenal de mort\u00edferas armas de \u00faltima generaci\u00f3n? \u00bfQui\u00e9nes estaban con \u00e9l? Seg\u00fan la Casa Blanca el comando dio muerte a Bin Laden, a su hijo, a otros dos hombres de su custodia y a una mujer que, aseguran, fue ultimada al ser utilizada como un escudo humano por uno de los terroristas. Tambi\u00e9n se dijo que otras dos personas m\u00e1s hab\u00edan sido heridas en el combate. \u00bfD\u00f3nde est\u00e1n, qu\u00e9 se va a hacer con ellos? \u00bfSer\u00e1n llevados a juicio, se les tomar\u00e1 declaraciones para arrojar luz sobre lo ocurrido, hablar\u00e1n en una conferencia de prensa para narrar lo acontecido? Por lo que parece esta \u201chaza\u00f1a\u201d pasar\u00e1 a la historia como una operaci\u00f3n mafiosa, al estilo de la matanza de San Valent\u00edn ordenada por Al Capone para liquidar a los capos de la banda rival.<\/p>\n<p>Osama vivo era un peligro. Sab\u00eda (\u00bfo sabe?) demasiado, y es razonable suponer que lo \u00faltimo que quer\u00eda el gobierno estadounidense era llevarlo a juicio y dejarlo hablar. En tal caso se hubiera desatado un esc\u00e1ndalo de enormes proporciones al revelar las conexiones con la CIA, los armamentos y el dinero suministrado por la Casa Blanca, las operaciones ilegales montadas por Washington, los oscuros negocios de su familia con el lobby petrolero norteamericano y, muy especialmente, con la familia Bush, entre otras nimiedades. En suma, un testigo al que hab\u00eda que acallar s\u00ed o s\u00ed, como Muammar Gadafi. El problema es que ya muerto Osama se convierte para los jihadistas isl\u00e1micos en un m\u00e1rtir de la causa, y el deseo de venganza seguramente impulsar\u00e1 a las muchas c\u00e9lulas dormidas de Al Qaeda a perpetuar nuevas atrocidades para vengar la muerte de su l\u00edder.<\/p>\n<p>No deja tambi\u00e9n de llamar la atenci\u00f3n lo oportuna que ha sido la muerte de Bin Laden. Cuando el incendio de la reseca pradera del mundo \u00e1rabe desestabiliza un \u00e1rea de crucial importancia para la estrategia de dominaci\u00f3n imperial, la noticia del asesinato de Bin Laden reinstala a Al Qaeda en el centro del escenario. Si hay algo que a estas alturas es una verdad incontrovertible es que esas revueltas no responden a ninguna motivaci\u00f3n religiosa. Sus causas, sus sujetos y sus formas de lucha son eminentemente seculares y en ninguna de ellas -desde T\u00fanez hasta Egipto, pasando por Libia, Bahreim, Yemen, Siria y Jordania- el protagonismo recay\u00f3 sobre la Hermandad Musulmana o en Al Qaeda. El problema es el capitalismo y los devastadores efectos de las pol\u00edticas neoliberales y los reg\u00edmenes desp\u00f3ticos que aqu\u00e9l instal\u00f3 en esos pa\u00edses y no las herej\u00edas de los \u201cinfieles\u201d de Occidente. Pero el imperialismo norteamericano y sus secuaces en Europa se desvivieron, desde el principio, para hacer aparecer estas revueltas como producto de la malicia del radicalismo isl\u00e1mico y Al Qaeda, cosa que no es cierta. Santiago Alba Rico observ\u00f3 con raz\u00f3n que en pleno auge de estas protestas seculares -anti- pol\u00edticas de ajuste del FMI y el Banco Mundial- un grupo fundamentalista desconocido hasta entonces asesin\u00f3 al cooperante italiano Vittorio Arrigoni, activista del Movimiento de Solidaridad Internacional, en una casa abandonada en la Franja de Gaza. Pocas semanas despu\u00e9s un terrorista suicida hace estallar una bomba en la plaza Yemaa el Fna, uno de los destinos tur\u00edsticos m\u00e1s notables no s\u00f3lo de Marruecos sino de toda \u00c1frica y mata al menos a 14 personas. \u201cAhora \u2013contin\u00faa Alba Rico- reaparece Bin Laden, no vivo y amenazador, sino en toda la gloria de un martirio aplazado, estudiado, cuidadosamente escenificado, un poco inveros\u00edmil. \u2018Se ha hecho justicia\u2019, dice Obama, pero la justicia reclama tribunales y jueces, procedimientos sumariales, una sentencia independiente.\u201d Nada de eso ha ocurrido, ni ocurrir\u00e1. Pero el fundamentalismo isl\u00e1mico, ausente como protagonista de las grandes movilizaciones del mundo \u00e1rabe, aparece ahora en la primera plana de todos los diarios del mundo y su l\u00edder como un m\u00e1rtir del Islam asesinado a sangre fr\u00eda por la soldadesca del l\u00edder de Occidente. La Casa Blanca, que sab\u00eda desde mediados de Febrero de este a\u00f1o que en esa fortaleza en las afueras de Islamabad se refugiaba Bin Laden, esper\u00f3 el momento oportuno para lanzar su ataque con vistas a posicionar favorablemente a Barack Obama en la inminente campa\u00f1a electoral por la sucesi\u00f3n presidencial.<\/p>\n<p>Hay un detalle para nada anecd\u00f3tico que torna a\u00fan m\u00e1s inmoral a la bravata norteamericana: pocas horas despu\u00e9s de ser abatido, el cad\u00e1ver del presunto Bin Laden fue arrojado al mar. La mentirosa declaraci\u00f3n de la Casa Blanca dice que sus restos recibieron sepultura respetando las tradiciones y los ritos isl\u00e1micos, pero no es as\u00ed. Los ritos f\u00fanebres del Islam establecen que se debe lavar el cad\u00e1ver, vestirlo con una mortaja, proceder a una ceremonia religiosa que incluye oraciones y honras f\u00fanebres para luego reci\u00e9n proceder al entierro del difunto. Adem\u00e1s se especifica que el cad\u00e1ver debe ser depositado directamente en la tierra, recostado sobre su lado derecho y con la cara dirigida hacia La Meca. \u00bfCon qu\u00e9 celeridad tuvieron que ser hechos el combate, la recuperaci\u00f3n del cad\u00e1ver, su identificaci\u00f3n, la obtenci\u00f3n del ADN, el traslado a un nav\u00edo de la Armada estadounidense, situado a poco m\u00e1s de 600 kil\u00f3metros del suburbio de Islamabad donde se produjo el enfrentamiento y finalmente, navegar hasta el punto donde el cad\u00e1ver fue arrojado al mar como para respetar los ritos f\u00fanebres del islam? En realidad, lo que se hizo fue abatir y \u201cdesaparecer\u201d a una persona, presuntamente Bin Laden, siguiendo una pr\u00e1ctica siniestra utilizada sobre todo por la dictadura genocida que asol\u00f3 a la Argentina entre 1976 y 1983. Acto inmoral que no s\u00f3lo ofende las creencias musulmanas sino a una milenaria tradici\u00f3n cultural de Occidente, anterior inclusive al cristianismo. Como lo atestigua magistralmente S\u00f3focles en Ant\u00edgona, privar a un difunto de su sepultura enciende las m\u00e1s enconadas pasiones. Esas que hoy deben estar incendiando a las c\u00e9lulas del fundamentalismo isl\u00e1mico, deseosas de escarmentar a los infieles que ultrajaron el cuerpo y la memoria de su l\u00edder. Barack Obama acaba de decir que despu\u00e9s de la muerte de Osama Bin Laden el mundo es un lugar m\u00e1s seguro para vivir. Se equivoca de medio a medio. Probablemente su acci\u00f3n no hizo sino despertar a un monstruo que estaba dormido. El tiempo dir\u00e1 si esto es as\u00ed o no, pero sobran las razones para estar muy preocupados.<\/p>\n<p><a href=\"http:\/\/www.atilioboron.com\/2011\/05\/reflexiones-proposito-de-la-muerte-de.html#more\"><strong>* Atilio Bor\u00f3n, doutor em Ci\u00eancia Pol\u00edtica pela Harvard University, \u00e9 professor titular de Filosofia Pol\u00edtica da Universidade de Buenos Aires, Argentina.<\/strong><\/a><\/p>\n","protected":false},"excerpt":{"rendered":"<p>*Por Atilio Boron La muerte de Osama Bin Laden plantea innumerables interrogantes. A continuaci\u00f3n, una reflexi\u00f3n sobre algunos de ellos. Un Nobel sin escr\u00fapulos Un signo m\u00e1s de los muchos que ilustran la profunda crisis moral de la \u201ccivilizaci\u00f3n occidental y cristiana\u201d que Estados Unidos dice representar lo ofrece la noticia del asesinato de Osama [&hellip;]<\/p>\n","protected":false},"author":2,"featured_media":0,"comment_status":"open","ping_status":"open","sticky":false,"template":"","format":"standard","meta":{"_acf_changed":false,"footnotes":""},"categories":[4766],"tags":[],"class_list":{"0":"post-414","1":"post","2":"type-post","3":"status-publish","4":"format-standard","6":"category-arquivo"},"acf":[],"yoast_head":"<!-- This site is optimized with the Yoast SEO plugin v26.5 - https:\/\/yoast.com\/wordpress\/plugins\/seo\/ -->\n<title>Reflexiones a prop\u00f3sito de la muerte de Osama Bin Laden - PSOL 50<\/title>\n<meta name=\"robots\" content=\"index, follow, max-snippet:-1, max-image-preview:large, max-video-preview:-1\" \/>\n<link rel=\"canonical\" href=\"https:\/\/psol50.org.br\/reflexiones-a-proposito-de-la-muerte-de-osama-bin-laden\/\" \/>\n<meta property=\"og:locale\" content=\"pt_BR\" \/>\n<meta property=\"og:type\" content=\"article\" \/>\n<meta property=\"og:title\" content=\"Reflexiones a prop\u00f3sito de la muerte de Osama Bin Laden - PSOL 50\" \/>\n<meta property=\"og:description\" content=\"*Por Atilio Boron La muerte de Osama Bin Laden plantea innumerables interrogantes. A continuaci\u00f3n, una reflexi\u00f3n sobre algunos de ellos. Un Nobel sin escr\u00fapulos Un signo m\u00e1s de los muchos que ilustran la profunda crisis moral de la \u201ccivilizaci\u00f3n occidental y cristiana\u201d que Estados Unidos dice representar lo ofrece la noticia del asesinato de Osama [&hellip;]\" \/>\n<meta property=\"og:url\" content=\"https:\/\/psol50.org.br\/reflexiones-a-proposito-de-la-muerte-de-osama-bin-laden\/\" \/>\n<meta property=\"og:site_name\" content=\"PSOL 50\" \/>\n<meta property=\"article:publisher\" content=\"https:\/\/www.facebook.com\/psol50\" \/>\n<meta property=\"article:published_time\" content=\"2011-05-05T00:00:00+00:00\" \/>\n<meta property=\"og:image\" content=\"http:\/\/psol50.org.br\/files\/2011\/05\/osama-bin-laden1.jpg\" \/>\n<meta name=\"author\" content=\"Comunica\u00e7\u00e3o PSOL\" \/>\n<meta name=\"twitter:card\" content=\"summary_large_image\" \/>\n<meta name=\"twitter:creator\" content=\"@psol50\" \/>\n<meta name=\"twitter:site\" content=\"@psol50\" \/>\n<meta name=\"twitter:label1\" content=\"Escrito por\" \/>\n\t<meta name=\"twitter:data1\" content=\"Comunica\u00e7\u00e3o PSOL\" \/>\n\t<meta name=\"twitter:label2\" content=\"Est. tempo de leitura\" \/>\n\t<meta name=\"twitter:data2\" content=\"8 minutos\" \/>\n<script type=\"application\/ld+json\" class=\"yoast-schema-graph\">{\"@context\":\"https:\/\/schema.org\",\"@graph\":[{\"@type\":\"Article\",\"@id\":\"https:\/\/psol50.org.br\/reflexiones-a-proposito-de-la-muerte-de-osama-bin-laden\/#article\",\"isPartOf\":{\"@id\":\"https:\/\/psol50.org.br\/reflexiones-a-proposito-de-la-muerte-de-osama-bin-laden\/\"},\"author\":{\"name\":\"Comunica\u00e7\u00e3o PSOL\",\"@id\":\"https:\/\/psol50.org.br\/#\/schema\/person\/475dfa57d0b815993c714c2e96491fcd\"},\"headline\":\"Reflexiones a prop\u00f3sito de la muerte de Osama Bin Laden\",\"datePublished\":\"2011-05-05T00:00:00+00:00\",\"mainEntityOfPage\":{\"@id\":\"https:\/\/psol50.org.br\/reflexiones-a-proposito-de-la-muerte-de-osama-bin-laden\/\"},\"wordCount\":1694,\"commentCount\":0,\"publisher\":{\"@id\":\"https:\/\/psol50.org.br\/#organization\"},\"image\":{\"@id\":\"https:\/\/psol50.org.br\/reflexiones-a-proposito-de-la-muerte-de-osama-bin-laden\/#primaryimage\"},\"thumbnailUrl\":\"http:\/\/psol50.org.br\/files\/2011\/05\/osama-bin-laden1.jpg\",\"articleSection\":[\"Arquivo\"],\"inLanguage\":\"pt-BR\",\"potentialAction\":[{\"@type\":\"CommentAction\",\"name\":\"Comment\",\"target\":[\"https:\/\/psol50.org.br\/reflexiones-a-proposito-de-la-muerte-de-osama-bin-laden\/#respond\"]}]},{\"@type\":\"WebPage\",\"@id\":\"https:\/\/psol50.org.br\/reflexiones-a-proposito-de-la-muerte-de-osama-bin-laden\/\",\"url\":\"https:\/\/psol50.org.br\/reflexiones-a-proposito-de-la-muerte-de-osama-bin-laden\/\",\"name\":\"Reflexiones a prop\u00f3sito de la muerte de Osama Bin Laden - PSOL 50\",\"isPartOf\":{\"@id\":\"https:\/\/psol50.org.br\/#website\"},\"primaryImageOfPage\":{\"@id\":\"https:\/\/psol50.org.br\/reflexiones-a-proposito-de-la-muerte-de-osama-bin-laden\/#primaryimage\"},\"image\":{\"@id\":\"https:\/\/psol50.org.br\/reflexiones-a-proposito-de-la-muerte-de-osama-bin-laden\/#primaryimage\"},\"thumbnailUrl\":\"http:\/\/psol50.org.br\/files\/2011\/05\/osama-bin-laden1.jpg\",\"datePublished\":\"2011-05-05T00:00:00+00:00\",\"breadcrumb\":{\"@id\":\"https:\/\/psol50.org.br\/reflexiones-a-proposito-de-la-muerte-de-osama-bin-laden\/#breadcrumb\"},\"inLanguage\":\"pt-BR\",\"potentialAction\":[{\"@type\":\"ReadAction\",\"target\":[\"https:\/\/psol50.org.br\/reflexiones-a-proposito-de-la-muerte-de-osama-bin-laden\/\"]}]},{\"@type\":\"ImageObject\",\"inLanguage\":\"pt-BR\",\"@id\":\"https:\/\/psol50.org.br\/reflexiones-a-proposito-de-la-muerte-de-osama-bin-laden\/#primaryimage\",\"url\":\"http:\/\/psol50.org.br\/files\/2011\/05\/osama-bin-laden1.jpg\",\"contentUrl\":\"http:\/\/psol50.org.br\/files\/2011\/05\/osama-bin-laden1.jpg\"},{\"@type\":\"BreadcrumbList\",\"@id\":\"https:\/\/psol50.org.br\/reflexiones-a-proposito-de-la-muerte-de-osama-bin-laden\/#breadcrumb\",\"itemListElement\":[{\"@type\":\"ListItem\",\"position\":1,\"name\":\"In\u00edcio\",\"item\":\"https:\/\/psol50.org.br\/\"},{\"@type\":\"ListItem\",\"position\":2,\"name\":\"Reflexiones a prop\u00f3sito de la muerte de Osama Bin Laden\"}]},{\"@type\":\"WebSite\",\"@id\":\"https:\/\/psol50.org.br\/#website\",\"url\":\"https:\/\/psol50.org.br\/\",\"name\":\"PSOL 50\",\"description\":\"Site oficial do Partido Socialismo e Liberdade\",\"publisher\":{\"@id\":\"https:\/\/psol50.org.br\/#organization\"},\"alternateName\":\"PSOL50\",\"potentialAction\":[{\"@type\":\"SearchAction\",\"target\":{\"@type\":\"EntryPoint\",\"urlTemplate\":\"https:\/\/psol50.org.br\/?s={search_term_string}\"},\"query-input\":{\"@type\":\"PropertyValueSpecification\",\"valueRequired\":true,\"valueName\":\"search_term_string\"}}],\"inLanguage\":\"pt-BR\"},{\"@type\":\"Organization\",\"@id\":\"https:\/\/psol50.org.br\/#organization\",\"name\":\"PSOL 50\",\"alternateName\":\"PSOL 50\",\"url\":\"https:\/\/psol50.org.br\/\",\"logo\":{\"@type\":\"ImageObject\",\"inLanguage\":\"pt-BR\",\"@id\":\"https:\/\/psol50.org.br\/#\/schema\/logo\/image\/\",\"url\":\"https:\/\/psol50.org.br\/inc\/uploads\/2018\/07\/capa.png\",\"contentUrl\":\"https:\/\/psol50.org.br\/inc\/uploads\/2018\/07\/capa.png\",\"width\":1350,\"height\":900,\"caption\":\"PSOL 50\"},\"image\":{\"@id\":\"https:\/\/psol50.org.br\/#\/schema\/logo\/image\/\"},\"sameAs\":[\"https:\/\/www.facebook.com\/psol50\",\"https:\/\/x.com\/psol50\",\"https:\/\/www.instagram.com\/psol50\/\",\"https:\/\/www.youtube.com\/channel\/UC7SnJS5o1os7a6CaiNabzcg\"]},{\"@type\":\"Person\",\"@id\":\"https:\/\/psol50.org.br\/#\/schema\/person\/475dfa57d0b815993c714c2e96491fcd\",\"name\":\"Comunica\u00e7\u00e3o PSOL\",\"image\":{\"@type\":\"ImageObject\",\"inLanguage\":\"pt-BR\",\"@id\":\"https:\/\/psol50.org.br\/#\/schema\/person\/image\/\",\"url\":\"https:\/\/secure.gravatar.com\/avatar\/b34fc4f4e468a4e51785917065a3db57b841f5c95dba6ad8c73aaf8f66f8f9bf?s=96&d=mm&r=g\",\"contentUrl\":\"https:\/\/secure.gravatar.com\/avatar\/b34fc4f4e468a4e51785917065a3db57b841f5c95dba6ad8c73aaf8f66f8f9bf?s=96&d=mm&r=g\",\"caption\":\"Comunica\u00e7\u00e3o PSOL\"}}]}<\/script>\n<!-- \/ Yoast SEO plugin. -->","yoast_head_json":{"title":"Reflexiones a prop\u00f3sito de la muerte de Osama Bin Laden - PSOL 50","robots":{"index":"index","follow":"follow","max-snippet":"max-snippet:-1","max-image-preview":"max-image-preview:large","max-video-preview":"max-video-preview:-1"},"canonical":"https:\/\/psol50.org.br\/reflexiones-a-proposito-de-la-muerte-de-osama-bin-laden\/","og_locale":"pt_BR","og_type":"article","og_title":"Reflexiones a prop\u00f3sito de la muerte de Osama Bin Laden - PSOL 50","og_description":"*Por Atilio Boron La muerte de Osama Bin Laden plantea innumerables interrogantes. A continuaci\u00f3n, una reflexi\u00f3n sobre algunos de ellos. Un Nobel sin escr\u00fapulos Un signo m\u00e1s de los muchos que ilustran la profunda crisis moral de la \u201ccivilizaci\u00f3n occidental y cristiana\u201d que Estados Unidos dice representar lo ofrece la noticia del asesinato de Osama [&hellip;]","og_url":"https:\/\/psol50.org.br\/reflexiones-a-proposito-de-la-muerte-de-osama-bin-laden\/","og_site_name":"PSOL 50","article_publisher":"https:\/\/www.facebook.com\/psol50","article_published_time":"2011-05-05T00:00:00+00:00","og_image":[{"url":"http:\/\/psol50.org.br\/files\/2011\/05\/osama-bin-laden1.jpg","type":"","width":"","height":""}],"author":"Comunica\u00e7\u00e3o PSOL","twitter_card":"summary_large_image","twitter_creator":"@psol50","twitter_site":"@psol50","twitter_misc":{"Escrito por":"Comunica\u00e7\u00e3o PSOL","Est. tempo de leitura":"8 minutos"},"schema":{"@context":"https:\/\/schema.org","@graph":[{"@type":"Article","@id":"https:\/\/psol50.org.br\/reflexiones-a-proposito-de-la-muerte-de-osama-bin-laden\/#article","isPartOf":{"@id":"https:\/\/psol50.org.br\/reflexiones-a-proposito-de-la-muerte-de-osama-bin-laden\/"},"author":{"name":"Comunica\u00e7\u00e3o PSOL","@id":"https:\/\/psol50.org.br\/#\/schema\/person\/475dfa57d0b815993c714c2e96491fcd"},"headline":"Reflexiones a prop\u00f3sito de la muerte de Osama Bin Laden","datePublished":"2011-05-05T00:00:00+00:00","mainEntityOfPage":{"@id":"https:\/\/psol50.org.br\/reflexiones-a-proposito-de-la-muerte-de-osama-bin-laden\/"},"wordCount":1694,"commentCount":0,"publisher":{"@id":"https:\/\/psol50.org.br\/#organization"},"image":{"@id":"https:\/\/psol50.org.br\/reflexiones-a-proposito-de-la-muerte-de-osama-bin-laden\/#primaryimage"},"thumbnailUrl":"http:\/\/psol50.org.br\/files\/2011\/05\/osama-bin-laden1.jpg","articleSection":["Arquivo"],"inLanguage":"pt-BR","potentialAction":[{"@type":"CommentAction","name":"Comment","target":["https:\/\/psol50.org.br\/reflexiones-a-proposito-de-la-muerte-de-osama-bin-laden\/#respond"]}]},{"@type":"WebPage","@id":"https:\/\/psol50.org.br\/reflexiones-a-proposito-de-la-muerte-de-osama-bin-laden\/","url":"https:\/\/psol50.org.br\/reflexiones-a-proposito-de-la-muerte-de-osama-bin-laden\/","name":"Reflexiones a prop\u00f3sito de la muerte de Osama Bin Laden - PSOL 50","isPartOf":{"@id":"https:\/\/psol50.org.br\/#website"},"primaryImageOfPage":{"@id":"https:\/\/psol50.org.br\/reflexiones-a-proposito-de-la-muerte-de-osama-bin-laden\/#primaryimage"},"image":{"@id":"https:\/\/psol50.org.br\/reflexiones-a-proposito-de-la-muerte-de-osama-bin-laden\/#primaryimage"},"thumbnailUrl":"http:\/\/psol50.org.br\/files\/2011\/05\/osama-bin-laden1.jpg","datePublished":"2011-05-05T00:00:00+00:00","breadcrumb":{"@id":"https:\/\/psol50.org.br\/reflexiones-a-proposito-de-la-muerte-de-osama-bin-laden\/#breadcrumb"},"inLanguage":"pt-BR","potentialAction":[{"@type":"ReadAction","target":["https:\/\/psol50.org.br\/reflexiones-a-proposito-de-la-muerte-de-osama-bin-laden\/"]}]},{"@type":"ImageObject","inLanguage":"pt-BR","@id":"https:\/\/psol50.org.br\/reflexiones-a-proposito-de-la-muerte-de-osama-bin-laden\/#primaryimage","url":"http:\/\/psol50.org.br\/files\/2011\/05\/osama-bin-laden1.jpg","contentUrl":"http:\/\/psol50.org.br\/files\/2011\/05\/osama-bin-laden1.jpg"},{"@type":"BreadcrumbList","@id":"https:\/\/psol50.org.br\/reflexiones-a-proposito-de-la-muerte-de-osama-bin-laden\/#breadcrumb","itemListElement":[{"@type":"ListItem","position":1,"name":"In\u00edcio","item":"https:\/\/psol50.org.br\/"},{"@type":"ListItem","position":2,"name":"Reflexiones a prop\u00f3sito de la muerte de Osama Bin Laden"}]},{"@type":"WebSite","@id":"https:\/\/psol50.org.br\/#website","url":"https:\/\/psol50.org.br\/","name":"PSOL 50","description":"Site oficial do Partido Socialismo e Liberdade","publisher":{"@id":"https:\/\/psol50.org.br\/#organization"},"alternateName":"PSOL50","potentialAction":[{"@type":"SearchAction","target":{"@type":"EntryPoint","urlTemplate":"https:\/\/psol50.org.br\/?s={search_term_string}"},"query-input":{"@type":"PropertyValueSpecification","valueRequired":true,"valueName":"search_term_string"}}],"inLanguage":"pt-BR"},{"@type":"Organization","@id":"https:\/\/psol50.org.br\/#organization","name":"PSOL 50","alternateName":"PSOL 50","url":"https:\/\/psol50.org.br\/","logo":{"@type":"ImageObject","inLanguage":"pt-BR","@id":"https:\/\/psol50.org.br\/#\/schema\/logo\/image\/","url":"https:\/\/psol50.org.br\/inc\/uploads\/2018\/07\/capa.png","contentUrl":"https:\/\/psol50.org.br\/inc\/uploads\/2018\/07\/capa.png","width":1350,"height":900,"caption":"PSOL 50"},"image":{"@id":"https:\/\/psol50.org.br\/#\/schema\/logo\/image\/"},"sameAs":["https:\/\/www.facebook.com\/psol50","https:\/\/x.com\/psol50","https:\/\/www.instagram.com\/psol50\/","https:\/\/www.youtube.com\/channel\/UC7SnJS5o1os7a6CaiNabzcg"]},{"@type":"Person","@id":"https:\/\/psol50.org.br\/#\/schema\/person\/475dfa57d0b815993c714c2e96491fcd","name":"Comunica\u00e7\u00e3o PSOL","image":{"@type":"ImageObject","inLanguage":"pt-BR","@id":"https:\/\/psol50.org.br\/#\/schema\/person\/image\/","url":"https:\/\/secure.gravatar.com\/avatar\/b34fc4f4e468a4e51785917065a3db57b841f5c95dba6ad8c73aaf8f66f8f9bf?s=96&d=mm&r=g","contentUrl":"https:\/\/secure.gravatar.com\/avatar\/b34fc4f4e468a4e51785917065a3db57b841f5c95dba6ad8c73aaf8f66f8f9bf?s=96&d=mm&r=g","caption":"Comunica\u00e7\u00e3o PSOL"}}]}},"_links":{"self":[{"href":"https:\/\/psol50.org.br\/rest\/wp\/v2\/posts\/414","targetHints":{"allow":["GET"]}}],"collection":[{"href":"https:\/\/psol50.org.br\/rest\/wp\/v2\/posts"}],"about":[{"href":"https:\/\/psol50.org.br\/rest\/wp\/v2\/types\/post"}],"author":[{"embeddable":true,"href":"https:\/\/psol50.org.br\/rest\/wp\/v2\/users\/2"}],"replies":[{"embeddable":true,"href":"https:\/\/psol50.org.br\/rest\/wp\/v2\/comments?post=414"}],"version-history":[{"count":0,"href":"https:\/\/psol50.org.br\/rest\/wp\/v2\/posts\/414\/revisions"}],"wp:attachment":[{"href":"https:\/\/psol50.org.br\/rest\/wp\/v2\/media?parent=414"}],"wp:term":[{"taxonomy":"category","embeddable":true,"href":"https:\/\/psol50.org.br\/rest\/wp\/v2\/categories?post=414"},{"taxonomy":"post_tag","embeddable":true,"href":"https:\/\/psol50.org.br\/rest\/wp\/v2\/tags?post=414"}],"curies":[{"name":"wp","href":"https:\/\/api.w.org\/{rel}","templated":true}]}}