{"id":41401,"date":"2025-06-30T19:32:07","date_gmt":"2025-06-30T22:32:07","guid":{"rendered":"https:\/\/psol50.org.br\/?p=41401"},"modified":"2026-02-11T15:30:29","modified_gmt":"2026-02-11T18:30:29","slug":"resolucao-do-psol-unidade-para-derrotar-a-extrema-direita-e-construir-uma-alternativa-politica-a-barbarie","status":"publish","type":"post","link":"https:\/\/psol50.org.br\/resolucao-do-psol-unidade-para-derrotar-a-extrema-direita-e-construir-uma-alternativa-politica-a-barbarie\/","title":{"rendered":"Resolu\u00e7\u00e3o do PSOL: Unidade para derrotar a extrema-direita e construir uma alternativa pol\u00edtica \u00e0 barb\u00e1rie"},"content":{"rendered":"<p>Reunida nesta segunda-feira (30), a Executiva Nacional do PSOL aprovou uma resolu\u00e7\u00e3o sobre a conjuntura pol\u00edtica internacional, com a posi\u00e7\u00e3o do partido sobre diversos temas, como pelo fim do genoc\u00eddio contra o povo palestino e a devida responsabiliza\u00e7\u00e3o de Benjamin Netanyahu, primeiro-ministro de Israel, o combate \u00e0 escalada de viol\u00eancia no Oriente M\u00e9dio e o apoio a alternativas pol\u00edticas de enfrentamento \u00e0 extrema-direita na Am\u00e9rica Latina, na Europa e nos EUA.<\/p>\n<p><strong>Saiba mais: <a href=\"https:\/\/psol50.org.br\/inc\/uploads\/2025\/06\/Proposta-Conj-Intern-Exec-PSOL-junho-25.pdf\" target=\"_blank\" rel=\"noopener\">Leia na \u00edntegra a resolu\u00e7\u00e3o pol\u00edtica de conjuntura internacional aprovada<\/a><\/strong><\/p>\n<p>O documento se foca primeiramente no mais urgente tema da pol\u00edtica internacional no momento: o genoc\u00eddio cometido contra o povo palestino, que teve no conflito de duas semanas entre Israel e Ir\u00e3 seu novo fato mais recente.<\/p>\n<p>&#8220;<span style=\"font-weight: 400;\">O PSOL esteve a todo tempo contra a escalada da guerra no Oriente M\u00e9dio. Estamos ao lado de todas as vozes que buscam transformar o atual cessar-fogo em um acordo de paz duradouro&#8221;, diz trecho da resolu\u00e7\u00e3o.<\/span><\/p>\n<p>Em seguida, o partido aponta a import\u00e2ncia da &#8220;<span style=\"font-weight: 400;\">unidade para barrar, nas elei\u00e7\u00f5es e nas ruas, o crescimento de alternativas de extrema direita&#8221;, assim como da constru\u00e7\u00e3o de alternativas pol\u00edticas socialistas que respondam \u00e0s &#8220;demandas concretas, atuais e hist\u00f3ricas da classe trabalhadora em cada pa\u00eds&#8221;.<\/span><\/p>\n<p>Dentre as novidades apontadas pelo PSOL est\u00e3o a cria\u00e7\u00e3o da <span style=\"font-weight: 400;\">Alian\u00e7a da Esquerda Europeia (ELA), novo partido da esquerda europeia que une diversos partidos que s\u00e3o parceiros de longa data do PSOL, e a vit\u00f3ria do jovem socialista e mu\u00e7ulmano Zohran Mamdani nas pr\u00e9vias do partido Democrata para concorrer \u00e0 Prefeitura de Nova York, nos EUA.<\/span><\/p>\n<p>A massiva mobiliza\u00e7\u00e3o LGBTQIA+ nas ruas da Hungria em resposta \u00e0 persegui\u00e7\u00e3o do governo de extrema-direita de Viktor Orb\u00e1n \u00e0 comunidade, assim como o combate nas ruas da Argentina \u00e0s medidas de austeridade de Javier Milei e \u00e0s pol\u00edticas de lawfare contra a ex-presidenta do pa\u00eds Cristina Kirchner tamb\u00e9m contam com o apoio do PSOL.<\/p>\n<p>O partido tamb\u00e9m acompanha vit\u00f3rias pol\u00edticas da esquerda na Am\u00e9rica Latina, como a aprova\u00e7\u00e3o de uma reforma trabalhista progressista na Col\u00f4mbia governada por Gustavo Petro e diversos avan\u00e7os recentes aprovados no M\u00e9xico governado por Claudia Sheinbaum. Manifesta\u00e7\u00f5es de ambientalistas e povos ind\u00edgenas no Equador e de trabalhadores no Panam\u00e1 tamb\u00e9m s\u00e3o acompanhadas de perto pelos dirigentes do PSOL.<\/p>\n<h5><strong>Leia a resolu\u00e7\u00e3o na \u00edntegra abaixo:<\/strong><\/h5>\n<ol>\n<li style=\"font-weight: 400;\" aria-level=\"1\"><em><span style=\"font-weight: 400;\">O mundo assistiu com horror <\/span>\u00e0 guerra que durou doze dias<span style=\"font-weight: 400;\"> desencadeada pela agress\u00e3o injusta de Israel contra o Ir\u00e3 iniciada no \u00faltimo 13 de junho. A estrat\u00e9gia de domina\u00e7\u00e3o imperialista israelense na regi\u00e3o tem seu ponto mais grave no genoc\u00eddio contra o povo palestino, mas j\u00e1 culminou em ataques ao L\u00edbano, \u00e0 S\u00edria, ao I\u00eamen e \u00e0 fronteira do Egito. Em rela\u00e7\u00e3o ao pr\u00f3prio Ir\u00e3, Israel j\u00e1 havia bombardeado a embaixada do pa\u00eds em Damasco h\u00e1 cerca de um ano. Em 12 dias de confronto, ao menos 638 pessoas morreram e mais de 8 mil ficaram feridas. A justificativa de Benjamin Netanyahu para agredir o Ir\u00e3 e desencadear a guerra foi desonesta, pois a propaganda de um tipo de guerra \u201cpreventiva\u201d para evitar o avan\u00e7o do programa nuclear do pa\u00eds n\u00e3o encontra fundamento em provas. Ali\u00e1s, Israel \u00e9 o \u00fanico pa\u00eds do Oriente M\u00e9dio que n\u00e3o assinou o Tratado de N\u00e3o Prolifera\u00e7\u00e3o de Armas Nucleares (TNP).<\/span><\/em><\/li>\n<li style=\"font-weight: 400;\" aria-level=\"1\"><em>Donald Trump tem responsabilidade ativa pelas mortes ocorridas nos doze dias. Al\u00e9m dos Estados Unidos ter fornecido armas e apoio diplom\u00e1tico \u00e0 Israel desde o in\u00edcio do genoc\u00eddio do povo palestino e das primeiras declara\u00e7\u00f5es a favor da \u201crendi\u00e7\u00e3o total do Ir\u00e3\u201d, no dia 21 de junho o pa\u00eds jogou suas bombas diretamente neste pa\u00eds. Mais do que isso: os Estados Unidos lan\u00e7aram m\u00e3o da maior bomba n\u00e3o nuclear j\u00e1 conhecida pelo mundo, de sua propriedade exclusiva. Para piorar, isto ocorreu depois que o governo iraniano j\u00e1 tinha buscado ajuda internacional para um poss\u00edvel cessar-fogo.<\/em><\/li>\n<li style=\"font-weight: 400;\" aria-level=\"1\"><em>Ap\u00f3s doze dias de confronto, um cessar-fogo finalmente entrou em vigor. Publicamente, cada um dos tr\u00eas pa\u00edses envolvidos reivindica para si o balan\u00e7o da vit\u00f3ria. O Ir\u00e3 mostrou capacidade de resist\u00eancia ao objetivo declarado de Israel da derrubada de seu governo. Tamb\u00e9m mostrou que o \u201cdomo de ferro\u201d de Israel n\u00e3o \u00e9 infal\u00edvel. J\u00e1 Israel n\u00e3o obteve seus objetivos estrat\u00e9gicos, mas Netanyahu mostrou mais uma vez seu interesse e capacidade de ampliar a guerra por diferentes meios e frentes. Tamb\u00e9m fez isso em um momento onde crescia a press\u00e3o internacional contra o genoc\u00eddio cometido contra o povo palestino que, ali\u00e1s, seguiu ininterrupto durante os doze dias de guerra contra o Ir\u00e3. Donald Trump j\u00e1 est\u00e1 fazendo propaganda do seu papel no confronto em favor do aumento da sua popularidade no pa\u00eds. O PSOL esteve a todo tempo contra a escalada da guerra no Oriente M\u00e9dio. Estamos ao lado de todas as vozes que buscam transformar o atual cessar-fogo em um acordo de paz duradouro.<\/em><\/li>\n<li style=\"font-weight: 400;\" aria-level=\"1\"><em>A quest\u00e3o palestina est\u00e1 situada em meio a essas din\u00e2micas geopol\u00edticas de disputa de poder na regi\u00e3o. S\u00e3o 80 anos de coloniza\u00e7\u00e3o do territ\u00f3rio palestino, mas desde outubro de 2023, o que assistimos \u00e9 a um dos maiores crimes cometidos contra a humanidade da hist\u00f3ria contempor\u00e2nea. Um genoc\u00eddio televisionado. Est\u00e1 em debate portanto a solidariedade ao povo palestino como uma quest\u00e3o humanit\u00e1ria e civilizat\u00f3ria. Mas al\u00e9m disso, est\u00e1 em quest\u00e3o a necessidade de defesa da soberania e da autodetermina\u00e7\u00e3o de povos ainda colonizados, como \u00e9 o caso palestino, ou que adquiriram sua independ\u00eancia nas \u00faltimas d\u00e9cadas. A defesa da autodetermina\u00e7\u00e3o dos povos da periferia do capitalismo diante do imperialismo \u00e9 uma quest\u00e3o program\u00e1tica para o PSOL.<\/em><\/li>\n<li style=\"font-weight: 400;\" aria-level=\"1\"><em>Lamentavelmente, Netanyahu desfruta de impunidade porque as principais pot\u00eancias do mundo t\u00eam fechado os olhos ou n\u00e3o t\u00eam tomado iniciativas contundentes para impor um freio \u00e0 agress\u00e3o \u00e0 soberania dos pa\u00edses do Oriente M\u00e9dio, para as sucessivas viola\u00e7\u00f5es do direito internacional e os repetidos crimes contra a humanidade cometidos por Israel. Por essa raz\u00e3o, \u00e9 t\u00e3o urgente cobrar de governos para que rompam rela\u00e7\u00f5es comerciais e diplom\u00e1ticas com Israel. O Itamaraty e o governo Lula j\u00e1 condenaram o genoc\u00eddio do povo palestino, mas \u00e9 muito importante ir al\u00e9m e romper acordos comerciais e rela\u00e7\u00f5es diplom\u00e1ticas com esse pa\u00eds. O PSOL tem participado de mobiliza\u00e7\u00f5es a favor dessa agenda, pois \u00e9 necess\u00e1rio isolar e deter Israel a n\u00edvel internacional, lutar para colocar Netanyahu no banco dos r\u00e9us. As decis\u00f5es do Tribunal Internacional de Justi\u00e7a e do Tribunal Penal precisam ser cumpridas para acabar com o genoc\u00eddio, a guerra e a impunidade.<\/em><\/li>\n<li style=\"font-weight: 400;\" aria-level=\"1\"><em>Ainda, sabemos que o mundo \u00e9 hoje mais perigoso porque figuras da extrema direita, como Trump e Netanyahu, cresceram em todos os continentes. \u00c9 um contexto de crise do pr\u00f3prio capitalismo, do modelo de governan\u00e7a e do sistema de Estados constru\u00eddo ap\u00f3s a segunda guerra mundial. Vemos com enorme preocupa\u00e7\u00e3o o crescimento do investimento em armamento na Europa, do discurso em torno da autonomia estrat\u00e9gica e a constru\u00e7\u00e3o do que j\u00e1 tem se chamado de \u201cnovas economias de guerra\u201d na regi\u00e3o. No mesmo sentido, o papel da OTAN tem sido de ampliar as provoca\u00e7\u00f5es e as tens\u00f5es geopol\u00edticas. Por essa raz\u00e3o, tamb\u00e9m \u00e9 uma quest\u00e3o program\u00e1tica para o PSOL defender o fim da OTAN em um contexto de amplia\u00e7\u00e3o das agress\u00f5es imperialistas e ofensivas neocoloniais.<\/em><\/li>\n<li style=\"font-weight: 400;\" aria-level=\"1\"><em>Por essa raz\u00e3o, a disputa de um projeto da esquerda socialista est\u00e1 conectado com duas tarefas fundamentais. A primeira \u00e9 a constru\u00e7\u00e3o da unidade para barrar, nas elei\u00e7\u00f5es e nas ruas, o crescimento de alternativas de extrema direita. A segunda \u00e9 a constru\u00e7\u00e3o de alternativa pol\u00edtica \u00e0 barb\u00e1rie, de disputa de um projeto socialista \u00e0 altura de responder \u00e0s demandas concretas, atuais e hist\u00f3ricas da classe trabalhadora em cada pa\u00eds.<\/em><\/li>\n<li style=\"font-weight: 400;\" aria-level=\"1\"><em>Por isso, valorizamos a cria\u00e7\u00e3o do novo partido da esquerda europeia e a vit\u00f3ria de Zohran Mamdani nas pr\u00e9vias do partido democrata para a disputa da prefeitura em Nova York. <span style=\"font-family: Verdana, BlinkMacSystemFont, -apple-system, 'Segoe UI', Roboto, Oxygen, Ubuntu, Cantarell, 'Open Sans', 'Helvetica Neue', sans-serif;\">A Alian\u00e7a da Esquerda Europeia (ELA) \u00e9 formada pela Fran\u00e7a Insubmissa, Podemos da Espanha, Bloco de Esquerda de Portugal, entre outros partidos da regi\u00e3o. O lan\u00e7amento da ELA acompanha a apresenta\u00e7\u00e3o de um programa para enfrentar o crescimento da extrema direita, defender a paz contra as propostas de rearmamento dos pa\u00edses da Uni\u00e3o Europeia e busca recolocar no centro da pol\u00edtica demandas da esquerda como a taxa\u00e7\u00e3o das grandes fortunas. J\u00e1 em Nova York, h\u00e1 outro sopro de esperan\u00e7a com Zohan, um jovem socialista de 33 anos, nascido em Uganda e de ascend\u00eancia indiana, que venceu as pr\u00e9vias apresentando a necessidade de transporte p\u00fablico gratuito, creches municipais, congelamento do aluguel social e taxa\u00e7\u00e3o dos bilion\u00e1rios. <\/span>O resultado positivo das pr\u00e9vias em Nova York pode ser explicado tamb\u00e9m pela import\u00e2ncia das mobiliza\u00e7\u00f5es antifascistas e anti oligarquia lideradas por Bernie Sanders e Ocasio Cortez e pelos corajosos protestos realizados no m\u00eas de junho de 2025 em Los Angeles contra a pol\u00edtica do governo Trump contra os imigrantes.<\/em><\/li>\n<li style=\"font-weight: 400;\" aria-level=\"1\"><em>Tamb\u00e9m valorizamos a mobiliza\u00e7\u00e3o das LGBT+ que tomou as ruas de Budapeste no \u00faltimo final de semana, desafiando a proibi\u00e7\u00e3o do governo de extrema direita de Orb\u00e1n \u00e0 realiza\u00e7\u00e3o da parada do orgulho na Hungria. A coragem dos mais de cem mil que foram \u00e0s ruas para celebrar Stonewall \u00e9 um exemplo da import\u00e2ncia das mobiliza\u00e7\u00f5es sociais para enfrentar a extrema direita.<\/em><\/li>\n<li style=\"font-weight: 400;\" aria-level=\"1\"><em>Na Am\u00e9rica Latina, olhamos com preocupa\u00e7\u00e3o para o que vem se passando na Argentina. Javier Milei segue na ofensiva com a aplica\u00e7\u00e3o de medidas antipopulares. A pol\u00edtica da motosserra e o discurso em torno da \u201cLiberdade avan\u00e7a\u201d tem resultado em forte pol\u00edtica de austeridade e privatiza\u00e7\u00e3o. A sucessiva aplica\u00e7\u00e3o de ajuste fiscal nos investimentos de sa\u00fade e educa\u00e7\u00e3o, o fim de mais de 50 mil empregos p\u00fablicos e o recente veto \u00e0 possibilidade de ajuda do Estado na reconstru\u00e7\u00e3o de Bahia Blanca, cidade argentina devastada por inunda\u00e7\u00f5es, vem junto com um discurso de \u201ccruzada contra um culto ao estatismo\u201d.<\/em><\/li>\n<li style=\"font-weight: 400;\" aria-level=\"1\"><em>Os elogios do FMI e da imprensa liberal \u00e0 diminui\u00e7\u00e3o da infla\u00e7\u00e3o no pa\u00eds n\u00e3o refletem a realidade. A economia argentina est\u00e1 na UTI, em din\u00e2mica recessiva e com \u00edndices de pobreza elevados. No primeiro trimestre de 2025, o desemprego voltou a subir para 7,9% e h\u00e1 n\u00edtida redu\u00e7\u00e3o do poder de compra da popula\u00e7\u00e3o argentina, especialmente entre funcion\u00e1rios p\u00fablicos e aposentados. Frente ao an\u00fancio recente de que novos cortes nos investimentos p\u00fablicos est\u00e3o sendo planejados, protestos de servidores da sa\u00fade e em defesa da educa\u00e7\u00e3o ocorreram nesta semana. Assim, o PSOL declara seu apoio \u00e0s mobiliza\u00e7\u00f5es populares na Argentina contra Javier Milei e o ajuste fiscal.<\/em><\/li>\n<li style=\"font-weight: 400;\" aria-level=\"1\"><em>Para agravar o quadro no pa\u00eds, a Corte argentina confirmou uma pena de seis anos e a inabilita\u00e7\u00e3o para o exerc\u00edcio de cargos p\u00fablicos de Cristina Fern\u00e1ndez Kirchner. Uma decis\u00e3o sum\u00e1ria que interfere em pr\u00f3ximos processos eleitorais. N\u00e3o \u00e9 uma novidade o uso do judici\u00e1rio como arma de persegui\u00e7\u00e3o pol\u00edtica. Essa \u00e9 uma das marcas de um tipo de autoritarismo que n\u00f3s j\u00e1 vimos ser aplicado no contexto da Lava Jato e do golpe contra Dilma Rousseff no Brasil. Longe de representar um sinal republicano de combate \u00e0 corrup\u00e7\u00e3o, o que vemos no caso contra Cristina Kirchner \u00e9 parcialidade, seletividade e conex\u00e3o entre setores judiciais e empresariais. Esse caso de lawfare<span style=\"font-family: Verdana, BlinkMacSystemFont, -apple-system, 'Segoe UI', Roboto, Oxygen, Ubuntu, Cantarell, 'Open Sans', 'Helvetica Neue', sans-serif;\"> contra Kirchner se situa em uma mesma estrat\u00e9gia discursiva da extrema direita supostamente \u201canti-corrup\u00e7\u00e3o\u201d mas que n\u00e3o tem nada a ver com \u00e9tica institucional e sim com a estigmatiza\u00e7\u00e3o de advers\u00e1rios pol\u00edticos, defesa de um modelo autorit\u00e1rio de regime e combate ao Estado. Por essa raz\u00e3o, a ampla maioria da esquerda argentina, n\u00e3o s\u00f3 a peronista, condenou a decis\u00e3o da Corte e saiu \u00e0s ruas para denunciar o caso.<\/span> <span style=\"font-family: Verdana, BlinkMacSystemFont, -apple-system, 'Segoe UI', Roboto, Oxygen, Ubuntu, Cantarell, 'Open Sans', 'Helvetica Neue', sans-serif;\">Nesse sentido, o PSOL se posiciona categoricamente contr\u00e1rio a essa medida <\/span>de Lawfare<span style=\"font-family: Verdana, BlinkMacSystemFont, -apple-system, 'Segoe UI', Roboto, Oxygen, Ubuntu, Cantarell, 'Open Sans', 'Helvetica Neue', sans-serif;\"> contra Cristina Kirchner.<\/span><\/em><\/li>\n<li style=\"font-weight: 400;\" aria-level=\"1\"><em>Em sentido oposto, na Col\u00f4mbia o governo Gustavo Petro acaba de obter uma vit\u00f3ria significativa que beneficia os trabalhadores do pa\u00eds. A reforma trabalhista foi um dos projetos de reforma estrutural apresentados pelo governo desde o in\u00edcio do mandato h\u00e1 dois anos e acabou de ser aprovada no Senado com 57 votos a favor e 37 votos contr\u00e1rios. O projeto conta com medidas que garantem mais estabilidade no trabalho, d\u00e3o prioridade a contratos permanentes, reduzem a jornada, ampliam o valor das horas extras, ampliam a seguran\u00e7a social de informais, entre outros. Mas essa vit\u00f3ria s\u00f3 pode ser explicada porque Petro n\u00e3o cedeu \u00e0s chantagens e barreiras impostas pelo Congresso Nacional e recorreu \u00e0 mobiliza\u00e7\u00e3o popular para furar o bloqueio. Foi depois que o governo convocou milhares \u00e0s ruas e disse que assinaria um decreto para convocar uma consulta popular para que o povo decidisse sobre o tema que o Congresso recuou e aprovou o texto.<\/em><\/li>\n<li style=\"font-weight: 400;\" aria-level=\"1\"><em>Na Am\u00e9rica Latina, ainda, \u00e9 importante visibilizar os protestos massivos no Panam\u00e1 que, desde maio, cobram a revoga\u00e7\u00e3o de uma reforma do sistema previdenci\u00e1rio defendida pela presid\u00eancia do pa\u00eds. Lamentavelmente, houve uma escalada repressiva contra os protestos e os ativistas, tendo como saldo um civil morto, 300 detidos, dezenas de feridos, den\u00fancias de desaparecimentos for\u00e7ados e cerceamento \u00e0 liberdade de imprensa. Assim, o PSOL reafirma a sua solidariedade com o povo panamenho.<\/em><\/li>\n<li style=\"font-weight: 400;\" aria-level=\"1\"><em>No Equador, depois de um processo eleitoral em abril deste ano manchado por abusos e da questionada legitimidade da recondu\u00e7\u00e3o de Daniel Noboa \u00e0 presid\u00eancia, ambientalistas e povos ind\u00edgenas est\u00e3o contra o an\u00fancio da reabertura e amplia\u00e7\u00e3o das concess\u00f5es \u00e0 minera\u00e7\u00e3o no pa\u00eds, que certamente vai impor novos riscos \u00e0 sua biodiversidade. O novo an\u00fancio do Equador se soma a um quadro que refor\u00e7a a preocupa\u00e7\u00e3o e a necessidade da luta ambiental em nossa regi\u00e3o. O despreparo da capital peruana em lidar com abalos s\u00edsmicos, como se viu no recente terremoto que levou uma pessoa \u00e0 morte, e a recorr\u00eancia das enchentes que afetam novamente cidades do Rio Grande do Sul no Brasil e na Argentina s\u00e3o provas disso. O PSOL participar\u00e1 da COP 30 e c\u00fapula dos povos com o objetivo de defender as medidas necess\u00e1rias e urgentes para defender a justi\u00e7a clim\u00e1tica e a transi\u00e7\u00e3o energ\u00e9tica, a natureza e os povos tradicionais e origin\u00e1rios.<\/em><\/li>\n<li style=\"font-weight: 400;\" aria-level=\"1\"><em>No M\u00e9xico, Cl\u00e1udia Scheinbaum vem dando continuidade \u00e0 chamada Quarta transforma\u00e7\u00e3o mexicana, iniciada pelo seu antecessor L\u00f3pez Obrador, ambos pelo partido Morena. A proposta de encerrar o per\u00edodo neoliberal no M\u00e9xico tem se mostrado eficaz no desmantelamento da oposi\u00e7\u00e3o de direita protagonizada pelos partidos tradicionais PRI e PAN. Apesar dos limites do Morena, o governo, que tem maioria no parlamento do pa\u00eds, conseguiu aprovar medidas ousadas e avan\u00e7adas tal como a proibi\u00e7\u00e3o do cultivo de milho transg\u00eanico no pa\u00eds e a reforma judicial que levou os mexicanos a escolherem membros do Poder Judici\u00e1rio pelas urnas pela primeira vez. As mobiliza\u00e7\u00f5es dos professores, que ocuparam diversas pra\u00e7as nas principais cidades do pa\u00eds contra a retirada dos direitos de pens\u00f5es, e contra a constru\u00e7\u00e3o de megaempreendimentos como o Trem Maya mostram como \u00e9 poss\u00edvel aliar mobiliza\u00e7\u00f5es populares apontando os limites do governo e ao mesmo tempo apoi\u00e1-lo em seus avan\u00e7os.<\/em><\/li>\n<\/ol>\n","protected":false},"excerpt":{"rendered":"<p>Reunida nesta segunda-feira (30), a Executiva Nacional do PSOL aprovou uma resolu\u00e7\u00e3o sobre a conjuntura pol\u00edtica internacional, com a posi\u00e7\u00e3o do partido sobre diversos temas, como pelo fim do genoc\u00eddio contra o povo palestino e a devida responsabiliza\u00e7\u00e3o de Benjamin Netanyahu, primeiro-ministro de Israel, o combate \u00e0 escalada de viol\u00eancia no Oriente M\u00e9dio e o [&hellip;]<\/p>\n","protected":false},"author":2,"featured_media":41404,"comment_status":"closed","ping_status":"open","sticky":false,"template":"","format":"standard","meta":{"_acf_changed":false,"footnotes":""},"categories":[14,72],"tags":[4825],"class_list":{"0":"post-41401","1":"post","2":"type-post","3":"status-publish","4":"format-standard","5":"has-post-thumbnail","7":"category-partido","8":"category-resolucoes","9":"tag-noticias"},"acf":[],"yoast_head":"<!-- This site is optimized with the Yoast SEO plugin v26.5 - https:\/\/yoast.com\/wordpress\/plugins\/seo\/ -->\n<title>Resolu\u00e7\u00e3o do PSOL: Unidade para derrotar a extrema-direita e construir uma alternativa pol\u00edtica \u00e0 barb\u00e1rie<\/title>\n<meta name=\"description\" content=\"Conjuntura pol\u00edtica internacional mostra desafios cada vez maiores no combate \u00e0 extrema-direita, mas com a constru\u00e7\u00e3o de alternativas pol\u00edticas em cada vez mais pa\u00edses.\" \/>\n<meta name=\"robots\" content=\"index, follow, max-snippet:-1, max-image-preview:large, max-video-preview:-1\" \/>\n<link rel=\"canonical\" href=\"https:\/\/psol50.org.br\/resolucao-do-psol-unidade-para-derrotar-a-extrema-direita-e-construir-uma-alternativa-politica-a-barbarie\/\" \/>\n<meta property=\"og:locale\" content=\"pt_BR\" \/>\n<meta property=\"og:type\" content=\"article\" \/>\n<meta property=\"og:title\" content=\"Resolu\u00e7\u00e3o do PSOL: Unidade para derrotar a extrema-direita e construir uma alternativa pol\u00edtica \u00e0 barb\u00e1rie\" \/>\n<meta property=\"og:description\" content=\"Conjuntura pol\u00edtica internacional mostra desafios cada vez maiores no combate \u00e0 extrema-direita, mas com a constru\u00e7\u00e3o de alternativas pol\u00edticas em cada vez mais pa\u00edses.\" \/>\n<meta property=\"og:url\" content=\"https:\/\/psol50.org.br\/resolucao-do-psol-unidade-para-derrotar-a-extrema-direita-e-construir-uma-alternativa-politica-a-barbarie\/\" \/>\n<meta property=\"og:site_name\" content=\"PSOL 50\" \/>\n<meta property=\"article:publisher\" content=\"https:\/\/www.facebook.com\/psol50\" \/>\n<meta property=\"article:published_time\" content=\"2025-06-30T22:32:07+00:00\" \/>\n<meta property=\"article:modified_time\" content=\"2026-02-11T18:30:29+00:00\" \/>\n<meta property=\"og:image\" content=\"https:\/\/psol50.org.br\/inc\/uploads\/2025\/06\/palestinos_paulista_02-scaled.jpg\" \/>\n\t<meta property=\"og:image:width\" content=\"2560\" \/>\n\t<meta property=\"og:image:height\" content=\"1707\" \/>\n\t<meta property=\"og:image:type\" content=\"image\/jpeg\" \/>\n<meta name=\"author\" content=\"Comunica\u00e7\u00e3o PSOL\" \/>\n<meta name=\"twitter:card\" content=\"summary_large_image\" \/>\n<meta name=\"twitter:creator\" content=\"@psol50\" \/>\n<meta name=\"twitter:site\" content=\"@psol50\" \/>\n<meta name=\"twitter:label1\" content=\"Escrito por\" \/>\n\t<meta name=\"twitter:data1\" content=\"Comunica\u00e7\u00e3o PSOL\" \/>\n\t<meta name=\"twitter:label2\" content=\"Est. tempo de leitura\" \/>\n\t<meta name=\"twitter:data2\" content=\"13 minutos\" \/>\n<script type=\"application\/ld+json\" class=\"yoast-schema-graph\">{\"@context\":\"https:\/\/schema.org\",\"@graph\":[{\"@type\":\"Article\",\"@id\":\"https:\/\/psol50.org.br\/resolucao-do-psol-unidade-para-derrotar-a-extrema-direita-e-construir-uma-alternativa-politica-a-barbarie\/#article\",\"isPartOf\":{\"@id\":\"https:\/\/psol50.org.br\/resolucao-do-psol-unidade-para-derrotar-a-extrema-direita-e-construir-uma-alternativa-politica-a-barbarie\/\"},\"author\":{\"name\":\"Comunica\u00e7\u00e3o PSOL\",\"@id\":\"https:\/\/psol50.org.br\/#\/schema\/person\/475dfa57d0b815993c714c2e96491fcd\"},\"headline\":\"Resolu\u00e7\u00e3o do PSOL: Unidade para derrotar a extrema-direita e construir uma alternativa pol\u00edtica \u00e0 barb\u00e1rie\",\"datePublished\":\"2025-06-30T22:32:07+00:00\",\"dateModified\":\"2026-02-11T18:30:29+00:00\",\"mainEntityOfPage\":{\"@id\":\"https:\/\/psol50.org.br\/resolucao-do-psol-unidade-para-derrotar-a-extrema-direita-e-construir-uma-alternativa-politica-a-barbarie\/\"},\"wordCount\":2714,\"publisher\":{\"@id\":\"https:\/\/psol50.org.br\/#organization\"},\"image\":{\"@id\":\"https:\/\/psol50.org.br\/resolucao-do-psol-unidade-para-derrotar-a-extrema-direita-e-construir-uma-alternativa-politica-a-barbarie\/#primaryimage\"},\"thumbnailUrl\":\"https:\/\/psol50.org.br\/inc\/uploads\/2025\/06\/palestinos_paulista_02-scaled.jpg\",\"keywords\":[\"Not\u00edcias\"],\"articleSection\":[\"Partido\",\"Resolu\u00e7\u00f5es\"],\"inLanguage\":\"pt-BR\"},{\"@type\":\"WebPage\",\"@id\":\"https:\/\/psol50.org.br\/resolucao-do-psol-unidade-para-derrotar-a-extrema-direita-e-construir-uma-alternativa-politica-a-barbarie\/\",\"url\":\"https:\/\/psol50.org.br\/resolucao-do-psol-unidade-para-derrotar-a-extrema-direita-e-construir-uma-alternativa-politica-a-barbarie\/\",\"name\":\"Resolu\u00e7\u00e3o do PSOL: Unidade para derrotar a extrema-direita e construir uma alternativa pol\u00edtica \u00e0 barb\u00e1rie\",\"isPartOf\":{\"@id\":\"https:\/\/psol50.org.br\/#website\"},\"primaryImageOfPage\":{\"@id\":\"https:\/\/psol50.org.br\/resolucao-do-psol-unidade-para-derrotar-a-extrema-direita-e-construir-uma-alternativa-politica-a-barbarie\/#primaryimage\"},\"image\":{\"@id\":\"https:\/\/psol50.org.br\/resolucao-do-psol-unidade-para-derrotar-a-extrema-direita-e-construir-uma-alternativa-politica-a-barbarie\/#primaryimage\"},\"thumbnailUrl\":\"https:\/\/psol50.org.br\/inc\/uploads\/2025\/06\/palestinos_paulista_02-scaled.jpg\",\"datePublished\":\"2025-06-30T22:32:07+00:00\",\"dateModified\":\"2026-02-11T18:30:29+00:00\",\"description\":\"Conjuntura pol\u00edtica internacional mostra desafios cada vez maiores no combate \u00e0 extrema-direita, mas com a constru\u00e7\u00e3o de alternativas pol\u00edticas em cada vez mais pa\u00edses.\",\"breadcrumb\":{\"@id\":\"https:\/\/psol50.org.br\/resolucao-do-psol-unidade-para-derrotar-a-extrema-direita-e-construir-uma-alternativa-politica-a-barbarie\/#breadcrumb\"},\"inLanguage\":\"pt-BR\",\"potentialAction\":[{\"@type\":\"ReadAction\",\"target\":[\"https:\/\/psol50.org.br\/resolucao-do-psol-unidade-para-derrotar-a-extrema-direita-e-construir-uma-alternativa-politica-a-barbarie\/\"]}]},{\"@type\":\"ImageObject\",\"inLanguage\":\"pt-BR\",\"@id\":\"https:\/\/psol50.org.br\/resolucao-do-psol-unidade-para-derrotar-a-extrema-direita-e-construir-uma-alternativa-politica-a-barbarie\/#primaryimage\",\"url\":\"https:\/\/psol50.org.br\/inc\/uploads\/2025\/06\/palestinos_paulista_02-scaled.jpg\",\"contentUrl\":\"https:\/\/psol50.org.br\/inc\/uploads\/2025\/06\/palestinos_paulista_02-scaled.jpg\",\"width\":2560,\"height\":1707,\"caption\":\"Foto: Paulo Pinto\/Ag\u00eancia Brasil\"},{\"@type\":\"BreadcrumbList\",\"@id\":\"https:\/\/psol50.org.br\/resolucao-do-psol-unidade-para-derrotar-a-extrema-direita-e-construir-uma-alternativa-politica-a-barbarie\/#breadcrumb\",\"itemListElement\":[{\"@type\":\"ListItem\",\"position\":1,\"name\":\"In\u00edcio\",\"item\":\"https:\/\/psol50.org.br\/\"},{\"@type\":\"ListItem\",\"position\":2,\"name\":\"Resolu\u00e7\u00e3o do PSOL: Unidade para derrotar a extrema-direita e construir uma alternativa pol\u00edtica \u00e0 barb\u00e1rie\"}]},{\"@type\":\"WebSite\",\"@id\":\"https:\/\/psol50.org.br\/#website\",\"url\":\"https:\/\/psol50.org.br\/\",\"name\":\"PSOL 50\",\"description\":\"Site oficial do Partido Socialismo e Liberdade\",\"publisher\":{\"@id\":\"https:\/\/psol50.org.br\/#organization\"},\"alternateName\":\"PSOL50\",\"potentialAction\":[{\"@type\":\"SearchAction\",\"target\":{\"@type\":\"EntryPoint\",\"urlTemplate\":\"https:\/\/psol50.org.br\/?s={search_term_string}\"},\"query-input\":{\"@type\":\"PropertyValueSpecification\",\"valueRequired\":true,\"valueName\":\"search_term_string\"}}],\"inLanguage\":\"pt-BR\"},{\"@type\":\"Organization\",\"@id\":\"https:\/\/psol50.org.br\/#organization\",\"name\":\"PSOL 50\",\"alternateName\":\"PSOL 50\",\"url\":\"https:\/\/psol50.org.br\/\",\"logo\":{\"@type\":\"ImageObject\",\"inLanguage\":\"pt-BR\",\"@id\":\"https:\/\/psol50.org.br\/#\/schema\/logo\/image\/\",\"url\":\"https:\/\/psol50.org.br\/inc\/uploads\/2018\/07\/capa.png\",\"contentUrl\":\"https:\/\/psol50.org.br\/inc\/uploads\/2018\/07\/capa.png\",\"width\":1350,\"height\":900,\"caption\":\"PSOL 50\"},\"image\":{\"@id\":\"https:\/\/psol50.org.br\/#\/schema\/logo\/image\/\"},\"sameAs\":[\"https:\/\/www.facebook.com\/psol50\",\"https:\/\/x.com\/psol50\",\"https:\/\/www.instagram.com\/psol50\/\",\"https:\/\/www.youtube.com\/channel\/UC7SnJS5o1os7a6CaiNabzcg\"]},{\"@type\":\"Person\",\"@id\":\"https:\/\/psol50.org.br\/#\/schema\/person\/475dfa57d0b815993c714c2e96491fcd\",\"name\":\"Comunica\u00e7\u00e3o PSOL\",\"image\":{\"@type\":\"ImageObject\",\"inLanguage\":\"pt-BR\",\"@id\":\"https:\/\/psol50.org.br\/#\/schema\/person\/image\/\",\"url\":\"https:\/\/secure.gravatar.com\/avatar\/b34fc4f4e468a4e51785917065a3db57b841f5c95dba6ad8c73aaf8f66f8f9bf?s=96&d=mm&r=g\",\"contentUrl\":\"https:\/\/secure.gravatar.com\/avatar\/b34fc4f4e468a4e51785917065a3db57b841f5c95dba6ad8c73aaf8f66f8f9bf?s=96&d=mm&r=g\",\"caption\":\"Comunica\u00e7\u00e3o PSOL\"}}]}<\/script>\n<!-- \/ Yoast SEO plugin. -->","yoast_head_json":{"title":"Resolu\u00e7\u00e3o do PSOL: Unidade para derrotar a extrema-direita e construir uma alternativa pol\u00edtica \u00e0 barb\u00e1rie","description":"Conjuntura pol\u00edtica internacional mostra desafios cada vez maiores no combate \u00e0 extrema-direita, mas com a constru\u00e7\u00e3o de alternativas pol\u00edticas em cada vez mais pa\u00edses.","robots":{"index":"index","follow":"follow","max-snippet":"max-snippet:-1","max-image-preview":"max-image-preview:large","max-video-preview":"max-video-preview:-1"},"canonical":"https:\/\/psol50.org.br\/resolucao-do-psol-unidade-para-derrotar-a-extrema-direita-e-construir-uma-alternativa-politica-a-barbarie\/","og_locale":"pt_BR","og_type":"article","og_title":"Resolu\u00e7\u00e3o do PSOL: Unidade para derrotar a extrema-direita e construir uma alternativa pol\u00edtica \u00e0 barb\u00e1rie","og_description":"Conjuntura pol\u00edtica internacional mostra desafios cada vez maiores no combate \u00e0 extrema-direita, mas com a constru\u00e7\u00e3o de alternativas pol\u00edticas em cada vez mais pa\u00edses.","og_url":"https:\/\/psol50.org.br\/resolucao-do-psol-unidade-para-derrotar-a-extrema-direita-e-construir-uma-alternativa-politica-a-barbarie\/","og_site_name":"PSOL 50","article_publisher":"https:\/\/www.facebook.com\/psol50","article_published_time":"2025-06-30T22:32:07+00:00","article_modified_time":"2026-02-11T18:30:29+00:00","og_image":[{"width":2560,"height":1707,"url":"https:\/\/psol50.org.br\/inc\/uploads\/2025\/06\/palestinos_paulista_02-scaled.jpg","type":"image\/jpeg"}],"author":"Comunica\u00e7\u00e3o PSOL","twitter_card":"summary_large_image","twitter_creator":"@psol50","twitter_site":"@psol50","twitter_misc":{"Escrito por":"Comunica\u00e7\u00e3o PSOL","Est. tempo de leitura":"13 minutos"},"schema":{"@context":"https:\/\/schema.org","@graph":[{"@type":"Article","@id":"https:\/\/psol50.org.br\/resolucao-do-psol-unidade-para-derrotar-a-extrema-direita-e-construir-uma-alternativa-politica-a-barbarie\/#article","isPartOf":{"@id":"https:\/\/psol50.org.br\/resolucao-do-psol-unidade-para-derrotar-a-extrema-direita-e-construir-uma-alternativa-politica-a-barbarie\/"},"author":{"name":"Comunica\u00e7\u00e3o PSOL","@id":"https:\/\/psol50.org.br\/#\/schema\/person\/475dfa57d0b815993c714c2e96491fcd"},"headline":"Resolu\u00e7\u00e3o do PSOL: Unidade para derrotar a extrema-direita e construir uma alternativa pol\u00edtica \u00e0 barb\u00e1rie","datePublished":"2025-06-30T22:32:07+00:00","dateModified":"2026-02-11T18:30:29+00:00","mainEntityOfPage":{"@id":"https:\/\/psol50.org.br\/resolucao-do-psol-unidade-para-derrotar-a-extrema-direita-e-construir-uma-alternativa-politica-a-barbarie\/"},"wordCount":2714,"publisher":{"@id":"https:\/\/psol50.org.br\/#organization"},"image":{"@id":"https:\/\/psol50.org.br\/resolucao-do-psol-unidade-para-derrotar-a-extrema-direita-e-construir-uma-alternativa-politica-a-barbarie\/#primaryimage"},"thumbnailUrl":"https:\/\/psol50.org.br\/inc\/uploads\/2025\/06\/palestinos_paulista_02-scaled.jpg","keywords":["Not\u00edcias"],"articleSection":["Partido","Resolu\u00e7\u00f5es"],"inLanguage":"pt-BR"},{"@type":"WebPage","@id":"https:\/\/psol50.org.br\/resolucao-do-psol-unidade-para-derrotar-a-extrema-direita-e-construir-uma-alternativa-politica-a-barbarie\/","url":"https:\/\/psol50.org.br\/resolucao-do-psol-unidade-para-derrotar-a-extrema-direita-e-construir-uma-alternativa-politica-a-barbarie\/","name":"Resolu\u00e7\u00e3o do PSOL: Unidade para derrotar a extrema-direita e construir uma alternativa pol\u00edtica \u00e0 barb\u00e1rie","isPartOf":{"@id":"https:\/\/psol50.org.br\/#website"},"primaryImageOfPage":{"@id":"https:\/\/psol50.org.br\/resolucao-do-psol-unidade-para-derrotar-a-extrema-direita-e-construir-uma-alternativa-politica-a-barbarie\/#primaryimage"},"image":{"@id":"https:\/\/psol50.org.br\/resolucao-do-psol-unidade-para-derrotar-a-extrema-direita-e-construir-uma-alternativa-politica-a-barbarie\/#primaryimage"},"thumbnailUrl":"https:\/\/psol50.org.br\/inc\/uploads\/2025\/06\/palestinos_paulista_02-scaled.jpg","datePublished":"2025-06-30T22:32:07+00:00","dateModified":"2026-02-11T18:30:29+00:00","description":"Conjuntura pol\u00edtica internacional mostra desafios cada vez maiores no combate \u00e0 extrema-direita, mas com a constru\u00e7\u00e3o de alternativas pol\u00edticas em cada vez mais pa\u00edses.","breadcrumb":{"@id":"https:\/\/psol50.org.br\/resolucao-do-psol-unidade-para-derrotar-a-extrema-direita-e-construir-uma-alternativa-politica-a-barbarie\/#breadcrumb"},"inLanguage":"pt-BR","potentialAction":[{"@type":"ReadAction","target":["https:\/\/psol50.org.br\/resolucao-do-psol-unidade-para-derrotar-a-extrema-direita-e-construir-uma-alternativa-politica-a-barbarie\/"]}]},{"@type":"ImageObject","inLanguage":"pt-BR","@id":"https:\/\/psol50.org.br\/resolucao-do-psol-unidade-para-derrotar-a-extrema-direita-e-construir-uma-alternativa-politica-a-barbarie\/#primaryimage","url":"https:\/\/psol50.org.br\/inc\/uploads\/2025\/06\/palestinos_paulista_02-scaled.jpg","contentUrl":"https:\/\/psol50.org.br\/inc\/uploads\/2025\/06\/palestinos_paulista_02-scaled.jpg","width":2560,"height":1707,"caption":"Foto: Paulo Pinto\/Ag\u00eancia Brasil"},{"@type":"BreadcrumbList","@id":"https:\/\/psol50.org.br\/resolucao-do-psol-unidade-para-derrotar-a-extrema-direita-e-construir-uma-alternativa-politica-a-barbarie\/#breadcrumb","itemListElement":[{"@type":"ListItem","position":1,"name":"In\u00edcio","item":"https:\/\/psol50.org.br\/"},{"@type":"ListItem","position":2,"name":"Resolu\u00e7\u00e3o do PSOL: Unidade para derrotar a extrema-direita e construir uma alternativa pol\u00edtica \u00e0 barb\u00e1rie"}]},{"@type":"WebSite","@id":"https:\/\/psol50.org.br\/#website","url":"https:\/\/psol50.org.br\/","name":"PSOL 50","description":"Site oficial do Partido Socialismo e Liberdade","publisher":{"@id":"https:\/\/psol50.org.br\/#organization"},"alternateName":"PSOL50","potentialAction":[{"@type":"SearchAction","target":{"@type":"EntryPoint","urlTemplate":"https:\/\/psol50.org.br\/?s={search_term_string}"},"query-input":{"@type":"PropertyValueSpecification","valueRequired":true,"valueName":"search_term_string"}}],"inLanguage":"pt-BR"},{"@type":"Organization","@id":"https:\/\/psol50.org.br\/#organization","name":"PSOL 50","alternateName":"PSOL 50","url":"https:\/\/psol50.org.br\/","logo":{"@type":"ImageObject","inLanguage":"pt-BR","@id":"https:\/\/psol50.org.br\/#\/schema\/logo\/image\/","url":"https:\/\/psol50.org.br\/inc\/uploads\/2018\/07\/capa.png","contentUrl":"https:\/\/psol50.org.br\/inc\/uploads\/2018\/07\/capa.png","width":1350,"height":900,"caption":"PSOL 50"},"image":{"@id":"https:\/\/psol50.org.br\/#\/schema\/logo\/image\/"},"sameAs":["https:\/\/www.facebook.com\/psol50","https:\/\/x.com\/psol50","https:\/\/www.instagram.com\/psol50\/","https:\/\/www.youtube.com\/channel\/UC7SnJS5o1os7a6CaiNabzcg"]},{"@type":"Person","@id":"https:\/\/psol50.org.br\/#\/schema\/person\/475dfa57d0b815993c714c2e96491fcd","name":"Comunica\u00e7\u00e3o PSOL","image":{"@type":"ImageObject","inLanguage":"pt-BR","@id":"https:\/\/psol50.org.br\/#\/schema\/person\/image\/","url":"https:\/\/secure.gravatar.com\/avatar\/b34fc4f4e468a4e51785917065a3db57b841f5c95dba6ad8c73aaf8f66f8f9bf?s=96&d=mm&r=g","contentUrl":"https:\/\/secure.gravatar.com\/avatar\/b34fc4f4e468a4e51785917065a3db57b841f5c95dba6ad8c73aaf8f66f8f9bf?s=96&d=mm&r=g","caption":"Comunica\u00e7\u00e3o PSOL"}}]}},"_links":{"self":[{"href":"https:\/\/psol50.org.br\/rest\/wp\/v2\/posts\/41401","targetHints":{"allow":["GET"]}}],"collection":[{"href":"https:\/\/psol50.org.br\/rest\/wp\/v2\/posts"}],"about":[{"href":"https:\/\/psol50.org.br\/rest\/wp\/v2\/types\/post"}],"author":[{"embeddable":true,"href":"https:\/\/psol50.org.br\/rest\/wp\/v2\/users\/2"}],"replies":[{"embeddable":true,"href":"https:\/\/psol50.org.br\/rest\/wp\/v2\/comments?post=41401"}],"version-history":[{"count":4,"href":"https:\/\/psol50.org.br\/rest\/wp\/v2\/posts\/41401\/revisions"}],"predecessor-version":[{"id":41418,"href":"https:\/\/psol50.org.br\/rest\/wp\/v2\/posts\/41401\/revisions\/41418"}],"wp:featuredmedia":[{"embeddable":true,"href":"https:\/\/psol50.org.br\/rest\/wp\/v2\/media\/41404"}],"wp:attachment":[{"href":"https:\/\/psol50.org.br\/rest\/wp\/v2\/media?parent=41401"}],"wp:term":[{"taxonomy":"category","embeddable":true,"href":"https:\/\/psol50.org.br\/rest\/wp\/v2\/categories?post=41401"},{"taxonomy":"post_tag","embeddable":true,"href":"https:\/\/psol50.org.br\/rest\/wp\/v2\/tags?post=41401"}],"curies":[{"name":"wp","href":"https:\/\/api.w.org\/{rel}","templated":true}]}}