{"id":41420,"date":"2025-07-01T11:19:04","date_gmt":"2025-07-01T14:19:04","guid":{"rendered":"https:\/\/psol50.org.br\/?p=41420"},"modified":"2025-07-08T10:45:40","modified_gmt":"2025-07-08T13:45:40","slug":"comeca-nesta-terca-1-a-votacao-do-plebiscito-popular-por-um-brasil-mais-justo","status":"publish","type":"post","link":"https:\/\/psol50.org.br\/comeca-nesta-terca-1-a-votacao-do-plebiscito-popular-por-um-brasil-mais-justo\/","title":{"rendered":"Come\u00e7a nesta ter\u00e7a (1) a vota\u00e7\u00e3o do Plebiscito Popular por um Brasil Mais Justo"},"content":{"rendered":"<p>Come\u00e7ou nesta ter\u00e7a-feira (1\u00ba) a mobiliza\u00e7\u00e3o nacional do Plebiscito Popular por um Brasil Mais Justo, uma grande consulta popular organizada por movimentos sociais, centrais sindicais, juventudes, artistas, entidades de f\u00e9 e partidos progressistas. De <strong data-start=\"506\" data-end=\"526\">julho a setembro<\/strong>, o povo brasileiro ser\u00e1 chamado a opinar sobre temas urgentes que impactam diretamente sua vida.<\/p>\n<p class=\"p1\">\u201cN\u00f3s do PSOL estamos profundamente engajados em fazer deste plebiscito uma grande mobiliza\u00e7\u00e3o popular: uma ferramenta pra reacender a esperan\u00e7a, disputar cora\u00e7\u00f5es e mentes, e fortalecer a organiza\u00e7\u00e3o do nosso povo&#8221;, defende Paula Coradi, presidente nacional do PSOL.<\/p>\n<h5 data-start=\"625\" data-end=\"647\"><strong>Sua opini\u00e3o conta!<\/strong><\/h5>\n<p data-start=\"649\" data-end=\"698\">O plebiscito quer saber se voc\u00ea \u00e9 <strong data-start=\"683\" data-end=\"697\">a favor de<\/strong>:<\/p>\n<ul data-start=\"700\" data-end=\"928\">\n<li data-start=\"700\" data-end=\"783\">\n<p data-start=\"702\" data-end=\"783\"><strong data-start=\"702\" data-end=\"783\">Reduzir a jornada de trabalho sem redu\u00e7\u00e3o salarial e acabar com a escala 6\u00d71;<\/strong><\/p>\n<\/li>\n<li data-start=\"784\" data-end=\"928\">\n<p data-start=\"786\" data-end=\"928\"><strong data-start=\"786\" data-end=\"928\">Fazer com que quem ganha mais de R$ 50 mil por m\u00eas pague mais imposto, enquanto quem recebe at\u00e9 R$ 5 mil fique isento do Imposto de Renda.<\/strong><\/p>\n<\/li>\n<\/ul>\n<p class=\"p1\">Os temas j\u00e1 est\u00e3o na pauta do Congresso Nacional com o protocolo da PEC da escala 6&#215;1, de autoria da deputada Erika Hilton (PSOL) e o projeto de lei da reforma tribut\u00e1ria do governo federal. Ambos ainda n\u00e3o tiveram avan\u00e7o em sua tramita\u00e7\u00e3o.<\/p>\n<h5 data-start=\"1131\" data-end=\"1166\"><strong>3 etapas para mudar o Brasil<\/strong><\/h5>\n<p data-start=\"1168\" data-end=\"1211\">O plebiscito est\u00e1 organizado em tr\u00eas fases:<\/p>\n<ul data-start=\"1213\" data-end=\"1557\">\n<li data-start=\"1213\" data-end=\"1318\">\n<p data-start=\"1215\" data-end=\"1318\"><strong data-start=\"1215\" data-end=\"1240\">Fase 1 \u2013 Organiza\u00e7\u00e3o:<\/strong> Cria\u00e7\u00e3o de comit\u00eas populares, coordena\u00e7\u00f5es estaduais e mobiliza\u00e7\u00e3o nas bases;<\/p>\n<\/li>\n<li data-start=\"1319\" data-end=\"1440\">\n<p data-start=\"1321\" data-end=\"1440\"><strong data-start=\"1321\" data-end=\"1374\">Fase 2 \u2013 Vota\u00e7\u00e3o Popular (Julho a Setembro\/2025):<\/strong> Milhares de urnas e pontos de vota\u00e7\u00e3o espalhados por todo o pa\u00eds;<\/p>\n<\/li>\n<li data-start=\"1441\" data-end=\"1557\">\n<p data-start=\"1443\" data-end=\"1557\"><strong data-start=\"1443\" data-end=\"1479\">Fase 3 \u2013 Entrega dos Resultados:<\/strong> O resultado ser\u00e1 entregue ao presidente Lula, ao Congresso Nacional e ao STF.<\/p>\n<\/li>\n<\/ul>\n<h5 data-start=\"1806\" data-end=\"1840\"><strong>Construa essa luta com a gente<\/strong><\/h5>\n<p data-start=\"1842\" data-end=\"2117\">Al\u00e9m de votar, voc\u00ea pode se engajar na <strong data-start=\"1881\" data-end=\"1910\">organiza\u00e7\u00e3o do plebiscito<\/strong>, formando comit\u00eas em sua regi\u00e3o e divulgando os materiais da campanha. <strong>Acesse <a class=\"\" href=\"https:\/\/plebiscitopopular.org.br\" target=\"_new\" rel=\"noopener\" data-start=\"1989\" data-end=\"2049\">plebiscitopopular.org.br<\/a><\/strong> para baixar logos, cards, v\u00eddeos, materiais impressos e muito mais.<\/p>\n<p data-start=\"2119\" data-end=\"2191\"><strong data-start=\"2119\" data-end=\"2191\">Participe. Mobilize. Vote. Juntos, podemos mudar os rumos do Brasil!<\/strong><\/p>\n","protected":false},"excerpt":{"rendered":"<p>Come\u00e7ou nesta ter\u00e7a-feira (1\u00ba) a mobiliza\u00e7\u00e3o nacional do Plebiscito Popular por um Brasil Mais Justo, uma grande consulta popular organizada por movimentos sociais, centrais sindicais, juventudes, artistas, entidades de f\u00e9 e partidos progressistas. De julho a setembro, o povo brasileiro ser\u00e1 chamado a opinar sobre temas urgentes que impactam diretamente sua vida. \u201cN\u00f3s do PSOL [&hellip;]<\/p>\n","protected":false},"author":2,"featured_media":41411,"comment_status":"closed","ping_status":"open","sticky":false,"template":"","format":"standard","meta":{"_acf_changed":false,"footnotes":""},"categories":[1882],"tags":[4825],"class_list":{"0":"post-41420","1":"post","2":"type-post","3":"status-publish","4":"format-standard","5":"has-post-thumbnail","7":"category-brasil","8":"tag-noticias"},"acf":[],"yoast_head":"<!-- This site is optimized with the Yoast SEO plugin v26.5 - https:\/\/yoast.com\/wordpress\/plugins\/seo\/ -->\n<title>Come\u00e7a nesta ter\u00e7a (1) a vota\u00e7\u00e3o do Plebiscito Popular por um Brasil Mais Justo<\/title>\n<meta name=\"description\" content=\"Vota\u00e7\u00e3o organizada por diversos movimentos sociais seguir\u00e1 at\u00e9 o dia 7 de setembro!\" \/>\n<meta name=\"robots\" content=\"index, follow, max-snippet:-1, max-image-preview:large, max-video-preview:-1\" \/>\n<link rel=\"canonical\" href=\"https:\/\/psol50.org.br\/comeca-nesta-terca-1-a-votacao-do-plebiscito-popular-por-um-brasil-mais-justo\/\" \/>\n<meta property=\"og:locale\" content=\"pt_BR\" \/>\n<meta property=\"og:type\" content=\"article\" \/>\n<meta property=\"og:title\" content=\"Come\u00e7a nesta ter\u00e7a (1) a vota\u00e7\u00e3o do Plebiscito Popular por um Brasil Mais Justo\" \/>\n<meta property=\"og:description\" content=\"Vota\u00e7\u00e3o organizada por diversos movimentos sociais seguir\u00e1 at\u00e9 o dia 7 de setembro!\" \/>\n<meta property=\"og:url\" content=\"https:\/\/psol50.org.br\/comeca-nesta-terca-1-a-votacao-do-plebiscito-popular-por-um-brasil-mais-justo\/\" \/>\n<meta property=\"og:site_name\" content=\"PSOL 50\" \/>\n<meta property=\"article:publisher\" content=\"https:\/\/www.facebook.com\/psol50\" \/>\n<meta property=\"article:published_time\" content=\"2025-07-01T14:19:04+00:00\" \/>\n<meta property=\"article:modified_time\" content=\"2025-07-08T13:45:40+00:00\" \/>\n<meta property=\"og:image\" content=\"https:\/\/psol50.org.br\/inc\/uploads\/2025\/06\/Captura-de-Tela-2025-06-30-as-17.57.13.png\" \/>\n\t<meta property=\"og:image:width\" content=\"1592\" \/>\n\t<meta property=\"og:image:height\" content=\"1170\" \/>\n\t<meta property=\"og:image:type\" content=\"image\/png\" \/>\n<meta name=\"author\" content=\"Comunica\u00e7\u00e3o PSOL\" \/>\n<meta name=\"twitter:card\" content=\"summary_large_image\" \/>\n<meta name=\"twitter:creator\" content=\"@psol50\" \/>\n<meta name=\"twitter:site\" content=\"@psol50\" \/>\n<meta name=\"twitter:label1\" content=\"Escrito por\" \/>\n\t<meta name=\"twitter:data1\" content=\"Comunica\u00e7\u00e3o PSOL\" \/>\n\t<meta name=\"twitter:label2\" content=\"Est. tempo de leitura\" \/>\n\t<meta name=\"twitter:data2\" content=\"2 minutos\" \/>\n<script type=\"application\/ld+json\" class=\"yoast-schema-graph\">{\"@context\":\"https:\/\/schema.org\",\"@graph\":[{\"@type\":\"Article\",\"@id\":\"https:\/\/psol50.org.br\/comeca-nesta-terca-1-a-votacao-do-plebiscito-popular-por-um-brasil-mais-justo\/#article\",\"isPartOf\":{\"@id\":\"https:\/\/psol50.org.br\/comeca-nesta-terca-1-a-votacao-do-plebiscito-popular-por-um-brasil-mais-justo\/\"},\"author\":{\"name\":\"Comunica\u00e7\u00e3o PSOL\",\"@id\":\"https:\/\/psol50.org.br\/#\/schema\/person\/475dfa57d0b815993c714c2e96491fcd\"},\"headline\":\"Come\u00e7a nesta ter\u00e7a (1) a vota\u00e7\u00e3o do Plebiscito Popular por um Brasil Mais Justo\",\"datePublished\":\"2025-07-01T14:19:04+00:00\",\"dateModified\":\"2025-07-08T13:45:40+00:00\",\"mainEntityOfPage\":{\"@id\":\"https:\/\/psol50.org.br\/comeca-nesta-terca-1-a-votacao-do-plebiscito-popular-por-um-brasil-mais-justo\/\"},\"wordCount\":340,\"publisher\":{\"@id\":\"https:\/\/psol50.org.br\/#organization\"},\"image\":{\"@id\":\"https:\/\/psol50.org.br\/comeca-nesta-terca-1-a-votacao-do-plebiscito-popular-por-um-brasil-mais-justo\/#primaryimage\"},\"thumbnailUrl\":\"https:\/\/psol50.org.br\/inc\/uploads\/2025\/06\/Captura-de-Tela-2025-06-30-as-17.57.13.png\",\"keywords\":[\"Not\u00edcias\"],\"articleSection\":[\"Brasil\"],\"inLanguage\":\"pt-BR\"},{\"@type\":\"WebPage\",\"@id\":\"https:\/\/psol50.org.br\/comeca-nesta-terca-1-a-votacao-do-plebiscito-popular-por-um-brasil-mais-justo\/\",\"url\":\"https:\/\/psol50.org.br\/comeca-nesta-terca-1-a-votacao-do-plebiscito-popular-por-um-brasil-mais-justo\/\",\"name\":\"Come\u00e7a nesta ter\u00e7a (1) a vota\u00e7\u00e3o do Plebiscito Popular por um Brasil Mais Justo\",\"isPartOf\":{\"@id\":\"https:\/\/psol50.org.br\/#website\"},\"primaryImageOfPage\":{\"@id\":\"https:\/\/psol50.org.br\/comeca-nesta-terca-1-a-votacao-do-plebiscito-popular-por-um-brasil-mais-justo\/#primaryimage\"},\"image\":{\"@id\":\"https:\/\/psol50.org.br\/comeca-nesta-terca-1-a-votacao-do-plebiscito-popular-por-um-brasil-mais-justo\/#primaryimage\"},\"thumbnailUrl\":\"https:\/\/psol50.org.br\/inc\/uploads\/2025\/06\/Captura-de-Tela-2025-06-30-as-17.57.13.png\",\"datePublished\":\"2025-07-01T14:19:04+00:00\",\"dateModified\":\"2025-07-08T13:45:40+00:00\",\"description\":\"Vota\u00e7\u00e3o organizada por diversos movimentos sociais seguir\u00e1 at\u00e9 o dia 7 de setembro!\",\"breadcrumb\":{\"@id\":\"https:\/\/psol50.org.br\/comeca-nesta-terca-1-a-votacao-do-plebiscito-popular-por-um-brasil-mais-justo\/#breadcrumb\"},\"inLanguage\":\"pt-BR\",\"potentialAction\":[{\"@type\":\"ReadAction\",\"target\":[\"https:\/\/psol50.org.br\/comeca-nesta-terca-1-a-votacao-do-plebiscito-popular-por-um-brasil-mais-justo\/\"]}]},{\"@type\":\"ImageObject\",\"inLanguage\":\"pt-BR\",\"@id\":\"https:\/\/psol50.org.br\/comeca-nesta-terca-1-a-votacao-do-plebiscito-popular-por-um-brasil-mais-justo\/#primaryimage\",\"url\":\"https:\/\/psol50.org.br\/inc\/uploads\/2025\/06\/Captura-de-Tela-2025-06-30-as-17.57.13.png\",\"contentUrl\":\"https:\/\/psol50.org.br\/inc\/uploads\/2025\/06\/Captura-de-Tela-2025-06-30-as-17.57.13.png\",\"width\":1592,\"height\":1170},{\"@type\":\"BreadcrumbList\",\"@id\":\"https:\/\/psol50.org.br\/comeca-nesta-terca-1-a-votacao-do-plebiscito-popular-por-um-brasil-mais-justo\/#breadcrumb\",\"itemListElement\":[{\"@type\":\"ListItem\",\"position\":1,\"name\":\"In\u00edcio\",\"item\":\"https:\/\/psol50.org.br\/\"},{\"@type\":\"ListItem\",\"position\":2,\"name\":\"Come\u00e7a nesta ter\u00e7a (1) a vota\u00e7\u00e3o do Plebiscito Popular por um Brasil Mais Justo\"}]},{\"@type\":\"WebSite\",\"@id\":\"https:\/\/psol50.org.br\/#website\",\"url\":\"https:\/\/psol50.org.br\/\",\"name\":\"PSOL 50\",\"description\":\"Site oficial do Partido Socialismo e Liberdade\",\"publisher\":{\"@id\":\"https:\/\/psol50.org.br\/#organization\"},\"alternateName\":\"PSOL50\",\"potentialAction\":[{\"@type\":\"SearchAction\",\"target\":{\"@type\":\"EntryPoint\",\"urlTemplate\":\"https:\/\/psol50.org.br\/?s={search_term_string}\"},\"query-input\":{\"@type\":\"PropertyValueSpecification\",\"valueRequired\":true,\"valueName\":\"search_term_string\"}}],\"inLanguage\":\"pt-BR\"},{\"@type\":\"Organization\",\"@id\":\"https:\/\/psol50.org.br\/#organization\",\"name\":\"PSOL 50\",\"alternateName\":\"PSOL 50\",\"url\":\"https:\/\/psol50.org.br\/\",\"logo\":{\"@type\":\"ImageObject\",\"inLanguage\":\"pt-BR\",\"@id\":\"https:\/\/psol50.org.br\/#\/schema\/logo\/image\/\",\"url\":\"https:\/\/psol50.org.br\/inc\/uploads\/2018\/07\/capa.png\",\"contentUrl\":\"https:\/\/psol50.org.br\/inc\/uploads\/2018\/07\/capa.png\",\"width\":1350,\"height\":900,\"caption\":\"PSOL 50\"},\"image\":{\"@id\":\"https:\/\/psol50.org.br\/#\/schema\/logo\/image\/\"},\"sameAs\":[\"https:\/\/www.facebook.com\/psol50\",\"https:\/\/x.com\/psol50\",\"https:\/\/www.instagram.com\/psol50\/\",\"https:\/\/www.youtube.com\/channel\/UC7SnJS5o1os7a6CaiNabzcg\"]},{\"@type\":\"Person\",\"@id\":\"https:\/\/psol50.org.br\/#\/schema\/person\/475dfa57d0b815993c714c2e96491fcd\",\"name\":\"Comunica\u00e7\u00e3o PSOL\",\"image\":{\"@type\":\"ImageObject\",\"inLanguage\":\"pt-BR\",\"@id\":\"https:\/\/psol50.org.br\/#\/schema\/person\/image\/\",\"url\":\"https:\/\/secure.gravatar.com\/avatar\/b34fc4f4e468a4e51785917065a3db57b841f5c95dba6ad8c73aaf8f66f8f9bf?s=96&d=mm&r=g\",\"contentUrl\":\"https:\/\/secure.gravatar.com\/avatar\/b34fc4f4e468a4e51785917065a3db57b841f5c95dba6ad8c73aaf8f66f8f9bf?s=96&d=mm&r=g\",\"caption\":\"Comunica\u00e7\u00e3o PSOL\"}}]}<\/script>\n<!-- \/ Yoast SEO plugin. -->","yoast_head_json":{"title":"Come\u00e7a nesta ter\u00e7a (1) a vota\u00e7\u00e3o do Plebiscito Popular por um Brasil Mais Justo","description":"Vota\u00e7\u00e3o organizada por diversos movimentos sociais seguir\u00e1 at\u00e9 o dia 7 de setembro!","robots":{"index":"index","follow":"follow","max-snippet":"max-snippet:-1","max-image-preview":"max-image-preview:large","max-video-preview":"max-video-preview:-1"},"canonical":"https:\/\/psol50.org.br\/comeca-nesta-terca-1-a-votacao-do-plebiscito-popular-por-um-brasil-mais-justo\/","og_locale":"pt_BR","og_type":"article","og_title":"Come\u00e7a nesta ter\u00e7a (1) a vota\u00e7\u00e3o do Plebiscito Popular por um Brasil Mais Justo","og_description":"Vota\u00e7\u00e3o organizada por diversos movimentos sociais seguir\u00e1 at\u00e9 o dia 7 de setembro!","og_url":"https:\/\/psol50.org.br\/comeca-nesta-terca-1-a-votacao-do-plebiscito-popular-por-um-brasil-mais-justo\/","og_site_name":"PSOL 50","article_publisher":"https:\/\/www.facebook.com\/psol50","article_published_time":"2025-07-01T14:19:04+00:00","article_modified_time":"2025-07-08T13:45:40+00:00","og_image":[{"width":1592,"height":1170,"url":"https:\/\/psol50.org.br\/inc\/uploads\/2025\/06\/Captura-de-Tela-2025-06-30-as-17.57.13.png","type":"image\/png"}],"author":"Comunica\u00e7\u00e3o PSOL","twitter_card":"summary_large_image","twitter_creator":"@psol50","twitter_site":"@psol50","twitter_misc":{"Escrito por":"Comunica\u00e7\u00e3o PSOL","Est. tempo de leitura":"2 minutos"},"schema":{"@context":"https:\/\/schema.org","@graph":[{"@type":"Article","@id":"https:\/\/psol50.org.br\/comeca-nesta-terca-1-a-votacao-do-plebiscito-popular-por-um-brasil-mais-justo\/#article","isPartOf":{"@id":"https:\/\/psol50.org.br\/comeca-nesta-terca-1-a-votacao-do-plebiscito-popular-por-um-brasil-mais-justo\/"},"author":{"name":"Comunica\u00e7\u00e3o PSOL","@id":"https:\/\/psol50.org.br\/#\/schema\/person\/475dfa57d0b815993c714c2e96491fcd"},"headline":"Come\u00e7a nesta ter\u00e7a (1) a vota\u00e7\u00e3o do Plebiscito Popular por um Brasil Mais Justo","datePublished":"2025-07-01T14:19:04+00:00","dateModified":"2025-07-08T13:45:40+00:00","mainEntityOfPage":{"@id":"https:\/\/psol50.org.br\/comeca-nesta-terca-1-a-votacao-do-plebiscito-popular-por-um-brasil-mais-justo\/"},"wordCount":340,"publisher":{"@id":"https:\/\/psol50.org.br\/#organization"},"image":{"@id":"https:\/\/psol50.org.br\/comeca-nesta-terca-1-a-votacao-do-plebiscito-popular-por-um-brasil-mais-justo\/#primaryimage"},"thumbnailUrl":"https:\/\/psol50.org.br\/inc\/uploads\/2025\/06\/Captura-de-Tela-2025-06-30-as-17.57.13.png","keywords":["Not\u00edcias"],"articleSection":["Brasil"],"inLanguage":"pt-BR"},{"@type":"WebPage","@id":"https:\/\/psol50.org.br\/comeca-nesta-terca-1-a-votacao-do-plebiscito-popular-por-um-brasil-mais-justo\/","url":"https:\/\/psol50.org.br\/comeca-nesta-terca-1-a-votacao-do-plebiscito-popular-por-um-brasil-mais-justo\/","name":"Come\u00e7a nesta ter\u00e7a (1) a vota\u00e7\u00e3o do Plebiscito Popular por um Brasil Mais Justo","isPartOf":{"@id":"https:\/\/psol50.org.br\/#website"},"primaryImageOfPage":{"@id":"https:\/\/psol50.org.br\/comeca-nesta-terca-1-a-votacao-do-plebiscito-popular-por-um-brasil-mais-justo\/#primaryimage"},"image":{"@id":"https:\/\/psol50.org.br\/comeca-nesta-terca-1-a-votacao-do-plebiscito-popular-por-um-brasil-mais-justo\/#primaryimage"},"thumbnailUrl":"https:\/\/psol50.org.br\/inc\/uploads\/2025\/06\/Captura-de-Tela-2025-06-30-as-17.57.13.png","datePublished":"2025-07-01T14:19:04+00:00","dateModified":"2025-07-08T13:45:40+00:00","description":"Vota\u00e7\u00e3o organizada por diversos movimentos sociais seguir\u00e1 at\u00e9 o dia 7 de setembro!","breadcrumb":{"@id":"https:\/\/psol50.org.br\/comeca-nesta-terca-1-a-votacao-do-plebiscito-popular-por-um-brasil-mais-justo\/#breadcrumb"},"inLanguage":"pt-BR","potentialAction":[{"@type":"ReadAction","target":["https:\/\/psol50.org.br\/comeca-nesta-terca-1-a-votacao-do-plebiscito-popular-por-um-brasil-mais-justo\/"]}]},{"@type":"ImageObject","inLanguage":"pt-BR","@id":"https:\/\/psol50.org.br\/comeca-nesta-terca-1-a-votacao-do-plebiscito-popular-por-um-brasil-mais-justo\/#primaryimage","url":"https:\/\/psol50.org.br\/inc\/uploads\/2025\/06\/Captura-de-Tela-2025-06-30-as-17.57.13.png","contentUrl":"https:\/\/psol50.org.br\/inc\/uploads\/2025\/06\/Captura-de-Tela-2025-06-30-as-17.57.13.png","width":1592,"height":1170},{"@type":"BreadcrumbList","@id":"https:\/\/psol50.org.br\/comeca-nesta-terca-1-a-votacao-do-plebiscito-popular-por-um-brasil-mais-justo\/#breadcrumb","itemListElement":[{"@type":"ListItem","position":1,"name":"In\u00edcio","item":"https:\/\/psol50.org.br\/"},{"@type":"ListItem","position":2,"name":"Come\u00e7a nesta ter\u00e7a (1) a vota\u00e7\u00e3o do Plebiscito Popular por um Brasil Mais Justo"}]},{"@type":"WebSite","@id":"https:\/\/psol50.org.br\/#website","url":"https:\/\/psol50.org.br\/","name":"PSOL 50","description":"Site oficial do Partido Socialismo e Liberdade","publisher":{"@id":"https:\/\/psol50.org.br\/#organization"},"alternateName":"PSOL50","potentialAction":[{"@type":"SearchAction","target":{"@type":"EntryPoint","urlTemplate":"https:\/\/psol50.org.br\/?s={search_term_string}"},"query-input":{"@type":"PropertyValueSpecification","valueRequired":true,"valueName":"search_term_string"}}],"inLanguage":"pt-BR"},{"@type":"Organization","@id":"https:\/\/psol50.org.br\/#organization","name":"PSOL 50","alternateName":"PSOL 50","url":"https:\/\/psol50.org.br\/","logo":{"@type":"ImageObject","inLanguage":"pt-BR","@id":"https:\/\/psol50.org.br\/#\/schema\/logo\/image\/","url":"https:\/\/psol50.org.br\/inc\/uploads\/2018\/07\/capa.png","contentUrl":"https:\/\/psol50.org.br\/inc\/uploads\/2018\/07\/capa.png","width":1350,"height":900,"caption":"PSOL 50"},"image":{"@id":"https:\/\/psol50.org.br\/#\/schema\/logo\/image\/"},"sameAs":["https:\/\/www.facebook.com\/psol50","https:\/\/x.com\/psol50","https:\/\/www.instagram.com\/psol50\/","https:\/\/www.youtube.com\/channel\/UC7SnJS5o1os7a6CaiNabzcg"]},{"@type":"Person","@id":"https:\/\/psol50.org.br\/#\/schema\/person\/475dfa57d0b815993c714c2e96491fcd","name":"Comunica\u00e7\u00e3o PSOL","image":{"@type":"ImageObject","inLanguage":"pt-BR","@id":"https:\/\/psol50.org.br\/#\/schema\/person\/image\/","url":"https:\/\/secure.gravatar.com\/avatar\/b34fc4f4e468a4e51785917065a3db57b841f5c95dba6ad8c73aaf8f66f8f9bf?s=96&d=mm&r=g","contentUrl":"https:\/\/secure.gravatar.com\/avatar\/b34fc4f4e468a4e51785917065a3db57b841f5c95dba6ad8c73aaf8f66f8f9bf?s=96&d=mm&r=g","caption":"Comunica\u00e7\u00e3o PSOL"}}]}},"_links":{"self":[{"href":"https:\/\/psol50.org.br\/rest\/wp\/v2\/posts\/41420","targetHints":{"allow":["GET"]}}],"collection":[{"href":"https:\/\/psol50.org.br\/rest\/wp\/v2\/posts"}],"about":[{"href":"https:\/\/psol50.org.br\/rest\/wp\/v2\/types\/post"}],"author":[{"embeddable":true,"href":"https:\/\/psol50.org.br\/rest\/wp\/v2\/users\/2"}],"replies":[{"embeddable":true,"href":"https:\/\/psol50.org.br\/rest\/wp\/v2\/comments?post=41420"}],"version-history":[{"count":2,"href":"https:\/\/psol50.org.br\/rest\/wp\/v2\/posts\/41420\/revisions"}],"predecessor-version":[{"id":41422,"href":"https:\/\/psol50.org.br\/rest\/wp\/v2\/posts\/41420\/revisions\/41422"}],"wp:featuredmedia":[{"embeddable":true,"href":"https:\/\/psol50.org.br\/rest\/wp\/v2\/media\/41411"}],"wp:attachment":[{"href":"https:\/\/psol50.org.br\/rest\/wp\/v2\/media?parent=41420"}],"wp:term":[{"taxonomy":"category","embeddable":true,"href":"https:\/\/psol50.org.br\/rest\/wp\/v2\/categories?post=41420"},{"taxonomy":"post_tag","embeddable":true,"href":"https:\/\/psol50.org.br\/rest\/wp\/v2\/tags?post=41420"}],"curies":[{"name":"wp","href":"https:\/\/api.w.org\/{rel}","templated":true}]}}