{"id":41435,"date":"2025-07-02T17:32:31","date_gmt":"2025-07-02T20:32:31","guid":{"rendered":"https:\/\/psol50.org.br\/?p=41435"},"modified":"2025-07-04T14:26:48","modified_gmt":"2025-07-04T17:26:48","slug":"embalagens-de-remedios-acessiveis","status":"publish","type":"post","link":"https:\/\/psol50.org.br\/embalagens-de-remedios-acessiveis\/","title":{"rendered":"Tarc\u00edsio Motta quer incluir informa\u00e7\u00f5es em braille e \u00e1udio em embalagens de rem\u00e9dios"},"content":{"rendered":"<p>O deputado federal Tarc\u00edsio Motta (PSOL-RJ) apresentou um projeto que exige a inclus\u00e3o de informa\u00e7\u00f5es em braille e formatos acess\u00edveis nas embalagens de medicamentos. A proposta modifica a Lei n\u00ba 6.360\/1976, visando garantir seguran\u00e7a e autonomia para pessoas com defici\u00eancia visual.<\/p>\n<p>\u201cO objetivo principal \u00e9 assegurar que pessoas com defici\u00eancia visual tenham acesso a informa\u00e7\u00f5es essenciais sobre os medicamentos, como nome do f\u00e1rmaco, dosagem, validade e bula\u201d, explica o parlamentar. A proposta tamb\u00e9m prev\u00ea a disponibiliza\u00e7\u00e3o dessas informa\u00e7\u00f5es em \u00e1udio e em dispositivos digitais.<\/p>\n<p>Para Tarc\u00edsio, a medida \u00e9 urgente: \u201cFacilitar esse acesso \u00e9 uma forma concreta de proteger a sa\u00fade e a vida dessas pessoas, reduzindo riscos de intoxica\u00e7\u00f5es e erros na administra\u00e7\u00e3o de medicamentos\u201d.<\/p>\n<p>O projeto estabelece um prazo de 180 dias para a adapta\u00e7\u00e3o da ind\u00fastria farmac\u00eautica.<\/p>\n<p>A proposta, al\u00e9m de promover inclus\u00e3o, tamb\u00e9m fortalece o direito \u00e0 informa\u00e7\u00e3o e reduz riscos \u00e0 sa\u00fade dessas pessoas, como intoxica\u00e7\u00e3o ou erros na administra\u00e7\u00e3o de medicamentos.<\/p>\n","protected":false},"excerpt":{"rendered":"<p>O deputado federal Tarc\u00edsio Motta (PSOL-RJ) apresentou um projeto que exige a inclus\u00e3o de informa\u00e7\u00f5es em braille e formatos acess\u00edveis nas embalagens de medicamentos. A proposta modifica a Lei n\u00ba 6.360\/1976, visando garantir seguran\u00e7a e autonomia para pessoas com defici\u00eancia visual. \u201cO objetivo principal \u00e9 assegurar que pessoas com defici\u00eancia visual tenham acesso a informa\u00e7\u00f5es [&hellip;]<\/p>\n","protected":false},"author":2,"featured_media":38585,"comment_status":"closed","ping_status":"open","sticky":false,"template":"","format":"standard","meta":{"_acf_changed":false,"footnotes":""},"categories":[10],"tags":[4825],"class_list":{"0":"post-41435","1":"post","2":"type-post","3":"status-publish","4":"format-standard","5":"has-post-thumbnail","7":"category-acao-parlamentares","8":"tag-noticias"},"acf":[],"yoast_head":"<!-- This site is optimized with the Yoast SEO plugin v26.5 - https:\/\/yoast.com\/wordpress\/plugins\/seo\/ -->\n<title>Tarc\u00edsio Motta quer incluir informa\u00e7\u00f5es em braille e \u00e1udio em embalagens de rem\u00e9dios - PSOL 50<\/title>\n<meta name=\"description\" content=\"Tarc\u00edsio Motta apresenta projeto que exige a inclus\u00e3o de informa\u00e7\u00f5es em braille e \u00e1udio em embalagens de rem\u00e9dios. Saiba mais.\" \/>\n<meta name=\"robots\" content=\"index, follow, max-snippet:-1, max-image-preview:large, max-video-preview:-1\" \/>\n<link rel=\"canonical\" href=\"https:\/\/psol50.org.br\/embalagens-de-remedios-acessiveis\/\" \/>\n<meta property=\"og:locale\" content=\"pt_BR\" \/>\n<meta property=\"og:type\" content=\"article\" \/>\n<meta property=\"og:title\" content=\"Tarc\u00edsio Motta quer incluir informa\u00e7\u00f5es em braille e \u00e1udio em embalagens de rem\u00e9dios - PSOL 50\" \/>\n<meta property=\"og:description\" content=\"Tarc\u00edsio Motta apresenta projeto que exige a inclus\u00e3o de informa\u00e7\u00f5es em braille e \u00e1udio em embalagens de rem\u00e9dios. Saiba mais.\" \/>\n<meta property=\"og:url\" content=\"https:\/\/psol50.org.br\/embalagens-de-remedios-acessiveis\/\" \/>\n<meta property=\"og:site_name\" content=\"PSOL 50\" \/>\n<meta property=\"article:publisher\" content=\"https:\/\/www.facebook.com\/psol50\" \/>\n<meta property=\"article:published_time\" content=\"2025-07-02T20:32:31+00:00\" \/>\n<meta property=\"article:modified_time\" content=\"2025-07-04T17:26:48+00:00\" \/>\n<meta property=\"og:image\" content=\"https:\/\/psol50.org.br\/inc\/uploads\/2023\/10\/img20231017161614728.jpg\" \/>\n\t<meta property=\"og:image:width\" content=\"1984\" \/>\n\t<meta property=\"og:image:height\" content=\"1223\" \/>\n\t<meta property=\"og:image:type\" content=\"image\/jpeg\" \/>\n<meta name=\"author\" content=\"Comunica\u00e7\u00e3o PSOL\" \/>\n<meta name=\"twitter:card\" content=\"summary_large_image\" \/>\n<meta name=\"twitter:creator\" content=\"@psol50\" \/>\n<meta name=\"twitter:site\" content=\"@psol50\" \/>\n<meta name=\"twitter:label1\" content=\"Escrito por\" \/>\n\t<meta name=\"twitter:data1\" content=\"Comunica\u00e7\u00e3o PSOL\" \/>\n\t<meta name=\"twitter:label2\" content=\"Est. tempo de leitura\" \/>\n\t<meta name=\"twitter:data2\" content=\"1 minuto\" \/>\n<script type=\"application\/ld+json\" class=\"yoast-schema-graph\">{\"@context\":\"https:\/\/schema.org\",\"@graph\":[{\"@type\":\"Article\",\"@id\":\"https:\/\/psol50.org.br\/embalagens-de-remedios-acessiveis\/#article\",\"isPartOf\":{\"@id\":\"https:\/\/psol50.org.br\/embalagens-de-remedios-acessiveis\/\"},\"author\":{\"name\":\"Comunica\u00e7\u00e3o PSOL\",\"@id\":\"https:\/\/psol50.org.br\/#\/schema\/person\/475dfa57d0b815993c714c2e96491fcd\"},\"headline\":\"Tarc\u00edsio Motta quer incluir informa\u00e7\u00f5es em braille e \u00e1udio em embalagens de rem\u00e9dios\",\"datePublished\":\"2025-07-02T20:32:31+00:00\",\"dateModified\":\"2025-07-04T17:26:48+00:00\",\"mainEntityOfPage\":{\"@id\":\"https:\/\/psol50.org.br\/embalagens-de-remedios-acessiveis\/\"},\"wordCount\":192,\"publisher\":{\"@id\":\"https:\/\/psol50.org.br\/#organization\"},\"image\":{\"@id\":\"https:\/\/psol50.org.br\/embalagens-de-remedios-acessiveis\/#primaryimage\"},\"thumbnailUrl\":\"https:\/\/psol50.org.br\/inc\/uploads\/2023\/10\/img20231017161614728.jpg\",\"keywords\":[\"Not\u00edcias\"],\"articleSection\":[\"A\u00e7\u00e3o Parlamentar\"],\"inLanguage\":\"pt-BR\"},{\"@type\":\"WebPage\",\"@id\":\"https:\/\/psol50.org.br\/embalagens-de-remedios-acessiveis\/\",\"url\":\"https:\/\/psol50.org.br\/embalagens-de-remedios-acessiveis\/\",\"name\":\"Tarc\u00edsio Motta quer incluir informa\u00e7\u00f5es em braille e \u00e1udio em embalagens de rem\u00e9dios - PSOL 50\",\"isPartOf\":{\"@id\":\"https:\/\/psol50.org.br\/#website\"},\"primaryImageOfPage\":{\"@id\":\"https:\/\/psol50.org.br\/embalagens-de-remedios-acessiveis\/#primaryimage\"},\"image\":{\"@id\":\"https:\/\/psol50.org.br\/embalagens-de-remedios-acessiveis\/#primaryimage\"},\"thumbnailUrl\":\"https:\/\/psol50.org.br\/inc\/uploads\/2023\/10\/img20231017161614728.jpg\",\"datePublished\":\"2025-07-02T20:32:31+00:00\",\"dateModified\":\"2025-07-04T17:26:48+00:00\",\"description\":\"Tarc\u00edsio Motta apresenta projeto que exige a inclus\u00e3o de informa\u00e7\u00f5es em braille e \u00e1udio em embalagens de rem\u00e9dios. Saiba mais.\",\"breadcrumb\":{\"@id\":\"https:\/\/psol50.org.br\/embalagens-de-remedios-acessiveis\/#breadcrumb\"},\"inLanguage\":\"pt-BR\",\"potentialAction\":[{\"@type\":\"ReadAction\",\"target\":[\"https:\/\/psol50.org.br\/embalagens-de-remedios-acessiveis\/\"]}]},{\"@type\":\"ImageObject\",\"inLanguage\":\"pt-BR\",\"@id\":\"https:\/\/psol50.org.br\/embalagens-de-remedios-acessiveis\/#primaryimage\",\"url\":\"https:\/\/psol50.org.br\/inc\/uploads\/2023\/10\/img20231017161614728.jpg\",\"contentUrl\":\"https:\/\/psol50.org.br\/inc\/uploads\/2023\/10\/img20231017161614728.jpg\",\"width\":1984,\"height\":1223,\"caption\":\"Foto: Mario Agra \/ C\u00e2mara dos Deputados\"},{\"@type\":\"BreadcrumbList\",\"@id\":\"https:\/\/psol50.org.br\/embalagens-de-remedios-acessiveis\/#breadcrumb\",\"itemListElement\":[{\"@type\":\"ListItem\",\"position\":1,\"name\":\"In\u00edcio\",\"item\":\"https:\/\/psol50.org.br\/\"},{\"@type\":\"ListItem\",\"position\":2,\"name\":\"Tarc\u00edsio Motta quer incluir informa\u00e7\u00f5es em braille e \u00e1udio em embalagens de rem\u00e9dios\"}]},{\"@type\":\"WebSite\",\"@id\":\"https:\/\/psol50.org.br\/#website\",\"url\":\"https:\/\/psol50.org.br\/\",\"name\":\"PSOL 50\",\"description\":\"Site oficial do Partido Socialismo e Liberdade\",\"publisher\":{\"@id\":\"https:\/\/psol50.org.br\/#organization\"},\"alternateName\":\"PSOL50\",\"potentialAction\":[{\"@type\":\"SearchAction\",\"target\":{\"@type\":\"EntryPoint\",\"urlTemplate\":\"https:\/\/psol50.org.br\/?s={search_term_string}\"},\"query-input\":{\"@type\":\"PropertyValueSpecification\",\"valueRequired\":true,\"valueName\":\"search_term_string\"}}],\"inLanguage\":\"pt-BR\"},{\"@type\":\"Organization\",\"@id\":\"https:\/\/psol50.org.br\/#organization\",\"name\":\"PSOL 50\",\"alternateName\":\"PSOL 50\",\"url\":\"https:\/\/psol50.org.br\/\",\"logo\":{\"@type\":\"ImageObject\",\"inLanguage\":\"pt-BR\",\"@id\":\"https:\/\/psol50.org.br\/#\/schema\/logo\/image\/\",\"url\":\"https:\/\/psol50.org.br\/inc\/uploads\/2018\/07\/capa.png\",\"contentUrl\":\"https:\/\/psol50.org.br\/inc\/uploads\/2018\/07\/capa.png\",\"width\":1350,\"height\":900,\"caption\":\"PSOL 50\"},\"image\":{\"@id\":\"https:\/\/psol50.org.br\/#\/schema\/logo\/image\/\"},\"sameAs\":[\"https:\/\/www.facebook.com\/psol50\",\"https:\/\/x.com\/psol50\",\"https:\/\/www.instagram.com\/psol50\/\",\"https:\/\/www.youtube.com\/channel\/UC7SnJS5o1os7a6CaiNabzcg\"]},{\"@type\":\"Person\",\"@id\":\"https:\/\/psol50.org.br\/#\/schema\/person\/475dfa57d0b815993c714c2e96491fcd\",\"name\":\"Comunica\u00e7\u00e3o PSOL\",\"image\":{\"@type\":\"ImageObject\",\"inLanguage\":\"pt-BR\",\"@id\":\"https:\/\/psol50.org.br\/#\/schema\/person\/image\/\",\"url\":\"https:\/\/secure.gravatar.com\/avatar\/b34fc4f4e468a4e51785917065a3db57b841f5c95dba6ad8c73aaf8f66f8f9bf?s=96&d=mm&r=g\",\"contentUrl\":\"https:\/\/secure.gravatar.com\/avatar\/b34fc4f4e468a4e51785917065a3db57b841f5c95dba6ad8c73aaf8f66f8f9bf?s=96&d=mm&r=g\",\"caption\":\"Comunica\u00e7\u00e3o PSOL\"}}]}<\/script>\n<!-- \/ Yoast SEO plugin. -->","yoast_head_json":{"title":"Tarc\u00edsio Motta quer incluir informa\u00e7\u00f5es em braille e \u00e1udio em embalagens de rem\u00e9dios - PSOL 50","description":"Tarc\u00edsio Motta apresenta projeto que exige a inclus\u00e3o de informa\u00e7\u00f5es em braille e \u00e1udio em embalagens de rem\u00e9dios. Saiba mais.","robots":{"index":"index","follow":"follow","max-snippet":"max-snippet:-1","max-image-preview":"max-image-preview:large","max-video-preview":"max-video-preview:-1"},"canonical":"https:\/\/psol50.org.br\/embalagens-de-remedios-acessiveis\/","og_locale":"pt_BR","og_type":"article","og_title":"Tarc\u00edsio Motta quer incluir informa\u00e7\u00f5es em braille e \u00e1udio em embalagens de rem\u00e9dios - PSOL 50","og_description":"Tarc\u00edsio Motta apresenta projeto que exige a inclus\u00e3o de informa\u00e7\u00f5es em braille e \u00e1udio em embalagens de rem\u00e9dios. Saiba mais.","og_url":"https:\/\/psol50.org.br\/embalagens-de-remedios-acessiveis\/","og_site_name":"PSOL 50","article_publisher":"https:\/\/www.facebook.com\/psol50","article_published_time":"2025-07-02T20:32:31+00:00","article_modified_time":"2025-07-04T17:26:48+00:00","og_image":[{"width":1984,"height":1223,"url":"https:\/\/psol50.org.br\/inc\/uploads\/2023\/10\/img20231017161614728.jpg","type":"image\/jpeg"}],"author":"Comunica\u00e7\u00e3o PSOL","twitter_card":"summary_large_image","twitter_creator":"@psol50","twitter_site":"@psol50","twitter_misc":{"Escrito por":"Comunica\u00e7\u00e3o PSOL","Est. tempo de leitura":"1 minuto"},"schema":{"@context":"https:\/\/schema.org","@graph":[{"@type":"Article","@id":"https:\/\/psol50.org.br\/embalagens-de-remedios-acessiveis\/#article","isPartOf":{"@id":"https:\/\/psol50.org.br\/embalagens-de-remedios-acessiveis\/"},"author":{"name":"Comunica\u00e7\u00e3o PSOL","@id":"https:\/\/psol50.org.br\/#\/schema\/person\/475dfa57d0b815993c714c2e96491fcd"},"headline":"Tarc\u00edsio Motta quer incluir informa\u00e7\u00f5es em braille e \u00e1udio em embalagens de rem\u00e9dios","datePublished":"2025-07-02T20:32:31+00:00","dateModified":"2025-07-04T17:26:48+00:00","mainEntityOfPage":{"@id":"https:\/\/psol50.org.br\/embalagens-de-remedios-acessiveis\/"},"wordCount":192,"publisher":{"@id":"https:\/\/psol50.org.br\/#organization"},"image":{"@id":"https:\/\/psol50.org.br\/embalagens-de-remedios-acessiveis\/#primaryimage"},"thumbnailUrl":"https:\/\/psol50.org.br\/inc\/uploads\/2023\/10\/img20231017161614728.jpg","keywords":["Not\u00edcias"],"articleSection":["A\u00e7\u00e3o Parlamentar"],"inLanguage":"pt-BR"},{"@type":"WebPage","@id":"https:\/\/psol50.org.br\/embalagens-de-remedios-acessiveis\/","url":"https:\/\/psol50.org.br\/embalagens-de-remedios-acessiveis\/","name":"Tarc\u00edsio Motta quer incluir informa\u00e7\u00f5es em braille e \u00e1udio em embalagens de rem\u00e9dios - PSOL 50","isPartOf":{"@id":"https:\/\/psol50.org.br\/#website"},"primaryImageOfPage":{"@id":"https:\/\/psol50.org.br\/embalagens-de-remedios-acessiveis\/#primaryimage"},"image":{"@id":"https:\/\/psol50.org.br\/embalagens-de-remedios-acessiveis\/#primaryimage"},"thumbnailUrl":"https:\/\/psol50.org.br\/inc\/uploads\/2023\/10\/img20231017161614728.jpg","datePublished":"2025-07-02T20:32:31+00:00","dateModified":"2025-07-04T17:26:48+00:00","description":"Tarc\u00edsio Motta apresenta projeto que exige a inclus\u00e3o de informa\u00e7\u00f5es em braille e \u00e1udio em embalagens de rem\u00e9dios. Saiba mais.","breadcrumb":{"@id":"https:\/\/psol50.org.br\/embalagens-de-remedios-acessiveis\/#breadcrumb"},"inLanguage":"pt-BR","potentialAction":[{"@type":"ReadAction","target":["https:\/\/psol50.org.br\/embalagens-de-remedios-acessiveis\/"]}]},{"@type":"ImageObject","inLanguage":"pt-BR","@id":"https:\/\/psol50.org.br\/embalagens-de-remedios-acessiveis\/#primaryimage","url":"https:\/\/psol50.org.br\/inc\/uploads\/2023\/10\/img20231017161614728.jpg","contentUrl":"https:\/\/psol50.org.br\/inc\/uploads\/2023\/10\/img20231017161614728.jpg","width":1984,"height":1223,"caption":"Foto: Mario Agra \/ C\u00e2mara dos Deputados"},{"@type":"BreadcrumbList","@id":"https:\/\/psol50.org.br\/embalagens-de-remedios-acessiveis\/#breadcrumb","itemListElement":[{"@type":"ListItem","position":1,"name":"In\u00edcio","item":"https:\/\/psol50.org.br\/"},{"@type":"ListItem","position":2,"name":"Tarc\u00edsio Motta quer incluir informa\u00e7\u00f5es em braille e \u00e1udio em embalagens de rem\u00e9dios"}]},{"@type":"WebSite","@id":"https:\/\/psol50.org.br\/#website","url":"https:\/\/psol50.org.br\/","name":"PSOL 50","description":"Site oficial do Partido Socialismo e Liberdade","publisher":{"@id":"https:\/\/psol50.org.br\/#organization"},"alternateName":"PSOL50","potentialAction":[{"@type":"SearchAction","target":{"@type":"EntryPoint","urlTemplate":"https:\/\/psol50.org.br\/?s={search_term_string}"},"query-input":{"@type":"PropertyValueSpecification","valueRequired":true,"valueName":"search_term_string"}}],"inLanguage":"pt-BR"},{"@type":"Organization","@id":"https:\/\/psol50.org.br\/#organization","name":"PSOL 50","alternateName":"PSOL 50","url":"https:\/\/psol50.org.br\/","logo":{"@type":"ImageObject","inLanguage":"pt-BR","@id":"https:\/\/psol50.org.br\/#\/schema\/logo\/image\/","url":"https:\/\/psol50.org.br\/inc\/uploads\/2018\/07\/capa.png","contentUrl":"https:\/\/psol50.org.br\/inc\/uploads\/2018\/07\/capa.png","width":1350,"height":900,"caption":"PSOL 50"},"image":{"@id":"https:\/\/psol50.org.br\/#\/schema\/logo\/image\/"},"sameAs":["https:\/\/www.facebook.com\/psol50","https:\/\/x.com\/psol50","https:\/\/www.instagram.com\/psol50\/","https:\/\/www.youtube.com\/channel\/UC7SnJS5o1os7a6CaiNabzcg"]},{"@type":"Person","@id":"https:\/\/psol50.org.br\/#\/schema\/person\/475dfa57d0b815993c714c2e96491fcd","name":"Comunica\u00e7\u00e3o PSOL","image":{"@type":"ImageObject","inLanguage":"pt-BR","@id":"https:\/\/psol50.org.br\/#\/schema\/person\/image\/","url":"https:\/\/secure.gravatar.com\/avatar\/b34fc4f4e468a4e51785917065a3db57b841f5c95dba6ad8c73aaf8f66f8f9bf?s=96&d=mm&r=g","contentUrl":"https:\/\/secure.gravatar.com\/avatar\/b34fc4f4e468a4e51785917065a3db57b841f5c95dba6ad8c73aaf8f66f8f9bf?s=96&d=mm&r=g","caption":"Comunica\u00e7\u00e3o PSOL"}}]}},"_links":{"self":[{"href":"https:\/\/psol50.org.br\/rest\/wp\/v2\/posts\/41435","targetHints":{"allow":["GET"]}}],"collection":[{"href":"https:\/\/psol50.org.br\/rest\/wp\/v2\/posts"}],"about":[{"href":"https:\/\/psol50.org.br\/rest\/wp\/v2\/types\/post"}],"author":[{"embeddable":true,"href":"https:\/\/psol50.org.br\/rest\/wp\/v2\/users\/2"}],"replies":[{"embeddable":true,"href":"https:\/\/psol50.org.br\/rest\/wp\/v2\/comments?post=41435"}],"version-history":[{"count":1,"href":"https:\/\/psol50.org.br\/rest\/wp\/v2\/posts\/41435\/revisions"}],"predecessor-version":[{"id":41436,"href":"https:\/\/psol50.org.br\/rest\/wp\/v2\/posts\/41435\/revisions\/41436"}],"wp:featuredmedia":[{"embeddable":true,"href":"https:\/\/psol50.org.br\/rest\/wp\/v2\/media\/38585"}],"wp:attachment":[{"href":"https:\/\/psol50.org.br\/rest\/wp\/v2\/media?parent=41435"}],"wp:term":[{"taxonomy":"category","embeddable":true,"href":"https:\/\/psol50.org.br\/rest\/wp\/v2\/categories?post=41435"},{"taxonomy":"post_tag","embeddable":true,"href":"https:\/\/psol50.org.br\/rest\/wp\/v2\/tags?post=41435"}],"curies":[{"name":"wp","href":"https:\/\/api.w.org\/{rel}","templated":true}]}}