{"id":41456,"date":"2025-07-10T17:38:26","date_gmt":"2025-07-10T20:38:26","guid":{"rendered":"https:\/\/psol50.org.br\/?p=41456"},"modified":"2025-07-18T13:42:08","modified_gmt":"2025-07-18T16:42:08","slug":"psol-pede-prisao-de-eduardo-bolsonaro-por-atentado-a-soberania-nacional","status":"publish","type":"post","link":"https:\/\/psol50.org.br\/psol-pede-prisao-de-eduardo-bolsonaro-por-atentado-a-soberania-nacional\/","title":{"rendered":"PSOL pede pris\u00e3o de Eduardo Bolsonaro por atentado \u00e0 soberania nacional"},"content":{"rendered":"<p>Na tarde desta quinta-feira (10), o Partido Socialismo e Liberdade (PSOL) ingressa com uma not\u00edcia-crime na Procuradoria-Geral da Rep\u00fablica (PGR) contra o deputado federal Eduardo Bolsonaro (PL-SP) em que pede sua pris\u00e3o.<\/p>\n<p>A a\u00e7\u00e3o elenca uma s\u00e9rie de crimes cometidos pelo parlamentar contra o Brasil a partir de sua atua\u00e7\u00e3o junto ao governo dos Estados Unidos e com o legislativo daquele pa\u00eds.<\/p>\n<p>Conforme a a\u00e7\u00e3o, Eduardo Bolsonaro atenta contra a soberania nacional ao tentar sabotar as institui\u00e7\u00f5es brasileiras com seu lobby sistem\u00e1tico contra o Brasil, que envolve uma s\u00e9rie de a\u00e7\u00f5es anti-diplom\u00e1ticas e que culminou com a declara\u00e7\u00e3o de guerra tarif\u00e1ria de Donald Trump contra o pa\u00eds, com al\u00edquota de 50%, em tese, a partir de 1\u00ba de agosto.<\/p>\n<p>\u201c\u00c9 inaceit\u00e1vel que um parlamentar fuja do Brasil para conspirar contra o pr\u00f3prio pa\u00eds e articule medidas que prejudicam a economia nacional. Ao menos a hipocrisia dos autointitulados patriotas que batem contin\u00eancia para a bandeira dos EUA ficou escancarada, comenta Paula Coradi, presidenta nacional do PSOL e que assina a a\u00e7\u00e3o na PGR.<\/p>\n<p>Para o partido, o lobby da fam\u00edlia Bolsonaro nos EUA integra uma segunda etapa daquela tentativa golpista de 8 de janeiro de 2023: ap\u00f3s n\u00e3o conseguir depor pela for\u00e7a o governo eleito, a extrema-direita busca alian\u00e7as externas para pressionar economicamente o Brasil.<\/p>\n<p>\u201cQuerem chantagear o Estado Brasileiro com sabotagem internacional \u00e0s nossas institui\u00e7\u00f5es. Isso \u00e9 crime, n\u00e3o pode passar batido\u201d, finaliza Coradi.<\/p>\n","protected":false},"excerpt":{"rendered":"<p>Na tarde desta quinta-feira (10), o Partido Socialismo e Liberdade (PSOL) ingressa com uma not\u00edcia-crime na Procuradoria-Geral da Rep\u00fablica (PGR) contra o deputado federal Eduardo Bolsonaro (PL-SP) em que pede sua pris\u00e3o. A a\u00e7\u00e3o elenca uma s\u00e9rie de crimes cometidos pelo parlamentar contra o Brasil a partir de sua atua\u00e7\u00e3o junto ao governo dos Estados [&hellip;]<\/p>\n","protected":false},"author":2,"featured_media":41459,"comment_status":"closed","ping_status":"open","sticky":false,"template":"","format":"standard","meta":{"_acf_changed":false,"footnotes":""},"categories":[14],"tags":[4825],"class_list":{"0":"post-41456","1":"post","2":"type-post","3":"status-publish","4":"format-standard","5":"has-post-thumbnail","7":"category-partido","8":"tag-noticias"},"acf":[],"yoast_head":"<!-- This site is optimized with the Yoast SEO plugin v26.5 - https:\/\/yoast.com\/wordpress\/plugins\/seo\/ -->\n<title>PSOL pede pris\u00e3o de Eduardo Bolsonaro por atentado \u00e0 soberania nacional<\/title>\n<meta name=\"description\" content=\"A\u00e7\u00e3o elenca uma s\u00e9rie de crimes cometidos pelo parlamentar contra o Brasil, como atentado \u00e0 soberania nacional, aboli\u00e7\u00e3o violenta do Estado Democr\u00e1tico de Direito e Golpe de Estado.\" \/>\n<meta name=\"robots\" content=\"index, follow, max-snippet:-1, max-image-preview:large, max-video-preview:-1\" \/>\n<link rel=\"canonical\" href=\"https:\/\/psol50.org.br\/psol-pede-prisao-de-eduardo-bolsonaro-por-atentado-a-soberania-nacional\/\" \/>\n<meta property=\"og:locale\" content=\"pt_BR\" \/>\n<meta property=\"og:type\" content=\"article\" \/>\n<meta property=\"og:title\" content=\"PSOL pede pris\u00e3o de Eduardo Bolsonaro por atentado \u00e0 soberania nacional\" \/>\n<meta property=\"og:description\" content=\"A\u00e7\u00e3o elenca uma s\u00e9rie de crimes cometidos pelo parlamentar contra o Brasil, como atentado \u00e0 soberania nacional, aboli\u00e7\u00e3o violenta do Estado Democr\u00e1tico de Direito e Golpe de Estado.\" \/>\n<meta property=\"og:url\" content=\"https:\/\/psol50.org.br\/psol-pede-prisao-de-eduardo-bolsonaro-por-atentado-a-soberania-nacional\/\" \/>\n<meta property=\"og:site_name\" content=\"PSOL 50\" \/>\n<meta property=\"article:publisher\" content=\"https:\/\/www.facebook.com\/psol50\" \/>\n<meta property=\"article:published_time\" content=\"2025-07-10T20:38:26+00:00\" \/>\n<meta property=\"article:modified_time\" content=\"2025-07-18T16:42:08+00:00\" \/>\n<meta property=\"og:image\" content=\"https:\/\/psol50.org.br\/inc\/uploads\/2025\/07\/Captura-de-Tela-2025-07-10-as-15.08.00-1024x612.png\" \/>\n\t<meta property=\"og:image:width\" content=\"1024\" \/>\n\t<meta property=\"og:image:height\" content=\"612\" \/>\n\t<meta property=\"og:image:type\" content=\"image\/png\" \/>\n<meta name=\"author\" content=\"Comunica\u00e7\u00e3o PSOL\" \/>\n<meta name=\"twitter:card\" content=\"summary_large_image\" \/>\n<meta name=\"twitter:creator\" content=\"@psol50\" \/>\n<meta name=\"twitter:site\" content=\"@psol50\" \/>\n<meta name=\"twitter:label1\" content=\"Escrito por\" \/>\n\t<meta name=\"twitter:data1\" content=\"Comunica\u00e7\u00e3o PSOL\" \/>\n\t<meta name=\"twitter:label2\" content=\"Est. tempo de leitura\" \/>\n\t<meta name=\"twitter:data2\" content=\"1 minuto\" \/>\n<script type=\"application\/ld+json\" class=\"yoast-schema-graph\">{\"@context\":\"https:\/\/schema.org\",\"@graph\":[{\"@type\":\"Article\",\"@id\":\"https:\/\/psol50.org.br\/psol-pede-prisao-de-eduardo-bolsonaro-por-atentado-a-soberania-nacional\/#article\",\"isPartOf\":{\"@id\":\"https:\/\/psol50.org.br\/psol-pede-prisao-de-eduardo-bolsonaro-por-atentado-a-soberania-nacional\/\"},\"author\":{\"name\":\"Comunica\u00e7\u00e3o PSOL\",\"@id\":\"https:\/\/psol50.org.br\/#\/schema\/person\/475dfa57d0b815993c714c2e96491fcd\"},\"headline\":\"PSOL pede pris\u00e3o de Eduardo Bolsonaro por atentado \u00e0 soberania nacional\",\"datePublished\":\"2025-07-10T20:38:26+00:00\",\"dateModified\":\"2025-07-18T16:42:08+00:00\",\"mainEntityOfPage\":{\"@id\":\"https:\/\/psol50.org.br\/psol-pede-prisao-de-eduardo-bolsonaro-por-atentado-a-soberania-nacional\/\"},\"wordCount\":267,\"publisher\":{\"@id\":\"https:\/\/psol50.org.br\/#organization\"},\"image\":{\"@id\":\"https:\/\/psol50.org.br\/psol-pede-prisao-de-eduardo-bolsonaro-por-atentado-a-soberania-nacional\/#primaryimage\"},\"thumbnailUrl\":\"https:\/\/psol50.org.br\/inc\/uploads\/2025\/07\/Captura-de-Tela-2025-07-10-as-15.08.00.png\",\"keywords\":[\"Not\u00edcias\"],\"articleSection\":[\"Partido\"],\"inLanguage\":\"pt-BR\"},{\"@type\":\"WebPage\",\"@id\":\"https:\/\/psol50.org.br\/psol-pede-prisao-de-eduardo-bolsonaro-por-atentado-a-soberania-nacional\/\",\"url\":\"https:\/\/psol50.org.br\/psol-pede-prisao-de-eduardo-bolsonaro-por-atentado-a-soberania-nacional\/\",\"name\":\"PSOL pede pris\u00e3o de Eduardo Bolsonaro por atentado \u00e0 soberania nacional\",\"isPartOf\":{\"@id\":\"https:\/\/psol50.org.br\/#website\"},\"primaryImageOfPage\":{\"@id\":\"https:\/\/psol50.org.br\/psol-pede-prisao-de-eduardo-bolsonaro-por-atentado-a-soberania-nacional\/#primaryimage\"},\"image\":{\"@id\":\"https:\/\/psol50.org.br\/psol-pede-prisao-de-eduardo-bolsonaro-por-atentado-a-soberania-nacional\/#primaryimage\"},\"thumbnailUrl\":\"https:\/\/psol50.org.br\/inc\/uploads\/2025\/07\/Captura-de-Tela-2025-07-10-as-15.08.00.png\",\"datePublished\":\"2025-07-10T20:38:26+00:00\",\"dateModified\":\"2025-07-18T16:42:08+00:00\",\"description\":\"A\u00e7\u00e3o elenca uma s\u00e9rie de crimes cometidos pelo parlamentar contra o Brasil, como atentado \u00e0 soberania nacional, aboli\u00e7\u00e3o violenta do Estado Democr\u00e1tico de Direito e Golpe de Estado.\",\"breadcrumb\":{\"@id\":\"https:\/\/psol50.org.br\/psol-pede-prisao-de-eduardo-bolsonaro-por-atentado-a-soberania-nacional\/#breadcrumb\"},\"inLanguage\":\"pt-BR\",\"potentialAction\":[{\"@type\":\"ReadAction\",\"target\":[\"https:\/\/psol50.org.br\/psol-pede-prisao-de-eduardo-bolsonaro-por-atentado-a-soberania-nacional\/\"]}]},{\"@type\":\"ImageObject\",\"inLanguage\":\"pt-BR\",\"@id\":\"https:\/\/psol50.org.br\/psol-pede-prisao-de-eduardo-bolsonaro-por-atentado-a-soberania-nacional\/#primaryimage\",\"url\":\"https:\/\/psol50.org.br\/inc\/uploads\/2025\/07\/Captura-de-Tela-2025-07-10-as-15.08.00.png\",\"contentUrl\":\"https:\/\/psol50.org.br\/inc\/uploads\/2025\/07\/Captura-de-Tela-2025-07-10-as-15.08.00.png\",\"width\":2318,\"height\":1386,\"caption\":\"Foto: Paola Orte\/Ag\u00eancia Brasil\"},{\"@type\":\"BreadcrumbList\",\"@id\":\"https:\/\/psol50.org.br\/psol-pede-prisao-de-eduardo-bolsonaro-por-atentado-a-soberania-nacional\/#breadcrumb\",\"itemListElement\":[{\"@type\":\"ListItem\",\"position\":1,\"name\":\"In\u00edcio\",\"item\":\"https:\/\/psol50.org.br\/\"},{\"@type\":\"ListItem\",\"position\":2,\"name\":\"PSOL pede pris\u00e3o de Eduardo Bolsonaro por atentado \u00e0 soberania nacional\"}]},{\"@type\":\"WebSite\",\"@id\":\"https:\/\/psol50.org.br\/#website\",\"url\":\"https:\/\/psol50.org.br\/\",\"name\":\"PSOL 50\",\"description\":\"Site oficial do Partido Socialismo e Liberdade\",\"publisher\":{\"@id\":\"https:\/\/psol50.org.br\/#organization\"},\"alternateName\":\"PSOL50\",\"potentialAction\":[{\"@type\":\"SearchAction\",\"target\":{\"@type\":\"EntryPoint\",\"urlTemplate\":\"https:\/\/psol50.org.br\/?s={search_term_string}\"},\"query-input\":{\"@type\":\"PropertyValueSpecification\",\"valueRequired\":true,\"valueName\":\"search_term_string\"}}],\"inLanguage\":\"pt-BR\"},{\"@type\":\"Organization\",\"@id\":\"https:\/\/psol50.org.br\/#organization\",\"name\":\"PSOL 50\",\"alternateName\":\"PSOL 50\",\"url\":\"https:\/\/psol50.org.br\/\",\"logo\":{\"@type\":\"ImageObject\",\"inLanguage\":\"pt-BR\",\"@id\":\"https:\/\/psol50.org.br\/#\/schema\/logo\/image\/\",\"url\":\"https:\/\/psol50.org.br\/inc\/uploads\/2018\/07\/capa.png\",\"contentUrl\":\"https:\/\/psol50.org.br\/inc\/uploads\/2018\/07\/capa.png\",\"width\":1350,\"height\":900,\"caption\":\"PSOL 50\"},\"image\":{\"@id\":\"https:\/\/psol50.org.br\/#\/schema\/logo\/image\/\"},\"sameAs\":[\"https:\/\/www.facebook.com\/psol50\",\"https:\/\/x.com\/psol50\",\"https:\/\/www.instagram.com\/psol50\/\",\"https:\/\/www.youtube.com\/channel\/UC7SnJS5o1os7a6CaiNabzcg\"]},{\"@type\":\"Person\",\"@id\":\"https:\/\/psol50.org.br\/#\/schema\/person\/475dfa57d0b815993c714c2e96491fcd\",\"name\":\"Comunica\u00e7\u00e3o PSOL\",\"image\":{\"@type\":\"ImageObject\",\"inLanguage\":\"pt-BR\",\"@id\":\"https:\/\/psol50.org.br\/#\/schema\/person\/image\/\",\"url\":\"https:\/\/secure.gravatar.com\/avatar\/b34fc4f4e468a4e51785917065a3db57b841f5c95dba6ad8c73aaf8f66f8f9bf?s=96&d=mm&r=g\",\"contentUrl\":\"https:\/\/secure.gravatar.com\/avatar\/b34fc4f4e468a4e51785917065a3db57b841f5c95dba6ad8c73aaf8f66f8f9bf?s=96&d=mm&r=g\",\"caption\":\"Comunica\u00e7\u00e3o PSOL\"}}]}<\/script>\n<!-- \/ Yoast SEO plugin. -->","yoast_head_json":{"title":"PSOL pede pris\u00e3o de Eduardo Bolsonaro por atentado \u00e0 soberania nacional","description":"A\u00e7\u00e3o elenca uma s\u00e9rie de crimes cometidos pelo parlamentar contra o Brasil, como atentado \u00e0 soberania nacional, aboli\u00e7\u00e3o violenta do Estado Democr\u00e1tico de Direito e Golpe de Estado.","robots":{"index":"index","follow":"follow","max-snippet":"max-snippet:-1","max-image-preview":"max-image-preview:large","max-video-preview":"max-video-preview:-1"},"canonical":"https:\/\/psol50.org.br\/psol-pede-prisao-de-eduardo-bolsonaro-por-atentado-a-soberania-nacional\/","og_locale":"pt_BR","og_type":"article","og_title":"PSOL pede pris\u00e3o de Eduardo Bolsonaro por atentado \u00e0 soberania nacional","og_description":"A\u00e7\u00e3o elenca uma s\u00e9rie de crimes cometidos pelo parlamentar contra o Brasil, como atentado \u00e0 soberania nacional, aboli\u00e7\u00e3o violenta do Estado Democr\u00e1tico de Direito e Golpe de Estado.","og_url":"https:\/\/psol50.org.br\/psol-pede-prisao-de-eduardo-bolsonaro-por-atentado-a-soberania-nacional\/","og_site_name":"PSOL 50","article_publisher":"https:\/\/www.facebook.com\/psol50","article_published_time":"2025-07-10T20:38:26+00:00","article_modified_time":"2025-07-18T16:42:08+00:00","og_image":[{"width":1024,"height":612,"url":"https:\/\/psol50.org.br\/inc\/uploads\/2025\/07\/Captura-de-Tela-2025-07-10-as-15.08.00-1024x612.png","type":"image\/png"}],"author":"Comunica\u00e7\u00e3o PSOL","twitter_card":"summary_large_image","twitter_creator":"@psol50","twitter_site":"@psol50","twitter_misc":{"Escrito por":"Comunica\u00e7\u00e3o PSOL","Est. tempo de leitura":"1 minuto"},"schema":{"@context":"https:\/\/schema.org","@graph":[{"@type":"Article","@id":"https:\/\/psol50.org.br\/psol-pede-prisao-de-eduardo-bolsonaro-por-atentado-a-soberania-nacional\/#article","isPartOf":{"@id":"https:\/\/psol50.org.br\/psol-pede-prisao-de-eduardo-bolsonaro-por-atentado-a-soberania-nacional\/"},"author":{"name":"Comunica\u00e7\u00e3o PSOL","@id":"https:\/\/psol50.org.br\/#\/schema\/person\/475dfa57d0b815993c714c2e96491fcd"},"headline":"PSOL pede pris\u00e3o de Eduardo Bolsonaro por atentado \u00e0 soberania nacional","datePublished":"2025-07-10T20:38:26+00:00","dateModified":"2025-07-18T16:42:08+00:00","mainEntityOfPage":{"@id":"https:\/\/psol50.org.br\/psol-pede-prisao-de-eduardo-bolsonaro-por-atentado-a-soberania-nacional\/"},"wordCount":267,"publisher":{"@id":"https:\/\/psol50.org.br\/#organization"},"image":{"@id":"https:\/\/psol50.org.br\/psol-pede-prisao-de-eduardo-bolsonaro-por-atentado-a-soberania-nacional\/#primaryimage"},"thumbnailUrl":"https:\/\/psol50.org.br\/inc\/uploads\/2025\/07\/Captura-de-Tela-2025-07-10-as-15.08.00.png","keywords":["Not\u00edcias"],"articleSection":["Partido"],"inLanguage":"pt-BR"},{"@type":"WebPage","@id":"https:\/\/psol50.org.br\/psol-pede-prisao-de-eduardo-bolsonaro-por-atentado-a-soberania-nacional\/","url":"https:\/\/psol50.org.br\/psol-pede-prisao-de-eduardo-bolsonaro-por-atentado-a-soberania-nacional\/","name":"PSOL pede pris\u00e3o de Eduardo Bolsonaro por atentado \u00e0 soberania nacional","isPartOf":{"@id":"https:\/\/psol50.org.br\/#website"},"primaryImageOfPage":{"@id":"https:\/\/psol50.org.br\/psol-pede-prisao-de-eduardo-bolsonaro-por-atentado-a-soberania-nacional\/#primaryimage"},"image":{"@id":"https:\/\/psol50.org.br\/psol-pede-prisao-de-eduardo-bolsonaro-por-atentado-a-soberania-nacional\/#primaryimage"},"thumbnailUrl":"https:\/\/psol50.org.br\/inc\/uploads\/2025\/07\/Captura-de-Tela-2025-07-10-as-15.08.00.png","datePublished":"2025-07-10T20:38:26+00:00","dateModified":"2025-07-18T16:42:08+00:00","description":"A\u00e7\u00e3o elenca uma s\u00e9rie de crimes cometidos pelo parlamentar contra o Brasil, como atentado \u00e0 soberania nacional, aboli\u00e7\u00e3o violenta do Estado Democr\u00e1tico de Direito e Golpe de Estado.","breadcrumb":{"@id":"https:\/\/psol50.org.br\/psol-pede-prisao-de-eduardo-bolsonaro-por-atentado-a-soberania-nacional\/#breadcrumb"},"inLanguage":"pt-BR","potentialAction":[{"@type":"ReadAction","target":["https:\/\/psol50.org.br\/psol-pede-prisao-de-eduardo-bolsonaro-por-atentado-a-soberania-nacional\/"]}]},{"@type":"ImageObject","inLanguage":"pt-BR","@id":"https:\/\/psol50.org.br\/psol-pede-prisao-de-eduardo-bolsonaro-por-atentado-a-soberania-nacional\/#primaryimage","url":"https:\/\/psol50.org.br\/inc\/uploads\/2025\/07\/Captura-de-Tela-2025-07-10-as-15.08.00.png","contentUrl":"https:\/\/psol50.org.br\/inc\/uploads\/2025\/07\/Captura-de-Tela-2025-07-10-as-15.08.00.png","width":2318,"height":1386,"caption":"Foto: Paola Orte\/Ag\u00eancia Brasil"},{"@type":"BreadcrumbList","@id":"https:\/\/psol50.org.br\/psol-pede-prisao-de-eduardo-bolsonaro-por-atentado-a-soberania-nacional\/#breadcrumb","itemListElement":[{"@type":"ListItem","position":1,"name":"In\u00edcio","item":"https:\/\/psol50.org.br\/"},{"@type":"ListItem","position":2,"name":"PSOL pede pris\u00e3o de Eduardo Bolsonaro por atentado \u00e0 soberania nacional"}]},{"@type":"WebSite","@id":"https:\/\/psol50.org.br\/#website","url":"https:\/\/psol50.org.br\/","name":"PSOL 50","description":"Site oficial do Partido Socialismo e Liberdade","publisher":{"@id":"https:\/\/psol50.org.br\/#organization"},"alternateName":"PSOL50","potentialAction":[{"@type":"SearchAction","target":{"@type":"EntryPoint","urlTemplate":"https:\/\/psol50.org.br\/?s={search_term_string}"},"query-input":{"@type":"PropertyValueSpecification","valueRequired":true,"valueName":"search_term_string"}}],"inLanguage":"pt-BR"},{"@type":"Organization","@id":"https:\/\/psol50.org.br\/#organization","name":"PSOL 50","alternateName":"PSOL 50","url":"https:\/\/psol50.org.br\/","logo":{"@type":"ImageObject","inLanguage":"pt-BR","@id":"https:\/\/psol50.org.br\/#\/schema\/logo\/image\/","url":"https:\/\/psol50.org.br\/inc\/uploads\/2018\/07\/capa.png","contentUrl":"https:\/\/psol50.org.br\/inc\/uploads\/2018\/07\/capa.png","width":1350,"height":900,"caption":"PSOL 50"},"image":{"@id":"https:\/\/psol50.org.br\/#\/schema\/logo\/image\/"},"sameAs":["https:\/\/www.facebook.com\/psol50","https:\/\/x.com\/psol50","https:\/\/www.instagram.com\/psol50\/","https:\/\/www.youtube.com\/channel\/UC7SnJS5o1os7a6CaiNabzcg"]},{"@type":"Person","@id":"https:\/\/psol50.org.br\/#\/schema\/person\/475dfa57d0b815993c714c2e96491fcd","name":"Comunica\u00e7\u00e3o PSOL","image":{"@type":"ImageObject","inLanguage":"pt-BR","@id":"https:\/\/psol50.org.br\/#\/schema\/person\/image\/","url":"https:\/\/secure.gravatar.com\/avatar\/b34fc4f4e468a4e51785917065a3db57b841f5c95dba6ad8c73aaf8f66f8f9bf?s=96&d=mm&r=g","contentUrl":"https:\/\/secure.gravatar.com\/avatar\/b34fc4f4e468a4e51785917065a3db57b841f5c95dba6ad8c73aaf8f66f8f9bf?s=96&d=mm&r=g","caption":"Comunica\u00e7\u00e3o PSOL"}}]}},"_links":{"self":[{"href":"https:\/\/psol50.org.br\/rest\/wp\/v2\/posts\/41456","targetHints":{"allow":["GET"]}}],"collection":[{"href":"https:\/\/psol50.org.br\/rest\/wp\/v2\/posts"}],"about":[{"href":"https:\/\/psol50.org.br\/rest\/wp\/v2\/types\/post"}],"author":[{"embeddable":true,"href":"https:\/\/psol50.org.br\/rest\/wp\/v2\/users\/2"}],"replies":[{"embeddable":true,"href":"https:\/\/psol50.org.br\/rest\/wp\/v2\/comments?post=41456"}],"version-history":[{"count":2,"href":"https:\/\/psol50.org.br\/rest\/wp\/v2\/posts\/41456\/revisions"}],"predecessor-version":[{"id":41458,"href":"https:\/\/psol50.org.br\/rest\/wp\/v2\/posts\/41456\/revisions\/41458"}],"wp:featuredmedia":[{"embeddable":true,"href":"https:\/\/psol50.org.br\/rest\/wp\/v2\/media\/41459"}],"wp:attachment":[{"href":"https:\/\/psol50.org.br\/rest\/wp\/v2\/media?parent=41456"}],"wp:term":[{"taxonomy":"category","embeddable":true,"href":"https:\/\/psol50.org.br\/rest\/wp\/v2\/categories?post=41456"},{"taxonomy":"post_tag","embeddable":true,"href":"https:\/\/psol50.org.br\/rest\/wp\/v2\/tags?post=41456"}],"curies":[{"name":"wp","href":"https:\/\/api.w.org\/{rel}","templated":true}]}}