{"id":41461,"date":"2025-07-10T17:11:46","date_gmt":"2025-07-10T20:11:46","guid":{"rendered":"https:\/\/psol50.org.br\/?p=41461"},"modified":"2025-07-11T14:04:55","modified_gmt":"2025-07-11T17:04:55","slug":"samia-bomfim-aciona-pgr-contra-eduardo-bolsonaro-apos-tarifaco-de-trump","status":"publish","type":"post","link":"https:\/\/psol50.org.br\/samia-bomfim-aciona-pgr-contra-eduardo-bolsonaro-apos-tarifaco-de-trump\/","title":{"rendered":"S\u00e2mia Bomfim aciona PGR contra Eduardo Bolsonaro ap\u00f3s tarifa\u00e7o de Trump"},"content":{"rendered":"<p>A deputada federal S\u00e2mia Bomfim (PSOL-SP) acionou a Procuradoria-Geral da Rep\u00fablica (PGR) para que sejam apurados os atos conspirat\u00f3rios e que atentam contra a soberania nacional promovidos por Eduardo Bolsonaro nos EUA.<\/p>\n<p>O car\u00e1ter lesa-p\u00e1tria da articula\u00e7\u00e3o da extrema-direita brasileira com Donald Trump ficou evidente com o an\u00fancio de uma tarifa de 50% sobre as importa\u00e7\u00f5es de produtos brasileiros a ser aplicada a partir do pr\u00f3ximo dia 1\u00ba de agosto.<\/p>\n<p>A parlamentar do PSOL pede a instaura\u00e7\u00e3o de um inqu\u00e9rito e a investiga\u00e7\u00e3o de eventuais liga\u00e7\u00f5es do deputado atualmente &#8220;licenciado&#8221; com autoridades estrangeiras para fomentar san\u00e7\u00f5es econ\u00f4micas ao Brasil com fins pol\u00edticos.<\/p>\n<p>Na not\u00edcia-crime, S\u00e2mia tamb\u00e9m pleiteia que a PGR avalie n\u00e3o apenas sua responsabiliza\u00e7\u00e3o penal e c\u00edvel, mas a inclus\u00e3o dos novos fatos no inqu\u00e9rito em curso no STF que averigua a estadia de Eduardo Bolsonaro nos Estados Unidos. Ele \u00e9 investigado pela pr\u00e1tica de crimes como coa\u00e7\u00e3o, obstru\u00e7\u00e3o de investiga\u00e7\u00e3o e aboli\u00e7\u00e3o violento do Estado democr\u00e1tico.<\/p>\n<p>Para a deputada do PSOL, h\u00e1 registros p\u00fablicos de que Eduardo tem atuado reiteradamente contra os interesses nacionais, participando de encontros com representantes da extrema-direita americana, promovendo campanhas de desinforma\u00e7\u00e3o sobre o sistema democr\u00e1tico brasileiro e antecipando medidas que seriam adotadas pelo governo Trump.<\/p>\n<p>&#8220;\u00c9 evidente que as declara\u00e7\u00f5es (de Trump) se sustentam em uma narrativa fantasiosa e politicamente motivada, cuja inten\u00e7\u00e3o manifesta \u00e9 constranger as institui\u00e7\u00f5es brasileiras, pressionar o Poder Executivo e o Judici\u00e1rio e legitimar a atua\u00e7\u00e3o da extrema-direita brasileira no exterior&#8221;, diz trecho da representa\u00e7\u00e3o apresentada por S\u00e2mia.<\/p>\n","protected":false},"excerpt":{"rendered":"<p>A deputada federal S\u00e2mia Bomfim (PSOL-SP) acionou a Procuradoria-Geral da Rep\u00fablica (PGR) para que sejam apurados os atos conspirat\u00f3rios e que atentam contra a soberania nacional promovidos por Eduardo Bolsonaro nos EUA. O car\u00e1ter lesa-p\u00e1tria da articula\u00e7\u00e3o da extrema-direita brasileira com Donald Trump ficou evidente com o an\u00fancio de uma tarifa de 50% sobre as [&hellip;]<\/p>\n","protected":false},"author":2,"featured_media":41464,"comment_status":"closed","ping_status":"open","sticky":false,"template":"","format":"standard","meta":{"_acf_changed":false,"footnotes":""},"categories":[10,1882],"tags":[4825],"class_list":{"0":"post-41461","1":"post","2":"type-post","3":"status-publish","4":"format-standard","5":"has-post-thumbnail","7":"category-acao-parlamentares","8":"category-brasil","9":"tag-noticias"},"acf":[],"yoast_head":"<!-- This site is optimized with the Yoast SEO plugin v26.5 - https:\/\/yoast.com\/wordpress\/plugins\/seo\/ -->\n<title>S\u00e2mia Bomfim aciona PGR contra Eduardo Bolsonaro ap\u00f3s tarifa\u00e7o de Trump<\/title>\n<meta name=\"description\" content=\"Para a deputada do PSOL, Eduardo tem atuado reiteradamente contra os interesses nacionais com sua articula\u00e7\u00e3o de extrema-direita nos EUA.\" \/>\n<meta name=\"robots\" content=\"index, follow, max-snippet:-1, max-image-preview:large, max-video-preview:-1\" \/>\n<link rel=\"canonical\" href=\"https:\/\/psol50.org.br\/samia-bomfim-aciona-pgr-contra-eduardo-bolsonaro-apos-tarifaco-de-trump\/\" \/>\n<meta property=\"og:locale\" content=\"pt_BR\" \/>\n<meta property=\"og:type\" content=\"article\" \/>\n<meta property=\"og:title\" content=\"S\u00e2mia Bomfim aciona PGR contra Eduardo Bolsonaro ap\u00f3s tarifa\u00e7o de Trump\" \/>\n<meta property=\"og:description\" content=\"Para a deputada do PSOL, Eduardo tem atuado reiteradamente contra os interesses nacionais com sua articula\u00e7\u00e3o de extrema-direita nos EUA.\" \/>\n<meta property=\"og:url\" content=\"https:\/\/psol50.org.br\/samia-bomfim-aciona-pgr-contra-eduardo-bolsonaro-apos-tarifaco-de-trump\/\" \/>\n<meta property=\"og:site_name\" content=\"PSOL 50\" \/>\n<meta property=\"article:publisher\" content=\"https:\/\/www.facebook.com\/psol50\" \/>\n<meta property=\"article:published_time\" content=\"2025-07-10T20:11:46+00:00\" \/>\n<meta property=\"article:modified_time\" content=\"2025-07-11T17:04:55+00:00\" \/>\n<meta property=\"og:image\" content=\"https:\/\/psol50.org.br\/inc\/uploads\/2025\/07\/Captura-de-Tela-2025-07-10-as-17.10.37-1024x687.png\" \/>\n\t<meta property=\"og:image:width\" content=\"1024\" \/>\n\t<meta property=\"og:image:height\" content=\"687\" \/>\n\t<meta property=\"og:image:type\" content=\"image\/png\" \/>\n<meta name=\"author\" content=\"Comunica\u00e7\u00e3o PSOL\" \/>\n<meta name=\"twitter:card\" content=\"summary_large_image\" \/>\n<meta name=\"twitter:creator\" content=\"@psol50\" \/>\n<meta name=\"twitter:site\" content=\"@psol50\" \/>\n<meta name=\"twitter:label1\" content=\"Escrito por\" \/>\n\t<meta name=\"twitter:data1\" content=\"Comunica\u00e7\u00e3o PSOL\" \/>\n\t<meta name=\"twitter:label2\" content=\"Est. tempo de leitura\" \/>\n\t<meta name=\"twitter:data2\" content=\"1 minuto\" \/>\n<script type=\"application\/ld+json\" class=\"yoast-schema-graph\">{\"@context\":\"https:\/\/schema.org\",\"@graph\":[{\"@type\":\"Article\",\"@id\":\"https:\/\/psol50.org.br\/samia-bomfim-aciona-pgr-contra-eduardo-bolsonaro-apos-tarifaco-de-trump\/#article\",\"isPartOf\":{\"@id\":\"https:\/\/psol50.org.br\/samia-bomfim-aciona-pgr-contra-eduardo-bolsonaro-apos-tarifaco-de-trump\/\"},\"author\":{\"name\":\"Comunica\u00e7\u00e3o PSOL\",\"@id\":\"https:\/\/psol50.org.br\/#\/schema\/person\/475dfa57d0b815993c714c2e96491fcd\"},\"headline\":\"S\u00e2mia Bomfim aciona PGR contra Eduardo Bolsonaro ap\u00f3s tarifa\u00e7o de Trump\",\"datePublished\":\"2025-07-10T20:11:46+00:00\",\"dateModified\":\"2025-07-11T17:04:55+00:00\",\"mainEntityOfPage\":{\"@id\":\"https:\/\/psol50.org.br\/samia-bomfim-aciona-pgr-contra-eduardo-bolsonaro-apos-tarifaco-de-trump\/\"},\"wordCount\":298,\"publisher\":{\"@id\":\"https:\/\/psol50.org.br\/#organization\"},\"image\":{\"@id\":\"https:\/\/psol50.org.br\/samia-bomfim-aciona-pgr-contra-eduardo-bolsonaro-apos-tarifaco-de-trump\/#primaryimage\"},\"thumbnailUrl\":\"https:\/\/psol50.org.br\/inc\/uploads\/2025\/07\/Captura-de-Tela-2025-07-10-as-17.10.37.png\",\"keywords\":[\"Not\u00edcias\"],\"articleSection\":[\"A\u00e7\u00e3o Parlamentar\",\"Brasil\"],\"inLanguage\":\"pt-BR\"},{\"@type\":\"WebPage\",\"@id\":\"https:\/\/psol50.org.br\/samia-bomfim-aciona-pgr-contra-eduardo-bolsonaro-apos-tarifaco-de-trump\/\",\"url\":\"https:\/\/psol50.org.br\/samia-bomfim-aciona-pgr-contra-eduardo-bolsonaro-apos-tarifaco-de-trump\/\",\"name\":\"S\u00e2mia Bomfim aciona PGR contra Eduardo Bolsonaro ap\u00f3s tarifa\u00e7o de Trump\",\"isPartOf\":{\"@id\":\"https:\/\/psol50.org.br\/#website\"},\"primaryImageOfPage\":{\"@id\":\"https:\/\/psol50.org.br\/samia-bomfim-aciona-pgr-contra-eduardo-bolsonaro-apos-tarifaco-de-trump\/#primaryimage\"},\"image\":{\"@id\":\"https:\/\/psol50.org.br\/samia-bomfim-aciona-pgr-contra-eduardo-bolsonaro-apos-tarifaco-de-trump\/#primaryimage\"},\"thumbnailUrl\":\"https:\/\/psol50.org.br\/inc\/uploads\/2025\/07\/Captura-de-Tela-2025-07-10-as-17.10.37.png\",\"datePublished\":\"2025-07-10T20:11:46+00:00\",\"dateModified\":\"2025-07-11T17:04:55+00:00\",\"description\":\"Para a deputada do PSOL, Eduardo tem atuado reiteradamente contra os interesses nacionais com sua articula\u00e7\u00e3o de extrema-direita nos EUA.\",\"breadcrumb\":{\"@id\":\"https:\/\/psol50.org.br\/samia-bomfim-aciona-pgr-contra-eduardo-bolsonaro-apos-tarifaco-de-trump\/#breadcrumb\"},\"inLanguage\":\"pt-BR\",\"potentialAction\":[{\"@type\":\"ReadAction\",\"target\":[\"https:\/\/psol50.org.br\/samia-bomfim-aciona-pgr-contra-eduardo-bolsonaro-apos-tarifaco-de-trump\/\"]}]},{\"@type\":\"ImageObject\",\"inLanguage\":\"pt-BR\",\"@id\":\"https:\/\/psol50.org.br\/samia-bomfim-aciona-pgr-contra-eduardo-bolsonaro-apos-tarifaco-de-trump\/#primaryimage\",\"url\":\"https:\/\/psol50.org.br\/inc\/uploads\/2025\/07\/Captura-de-Tela-2025-07-10-as-17.10.37.png\",\"contentUrl\":\"https:\/\/psol50.org.br\/inc\/uploads\/2025\/07\/Captura-de-Tela-2025-07-10-as-17.10.37.png\",\"width\":1768,\"height\":1186,\"caption\":\"Foto: Joyce N. Boghosian\/Casa Branca\"},{\"@type\":\"BreadcrumbList\",\"@id\":\"https:\/\/psol50.org.br\/samia-bomfim-aciona-pgr-contra-eduardo-bolsonaro-apos-tarifaco-de-trump\/#breadcrumb\",\"itemListElement\":[{\"@type\":\"ListItem\",\"position\":1,\"name\":\"In\u00edcio\",\"item\":\"https:\/\/psol50.org.br\/\"},{\"@type\":\"ListItem\",\"position\":2,\"name\":\"S\u00e2mia Bomfim aciona PGR contra Eduardo Bolsonaro ap\u00f3s tarifa\u00e7o de Trump\"}]},{\"@type\":\"WebSite\",\"@id\":\"https:\/\/psol50.org.br\/#website\",\"url\":\"https:\/\/psol50.org.br\/\",\"name\":\"PSOL 50\",\"description\":\"Site oficial do Partido Socialismo e Liberdade\",\"publisher\":{\"@id\":\"https:\/\/psol50.org.br\/#organization\"},\"alternateName\":\"PSOL50\",\"potentialAction\":[{\"@type\":\"SearchAction\",\"target\":{\"@type\":\"EntryPoint\",\"urlTemplate\":\"https:\/\/psol50.org.br\/?s={search_term_string}\"},\"query-input\":{\"@type\":\"PropertyValueSpecification\",\"valueRequired\":true,\"valueName\":\"search_term_string\"}}],\"inLanguage\":\"pt-BR\"},{\"@type\":\"Organization\",\"@id\":\"https:\/\/psol50.org.br\/#organization\",\"name\":\"PSOL 50\",\"alternateName\":\"PSOL 50\",\"url\":\"https:\/\/psol50.org.br\/\",\"logo\":{\"@type\":\"ImageObject\",\"inLanguage\":\"pt-BR\",\"@id\":\"https:\/\/psol50.org.br\/#\/schema\/logo\/image\/\",\"url\":\"https:\/\/psol50.org.br\/inc\/uploads\/2018\/07\/capa.png\",\"contentUrl\":\"https:\/\/psol50.org.br\/inc\/uploads\/2018\/07\/capa.png\",\"width\":1350,\"height\":900,\"caption\":\"PSOL 50\"},\"image\":{\"@id\":\"https:\/\/psol50.org.br\/#\/schema\/logo\/image\/\"},\"sameAs\":[\"https:\/\/www.facebook.com\/psol50\",\"https:\/\/x.com\/psol50\",\"https:\/\/www.instagram.com\/psol50\/\",\"https:\/\/www.youtube.com\/channel\/UC7SnJS5o1os7a6CaiNabzcg\"]},{\"@type\":\"Person\",\"@id\":\"https:\/\/psol50.org.br\/#\/schema\/person\/475dfa57d0b815993c714c2e96491fcd\",\"name\":\"Comunica\u00e7\u00e3o PSOL\",\"image\":{\"@type\":\"ImageObject\",\"inLanguage\":\"pt-BR\",\"@id\":\"https:\/\/psol50.org.br\/#\/schema\/person\/image\/\",\"url\":\"https:\/\/secure.gravatar.com\/avatar\/b34fc4f4e468a4e51785917065a3db57b841f5c95dba6ad8c73aaf8f66f8f9bf?s=96&d=mm&r=g\",\"contentUrl\":\"https:\/\/secure.gravatar.com\/avatar\/b34fc4f4e468a4e51785917065a3db57b841f5c95dba6ad8c73aaf8f66f8f9bf?s=96&d=mm&r=g\",\"caption\":\"Comunica\u00e7\u00e3o PSOL\"}}]}<\/script>\n<!-- \/ Yoast SEO plugin. -->","yoast_head_json":{"title":"S\u00e2mia Bomfim aciona PGR contra Eduardo Bolsonaro ap\u00f3s tarifa\u00e7o de Trump","description":"Para a deputada do PSOL, Eduardo tem atuado reiteradamente contra os interesses nacionais com sua articula\u00e7\u00e3o de extrema-direita nos EUA.","robots":{"index":"index","follow":"follow","max-snippet":"max-snippet:-1","max-image-preview":"max-image-preview:large","max-video-preview":"max-video-preview:-1"},"canonical":"https:\/\/psol50.org.br\/samia-bomfim-aciona-pgr-contra-eduardo-bolsonaro-apos-tarifaco-de-trump\/","og_locale":"pt_BR","og_type":"article","og_title":"S\u00e2mia Bomfim aciona PGR contra Eduardo Bolsonaro ap\u00f3s tarifa\u00e7o de Trump","og_description":"Para a deputada do PSOL, Eduardo tem atuado reiteradamente contra os interesses nacionais com sua articula\u00e7\u00e3o de extrema-direita nos EUA.","og_url":"https:\/\/psol50.org.br\/samia-bomfim-aciona-pgr-contra-eduardo-bolsonaro-apos-tarifaco-de-trump\/","og_site_name":"PSOL 50","article_publisher":"https:\/\/www.facebook.com\/psol50","article_published_time":"2025-07-10T20:11:46+00:00","article_modified_time":"2025-07-11T17:04:55+00:00","og_image":[{"width":1024,"height":687,"url":"https:\/\/psol50.org.br\/inc\/uploads\/2025\/07\/Captura-de-Tela-2025-07-10-as-17.10.37-1024x687.png","type":"image\/png"}],"author":"Comunica\u00e7\u00e3o PSOL","twitter_card":"summary_large_image","twitter_creator":"@psol50","twitter_site":"@psol50","twitter_misc":{"Escrito por":"Comunica\u00e7\u00e3o PSOL","Est. tempo de leitura":"1 minuto"},"schema":{"@context":"https:\/\/schema.org","@graph":[{"@type":"Article","@id":"https:\/\/psol50.org.br\/samia-bomfim-aciona-pgr-contra-eduardo-bolsonaro-apos-tarifaco-de-trump\/#article","isPartOf":{"@id":"https:\/\/psol50.org.br\/samia-bomfim-aciona-pgr-contra-eduardo-bolsonaro-apos-tarifaco-de-trump\/"},"author":{"name":"Comunica\u00e7\u00e3o PSOL","@id":"https:\/\/psol50.org.br\/#\/schema\/person\/475dfa57d0b815993c714c2e96491fcd"},"headline":"S\u00e2mia Bomfim aciona PGR contra Eduardo Bolsonaro ap\u00f3s tarifa\u00e7o de Trump","datePublished":"2025-07-10T20:11:46+00:00","dateModified":"2025-07-11T17:04:55+00:00","mainEntityOfPage":{"@id":"https:\/\/psol50.org.br\/samia-bomfim-aciona-pgr-contra-eduardo-bolsonaro-apos-tarifaco-de-trump\/"},"wordCount":298,"publisher":{"@id":"https:\/\/psol50.org.br\/#organization"},"image":{"@id":"https:\/\/psol50.org.br\/samia-bomfim-aciona-pgr-contra-eduardo-bolsonaro-apos-tarifaco-de-trump\/#primaryimage"},"thumbnailUrl":"https:\/\/psol50.org.br\/inc\/uploads\/2025\/07\/Captura-de-Tela-2025-07-10-as-17.10.37.png","keywords":["Not\u00edcias"],"articleSection":["A\u00e7\u00e3o Parlamentar","Brasil"],"inLanguage":"pt-BR"},{"@type":"WebPage","@id":"https:\/\/psol50.org.br\/samia-bomfim-aciona-pgr-contra-eduardo-bolsonaro-apos-tarifaco-de-trump\/","url":"https:\/\/psol50.org.br\/samia-bomfim-aciona-pgr-contra-eduardo-bolsonaro-apos-tarifaco-de-trump\/","name":"S\u00e2mia Bomfim aciona PGR contra Eduardo Bolsonaro ap\u00f3s tarifa\u00e7o de Trump","isPartOf":{"@id":"https:\/\/psol50.org.br\/#website"},"primaryImageOfPage":{"@id":"https:\/\/psol50.org.br\/samia-bomfim-aciona-pgr-contra-eduardo-bolsonaro-apos-tarifaco-de-trump\/#primaryimage"},"image":{"@id":"https:\/\/psol50.org.br\/samia-bomfim-aciona-pgr-contra-eduardo-bolsonaro-apos-tarifaco-de-trump\/#primaryimage"},"thumbnailUrl":"https:\/\/psol50.org.br\/inc\/uploads\/2025\/07\/Captura-de-Tela-2025-07-10-as-17.10.37.png","datePublished":"2025-07-10T20:11:46+00:00","dateModified":"2025-07-11T17:04:55+00:00","description":"Para a deputada do PSOL, Eduardo tem atuado reiteradamente contra os interesses nacionais com sua articula\u00e7\u00e3o de extrema-direita nos EUA.","breadcrumb":{"@id":"https:\/\/psol50.org.br\/samia-bomfim-aciona-pgr-contra-eduardo-bolsonaro-apos-tarifaco-de-trump\/#breadcrumb"},"inLanguage":"pt-BR","potentialAction":[{"@type":"ReadAction","target":["https:\/\/psol50.org.br\/samia-bomfim-aciona-pgr-contra-eduardo-bolsonaro-apos-tarifaco-de-trump\/"]}]},{"@type":"ImageObject","inLanguage":"pt-BR","@id":"https:\/\/psol50.org.br\/samia-bomfim-aciona-pgr-contra-eduardo-bolsonaro-apos-tarifaco-de-trump\/#primaryimage","url":"https:\/\/psol50.org.br\/inc\/uploads\/2025\/07\/Captura-de-Tela-2025-07-10-as-17.10.37.png","contentUrl":"https:\/\/psol50.org.br\/inc\/uploads\/2025\/07\/Captura-de-Tela-2025-07-10-as-17.10.37.png","width":1768,"height":1186,"caption":"Foto: Joyce N. Boghosian\/Casa Branca"},{"@type":"BreadcrumbList","@id":"https:\/\/psol50.org.br\/samia-bomfim-aciona-pgr-contra-eduardo-bolsonaro-apos-tarifaco-de-trump\/#breadcrumb","itemListElement":[{"@type":"ListItem","position":1,"name":"In\u00edcio","item":"https:\/\/psol50.org.br\/"},{"@type":"ListItem","position":2,"name":"S\u00e2mia Bomfim aciona PGR contra Eduardo Bolsonaro ap\u00f3s tarifa\u00e7o de Trump"}]},{"@type":"WebSite","@id":"https:\/\/psol50.org.br\/#website","url":"https:\/\/psol50.org.br\/","name":"PSOL 50","description":"Site oficial do Partido Socialismo e Liberdade","publisher":{"@id":"https:\/\/psol50.org.br\/#organization"},"alternateName":"PSOL50","potentialAction":[{"@type":"SearchAction","target":{"@type":"EntryPoint","urlTemplate":"https:\/\/psol50.org.br\/?s={search_term_string}"},"query-input":{"@type":"PropertyValueSpecification","valueRequired":true,"valueName":"search_term_string"}}],"inLanguage":"pt-BR"},{"@type":"Organization","@id":"https:\/\/psol50.org.br\/#organization","name":"PSOL 50","alternateName":"PSOL 50","url":"https:\/\/psol50.org.br\/","logo":{"@type":"ImageObject","inLanguage":"pt-BR","@id":"https:\/\/psol50.org.br\/#\/schema\/logo\/image\/","url":"https:\/\/psol50.org.br\/inc\/uploads\/2018\/07\/capa.png","contentUrl":"https:\/\/psol50.org.br\/inc\/uploads\/2018\/07\/capa.png","width":1350,"height":900,"caption":"PSOL 50"},"image":{"@id":"https:\/\/psol50.org.br\/#\/schema\/logo\/image\/"},"sameAs":["https:\/\/www.facebook.com\/psol50","https:\/\/x.com\/psol50","https:\/\/www.instagram.com\/psol50\/","https:\/\/www.youtube.com\/channel\/UC7SnJS5o1os7a6CaiNabzcg"]},{"@type":"Person","@id":"https:\/\/psol50.org.br\/#\/schema\/person\/475dfa57d0b815993c714c2e96491fcd","name":"Comunica\u00e7\u00e3o PSOL","image":{"@type":"ImageObject","inLanguage":"pt-BR","@id":"https:\/\/psol50.org.br\/#\/schema\/person\/image\/","url":"https:\/\/secure.gravatar.com\/avatar\/b34fc4f4e468a4e51785917065a3db57b841f5c95dba6ad8c73aaf8f66f8f9bf?s=96&d=mm&r=g","contentUrl":"https:\/\/secure.gravatar.com\/avatar\/b34fc4f4e468a4e51785917065a3db57b841f5c95dba6ad8c73aaf8f66f8f9bf?s=96&d=mm&r=g","caption":"Comunica\u00e7\u00e3o PSOL"}}]}},"_links":{"self":[{"href":"https:\/\/psol50.org.br\/rest\/wp\/v2\/posts\/41461","targetHints":{"allow":["GET"]}}],"collection":[{"href":"https:\/\/psol50.org.br\/rest\/wp\/v2\/posts"}],"about":[{"href":"https:\/\/psol50.org.br\/rest\/wp\/v2\/types\/post"}],"author":[{"embeddable":true,"href":"https:\/\/psol50.org.br\/rest\/wp\/v2\/users\/2"}],"replies":[{"embeddable":true,"href":"https:\/\/psol50.org.br\/rest\/wp\/v2\/comments?post=41461"}],"version-history":[{"count":3,"href":"https:\/\/psol50.org.br\/rest\/wp\/v2\/posts\/41461\/revisions"}],"predecessor-version":[{"id":41481,"href":"https:\/\/psol50.org.br\/rest\/wp\/v2\/posts\/41461\/revisions\/41481"}],"wp:featuredmedia":[{"embeddable":true,"href":"https:\/\/psol50.org.br\/rest\/wp\/v2\/media\/41464"}],"wp:attachment":[{"href":"https:\/\/psol50.org.br\/rest\/wp\/v2\/media?parent=41461"}],"wp:term":[{"taxonomy":"category","embeddable":true,"href":"https:\/\/psol50.org.br\/rest\/wp\/v2\/categories?post=41461"},{"taxonomy":"post_tag","embeddable":true,"href":"https:\/\/psol50.org.br\/rest\/wp\/v2\/tags?post=41461"}],"curies":[{"name":"wp","href":"https:\/\/api.w.org\/{rel}","templated":true}]}}