{"id":41465,"date":"2025-07-11T12:04:02","date_gmt":"2025-07-11T15:04:02","guid":{"rendered":"https:\/\/psol50.org.br\/?p=41465"},"modified":"2025-07-24T16:02:22","modified_gmt":"2025-07-24T19:02:22","slug":"nota-do-psol-sobre-a-taxacao-de-50-anunciada-por-donald-trump-contra-produtos-brasileiros","status":"publish","type":"post","link":"https:\/\/psol50.org.br\/nota-do-psol-sobre-a-taxacao-de-50-anunciada-por-donald-trump-contra-produtos-brasileiros\/","title":{"rendered":"Nota do PSOL sobre a taxa\u00e7\u00e3o de 50% anunciada por Donald Trump contra produtos brasileiros"},"content":{"rendered":"<p>O Partido Socialismo e Liberdade (PSOL) repudia a absurda decis\u00e3o do presidente dos Estados Unidos, Donald Trump, de impor uma tarifa de 50% sobre todos os produtos brasileiros exportados para os EUA a partir de 1\u00ba de agosto de 2025. Tal medida, anunciada em 9 de julho de 2025, \u00e9 um claro ataque a nossa soberania nacional.<\/p>\n<p>Sob o pretexto de acusa\u00e7\u00f5es infundadas sobre supostos &#8220;ataques \u00e0 liberdade de express\u00e3o&#8221; e da rela\u00e7\u00e3o comercial entre os dois pa\u00edses, Trump utiliza a taxa\u00e7\u00e3o como instrumento de press\u00e3o pol\u00edtica em defesa do ex-presidente Jair Bolsonaro, r\u00e9u no Supremo Tribunal Federal (STF) por tentativa de golpe de Estado. Esse an\u00fancio revela uma tentativa descabida de interferir na independ\u00eancia do judici\u00e1rio brasileiro, que conduz o processo contra aqueles que atentaram contra a democracia em 8 de janeiro de 2023. O PSOL reafirma que a defesa da democracia e do Estado de Direito s\u00e3o inegoci\u00e1veis e n\u00e3o ser\u00e3o submetidas a press\u00f5es externas.<\/p>\n<p>O PSOL alerta que essa taxa\u00e7\u00e3o faz parte de uma agenda pol\u00edtica articulada e alinhada aos interesses de setores da extrema-direita brasileira que, por meio de figuras da fam\u00edlia Bolsonaro, Tarc\u00edsio de Freitas e aliados, buscam desestabilizar a economia e as institui\u00e7\u00f5es democr\u00e1ticas do pa\u00eds.<\/p>\n<p>Diante disso, o PSOL:<\/p>\n<p>1. Apoia a resposta firme e soberana do Brasil: A postura do governo Lula de defender os interesses nacionais e a possibilidade de adotar medidas de reciprocidade, conforme previsto na Lei Brasileira de Reciprocidade Econ\u00f4mica, servem para proteger o pa\u00eds e sua economia da agress\u00e3o comercial imposta pelos EUA.<\/p>\n<p>2. Defende investigar os envolvidos: O PSOL exige a apura\u00e7\u00e3o rigorosa da participa\u00e7\u00e3o de Eduardo Bolsonaro, Jair Bolsonaro e outros aliados na articula\u00e7\u00e3o de san\u00e7\u00f5es contra o Brasil, com a responsabiliza\u00e7\u00e3o por a\u00e7\u00f5es que comprometam a soberania e a economia nacional.<\/p>\n<p>3. Reafirma a defesa da democracia: Rejeitamos qualquer tentativa de inger\u00eancia externa nos processos judiciais brasileiros, especialmente em defesa de golpistas. A soberania nacional e a puni\u00e7\u00e3o aos respons\u00e1veis pelo 8 de janeiro s\u00e3o inegoci\u00e1veis.<\/p>\n<p>O PSOL conclama a sociedade brasileira, os movimentos sociais, sindicais e o conjunto das for\u00e7as progressistas a se mobilizarem contra essa ofensiva que, articulada com setores reacion\u00e1rios, visam fragilizar nossa economia e democracia.<\/p>\n","protected":false},"excerpt":{"rendered":"<p>O Partido Socialismo e Liberdade (PSOL) repudia a absurda decis\u00e3o do presidente dos Estados Unidos, Donald Trump, de impor uma tarifa de 50% sobre todos os produtos brasileiros exportados para os EUA a partir de 1\u00ba de agosto de 2025. Tal medida, anunciada em 9 de julho de 2025, \u00e9 um claro ataque a nossa [&hellip;]<\/p>\n","protected":false},"author":2,"featured_media":41469,"comment_status":"closed","ping_status":"open","sticky":false,"template":"","format":"standard","meta":{"_acf_changed":false,"footnotes":""},"categories":[14],"tags":[4825],"class_list":{"0":"post-41465","1":"post","2":"type-post","3":"status-publish","4":"format-standard","5":"has-post-thumbnail","7":"category-partido","8":"tag-noticias"},"acf":[],"yoast_head":"<!-- This site is optimized with the Yoast SEO plugin v26.5 - https:\/\/yoast.com\/wordpress\/plugins\/seo\/ -->\n<title>Nota do PSOL sobre a taxa\u00e7\u00e3o de 50% anunciada por Donald Trump contra produtos brasileiros<\/title>\n<meta name=\"description\" content=\"O PSOL conclama a sociedade brasileira, os movimentos sociais, sindicais e o conjunto das for\u00e7as progressistas a se mobilizarem contra essa ofensiva que, articulada com setores reacion\u00e1rios, visam fragilizar nossa economia e democracia.\" \/>\n<meta name=\"robots\" content=\"index, follow, max-snippet:-1, max-image-preview:large, max-video-preview:-1\" \/>\n<link rel=\"canonical\" href=\"https:\/\/psol50.org.br\/nota-do-psol-sobre-a-taxacao-de-50-anunciada-por-donald-trump-contra-produtos-brasileiros\/\" \/>\n<meta property=\"og:locale\" content=\"pt_BR\" \/>\n<meta property=\"og:type\" content=\"article\" \/>\n<meta property=\"og:title\" content=\"Nota do PSOL sobre a taxa\u00e7\u00e3o de 50% anunciada por Donald Trump contra produtos brasileiros\" \/>\n<meta property=\"og:description\" content=\"O PSOL conclama a sociedade brasileira, os movimentos sociais, sindicais e o conjunto das for\u00e7as progressistas a se mobilizarem contra essa ofensiva que, articulada com setores reacion\u00e1rios, visam fragilizar nossa economia e democracia.\" \/>\n<meta property=\"og:url\" content=\"https:\/\/psol50.org.br\/nota-do-psol-sobre-a-taxacao-de-50-anunciada-por-donald-trump-contra-produtos-brasileiros\/\" \/>\n<meta property=\"og:site_name\" content=\"PSOL 50\" \/>\n<meta property=\"article:publisher\" content=\"https:\/\/www.facebook.com\/psol50\" \/>\n<meta property=\"article:published_time\" content=\"2025-07-11T15:04:02+00:00\" \/>\n<meta property=\"article:modified_time\" content=\"2025-07-24T19:02:22+00:00\" \/>\n<meta property=\"og:image\" content=\"https:\/\/psol50.org.br\/inc\/uploads\/2025\/07\/7f790ff3-6aa3-4f30-9088-0bf2cb18b2ce.jpg\" \/>\n\t<meta property=\"og:image:width\" content=\"2048\" \/>\n\t<meta property=\"og:image:height\" content=\"1365\" \/>\n\t<meta property=\"og:image:type\" content=\"image\/jpeg\" \/>\n<meta name=\"author\" content=\"Comunica\u00e7\u00e3o PSOL\" \/>\n<meta name=\"twitter:card\" content=\"summary_large_image\" \/>\n<meta name=\"twitter:creator\" content=\"@psol50\" \/>\n<meta name=\"twitter:site\" content=\"@psol50\" \/>\n<meta name=\"twitter:label1\" content=\"Escrito por\" \/>\n\t<meta name=\"twitter:data1\" content=\"Comunica\u00e7\u00e3o PSOL\" \/>\n\t<meta name=\"twitter:label2\" content=\"Est. tempo de leitura\" \/>\n\t<meta name=\"twitter:data2\" content=\"2 minutos\" \/>\n<script type=\"application\/ld+json\" class=\"yoast-schema-graph\">{\"@context\":\"https:\/\/schema.org\",\"@graph\":[{\"@type\":\"Article\",\"@id\":\"https:\/\/psol50.org.br\/nota-do-psol-sobre-a-taxacao-de-50-anunciada-por-donald-trump-contra-produtos-brasileiros\/#article\",\"isPartOf\":{\"@id\":\"https:\/\/psol50.org.br\/nota-do-psol-sobre-a-taxacao-de-50-anunciada-por-donald-trump-contra-produtos-brasileiros\/\"},\"author\":{\"name\":\"Comunica\u00e7\u00e3o PSOL\",\"@id\":\"https:\/\/psol50.org.br\/#\/schema\/person\/475dfa57d0b815993c714c2e96491fcd\"},\"headline\":\"Nota do PSOL sobre a taxa\u00e7\u00e3o de 50% anunciada por Donald Trump contra produtos brasileiros\",\"datePublished\":\"2025-07-11T15:04:02+00:00\",\"dateModified\":\"2025-07-24T19:02:22+00:00\",\"mainEntityOfPage\":{\"@id\":\"https:\/\/psol50.org.br\/nota-do-psol-sobre-a-taxacao-de-50-anunciada-por-donald-trump-contra-produtos-brasileiros\/\"},\"wordCount\":406,\"publisher\":{\"@id\":\"https:\/\/psol50.org.br\/#organization\"},\"image\":{\"@id\":\"https:\/\/psol50.org.br\/nota-do-psol-sobre-a-taxacao-de-50-anunciada-por-donald-trump-contra-produtos-brasileiros\/#primaryimage\"},\"thumbnailUrl\":\"https:\/\/psol50.org.br\/inc\/uploads\/2025\/07\/7f790ff3-6aa3-4f30-9088-0bf2cb18b2ce.jpg\",\"keywords\":[\"Not\u00edcias\"],\"articleSection\":[\"Partido\"],\"inLanguage\":\"pt-BR\"},{\"@type\":\"WebPage\",\"@id\":\"https:\/\/psol50.org.br\/nota-do-psol-sobre-a-taxacao-de-50-anunciada-por-donald-trump-contra-produtos-brasileiros\/\",\"url\":\"https:\/\/psol50.org.br\/nota-do-psol-sobre-a-taxacao-de-50-anunciada-por-donald-trump-contra-produtos-brasileiros\/\",\"name\":\"Nota do PSOL sobre a taxa\u00e7\u00e3o de 50% anunciada por Donald Trump contra produtos brasileiros\",\"isPartOf\":{\"@id\":\"https:\/\/psol50.org.br\/#website\"},\"primaryImageOfPage\":{\"@id\":\"https:\/\/psol50.org.br\/nota-do-psol-sobre-a-taxacao-de-50-anunciada-por-donald-trump-contra-produtos-brasileiros\/#primaryimage\"},\"image\":{\"@id\":\"https:\/\/psol50.org.br\/nota-do-psol-sobre-a-taxacao-de-50-anunciada-por-donald-trump-contra-produtos-brasileiros\/#primaryimage\"},\"thumbnailUrl\":\"https:\/\/psol50.org.br\/inc\/uploads\/2025\/07\/7f790ff3-6aa3-4f30-9088-0bf2cb18b2ce.jpg\",\"datePublished\":\"2025-07-11T15:04:02+00:00\",\"dateModified\":\"2025-07-24T19:02:22+00:00\",\"description\":\"O PSOL conclama a sociedade brasileira, os movimentos sociais, sindicais e o conjunto das for\u00e7as progressistas a se mobilizarem contra essa ofensiva que, articulada com setores reacion\u00e1rios, visam fragilizar nossa economia e democracia.\",\"breadcrumb\":{\"@id\":\"https:\/\/psol50.org.br\/nota-do-psol-sobre-a-taxacao-de-50-anunciada-por-donald-trump-contra-produtos-brasileiros\/#breadcrumb\"},\"inLanguage\":\"pt-BR\",\"potentialAction\":[{\"@type\":\"ReadAction\",\"target\":[\"https:\/\/psol50.org.br\/nota-do-psol-sobre-a-taxacao-de-50-anunciada-por-donald-trump-contra-produtos-brasileiros\/\"]}]},{\"@type\":\"ImageObject\",\"inLanguage\":\"pt-BR\",\"@id\":\"https:\/\/psol50.org.br\/nota-do-psol-sobre-a-taxacao-de-50-anunciada-por-donald-trump-contra-produtos-brasileiros\/#primaryimage\",\"url\":\"https:\/\/psol50.org.br\/inc\/uploads\/2025\/07\/7f790ff3-6aa3-4f30-9088-0bf2cb18b2ce.jpg\",\"contentUrl\":\"https:\/\/psol50.org.br\/inc\/uploads\/2025\/07\/7f790ff3-6aa3-4f30-9088-0bf2cb18b2ce.jpg\",\"width\":2048,\"height\":1365,\"caption\":\"Foto: Paulo Pinto\/Ag\u00eancia Brasil\"},{\"@type\":\"BreadcrumbList\",\"@id\":\"https:\/\/psol50.org.br\/nota-do-psol-sobre-a-taxacao-de-50-anunciada-por-donald-trump-contra-produtos-brasileiros\/#breadcrumb\",\"itemListElement\":[{\"@type\":\"ListItem\",\"position\":1,\"name\":\"In\u00edcio\",\"item\":\"https:\/\/psol50.org.br\/\"},{\"@type\":\"ListItem\",\"position\":2,\"name\":\"Nota do PSOL sobre a taxa\u00e7\u00e3o de 50% anunciada por Donald Trump contra produtos brasileiros\"}]},{\"@type\":\"WebSite\",\"@id\":\"https:\/\/psol50.org.br\/#website\",\"url\":\"https:\/\/psol50.org.br\/\",\"name\":\"PSOL 50\",\"description\":\"Site oficial do Partido Socialismo e Liberdade\",\"publisher\":{\"@id\":\"https:\/\/psol50.org.br\/#organization\"},\"alternateName\":\"PSOL50\",\"potentialAction\":[{\"@type\":\"SearchAction\",\"target\":{\"@type\":\"EntryPoint\",\"urlTemplate\":\"https:\/\/psol50.org.br\/?s={search_term_string}\"},\"query-input\":{\"@type\":\"PropertyValueSpecification\",\"valueRequired\":true,\"valueName\":\"search_term_string\"}}],\"inLanguage\":\"pt-BR\"},{\"@type\":\"Organization\",\"@id\":\"https:\/\/psol50.org.br\/#organization\",\"name\":\"PSOL 50\",\"alternateName\":\"PSOL 50\",\"url\":\"https:\/\/psol50.org.br\/\",\"logo\":{\"@type\":\"ImageObject\",\"inLanguage\":\"pt-BR\",\"@id\":\"https:\/\/psol50.org.br\/#\/schema\/logo\/image\/\",\"url\":\"https:\/\/psol50.org.br\/inc\/uploads\/2018\/07\/capa.png\",\"contentUrl\":\"https:\/\/psol50.org.br\/inc\/uploads\/2018\/07\/capa.png\",\"width\":1350,\"height\":900,\"caption\":\"PSOL 50\"},\"image\":{\"@id\":\"https:\/\/psol50.org.br\/#\/schema\/logo\/image\/\"},\"sameAs\":[\"https:\/\/www.facebook.com\/psol50\",\"https:\/\/x.com\/psol50\",\"https:\/\/www.instagram.com\/psol50\/\",\"https:\/\/www.youtube.com\/channel\/UC7SnJS5o1os7a6CaiNabzcg\"]},{\"@type\":\"Person\",\"@id\":\"https:\/\/psol50.org.br\/#\/schema\/person\/475dfa57d0b815993c714c2e96491fcd\",\"name\":\"Comunica\u00e7\u00e3o PSOL\",\"image\":{\"@type\":\"ImageObject\",\"inLanguage\":\"pt-BR\",\"@id\":\"https:\/\/psol50.org.br\/#\/schema\/person\/image\/\",\"url\":\"https:\/\/secure.gravatar.com\/avatar\/b34fc4f4e468a4e51785917065a3db57b841f5c95dba6ad8c73aaf8f66f8f9bf?s=96&d=mm&r=g\",\"contentUrl\":\"https:\/\/secure.gravatar.com\/avatar\/b34fc4f4e468a4e51785917065a3db57b841f5c95dba6ad8c73aaf8f66f8f9bf?s=96&d=mm&r=g\",\"caption\":\"Comunica\u00e7\u00e3o PSOL\"}}]}<\/script>\n<!-- \/ Yoast SEO plugin. -->","yoast_head_json":{"title":"Nota do PSOL sobre a taxa\u00e7\u00e3o de 50% anunciada por Donald Trump contra produtos brasileiros","description":"O PSOL conclama a sociedade brasileira, os movimentos sociais, sindicais e o conjunto das for\u00e7as progressistas a se mobilizarem contra essa ofensiva que, articulada com setores reacion\u00e1rios, visam fragilizar nossa economia e democracia.","robots":{"index":"index","follow":"follow","max-snippet":"max-snippet:-1","max-image-preview":"max-image-preview:large","max-video-preview":"max-video-preview:-1"},"canonical":"https:\/\/psol50.org.br\/nota-do-psol-sobre-a-taxacao-de-50-anunciada-por-donald-trump-contra-produtos-brasileiros\/","og_locale":"pt_BR","og_type":"article","og_title":"Nota do PSOL sobre a taxa\u00e7\u00e3o de 50% anunciada por Donald Trump contra produtos brasileiros","og_description":"O PSOL conclama a sociedade brasileira, os movimentos sociais, sindicais e o conjunto das for\u00e7as progressistas a se mobilizarem contra essa ofensiva que, articulada com setores reacion\u00e1rios, visam fragilizar nossa economia e democracia.","og_url":"https:\/\/psol50.org.br\/nota-do-psol-sobre-a-taxacao-de-50-anunciada-por-donald-trump-contra-produtos-brasileiros\/","og_site_name":"PSOL 50","article_publisher":"https:\/\/www.facebook.com\/psol50","article_published_time":"2025-07-11T15:04:02+00:00","article_modified_time":"2025-07-24T19:02:22+00:00","og_image":[{"width":2048,"height":1365,"url":"https:\/\/psol50.org.br\/inc\/uploads\/2025\/07\/7f790ff3-6aa3-4f30-9088-0bf2cb18b2ce.jpg","type":"image\/jpeg"}],"author":"Comunica\u00e7\u00e3o PSOL","twitter_card":"summary_large_image","twitter_creator":"@psol50","twitter_site":"@psol50","twitter_misc":{"Escrito por":"Comunica\u00e7\u00e3o PSOL","Est. tempo de leitura":"2 minutos"},"schema":{"@context":"https:\/\/schema.org","@graph":[{"@type":"Article","@id":"https:\/\/psol50.org.br\/nota-do-psol-sobre-a-taxacao-de-50-anunciada-por-donald-trump-contra-produtos-brasileiros\/#article","isPartOf":{"@id":"https:\/\/psol50.org.br\/nota-do-psol-sobre-a-taxacao-de-50-anunciada-por-donald-trump-contra-produtos-brasileiros\/"},"author":{"name":"Comunica\u00e7\u00e3o PSOL","@id":"https:\/\/psol50.org.br\/#\/schema\/person\/475dfa57d0b815993c714c2e96491fcd"},"headline":"Nota do PSOL sobre a taxa\u00e7\u00e3o de 50% anunciada por Donald Trump contra produtos brasileiros","datePublished":"2025-07-11T15:04:02+00:00","dateModified":"2025-07-24T19:02:22+00:00","mainEntityOfPage":{"@id":"https:\/\/psol50.org.br\/nota-do-psol-sobre-a-taxacao-de-50-anunciada-por-donald-trump-contra-produtos-brasileiros\/"},"wordCount":406,"publisher":{"@id":"https:\/\/psol50.org.br\/#organization"},"image":{"@id":"https:\/\/psol50.org.br\/nota-do-psol-sobre-a-taxacao-de-50-anunciada-por-donald-trump-contra-produtos-brasileiros\/#primaryimage"},"thumbnailUrl":"https:\/\/psol50.org.br\/inc\/uploads\/2025\/07\/7f790ff3-6aa3-4f30-9088-0bf2cb18b2ce.jpg","keywords":["Not\u00edcias"],"articleSection":["Partido"],"inLanguage":"pt-BR"},{"@type":"WebPage","@id":"https:\/\/psol50.org.br\/nota-do-psol-sobre-a-taxacao-de-50-anunciada-por-donald-trump-contra-produtos-brasileiros\/","url":"https:\/\/psol50.org.br\/nota-do-psol-sobre-a-taxacao-de-50-anunciada-por-donald-trump-contra-produtos-brasileiros\/","name":"Nota do PSOL sobre a taxa\u00e7\u00e3o de 50% anunciada por Donald Trump contra produtos brasileiros","isPartOf":{"@id":"https:\/\/psol50.org.br\/#website"},"primaryImageOfPage":{"@id":"https:\/\/psol50.org.br\/nota-do-psol-sobre-a-taxacao-de-50-anunciada-por-donald-trump-contra-produtos-brasileiros\/#primaryimage"},"image":{"@id":"https:\/\/psol50.org.br\/nota-do-psol-sobre-a-taxacao-de-50-anunciada-por-donald-trump-contra-produtos-brasileiros\/#primaryimage"},"thumbnailUrl":"https:\/\/psol50.org.br\/inc\/uploads\/2025\/07\/7f790ff3-6aa3-4f30-9088-0bf2cb18b2ce.jpg","datePublished":"2025-07-11T15:04:02+00:00","dateModified":"2025-07-24T19:02:22+00:00","description":"O PSOL conclama a sociedade brasileira, os movimentos sociais, sindicais e o conjunto das for\u00e7as progressistas a se mobilizarem contra essa ofensiva que, articulada com setores reacion\u00e1rios, visam fragilizar nossa economia e democracia.","breadcrumb":{"@id":"https:\/\/psol50.org.br\/nota-do-psol-sobre-a-taxacao-de-50-anunciada-por-donald-trump-contra-produtos-brasileiros\/#breadcrumb"},"inLanguage":"pt-BR","potentialAction":[{"@type":"ReadAction","target":["https:\/\/psol50.org.br\/nota-do-psol-sobre-a-taxacao-de-50-anunciada-por-donald-trump-contra-produtos-brasileiros\/"]}]},{"@type":"ImageObject","inLanguage":"pt-BR","@id":"https:\/\/psol50.org.br\/nota-do-psol-sobre-a-taxacao-de-50-anunciada-por-donald-trump-contra-produtos-brasileiros\/#primaryimage","url":"https:\/\/psol50.org.br\/inc\/uploads\/2025\/07\/7f790ff3-6aa3-4f30-9088-0bf2cb18b2ce.jpg","contentUrl":"https:\/\/psol50.org.br\/inc\/uploads\/2025\/07\/7f790ff3-6aa3-4f30-9088-0bf2cb18b2ce.jpg","width":2048,"height":1365,"caption":"Foto: Paulo Pinto\/Ag\u00eancia Brasil"},{"@type":"BreadcrumbList","@id":"https:\/\/psol50.org.br\/nota-do-psol-sobre-a-taxacao-de-50-anunciada-por-donald-trump-contra-produtos-brasileiros\/#breadcrumb","itemListElement":[{"@type":"ListItem","position":1,"name":"In\u00edcio","item":"https:\/\/psol50.org.br\/"},{"@type":"ListItem","position":2,"name":"Nota do PSOL sobre a taxa\u00e7\u00e3o de 50% anunciada por Donald Trump contra produtos brasileiros"}]},{"@type":"WebSite","@id":"https:\/\/psol50.org.br\/#website","url":"https:\/\/psol50.org.br\/","name":"PSOL 50","description":"Site oficial do Partido Socialismo e Liberdade","publisher":{"@id":"https:\/\/psol50.org.br\/#organization"},"alternateName":"PSOL50","potentialAction":[{"@type":"SearchAction","target":{"@type":"EntryPoint","urlTemplate":"https:\/\/psol50.org.br\/?s={search_term_string}"},"query-input":{"@type":"PropertyValueSpecification","valueRequired":true,"valueName":"search_term_string"}}],"inLanguage":"pt-BR"},{"@type":"Organization","@id":"https:\/\/psol50.org.br\/#organization","name":"PSOL 50","alternateName":"PSOL 50","url":"https:\/\/psol50.org.br\/","logo":{"@type":"ImageObject","inLanguage":"pt-BR","@id":"https:\/\/psol50.org.br\/#\/schema\/logo\/image\/","url":"https:\/\/psol50.org.br\/inc\/uploads\/2018\/07\/capa.png","contentUrl":"https:\/\/psol50.org.br\/inc\/uploads\/2018\/07\/capa.png","width":1350,"height":900,"caption":"PSOL 50"},"image":{"@id":"https:\/\/psol50.org.br\/#\/schema\/logo\/image\/"},"sameAs":["https:\/\/www.facebook.com\/psol50","https:\/\/x.com\/psol50","https:\/\/www.instagram.com\/psol50\/","https:\/\/www.youtube.com\/channel\/UC7SnJS5o1os7a6CaiNabzcg"]},{"@type":"Person","@id":"https:\/\/psol50.org.br\/#\/schema\/person\/475dfa57d0b815993c714c2e96491fcd","name":"Comunica\u00e7\u00e3o PSOL","image":{"@type":"ImageObject","inLanguage":"pt-BR","@id":"https:\/\/psol50.org.br\/#\/schema\/person\/image\/","url":"https:\/\/secure.gravatar.com\/avatar\/b34fc4f4e468a4e51785917065a3db57b841f5c95dba6ad8c73aaf8f66f8f9bf?s=96&d=mm&r=g","contentUrl":"https:\/\/secure.gravatar.com\/avatar\/b34fc4f4e468a4e51785917065a3db57b841f5c95dba6ad8c73aaf8f66f8f9bf?s=96&d=mm&r=g","caption":"Comunica\u00e7\u00e3o PSOL"}}]}},"_links":{"self":[{"href":"https:\/\/psol50.org.br\/rest\/wp\/v2\/posts\/41465","targetHints":{"allow":["GET"]}}],"collection":[{"href":"https:\/\/psol50.org.br\/rest\/wp\/v2\/posts"}],"about":[{"href":"https:\/\/psol50.org.br\/rest\/wp\/v2\/types\/post"}],"author":[{"embeddable":true,"href":"https:\/\/psol50.org.br\/rest\/wp\/v2\/users\/2"}],"replies":[{"embeddable":true,"href":"https:\/\/psol50.org.br\/rest\/wp\/v2\/comments?post=41465"}],"version-history":[{"count":3,"href":"https:\/\/psol50.org.br\/rest\/wp\/v2\/posts\/41465\/revisions"}],"predecessor-version":[{"id":41468,"href":"https:\/\/psol50.org.br\/rest\/wp\/v2\/posts\/41465\/revisions\/41468"}],"wp:featuredmedia":[{"embeddable":true,"href":"https:\/\/psol50.org.br\/rest\/wp\/v2\/media\/41469"}],"wp:attachment":[{"href":"https:\/\/psol50.org.br\/rest\/wp\/v2\/media?parent=41465"}],"wp:term":[{"taxonomy":"category","embeddable":true,"href":"https:\/\/psol50.org.br\/rest\/wp\/v2\/categories?post=41465"},{"taxonomy":"post_tag","embeddable":true,"href":"https:\/\/psol50.org.br\/rest\/wp\/v2\/tags?post=41465"}],"curies":[{"name":"wp","href":"https:\/\/api.w.org\/{rel}","templated":true}]}}