{"id":41470,"date":"2025-07-11T12:42:03","date_gmt":"2025-07-11T15:42:03","guid":{"rendered":"https:\/\/psol50.org.br\/?p=41470"},"modified":"2025-07-17T11:29:52","modified_gmt":"2025-07-17T14:29:52","slug":"bancada-do-psol-na-camara-pede-cassacao-de-eduardo-bolsonaro","status":"publish","type":"post","link":"https:\/\/psol50.org.br\/bancada-do-psol-na-camara-pede-cassacao-de-eduardo-bolsonaro\/","title":{"rendered":"Bancada do PSOL na C\u00e2mara pede cassa\u00e7\u00e3o de Eduardo Bolsonaro"},"content":{"rendered":"<p>A bancada do PSOL na C\u00e2mara dos Deputados entrou com um pedido de cassa\u00e7\u00e3o contra o deputado federal licenciado Eduardo Bolsonaro (PL-SP) por quebra de decoro parlamentar ap\u00f3s o seu apoio \u00e0 taxa\u00e7\u00e3o de 50% sobre produtos brasileiros imposta pelo presidente dos Estados Unidos, Donald Trump. Com essa articula\u00e7\u00e3o, o parlamentar feriu a soberania do Brasil.<\/p>\n<p>Ap\u00f3s Trump anunciar a taxa\u00e7\u00e3o extra, Eduardo Bolsonaro usou as redes sociais para culpar o ministro Alexandre de Moraes, do Supremo Tribunal Federal (STF), pelo tarifa\u00e7o. Ele ainda usou a medida para pressionar o STF a travar o processo contra o pai Jair Bolsonaro, e a C\u00e2mara para avan\u00e7ar com o PL da Anistia.<\/p>\n<p>\u201cEduardo Bolsonaro conspirou e conspira contra o Brasil. Chama a aten\u00e7\u00e3o que ele, advogado e deputado federal eleito, tenha desrespeitado o Artigo 1\u00ba da nossa Constitui\u00e7\u00e3o, sobre a soberania do pa\u00eds, e passado por cima do Regimento Interno da C\u00e2mara Federal, institui\u00e7\u00e3o a qual ele est\u00e1 vinculado\u201d, afirmou a l\u00edder da bancada do PSOL, Tal\u00edria Petrone, em nota.<\/p>\n<p>Licenciado desde mar\u00e7o, Eduardo Bolsonaro est\u00e1 nos Estados Unidos para articular san\u00e7\u00f5es contra Moraes junto ao Congresso americano. Ele afirma que o ministro age como \u201cditador\u201d no inqu\u00e9rito que investiga uma tentativa de golpe de Estado. O deputado tamb\u00e9m \u00e9 investigado por sua atua\u00e7\u00e3o nos EUA.<\/p>\n","protected":false},"excerpt":{"rendered":"<p>A bancada do PSOL na C\u00e2mara dos Deputados entrou com um pedido de cassa\u00e7\u00e3o contra o deputado federal licenciado Eduardo Bolsonaro (PL-SP) por quebra de decoro parlamentar ap\u00f3s o seu apoio \u00e0 taxa\u00e7\u00e3o de 50% sobre produtos brasileiros imposta pelo presidente dos Estados Unidos, Donald Trump. Com essa articula\u00e7\u00e3o, o parlamentar feriu a soberania do [&hellip;]<\/p>\n","protected":false},"author":2,"featured_media":41473,"comment_status":"closed","ping_status":"open","sticky":false,"template":"","format":"standard","meta":{"_acf_changed":false,"footnotes":""},"categories":[10],"tags":[4825],"class_list":{"0":"post-41470","1":"post","2":"type-post","3":"status-publish","4":"format-standard","5":"has-post-thumbnail","7":"category-acao-parlamentares","8":"tag-noticias"},"acf":[],"yoast_head":"<!-- This site is optimized with the Yoast SEO plugin v26.5 - https:\/\/yoast.com\/wordpress\/plugins\/seo\/ -->\n<title>Bancada do PSOL na C\u00e2mara pede cassa\u00e7\u00e3o de Eduardo Bolsonaro<\/title>\n<meta name=\"description\" content=\"O deputado foragido nos EUA quebrou o decoro parlamentar e feriu a soberania do Brasil ao articular o tarifa\u00e7o de 50% sobre os produtos brasileiros anunciado por Donald Trump.\" \/>\n<meta name=\"robots\" content=\"index, follow, max-snippet:-1, max-image-preview:large, max-video-preview:-1\" \/>\n<link rel=\"canonical\" href=\"https:\/\/psol50.org.br\/bancada-do-psol-na-camara-pede-cassacao-de-eduardo-bolsonaro\/\" \/>\n<meta property=\"og:locale\" content=\"pt_BR\" \/>\n<meta property=\"og:type\" content=\"article\" \/>\n<meta property=\"og:title\" content=\"Bancada do PSOL na C\u00e2mara pede cassa\u00e7\u00e3o de Eduardo Bolsonaro\" \/>\n<meta property=\"og:description\" content=\"O deputado foragido nos EUA quebrou o decoro parlamentar e feriu a soberania do Brasil ao articular o tarifa\u00e7o de 50% sobre os produtos brasileiros anunciado por Donald Trump.\" \/>\n<meta property=\"og:url\" content=\"https:\/\/psol50.org.br\/bancada-do-psol-na-camara-pede-cassacao-de-eduardo-bolsonaro\/\" \/>\n<meta property=\"og:site_name\" content=\"PSOL 50\" \/>\n<meta property=\"article:publisher\" content=\"https:\/\/www.facebook.com\/psol50\" \/>\n<meta property=\"article:published_time\" content=\"2025-07-11T15:42:03+00:00\" \/>\n<meta property=\"article:modified_time\" content=\"2025-07-17T14:29:52+00:00\" \/>\n<meta property=\"og:image\" content=\"https:\/\/psol50.org.br\/inc\/uploads\/2025\/07\/lula6814-scaled.jpg\" \/>\n\t<meta property=\"og:image:width\" content=\"2560\" \/>\n\t<meta property=\"og:image:height\" content=\"1793\" \/>\n\t<meta property=\"og:image:type\" content=\"image\/jpeg\" \/>\n<meta name=\"author\" content=\"Comunica\u00e7\u00e3o PSOL\" \/>\n<meta name=\"twitter:card\" content=\"summary_large_image\" \/>\n<meta name=\"twitter:creator\" content=\"@psol50\" \/>\n<meta name=\"twitter:site\" content=\"@psol50\" \/>\n<meta name=\"twitter:label1\" content=\"Escrito por\" \/>\n\t<meta name=\"twitter:data1\" content=\"Comunica\u00e7\u00e3o PSOL\" \/>\n\t<meta name=\"twitter:label2\" content=\"Est. tempo de leitura\" \/>\n\t<meta name=\"twitter:data2\" content=\"1 minuto\" \/>\n<script type=\"application\/ld+json\" class=\"yoast-schema-graph\">{\"@context\":\"https:\/\/schema.org\",\"@graph\":[{\"@type\":\"Article\",\"@id\":\"https:\/\/psol50.org.br\/bancada-do-psol-na-camara-pede-cassacao-de-eduardo-bolsonaro\/#article\",\"isPartOf\":{\"@id\":\"https:\/\/psol50.org.br\/bancada-do-psol-na-camara-pede-cassacao-de-eduardo-bolsonaro\/\"},\"author\":{\"name\":\"Comunica\u00e7\u00e3o PSOL\",\"@id\":\"https:\/\/psol50.org.br\/#\/schema\/person\/475dfa57d0b815993c714c2e96491fcd\"},\"headline\":\"Bancada do PSOL na C\u00e2mara pede cassa\u00e7\u00e3o de Eduardo Bolsonaro\",\"datePublished\":\"2025-07-11T15:42:03+00:00\",\"dateModified\":\"2025-07-17T14:29:52+00:00\",\"mainEntityOfPage\":{\"@id\":\"https:\/\/psol50.org.br\/bancada-do-psol-na-camara-pede-cassacao-de-eduardo-bolsonaro\/\"},\"wordCount\":244,\"publisher\":{\"@id\":\"https:\/\/psol50.org.br\/#organization\"},\"image\":{\"@id\":\"https:\/\/psol50.org.br\/bancada-do-psol-na-camara-pede-cassacao-de-eduardo-bolsonaro\/#primaryimage\"},\"thumbnailUrl\":\"https:\/\/psol50.org.br\/inc\/uploads\/2025\/07\/lula6814-scaled.jpg\",\"keywords\":[\"Not\u00edcias\"],\"articleSection\":[\"A\u00e7\u00e3o Parlamentar\"],\"inLanguage\":\"pt-BR\"},{\"@type\":\"WebPage\",\"@id\":\"https:\/\/psol50.org.br\/bancada-do-psol-na-camara-pede-cassacao-de-eduardo-bolsonaro\/\",\"url\":\"https:\/\/psol50.org.br\/bancada-do-psol-na-camara-pede-cassacao-de-eduardo-bolsonaro\/\",\"name\":\"Bancada do PSOL na C\u00e2mara pede cassa\u00e7\u00e3o de Eduardo Bolsonaro\",\"isPartOf\":{\"@id\":\"https:\/\/psol50.org.br\/#website\"},\"primaryImageOfPage\":{\"@id\":\"https:\/\/psol50.org.br\/bancada-do-psol-na-camara-pede-cassacao-de-eduardo-bolsonaro\/#primaryimage\"},\"image\":{\"@id\":\"https:\/\/psol50.org.br\/bancada-do-psol-na-camara-pede-cassacao-de-eduardo-bolsonaro\/#primaryimage\"},\"thumbnailUrl\":\"https:\/\/psol50.org.br\/inc\/uploads\/2025\/07\/lula6814-scaled.jpg\",\"datePublished\":\"2025-07-11T15:42:03+00:00\",\"dateModified\":\"2025-07-17T14:29:52+00:00\",\"description\":\"O deputado foragido nos EUA quebrou o decoro parlamentar e feriu a soberania do Brasil ao articular o tarifa\u00e7o de 50% sobre os produtos brasileiros anunciado por Donald Trump.\",\"breadcrumb\":{\"@id\":\"https:\/\/psol50.org.br\/bancada-do-psol-na-camara-pede-cassacao-de-eduardo-bolsonaro\/#breadcrumb\"},\"inLanguage\":\"pt-BR\",\"potentialAction\":[{\"@type\":\"ReadAction\",\"target\":[\"https:\/\/psol50.org.br\/bancada-do-psol-na-camara-pede-cassacao-de-eduardo-bolsonaro\/\"]}]},{\"@type\":\"ImageObject\",\"inLanguage\":\"pt-BR\",\"@id\":\"https:\/\/psol50.org.br\/bancada-do-psol-na-camara-pede-cassacao-de-eduardo-bolsonaro\/#primaryimage\",\"url\":\"https:\/\/psol50.org.br\/inc\/uploads\/2025\/07\/lula6814-scaled.jpg\",\"contentUrl\":\"https:\/\/psol50.org.br\/inc\/uploads\/2025\/07\/lula6814-scaled.jpg\",\"width\":2560,\"height\":1793,\"caption\":\"Foto: Lula Marques\/ Ag\u00eancia Brasil\"},{\"@type\":\"BreadcrumbList\",\"@id\":\"https:\/\/psol50.org.br\/bancada-do-psol-na-camara-pede-cassacao-de-eduardo-bolsonaro\/#breadcrumb\",\"itemListElement\":[{\"@type\":\"ListItem\",\"position\":1,\"name\":\"In\u00edcio\",\"item\":\"https:\/\/psol50.org.br\/\"},{\"@type\":\"ListItem\",\"position\":2,\"name\":\"Bancada do PSOL na C\u00e2mara pede cassa\u00e7\u00e3o de Eduardo Bolsonaro\"}]},{\"@type\":\"WebSite\",\"@id\":\"https:\/\/psol50.org.br\/#website\",\"url\":\"https:\/\/psol50.org.br\/\",\"name\":\"PSOL 50\",\"description\":\"Site oficial do Partido Socialismo e Liberdade\",\"publisher\":{\"@id\":\"https:\/\/psol50.org.br\/#organization\"},\"alternateName\":\"PSOL50\",\"potentialAction\":[{\"@type\":\"SearchAction\",\"target\":{\"@type\":\"EntryPoint\",\"urlTemplate\":\"https:\/\/psol50.org.br\/?s={search_term_string}\"},\"query-input\":{\"@type\":\"PropertyValueSpecification\",\"valueRequired\":true,\"valueName\":\"search_term_string\"}}],\"inLanguage\":\"pt-BR\"},{\"@type\":\"Organization\",\"@id\":\"https:\/\/psol50.org.br\/#organization\",\"name\":\"PSOL 50\",\"alternateName\":\"PSOL 50\",\"url\":\"https:\/\/psol50.org.br\/\",\"logo\":{\"@type\":\"ImageObject\",\"inLanguage\":\"pt-BR\",\"@id\":\"https:\/\/psol50.org.br\/#\/schema\/logo\/image\/\",\"url\":\"https:\/\/psol50.org.br\/inc\/uploads\/2018\/07\/capa.png\",\"contentUrl\":\"https:\/\/psol50.org.br\/inc\/uploads\/2018\/07\/capa.png\",\"width\":1350,\"height\":900,\"caption\":\"PSOL 50\"},\"image\":{\"@id\":\"https:\/\/psol50.org.br\/#\/schema\/logo\/image\/\"},\"sameAs\":[\"https:\/\/www.facebook.com\/psol50\",\"https:\/\/x.com\/psol50\",\"https:\/\/www.instagram.com\/psol50\/\",\"https:\/\/www.youtube.com\/channel\/UC7SnJS5o1os7a6CaiNabzcg\"]},{\"@type\":\"Person\",\"@id\":\"https:\/\/psol50.org.br\/#\/schema\/person\/475dfa57d0b815993c714c2e96491fcd\",\"name\":\"Comunica\u00e7\u00e3o PSOL\",\"image\":{\"@type\":\"ImageObject\",\"inLanguage\":\"pt-BR\",\"@id\":\"https:\/\/psol50.org.br\/#\/schema\/person\/image\/\",\"url\":\"https:\/\/secure.gravatar.com\/avatar\/b34fc4f4e468a4e51785917065a3db57b841f5c95dba6ad8c73aaf8f66f8f9bf?s=96&d=mm&r=g\",\"contentUrl\":\"https:\/\/secure.gravatar.com\/avatar\/b34fc4f4e468a4e51785917065a3db57b841f5c95dba6ad8c73aaf8f66f8f9bf?s=96&d=mm&r=g\",\"caption\":\"Comunica\u00e7\u00e3o PSOL\"}}]}<\/script>\n<!-- \/ Yoast SEO plugin. -->","yoast_head_json":{"title":"Bancada do PSOL na C\u00e2mara pede cassa\u00e7\u00e3o de Eduardo Bolsonaro","description":"O deputado foragido nos EUA quebrou o decoro parlamentar e feriu a soberania do Brasil ao articular o tarifa\u00e7o de 50% sobre os produtos brasileiros anunciado por Donald Trump.","robots":{"index":"index","follow":"follow","max-snippet":"max-snippet:-1","max-image-preview":"max-image-preview:large","max-video-preview":"max-video-preview:-1"},"canonical":"https:\/\/psol50.org.br\/bancada-do-psol-na-camara-pede-cassacao-de-eduardo-bolsonaro\/","og_locale":"pt_BR","og_type":"article","og_title":"Bancada do PSOL na C\u00e2mara pede cassa\u00e7\u00e3o de Eduardo Bolsonaro","og_description":"O deputado foragido nos EUA quebrou o decoro parlamentar e feriu a soberania do Brasil ao articular o tarifa\u00e7o de 50% sobre os produtos brasileiros anunciado por Donald Trump.","og_url":"https:\/\/psol50.org.br\/bancada-do-psol-na-camara-pede-cassacao-de-eduardo-bolsonaro\/","og_site_name":"PSOL 50","article_publisher":"https:\/\/www.facebook.com\/psol50","article_published_time":"2025-07-11T15:42:03+00:00","article_modified_time":"2025-07-17T14:29:52+00:00","og_image":[{"width":2560,"height":1793,"url":"https:\/\/psol50.org.br\/inc\/uploads\/2025\/07\/lula6814-scaled.jpg","type":"image\/jpeg"}],"author":"Comunica\u00e7\u00e3o PSOL","twitter_card":"summary_large_image","twitter_creator":"@psol50","twitter_site":"@psol50","twitter_misc":{"Escrito por":"Comunica\u00e7\u00e3o PSOL","Est. tempo de leitura":"1 minuto"},"schema":{"@context":"https:\/\/schema.org","@graph":[{"@type":"Article","@id":"https:\/\/psol50.org.br\/bancada-do-psol-na-camara-pede-cassacao-de-eduardo-bolsonaro\/#article","isPartOf":{"@id":"https:\/\/psol50.org.br\/bancada-do-psol-na-camara-pede-cassacao-de-eduardo-bolsonaro\/"},"author":{"name":"Comunica\u00e7\u00e3o PSOL","@id":"https:\/\/psol50.org.br\/#\/schema\/person\/475dfa57d0b815993c714c2e96491fcd"},"headline":"Bancada do PSOL na C\u00e2mara pede cassa\u00e7\u00e3o de Eduardo Bolsonaro","datePublished":"2025-07-11T15:42:03+00:00","dateModified":"2025-07-17T14:29:52+00:00","mainEntityOfPage":{"@id":"https:\/\/psol50.org.br\/bancada-do-psol-na-camara-pede-cassacao-de-eduardo-bolsonaro\/"},"wordCount":244,"publisher":{"@id":"https:\/\/psol50.org.br\/#organization"},"image":{"@id":"https:\/\/psol50.org.br\/bancada-do-psol-na-camara-pede-cassacao-de-eduardo-bolsonaro\/#primaryimage"},"thumbnailUrl":"https:\/\/psol50.org.br\/inc\/uploads\/2025\/07\/lula6814-scaled.jpg","keywords":["Not\u00edcias"],"articleSection":["A\u00e7\u00e3o Parlamentar"],"inLanguage":"pt-BR"},{"@type":"WebPage","@id":"https:\/\/psol50.org.br\/bancada-do-psol-na-camara-pede-cassacao-de-eduardo-bolsonaro\/","url":"https:\/\/psol50.org.br\/bancada-do-psol-na-camara-pede-cassacao-de-eduardo-bolsonaro\/","name":"Bancada do PSOL na C\u00e2mara pede cassa\u00e7\u00e3o de Eduardo Bolsonaro","isPartOf":{"@id":"https:\/\/psol50.org.br\/#website"},"primaryImageOfPage":{"@id":"https:\/\/psol50.org.br\/bancada-do-psol-na-camara-pede-cassacao-de-eduardo-bolsonaro\/#primaryimage"},"image":{"@id":"https:\/\/psol50.org.br\/bancada-do-psol-na-camara-pede-cassacao-de-eduardo-bolsonaro\/#primaryimage"},"thumbnailUrl":"https:\/\/psol50.org.br\/inc\/uploads\/2025\/07\/lula6814-scaled.jpg","datePublished":"2025-07-11T15:42:03+00:00","dateModified":"2025-07-17T14:29:52+00:00","description":"O deputado foragido nos EUA quebrou o decoro parlamentar e feriu a soberania do Brasil ao articular o tarifa\u00e7o de 50% sobre os produtos brasileiros anunciado por Donald Trump.","breadcrumb":{"@id":"https:\/\/psol50.org.br\/bancada-do-psol-na-camara-pede-cassacao-de-eduardo-bolsonaro\/#breadcrumb"},"inLanguage":"pt-BR","potentialAction":[{"@type":"ReadAction","target":["https:\/\/psol50.org.br\/bancada-do-psol-na-camara-pede-cassacao-de-eduardo-bolsonaro\/"]}]},{"@type":"ImageObject","inLanguage":"pt-BR","@id":"https:\/\/psol50.org.br\/bancada-do-psol-na-camara-pede-cassacao-de-eduardo-bolsonaro\/#primaryimage","url":"https:\/\/psol50.org.br\/inc\/uploads\/2025\/07\/lula6814-scaled.jpg","contentUrl":"https:\/\/psol50.org.br\/inc\/uploads\/2025\/07\/lula6814-scaled.jpg","width":2560,"height":1793,"caption":"Foto: Lula Marques\/ Ag\u00eancia Brasil"},{"@type":"BreadcrumbList","@id":"https:\/\/psol50.org.br\/bancada-do-psol-na-camara-pede-cassacao-de-eduardo-bolsonaro\/#breadcrumb","itemListElement":[{"@type":"ListItem","position":1,"name":"In\u00edcio","item":"https:\/\/psol50.org.br\/"},{"@type":"ListItem","position":2,"name":"Bancada do PSOL na C\u00e2mara pede cassa\u00e7\u00e3o de Eduardo Bolsonaro"}]},{"@type":"WebSite","@id":"https:\/\/psol50.org.br\/#website","url":"https:\/\/psol50.org.br\/","name":"PSOL 50","description":"Site oficial do Partido Socialismo e Liberdade","publisher":{"@id":"https:\/\/psol50.org.br\/#organization"},"alternateName":"PSOL50","potentialAction":[{"@type":"SearchAction","target":{"@type":"EntryPoint","urlTemplate":"https:\/\/psol50.org.br\/?s={search_term_string}"},"query-input":{"@type":"PropertyValueSpecification","valueRequired":true,"valueName":"search_term_string"}}],"inLanguage":"pt-BR"},{"@type":"Organization","@id":"https:\/\/psol50.org.br\/#organization","name":"PSOL 50","alternateName":"PSOL 50","url":"https:\/\/psol50.org.br\/","logo":{"@type":"ImageObject","inLanguage":"pt-BR","@id":"https:\/\/psol50.org.br\/#\/schema\/logo\/image\/","url":"https:\/\/psol50.org.br\/inc\/uploads\/2018\/07\/capa.png","contentUrl":"https:\/\/psol50.org.br\/inc\/uploads\/2018\/07\/capa.png","width":1350,"height":900,"caption":"PSOL 50"},"image":{"@id":"https:\/\/psol50.org.br\/#\/schema\/logo\/image\/"},"sameAs":["https:\/\/www.facebook.com\/psol50","https:\/\/x.com\/psol50","https:\/\/www.instagram.com\/psol50\/","https:\/\/www.youtube.com\/channel\/UC7SnJS5o1os7a6CaiNabzcg"]},{"@type":"Person","@id":"https:\/\/psol50.org.br\/#\/schema\/person\/475dfa57d0b815993c714c2e96491fcd","name":"Comunica\u00e7\u00e3o PSOL","image":{"@type":"ImageObject","inLanguage":"pt-BR","@id":"https:\/\/psol50.org.br\/#\/schema\/person\/image\/","url":"https:\/\/secure.gravatar.com\/avatar\/b34fc4f4e468a4e51785917065a3db57b841f5c95dba6ad8c73aaf8f66f8f9bf?s=96&d=mm&r=g","contentUrl":"https:\/\/secure.gravatar.com\/avatar\/b34fc4f4e468a4e51785917065a3db57b841f5c95dba6ad8c73aaf8f66f8f9bf?s=96&d=mm&r=g","caption":"Comunica\u00e7\u00e3o PSOL"}}]}},"_links":{"self":[{"href":"https:\/\/psol50.org.br\/rest\/wp\/v2\/posts\/41470","targetHints":{"allow":["GET"]}}],"collection":[{"href":"https:\/\/psol50.org.br\/rest\/wp\/v2\/posts"}],"about":[{"href":"https:\/\/psol50.org.br\/rest\/wp\/v2\/types\/post"}],"author":[{"embeddable":true,"href":"https:\/\/psol50.org.br\/rest\/wp\/v2\/users\/2"}],"replies":[{"embeddable":true,"href":"https:\/\/psol50.org.br\/rest\/wp\/v2\/comments?post=41470"}],"version-history":[{"count":2,"href":"https:\/\/psol50.org.br\/rest\/wp\/v2\/posts\/41470\/revisions"}],"predecessor-version":[{"id":41472,"href":"https:\/\/psol50.org.br\/rest\/wp\/v2\/posts\/41470\/revisions\/41472"}],"wp:featuredmedia":[{"embeddable":true,"href":"https:\/\/psol50.org.br\/rest\/wp\/v2\/media\/41473"}],"wp:attachment":[{"href":"https:\/\/psol50.org.br\/rest\/wp\/v2\/media?parent=41470"}],"wp:term":[{"taxonomy":"category","embeddable":true,"href":"https:\/\/psol50.org.br\/rest\/wp\/v2\/categories?post=41470"},{"taxonomy":"post_tag","embeddable":true,"href":"https:\/\/psol50.org.br\/rest\/wp\/v2\/tags?post=41470"}],"curies":[{"name":"wp","href":"https:\/\/api.w.org\/{rel}","templated":true}]}}