{"id":41483,"date":"2025-07-14T17:17:12","date_gmt":"2025-07-14T20:17:12","guid":{"rendered":"https:\/\/psol50.org.br\/?p=41483"},"modified":"2025-07-22T15:42:10","modified_gmt":"2025-07-22T18:42:10","slug":"setorial-da-negritude-seminario-marxismo-negro","status":"publish","type":"post","link":"https:\/\/psol50.org.br\/setorial-da-negritude-seminario-marxismo-negro\/","title":{"rendered":"Setorial da Negritude do PSOL faz Semin\u00e1rio de Marxismo Negro em Salvador (BA) neste fim de semana"},"content":{"rendered":"<p>Acontece neste final de semana, entre os dias 18 e 20 de julho, o <strong>II Semin\u00e1rio da Negritude do PSOL: Marxismo Negro<\/strong>, promovido em Salvador (BA) pelo Setorial Nacional da Negritude do partido. O evento <span style=\"font-weight: 400;\">ser\u00e1 um espa\u00e7o de debate sobre <\/span><span style=\"font-weight: 400;\">a import\u00e2ncia do pensamento desenvolvido por marxistas negras e negros \u2013 com suas contribui\u00e7\u00f5es fundamentais sobre a intersec\u00e7\u00e3o entre classe, ra\u00e7a e g\u00eanero \u2013 para a constru\u00e7\u00e3o de um projeto socialista que responda aos desafios do s\u00e9culo XXI.<\/span><\/p>\n<p><span style=\"font-weight: 400;\">A atividade tamb\u00e9m faz parte do processo de atualiza\u00e7\u00e3o program\u00e1tica do partido no marco dos seus 20 anos \u2014 o <\/span><a href=\"https:\/\/psolmais20.org.br\/\" target=\"_blank\" rel=\"noopener\"><b>PSOL+20<\/b><\/a><span style=\"font-weight: 400;\">. <\/span><span style=\"font-weight: 400;\">Reunir\u00e1 lideran\u00e7as pol\u00edticas, parlamentares, militantes de todo o Brasil e intelectuais negras e negros comprometidos com a constru\u00e7\u00e3o de um projeto anticapitalista, antirracista e internacionalista.<\/span><\/p>\n<p><span style=\"font-weight: 400;\">A escolha de Salvador para sediar o evento n\u00e3o \u00e9 um acaso: al\u00e9m do fato de ser a <\/span><b>cidade mais negra fora da \u00c1frica<\/b><span style=\"font-weight: 400;\">, tamb\u00e9m \u00e9 importante pela <\/span><a href=\"https:\/\/psol50.org.br\/lutar-nao-e-crime-contra-a-perseguicao-ao-psol-e-suas-liderancas-em-salvador-ba\/\" target=\"_blank\" rel=\"noopener\"><b>persegui\u00e7\u00e3o pol\u00edtica<\/b><\/a><span style=\"font-weight: 400;\"> que as lideran\u00e7as do PSOL Salvador v\u00eam sofrendo: os vereadores de Salvador (BA), Hamilton Assis e Eliete Paraguassu, o deputado estadual Hilton Coelho, al\u00e9m do ex-candidato \u00e0 prefeitura da capital baiana, Kleber Rosa.<\/span><\/p>\n<h4><b>Programa\u00e7\u00e3o do evento:<\/b><\/h4>\n<h5><b>Dia 18 (sexta):<\/b><\/h5>\n<h6><b>19h \u2013 Mesa de abertura: Racismo Estrutural e a Explora\u00e7\u00e3o do Trabalho Negro<\/b><\/h6>\n<p><span style=\"font-weight: 400;\">O evento inicia debatendo como a racializa\u00e7\u00e3o opera na divis\u00e3o internacional do trabalho, aprofundando a superexplora\u00e7\u00e3o da classe trabalhadora negra. Ser\u00e3o analisadas as particularidades da opress\u00e3o racial no mundo do trabalho, desde as heran\u00e7as escravocratas at\u00e9 as novas formas de precariza\u00e7\u00e3o, propondo estrat\u00e9gias sindicais e populares de enfrentamento.<\/span><\/p>\n<p><b>Composi\u00e7\u00e3o da mesa:<br \/>\n<\/b><span style=\"font-weight: 400;\">Ana Paula Rocha, <\/span><span style=\"font-weight: 400;\">Dennis Oliveira, <\/span><span style=\"font-weight: 400;\">Jhonatas Monteiro e <\/span><span style=\"font-weight: 400;\">Simone Nascimento.<\/span><\/p>\n<h5><b>Dia 19 (s\u00e1bado):<\/b><\/h5>\n<h6><b>9h &#8211; Mesa 2: A Terra N\u00e3o \u00e9 Mercadoria: Racismo Ambiental e Lutas Territoriais<\/b><\/h6>\n<p><span style=\"font-weight: 400;\">Esta etapa debater\u00e1 sobre como o racismo ambiental se manifesta na expropria\u00e7\u00e3o de territ\u00f3rios tradicionais, no ecoc\u00eddio das periferias e na mercantiliza\u00e7\u00e3o da natureza. O debate destacar\u00e1 as resist\u00eancias quilombolas, ind\u00edgenas e das comunidades ribeirinhas, que constroem alternativas civilizat\u00f3rias anticapitalistas a partir da defesa dos bens comuns.<\/span><\/p>\n<p><b>Composi\u00e7\u00e3o da mesa:<br \/>\n<\/b><span style=\"font-weight: 400;\">Ant\u00f4nia Cariongo, <\/span><span style=\"font-weight: 400;\">Emmily Leandro, <\/span><span style=\"font-weight: 400;\">Livia Duarte e <\/span><span style=\"font-weight: 400;\">Nathalia Santana.<\/span><\/p>\n<h6><b>13h &#8211; 15h: Grupos de Trabalho<\/b><\/h6>\n<p><b>(GT-1) Racismo, Imperialismo e a Luta Pan-Africana<br \/>\n<\/b><span style=\"font-weight: 400;\">Discutir\u00e1 como o racismo se constitui como pilar do imperialismo moderno, analisando as formas de resist\u00eancia transnacional e as perspectivas do pan-africanismo como projeto pol\u00edtico de liberta\u00e7\u00e3o. O eixo abordar\u00e1 as conex\u00f5es entre colonialismo, neocolonialismo e a di\u00e1spora africana, destacando estrat\u00e9gias de solidariedade internacional contra a domina\u00e7\u00e3o racial e econ\u00f4mica.<\/span><\/p>\n<p><b>(GT-2) Ra\u00e7a, Classe e G\u00eanero: Insubmiss\u00e3o e Projetos de Liberta\u00e7\u00e3o<br \/>\n<\/b><span style=\"font-weight: 400;\">Neste grupo ser\u00e3o abordadas as intersec\u00e7\u00f5es entre os sistemas de opress\u00e3o, destacando como mulheres negras, popula\u00e7\u00e3o LGBTQIAP+ negra e juventude perif\u00e9rica reinventam as lutas anticapitalistas. Este eixo ter\u00e1 como foco as epistemologias dissidentes e pr\u00e1ticas pol\u00edticas que desafiam simultaneamente o patriarcado, o racismo e a explora\u00e7\u00e3o de classe.<\/span><\/p>\n<p><b>(GT3) Genoc\u00eddio Negro e Criminaliza\u00e7\u00e3o da Pobreza: Viol\u00eancia Policial e Encarceramento em Massa<br \/>\n<\/b><span style=\"font-weight: 400;\">Este eixo discutir\u00e1 a viol\u00eancia de Estado como mecanismo de controle e exterm\u00ednio da popula\u00e7\u00e3o negra e perif\u00e9rica, evidenciando como o sistema penal brasileiro opera como continuidade do projeto escravocrata. O debate vai buscar propor estrat\u00e9gias de enfrentamento ao Estado penal, articulando a luta antirracista com o projeto de desmantelamento das estruturas de morte do capitalismo racial brasileiro.<\/span><\/p>\n<h6><b>19h &#8211; Mesa 3: Negros e negras pensando o futuro &#8211; PSOL+20<\/b><\/h6>\n<p>Esta etapa conectar\u00e1 a discuss\u00e3o te\u00f3rica e pr\u00e1tica realizada no evento at\u00e9 ent\u00e3o com o processo de atualiza\u00e7\u00e3o program\u00e1tica do partido, o PSOL+20. O foco ser\u00e1 em debater como <span style=\"font-weight: 400;\">a intersec\u00e7\u00e3o entre classe, ra\u00e7a e g\u00eanero \u00e9 estrutural para a constru\u00e7\u00e3o de um projeto socialista que responda aos desafios do s\u00e9culo XXI.<\/span><\/p>\n<p><strong>Composi\u00e7\u00e3o da mesa:<br \/>\n<\/strong><span style=\"font-weight: 400;\">Fabio Nogueira, <\/span><span style=\"font-weight: 400;\">Keit Lima, <\/span><span style=\"font-weight: 400;\">Matheus Gomes e <\/span><span style=\"font-weight: 400;\">Vivi Reis.<\/span><\/p>\n<p><b>Dia 20 (domingo):<\/b><\/p>\n<h6><strong>9h &#8211; Ato de desagravo em apoio aos companheiros que est\u00e3o sofrendo persegui\u00e7\u00e3o pol\u00edtica e racismo em Salvador &#8211; Hilton Coelho, Kleber Rosa, Hamilton Assis e Eliete Paraguassu.<\/strong><\/h6>\n<h6><strong>10h &#8211; Apresenta\u00e7\u00e3o de um documento de ac\u00famulo a ser incorporado ao debate program\u00e1tico do PSOL+20.<\/strong><\/h6>\n","protected":false},"excerpt":{"rendered":"<p>Acontece neste final de semana, entre os dias 18 e 20 de julho, o II Semin\u00e1rio da Negritude do PSOL: Marxismo Negro, promovido em Salvador (BA) pelo Setorial Nacional da Negritude do partido. O evento ser\u00e1 um espa\u00e7o de debate sobre a import\u00e2ncia do pensamento desenvolvido por marxistas negras e negros \u2013 com suas contribui\u00e7\u00f5es [&hellip;]<\/p>\n","protected":false},"author":2,"featured_media":41487,"comment_status":"closed","ping_status":"open","sticky":false,"template":"","format":"standard","meta":{"_acf_changed":false,"footnotes":""},"categories":[14],"tags":[4825],"class_list":{"0":"post-41483","1":"post","2":"type-post","3":"status-publish","4":"format-standard","5":"has-post-thumbnail","7":"category-partido","8":"tag-noticias"},"acf":[],"yoast_head":"<!-- This site is optimized with the Yoast SEO plugin v26.5 - https:\/\/yoast.com\/wordpress\/plugins\/seo\/ -->\n<title>Setorial da Negritude do PSOL faz Semin\u00e1rio de Marxismo Negro em Salvador (BA) neste fim de semana<\/title>\n<meta name=\"description\" content=\"Evento acontece entre os dias 18 e 20 de julho e tamb\u00e9m faz parte do processo de atualiza\u00e7\u00e3o program\u00e1tica do partido, o PSOL+20.\" \/>\n<meta name=\"robots\" content=\"index, follow, max-snippet:-1, max-image-preview:large, max-video-preview:-1\" \/>\n<link rel=\"canonical\" href=\"https:\/\/psol50.org.br\/setorial-da-negritude-seminario-marxismo-negro\/\" \/>\n<meta property=\"og:locale\" content=\"pt_BR\" \/>\n<meta property=\"og:type\" content=\"article\" \/>\n<meta property=\"og:title\" content=\"Setorial da Negritude do PSOL faz Semin\u00e1rio de Marxismo Negro em Salvador (BA) neste fim de semana\" \/>\n<meta property=\"og:description\" content=\"Evento acontece entre os dias 18 e 20 de julho e tamb\u00e9m faz parte do processo de atualiza\u00e7\u00e3o program\u00e1tica do partido, o PSOL+20.\" \/>\n<meta property=\"og:url\" content=\"https:\/\/psol50.org.br\/setorial-da-negritude-seminario-marxismo-negro\/\" \/>\n<meta property=\"og:site_name\" content=\"PSOL 50\" \/>\n<meta property=\"article:publisher\" content=\"https:\/\/www.facebook.com\/psol50\" \/>\n<meta property=\"article:published_time\" content=\"2025-07-14T20:17:12+00:00\" \/>\n<meta property=\"article:modified_time\" content=\"2025-07-22T18:42:10+00:00\" \/>\n<meta property=\"og:image\" content=\"https:\/\/psol50.org.br\/inc\/uploads\/2025\/07\/Captura-de-Tela-2025-07-14-as-17.15.06-scaled.png\" \/>\n\t<meta property=\"og:image:width\" content=\"2560\" \/>\n\t<meta property=\"og:image:height\" content=\"1128\" \/>\n\t<meta property=\"og:image:type\" content=\"image\/png\" \/>\n<meta name=\"author\" content=\"Comunica\u00e7\u00e3o PSOL\" \/>\n<meta name=\"twitter:card\" content=\"summary_large_image\" \/>\n<meta name=\"twitter:creator\" content=\"@psol50\" \/>\n<meta name=\"twitter:site\" content=\"@psol50\" \/>\n<meta name=\"twitter:label1\" content=\"Escrito por\" \/>\n\t<meta name=\"twitter:data1\" content=\"Comunica\u00e7\u00e3o PSOL\" \/>\n\t<meta name=\"twitter:label2\" content=\"Est. tempo de leitura\" \/>\n\t<meta name=\"twitter:data2\" content=\"4 minutos\" \/>\n<script type=\"application\/ld+json\" class=\"yoast-schema-graph\">{\"@context\":\"https:\/\/schema.org\",\"@graph\":[{\"@type\":\"Article\",\"@id\":\"https:\/\/psol50.org.br\/setorial-da-negritude-seminario-marxismo-negro\/#article\",\"isPartOf\":{\"@id\":\"https:\/\/psol50.org.br\/setorial-da-negritude-seminario-marxismo-negro\/\"},\"author\":{\"name\":\"Comunica\u00e7\u00e3o PSOL\",\"@id\":\"https:\/\/psol50.org.br\/#\/schema\/person\/475dfa57d0b815993c714c2e96491fcd\"},\"headline\":\"Setorial da Negritude do PSOL faz Semin\u00e1rio de Marxismo Negro em Salvador (BA) neste fim de semana\",\"datePublished\":\"2025-07-14T20:17:12+00:00\",\"dateModified\":\"2025-07-22T18:42:10+00:00\",\"mainEntityOfPage\":{\"@id\":\"https:\/\/psol50.org.br\/setorial-da-negritude-seminario-marxismo-negro\/\"},\"wordCount\":751,\"publisher\":{\"@id\":\"https:\/\/psol50.org.br\/#organization\"},\"image\":{\"@id\":\"https:\/\/psol50.org.br\/setorial-da-negritude-seminario-marxismo-negro\/#primaryimage\"},\"thumbnailUrl\":\"https:\/\/psol50.org.br\/inc\/uploads\/2025\/07\/Captura-de-Tela-2025-07-14-as-17.15.06-scaled.png\",\"keywords\":[\"Not\u00edcias\"],\"articleSection\":[\"Partido\"],\"inLanguage\":\"pt-BR\"},{\"@type\":\"WebPage\",\"@id\":\"https:\/\/psol50.org.br\/setorial-da-negritude-seminario-marxismo-negro\/\",\"url\":\"https:\/\/psol50.org.br\/setorial-da-negritude-seminario-marxismo-negro\/\",\"name\":\"Setorial da Negritude do PSOL faz Semin\u00e1rio de Marxismo Negro em Salvador (BA) neste fim de semana\",\"isPartOf\":{\"@id\":\"https:\/\/psol50.org.br\/#website\"},\"primaryImageOfPage\":{\"@id\":\"https:\/\/psol50.org.br\/setorial-da-negritude-seminario-marxismo-negro\/#primaryimage\"},\"image\":{\"@id\":\"https:\/\/psol50.org.br\/setorial-da-negritude-seminario-marxismo-negro\/#primaryimage\"},\"thumbnailUrl\":\"https:\/\/psol50.org.br\/inc\/uploads\/2025\/07\/Captura-de-Tela-2025-07-14-as-17.15.06-scaled.png\",\"datePublished\":\"2025-07-14T20:17:12+00:00\",\"dateModified\":\"2025-07-22T18:42:10+00:00\",\"description\":\"Evento acontece entre os dias 18 e 20 de julho e tamb\u00e9m faz parte do processo de atualiza\u00e7\u00e3o program\u00e1tica do partido, o PSOL+20.\",\"breadcrumb\":{\"@id\":\"https:\/\/psol50.org.br\/setorial-da-negritude-seminario-marxismo-negro\/#breadcrumb\"},\"inLanguage\":\"pt-BR\",\"potentialAction\":[{\"@type\":\"ReadAction\",\"target\":[\"https:\/\/psol50.org.br\/setorial-da-negritude-seminario-marxismo-negro\/\"]}]},{\"@type\":\"ImageObject\",\"inLanguage\":\"pt-BR\",\"@id\":\"https:\/\/psol50.org.br\/setorial-da-negritude-seminario-marxismo-negro\/#primaryimage\",\"url\":\"https:\/\/psol50.org.br\/inc\/uploads\/2025\/07\/Captura-de-Tela-2025-07-14-as-17.15.06-scaled.png\",\"contentUrl\":\"https:\/\/psol50.org.br\/inc\/uploads\/2025\/07\/Captura-de-Tela-2025-07-14-as-17.15.06-scaled.png\",\"width\":2560,\"height\":1128},{\"@type\":\"BreadcrumbList\",\"@id\":\"https:\/\/psol50.org.br\/setorial-da-negritude-seminario-marxismo-negro\/#breadcrumb\",\"itemListElement\":[{\"@type\":\"ListItem\",\"position\":1,\"name\":\"In\u00edcio\",\"item\":\"https:\/\/psol50.org.br\/\"},{\"@type\":\"ListItem\",\"position\":2,\"name\":\"Setorial da Negritude do PSOL faz Semin\u00e1rio de Marxismo Negro em Salvador (BA) neste fim de semana\"}]},{\"@type\":\"WebSite\",\"@id\":\"https:\/\/psol50.org.br\/#website\",\"url\":\"https:\/\/psol50.org.br\/\",\"name\":\"PSOL 50\",\"description\":\"Site oficial do Partido Socialismo e Liberdade\",\"publisher\":{\"@id\":\"https:\/\/psol50.org.br\/#organization\"},\"alternateName\":\"PSOL50\",\"potentialAction\":[{\"@type\":\"SearchAction\",\"target\":{\"@type\":\"EntryPoint\",\"urlTemplate\":\"https:\/\/psol50.org.br\/?s={search_term_string}\"},\"query-input\":{\"@type\":\"PropertyValueSpecification\",\"valueRequired\":true,\"valueName\":\"search_term_string\"}}],\"inLanguage\":\"pt-BR\"},{\"@type\":\"Organization\",\"@id\":\"https:\/\/psol50.org.br\/#organization\",\"name\":\"PSOL 50\",\"alternateName\":\"PSOL 50\",\"url\":\"https:\/\/psol50.org.br\/\",\"logo\":{\"@type\":\"ImageObject\",\"inLanguage\":\"pt-BR\",\"@id\":\"https:\/\/psol50.org.br\/#\/schema\/logo\/image\/\",\"url\":\"https:\/\/psol50.org.br\/inc\/uploads\/2018\/07\/capa.png\",\"contentUrl\":\"https:\/\/psol50.org.br\/inc\/uploads\/2018\/07\/capa.png\",\"width\":1350,\"height\":900,\"caption\":\"PSOL 50\"},\"image\":{\"@id\":\"https:\/\/psol50.org.br\/#\/schema\/logo\/image\/\"},\"sameAs\":[\"https:\/\/www.facebook.com\/psol50\",\"https:\/\/x.com\/psol50\",\"https:\/\/www.instagram.com\/psol50\/\",\"https:\/\/www.youtube.com\/channel\/UC7SnJS5o1os7a6CaiNabzcg\"]},{\"@type\":\"Person\",\"@id\":\"https:\/\/psol50.org.br\/#\/schema\/person\/475dfa57d0b815993c714c2e96491fcd\",\"name\":\"Comunica\u00e7\u00e3o PSOL\",\"image\":{\"@type\":\"ImageObject\",\"inLanguage\":\"pt-BR\",\"@id\":\"https:\/\/psol50.org.br\/#\/schema\/person\/image\/\",\"url\":\"https:\/\/secure.gravatar.com\/avatar\/b34fc4f4e468a4e51785917065a3db57b841f5c95dba6ad8c73aaf8f66f8f9bf?s=96&d=mm&r=g\",\"contentUrl\":\"https:\/\/secure.gravatar.com\/avatar\/b34fc4f4e468a4e51785917065a3db57b841f5c95dba6ad8c73aaf8f66f8f9bf?s=96&d=mm&r=g\",\"caption\":\"Comunica\u00e7\u00e3o PSOL\"}}]}<\/script>\n<!-- \/ Yoast SEO plugin. -->","yoast_head_json":{"title":"Setorial da Negritude do PSOL faz Semin\u00e1rio de Marxismo Negro em Salvador (BA) neste fim de semana","description":"Evento acontece entre os dias 18 e 20 de julho e tamb\u00e9m faz parte do processo de atualiza\u00e7\u00e3o program\u00e1tica do partido, o PSOL+20.","robots":{"index":"index","follow":"follow","max-snippet":"max-snippet:-1","max-image-preview":"max-image-preview:large","max-video-preview":"max-video-preview:-1"},"canonical":"https:\/\/psol50.org.br\/setorial-da-negritude-seminario-marxismo-negro\/","og_locale":"pt_BR","og_type":"article","og_title":"Setorial da Negritude do PSOL faz Semin\u00e1rio de Marxismo Negro em Salvador (BA) neste fim de semana","og_description":"Evento acontece entre os dias 18 e 20 de julho e tamb\u00e9m faz parte do processo de atualiza\u00e7\u00e3o program\u00e1tica do partido, o PSOL+20.","og_url":"https:\/\/psol50.org.br\/setorial-da-negritude-seminario-marxismo-negro\/","og_site_name":"PSOL 50","article_publisher":"https:\/\/www.facebook.com\/psol50","article_published_time":"2025-07-14T20:17:12+00:00","article_modified_time":"2025-07-22T18:42:10+00:00","og_image":[{"width":2560,"height":1128,"url":"https:\/\/psol50.org.br\/inc\/uploads\/2025\/07\/Captura-de-Tela-2025-07-14-as-17.15.06-scaled.png","type":"image\/png"}],"author":"Comunica\u00e7\u00e3o PSOL","twitter_card":"summary_large_image","twitter_creator":"@psol50","twitter_site":"@psol50","twitter_misc":{"Escrito por":"Comunica\u00e7\u00e3o PSOL","Est. tempo de leitura":"4 minutos"},"schema":{"@context":"https:\/\/schema.org","@graph":[{"@type":"Article","@id":"https:\/\/psol50.org.br\/setorial-da-negritude-seminario-marxismo-negro\/#article","isPartOf":{"@id":"https:\/\/psol50.org.br\/setorial-da-negritude-seminario-marxismo-negro\/"},"author":{"name":"Comunica\u00e7\u00e3o PSOL","@id":"https:\/\/psol50.org.br\/#\/schema\/person\/475dfa57d0b815993c714c2e96491fcd"},"headline":"Setorial da Negritude do PSOL faz Semin\u00e1rio de Marxismo Negro em Salvador (BA) neste fim de semana","datePublished":"2025-07-14T20:17:12+00:00","dateModified":"2025-07-22T18:42:10+00:00","mainEntityOfPage":{"@id":"https:\/\/psol50.org.br\/setorial-da-negritude-seminario-marxismo-negro\/"},"wordCount":751,"publisher":{"@id":"https:\/\/psol50.org.br\/#organization"},"image":{"@id":"https:\/\/psol50.org.br\/setorial-da-negritude-seminario-marxismo-negro\/#primaryimage"},"thumbnailUrl":"https:\/\/psol50.org.br\/inc\/uploads\/2025\/07\/Captura-de-Tela-2025-07-14-as-17.15.06-scaled.png","keywords":["Not\u00edcias"],"articleSection":["Partido"],"inLanguage":"pt-BR"},{"@type":"WebPage","@id":"https:\/\/psol50.org.br\/setorial-da-negritude-seminario-marxismo-negro\/","url":"https:\/\/psol50.org.br\/setorial-da-negritude-seminario-marxismo-negro\/","name":"Setorial da Negritude do PSOL faz Semin\u00e1rio de Marxismo Negro em Salvador (BA) neste fim de semana","isPartOf":{"@id":"https:\/\/psol50.org.br\/#website"},"primaryImageOfPage":{"@id":"https:\/\/psol50.org.br\/setorial-da-negritude-seminario-marxismo-negro\/#primaryimage"},"image":{"@id":"https:\/\/psol50.org.br\/setorial-da-negritude-seminario-marxismo-negro\/#primaryimage"},"thumbnailUrl":"https:\/\/psol50.org.br\/inc\/uploads\/2025\/07\/Captura-de-Tela-2025-07-14-as-17.15.06-scaled.png","datePublished":"2025-07-14T20:17:12+00:00","dateModified":"2025-07-22T18:42:10+00:00","description":"Evento acontece entre os dias 18 e 20 de julho e tamb\u00e9m faz parte do processo de atualiza\u00e7\u00e3o program\u00e1tica do partido, o PSOL+20.","breadcrumb":{"@id":"https:\/\/psol50.org.br\/setorial-da-negritude-seminario-marxismo-negro\/#breadcrumb"},"inLanguage":"pt-BR","potentialAction":[{"@type":"ReadAction","target":["https:\/\/psol50.org.br\/setorial-da-negritude-seminario-marxismo-negro\/"]}]},{"@type":"ImageObject","inLanguage":"pt-BR","@id":"https:\/\/psol50.org.br\/setorial-da-negritude-seminario-marxismo-negro\/#primaryimage","url":"https:\/\/psol50.org.br\/inc\/uploads\/2025\/07\/Captura-de-Tela-2025-07-14-as-17.15.06-scaled.png","contentUrl":"https:\/\/psol50.org.br\/inc\/uploads\/2025\/07\/Captura-de-Tela-2025-07-14-as-17.15.06-scaled.png","width":2560,"height":1128},{"@type":"BreadcrumbList","@id":"https:\/\/psol50.org.br\/setorial-da-negritude-seminario-marxismo-negro\/#breadcrumb","itemListElement":[{"@type":"ListItem","position":1,"name":"In\u00edcio","item":"https:\/\/psol50.org.br\/"},{"@type":"ListItem","position":2,"name":"Setorial da Negritude do PSOL faz Semin\u00e1rio de Marxismo Negro em Salvador (BA) neste fim de semana"}]},{"@type":"WebSite","@id":"https:\/\/psol50.org.br\/#website","url":"https:\/\/psol50.org.br\/","name":"PSOL 50","description":"Site oficial do Partido Socialismo e Liberdade","publisher":{"@id":"https:\/\/psol50.org.br\/#organization"},"alternateName":"PSOL50","potentialAction":[{"@type":"SearchAction","target":{"@type":"EntryPoint","urlTemplate":"https:\/\/psol50.org.br\/?s={search_term_string}"},"query-input":{"@type":"PropertyValueSpecification","valueRequired":true,"valueName":"search_term_string"}}],"inLanguage":"pt-BR"},{"@type":"Organization","@id":"https:\/\/psol50.org.br\/#organization","name":"PSOL 50","alternateName":"PSOL 50","url":"https:\/\/psol50.org.br\/","logo":{"@type":"ImageObject","inLanguage":"pt-BR","@id":"https:\/\/psol50.org.br\/#\/schema\/logo\/image\/","url":"https:\/\/psol50.org.br\/inc\/uploads\/2018\/07\/capa.png","contentUrl":"https:\/\/psol50.org.br\/inc\/uploads\/2018\/07\/capa.png","width":1350,"height":900,"caption":"PSOL 50"},"image":{"@id":"https:\/\/psol50.org.br\/#\/schema\/logo\/image\/"},"sameAs":["https:\/\/www.facebook.com\/psol50","https:\/\/x.com\/psol50","https:\/\/www.instagram.com\/psol50\/","https:\/\/www.youtube.com\/channel\/UC7SnJS5o1os7a6CaiNabzcg"]},{"@type":"Person","@id":"https:\/\/psol50.org.br\/#\/schema\/person\/475dfa57d0b815993c714c2e96491fcd","name":"Comunica\u00e7\u00e3o PSOL","image":{"@type":"ImageObject","inLanguage":"pt-BR","@id":"https:\/\/psol50.org.br\/#\/schema\/person\/image\/","url":"https:\/\/secure.gravatar.com\/avatar\/b34fc4f4e468a4e51785917065a3db57b841f5c95dba6ad8c73aaf8f66f8f9bf?s=96&d=mm&r=g","contentUrl":"https:\/\/secure.gravatar.com\/avatar\/b34fc4f4e468a4e51785917065a3db57b841f5c95dba6ad8c73aaf8f66f8f9bf?s=96&d=mm&r=g","caption":"Comunica\u00e7\u00e3o PSOL"}}]}},"_links":{"self":[{"href":"https:\/\/psol50.org.br\/rest\/wp\/v2\/posts\/41483","targetHints":{"allow":["GET"]}}],"collection":[{"href":"https:\/\/psol50.org.br\/rest\/wp\/v2\/posts"}],"about":[{"href":"https:\/\/psol50.org.br\/rest\/wp\/v2\/types\/post"}],"author":[{"embeddable":true,"href":"https:\/\/psol50.org.br\/rest\/wp\/v2\/users\/2"}],"replies":[{"embeddable":true,"href":"https:\/\/psol50.org.br\/rest\/wp\/v2\/comments?post=41483"}],"version-history":[{"count":5,"href":"https:\/\/psol50.org.br\/rest\/wp\/v2\/posts\/41483\/revisions"}],"predecessor-version":[{"id":41489,"href":"https:\/\/psol50.org.br\/rest\/wp\/v2\/posts\/41483\/revisions\/41489"}],"wp:featuredmedia":[{"embeddable":true,"href":"https:\/\/psol50.org.br\/rest\/wp\/v2\/media\/41487"}],"wp:attachment":[{"href":"https:\/\/psol50.org.br\/rest\/wp\/v2\/media?parent=41483"}],"wp:term":[{"taxonomy":"category","embeddable":true,"href":"https:\/\/psol50.org.br\/rest\/wp\/v2\/categories?post=41483"},{"taxonomy":"post_tag","embeddable":true,"href":"https:\/\/psol50.org.br\/rest\/wp\/v2\/tags?post=41483"}],"curies":[{"name":"wp","href":"https:\/\/api.w.org\/{rel}","templated":true}]}}