{"id":41511,"date":"2025-07-22T15:35:15","date_gmt":"2025-07-22T18:35:15","guid":{"rendered":"https:\/\/psol50.org.br\/?p=41511"},"modified":"2025-08-11T14:19:51","modified_gmt":"2025-08-11T17:19:51","slug":"2o-seminario-da-negritude-do-psol-reforca-luta-antirracista-do-partido-veja-o-que-foi-aprovado","status":"publish","type":"post","link":"https:\/\/psol50.org.br\/2o-seminario-da-negritude-do-psol-reforca-luta-antirracista-do-partido-veja-o-que-foi-aprovado\/","title":{"rendered":"2\u00ba Semin\u00e1rio da Negritude do PSOL refor\u00e7a luta antirracista do partido: veja o que foi aprovado"},"content":{"rendered":"<p>Aconteceu no \u00faltimo final de semana, entre os dias 18 e 20 de julho em Salvador (BA), o\u00a0<strong>2\u00ba Semin\u00e1rio da Negritude do PSOL: Marxismo Negro<\/strong>. Promovido pela Setorial da Negritude do PSOL, o evento foi espa\u00e7o de ricos debates sobre a import\u00e2ncia do pensamento desenvolvido por marxistas negras e negros \u2013 com suas contribui\u00e7\u00f5es fundamentais sobre a intersec\u00e7\u00e3o entre classe, ra\u00e7a e g\u00eanero \u2013 para a constru\u00e7\u00e3o de um projeto socialista que responda aos desafios do s\u00e9culo XXI.<\/p>\n<p>O evento contou na sexta-feira (18) com uma emocionante homenagem aos cinco estudantes e trabalhadores que morreram v\u00edtimas de um acidente de tr\u00e2nsito com um \u00f4nibus que levava jovens da Universidade Federal do Par\u00e1 (UFPA) para o Congresso Nacional da UNE (Conune) em Goi\u00e2nia (GO).<\/p>\n<p>No domingo, outra homenagem: \u00e0s lideran\u00e7as negras do PSOL Salvador que v\u00eam sofrendo com uma profunda persegui\u00e7\u00e3o pol\u00edtica na cidade e que t\u00eam seus mandatos amea\u00e7ados. S\u00e3o eles os vereadores de Salvador (BA), Hamilton Assis e Eliete Paraguassu, o deputado estadual Hilton Coelho, al\u00e9m do ex-candidato \u00e0 prefeitura da capital baiana, Kleber Rosa.<\/p>\n<p>A atividade tamb\u00e9m fez parte do processo de atualiza\u00e7\u00e3o program\u00e1tica do partido no marco dos seus 20 anos \u2014 o\u00a0<a href=\"https:\/\/psolmais20.org.br\/\" target=\"_blank\" rel=\"noopener\"><b>PSOL+20<\/b><\/a>. O ac\u00famulo dos debates promovidos pela negritude do partido ser\u00e1 devidamente sistematizado em um documento para ser enviado como contribui\u00e7\u00e3o ao conjunto do partido nesta atualiza\u00e7\u00e3o do programa. Ele ser\u00e1 devidamente divulgado ap\u00f3s a sua sistematiza\u00e7\u00e3o.<\/p>\n<h1><strong>Veja abaixo as notas aprovadas pela negritude do PSOL neste final de semana:<\/strong><\/h1>\n<h4><strong>CARTA DE SOLIDARIEDADE E RESIST\u00caNCIA DOS NEGROS E NEGRAS DO PSOL<\/strong><\/h4>\n<p>Companheiras e companheiros,<\/p>\n<p>Neste momento de intensa luta contra o racismo e em defesa da democracia, n\u00f3s, negros e negras do PSOL manifestamos nosso firme apoio e solidariedade aos mandatos do vereador Hamilton Assis, do deputado estadual Hilton Coelho, do companheiro Kleber Rosa, assim como \u00e0 vereadora Eliete Paraguassu, v\u00edtima de ataques racistas e mis\u00f3ginos na C\u00e2mara de Salvador.<\/p>\n<p>A persegui\u00e7\u00e3o pol\u00edtica que enfrentam n\u00e3o \u00e9 isolada: \u00e9 parte de um projeto de exterm\u00ednio das vozes negras, perif\u00e9ricas e socialistas nos espa\u00e7os de poder.<\/p>\n<p>A criminaliza\u00e7\u00e3o de Hamilton \u2014 professor e militante hist\u00f3rico do movimento negro\u2014 por sua defesa intransigente da educa\u00e7\u00e3o p\u00fablica e dos direitos dos trabalhadores revela a face brutal do Estado racista. A falsa acusa\u00e7\u00e3o de &#8220;incentivo \u00e0 desordem&#8221; durante a greve das professoras \u00e9 uma cortina de fuma\u00e7a para encobrir a viol\u00eancia institucional que busca calar quem denuncia o apartheid social brasileiro. A cassa\u00e7\u00e3o de seu mandato, articulada pela base governista, \u00e9 um ataque n\u00e3o s\u00f3 ao PSOL, mas a todos os movimentos que combatem a necropol\u00edtica das elites.<\/p>\n<p>Da mesma forma, repudiamos os ataques racistas sofridos por Eliete Paraguassu, lideran\u00e7a negra que enfrenta diariamente a misoginia e o \u00f3dio de classe no parlamento. Seu crime? Existir como mulher negra em um espa\u00e7o que insistem em reservar aos brancos e aos ricos.<\/p>\n<p>A queixa-crime contra Kleber Rosa e as investidas contra Hilton Coelho seguem a mesma l\u00f3gica: a tentativa de deslegitimar a luta antirracista e popular atrav\u00e9s da judicializa\u00e7\u00e3o da pol\u00edtica. S\u00e3o estrat\u00e9gias herdadas do colonialismo, hoje atualizadas pelo fascismo social.<\/p>\n<p>N\u00f3s, negros e negras do Partido Socialismo e Liberdade:<\/p>\n<p>1. Exigimos o fim imediato das persegui\u00e7\u00f5es aos mandatos do PSOL e a garantia de suas liberdades pol\u00edticas.<\/p>\n<p>2. Construiremos uma campanha nacional de den\u00fancia contra o racismo institucional nas c\u00e2maras e assembleias legislativas.<\/p>\n<p>3. Fortaleceremos a alian\u00e7a entre movimentos negros, sindicais e parlamentares comprometidos com a revolu\u00e7\u00e3o.<\/p>\n<p>Como disse Hamilton: &#8220;N\u00e3o nos tirar\u00e3o a voz, porque ela vem das ruas&#8221;. Que este Encontro seja um marco na organiza\u00e7\u00e3o da resist\u00eancia. Seguiremos de p\u00e9, at\u00e9 que nenhum de n\u00f3s esteja ajoelhado.<\/p>\n<p>Pelo fim da criminaliza\u00e7\u00e3o da luta negra e popular!<\/p>\n<p>Viva o Povo Negro!<\/p>\n<p><em><strong>SALVADOR, 20 DE JULHO DE 2025<\/strong><\/em><br \/>\n<em><strong>Negras e Negros do PSOL.<\/strong><\/em><\/p>\n<h4><strong>Mo\u00e7\u00e3o de Rep\u00fadio e Apelo pelo Veto ao &#8220;PL da Devasta\u00e7\u00e3o&#8221;<\/strong><\/h4>\n<p>Considerando a urg\u00eancia da crise clim\u00e1tica e ambiental, a import\u00e2ncia da prote\u00e7\u00e3o dos biomas brasileiros e o impacto desproporcional da degrada\u00e7\u00e3o ambiental nas comunidades negras e povos tradicionais, n\u00f3s negras, negres e negros presentes no Semin\u00e1rio Nacional de Negritude do PSOL manifestamos nosso veemente rep\u00fadio ao Projeto de Lei 2.159\/2021 popularmente conhecido como &#8220;PL da Devasta\u00e7\u00e3o&#8221;.<\/p>\n<p><strong>Diante do exposto, o Semin\u00e1rio Nacional de Negritude do PSOL DELIBERA:<\/strong><\/p>\n<p>1. <strong>Repudiar<\/strong> veementemente o &#8220;PL da Devasta\u00e7\u00e3o&#8221; e todas as iniciativas legislativas que visem fragilizar a prote\u00e7\u00e3o ambiental no Brasil.<\/p>\n<p>2. <strong>Manifestar profundo alerta<\/strong> sobre as consequ\u00eancias sociais e ambientais da aprova\u00e7\u00e3o deste Projeto de Lei, especialmente para as comunidades negras, quilombolas, ind\u00edgenas e povos tradicionais.<\/p>\n<p>3. <strong>Conclamar ao Presidente da Rep\u00fablica, Luiz In\u00e1cio Lula da Silva<\/strong>, a exercer seu poder de veto total sobre o &#8220;PL da Devasta\u00e7\u00e3o&#8221;. O veto presidencial \u00e9 fundamental para garantir a prote\u00e7\u00e3o ambiental, os direitos humanos e a imagem do Brasil no cen\u00e1rio internacional.<\/p>\n<p>4. <strong>Reafirmar<\/strong>\u00a0o compromisso do Semin\u00e1rio Nacional da Negritude do PSOL e do partido com a luta por um Brasil socialmente justo, racialmente equ\u00e2nime e ambientalmente sustent\u00e1vel.<\/p>\n<p><strong>Salvador, 20 de julho de 2025<\/strong><br \/>\n<strong><em>Negras e Negros do PSOL.<\/em><\/strong><\/p>\n<h4><strong>Nota de rep\u00fadio ao tarifa\u00e7o de Donald Trump contra o Brasil<\/strong><\/h4>\n<p>O PSOL repudia os ataques de Donald Trump feitos atrav\u00e9s do tarifa\u00e7o que visa taxar em 50% os produtos de origem brasileira. Essa iniciativa \u00e9 uma afronta \u00e0 soberania do Brasil e um ataque \u00e0s institui\u00e7\u00f5es brasileiras com o objetivo de colapsar a economia do nosso pa\u00eds, tendo impacto imediato na vida do povo brasileiro, principalmente aos mais pobres que j\u00e1 sofrem com a crise do capitalismo tendo que vender sua for\u00e7a de trabalho em condi\u00e7\u00f5es cada vez mais prec\u00e1rias e desumanas para colocar um prato de comida na mesa, sendo esses e essas trabalhadoras em sua maioria negros e perif\u00e9ricos.<\/p>\n<p>Esse ataque refor\u00e7ou um sentimento anti-imperialista que precisa se transformar em luta social e mobiliza\u00e7\u00e3o constante contra a extrema direita. Dentro dessa conjuntura, o PSOL precisa fortalecer as iniciativas que busquem transformar esse rep\u00fadio em luta de massas, de rua, como forma de resist\u00eancia \u00e0 pol\u00edtica imperialista do Estados Unidos em defesa da soberania nacional e da vida do nosso povo.<\/p>\n<p><strong>Salvador, 20 de julho de 2025<\/strong><br \/>\n<strong>Executiva Nacional da Negritude do PSOL.<\/strong><\/p>\n<h4><strong>Nota de solidariedade a Erika Hilton, v\u00edtima de ataques racistas e transf\u00f3bicos<\/strong><\/h4>\n<p>Manifestamos total solidariedade \u00e0 nossa companheira e deputada federal \u00c9rika Hilton diante do crime racista e transf\u00f3bico que sofreu no \u00faltimo dia 19 de julho.<\/p>\n<p>N\u00e3o \u00e9 a primeira vez que \u00c9rika \u00e9 alvo de ataques e amea\u00e7as. Essa tem sido a realidade compartilhada por todos os nossos parlamentares negros e negras.<\/p>\n<p>Na mesma propor\u00e7\u00e3o e n\u00e3o por acaso, s\u00e3o esses os mandatos que mais movimentam os espa\u00e7os de poder na nossa sociedade! S\u00e3o esses os quadros que questionam a ordem e apontam para um caminho de mudan\u00e7a nas estruturas da nossa sociedade. S\u00e3o esses os mandatos que prop\u00f5em o reposicionamento da institucionalidade e trazem as lutas do nosso povo para o centro do debate. E \u00e9 isso que incomoda. Mas essa gente nefasta n\u00e3o vai nos parar!<\/p>\n<p>N\u00e3o vamos admitir que o racismo avance impune!<\/p>\n<p>Como partido que tem como prioridade a constru\u00e7\u00e3o de lideran\u00e7as negras, reafirmamos que n\u00e3o nos calaremos. \u00c9 urgente refor\u00e7ar nossos mecanismos de prote\u00e7\u00e3o, cuidado e defesa de todos os nossos parlamentares e lideran\u00e7as. A cada ataque, nossa resposta ser\u00e1 mais organiza\u00e7\u00e3o e mais luta.<\/p>\n<p>Seguiremos ao lado de \u00c9rika Hilton e de todas as pessoas negras que ousam ocupar espa\u00e7os de poder, com coragem e dignidade.<\/p>\n<p><strong>Salvador, 20 de julho de 2025<br \/>\n<\/strong><strong><em>Negras e Negros do PSOL.<\/em><\/strong><\/p>\n<h4><strong>Nota de Repudio ao Projeto da Ponte Salvador-Itaparica &#8211; Governo do Estado da Bahia<\/strong><\/h4>\n<p>O Setorial Nacional de Negros e Negras do PSOL vem repudiar os m\u00e9todos utilizados pelo Governo do Estado da Bahia ao impor o projeto da Ponte Salvador-Itaparica sem a devida consulta p\u00fablica \u00e0 popula\u00e7\u00e3o atingida pelas futuras obras, trazendo impacto socioecon\u00f4mico, ambiental e territorial. Ser\u00e3o impactados cerca de 100 mil pescadores, duas comunidades quilombolas, duas comunidades ciganas, 120 terreiros, dentre eles 2 terreiros patrimonializados e trinta grupos de capoeira.<\/p>\n<p>A especula\u00e7\u00e3o imobili\u00e1ria, a falta de estrutura em saneamento b\u00e1sico, o aumento da popula\u00e7\u00e3o que sair\u00e1 de 45 mil pessoas para cerca de 400 mil pessoas.<\/p>\n<p>Exigimos um amplo debate e a aplica\u00e7\u00e3o da Lei 10.640, que protege povos e comunidades tradicionais, pois a hist\u00f3ria se repete, primeiro enquanto trag\u00e9dia, segundo enquanto farsa, haja visto que o governo do Estado n\u00e3o realizou as consultas pr\u00e9vias previstas na Conven\u00e7\u00e3o 169 da OIT, comprometendo todo e qualquer processo de implanta\u00e7\u00e3o desta obra p\u00fablica.<\/p>\n<p><strong>Salvador, 20 de julho de 2025<br \/>\n<\/strong><strong><em>Negras e Negros do PSOL.<\/em><\/strong><\/p>\n","protected":false},"excerpt":{"rendered":"<p>Aconteceu no \u00faltimo final de semana, entre os dias 18 e 20 de julho em Salvador (BA), o\u00a02\u00ba Semin\u00e1rio da Negritude do PSOL: Marxismo Negro. Promovido pela Setorial da Negritude do PSOL, o evento foi espa\u00e7o de ricos debates sobre a import\u00e2ncia do pensamento desenvolvido por marxistas negras e negros \u2013 com suas contribui\u00e7\u00f5es fundamentais [&hellip;]<\/p>\n","protected":false},"author":2,"featured_media":41513,"comment_status":"closed","ping_status":"open","sticky":false,"template":"","format":"standard","meta":{"_acf_changed":false,"footnotes":""},"categories":[14],"tags":[4825],"class_list":{"0":"post-41511","1":"post","2":"type-post","3":"status-publish","4":"format-standard","5":"has-post-thumbnail","7":"category-partido","8":"tag-noticias"},"acf":[],"yoast_head":"<!-- This site is optimized with the Yoast SEO plugin v26.5 - https:\/\/yoast.com\/wordpress\/plugins\/seo\/ -->\n<title>2\u00ba Semin\u00e1rio da Negritude do PSOL refor\u00e7a luta antirracista do partido: veja o que foi aprovado<\/title>\n<meta name=\"robots\" content=\"index, follow, max-snippet:-1, max-image-preview:large, max-video-preview:-1\" \/>\n<link rel=\"canonical\" href=\"https:\/\/psol50.org.br\/2o-seminario-da-negritude-do-psol-reforca-luta-antirracista-do-partido-veja-o-que-foi-aprovado\/\" \/>\n<meta property=\"og:locale\" content=\"pt_BR\" \/>\n<meta property=\"og:type\" content=\"article\" \/>\n<meta property=\"og:title\" content=\"2\u00ba Semin\u00e1rio da Negritude do PSOL refor\u00e7a luta antirracista do partido: veja o que foi aprovado\" \/>\n<meta property=\"og:description\" content=\"Aconteceu no \u00faltimo final de semana, entre os dias 18 e 20 de julho em Salvador (BA), o\u00a02\u00ba Semin\u00e1rio da Negritude do PSOL: Marxismo Negro. Promovido pela Setorial da Negritude do PSOL, o evento foi espa\u00e7o de ricos debates sobre a import\u00e2ncia do pensamento desenvolvido por marxistas negras e negros \u2013 com suas contribui\u00e7\u00f5es fundamentais [&hellip;]\" \/>\n<meta property=\"og:url\" content=\"https:\/\/psol50.org.br\/2o-seminario-da-negritude-do-psol-reforca-luta-antirracista-do-partido-veja-o-que-foi-aprovado\/\" \/>\n<meta property=\"og:site_name\" content=\"PSOL 50\" \/>\n<meta property=\"article:publisher\" content=\"https:\/\/www.facebook.com\/psol50\" \/>\n<meta property=\"article:published_time\" content=\"2025-07-22T18:35:15+00:00\" \/>\n<meta property=\"article:modified_time\" content=\"2025-08-11T17:19:51+00:00\" \/>\n<meta property=\"og:image\" content=\"https:\/\/psol50.org.br\/inc\/uploads\/2025\/07\/photo_2025-07-20-10.01.50.jpeg\" \/>\n\t<meta property=\"og:image:width\" content=\"1280\" \/>\n\t<meta property=\"og:image:height\" content=\"854\" \/>\n\t<meta property=\"og:image:type\" content=\"image\/jpeg\" \/>\n<meta name=\"author\" content=\"Comunica\u00e7\u00e3o PSOL\" \/>\n<meta name=\"twitter:card\" content=\"summary_large_image\" \/>\n<meta name=\"twitter:creator\" content=\"@psol50\" \/>\n<meta name=\"twitter:site\" content=\"@psol50\" \/>\n<meta name=\"twitter:label1\" content=\"Escrito por\" \/>\n\t<meta name=\"twitter:data1\" content=\"Comunica\u00e7\u00e3o PSOL\" \/>\n\t<meta name=\"twitter:label2\" content=\"Est. tempo de leitura\" \/>\n\t<meta name=\"twitter:data2\" content=\"8 minutos\" \/>\n<script type=\"application\/ld+json\" class=\"yoast-schema-graph\">{\"@context\":\"https:\/\/schema.org\",\"@graph\":[{\"@type\":\"Article\",\"@id\":\"https:\/\/psol50.org.br\/2o-seminario-da-negritude-do-psol-reforca-luta-antirracista-do-partido-veja-o-que-foi-aprovado\/#article\",\"isPartOf\":{\"@id\":\"https:\/\/psol50.org.br\/2o-seminario-da-negritude-do-psol-reforca-luta-antirracista-do-partido-veja-o-que-foi-aprovado\/\"},\"author\":{\"name\":\"Comunica\u00e7\u00e3o PSOL\",\"@id\":\"https:\/\/psol50.org.br\/#\/schema\/person\/475dfa57d0b815993c714c2e96491fcd\"},\"headline\":\"2\u00ba Semin\u00e1rio da Negritude do PSOL refor\u00e7a luta antirracista do partido: veja o que foi aprovado\",\"datePublished\":\"2025-07-22T18:35:15+00:00\",\"dateModified\":\"2025-08-11T17:19:51+00:00\",\"mainEntityOfPage\":{\"@id\":\"https:\/\/psol50.org.br\/2o-seminario-da-negritude-do-psol-reforca-luta-antirracista-do-partido-veja-o-que-foi-aprovado\/\"},\"wordCount\":1533,\"publisher\":{\"@id\":\"https:\/\/psol50.org.br\/#organization\"},\"image\":{\"@id\":\"https:\/\/psol50.org.br\/2o-seminario-da-negritude-do-psol-reforca-luta-antirracista-do-partido-veja-o-que-foi-aprovado\/#primaryimage\"},\"thumbnailUrl\":\"https:\/\/psol50.org.br\/inc\/uploads\/2025\/07\/photo_2025-07-20-10.01.50.jpeg\",\"keywords\":[\"Not\u00edcias\"],\"articleSection\":[\"Partido\"],\"inLanguage\":\"pt-BR\"},{\"@type\":\"WebPage\",\"@id\":\"https:\/\/psol50.org.br\/2o-seminario-da-negritude-do-psol-reforca-luta-antirracista-do-partido-veja-o-que-foi-aprovado\/\",\"url\":\"https:\/\/psol50.org.br\/2o-seminario-da-negritude-do-psol-reforca-luta-antirracista-do-partido-veja-o-que-foi-aprovado\/\",\"name\":\"2\u00ba Semin\u00e1rio da Negritude do PSOL refor\u00e7a luta antirracista do partido: veja o que foi aprovado\",\"isPartOf\":{\"@id\":\"https:\/\/psol50.org.br\/#website\"},\"primaryImageOfPage\":{\"@id\":\"https:\/\/psol50.org.br\/2o-seminario-da-negritude-do-psol-reforca-luta-antirracista-do-partido-veja-o-que-foi-aprovado\/#primaryimage\"},\"image\":{\"@id\":\"https:\/\/psol50.org.br\/2o-seminario-da-negritude-do-psol-reforca-luta-antirracista-do-partido-veja-o-que-foi-aprovado\/#primaryimage\"},\"thumbnailUrl\":\"https:\/\/psol50.org.br\/inc\/uploads\/2025\/07\/photo_2025-07-20-10.01.50.jpeg\",\"datePublished\":\"2025-07-22T18:35:15+00:00\",\"dateModified\":\"2025-08-11T17:19:51+00:00\",\"breadcrumb\":{\"@id\":\"https:\/\/psol50.org.br\/2o-seminario-da-negritude-do-psol-reforca-luta-antirracista-do-partido-veja-o-que-foi-aprovado\/#breadcrumb\"},\"inLanguage\":\"pt-BR\",\"potentialAction\":[{\"@type\":\"ReadAction\",\"target\":[\"https:\/\/psol50.org.br\/2o-seminario-da-negritude-do-psol-reforca-luta-antirracista-do-partido-veja-o-que-foi-aprovado\/\"]}]},{\"@type\":\"ImageObject\",\"inLanguage\":\"pt-BR\",\"@id\":\"https:\/\/psol50.org.br\/2o-seminario-da-negritude-do-psol-reforca-luta-antirracista-do-partido-veja-o-que-foi-aprovado\/#primaryimage\",\"url\":\"https:\/\/psol50.org.br\/inc\/uploads\/2025\/07\/photo_2025-07-20-10.01.50.jpeg\",\"contentUrl\":\"https:\/\/psol50.org.br\/inc\/uploads\/2025\/07\/photo_2025-07-20-10.01.50.jpeg\",\"width\":1280,\"height\":854,\"caption\":\"Foto: Manuela Cavadas\"},{\"@type\":\"BreadcrumbList\",\"@id\":\"https:\/\/psol50.org.br\/2o-seminario-da-negritude-do-psol-reforca-luta-antirracista-do-partido-veja-o-que-foi-aprovado\/#breadcrumb\",\"itemListElement\":[{\"@type\":\"ListItem\",\"position\":1,\"name\":\"In\u00edcio\",\"item\":\"https:\/\/psol50.org.br\/\"},{\"@type\":\"ListItem\",\"position\":2,\"name\":\"2\u00ba Semin\u00e1rio da Negritude do PSOL refor\u00e7a luta antirracista do partido: veja o que foi aprovado\"}]},{\"@type\":\"WebSite\",\"@id\":\"https:\/\/psol50.org.br\/#website\",\"url\":\"https:\/\/psol50.org.br\/\",\"name\":\"PSOL 50\",\"description\":\"Site oficial do Partido Socialismo e Liberdade\",\"publisher\":{\"@id\":\"https:\/\/psol50.org.br\/#organization\"},\"alternateName\":\"PSOL50\",\"potentialAction\":[{\"@type\":\"SearchAction\",\"target\":{\"@type\":\"EntryPoint\",\"urlTemplate\":\"https:\/\/psol50.org.br\/?s={search_term_string}\"},\"query-input\":{\"@type\":\"PropertyValueSpecification\",\"valueRequired\":true,\"valueName\":\"search_term_string\"}}],\"inLanguage\":\"pt-BR\"},{\"@type\":\"Organization\",\"@id\":\"https:\/\/psol50.org.br\/#organization\",\"name\":\"PSOL 50\",\"alternateName\":\"PSOL 50\",\"url\":\"https:\/\/psol50.org.br\/\",\"logo\":{\"@type\":\"ImageObject\",\"inLanguage\":\"pt-BR\",\"@id\":\"https:\/\/psol50.org.br\/#\/schema\/logo\/image\/\",\"url\":\"https:\/\/psol50.org.br\/inc\/uploads\/2018\/07\/capa.png\",\"contentUrl\":\"https:\/\/psol50.org.br\/inc\/uploads\/2018\/07\/capa.png\",\"width\":1350,\"height\":900,\"caption\":\"PSOL 50\"},\"image\":{\"@id\":\"https:\/\/psol50.org.br\/#\/schema\/logo\/image\/\"},\"sameAs\":[\"https:\/\/www.facebook.com\/psol50\",\"https:\/\/x.com\/psol50\",\"https:\/\/www.instagram.com\/psol50\/\",\"https:\/\/www.youtube.com\/channel\/UC7SnJS5o1os7a6CaiNabzcg\"]},{\"@type\":\"Person\",\"@id\":\"https:\/\/psol50.org.br\/#\/schema\/person\/475dfa57d0b815993c714c2e96491fcd\",\"name\":\"Comunica\u00e7\u00e3o PSOL\",\"image\":{\"@type\":\"ImageObject\",\"inLanguage\":\"pt-BR\",\"@id\":\"https:\/\/psol50.org.br\/#\/schema\/person\/image\/\",\"url\":\"https:\/\/secure.gravatar.com\/avatar\/b34fc4f4e468a4e51785917065a3db57b841f5c95dba6ad8c73aaf8f66f8f9bf?s=96&d=mm&r=g\",\"contentUrl\":\"https:\/\/secure.gravatar.com\/avatar\/b34fc4f4e468a4e51785917065a3db57b841f5c95dba6ad8c73aaf8f66f8f9bf?s=96&d=mm&r=g\",\"caption\":\"Comunica\u00e7\u00e3o PSOL\"}}]}<\/script>\n<!-- \/ Yoast SEO plugin. -->","yoast_head_json":{"title":"2\u00ba Semin\u00e1rio da Negritude do PSOL refor\u00e7a luta antirracista do partido: veja o que foi aprovado","robots":{"index":"index","follow":"follow","max-snippet":"max-snippet:-1","max-image-preview":"max-image-preview:large","max-video-preview":"max-video-preview:-1"},"canonical":"https:\/\/psol50.org.br\/2o-seminario-da-negritude-do-psol-reforca-luta-antirracista-do-partido-veja-o-que-foi-aprovado\/","og_locale":"pt_BR","og_type":"article","og_title":"2\u00ba Semin\u00e1rio da Negritude do PSOL refor\u00e7a luta antirracista do partido: veja o que foi aprovado","og_description":"Aconteceu no \u00faltimo final de semana, entre os dias 18 e 20 de julho em Salvador (BA), o\u00a02\u00ba Semin\u00e1rio da Negritude do PSOL: Marxismo Negro. Promovido pela Setorial da Negritude do PSOL, o evento foi espa\u00e7o de ricos debates sobre a import\u00e2ncia do pensamento desenvolvido por marxistas negras e negros \u2013 com suas contribui\u00e7\u00f5es fundamentais [&hellip;]","og_url":"https:\/\/psol50.org.br\/2o-seminario-da-negritude-do-psol-reforca-luta-antirracista-do-partido-veja-o-que-foi-aprovado\/","og_site_name":"PSOL 50","article_publisher":"https:\/\/www.facebook.com\/psol50","article_published_time":"2025-07-22T18:35:15+00:00","article_modified_time":"2025-08-11T17:19:51+00:00","og_image":[{"width":1280,"height":854,"url":"https:\/\/psol50.org.br\/inc\/uploads\/2025\/07\/photo_2025-07-20-10.01.50.jpeg","type":"image\/jpeg"}],"author":"Comunica\u00e7\u00e3o PSOL","twitter_card":"summary_large_image","twitter_creator":"@psol50","twitter_site":"@psol50","twitter_misc":{"Escrito por":"Comunica\u00e7\u00e3o PSOL","Est. tempo de leitura":"8 minutos"},"schema":{"@context":"https:\/\/schema.org","@graph":[{"@type":"Article","@id":"https:\/\/psol50.org.br\/2o-seminario-da-negritude-do-psol-reforca-luta-antirracista-do-partido-veja-o-que-foi-aprovado\/#article","isPartOf":{"@id":"https:\/\/psol50.org.br\/2o-seminario-da-negritude-do-psol-reforca-luta-antirracista-do-partido-veja-o-que-foi-aprovado\/"},"author":{"name":"Comunica\u00e7\u00e3o PSOL","@id":"https:\/\/psol50.org.br\/#\/schema\/person\/475dfa57d0b815993c714c2e96491fcd"},"headline":"2\u00ba Semin\u00e1rio da Negritude do PSOL refor\u00e7a luta antirracista do partido: veja o que foi aprovado","datePublished":"2025-07-22T18:35:15+00:00","dateModified":"2025-08-11T17:19:51+00:00","mainEntityOfPage":{"@id":"https:\/\/psol50.org.br\/2o-seminario-da-negritude-do-psol-reforca-luta-antirracista-do-partido-veja-o-que-foi-aprovado\/"},"wordCount":1533,"publisher":{"@id":"https:\/\/psol50.org.br\/#organization"},"image":{"@id":"https:\/\/psol50.org.br\/2o-seminario-da-negritude-do-psol-reforca-luta-antirracista-do-partido-veja-o-que-foi-aprovado\/#primaryimage"},"thumbnailUrl":"https:\/\/psol50.org.br\/inc\/uploads\/2025\/07\/photo_2025-07-20-10.01.50.jpeg","keywords":["Not\u00edcias"],"articleSection":["Partido"],"inLanguage":"pt-BR"},{"@type":"WebPage","@id":"https:\/\/psol50.org.br\/2o-seminario-da-negritude-do-psol-reforca-luta-antirracista-do-partido-veja-o-que-foi-aprovado\/","url":"https:\/\/psol50.org.br\/2o-seminario-da-negritude-do-psol-reforca-luta-antirracista-do-partido-veja-o-que-foi-aprovado\/","name":"2\u00ba Semin\u00e1rio da Negritude do PSOL refor\u00e7a luta antirracista do partido: veja o que foi aprovado","isPartOf":{"@id":"https:\/\/psol50.org.br\/#website"},"primaryImageOfPage":{"@id":"https:\/\/psol50.org.br\/2o-seminario-da-negritude-do-psol-reforca-luta-antirracista-do-partido-veja-o-que-foi-aprovado\/#primaryimage"},"image":{"@id":"https:\/\/psol50.org.br\/2o-seminario-da-negritude-do-psol-reforca-luta-antirracista-do-partido-veja-o-que-foi-aprovado\/#primaryimage"},"thumbnailUrl":"https:\/\/psol50.org.br\/inc\/uploads\/2025\/07\/photo_2025-07-20-10.01.50.jpeg","datePublished":"2025-07-22T18:35:15+00:00","dateModified":"2025-08-11T17:19:51+00:00","breadcrumb":{"@id":"https:\/\/psol50.org.br\/2o-seminario-da-negritude-do-psol-reforca-luta-antirracista-do-partido-veja-o-que-foi-aprovado\/#breadcrumb"},"inLanguage":"pt-BR","potentialAction":[{"@type":"ReadAction","target":["https:\/\/psol50.org.br\/2o-seminario-da-negritude-do-psol-reforca-luta-antirracista-do-partido-veja-o-que-foi-aprovado\/"]}]},{"@type":"ImageObject","inLanguage":"pt-BR","@id":"https:\/\/psol50.org.br\/2o-seminario-da-negritude-do-psol-reforca-luta-antirracista-do-partido-veja-o-que-foi-aprovado\/#primaryimage","url":"https:\/\/psol50.org.br\/inc\/uploads\/2025\/07\/photo_2025-07-20-10.01.50.jpeg","contentUrl":"https:\/\/psol50.org.br\/inc\/uploads\/2025\/07\/photo_2025-07-20-10.01.50.jpeg","width":1280,"height":854,"caption":"Foto: Manuela Cavadas"},{"@type":"BreadcrumbList","@id":"https:\/\/psol50.org.br\/2o-seminario-da-negritude-do-psol-reforca-luta-antirracista-do-partido-veja-o-que-foi-aprovado\/#breadcrumb","itemListElement":[{"@type":"ListItem","position":1,"name":"In\u00edcio","item":"https:\/\/psol50.org.br\/"},{"@type":"ListItem","position":2,"name":"2\u00ba Semin\u00e1rio da Negritude do PSOL refor\u00e7a luta antirracista do partido: veja o que foi aprovado"}]},{"@type":"WebSite","@id":"https:\/\/psol50.org.br\/#website","url":"https:\/\/psol50.org.br\/","name":"PSOL 50","description":"Site oficial do Partido Socialismo e Liberdade","publisher":{"@id":"https:\/\/psol50.org.br\/#organization"},"alternateName":"PSOL50","potentialAction":[{"@type":"SearchAction","target":{"@type":"EntryPoint","urlTemplate":"https:\/\/psol50.org.br\/?s={search_term_string}"},"query-input":{"@type":"PropertyValueSpecification","valueRequired":true,"valueName":"search_term_string"}}],"inLanguage":"pt-BR"},{"@type":"Organization","@id":"https:\/\/psol50.org.br\/#organization","name":"PSOL 50","alternateName":"PSOL 50","url":"https:\/\/psol50.org.br\/","logo":{"@type":"ImageObject","inLanguage":"pt-BR","@id":"https:\/\/psol50.org.br\/#\/schema\/logo\/image\/","url":"https:\/\/psol50.org.br\/inc\/uploads\/2018\/07\/capa.png","contentUrl":"https:\/\/psol50.org.br\/inc\/uploads\/2018\/07\/capa.png","width":1350,"height":900,"caption":"PSOL 50"},"image":{"@id":"https:\/\/psol50.org.br\/#\/schema\/logo\/image\/"},"sameAs":["https:\/\/www.facebook.com\/psol50","https:\/\/x.com\/psol50","https:\/\/www.instagram.com\/psol50\/","https:\/\/www.youtube.com\/channel\/UC7SnJS5o1os7a6CaiNabzcg"]},{"@type":"Person","@id":"https:\/\/psol50.org.br\/#\/schema\/person\/475dfa57d0b815993c714c2e96491fcd","name":"Comunica\u00e7\u00e3o PSOL","image":{"@type":"ImageObject","inLanguage":"pt-BR","@id":"https:\/\/psol50.org.br\/#\/schema\/person\/image\/","url":"https:\/\/secure.gravatar.com\/avatar\/b34fc4f4e468a4e51785917065a3db57b841f5c95dba6ad8c73aaf8f66f8f9bf?s=96&d=mm&r=g","contentUrl":"https:\/\/secure.gravatar.com\/avatar\/b34fc4f4e468a4e51785917065a3db57b841f5c95dba6ad8c73aaf8f66f8f9bf?s=96&d=mm&r=g","caption":"Comunica\u00e7\u00e3o PSOL"}}]}},"_links":{"self":[{"href":"https:\/\/psol50.org.br\/rest\/wp\/v2\/posts\/41511","targetHints":{"allow":["GET"]}}],"collection":[{"href":"https:\/\/psol50.org.br\/rest\/wp\/v2\/posts"}],"about":[{"href":"https:\/\/psol50.org.br\/rest\/wp\/v2\/types\/post"}],"author":[{"embeddable":true,"href":"https:\/\/psol50.org.br\/rest\/wp\/v2\/users\/2"}],"replies":[{"embeddable":true,"href":"https:\/\/psol50.org.br\/rest\/wp\/v2\/comments?post=41511"}],"version-history":[{"count":3,"href":"https:\/\/psol50.org.br\/rest\/wp\/v2\/posts\/41511\/revisions"}],"predecessor-version":[{"id":41517,"href":"https:\/\/psol50.org.br\/rest\/wp\/v2\/posts\/41511\/revisions\/41517"}],"wp:featuredmedia":[{"embeddable":true,"href":"https:\/\/psol50.org.br\/rest\/wp\/v2\/media\/41513"}],"wp:attachment":[{"href":"https:\/\/psol50.org.br\/rest\/wp\/v2\/media?parent=41511"}],"wp:term":[{"taxonomy":"category","embeddable":true,"href":"https:\/\/psol50.org.br\/rest\/wp\/v2\/categories?post=41511"},{"taxonomy":"post_tag","embeddable":true,"href":"https:\/\/psol50.org.br\/rest\/wp\/v2\/tags?post=41511"}],"curies":[{"name":"wp","href":"https:\/\/api.w.org\/{rel}","templated":true}]}}