{"id":41523,"date":"2025-07-22T16:18:28","date_gmt":"2025-07-22T19:18:28","guid":{"rendered":"https:\/\/psol50.org.br\/?p=41523"},"modified":"2025-08-12T16:36:35","modified_gmt":"2025-08-12T19:36:35","slug":"psol-pede-impeachment-de-tarcisio-de-freitas-do-governo-de-sp-por-ataque-a-soberania-nacional","status":"publish","type":"post","link":"https:\/\/psol50.org.br\/psol-pede-impeachment-de-tarcisio-de-freitas-do-governo-de-sp-por-ataque-a-soberania-nacional\/","title":{"rendered":"PSOL pede impeachment de Tarc\u00edsio de Freitas do governo de SP por ataque \u00e0 soberania nacional"},"content":{"rendered":"<p class=\"p1\">A Bancada do PSOL na Assembleia Legislativa de S\u00e3o Paulo (Alesp) protocolou na \u00faltima segunda-feira (21) um pedido de impeachment contra o governador Tarc\u00edsio de Freitas. A den\u00fancia aponta que ele cometeu crimes de responsabilidade ao apoiar publicamente ataques do governo Trump contra o Brasil e agir para favorecer a fuga do ex-presidente Jair Bolsonaro, investigado por tentativa de golpe de Estado.<\/p>\n<p class=\"p1\">Segundo os parlamentares, Tarc\u00edsio extrapolou suas atribui\u00e7\u00f5es enquanto governador, al\u00e9m de violar o dever de lealdade institucional ao se alinhar a interesses estrangeiros em meio a uma grave crise diplom\u00e1tica. O pedido \u00e9 assinado pelos deputados estaduais Carlos Giannazi, Ediane Maria, Guilherme Cortez, M\u00f4nica Seixas das Pretas e Paula da Bancada Feminista, todos e todas do PSOL.<\/p>\n<p class=\"p1\">Mesmo com impacto direto sobre a economia paulista, visto que S\u00e3o Paulo \u00e9 o estado que mais exporta para os EUA, Tarc\u00edsio apoiou publicamente o governo estadunidense ao compartilhar a carta de Donald Trump em que ele atacava frontalmente o Supremo Tribunal Federal (STF) e exigia o fim do julgamento de Jair Bolsonaro.<\/p>\n<p class=\"p1\">Al\u00e9m disso, o texto tamb\u00e9m elenca que o governador tentou intervir diretamente no STF para que o passaporte do ex-presidente golpista fosse liberado sob a justificativa de que ele viajaria aos Estados Unidos para negociar a suspens\u00e3o das tarifas com Trump, proposta considerada \u201cesdr\u00faxula\u201d por ministros da Corte.<\/p>\n<p class=\"p1\">Para a bancada do PSOL, essa atitude representa tentativa de obstru\u00e7\u00e3o da Justi\u00e7a e favorecimento de um investigado que poderia fugir do pa\u00eds e colaborar com articula\u00e7\u00f5es para o estabelecimento de san\u00e7\u00f5es ainda mais graves ao Brasil pelo governo americano.<\/p>\n<p class=\"p1\">O pedido de impeachment aponta que Tarc\u00edsio ultrapassou os limites da liberdade de express\u00e3o, se configurando \u201ccomo apoio t\u00e1cito a uma agenda que compromete o bem-estar da popula\u00e7\u00e3o brasileira e a soberania nacional\u201d.<\/p>\n<p class=\"p1\">\u201cEnquanto o Brasil sofre um ataque econ\u00f4mico e institucional sem precedentes, o governador de S\u00e3o Paulo se comporta como um agente a servi\u00e7o de um projeto autorit\u00e1rio estrangeiro, que busca enfraquecer a soberania brasileira, fragilizar a democracia e subjugar a nossa economia\u201d, declarou o deputado Guilherme Cortez, l\u00edder da bancada do PSOL na Alesp.<\/p>\n<p class=\"p1\">O pedido solicita que a Assembleia Legislativa instaure imediatamente o processo de impeachment e aplique as san\u00e7\u00f5es previstas em lei com a perda do mandato e a proibi\u00e7\u00e3o de exercer fun\u00e7\u00f5es p\u00fablicas por at\u00e9 cinco anos.<\/p>\n<blockquote class=\"instagram-media\" style=\"background: #FFF; border: 0; border-radius: 3px; box-shadow: 0 0 1px 0 rgba(0,0,0,0.5),0 1px 10px 0 rgba(0,0,0,0.15); margin: 1px; max-width: 540px; min-width: 326px; padding: 0; width: calc(100% - 2px);\" data-instgrm-captioned=\"\" data-instgrm-permalink=\"https:\/\/www.instagram.com\/p\/DMX-DniuUKy\/?utm_source=ig_embed&amp;utm_campaign=loading\" data-instgrm-version=\"14\">\n<div style=\"padding: 16px;\">\n<p>&nbsp;<\/p>\n<div style=\"display: flex; flex-direction: row; align-items: center;\">\n<div style=\"background-color: #f4f4f4; border-radius: 50%; flex-grow: 0; height: 40px; margin-right: 14px; width: 40px;\"><\/div>\n<div style=\"display: flex; flex-direction: column; flex-grow: 1; justify-content: center;\">\n<div style=\"background-color: #f4f4f4; border-radius: 4px; flex-grow: 0; height: 14px; margin-bottom: 6px; width: 100px;\"><\/div>\n<div style=\"background-color: #f4f4f4; border-radius: 4px; flex-grow: 0; height: 14px; width: 60px;\"><\/div>\n<\/div>\n<\/div>\n<div style=\"padding: 19% 0;\"><\/div>\n<div style=\"display: block; height: 50px; margin: 0 auto 12px; width: 50px;\"><\/div>\n<div style=\"padding-top: 8px;\">\n<div style=\"color: #3897f0; font-family: Arial,sans-serif; font-size: 14px; font-style: normal; font-weight: 550; line-height: 18px;\">Ver essa foto no Instagram<\/div>\n<\/div>\n<div style=\"padding: 12.5% 0;\"><\/div>\n<div style=\"display: flex; flex-direction: row; margin-bottom: 14px; align-items: center;\">\n<div>\n<div style=\"background-color: #f4f4f4; border-radius: 50%; height: 12.5px; width: 12.5px; transform: translateX(0px) translateY(7px);\"><\/div>\n<div style=\"background-color: #f4f4f4; height: 12.5px; transform: rotate(-45deg) translateX(3px) translateY(1px); width: 12.5px; flex-grow: 0; margin-right: 14px; margin-left: 2px;\"><\/div>\n<div style=\"background-color: #f4f4f4; border-radius: 50%; height: 12.5px; width: 12.5px; transform: translateX(9px) translateY(-18px);\"><\/div>\n<\/div>\n<div style=\"margin-left: 8px;\">\n<div style=\"background-color: #f4f4f4; border-radius: 50%; flex-grow: 0; height: 20px; width: 20px;\"><\/div>\n<div style=\"width: 0; height: 0; border-top: 2px solid transparent; border-left: 6px solid #f4f4f4; border-bottom: 2px solid transparent; transform: translateX(16px) translateY(-4px) rotate(30deg);\"><\/div>\n<\/div>\n<div style=\"margin-left: auto;\">\n<div style=\"width: 0px; border-top: 8px solid #F4F4F4; border-right: 8px solid transparent; transform: translateY(16px);\"><\/div>\n<div style=\"background-color: #f4f4f4; flex-grow: 0; height: 12px; width: 16px; transform: translateY(-4px);\"><\/div>\n<div style=\"width: 0; height: 0; border-top: 8px solid #F4F4F4; border-left: 8px solid transparent; transform: translateY(-4px) translateX(8px);\"><\/div>\n<\/div>\n<\/div>\n<div style=\"display: flex; flex-direction: column; flex-grow: 1; justify-content: center; margin-bottom: 24px;\">\n<div style=\"background-color: #f4f4f4; border-radius: 4px; flex-grow: 0; height: 14px; margin-bottom: 6px; width: 224px;\"><\/div>\n<div style=\"background-color: #f4f4f4; border-radius: 4px; flex-grow: 0; height: 14px; width: 144px;\"><\/div>\n<\/div>\n<p>&nbsp;<\/p>\n<p style=\"color: #c9c8cd; font-family: Arial,sans-serif; font-size: 14px; line-height: 17px; margin-bottom: 0; margin-top: 8px; overflow: hidden; padding: 8px 0 7px; text-align: center; text-overflow: ellipsis; white-space: nowrap;\"><a style=\"color: #c9c8cd; font-family: Arial,sans-serif; font-size: 14px; font-style: normal; font-weight: normal; line-height: 17px; text-decoration: none;\" href=\"https:\/\/www.instagram.com\/p\/DMX-DniuUKy\/?utm_source=ig_embed&amp;utm_campaign=loading\" target=\"_blank\" rel=\"noopener\">Uma publica\u00e7\u00e3o compartilhada por Guilherme Cortez (@guilhermecortez_)<\/a><\/p>\n<\/div>\n<\/blockquote>\n<p><script async src=\"\/\/www.instagram.com\/embed.js\"><\/script><\/p>\n","protected":false},"excerpt":{"rendered":"<p>A Bancada do PSOL na Assembleia Legislativa de S\u00e3o Paulo (Alesp) protocolou na \u00faltima segunda-feira (21) um pedido de impeachment contra o governador Tarc\u00edsio de Freitas. A den\u00fancia aponta que ele cometeu crimes de responsabilidade ao apoiar publicamente ataques do governo Trump contra o Brasil e agir para favorecer a fuga do ex-presidente Jair Bolsonaro, [&hellip;]<\/p>\n","protected":false},"author":2,"featured_media":41526,"comment_status":"closed","ping_status":"open","sticky":false,"template":"","format":"standard","meta":{"_acf_changed":false,"footnotes":""},"categories":[654],"tags":[4825],"class_list":{"0":"post-41523","1":"post","2":"type-post","3":"status-publish","4":"format-standard","5":"has-post-thumbnail","7":"category-estados","8":"tag-noticias"},"acf":[],"yoast_head":"<!-- This site is optimized with the Yoast SEO plugin v26.5 - https:\/\/yoast.com\/wordpress\/plugins\/seo\/ -->\n<title>PSOL pede impeachment de Tarc\u00edsio de Freitas do governo de SP por ataque \u00e0 soberania nacional<\/title>\n<meta name=\"description\" content=\"Deputados estaduais do PSOL-SP acusam o governador de apoiar chantagem de Trump e articular poss\u00edvel fuga de Bolsonaro para os Estados Unidos.\" \/>\n<meta name=\"robots\" content=\"index, follow, max-snippet:-1, max-image-preview:large, max-video-preview:-1\" \/>\n<link rel=\"canonical\" href=\"https:\/\/psol50.org.br\/psol-pede-impeachment-de-tarcisio-de-freitas-do-governo-de-sp-por-ataque-a-soberania-nacional\/\" \/>\n<meta property=\"og:locale\" content=\"pt_BR\" \/>\n<meta property=\"og:type\" content=\"article\" \/>\n<meta property=\"og:title\" content=\"PSOL pede impeachment de Tarc\u00edsio de Freitas do governo de SP por ataque \u00e0 soberania nacional\" \/>\n<meta property=\"og:description\" content=\"Deputados estaduais do PSOL-SP acusam o governador de apoiar chantagem de Trump e articular poss\u00edvel fuga de Bolsonaro para os Estados Unidos.\" \/>\n<meta property=\"og:url\" content=\"https:\/\/psol50.org.br\/psol-pede-impeachment-de-tarcisio-de-freitas-do-governo-de-sp-por-ataque-a-soberania-nacional\/\" \/>\n<meta property=\"og:site_name\" content=\"PSOL 50\" \/>\n<meta property=\"article:publisher\" content=\"https:\/\/www.facebook.com\/psol50\" \/>\n<meta property=\"article:published_time\" content=\"2025-07-22T19:18:28+00:00\" \/>\n<meta property=\"article:modified_time\" content=\"2025-08-12T19:36:35+00:00\" \/>\n<meta property=\"og:image\" content=\"https:\/\/psol50.org.br\/inc\/uploads\/2025\/07\/Sao-Paulo-nao-e-Florida-e1753212284118.jpg\" \/>\n\t<meta property=\"og:image:width\" content=\"1080\" \/>\n\t<meta property=\"og:image:height\" content=\"794\" \/>\n\t<meta property=\"og:image:type\" content=\"image\/jpeg\" \/>\n<meta name=\"author\" content=\"Comunica\u00e7\u00e3o PSOL\" \/>\n<meta name=\"twitter:card\" content=\"summary_large_image\" \/>\n<meta name=\"twitter:creator\" content=\"@psol50\" \/>\n<meta name=\"twitter:site\" content=\"@psol50\" \/>\n<meta name=\"twitter:label1\" content=\"Escrito por\" \/>\n\t<meta name=\"twitter:data1\" content=\"Comunica\u00e7\u00e3o PSOL\" \/>\n\t<meta name=\"twitter:label2\" content=\"Est. tempo de leitura\" \/>\n\t<meta name=\"twitter:data2\" content=\"2 minutos\" \/>\n<script type=\"application\/ld+json\" class=\"yoast-schema-graph\">{\"@context\":\"https:\/\/schema.org\",\"@graph\":[{\"@type\":\"Article\",\"@id\":\"https:\/\/psol50.org.br\/psol-pede-impeachment-de-tarcisio-de-freitas-do-governo-de-sp-por-ataque-a-soberania-nacional\/#article\",\"isPartOf\":{\"@id\":\"https:\/\/psol50.org.br\/psol-pede-impeachment-de-tarcisio-de-freitas-do-governo-de-sp-por-ataque-a-soberania-nacional\/\"},\"author\":{\"name\":\"Comunica\u00e7\u00e3o PSOL\",\"@id\":\"https:\/\/psol50.org.br\/#\/schema\/person\/475dfa57d0b815993c714c2e96491fcd\"},\"headline\":\"PSOL pede impeachment de Tarc\u00edsio de Freitas do governo de SP por ataque \u00e0 soberania nacional\",\"datePublished\":\"2025-07-22T19:18:28+00:00\",\"dateModified\":\"2025-08-12T19:36:35+00:00\",\"mainEntityOfPage\":{\"@id\":\"https:\/\/psol50.org.br\/psol-pede-impeachment-de-tarcisio-de-freitas-do-governo-de-sp-por-ataque-a-soberania-nacional\/\"},\"wordCount\":443,\"publisher\":{\"@id\":\"https:\/\/psol50.org.br\/#organization\"},\"image\":{\"@id\":\"https:\/\/psol50.org.br\/psol-pede-impeachment-de-tarcisio-de-freitas-do-governo-de-sp-por-ataque-a-soberania-nacional\/#primaryimage\"},\"thumbnailUrl\":\"https:\/\/psol50.org.br\/inc\/uploads\/2025\/07\/Sao-Paulo-nao-e-Florida-e1753212284118.jpg\",\"keywords\":[\"Not\u00edcias\"],\"articleSection\":[\"Estados\"],\"inLanguage\":\"pt-BR\"},{\"@type\":\"WebPage\",\"@id\":\"https:\/\/psol50.org.br\/psol-pede-impeachment-de-tarcisio-de-freitas-do-governo-de-sp-por-ataque-a-soberania-nacional\/\",\"url\":\"https:\/\/psol50.org.br\/psol-pede-impeachment-de-tarcisio-de-freitas-do-governo-de-sp-por-ataque-a-soberania-nacional\/\",\"name\":\"PSOL pede impeachment de Tarc\u00edsio de Freitas do governo de SP por ataque \u00e0 soberania nacional\",\"isPartOf\":{\"@id\":\"https:\/\/psol50.org.br\/#website\"},\"primaryImageOfPage\":{\"@id\":\"https:\/\/psol50.org.br\/psol-pede-impeachment-de-tarcisio-de-freitas-do-governo-de-sp-por-ataque-a-soberania-nacional\/#primaryimage\"},\"image\":{\"@id\":\"https:\/\/psol50.org.br\/psol-pede-impeachment-de-tarcisio-de-freitas-do-governo-de-sp-por-ataque-a-soberania-nacional\/#primaryimage\"},\"thumbnailUrl\":\"https:\/\/psol50.org.br\/inc\/uploads\/2025\/07\/Sao-Paulo-nao-e-Florida-e1753212284118.jpg\",\"datePublished\":\"2025-07-22T19:18:28+00:00\",\"dateModified\":\"2025-08-12T19:36:35+00:00\",\"description\":\"Deputados estaduais do PSOL-SP acusam o governador de apoiar chantagem de Trump e articular poss\u00edvel fuga de Bolsonaro para os Estados Unidos.\",\"breadcrumb\":{\"@id\":\"https:\/\/psol50.org.br\/psol-pede-impeachment-de-tarcisio-de-freitas-do-governo-de-sp-por-ataque-a-soberania-nacional\/#breadcrumb\"},\"inLanguage\":\"pt-BR\",\"potentialAction\":[{\"@type\":\"ReadAction\",\"target\":[\"https:\/\/psol50.org.br\/psol-pede-impeachment-de-tarcisio-de-freitas-do-governo-de-sp-por-ataque-a-soberania-nacional\/\"]}]},{\"@type\":\"ImageObject\",\"inLanguage\":\"pt-BR\",\"@id\":\"https:\/\/psol50.org.br\/psol-pede-impeachment-de-tarcisio-de-freitas-do-governo-de-sp-por-ataque-a-soberania-nacional\/#primaryimage\",\"url\":\"https:\/\/psol50.org.br\/inc\/uploads\/2025\/07\/Sao-Paulo-nao-e-Florida-e1753212284118.jpg\",\"contentUrl\":\"https:\/\/psol50.org.br\/inc\/uploads\/2025\/07\/Sao-Paulo-nao-e-Florida-e1753212284118.jpg\",\"width\":1080,\"height\":794,\"caption\":\"Foto: Reprodu\u00e7\u00e3o\"},{\"@type\":\"BreadcrumbList\",\"@id\":\"https:\/\/psol50.org.br\/psol-pede-impeachment-de-tarcisio-de-freitas-do-governo-de-sp-por-ataque-a-soberania-nacional\/#breadcrumb\",\"itemListElement\":[{\"@type\":\"ListItem\",\"position\":1,\"name\":\"In\u00edcio\",\"item\":\"https:\/\/psol50.org.br\/\"},{\"@type\":\"ListItem\",\"position\":2,\"name\":\"PSOL pede impeachment de Tarc\u00edsio de Freitas do governo de SP por ataque \u00e0 soberania nacional\"}]},{\"@type\":\"WebSite\",\"@id\":\"https:\/\/psol50.org.br\/#website\",\"url\":\"https:\/\/psol50.org.br\/\",\"name\":\"PSOL 50\",\"description\":\"Site oficial do Partido Socialismo e Liberdade\",\"publisher\":{\"@id\":\"https:\/\/psol50.org.br\/#organization\"},\"alternateName\":\"PSOL50\",\"potentialAction\":[{\"@type\":\"SearchAction\",\"target\":{\"@type\":\"EntryPoint\",\"urlTemplate\":\"https:\/\/psol50.org.br\/?s={search_term_string}\"},\"query-input\":{\"@type\":\"PropertyValueSpecification\",\"valueRequired\":true,\"valueName\":\"search_term_string\"}}],\"inLanguage\":\"pt-BR\"},{\"@type\":\"Organization\",\"@id\":\"https:\/\/psol50.org.br\/#organization\",\"name\":\"PSOL 50\",\"alternateName\":\"PSOL 50\",\"url\":\"https:\/\/psol50.org.br\/\",\"logo\":{\"@type\":\"ImageObject\",\"inLanguage\":\"pt-BR\",\"@id\":\"https:\/\/psol50.org.br\/#\/schema\/logo\/image\/\",\"url\":\"https:\/\/psol50.org.br\/inc\/uploads\/2018\/07\/capa.png\",\"contentUrl\":\"https:\/\/psol50.org.br\/inc\/uploads\/2018\/07\/capa.png\",\"width\":1350,\"height\":900,\"caption\":\"PSOL 50\"},\"image\":{\"@id\":\"https:\/\/psol50.org.br\/#\/schema\/logo\/image\/\"},\"sameAs\":[\"https:\/\/www.facebook.com\/psol50\",\"https:\/\/x.com\/psol50\",\"https:\/\/www.instagram.com\/psol50\/\",\"https:\/\/www.youtube.com\/channel\/UC7SnJS5o1os7a6CaiNabzcg\"]},{\"@type\":\"Person\",\"@id\":\"https:\/\/psol50.org.br\/#\/schema\/person\/475dfa57d0b815993c714c2e96491fcd\",\"name\":\"Comunica\u00e7\u00e3o PSOL\",\"image\":{\"@type\":\"ImageObject\",\"inLanguage\":\"pt-BR\",\"@id\":\"https:\/\/psol50.org.br\/#\/schema\/person\/image\/\",\"url\":\"https:\/\/secure.gravatar.com\/avatar\/b34fc4f4e468a4e51785917065a3db57b841f5c95dba6ad8c73aaf8f66f8f9bf?s=96&d=mm&r=g\",\"contentUrl\":\"https:\/\/secure.gravatar.com\/avatar\/b34fc4f4e468a4e51785917065a3db57b841f5c95dba6ad8c73aaf8f66f8f9bf?s=96&d=mm&r=g\",\"caption\":\"Comunica\u00e7\u00e3o PSOL\"}}]}<\/script>\n<!-- \/ Yoast SEO plugin. -->","yoast_head_json":{"title":"PSOL pede impeachment de Tarc\u00edsio de Freitas do governo de SP por ataque \u00e0 soberania nacional","description":"Deputados estaduais do PSOL-SP acusam o governador de apoiar chantagem de Trump e articular poss\u00edvel fuga de Bolsonaro para os Estados Unidos.","robots":{"index":"index","follow":"follow","max-snippet":"max-snippet:-1","max-image-preview":"max-image-preview:large","max-video-preview":"max-video-preview:-1"},"canonical":"https:\/\/psol50.org.br\/psol-pede-impeachment-de-tarcisio-de-freitas-do-governo-de-sp-por-ataque-a-soberania-nacional\/","og_locale":"pt_BR","og_type":"article","og_title":"PSOL pede impeachment de Tarc\u00edsio de Freitas do governo de SP por ataque \u00e0 soberania nacional","og_description":"Deputados estaduais do PSOL-SP acusam o governador de apoiar chantagem de Trump e articular poss\u00edvel fuga de Bolsonaro para os Estados Unidos.","og_url":"https:\/\/psol50.org.br\/psol-pede-impeachment-de-tarcisio-de-freitas-do-governo-de-sp-por-ataque-a-soberania-nacional\/","og_site_name":"PSOL 50","article_publisher":"https:\/\/www.facebook.com\/psol50","article_published_time":"2025-07-22T19:18:28+00:00","article_modified_time":"2025-08-12T19:36:35+00:00","og_image":[{"width":1080,"height":794,"url":"https:\/\/psol50.org.br\/inc\/uploads\/2025\/07\/Sao-Paulo-nao-e-Florida-e1753212284118.jpg","type":"image\/jpeg"}],"author":"Comunica\u00e7\u00e3o PSOL","twitter_card":"summary_large_image","twitter_creator":"@psol50","twitter_site":"@psol50","twitter_misc":{"Escrito por":"Comunica\u00e7\u00e3o PSOL","Est. tempo de leitura":"2 minutos"},"schema":{"@context":"https:\/\/schema.org","@graph":[{"@type":"Article","@id":"https:\/\/psol50.org.br\/psol-pede-impeachment-de-tarcisio-de-freitas-do-governo-de-sp-por-ataque-a-soberania-nacional\/#article","isPartOf":{"@id":"https:\/\/psol50.org.br\/psol-pede-impeachment-de-tarcisio-de-freitas-do-governo-de-sp-por-ataque-a-soberania-nacional\/"},"author":{"name":"Comunica\u00e7\u00e3o PSOL","@id":"https:\/\/psol50.org.br\/#\/schema\/person\/475dfa57d0b815993c714c2e96491fcd"},"headline":"PSOL pede impeachment de Tarc\u00edsio de Freitas do governo de SP por ataque \u00e0 soberania nacional","datePublished":"2025-07-22T19:18:28+00:00","dateModified":"2025-08-12T19:36:35+00:00","mainEntityOfPage":{"@id":"https:\/\/psol50.org.br\/psol-pede-impeachment-de-tarcisio-de-freitas-do-governo-de-sp-por-ataque-a-soberania-nacional\/"},"wordCount":443,"publisher":{"@id":"https:\/\/psol50.org.br\/#organization"},"image":{"@id":"https:\/\/psol50.org.br\/psol-pede-impeachment-de-tarcisio-de-freitas-do-governo-de-sp-por-ataque-a-soberania-nacional\/#primaryimage"},"thumbnailUrl":"https:\/\/psol50.org.br\/inc\/uploads\/2025\/07\/Sao-Paulo-nao-e-Florida-e1753212284118.jpg","keywords":["Not\u00edcias"],"articleSection":["Estados"],"inLanguage":"pt-BR"},{"@type":"WebPage","@id":"https:\/\/psol50.org.br\/psol-pede-impeachment-de-tarcisio-de-freitas-do-governo-de-sp-por-ataque-a-soberania-nacional\/","url":"https:\/\/psol50.org.br\/psol-pede-impeachment-de-tarcisio-de-freitas-do-governo-de-sp-por-ataque-a-soberania-nacional\/","name":"PSOL pede impeachment de Tarc\u00edsio de Freitas do governo de SP por ataque \u00e0 soberania nacional","isPartOf":{"@id":"https:\/\/psol50.org.br\/#website"},"primaryImageOfPage":{"@id":"https:\/\/psol50.org.br\/psol-pede-impeachment-de-tarcisio-de-freitas-do-governo-de-sp-por-ataque-a-soberania-nacional\/#primaryimage"},"image":{"@id":"https:\/\/psol50.org.br\/psol-pede-impeachment-de-tarcisio-de-freitas-do-governo-de-sp-por-ataque-a-soberania-nacional\/#primaryimage"},"thumbnailUrl":"https:\/\/psol50.org.br\/inc\/uploads\/2025\/07\/Sao-Paulo-nao-e-Florida-e1753212284118.jpg","datePublished":"2025-07-22T19:18:28+00:00","dateModified":"2025-08-12T19:36:35+00:00","description":"Deputados estaduais do PSOL-SP acusam o governador de apoiar chantagem de Trump e articular poss\u00edvel fuga de Bolsonaro para os Estados Unidos.","breadcrumb":{"@id":"https:\/\/psol50.org.br\/psol-pede-impeachment-de-tarcisio-de-freitas-do-governo-de-sp-por-ataque-a-soberania-nacional\/#breadcrumb"},"inLanguage":"pt-BR","potentialAction":[{"@type":"ReadAction","target":["https:\/\/psol50.org.br\/psol-pede-impeachment-de-tarcisio-de-freitas-do-governo-de-sp-por-ataque-a-soberania-nacional\/"]}]},{"@type":"ImageObject","inLanguage":"pt-BR","@id":"https:\/\/psol50.org.br\/psol-pede-impeachment-de-tarcisio-de-freitas-do-governo-de-sp-por-ataque-a-soberania-nacional\/#primaryimage","url":"https:\/\/psol50.org.br\/inc\/uploads\/2025\/07\/Sao-Paulo-nao-e-Florida-e1753212284118.jpg","contentUrl":"https:\/\/psol50.org.br\/inc\/uploads\/2025\/07\/Sao-Paulo-nao-e-Florida-e1753212284118.jpg","width":1080,"height":794,"caption":"Foto: Reprodu\u00e7\u00e3o"},{"@type":"BreadcrumbList","@id":"https:\/\/psol50.org.br\/psol-pede-impeachment-de-tarcisio-de-freitas-do-governo-de-sp-por-ataque-a-soberania-nacional\/#breadcrumb","itemListElement":[{"@type":"ListItem","position":1,"name":"In\u00edcio","item":"https:\/\/psol50.org.br\/"},{"@type":"ListItem","position":2,"name":"PSOL pede impeachment de Tarc\u00edsio de Freitas do governo de SP por ataque \u00e0 soberania nacional"}]},{"@type":"WebSite","@id":"https:\/\/psol50.org.br\/#website","url":"https:\/\/psol50.org.br\/","name":"PSOL 50","description":"Site oficial do Partido Socialismo e Liberdade","publisher":{"@id":"https:\/\/psol50.org.br\/#organization"},"alternateName":"PSOL50","potentialAction":[{"@type":"SearchAction","target":{"@type":"EntryPoint","urlTemplate":"https:\/\/psol50.org.br\/?s={search_term_string}"},"query-input":{"@type":"PropertyValueSpecification","valueRequired":true,"valueName":"search_term_string"}}],"inLanguage":"pt-BR"},{"@type":"Organization","@id":"https:\/\/psol50.org.br\/#organization","name":"PSOL 50","alternateName":"PSOL 50","url":"https:\/\/psol50.org.br\/","logo":{"@type":"ImageObject","inLanguage":"pt-BR","@id":"https:\/\/psol50.org.br\/#\/schema\/logo\/image\/","url":"https:\/\/psol50.org.br\/inc\/uploads\/2018\/07\/capa.png","contentUrl":"https:\/\/psol50.org.br\/inc\/uploads\/2018\/07\/capa.png","width":1350,"height":900,"caption":"PSOL 50"},"image":{"@id":"https:\/\/psol50.org.br\/#\/schema\/logo\/image\/"},"sameAs":["https:\/\/www.facebook.com\/psol50","https:\/\/x.com\/psol50","https:\/\/www.instagram.com\/psol50\/","https:\/\/www.youtube.com\/channel\/UC7SnJS5o1os7a6CaiNabzcg"]},{"@type":"Person","@id":"https:\/\/psol50.org.br\/#\/schema\/person\/475dfa57d0b815993c714c2e96491fcd","name":"Comunica\u00e7\u00e3o PSOL","image":{"@type":"ImageObject","inLanguage":"pt-BR","@id":"https:\/\/psol50.org.br\/#\/schema\/person\/image\/","url":"https:\/\/secure.gravatar.com\/avatar\/b34fc4f4e468a4e51785917065a3db57b841f5c95dba6ad8c73aaf8f66f8f9bf?s=96&d=mm&r=g","contentUrl":"https:\/\/secure.gravatar.com\/avatar\/b34fc4f4e468a4e51785917065a3db57b841f5c95dba6ad8c73aaf8f66f8f9bf?s=96&d=mm&r=g","caption":"Comunica\u00e7\u00e3o PSOL"}}]}},"_links":{"self":[{"href":"https:\/\/psol50.org.br\/rest\/wp\/v2\/posts\/41523","targetHints":{"allow":["GET"]}}],"collection":[{"href":"https:\/\/psol50.org.br\/rest\/wp\/v2\/posts"}],"about":[{"href":"https:\/\/psol50.org.br\/rest\/wp\/v2\/types\/post"}],"author":[{"embeddable":true,"href":"https:\/\/psol50.org.br\/rest\/wp\/v2\/users\/2"}],"replies":[{"embeddable":true,"href":"https:\/\/psol50.org.br\/rest\/wp\/v2\/comments?post=41523"}],"version-history":[{"count":2,"href":"https:\/\/psol50.org.br\/rest\/wp\/v2\/posts\/41523\/revisions"}],"predecessor-version":[{"id":41525,"href":"https:\/\/psol50.org.br\/rest\/wp\/v2\/posts\/41523\/revisions\/41525"}],"wp:featuredmedia":[{"embeddable":true,"href":"https:\/\/psol50.org.br\/rest\/wp\/v2\/media\/41526"}],"wp:attachment":[{"href":"https:\/\/psol50.org.br\/rest\/wp\/v2\/media?parent=41523"}],"wp:term":[{"taxonomy":"category","embeddable":true,"href":"https:\/\/psol50.org.br\/rest\/wp\/v2\/categories?post=41523"},{"taxonomy":"post_tag","embeddable":true,"href":"https:\/\/psol50.org.br\/rest\/wp\/v2\/tags?post=41523"}],"curies":[{"name":"wp","href":"https:\/\/api.w.org\/{rel}","templated":true}]}}