{"id":41530,"date":"2025-07-24T14:38:57","date_gmt":"2025-07-24T17:38:57","guid":{"rendered":"https:\/\/psol50.org.br\/?p=41530"},"modified":"2025-08-06T17:11:02","modified_gmt":"2025-08-06T20:11:02","slug":"psol-assina-manifesto-de-partidos-progressistas-contra-sancoes-de-trump","status":"publish","type":"post","link":"https:\/\/psol50.org.br\/psol-assina-manifesto-de-partidos-progressistas-contra-sancoes-de-trump\/","title":{"rendered":"PSOL assina manifesto de partidos progressistas contra san\u00e7\u00f5es de Trump"},"content":{"rendered":"<p>O PSOL e outros partidos progressistas divulgaram na \u00faltima quarta-feira (23) um manifesto em que repudiam as san\u00e7\u00f5es do governo dos EUA, comandado por Donald Trump, contra o Brasil. O documento tamb\u00e9m presta solidariedade aos ministros do Supremo Tribunal Federal (STF), que v\u00eam sendo sancionados \u201cpor sua atua\u00e7\u00e3o no cumprimento da lei\u201d.<\/p>\n<p>A nota \u00e9 assinada por presidentes de sete partidos pol\u00edticos: Paula Coradi, presidenta nacional do PSOL; Humberto Costa, senador e presidente nacional do PT; Jo\u00e3o Campos, prefeito de Recife e presidente nacional do PSB; Carlos Lupi, ex-ministro e presidente nacional do PDT; Luciana Santos, ministra da Ci\u00eancia, Tecnologia e Inova\u00e7\u00e3o e presidenta nacional do PCdoB; Jos\u00e9 Luiz Penna, presidente nacional do PV; e o ex-deputado Comte Bittencourt, presidente nacional do Cidadania.<\/p>\n<p>O STF \u00e9 alvo de cr\u00edticas do governo dos Estados Unidos desde 7 de julho, quando\u00a0Trump manifestou apoio a Bolsonaro\u00a0e declarou que o processo na Justi\u00e7a brasileira contra o ex-presidente \u00e9 uma \u201cca\u00e7a \u00e0s bruxas\u201d. Dois dias depois, Trump anunciou tarifas de 50% a produtos brasileiros.<\/p>\n<p>O manifesto tamb\u00e9m repudia que \u201cinteresses pol\u00edticos\u201d integrem as negocia\u00e7\u00f5es sobre as taxas. Segundo o texto, a discuss\u00e3o deve ser pautada pela seara comercial, \u201ccomo prop\u00f5em o governo e o setor produtivo do Brasil\u201d.<\/p>\n<div class=\"styles__IntertitleWrapper-sc-vje7ac-0 mMPqM intertitle-wrapper \">\n<h3 id=\"leia-a-integra-do-manifesto\">Leia a \u00edntegra do manifesto<\/h3>\n<\/div>\n<p class=\"styles__ParagraphStyled-sc-6adecn-0 kKiXme \" data-component-name=\"paragraph\"><em>Recebemos com profunda indigna\u00e7\u00e3o a not\u00edcia de que o governo dos Estados Unidos, liderado por Donald Trump, determinou san\u00e7\u00f5es unilaterais a ministros do Supremo Tribunal Federal do Brasil por sua atua\u00e7\u00e3o no cumprimento da lei, na defesa da Constitui\u00e7\u00e3o de nosso pa\u00eds e da nossa democracia.<\/em><\/p>\n<p class=\"styles__ParagraphStyled-sc-6adecn-0 kKiXme \" data-component-name=\"paragraph\"><em>Este gesto indevido, agressivo e sem precedentes nas rela\u00e7\u00f5es bicenten\u00e1rias de nossos pa\u00edses, torna-se ainda mais grave por sua manifesta motiva\u00e7\u00e3o pol\u00edtica, configurando uma inger\u00eancia esp\u00faria no processo democr\u00e1tico brasileiro e um ataque \u00e0 soberania nacional.<\/em><\/p>\n<p class=\"styles__ParagraphStyled-sc-6adecn-0 kKiXme \" data-component-name=\"paragraph\"><em>A a\u00e7\u00e3o penal no STF sobre a tentativa de golpe e os atentados de 8 de janeiro de 2023 transcorre estritamente no devido processo legal, inclusive com ampla garantia do contradit\u00f3rio. As tentativas de coa\u00e7\u00e3o da Justi\u00e7a neste processo, venham de onde vierem, recebem o rep\u00fadio da sociedade brasileira.<\/em><\/p>\n<p class=\"styles__ParagraphStyled-sc-6adecn-0 kKiXme \" data-component-name=\"paragraph\"><em>As retalia\u00e7\u00f5es agora anunciadas seguem-se a san\u00e7\u00f5es e amea\u00e7as de natureza tarif\u00e1ria e comercial, que foram igualmente contaminadas por interesses pol\u00edticos, quando deveriam ser objeto de negocia\u00e7\u00e3o como prop\u00f5em o governo e o setor produtivo do Brasil.<\/em><\/p>\n<p class=\"styles__ParagraphStyled-sc-6adecn-0 kKiXme \" data-component-name=\"paragraph\"><em>Manifestamos irrestrita solidariedade aos ministros do STF, ao mesmo tempo em que reafirmamos a defesa irrenunci\u00e1vel da soberania nacional e das nossas institui\u00e7\u00f5es.<\/em><\/p>\n<p class=\"styles__ParagraphStyled-sc-6adecn-0 kKiXme \" data-component-name=\"paragraph\"><em>Bras\u00edlia, 22 de julho de 2025<\/em><\/p>\n<p class=\"styles__ParagraphStyled-sc-6adecn-0 kKiXme \" data-component-name=\"paragraph\"><em>Paula Coradi &#8211; PSOL<br \/>\n<\/em><em>Humberto Costa &#8211; PT<br \/>\n<\/em><em>Luciana Santos &#8211; PCdoB<br \/>\n<\/em><em>Jo\u00e3o Campos \u2013 PSB<br \/>\n<\/em><em>Carlos Lupi &#8211; PDT<br \/>\n<\/em><em>Jos\u00e9 Luiz Penna \u2013 PV<br \/>\n<\/em><em>Comte Bittencourt &#8211; Cidadania<\/em><\/p>\n","protected":false},"excerpt":{"rendered":"<p>O PSOL e outros partidos progressistas divulgaram na \u00faltima quarta-feira (23) um manifesto em que repudiam as san\u00e7\u00f5es do governo dos EUA, comandado por Donald Trump, contra o Brasil. O documento tamb\u00e9m presta solidariedade aos ministros do Supremo Tribunal Federal (STF), que v\u00eam sendo sancionados \u201cpor sua atua\u00e7\u00e3o no cumprimento da lei\u201d. A nota \u00e9 [&hellip;]<\/p>\n","protected":false},"author":2,"featured_media":41469,"comment_status":"closed","ping_status":"open","sticky":false,"template":"","format":"standard","meta":{"_acf_changed":false,"footnotes":""},"categories":[14],"tags":[4825],"class_list":{"0":"post-41530","1":"post","2":"type-post","3":"status-publish","4":"format-standard","5":"has-post-thumbnail","7":"category-partido","8":"tag-noticias"},"acf":[],"yoast_head":"<!-- This site is optimized with the Yoast SEO plugin v26.5 - https:\/\/yoast.com\/wordpress\/plugins\/seo\/ -->\n<title>PSOL assina manifesto de partidos progressistas contra san\u00e7\u00f5es de Trump<\/title>\n<meta name=\"description\" content=\"Texto \u00e9 assinado por presidentes do PSOL, PT, PCdoB, PDT, PSB, PV e Cidadania e tamb\u00e9m presta solidariedade aos ministros do STF.\" \/>\n<meta name=\"robots\" content=\"index, follow, max-snippet:-1, max-image-preview:large, max-video-preview:-1\" \/>\n<link rel=\"canonical\" href=\"https:\/\/psol50.org.br\/psol-assina-manifesto-de-partidos-progressistas-contra-sancoes-de-trump\/\" \/>\n<meta property=\"og:locale\" content=\"pt_BR\" \/>\n<meta property=\"og:type\" content=\"article\" \/>\n<meta property=\"og:title\" content=\"PSOL assina manifesto de partidos progressistas contra san\u00e7\u00f5es de Trump\" \/>\n<meta property=\"og:description\" content=\"Texto \u00e9 assinado por presidentes do PSOL, PT, PCdoB, PDT, PSB, PV e Cidadania e tamb\u00e9m presta solidariedade aos ministros do STF.\" \/>\n<meta property=\"og:url\" content=\"https:\/\/psol50.org.br\/psol-assina-manifesto-de-partidos-progressistas-contra-sancoes-de-trump\/\" \/>\n<meta property=\"og:site_name\" content=\"PSOL 50\" \/>\n<meta property=\"article:publisher\" content=\"https:\/\/www.facebook.com\/psol50\" \/>\n<meta property=\"article:published_time\" content=\"2025-07-24T17:38:57+00:00\" \/>\n<meta property=\"article:modified_time\" content=\"2025-08-06T20:11:02+00:00\" \/>\n<meta property=\"og:image\" content=\"https:\/\/psol50.org.br\/inc\/uploads\/2025\/07\/7f790ff3-6aa3-4f30-9088-0bf2cb18b2ce.jpg\" \/>\n\t<meta property=\"og:image:width\" content=\"2048\" \/>\n\t<meta property=\"og:image:height\" content=\"1365\" \/>\n\t<meta property=\"og:image:type\" content=\"image\/jpeg\" \/>\n<meta name=\"author\" content=\"Comunica\u00e7\u00e3o PSOL\" \/>\n<meta name=\"twitter:card\" content=\"summary_large_image\" \/>\n<meta name=\"twitter:creator\" content=\"@psol50\" \/>\n<meta name=\"twitter:site\" content=\"@psol50\" \/>\n<meta name=\"twitter:label1\" content=\"Escrito por\" \/>\n\t<meta name=\"twitter:data1\" content=\"Comunica\u00e7\u00e3o PSOL\" \/>\n\t<meta name=\"twitter:label2\" content=\"Est. tempo de leitura\" \/>\n\t<meta name=\"twitter:data2\" content=\"2 minutos\" \/>\n<script type=\"application\/ld+json\" class=\"yoast-schema-graph\">{\"@context\":\"https:\/\/schema.org\",\"@graph\":[{\"@type\":\"Article\",\"@id\":\"https:\/\/psol50.org.br\/psol-assina-manifesto-de-partidos-progressistas-contra-sancoes-de-trump\/#article\",\"isPartOf\":{\"@id\":\"https:\/\/psol50.org.br\/psol-assina-manifesto-de-partidos-progressistas-contra-sancoes-de-trump\/\"},\"author\":{\"name\":\"Comunica\u00e7\u00e3o PSOL\",\"@id\":\"https:\/\/psol50.org.br\/#\/schema\/person\/475dfa57d0b815993c714c2e96491fcd\"},\"headline\":\"PSOL assina manifesto de partidos progressistas contra san\u00e7\u00f5es de Trump\",\"datePublished\":\"2025-07-24T17:38:57+00:00\",\"dateModified\":\"2025-08-06T20:11:02+00:00\",\"mainEntityOfPage\":{\"@id\":\"https:\/\/psol50.org.br\/psol-assina-manifesto-de-partidos-progressistas-contra-sancoes-de-trump\/\"},\"wordCount\":480,\"publisher\":{\"@id\":\"https:\/\/psol50.org.br\/#organization\"},\"image\":{\"@id\":\"https:\/\/psol50.org.br\/psol-assina-manifesto-de-partidos-progressistas-contra-sancoes-de-trump\/#primaryimage\"},\"thumbnailUrl\":\"https:\/\/psol50.org.br\/inc\/uploads\/2025\/07\/7f790ff3-6aa3-4f30-9088-0bf2cb18b2ce.jpg\",\"keywords\":[\"Not\u00edcias\"],\"articleSection\":[\"Partido\"],\"inLanguage\":\"pt-BR\"},{\"@type\":\"WebPage\",\"@id\":\"https:\/\/psol50.org.br\/psol-assina-manifesto-de-partidos-progressistas-contra-sancoes-de-trump\/\",\"url\":\"https:\/\/psol50.org.br\/psol-assina-manifesto-de-partidos-progressistas-contra-sancoes-de-trump\/\",\"name\":\"PSOL assina manifesto de partidos progressistas contra san\u00e7\u00f5es de Trump\",\"isPartOf\":{\"@id\":\"https:\/\/psol50.org.br\/#website\"},\"primaryImageOfPage\":{\"@id\":\"https:\/\/psol50.org.br\/psol-assina-manifesto-de-partidos-progressistas-contra-sancoes-de-trump\/#primaryimage\"},\"image\":{\"@id\":\"https:\/\/psol50.org.br\/psol-assina-manifesto-de-partidos-progressistas-contra-sancoes-de-trump\/#primaryimage\"},\"thumbnailUrl\":\"https:\/\/psol50.org.br\/inc\/uploads\/2025\/07\/7f790ff3-6aa3-4f30-9088-0bf2cb18b2ce.jpg\",\"datePublished\":\"2025-07-24T17:38:57+00:00\",\"dateModified\":\"2025-08-06T20:11:02+00:00\",\"description\":\"Texto \u00e9 assinado por presidentes do PSOL, PT, PCdoB, PDT, PSB, PV e Cidadania e tamb\u00e9m presta solidariedade aos ministros do STF.\",\"breadcrumb\":{\"@id\":\"https:\/\/psol50.org.br\/psol-assina-manifesto-de-partidos-progressistas-contra-sancoes-de-trump\/#breadcrumb\"},\"inLanguage\":\"pt-BR\",\"potentialAction\":[{\"@type\":\"ReadAction\",\"target\":[\"https:\/\/psol50.org.br\/psol-assina-manifesto-de-partidos-progressistas-contra-sancoes-de-trump\/\"]}]},{\"@type\":\"ImageObject\",\"inLanguage\":\"pt-BR\",\"@id\":\"https:\/\/psol50.org.br\/psol-assina-manifesto-de-partidos-progressistas-contra-sancoes-de-trump\/#primaryimage\",\"url\":\"https:\/\/psol50.org.br\/inc\/uploads\/2025\/07\/7f790ff3-6aa3-4f30-9088-0bf2cb18b2ce.jpg\",\"contentUrl\":\"https:\/\/psol50.org.br\/inc\/uploads\/2025\/07\/7f790ff3-6aa3-4f30-9088-0bf2cb18b2ce.jpg\",\"width\":2048,\"height\":1365,\"caption\":\"Foto: Paulo Pinto\/Ag\u00eancia Brasil\"},{\"@type\":\"BreadcrumbList\",\"@id\":\"https:\/\/psol50.org.br\/psol-assina-manifesto-de-partidos-progressistas-contra-sancoes-de-trump\/#breadcrumb\",\"itemListElement\":[{\"@type\":\"ListItem\",\"position\":1,\"name\":\"In\u00edcio\",\"item\":\"https:\/\/psol50.org.br\/\"},{\"@type\":\"ListItem\",\"position\":2,\"name\":\"PSOL assina manifesto de partidos progressistas contra san\u00e7\u00f5es de Trump\"}]},{\"@type\":\"WebSite\",\"@id\":\"https:\/\/psol50.org.br\/#website\",\"url\":\"https:\/\/psol50.org.br\/\",\"name\":\"PSOL 50\",\"description\":\"Site oficial do Partido Socialismo e Liberdade\",\"publisher\":{\"@id\":\"https:\/\/psol50.org.br\/#organization\"},\"alternateName\":\"PSOL50\",\"potentialAction\":[{\"@type\":\"SearchAction\",\"target\":{\"@type\":\"EntryPoint\",\"urlTemplate\":\"https:\/\/psol50.org.br\/?s={search_term_string}\"},\"query-input\":{\"@type\":\"PropertyValueSpecification\",\"valueRequired\":true,\"valueName\":\"search_term_string\"}}],\"inLanguage\":\"pt-BR\"},{\"@type\":\"Organization\",\"@id\":\"https:\/\/psol50.org.br\/#organization\",\"name\":\"PSOL 50\",\"alternateName\":\"PSOL 50\",\"url\":\"https:\/\/psol50.org.br\/\",\"logo\":{\"@type\":\"ImageObject\",\"inLanguage\":\"pt-BR\",\"@id\":\"https:\/\/psol50.org.br\/#\/schema\/logo\/image\/\",\"url\":\"https:\/\/psol50.org.br\/inc\/uploads\/2018\/07\/capa.png\",\"contentUrl\":\"https:\/\/psol50.org.br\/inc\/uploads\/2018\/07\/capa.png\",\"width\":1350,\"height\":900,\"caption\":\"PSOL 50\"},\"image\":{\"@id\":\"https:\/\/psol50.org.br\/#\/schema\/logo\/image\/\"},\"sameAs\":[\"https:\/\/www.facebook.com\/psol50\",\"https:\/\/x.com\/psol50\",\"https:\/\/www.instagram.com\/psol50\/\",\"https:\/\/www.youtube.com\/channel\/UC7SnJS5o1os7a6CaiNabzcg\"]},{\"@type\":\"Person\",\"@id\":\"https:\/\/psol50.org.br\/#\/schema\/person\/475dfa57d0b815993c714c2e96491fcd\",\"name\":\"Comunica\u00e7\u00e3o PSOL\",\"image\":{\"@type\":\"ImageObject\",\"inLanguage\":\"pt-BR\",\"@id\":\"https:\/\/psol50.org.br\/#\/schema\/person\/image\/\",\"url\":\"https:\/\/secure.gravatar.com\/avatar\/b34fc4f4e468a4e51785917065a3db57b841f5c95dba6ad8c73aaf8f66f8f9bf?s=96&d=mm&r=g\",\"contentUrl\":\"https:\/\/secure.gravatar.com\/avatar\/b34fc4f4e468a4e51785917065a3db57b841f5c95dba6ad8c73aaf8f66f8f9bf?s=96&d=mm&r=g\",\"caption\":\"Comunica\u00e7\u00e3o PSOL\"}}]}<\/script>\n<!-- \/ Yoast SEO plugin. -->","yoast_head_json":{"title":"PSOL assina manifesto de partidos progressistas contra san\u00e7\u00f5es de Trump","description":"Texto \u00e9 assinado por presidentes do PSOL, PT, PCdoB, PDT, PSB, PV e Cidadania e tamb\u00e9m presta solidariedade aos ministros do STF.","robots":{"index":"index","follow":"follow","max-snippet":"max-snippet:-1","max-image-preview":"max-image-preview:large","max-video-preview":"max-video-preview:-1"},"canonical":"https:\/\/psol50.org.br\/psol-assina-manifesto-de-partidos-progressistas-contra-sancoes-de-trump\/","og_locale":"pt_BR","og_type":"article","og_title":"PSOL assina manifesto de partidos progressistas contra san\u00e7\u00f5es de Trump","og_description":"Texto \u00e9 assinado por presidentes do PSOL, PT, PCdoB, PDT, PSB, PV e Cidadania e tamb\u00e9m presta solidariedade aos ministros do STF.","og_url":"https:\/\/psol50.org.br\/psol-assina-manifesto-de-partidos-progressistas-contra-sancoes-de-trump\/","og_site_name":"PSOL 50","article_publisher":"https:\/\/www.facebook.com\/psol50","article_published_time":"2025-07-24T17:38:57+00:00","article_modified_time":"2025-08-06T20:11:02+00:00","og_image":[{"width":2048,"height":1365,"url":"https:\/\/psol50.org.br\/inc\/uploads\/2025\/07\/7f790ff3-6aa3-4f30-9088-0bf2cb18b2ce.jpg","type":"image\/jpeg"}],"author":"Comunica\u00e7\u00e3o PSOL","twitter_card":"summary_large_image","twitter_creator":"@psol50","twitter_site":"@psol50","twitter_misc":{"Escrito por":"Comunica\u00e7\u00e3o PSOL","Est. tempo de leitura":"2 minutos"},"schema":{"@context":"https:\/\/schema.org","@graph":[{"@type":"Article","@id":"https:\/\/psol50.org.br\/psol-assina-manifesto-de-partidos-progressistas-contra-sancoes-de-trump\/#article","isPartOf":{"@id":"https:\/\/psol50.org.br\/psol-assina-manifesto-de-partidos-progressistas-contra-sancoes-de-trump\/"},"author":{"name":"Comunica\u00e7\u00e3o PSOL","@id":"https:\/\/psol50.org.br\/#\/schema\/person\/475dfa57d0b815993c714c2e96491fcd"},"headline":"PSOL assina manifesto de partidos progressistas contra san\u00e7\u00f5es de Trump","datePublished":"2025-07-24T17:38:57+00:00","dateModified":"2025-08-06T20:11:02+00:00","mainEntityOfPage":{"@id":"https:\/\/psol50.org.br\/psol-assina-manifesto-de-partidos-progressistas-contra-sancoes-de-trump\/"},"wordCount":480,"publisher":{"@id":"https:\/\/psol50.org.br\/#organization"},"image":{"@id":"https:\/\/psol50.org.br\/psol-assina-manifesto-de-partidos-progressistas-contra-sancoes-de-trump\/#primaryimage"},"thumbnailUrl":"https:\/\/psol50.org.br\/inc\/uploads\/2025\/07\/7f790ff3-6aa3-4f30-9088-0bf2cb18b2ce.jpg","keywords":["Not\u00edcias"],"articleSection":["Partido"],"inLanguage":"pt-BR"},{"@type":"WebPage","@id":"https:\/\/psol50.org.br\/psol-assina-manifesto-de-partidos-progressistas-contra-sancoes-de-trump\/","url":"https:\/\/psol50.org.br\/psol-assina-manifesto-de-partidos-progressistas-contra-sancoes-de-trump\/","name":"PSOL assina manifesto de partidos progressistas contra san\u00e7\u00f5es de Trump","isPartOf":{"@id":"https:\/\/psol50.org.br\/#website"},"primaryImageOfPage":{"@id":"https:\/\/psol50.org.br\/psol-assina-manifesto-de-partidos-progressistas-contra-sancoes-de-trump\/#primaryimage"},"image":{"@id":"https:\/\/psol50.org.br\/psol-assina-manifesto-de-partidos-progressistas-contra-sancoes-de-trump\/#primaryimage"},"thumbnailUrl":"https:\/\/psol50.org.br\/inc\/uploads\/2025\/07\/7f790ff3-6aa3-4f30-9088-0bf2cb18b2ce.jpg","datePublished":"2025-07-24T17:38:57+00:00","dateModified":"2025-08-06T20:11:02+00:00","description":"Texto \u00e9 assinado por presidentes do PSOL, PT, PCdoB, PDT, PSB, PV e Cidadania e tamb\u00e9m presta solidariedade aos ministros do STF.","breadcrumb":{"@id":"https:\/\/psol50.org.br\/psol-assina-manifesto-de-partidos-progressistas-contra-sancoes-de-trump\/#breadcrumb"},"inLanguage":"pt-BR","potentialAction":[{"@type":"ReadAction","target":["https:\/\/psol50.org.br\/psol-assina-manifesto-de-partidos-progressistas-contra-sancoes-de-trump\/"]}]},{"@type":"ImageObject","inLanguage":"pt-BR","@id":"https:\/\/psol50.org.br\/psol-assina-manifesto-de-partidos-progressistas-contra-sancoes-de-trump\/#primaryimage","url":"https:\/\/psol50.org.br\/inc\/uploads\/2025\/07\/7f790ff3-6aa3-4f30-9088-0bf2cb18b2ce.jpg","contentUrl":"https:\/\/psol50.org.br\/inc\/uploads\/2025\/07\/7f790ff3-6aa3-4f30-9088-0bf2cb18b2ce.jpg","width":2048,"height":1365,"caption":"Foto: Paulo Pinto\/Ag\u00eancia Brasil"},{"@type":"BreadcrumbList","@id":"https:\/\/psol50.org.br\/psol-assina-manifesto-de-partidos-progressistas-contra-sancoes-de-trump\/#breadcrumb","itemListElement":[{"@type":"ListItem","position":1,"name":"In\u00edcio","item":"https:\/\/psol50.org.br\/"},{"@type":"ListItem","position":2,"name":"PSOL assina manifesto de partidos progressistas contra san\u00e7\u00f5es de Trump"}]},{"@type":"WebSite","@id":"https:\/\/psol50.org.br\/#website","url":"https:\/\/psol50.org.br\/","name":"PSOL 50","description":"Site oficial do Partido Socialismo e Liberdade","publisher":{"@id":"https:\/\/psol50.org.br\/#organization"},"alternateName":"PSOL50","potentialAction":[{"@type":"SearchAction","target":{"@type":"EntryPoint","urlTemplate":"https:\/\/psol50.org.br\/?s={search_term_string}"},"query-input":{"@type":"PropertyValueSpecification","valueRequired":true,"valueName":"search_term_string"}}],"inLanguage":"pt-BR"},{"@type":"Organization","@id":"https:\/\/psol50.org.br\/#organization","name":"PSOL 50","alternateName":"PSOL 50","url":"https:\/\/psol50.org.br\/","logo":{"@type":"ImageObject","inLanguage":"pt-BR","@id":"https:\/\/psol50.org.br\/#\/schema\/logo\/image\/","url":"https:\/\/psol50.org.br\/inc\/uploads\/2018\/07\/capa.png","contentUrl":"https:\/\/psol50.org.br\/inc\/uploads\/2018\/07\/capa.png","width":1350,"height":900,"caption":"PSOL 50"},"image":{"@id":"https:\/\/psol50.org.br\/#\/schema\/logo\/image\/"},"sameAs":["https:\/\/www.facebook.com\/psol50","https:\/\/x.com\/psol50","https:\/\/www.instagram.com\/psol50\/","https:\/\/www.youtube.com\/channel\/UC7SnJS5o1os7a6CaiNabzcg"]},{"@type":"Person","@id":"https:\/\/psol50.org.br\/#\/schema\/person\/475dfa57d0b815993c714c2e96491fcd","name":"Comunica\u00e7\u00e3o PSOL","image":{"@type":"ImageObject","inLanguage":"pt-BR","@id":"https:\/\/psol50.org.br\/#\/schema\/person\/image\/","url":"https:\/\/secure.gravatar.com\/avatar\/b34fc4f4e468a4e51785917065a3db57b841f5c95dba6ad8c73aaf8f66f8f9bf?s=96&d=mm&r=g","contentUrl":"https:\/\/secure.gravatar.com\/avatar\/b34fc4f4e468a4e51785917065a3db57b841f5c95dba6ad8c73aaf8f66f8f9bf?s=96&d=mm&r=g","caption":"Comunica\u00e7\u00e3o PSOL"}}]}},"_links":{"self":[{"href":"https:\/\/psol50.org.br\/rest\/wp\/v2\/posts\/41530","targetHints":{"allow":["GET"]}}],"collection":[{"href":"https:\/\/psol50.org.br\/rest\/wp\/v2\/posts"}],"about":[{"href":"https:\/\/psol50.org.br\/rest\/wp\/v2\/types\/post"}],"author":[{"embeddable":true,"href":"https:\/\/psol50.org.br\/rest\/wp\/v2\/users\/2"}],"replies":[{"embeddable":true,"href":"https:\/\/psol50.org.br\/rest\/wp\/v2\/comments?post=41530"}],"version-history":[{"count":2,"href":"https:\/\/psol50.org.br\/rest\/wp\/v2\/posts\/41530\/revisions"}],"predecessor-version":[{"id":41532,"href":"https:\/\/psol50.org.br\/rest\/wp\/v2\/posts\/41530\/revisions\/41532"}],"wp:featuredmedia":[{"embeddable":true,"href":"https:\/\/psol50.org.br\/rest\/wp\/v2\/media\/41469"}],"wp:attachment":[{"href":"https:\/\/psol50.org.br\/rest\/wp\/v2\/media?parent=41530"}],"wp:term":[{"taxonomy":"category","embeddable":true,"href":"https:\/\/psol50.org.br\/rest\/wp\/v2\/categories?post=41530"},{"taxonomy":"post_tag","embeddable":true,"href":"https:\/\/psol50.org.br\/rest\/wp\/v2\/tags?post=41530"}],"curies":[{"name":"wp","href":"https:\/\/api.w.org\/{rel}","templated":true}]}}