{"id":41552,"date":"2025-07-29T15:35:28","date_gmt":"2025-07-29T18:35:28","guid":{"rendered":"https:\/\/psol50.org.br\/?p=41552"},"modified":"2025-08-12T13:21:38","modified_gmt":"2025-08-12T16:21:38","slug":"boulos-pede-a-demissao-de-eduardo-bolsonaro","status":"publish","type":"post","link":"https:\/\/psol50.org.br\/boulos-pede-a-demissao-de-eduardo-bolsonaro\/","title":{"rendered":"Boulos pede \u00e0 Pol\u00edcia Federal a demiss\u00e3o de Eduardo Bolsonaro por atua\u00e7\u00e3o contra o Brasil nos EUA"},"content":{"rendered":"<p>O deputado federal Guilherme Boulos (PSOL-SP) protocolou nesta semana uma representa\u00e7\u00e3o \u00e0 Pol\u00edcia Federal solicitando a demiss\u00e3o de Eduardo Bolsonaro (PL-SP) dos quadros da institui\u00e7\u00e3o. Apesar de estar licenciado do cargo de deputado, Eduardo \u00e9 escriv\u00e3o concursado da PF.<\/p>\n<p>A iniciativa de Boulos se baseia na atua\u00e7\u00e3o de Eduardo nos Estados Unidos, onde tem articulado com membros do governo norte-americano a imposi\u00e7\u00e3o de san\u00e7\u00f5es econ\u00f4micas contra o Brasil e autoridades nacionais, como o ministro do Supremo Tribunal Federal Alexandre de Moraes.<\/p>\n<p>&#8220;\u00c9 fato p\u00fablico e not\u00f3rio que o escriv\u00e3o de pol\u00edcia, ora afastado, Eduardo Nantes Bolsonaro, atualmente deputado federal licenciado, encontra-se nos EUA realizando articula\u00e7\u00f5es com o governo daquele pa\u00eds para a aplica\u00e7\u00e3o de san\u00e7\u00f5es, taxa\u00e7\u00f5es, penalidades econ\u00f4micas e atos hostis contra o Brasil e contra autoridades nacionais&#8221;, afirma o texto apresentado por Boulos.<\/p>\n<p>O parlamentar tamb\u00e9m lembra que Eduardo Bolsonaro \u00e9 alvo de investiga\u00e7\u00e3o da Procuradoria-Geral da Rep\u00fablica por poss\u00edvel viola\u00e7\u00e3o da soberania nacional, conduta incompat\u00edvel com sua posi\u00e7\u00e3o de servidor p\u00fablico federal.<\/p>\n<p>Segundo o pedido de Boulos, Eduardo teria ferido o regime jur\u00eddico dos servidores p\u00fablicos ao se envolver em a\u00e7\u00f5es que podem configurar crime contra a administra\u00e7\u00e3o, improbidade administrativa e uso indevido do cargo para benef\u00edcio pr\u00f3prio ou de terceiros.<\/p>\n<p>A expectativa \u00e9 que o diretor-geral da Pol\u00edcia Federal encaminhe a representa\u00e7\u00e3o \u00e0 corregedoria da institui\u00e7\u00e3o, para que seja instaurado um processo administrativo que avalie a demiss\u00e3o de Eduardo Bolsonaro da corpora\u00e7\u00e3o.<\/p>\n","protected":false},"excerpt":{"rendered":"<p>O deputado federal Guilherme Boulos (PSOL-SP) protocolou nesta semana uma representa\u00e7\u00e3o \u00e0 Pol\u00edcia Federal solicitando a demiss\u00e3o de Eduardo Bolsonaro (PL-SP) dos quadros da institui\u00e7\u00e3o. Apesar de estar licenciado do cargo de deputado, Eduardo \u00e9 escriv\u00e3o concursado da PF. A iniciativa de Boulos se baseia na atua\u00e7\u00e3o de Eduardo nos Estados Unidos, onde tem articulado [&hellip;]<\/p>\n","protected":false},"author":2,"featured_media":41556,"comment_status":"closed","ping_status":"open","sticky":false,"template":"","format":"standard","meta":{"_acf_changed":false,"footnotes":""},"categories":[10],"tags":[4825],"class_list":{"0":"post-41552","1":"post","2":"type-post","3":"status-publish","4":"format-standard","5":"has-post-thumbnail","7":"category-acao-parlamentares","8":"tag-noticias"},"acf":[],"yoast_head":"<!-- This site is optimized with the Yoast SEO plugin v26.5 - https:\/\/yoast.com\/wordpress\/plugins\/seo\/ -->\n<title>Boulos pede \u00e0 Pol\u00edcia Federal a demiss\u00e3o de Eduardo Bolsonaro por atua\u00e7\u00e3o contra o Brasil nos EUA - PSOL 50<\/title>\n<meta name=\"description\" content=\"Boulos protocolou um requerimento \u00e0 PF pedindo a demiss\u00e3o de Eduardo Bolsonaro da institui\u00e7\u00e3o. Saiba mais.\" \/>\n<meta name=\"robots\" content=\"index, follow, max-snippet:-1, max-image-preview:large, max-video-preview:-1\" \/>\n<link rel=\"canonical\" href=\"https:\/\/psol50.org.br\/boulos-pede-a-demissao-de-eduardo-bolsonaro\/\" \/>\n<meta property=\"og:locale\" content=\"pt_BR\" \/>\n<meta property=\"og:type\" content=\"article\" \/>\n<meta property=\"og:title\" content=\"Boulos pede \u00e0 Pol\u00edcia Federal a demiss\u00e3o de Eduardo Bolsonaro por atua\u00e7\u00e3o contra o Brasil nos EUA - PSOL 50\" \/>\n<meta property=\"og:description\" content=\"Boulos protocolou um requerimento \u00e0 PF pedindo a demiss\u00e3o de Eduardo Bolsonaro da institui\u00e7\u00e3o. Saiba mais.\" \/>\n<meta property=\"og:url\" content=\"https:\/\/psol50.org.br\/boulos-pede-a-demissao-de-eduardo-bolsonaro\/\" \/>\n<meta property=\"og:site_name\" content=\"PSOL 50\" \/>\n<meta property=\"article:publisher\" content=\"https:\/\/www.facebook.com\/psol50\" \/>\n<meta property=\"article:published_time\" content=\"2025-07-29T18:35:28+00:00\" \/>\n<meta property=\"article:modified_time\" content=\"2025-08-12T16:21:38+00:00\" \/>\n<meta property=\"og:image\" content=\"https:\/\/psol50.org.br\/inc\/uploads\/2025\/07\/img20250616190605274.jpg\" \/>\n\t<meta property=\"og:image:width\" content=\"1984\" \/>\n\t<meta property=\"og:image:height\" content=\"1223\" \/>\n\t<meta property=\"og:image:type\" content=\"image\/jpeg\" \/>\n<meta name=\"author\" content=\"Comunica\u00e7\u00e3o PSOL\" \/>\n<meta name=\"twitter:card\" content=\"summary_large_image\" \/>\n<meta name=\"twitter:creator\" content=\"@psol50\" \/>\n<meta name=\"twitter:site\" content=\"@psol50\" \/>\n<meta name=\"twitter:label1\" content=\"Escrito por\" \/>\n\t<meta name=\"twitter:data1\" content=\"Comunica\u00e7\u00e3o PSOL\" \/>\n\t<meta name=\"twitter:label2\" content=\"Est. tempo de leitura\" \/>\n\t<meta name=\"twitter:data2\" content=\"1 minuto\" \/>\n<script type=\"application\/ld+json\" class=\"yoast-schema-graph\">{\"@context\":\"https:\/\/schema.org\",\"@graph\":[{\"@type\":\"Article\",\"@id\":\"https:\/\/psol50.org.br\/boulos-pede-a-demissao-de-eduardo-bolsonaro\/#article\",\"isPartOf\":{\"@id\":\"https:\/\/psol50.org.br\/boulos-pede-a-demissao-de-eduardo-bolsonaro\/\"},\"author\":{\"name\":\"Comunica\u00e7\u00e3o PSOL\",\"@id\":\"https:\/\/psol50.org.br\/#\/schema\/person\/475dfa57d0b815993c714c2e96491fcd\"},\"headline\":\"Boulos pede \u00e0 Pol\u00edcia Federal a demiss\u00e3o de Eduardo Bolsonaro por atua\u00e7\u00e3o contra o Brasil nos EUA\",\"datePublished\":\"2025-07-29T18:35:28+00:00\",\"dateModified\":\"2025-08-12T16:21:38+00:00\",\"mainEntityOfPage\":{\"@id\":\"https:\/\/psol50.org.br\/boulos-pede-a-demissao-de-eduardo-bolsonaro\/\"},\"wordCount\":286,\"publisher\":{\"@id\":\"https:\/\/psol50.org.br\/#organization\"},\"image\":{\"@id\":\"https:\/\/psol50.org.br\/boulos-pede-a-demissao-de-eduardo-bolsonaro\/#primaryimage\"},\"thumbnailUrl\":\"https:\/\/psol50.org.br\/inc\/uploads\/2025\/07\/img20250616190605274.jpg\",\"keywords\":[\"Not\u00edcias\"],\"articleSection\":[\"A\u00e7\u00e3o Parlamentar\"],\"inLanguage\":\"pt-BR\"},{\"@type\":\"WebPage\",\"@id\":\"https:\/\/psol50.org.br\/boulos-pede-a-demissao-de-eduardo-bolsonaro\/\",\"url\":\"https:\/\/psol50.org.br\/boulos-pede-a-demissao-de-eduardo-bolsonaro\/\",\"name\":\"Boulos pede \u00e0 Pol\u00edcia Federal a demiss\u00e3o de Eduardo Bolsonaro por atua\u00e7\u00e3o contra o Brasil nos EUA - PSOL 50\",\"isPartOf\":{\"@id\":\"https:\/\/psol50.org.br\/#website\"},\"primaryImageOfPage\":{\"@id\":\"https:\/\/psol50.org.br\/boulos-pede-a-demissao-de-eduardo-bolsonaro\/#primaryimage\"},\"image\":{\"@id\":\"https:\/\/psol50.org.br\/boulos-pede-a-demissao-de-eduardo-bolsonaro\/#primaryimage\"},\"thumbnailUrl\":\"https:\/\/psol50.org.br\/inc\/uploads\/2025\/07\/img20250616190605274.jpg\",\"datePublished\":\"2025-07-29T18:35:28+00:00\",\"dateModified\":\"2025-08-12T16:21:38+00:00\",\"description\":\"Boulos protocolou um requerimento \u00e0 PF pedindo a demiss\u00e3o de Eduardo Bolsonaro da institui\u00e7\u00e3o. Saiba mais.\",\"breadcrumb\":{\"@id\":\"https:\/\/psol50.org.br\/boulos-pede-a-demissao-de-eduardo-bolsonaro\/#breadcrumb\"},\"inLanguage\":\"pt-BR\",\"potentialAction\":[{\"@type\":\"ReadAction\",\"target\":[\"https:\/\/psol50.org.br\/boulos-pede-a-demissao-de-eduardo-bolsonaro\/\"]}]},{\"@type\":\"ImageObject\",\"inLanguage\":\"pt-BR\",\"@id\":\"https:\/\/psol50.org.br\/boulos-pede-a-demissao-de-eduardo-bolsonaro\/#primaryimage\",\"url\":\"https:\/\/psol50.org.br\/inc\/uploads\/2025\/07\/img20250616190605274.jpg\",\"contentUrl\":\"https:\/\/psol50.org.br\/inc\/uploads\/2025\/07\/img20250616190605274.jpg\",\"width\":1984,\"height\":1223,\"caption\":\"Foto: Vinicius Loures\/C\u00e2mara dos Deputados\"},{\"@type\":\"BreadcrumbList\",\"@id\":\"https:\/\/psol50.org.br\/boulos-pede-a-demissao-de-eduardo-bolsonaro\/#breadcrumb\",\"itemListElement\":[{\"@type\":\"ListItem\",\"position\":1,\"name\":\"In\u00edcio\",\"item\":\"https:\/\/psol50.org.br\/\"},{\"@type\":\"ListItem\",\"position\":2,\"name\":\"Boulos pede \u00e0 Pol\u00edcia Federal a demiss\u00e3o de Eduardo Bolsonaro por atua\u00e7\u00e3o contra o Brasil nos EUA\"}]},{\"@type\":\"WebSite\",\"@id\":\"https:\/\/psol50.org.br\/#website\",\"url\":\"https:\/\/psol50.org.br\/\",\"name\":\"PSOL 50\",\"description\":\"Site oficial do Partido Socialismo e Liberdade\",\"publisher\":{\"@id\":\"https:\/\/psol50.org.br\/#organization\"},\"alternateName\":\"PSOL50\",\"potentialAction\":[{\"@type\":\"SearchAction\",\"target\":{\"@type\":\"EntryPoint\",\"urlTemplate\":\"https:\/\/psol50.org.br\/?s={search_term_string}\"},\"query-input\":{\"@type\":\"PropertyValueSpecification\",\"valueRequired\":true,\"valueName\":\"search_term_string\"}}],\"inLanguage\":\"pt-BR\"},{\"@type\":\"Organization\",\"@id\":\"https:\/\/psol50.org.br\/#organization\",\"name\":\"PSOL 50\",\"alternateName\":\"PSOL 50\",\"url\":\"https:\/\/psol50.org.br\/\",\"logo\":{\"@type\":\"ImageObject\",\"inLanguage\":\"pt-BR\",\"@id\":\"https:\/\/psol50.org.br\/#\/schema\/logo\/image\/\",\"url\":\"https:\/\/psol50.org.br\/inc\/uploads\/2018\/07\/capa.png\",\"contentUrl\":\"https:\/\/psol50.org.br\/inc\/uploads\/2018\/07\/capa.png\",\"width\":1350,\"height\":900,\"caption\":\"PSOL 50\"},\"image\":{\"@id\":\"https:\/\/psol50.org.br\/#\/schema\/logo\/image\/\"},\"sameAs\":[\"https:\/\/www.facebook.com\/psol50\",\"https:\/\/x.com\/psol50\",\"https:\/\/www.instagram.com\/psol50\/\",\"https:\/\/www.youtube.com\/channel\/UC7SnJS5o1os7a6CaiNabzcg\"]},{\"@type\":\"Person\",\"@id\":\"https:\/\/psol50.org.br\/#\/schema\/person\/475dfa57d0b815993c714c2e96491fcd\",\"name\":\"Comunica\u00e7\u00e3o PSOL\",\"image\":{\"@type\":\"ImageObject\",\"inLanguage\":\"pt-BR\",\"@id\":\"https:\/\/psol50.org.br\/#\/schema\/person\/image\/\",\"url\":\"https:\/\/secure.gravatar.com\/avatar\/b34fc4f4e468a4e51785917065a3db57b841f5c95dba6ad8c73aaf8f66f8f9bf?s=96&d=mm&r=g\",\"contentUrl\":\"https:\/\/secure.gravatar.com\/avatar\/b34fc4f4e468a4e51785917065a3db57b841f5c95dba6ad8c73aaf8f66f8f9bf?s=96&d=mm&r=g\",\"caption\":\"Comunica\u00e7\u00e3o PSOL\"}}]}<\/script>\n<!-- \/ Yoast SEO plugin. -->","yoast_head_json":{"title":"Boulos pede \u00e0 Pol\u00edcia Federal a demiss\u00e3o de Eduardo Bolsonaro por atua\u00e7\u00e3o contra o Brasil nos EUA - PSOL 50","description":"Boulos protocolou um requerimento \u00e0 PF pedindo a demiss\u00e3o de Eduardo Bolsonaro da institui\u00e7\u00e3o. Saiba mais.","robots":{"index":"index","follow":"follow","max-snippet":"max-snippet:-1","max-image-preview":"max-image-preview:large","max-video-preview":"max-video-preview:-1"},"canonical":"https:\/\/psol50.org.br\/boulos-pede-a-demissao-de-eduardo-bolsonaro\/","og_locale":"pt_BR","og_type":"article","og_title":"Boulos pede \u00e0 Pol\u00edcia Federal a demiss\u00e3o de Eduardo Bolsonaro por atua\u00e7\u00e3o contra o Brasil nos EUA - PSOL 50","og_description":"Boulos protocolou um requerimento \u00e0 PF pedindo a demiss\u00e3o de Eduardo Bolsonaro da institui\u00e7\u00e3o. Saiba mais.","og_url":"https:\/\/psol50.org.br\/boulos-pede-a-demissao-de-eduardo-bolsonaro\/","og_site_name":"PSOL 50","article_publisher":"https:\/\/www.facebook.com\/psol50","article_published_time":"2025-07-29T18:35:28+00:00","article_modified_time":"2025-08-12T16:21:38+00:00","og_image":[{"width":1984,"height":1223,"url":"https:\/\/psol50.org.br\/inc\/uploads\/2025\/07\/img20250616190605274.jpg","type":"image\/jpeg"}],"author":"Comunica\u00e7\u00e3o PSOL","twitter_card":"summary_large_image","twitter_creator":"@psol50","twitter_site":"@psol50","twitter_misc":{"Escrito por":"Comunica\u00e7\u00e3o PSOL","Est. tempo de leitura":"1 minuto"},"schema":{"@context":"https:\/\/schema.org","@graph":[{"@type":"Article","@id":"https:\/\/psol50.org.br\/boulos-pede-a-demissao-de-eduardo-bolsonaro\/#article","isPartOf":{"@id":"https:\/\/psol50.org.br\/boulos-pede-a-demissao-de-eduardo-bolsonaro\/"},"author":{"name":"Comunica\u00e7\u00e3o PSOL","@id":"https:\/\/psol50.org.br\/#\/schema\/person\/475dfa57d0b815993c714c2e96491fcd"},"headline":"Boulos pede \u00e0 Pol\u00edcia Federal a demiss\u00e3o de Eduardo Bolsonaro por atua\u00e7\u00e3o contra o Brasil nos EUA","datePublished":"2025-07-29T18:35:28+00:00","dateModified":"2025-08-12T16:21:38+00:00","mainEntityOfPage":{"@id":"https:\/\/psol50.org.br\/boulos-pede-a-demissao-de-eduardo-bolsonaro\/"},"wordCount":286,"publisher":{"@id":"https:\/\/psol50.org.br\/#organization"},"image":{"@id":"https:\/\/psol50.org.br\/boulos-pede-a-demissao-de-eduardo-bolsonaro\/#primaryimage"},"thumbnailUrl":"https:\/\/psol50.org.br\/inc\/uploads\/2025\/07\/img20250616190605274.jpg","keywords":["Not\u00edcias"],"articleSection":["A\u00e7\u00e3o Parlamentar"],"inLanguage":"pt-BR"},{"@type":"WebPage","@id":"https:\/\/psol50.org.br\/boulos-pede-a-demissao-de-eduardo-bolsonaro\/","url":"https:\/\/psol50.org.br\/boulos-pede-a-demissao-de-eduardo-bolsonaro\/","name":"Boulos pede \u00e0 Pol\u00edcia Federal a demiss\u00e3o de Eduardo Bolsonaro por atua\u00e7\u00e3o contra o Brasil nos EUA - PSOL 50","isPartOf":{"@id":"https:\/\/psol50.org.br\/#website"},"primaryImageOfPage":{"@id":"https:\/\/psol50.org.br\/boulos-pede-a-demissao-de-eduardo-bolsonaro\/#primaryimage"},"image":{"@id":"https:\/\/psol50.org.br\/boulos-pede-a-demissao-de-eduardo-bolsonaro\/#primaryimage"},"thumbnailUrl":"https:\/\/psol50.org.br\/inc\/uploads\/2025\/07\/img20250616190605274.jpg","datePublished":"2025-07-29T18:35:28+00:00","dateModified":"2025-08-12T16:21:38+00:00","description":"Boulos protocolou um requerimento \u00e0 PF pedindo a demiss\u00e3o de Eduardo Bolsonaro da institui\u00e7\u00e3o. Saiba mais.","breadcrumb":{"@id":"https:\/\/psol50.org.br\/boulos-pede-a-demissao-de-eduardo-bolsonaro\/#breadcrumb"},"inLanguage":"pt-BR","potentialAction":[{"@type":"ReadAction","target":["https:\/\/psol50.org.br\/boulos-pede-a-demissao-de-eduardo-bolsonaro\/"]}]},{"@type":"ImageObject","inLanguage":"pt-BR","@id":"https:\/\/psol50.org.br\/boulos-pede-a-demissao-de-eduardo-bolsonaro\/#primaryimage","url":"https:\/\/psol50.org.br\/inc\/uploads\/2025\/07\/img20250616190605274.jpg","contentUrl":"https:\/\/psol50.org.br\/inc\/uploads\/2025\/07\/img20250616190605274.jpg","width":1984,"height":1223,"caption":"Foto: Vinicius Loures\/C\u00e2mara dos Deputados"},{"@type":"BreadcrumbList","@id":"https:\/\/psol50.org.br\/boulos-pede-a-demissao-de-eduardo-bolsonaro\/#breadcrumb","itemListElement":[{"@type":"ListItem","position":1,"name":"In\u00edcio","item":"https:\/\/psol50.org.br\/"},{"@type":"ListItem","position":2,"name":"Boulos pede \u00e0 Pol\u00edcia Federal a demiss\u00e3o de Eduardo Bolsonaro por atua\u00e7\u00e3o contra o Brasil nos EUA"}]},{"@type":"WebSite","@id":"https:\/\/psol50.org.br\/#website","url":"https:\/\/psol50.org.br\/","name":"PSOL 50","description":"Site oficial do Partido Socialismo e Liberdade","publisher":{"@id":"https:\/\/psol50.org.br\/#organization"},"alternateName":"PSOL50","potentialAction":[{"@type":"SearchAction","target":{"@type":"EntryPoint","urlTemplate":"https:\/\/psol50.org.br\/?s={search_term_string}"},"query-input":{"@type":"PropertyValueSpecification","valueRequired":true,"valueName":"search_term_string"}}],"inLanguage":"pt-BR"},{"@type":"Organization","@id":"https:\/\/psol50.org.br\/#organization","name":"PSOL 50","alternateName":"PSOL 50","url":"https:\/\/psol50.org.br\/","logo":{"@type":"ImageObject","inLanguage":"pt-BR","@id":"https:\/\/psol50.org.br\/#\/schema\/logo\/image\/","url":"https:\/\/psol50.org.br\/inc\/uploads\/2018\/07\/capa.png","contentUrl":"https:\/\/psol50.org.br\/inc\/uploads\/2018\/07\/capa.png","width":1350,"height":900,"caption":"PSOL 50"},"image":{"@id":"https:\/\/psol50.org.br\/#\/schema\/logo\/image\/"},"sameAs":["https:\/\/www.facebook.com\/psol50","https:\/\/x.com\/psol50","https:\/\/www.instagram.com\/psol50\/","https:\/\/www.youtube.com\/channel\/UC7SnJS5o1os7a6CaiNabzcg"]},{"@type":"Person","@id":"https:\/\/psol50.org.br\/#\/schema\/person\/475dfa57d0b815993c714c2e96491fcd","name":"Comunica\u00e7\u00e3o PSOL","image":{"@type":"ImageObject","inLanguage":"pt-BR","@id":"https:\/\/psol50.org.br\/#\/schema\/person\/image\/","url":"https:\/\/secure.gravatar.com\/avatar\/b34fc4f4e468a4e51785917065a3db57b841f5c95dba6ad8c73aaf8f66f8f9bf?s=96&d=mm&r=g","contentUrl":"https:\/\/secure.gravatar.com\/avatar\/b34fc4f4e468a4e51785917065a3db57b841f5c95dba6ad8c73aaf8f66f8f9bf?s=96&d=mm&r=g","caption":"Comunica\u00e7\u00e3o PSOL"}}]}},"_links":{"self":[{"href":"https:\/\/psol50.org.br\/rest\/wp\/v2\/posts\/41552","targetHints":{"allow":["GET"]}}],"collection":[{"href":"https:\/\/psol50.org.br\/rest\/wp\/v2\/posts"}],"about":[{"href":"https:\/\/psol50.org.br\/rest\/wp\/v2\/types\/post"}],"author":[{"embeddable":true,"href":"https:\/\/psol50.org.br\/rest\/wp\/v2\/users\/2"}],"replies":[{"embeddable":true,"href":"https:\/\/psol50.org.br\/rest\/wp\/v2\/comments?post=41552"}],"version-history":[{"count":2,"href":"https:\/\/psol50.org.br\/rest\/wp\/v2\/posts\/41552\/revisions"}],"predecessor-version":[{"id":41554,"href":"https:\/\/psol50.org.br\/rest\/wp\/v2\/posts\/41552\/revisions\/41554"}],"wp:featuredmedia":[{"embeddable":true,"href":"https:\/\/psol50.org.br\/rest\/wp\/v2\/media\/41556"}],"wp:attachment":[{"href":"https:\/\/psol50.org.br\/rest\/wp\/v2\/media?parent=41552"}],"wp:term":[{"taxonomy":"category","embeddable":true,"href":"https:\/\/psol50.org.br\/rest\/wp\/v2\/categories?post=41552"},{"taxonomy":"post_tag","embeddable":true,"href":"https:\/\/psol50.org.br\/rest\/wp\/v2\/tags?post=41552"}],"curies":[{"name":"wp","href":"https:\/\/api.w.org\/{rel}","templated":true}]}}