{"id":41557,"date":"2025-07-31T17:30:23","date_gmt":"2025-07-31T20:30:23","guid":{"rendered":"https:\/\/psol50.org.br\/?p=41557"},"modified":"2025-07-31T17:32:24","modified_gmt":"2025-07-31T20:32:24","slug":"psol-quer-homenagear-deputado-italiano-que-ajudou-na-prisao-de-carla-zambelli","status":"publish","type":"post","link":"https:\/\/psol50.org.br\/psol-quer-homenagear-deputado-italiano-que-ajudou-na-prisao-de-carla-zambelli\/","title":{"rendered":"PSOL quer homenagear deputado italiano que ajudou na pris\u00e3o de Carla Zambelli"},"content":{"rendered":"<p>A pris\u00e3o de Carla Zambelli (PL-SP) em Roma, no dia 29 de julho, contou com um elemento decisivo: a atua\u00e7\u00e3o firme do deputado italiano Angelo Bonelli. Porta-voz do partido Europa Verde, Bonelli foi o respons\u00e1vel por informar a pol\u00edcia italiana sobre o paradeiro da parlamentar brasileira, foragida da Justi\u00e7a ap\u00f3s ser condenada pelo Supremo Tribunal Federal a 10 anos de pris\u00e3o.<\/p>\n<p>Zambelli fugiu do Brasil no final de maio e declarou publicamente que, por ter cidadania italiana, era \u201cintoc\u00e1vel\u201d. Bonelli contestou a atitude da golpista, acionando autoridades, cobrando respostas do governo italiano. Por sua atua\u00e7\u00e3o em defesa da democracia e da coopera\u00e7\u00e3o internacional, deputadas do PSOL e do PT decidiram prestar homenagens ao deputado europeu:<\/p>\n<h2>S\u00e2mia Bomfim prop\u00f5e t\u00edtulo de cidad\u00e3o honor\u00e1rio do Brasil pra Angelo Bonelli<\/h2>\n<p>A deputada S\u00e2mia Bomfim (PSOL-SP) protocolou um projeto de resolu\u00e7\u00e3o que concede a Angelo Bonelli o t\u00edtulo de cidad\u00e3o honor\u00e1rio do Brasil. A proposta reconhece o papel fundamental do parlamentar italiano na pris\u00e3o da foragida e destaca seu compromisso com a Justi\u00e7a brasileira.<\/p>\n<p>O projeto defende que Bonelli atuou com firmeza desde o in\u00edcio, mantendo contato frequente com autoridades italianas e pressionando pelo cumprimento da extradi\u00e7\u00e3o. Para S\u00e2mia, a colabora\u00e7\u00e3o entre institui\u00e7\u00f5es italianas e brasileiras, articulada por Bonelli, foi crucial para garantir que Zambelli respondesse por seus crimes no Brasil.<\/p>\n<h2>Luciene Cavalcante, Tal\u00edria Petrone e Ana Pimentel pedem mo\u00e7\u00e3o de louvor ao parlamentar italiano<\/h2>\n<p>Outra iniciativa foi apresentada pelas deputadas Luciene Cavalcante (PSOL-SP), Tal\u00edria Petrone (PSOL-RJ) e Ana Pimentel (PT-MG). As parlamentares protocolaram uma mo\u00e7\u00e3o de louvor ao deputado Bonelli na Comiss\u00e3o de Defesa dos Direitos da Mulher da C\u00e2mara.<\/p>\n<p>No documento, as deputadas destacam que a atitude do italiano \u201cconsuma o princ\u00edpio da solidariedade internacional, essencial para o combate \u00e0 impunidade\u201d. A mo\u00e7\u00e3o celebra sua postura firme frente a uma situa\u00e7\u00e3o de tentativa de fuga e obstru\u00e7\u00e3o da Justi\u00e7a brasileira.<\/p>\n<p>A proposta tamb\u00e9m lembra que Zambelli atentou contra a ordem judici\u00e1ria brasileira, e que o gesto de Bonelli reafirma o compromisso com os valores democr\u00e1ticos.<\/p>\n","protected":false},"excerpt":{"rendered":"<p>A pris\u00e3o de Carla Zambelli (PL-SP) em Roma, no dia 29 de julho, contou com um elemento decisivo: a atua\u00e7\u00e3o firme do deputado italiano Angelo Bonelli. Porta-voz do partido Europa Verde, Bonelli foi o respons\u00e1vel por informar a pol\u00edcia italiana sobre o paradeiro da parlamentar brasileira, foragida da Justi\u00e7a ap\u00f3s ser condenada pelo Supremo Tribunal [&hellip;]<\/p>\n","protected":false},"author":2,"featured_media":41560,"comment_status":"closed","ping_status":"open","sticky":false,"template":"","format":"standard","meta":{"_acf_changed":false,"footnotes":""},"categories":[10],"tags":[4825],"class_list":{"0":"post-41557","1":"post","2":"type-post","3":"status-publish","4":"format-standard","5":"has-post-thumbnail","7":"category-acao-parlamentares","8":"tag-noticias"},"acf":[],"yoast_head":"<!-- This site is optimized with the Yoast SEO plugin v26.5 - https:\/\/yoast.com\/wordpress\/plugins\/seo\/ -->\n<title>PSOL quer homenagear deputado italiano que ajudou na pris\u00e3o de Carla Zambelli - PSOL 50<\/title>\n<meta name=\"description\" content=\"S\u00e2mia Bomfim, Luciene Cavalcante e Tal\u00edria Petrone querem homenagear o deputado italiano que ajudou a prender Carla Zambelli. Saiba mais.\" \/>\n<meta name=\"robots\" content=\"index, follow, max-snippet:-1, max-image-preview:large, max-video-preview:-1\" \/>\n<link rel=\"canonical\" href=\"https:\/\/psol50.org.br\/psol-quer-homenagear-deputado-italiano-que-ajudou-na-prisao-de-carla-zambelli\/\" \/>\n<meta property=\"og:locale\" content=\"pt_BR\" \/>\n<meta property=\"og:type\" content=\"article\" \/>\n<meta property=\"og:title\" content=\"PSOL quer homenagear deputado italiano que ajudou na pris\u00e3o de Carla Zambelli - PSOL 50\" \/>\n<meta property=\"og:description\" content=\"S\u00e2mia Bomfim, Luciene Cavalcante e Tal\u00edria Petrone querem homenagear o deputado italiano que ajudou a prender Carla Zambelli. Saiba mais.\" \/>\n<meta property=\"og:url\" content=\"https:\/\/psol50.org.br\/psol-quer-homenagear-deputado-italiano-que-ajudou-na-prisao-de-carla-zambelli\/\" \/>\n<meta property=\"og:site_name\" content=\"PSOL 50\" \/>\n<meta property=\"article:publisher\" content=\"https:\/\/www.facebook.com\/psol50\" \/>\n<meta property=\"article:published_time\" content=\"2025-07-31T20:30:23+00:00\" \/>\n<meta property=\"article:modified_time\" content=\"2025-07-31T20:32:24+00:00\" \/>\n<meta property=\"og:image\" content=\"https:\/\/psol50.org.br\/inc\/uploads\/2025\/07\/img20231010171524508.jpg\" \/>\n\t<meta property=\"og:image:width\" content=\"1984\" \/>\n\t<meta property=\"og:image:height\" content=\"1223\" \/>\n\t<meta property=\"og:image:type\" content=\"image\/jpeg\" \/>\n<meta name=\"author\" content=\"Comunica\u00e7\u00e3o PSOL\" \/>\n<meta name=\"twitter:card\" content=\"summary_large_image\" \/>\n<meta name=\"twitter:creator\" content=\"@psol50\" \/>\n<meta name=\"twitter:site\" content=\"@psol50\" \/>\n<meta name=\"twitter:label1\" content=\"Escrito por\" \/>\n\t<meta name=\"twitter:data1\" content=\"Comunica\u00e7\u00e3o PSOL\" \/>\n\t<meta name=\"twitter:label2\" content=\"Est. tempo de leitura\" \/>\n\t<meta name=\"twitter:data2\" content=\"2 minutos\" \/>\n<script type=\"application\/ld+json\" class=\"yoast-schema-graph\">{\"@context\":\"https:\/\/schema.org\",\"@graph\":[{\"@type\":\"Article\",\"@id\":\"https:\/\/psol50.org.br\/psol-quer-homenagear-deputado-italiano-que-ajudou-na-prisao-de-carla-zambelli\/#article\",\"isPartOf\":{\"@id\":\"https:\/\/psol50.org.br\/psol-quer-homenagear-deputado-italiano-que-ajudou-na-prisao-de-carla-zambelli\/\"},\"author\":{\"name\":\"Comunica\u00e7\u00e3o PSOL\",\"@id\":\"https:\/\/psol50.org.br\/#\/schema\/person\/475dfa57d0b815993c714c2e96491fcd\"},\"headline\":\"PSOL quer homenagear deputado italiano que ajudou na pris\u00e3o de Carla Zambelli\",\"datePublished\":\"2025-07-31T20:30:23+00:00\",\"dateModified\":\"2025-07-31T20:32:24+00:00\",\"mainEntityOfPage\":{\"@id\":\"https:\/\/psol50.org.br\/psol-quer-homenagear-deputado-italiano-que-ajudou-na-prisao-de-carla-zambelli\/\"},\"wordCount\":384,\"publisher\":{\"@id\":\"https:\/\/psol50.org.br\/#organization\"},\"image\":{\"@id\":\"https:\/\/psol50.org.br\/psol-quer-homenagear-deputado-italiano-que-ajudou-na-prisao-de-carla-zambelli\/#primaryimage\"},\"thumbnailUrl\":\"https:\/\/psol50.org.br\/inc\/uploads\/2025\/07\/img20231010171524508.jpg\",\"keywords\":[\"Not\u00edcias\"],\"articleSection\":[\"A\u00e7\u00e3o Parlamentar\"],\"inLanguage\":\"pt-BR\"},{\"@type\":\"WebPage\",\"@id\":\"https:\/\/psol50.org.br\/psol-quer-homenagear-deputado-italiano-que-ajudou-na-prisao-de-carla-zambelli\/\",\"url\":\"https:\/\/psol50.org.br\/psol-quer-homenagear-deputado-italiano-que-ajudou-na-prisao-de-carla-zambelli\/\",\"name\":\"PSOL quer homenagear deputado italiano que ajudou na pris\u00e3o de Carla Zambelli - PSOL 50\",\"isPartOf\":{\"@id\":\"https:\/\/psol50.org.br\/#website\"},\"primaryImageOfPage\":{\"@id\":\"https:\/\/psol50.org.br\/psol-quer-homenagear-deputado-italiano-que-ajudou-na-prisao-de-carla-zambelli\/#primaryimage\"},\"image\":{\"@id\":\"https:\/\/psol50.org.br\/psol-quer-homenagear-deputado-italiano-que-ajudou-na-prisao-de-carla-zambelli\/#primaryimage\"},\"thumbnailUrl\":\"https:\/\/psol50.org.br\/inc\/uploads\/2025\/07\/img20231010171524508.jpg\",\"datePublished\":\"2025-07-31T20:30:23+00:00\",\"dateModified\":\"2025-07-31T20:32:24+00:00\",\"description\":\"S\u00e2mia Bomfim, Luciene Cavalcante e Tal\u00edria Petrone querem homenagear o deputado italiano que ajudou a prender Carla Zambelli. Saiba mais.\",\"breadcrumb\":{\"@id\":\"https:\/\/psol50.org.br\/psol-quer-homenagear-deputado-italiano-que-ajudou-na-prisao-de-carla-zambelli\/#breadcrumb\"},\"inLanguage\":\"pt-BR\",\"potentialAction\":[{\"@type\":\"ReadAction\",\"target\":[\"https:\/\/psol50.org.br\/psol-quer-homenagear-deputado-italiano-que-ajudou-na-prisao-de-carla-zambelli\/\"]}]},{\"@type\":\"ImageObject\",\"inLanguage\":\"pt-BR\",\"@id\":\"https:\/\/psol50.org.br\/psol-quer-homenagear-deputado-italiano-que-ajudou-na-prisao-de-carla-zambelli\/#primaryimage\",\"url\":\"https:\/\/psol50.org.br\/inc\/uploads\/2025\/07\/img20231010171524508.jpg\",\"contentUrl\":\"https:\/\/psol50.org.br\/inc\/uploads\/2025\/07\/img20231010171524508.jpg\",\"width\":1984,\"height\":1223,\"caption\":\"Zeca Ribeiro \/ C\u00e2mara dos Deputados\"},{\"@type\":\"BreadcrumbList\",\"@id\":\"https:\/\/psol50.org.br\/psol-quer-homenagear-deputado-italiano-que-ajudou-na-prisao-de-carla-zambelli\/#breadcrumb\",\"itemListElement\":[{\"@type\":\"ListItem\",\"position\":1,\"name\":\"In\u00edcio\",\"item\":\"https:\/\/psol50.org.br\/\"},{\"@type\":\"ListItem\",\"position\":2,\"name\":\"PSOL quer homenagear deputado italiano que ajudou na pris\u00e3o de Carla Zambelli\"}]},{\"@type\":\"WebSite\",\"@id\":\"https:\/\/psol50.org.br\/#website\",\"url\":\"https:\/\/psol50.org.br\/\",\"name\":\"PSOL 50\",\"description\":\"Site oficial do Partido Socialismo e Liberdade\",\"publisher\":{\"@id\":\"https:\/\/psol50.org.br\/#organization\"},\"alternateName\":\"PSOL50\",\"potentialAction\":[{\"@type\":\"SearchAction\",\"target\":{\"@type\":\"EntryPoint\",\"urlTemplate\":\"https:\/\/psol50.org.br\/?s={search_term_string}\"},\"query-input\":{\"@type\":\"PropertyValueSpecification\",\"valueRequired\":true,\"valueName\":\"search_term_string\"}}],\"inLanguage\":\"pt-BR\"},{\"@type\":\"Organization\",\"@id\":\"https:\/\/psol50.org.br\/#organization\",\"name\":\"PSOL 50\",\"alternateName\":\"PSOL 50\",\"url\":\"https:\/\/psol50.org.br\/\",\"logo\":{\"@type\":\"ImageObject\",\"inLanguage\":\"pt-BR\",\"@id\":\"https:\/\/psol50.org.br\/#\/schema\/logo\/image\/\",\"url\":\"https:\/\/psol50.org.br\/inc\/uploads\/2018\/07\/capa.png\",\"contentUrl\":\"https:\/\/psol50.org.br\/inc\/uploads\/2018\/07\/capa.png\",\"width\":1350,\"height\":900,\"caption\":\"PSOL 50\"},\"image\":{\"@id\":\"https:\/\/psol50.org.br\/#\/schema\/logo\/image\/\"},\"sameAs\":[\"https:\/\/www.facebook.com\/psol50\",\"https:\/\/x.com\/psol50\",\"https:\/\/www.instagram.com\/psol50\/\",\"https:\/\/www.youtube.com\/channel\/UC7SnJS5o1os7a6CaiNabzcg\"]},{\"@type\":\"Person\",\"@id\":\"https:\/\/psol50.org.br\/#\/schema\/person\/475dfa57d0b815993c714c2e96491fcd\",\"name\":\"Comunica\u00e7\u00e3o PSOL\",\"image\":{\"@type\":\"ImageObject\",\"inLanguage\":\"pt-BR\",\"@id\":\"https:\/\/psol50.org.br\/#\/schema\/person\/image\/\",\"url\":\"https:\/\/secure.gravatar.com\/avatar\/b34fc4f4e468a4e51785917065a3db57b841f5c95dba6ad8c73aaf8f66f8f9bf?s=96&d=mm&r=g\",\"contentUrl\":\"https:\/\/secure.gravatar.com\/avatar\/b34fc4f4e468a4e51785917065a3db57b841f5c95dba6ad8c73aaf8f66f8f9bf?s=96&d=mm&r=g\",\"caption\":\"Comunica\u00e7\u00e3o PSOL\"}}]}<\/script>\n<!-- \/ Yoast SEO plugin. -->","yoast_head_json":{"title":"PSOL quer homenagear deputado italiano que ajudou na pris\u00e3o de Carla Zambelli - PSOL 50","description":"S\u00e2mia Bomfim, Luciene Cavalcante e Tal\u00edria Petrone querem homenagear o deputado italiano que ajudou a prender Carla Zambelli. Saiba mais.","robots":{"index":"index","follow":"follow","max-snippet":"max-snippet:-1","max-image-preview":"max-image-preview:large","max-video-preview":"max-video-preview:-1"},"canonical":"https:\/\/psol50.org.br\/psol-quer-homenagear-deputado-italiano-que-ajudou-na-prisao-de-carla-zambelli\/","og_locale":"pt_BR","og_type":"article","og_title":"PSOL quer homenagear deputado italiano que ajudou na pris\u00e3o de Carla Zambelli - PSOL 50","og_description":"S\u00e2mia Bomfim, Luciene Cavalcante e Tal\u00edria Petrone querem homenagear o deputado italiano que ajudou a prender Carla Zambelli. Saiba mais.","og_url":"https:\/\/psol50.org.br\/psol-quer-homenagear-deputado-italiano-que-ajudou-na-prisao-de-carla-zambelli\/","og_site_name":"PSOL 50","article_publisher":"https:\/\/www.facebook.com\/psol50","article_published_time":"2025-07-31T20:30:23+00:00","article_modified_time":"2025-07-31T20:32:24+00:00","og_image":[{"width":1984,"height":1223,"url":"https:\/\/psol50.org.br\/inc\/uploads\/2025\/07\/img20231010171524508.jpg","type":"image\/jpeg"}],"author":"Comunica\u00e7\u00e3o PSOL","twitter_card":"summary_large_image","twitter_creator":"@psol50","twitter_site":"@psol50","twitter_misc":{"Escrito por":"Comunica\u00e7\u00e3o PSOL","Est. tempo de leitura":"2 minutos"},"schema":{"@context":"https:\/\/schema.org","@graph":[{"@type":"Article","@id":"https:\/\/psol50.org.br\/psol-quer-homenagear-deputado-italiano-que-ajudou-na-prisao-de-carla-zambelli\/#article","isPartOf":{"@id":"https:\/\/psol50.org.br\/psol-quer-homenagear-deputado-italiano-que-ajudou-na-prisao-de-carla-zambelli\/"},"author":{"name":"Comunica\u00e7\u00e3o PSOL","@id":"https:\/\/psol50.org.br\/#\/schema\/person\/475dfa57d0b815993c714c2e96491fcd"},"headline":"PSOL quer homenagear deputado italiano que ajudou na pris\u00e3o de Carla Zambelli","datePublished":"2025-07-31T20:30:23+00:00","dateModified":"2025-07-31T20:32:24+00:00","mainEntityOfPage":{"@id":"https:\/\/psol50.org.br\/psol-quer-homenagear-deputado-italiano-que-ajudou-na-prisao-de-carla-zambelli\/"},"wordCount":384,"publisher":{"@id":"https:\/\/psol50.org.br\/#organization"},"image":{"@id":"https:\/\/psol50.org.br\/psol-quer-homenagear-deputado-italiano-que-ajudou-na-prisao-de-carla-zambelli\/#primaryimage"},"thumbnailUrl":"https:\/\/psol50.org.br\/inc\/uploads\/2025\/07\/img20231010171524508.jpg","keywords":["Not\u00edcias"],"articleSection":["A\u00e7\u00e3o Parlamentar"],"inLanguage":"pt-BR"},{"@type":"WebPage","@id":"https:\/\/psol50.org.br\/psol-quer-homenagear-deputado-italiano-que-ajudou-na-prisao-de-carla-zambelli\/","url":"https:\/\/psol50.org.br\/psol-quer-homenagear-deputado-italiano-que-ajudou-na-prisao-de-carla-zambelli\/","name":"PSOL quer homenagear deputado italiano que ajudou na pris\u00e3o de Carla Zambelli - PSOL 50","isPartOf":{"@id":"https:\/\/psol50.org.br\/#website"},"primaryImageOfPage":{"@id":"https:\/\/psol50.org.br\/psol-quer-homenagear-deputado-italiano-que-ajudou-na-prisao-de-carla-zambelli\/#primaryimage"},"image":{"@id":"https:\/\/psol50.org.br\/psol-quer-homenagear-deputado-italiano-que-ajudou-na-prisao-de-carla-zambelli\/#primaryimage"},"thumbnailUrl":"https:\/\/psol50.org.br\/inc\/uploads\/2025\/07\/img20231010171524508.jpg","datePublished":"2025-07-31T20:30:23+00:00","dateModified":"2025-07-31T20:32:24+00:00","description":"S\u00e2mia Bomfim, Luciene Cavalcante e Tal\u00edria Petrone querem homenagear o deputado italiano que ajudou a prender Carla Zambelli. Saiba mais.","breadcrumb":{"@id":"https:\/\/psol50.org.br\/psol-quer-homenagear-deputado-italiano-que-ajudou-na-prisao-de-carla-zambelli\/#breadcrumb"},"inLanguage":"pt-BR","potentialAction":[{"@type":"ReadAction","target":["https:\/\/psol50.org.br\/psol-quer-homenagear-deputado-italiano-que-ajudou-na-prisao-de-carla-zambelli\/"]}]},{"@type":"ImageObject","inLanguage":"pt-BR","@id":"https:\/\/psol50.org.br\/psol-quer-homenagear-deputado-italiano-que-ajudou-na-prisao-de-carla-zambelli\/#primaryimage","url":"https:\/\/psol50.org.br\/inc\/uploads\/2025\/07\/img20231010171524508.jpg","contentUrl":"https:\/\/psol50.org.br\/inc\/uploads\/2025\/07\/img20231010171524508.jpg","width":1984,"height":1223,"caption":"Zeca Ribeiro \/ C\u00e2mara dos Deputados"},{"@type":"BreadcrumbList","@id":"https:\/\/psol50.org.br\/psol-quer-homenagear-deputado-italiano-que-ajudou-na-prisao-de-carla-zambelli\/#breadcrumb","itemListElement":[{"@type":"ListItem","position":1,"name":"In\u00edcio","item":"https:\/\/psol50.org.br\/"},{"@type":"ListItem","position":2,"name":"PSOL quer homenagear deputado italiano que ajudou na pris\u00e3o de Carla Zambelli"}]},{"@type":"WebSite","@id":"https:\/\/psol50.org.br\/#website","url":"https:\/\/psol50.org.br\/","name":"PSOL 50","description":"Site oficial do Partido Socialismo e Liberdade","publisher":{"@id":"https:\/\/psol50.org.br\/#organization"},"alternateName":"PSOL50","potentialAction":[{"@type":"SearchAction","target":{"@type":"EntryPoint","urlTemplate":"https:\/\/psol50.org.br\/?s={search_term_string}"},"query-input":{"@type":"PropertyValueSpecification","valueRequired":true,"valueName":"search_term_string"}}],"inLanguage":"pt-BR"},{"@type":"Organization","@id":"https:\/\/psol50.org.br\/#organization","name":"PSOL 50","alternateName":"PSOL 50","url":"https:\/\/psol50.org.br\/","logo":{"@type":"ImageObject","inLanguage":"pt-BR","@id":"https:\/\/psol50.org.br\/#\/schema\/logo\/image\/","url":"https:\/\/psol50.org.br\/inc\/uploads\/2018\/07\/capa.png","contentUrl":"https:\/\/psol50.org.br\/inc\/uploads\/2018\/07\/capa.png","width":1350,"height":900,"caption":"PSOL 50"},"image":{"@id":"https:\/\/psol50.org.br\/#\/schema\/logo\/image\/"},"sameAs":["https:\/\/www.facebook.com\/psol50","https:\/\/x.com\/psol50","https:\/\/www.instagram.com\/psol50\/","https:\/\/www.youtube.com\/channel\/UC7SnJS5o1os7a6CaiNabzcg"]},{"@type":"Person","@id":"https:\/\/psol50.org.br\/#\/schema\/person\/475dfa57d0b815993c714c2e96491fcd","name":"Comunica\u00e7\u00e3o PSOL","image":{"@type":"ImageObject","inLanguage":"pt-BR","@id":"https:\/\/psol50.org.br\/#\/schema\/person\/image\/","url":"https:\/\/secure.gravatar.com\/avatar\/b34fc4f4e468a4e51785917065a3db57b841f5c95dba6ad8c73aaf8f66f8f9bf?s=96&d=mm&r=g","contentUrl":"https:\/\/secure.gravatar.com\/avatar\/b34fc4f4e468a4e51785917065a3db57b841f5c95dba6ad8c73aaf8f66f8f9bf?s=96&d=mm&r=g","caption":"Comunica\u00e7\u00e3o PSOL"}}]}},"_links":{"self":[{"href":"https:\/\/psol50.org.br\/rest\/wp\/v2\/posts\/41557","targetHints":{"allow":["GET"]}}],"collection":[{"href":"https:\/\/psol50.org.br\/rest\/wp\/v2\/posts"}],"about":[{"href":"https:\/\/psol50.org.br\/rest\/wp\/v2\/types\/post"}],"author":[{"embeddable":true,"href":"https:\/\/psol50.org.br\/rest\/wp\/v2\/users\/2"}],"replies":[{"embeddable":true,"href":"https:\/\/psol50.org.br\/rest\/wp\/v2\/comments?post=41557"}],"version-history":[{"count":3,"href":"https:\/\/psol50.org.br\/rest\/wp\/v2\/posts\/41557\/revisions"}],"predecessor-version":[{"id":41561,"href":"https:\/\/psol50.org.br\/rest\/wp\/v2\/posts\/41557\/revisions\/41561"}],"wp:featuredmedia":[{"embeddable":true,"href":"https:\/\/psol50.org.br\/rest\/wp\/v2\/media\/41560"}],"wp:attachment":[{"href":"https:\/\/psol50.org.br\/rest\/wp\/v2\/media?parent=41557"}],"wp:term":[{"taxonomy":"category","embeddable":true,"href":"https:\/\/psol50.org.br\/rest\/wp\/v2\/categories?post=41557"},{"taxonomy":"post_tag","embeddable":true,"href":"https:\/\/psol50.org.br\/rest\/wp\/v2\/tags?post=41557"}],"curies":[{"name":"wp","href":"https:\/\/api.w.org\/{rel}","templated":true}]}}