{"id":41579,"date":"2025-08-11T14:18:45","date_gmt":"2025-08-11T17:18:45","guid":{"rendered":"https:\/\/psol50.org.br\/?p=41579"},"modified":"2025-08-13T17:35:52","modified_gmt":"2025-08-13T20:35:52","slug":"bancadas-de-psol-pt-e-psb-acionam-conselho-de-etica-contra-bolsonaristas-que-fizeram-motim-na-camara","status":"publish","type":"post","link":"https:\/\/psol50.org.br\/bancadas-de-psol-pt-e-psb-acionam-conselho-de-etica-contra-bolsonaristas-que-fizeram-motim-na-camara\/","title":{"rendered":"Bancadas de PSOL, PT e PSB acionam Conselho de \u00c9tica contra bolsonaristas que fizeram motim na C\u00e2mara"},"content":{"rendered":"<p>As bancadas do PSOL, PT e PSB ingressaram na \u00faltima quinta-feira (7) com um pedido de suspens\u00e3o sum\u00e1ria por seis meses dos mandatos de parlamentares do PL que paralisaram, entre ter\u00e7a e quarta-feira da semana passada, os trabalhos do parlamento e tomaram de assalto a Mesa Diretora da Casa em um motim organizado.<\/p>\n<p>O PSOL assina junto com os outros dois partidos as a\u00e7\u00f5es contra Paulo Bilynskyj (PL-SP), Marcos Pollon (PL-MS), Z\u00e9 Trov\u00e3o (PL-SC) e Marcel van Hattem (Novo-RS).<\/p>\n<p>PT e PSB tamb\u00e9m apresentaram a\u00e7\u00e3o contra Julia Zanatta (PL-SC), que usou seu filho de 4 meses como &#8220;escudo humano&#8221; para impedir que os bolsonaristas fossem retirados da Mesa Diretora da C\u00e2mara. O PSOL n\u00e3o assinou a representa\u00e7\u00e3o contra Zanatta por ter decidido denunciar, primeiramente, quem estava impedindo a chegada do presidente da C\u00e2mara dos Deputados,\u00a0Hugo Motta \u00e0 sua cadeira.<\/p>\n<p>No caso de Bilynskyj, ele \u00e9 acusado de ocupar a Mesa da Comiss\u00e3o de Direitos Humanos e de agredir o jornalista Guga Noblat. Z\u00e9 Trov\u00e3o, por sua vez, teria impedido fisicamente a subida de Motta. Em rela\u00e7\u00e3o a Van Hattem, os partidos citam o epis\u00f3dio em que ele impediu Motta de se sentar, o que \u201ccaracteriza grave desrespeito \u00e0 figura do deputado, \u00e0 autoridade do presidente e usurpa\u00e7\u00e3o de fun\u00e7\u00e3o p\u00fablica\u201d, como dizem os partidos signat\u00e1rios das a\u00e7\u00f5es.<\/p>\n<p>A representa\u00e7\u00e3o contra Pollon lembra que ele resistiu a se retirar da cadeira de Motta, o que tamb\u00e9m caracterizaria usurpa\u00e7\u00e3o de fun\u00e7\u00e3o p\u00fablica. \u201cO ato, com uso da for\u00e7a f\u00edsica, representou interfer\u00eancia direta na autoridade da Presid\u00eancia da Casa e no funcionamento leg\u00edtimo dos trabalhos parlamentares\u201d, escrevem.<\/p>\n<p>Ao todo, 14 parlamentares bolsonaristas foram denunciados por diversos partidos \u00e0 Corregedoria da C\u00e2mara pelo epis\u00f3dio golpista.<\/p>\n<p>Al\u00e9m dos 5 j\u00e1 citados, tamb\u00e9m est\u00e3o com o mandato em risco Nikolas Ferreira (PL-MG), Tenente Coronel Zucco (PL-RS), Allan Garc\u00eas (PP-MA), Caroline de Toni (PL-SC), Pastor Marco Feliciano (PL-SP), Domingos S\u00e1vio (PL-MG), Bia Kicis (PL-DF), Carlos Jordy (PL-RJ) e S\u00f3stenes Cavalcante (PL-RJ).<\/p>\n","protected":false},"excerpt":{"rendered":"<p>As bancadas do PSOL, PT e PSB ingressaram na \u00faltima quinta-feira (7) com um pedido de suspens\u00e3o sum\u00e1ria por seis meses dos mandatos de parlamentares do PL que paralisaram, entre ter\u00e7a e quarta-feira da semana passada, os trabalhos do parlamento e tomaram de assalto a Mesa Diretora da Casa em um motim organizado. O PSOL [&hellip;]<\/p>\n","protected":false},"author":2,"featured_media":41582,"comment_status":"closed","ping_status":"open","sticky":false,"template":"","format":"standard","meta":{"_acf_changed":false,"footnotes":""},"categories":[10],"tags":[4825],"class_list":{"0":"post-41579","1":"post","2":"type-post","3":"status-publish","4":"format-standard","5":"has-post-thumbnail","7":"category-acao-parlamentares","8":"tag-noticias"},"acf":[],"yoast_head":"<!-- This site is optimized with the Yoast SEO plugin v26.5 - https:\/\/yoast.com\/wordpress\/plugins\/seo\/ -->\n<title>Bancadas de PSOL, PT e PSB acionam Conselho de \u00c9tica contra bolsonaristas que fizeram motim na C\u00e2mara<\/title>\n<meta name=\"description\" content=\"PSOL assinou a\u00e7\u00f5es contra Paulo Bilynskyj (PL-SP), Marcos Pollon (PL-MS), Z\u00e9 Trov\u00e3o (PL-SC) e Marcel van Hattem (Novo-RS). Ao todo, 14 deputados extremistas j\u00e1 t\u00eam a\u00e7\u00f5es contra si no colegiado.\" \/>\n<meta name=\"robots\" content=\"index, follow, max-snippet:-1, max-image-preview:large, max-video-preview:-1\" \/>\n<link rel=\"canonical\" href=\"https:\/\/psol50.org.br\/bancadas-de-psol-pt-e-psb-acionam-conselho-de-etica-contra-bolsonaristas-que-fizeram-motim-na-camara\/\" \/>\n<meta property=\"og:locale\" content=\"pt_BR\" \/>\n<meta property=\"og:type\" content=\"article\" \/>\n<meta property=\"og:title\" content=\"Bancadas de PSOL, PT e PSB acionam Conselho de \u00c9tica contra bolsonaristas que fizeram motim na C\u00e2mara\" \/>\n<meta property=\"og:description\" content=\"PSOL assinou a\u00e7\u00f5es contra Paulo Bilynskyj (PL-SP), Marcos Pollon (PL-MS), Z\u00e9 Trov\u00e3o (PL-SC) e Marcel van Hattem (Novo-RS). Ao todo, 14 deputados extremistas j\u00e1 t\u00eam a\u00e7\u00f5es contra si no colegiado.\" \/>\n<meta property=\"og:url\" content=\"https:\/\/psol50.org.br\/bancadas-de-psol-pt-e-psb-acionam-conselho-de-etica-contra-bolsonaristas-que-fizeram-motim-na-camara\/\" \/>\n<meta property=\"og:site_name\" content=\"PSOL 50\" \/>\n<meta property=\"article:publisher\" content=\"https:\/\/www.facebook.com\/psol50\" \/>\n<meta property=\"article:published_time\" content=\"2025-08-11T17:18:45+00:00\" \/>\n<meta property=\"article:modified_time\" content=\"2025-08-13T20:35:52+00:00\" \/>\n<meta property=\"og:image\" content=\"https:\/\/psol50.org.br\/inc\/uploads\/2025\/08\/img20250806223828527.jpg\" \/>\n\t<meta property=\"og:image:width\" content=\"1984\" \/>\n\t<meta property=\"og:image:height\" content=\"1223\" \/>\n\t<meta property=\"og:image:type\" content=\"image\/jpeg\" \/>\n<meta name=\"author\" content=\"Comunica\u00e7\u00e3o PSOL\" \/>\n<meta name=\"twitter:card\" content=\"summary_large_image\" \/>\n<meta name=\"twitter:creator\" content=\"@psol50\" \/>\n<meta name=\"twitter:site\" content=\"@psol50\" \/>\n<meta name=\"twitter:label1\" content=\"Escrito por\" \/>\n\t<meta name=\"twitter:data1\" content=\"Comunica\u00e7\u00e3o PSOL\" \/>\n\t<meta name=\"twitter:label2\" content=\"Est. tempo de leitura\" \/>\n\t<meta name=\"twitter:data2\" content=\"2 minutos\" \/>\n<script type=\"application\/ld+json\" class=\"yoast-schema-graph\">{\"@context\":\"https:\/\/schema.org\",\"@graph\":[{\"@type\":\"Article\",\"@id\":\"https:\/\/psol50.org.br\/bancadas-de-psol-pt-e-psb-acionam-conselho-de-etica-contra-bolsonaristas-que-fizeram-motim-na-camara\/#article\",\"isPartOf\":{\"@id\":\"https:\/\/psol50.org.br\/bancadas-de-psol-pt-e-psb-acionam-conselho-de-etica-contra-bolsonaristas-que-fizeram-motim-na-camara\/\"},\"author\":{\"name\":\"Comunica\u00e7\u00e3o PSOL\",\"@id\":\"https:\/\/psol50.org.br\/#\/schema\/person\/475dfa57d0b815993c714c2e96491fcd\"},\"headline\":\"Bancadas de PSOL, PT e PSB acionam Conselho de \u00c9tica contra bolsonaristas que fizeram motim na C\u00e2mara\",\"datePublished\":\"2025-08-11T17:18:45+00:00\",\"dateModified\":\"2025-08-13T20:35:52+00:00\",\"mainEntityOfPage\":{\"@id\":\"https:\/\/psol50.org.br\/bancadas-de-psol-pt-e-psb-acionam-conselho-de-etica-contra-bolsonaristas-que-fizeram-motim-na-camara\/\"},\"wordCount\":372,\"publisher\":{\"@id\":\"https:\/\/psol50.org.br\/#organization\"},\"image\":{\"@id\":\"https:\/\/psol50.org.br\/bancadas-de-psol-pt-e-psb-acionam-conselho-de-etica-contra-bolsonaristas-que-fizeram-motim-na-camara\/#primaryimage\"},\"thumbnailUrl\":\"https:\/\/psol50.org.br\/inc\/uploads\/2025\/08\/img20250806223828527.jpg\",\"keywords\":[\"Not\u00edcias\"],\"articleSection\":[\"A\u00e7\u00e3o Parlamentar\"],\"inLanguage\":\"pt-BR\"},{\"@type\":\"WebPage\",\"@id\":\"https:\/\/psol50.org.br\/bancadas-de-psol-pt-e-psb-acionam-conselho-de-etica-contra-bolsonaristas-que-fizeram-motim-na-camara\/\",\"url\":\"https:\/\/psol50.org.br\/bancadas-de-psol-pt-e-psb-acionam-conselho-de-etica-contra-bolsonaristas-que-fizeram-motim-na-camara\/\",\"name\":\"Bancadas de PSOL, PT e PSB acionam Conselho de \u00c9tica contra bolsonaristas que fizeram motim na C\u00e2mara\",\"isPartOf\":{\"@id\":\"https:\/\/psol50.org.br\/#website\"},\"primaryImageOfPage\":{\"@id\":\"https:\/\/psol50.org.br\/bancadas-de-psol-pt-e-psb-acionam-conselho-de-etica-contra-bolsonaristas-que-fizeram-motim-na-camara\/#primaryimage\"},\"image\":{\"@id\":\"https:\/\/psol50.org.br\/bancadas-de-psol-pt-e-psb-acionam-conselho-de-etica-contra-bolsonaristas-que-fizeram-motim-na-camara\/#primaryimage\"},\"thumbnailUrl\":\"https:\/\/psol50.org.br\/inc\/uploads\/2025\/08\/img20250806223828527.jpg\",\"datePublished\":\"2025-08-11T17:18:45+00:00\",\"dateModified\":\"2025-08-13T20:35:52+00:00\",\"description\":\"PSOL assinou a\u00e7\u00f5es contra Paulo Bilynskyj (PL-SP), Marcos Pollon (PL-MS), Z\u00e9 Trov\u00e3o (PL-SC) e Marcel van Hattem (Novo-RS). Ao todo, 14 deputados extremistas j\u00e1 t\u00eam a\u00e7\u00f5es contra si no colegiado.\",\"breadcrumb\":{\"@id\":\"https:\/\/psol50.org.br\/bancadas-de-psol-pt-e-psb-acionam-conselho-de-etica-contra-bolsonaristas-que-fizeram-motim-na-camara\/#breadcrumb\"},\"inLanguage\":\"pt-BR\",\"potentialAction\":[{\"@type\":\"ReadAction\",\"target\":[\"https:\/\/psol50.org.br\/bancadas-de-psol-pt-e-psb-acionam-conselho-de-etica-contra-bolsonaristas-que-fizeram-motim-na-camara\/\"]}]},{\"@type\":\"ImageObject\",\"inLanguage\":\"pt-BR\",\"@id\":\"https:\/\/psol50.org.br\/bancadas-de-psol-pt-e-psb-acionam-conselho-de-etica-contra-bolsonaristas-que-fizeram-motim-na-camara\/#primaryimage\",\"url\":\"https:\/\/psol50.org.br\/inc\/uploads\/2025\/08\/img20250806223828527.jpg\",\"contentUrl\":\"https:\/\/psol50.org.br\/inc\/uploads\/2025\/08\/img20250806223828527.jpg\",\"width\":1984,\"height\":1223,\"caption\":\"Foto: Bruno Spada\/C\u00e2mara dos Deputados\"},{\"@type\":\"BreadcrumbList\",\"@id\":\"https:\/\/psol50.org.br\/bancadas-de-psol-pt-e-psb-acionam-conselho-de-etica-contra-bolsonaristas-que-fizeram-motim-na-camara\/#breadcrumb\",\"itemListElement\":[{\"@type\":\"ListItem\",\"position\":1,\"name\":\"In\u00edcio\",\"item\":\"https:\/\/psol50.org.br\/\"},{\"@type\":\"ListItem\",\"position\":2,\"name\":\"Bancadas de PSOL, PT e PSB acionam Conselho de \u00c9tica contra bolsonaristas que fizeram motim na C\u00e2mara\"}]},{\"@type\":\"WebSite\",\"@id\":\"https:\/\/psol50.org.br\/#website\",\"url\":\"https:\/\/psol50.org.br\/\",\"name\":\"PSOL 50\",\"description\":\"Site oficial do Partido Socialismo e Liberdade\",\"publisher\":{\"@id\":\"https:\/\/psol50.org.br\/#organization\"},\"alternateName\":\"PSOL50\",\"potentialAction\":[{\"@type\":\"SearchAction\",\"target\":{\"@type\":\"EntryPoint\",\"urlTemplate\":\"https:\/\/psol50.org.br\/?s={search_term_string}\"},\"query-input\":{\"@type\":\"PropertyValueSpecification\",\"valueRequired\":true,\"valueName\":\"search_term_string\"}}],\"inLanguage\":\"pt-BR\"},{\"@type\":\"Organization\",\"@id\":\"https:\/\/psol50.org.br\/#organization\",\"name\":\"PSOL 50\",\"alternateName\":\"PSOL 50\",\"url\":\"https:\/\/psol50.org.br\/\",\"logo\":{\"@type\":\"ImageObject\",\"inLanguage\":\"pt-BR\",\"@id\":\"https:\/\/psol50.org.br\/#\/schema\/logo\/image\/\",\"url\":\"https:\/\/psol50.org.br\/inc\/uploads\/2018\/07\/capa.png\",\"contentUrl\":\"https:\/\/psol50.org.br\/inc\/uploads\/2018\/07\/capa.png\",\"width\":1350,\"height\":900,\"caption\":\"PSOL 50\"},\"image\":{\"@id\":\"https:\/\/psol50.org.br\/#\/schema\/logo\/image\/\"},\"sameAs\":[\"https:\/\/www.facebook.com\/psol50\",\"https:\/\/x.com\/psol50\",\"https:\/\/www.instagram.com\/psol50\/\",\"https:\/\/www.youtube.com\/channel\/UC7SnJS5o1os7a6CaiNabzcg\"]},{\"@type\":\"Person\",\"@id\":\"https:\/\/psol50.org.br\/#\/schema\/person\/475dfa57d0b815993c714c2e96491fcd\",\"name\":\"Comunica\u00e7\u00e3o PSOL\",\"image\":{\"@type\":\"ImageObject\",\"inLanguage\":\"pt-BR\",\"@id\":\"https:\/\/psol50.org.br\/#\/schema\/person\/image\/\",\"url\":\"https:\/\/secure.gravatar.com\/avatar\/b34fc4f4e468a4e51785917065a3db57b841f5c95dba6ad8c73aaf8f66f8f9bf?s=96&d=mm&r=g\",\"contentUrl\":\"https:\/\/secure.gravatar.com\/avatar\/b34fc4f4e468a4e51785917065a3db57b841f5c95dba6ad8c73aaf8f66f8f9bf?s=96&d=mm&r=g\",\"caption\":\"Comunica\u00e7\u00e3o PSOL\"}}]}<\/script>\n<!-- \/ Yoast SEO plugin. -->","yoast_head_json":{"title":"Bancadas de PSOL, PT e PSB acionam Conselho de \u00c9tica contra bolsonaristas que fizeram motim na C\u00e2mara","description":"PSOL assinou a\u00e7\u00f5es contra Paulo Bilynskyj (PL-SP), Marcos Pollon (PL-MS), Z\u00e9 Trov\u00e3o (PL-SC) e Marcel van Hattem (Novo-RS). Ao todo, 14 deputados extremistas j\u00e1 t\u00eam a\u00e7\u00f5es contra si no colegiado.","robots":{"index":"index","follow":"follow","max-snippet":"max-snippet:-1","max-image-preview":"max-image-preview:large","max-video-preview":"max-video-preview:-1"},"canonical":"https:\/\/psol50.org.br\/bancadas-de-psol-pt-e-psb-acionam-conselho-de-etica-contra-bolsonaristas-que-fizeram-motim-na-camara\/","og_locale":"pt_BR","og_type":"article","og_title":"Bancadas de PSOL, PT e PSB acionam Conselho de \u00c9tica contra bolsonaristas que fizeram motim na C\u00e2mara","og_description":"PSOL assinou a\u00e7\u00f5es contra Paulo Bilynskyj (PL-SP), Marcos Pollon (PL-MS), Z\u00e9 Trov\u00e3o (PL-SC) e Marcel van Hattem (Novo-RS). Ao todo, 14 deputados extremistas j\u00e1 t\u00eam a\u00e7\u00f5es contra si no colegiado.","og_url":"https:\/\/psol50.org.br\/bancadas-de-psol-pt-e-psb-acionam-conselho-de-etica-contra-bolsonaristas-que-fizeram-motim-na-camara\/","og_site_name":"PSOL 50","article_publisher":"https:\/\/www.facebook.com\/psol50","article_published_time":"2025-08-11T17:18:45+00:00","article_modified_time":"2025-08-13T20:35:52+00:00","og_image":[{"width":1984,"height":1223,"url":"https:\/\/psol50.org.br\/inc\/uploads\/2025\/08\/img20250806223828527.jpg","type":"image\/jpeg"}],"author":"Comunica\u00e7\u00e3o PSOL","twitter_card":"summary_large_image","twitter_creator":"@psol50","twitter_site":"@psol50","twitter_misc":{"Escrito por":"Comunica\u00e7\u00e3o PSOL","Est. tempo de leitura":"2 minutos"},"schema":{"@context":"https:\/\/schema.org","@graph":[{"@type":"Article","@id":"https:\/\/psol50.org.br\/bancadas-de-psol-pt-e-psb-acionam-conselho-de-etica-contra-bolsonaristas-que-fizeram-motim-na-camara\/#article","isPartOf":{"@id":"https:\/\/psol50.org.br\/bancadas-de-psol-pt-e-psb-acionam-conselho-de-etica-contra-bolsonaristas-que-fizeram-motim-na-camara\/"},"author":{"name":"Comunica\u00e7\u00e3o PSOL","@id":"https:\/\/psol50.org.br\/#\/schema\/person\/475dfa57d0b815993c714c2e96491fcd"},"headline":"Bancadas de PSOL, PT e PSB acionam Conselho de \u00c9tica contra bolsonaristas que fizeram motim na C\u00e2mara","datePublished":"2025-08-11T17:18:45+00:00","dateModified":"2025-08-13T20:35:52+00:00","mainEntityOfPage":{"@id":"https:\/\/psol50.org.br\/bancadas-de-psol-pt-e-psb-acionam-conselho-de-etica-contra-bolsonaristas-que-fizeram-motim-na-camara\/"},"wordCount":372,"publisher":{"@id":"https:\/\/psol50.org.br\/#organization"},"image":{"@id":"https:\/\/psol50.org.br\/bancadas-de-psol-pt-e-psb-acionam-conselho-de-etica-contra-bolsonaristas-que-fizeram-motim-na-camara\/#primaryimage"},"thumbnailUrl":"https:\/\/psol50.org.br\/inc\/uploads\/2025\/08\/img20250806223828527.jpg","keywords":["Not\u00edcias"],"articleSection":["A\u00e7\u00e3o Parlamentar"],"inLanguage":"pt-BR"},{"@type":"WebPage","@id":"https:\/\/psol50.org.br\/bancadas-de-psol-pt-e-psb-acionam-conselho-de-etica-contra-bolsonaristas-que-fizeram-motim-na-camara\/","url":"https:\/\/psol50.org.br\/bancadas-de-psol-pt-e-psb-acionam-conselho-de-etica-contra-bolsonaristas-que-fizeram-motim-na-camara\/","name":"Bancadas de PSOL, PT e PSB acionam Conselho de \u00c9tica contra bolsonaristas que fizeram motim na C\u00e2mara","isPartOf":{"@id":"https:\/\/psol50.org.br\/#website"},"primaryImageOfPage":{"@id":"https:\/\/psol50.org.br\/bancadas-de-psol-pt-e-psb-acionam-conselho-de-etica-contra-bolsonaristas-que-fizeram-motim-na-camara\/#primaryimage"},"image":{"@id":"https:\/\/psol50.org.br\/bancadas-de-psol-pt-e-psb-acionam-conselho-de-etica-contra-bolsonaristas-que-fizeram-motim-na-camara\/#primaryimage"},"thumbnailUrl":"https:\/\/psol50.org.br\/inc\/uploads\/2025\/08\/img20250806223828527.jpg","datePublished":"2025-08-11T17:18:45+00:00","dateModified":"2025-08-13T20:35:52+00:00","description":"PSOL assinou a\u00e7\u00f5es contra Paulo Bilynskyj (PL-SP), Marcos Pollon (PL-MS), Z\u00e9 Trov\u00e3o (PL-SC) e Marcel van Hattem (Novo-RS). Ao todo, 14 deputados extremistas j\u00e1 t\u00eam a\u00e7\u00f5es contra si no colegiado.","breadcrumb":{"@id":"https:\/\/psol50.org.br\/bancadas-de-psol-pt-e-psb-acionam-conselho-de-etica-contra-bolsonaristas-que-fizeram-motim-na-camara\/#breadcrumb"},"inLanguage":"pt-BR","potentialAction":[{"@type":"ReadAction","target":["https:\/\/psol50.org.br\/bancadas-de-psol-pt-e-psb-acionam-conselho-de-etica-contra-bolsonaristas-que-fizeram-motim-na-camara\/"]}]},{"@type":"ImageObject","inLanguage":"pt-BR","@id":"https:\/\/psol50.org.br\/bancadas-de-psol-pt-e-psb-acionam-conselho-de-etica-contra-bolsonaristas-que-fizeram-motim-na-camara\/#primaryimage","url":"https:\/\/psol50.org.br\/inc\/uploads\/2025\/08\/img20250806223828527.jpg","contentUrl":"https:\/\/psol50.org.br\/inc\/uploads\/2025\/08\/img20250806223828527.jpg","width":1984,"height":1223,"caption":"Foto: Bruno Spada\/C\u00e2mara dos Deputados"},{"@type":"BreadcrumbList","@id":"https:\/\/psol50.org.br\/bancadas-de-psol-pt-e-psb-acionam-conselho-de-etica-contra-bolsonaristas-que-fizeram-motim-na-camara\/#breadcrumb","itemListElement":[{"@type":"ListItem","position":1,"name":"In\u00edcio","item":"https:\/\/psol50.org.br\/"},{"@type":"ListItem","position":2,"name":"Bancadas de PSOL, PT e PSB acionam Conselho de \u00c9tica contra bolsonaristas que fizeram motim na C\u00e2mara"}]},{"@type":"WebSite","@id":"https:\/\/psol50.org.br\/#website","url":"https:\/\/psol50.org.br\/","name":"PSOL 50","description":"Site oficial do Partido Socialismo e Liberdade","publisher":{"@id":"https:\/\/psol50.org.br\/#organization"},"alternateName":"PSOL50","potentialAction":[{"@type":"SearchAction","target":{"@type":"EntryPoint","urlTemplate":"https:\/\/psol50.org.br\/?s={search_term_string}"},"query-input":{"@type":"PropertyValueSpecification","valueRequired":true,"valueName":"search_term_string"}}],"inLanguage":"pt-BR"},{"@type":"Organization","@id":"https:\/\/psol50.org.br\/#organization","name":"PSOL 50","alternateName":"PSOL 50","url":"https:\/\/psol50.org.br\/","logo":{"@type":"ImageObject","inLanguage":"pt-BR","@id":"https:\/\/psol50.org.br\/#\/schema\/logo\/image\/","url":"https:\/\/psol50.org.br\/inc\/uploads\/2018\/07\/capa.png","contentUrl":"https:\/\/psol50.org.br\/inc\/uploads\/2018\/07\/capa.png","width":1350,"height":900,"caption":"PSOL 50"},"image":{"@id":"https:\/\/psol50.org.br\/#\/schema\/logo\/image\/"},"sameAs":["https:\/\/www.facebook.com\/psol50","https:\/\/x.com\/psol50","https:\/\/www.instagram.com\/psol50\/","https:\/\/www.youtube.com\/channel\/UC7SnJS5o1os7a6CaiNabzcg"]},{"@type":"Person","@id":"https:\/\/psol50.org.br\/#\/schema\/person\/475dfa57d0b815993c714c2e96491fcd","name":"Comunica\u00e7\u00e3o PSOL","image":{"@type":"ImageObject","inLanguage":"pt-BR","@id":"https:\/\/psol50.org.br\/#\/schema\/person\/image\/","url":"https:\/\/secure.gravatar.com\/avatar\/b34fc4f4e468a4e51785917065a3db57b841f5c95dba6ad8c73aaf8f66f8f9bf?s=96&d=mm&r=g","contentUrl":"https:\/\/secure.gravatar.com\/avatar\/b34fc4f4e468a4e51785917065a3db57b841f5c95dba6ad8c73aaf8f66f8f9bf?s=96&d=mm&r=g","caption":"Comunica\u00e7\u00e3o PSOL"}}]}},"_links":{"self":[{"href":"https:\/\/psol50.org.br\/rest\/wp\/v2\/posts\/41579","targetHints":{"allow":["GET"]}}],"collection":[{"href":"https:\/\/psol50.org.br\/rest\/wp\/v2\/posts"}],"about":[{"href":"https:\/\/psol50.org.br\/rest\/wp\/v2\/types\/post"}],"author":[{"embeddable":true,"href":"https:\/\/psol50.org.br\/rest\/wp\/v2\/users\/2"}],"replies":[{"embeddable":true,"href":"https:\/\/psol50.org.br\/rest\/wp\/v2\/comments?post=41579"}],"version-history":[{"count":2,"href":"https:\/\/psol50.org.br\/rest\/wp\/v2\/posts\/41579\/revisions"}],"predecessor-version":[{"id":41581,"href":"https:\/\/psol50.org.br\/rest\/wp\/v2\/posts\/41579\/revisions\/41581"}],"wp:featuredmedia":[{"embeddable":true,"href":"https:\/\/psol50.org.br\/rest\/wp\/v2\/media\/41582"}],"wp:attachment":[{"href":"https:\/\/psol50.org.br\/rest\/wp\/v2\/media?parent=41579"}],"wp:term":[{"taxonomy":"category","embeddable":true,"href":"https:\/\/psol50.org.br\/rest\/wp\/v2\/categories?post=41579"},{"taxonomy":"post_tag","embeddable":true,"href":"https:\/\/psol50.org.br\/rest\/wp\/v2\/tags?post=41579"}],"curies":[{"name":"wp","href":"https:\/\/api.w.org\/{rel}","templated":true}]}}