{"id":41591,"date":"2025-08-12T14:33:25","date_gmt":"2025-08-12T17:33:25","guid":{"rendered":"https:\/\/psol50.org.br\/?p=41591"},"modified":"2025-08-15T15:58:05","modified_gmt":"2025-08-15T18:58:05","slug":"recife-pe-recebe-debate-do-psol20-na-sexta-15-com-ativistas-latino-americanos","status":"publish","type":"post","link":"https:\/\/psol50.org.br\/recife-pe-recebe-debate-do-psol20-na-sexta-15-com-ativistas-latino-americanos\/","title":{"rendered":"Recife (PE) recebe debate do PSOL+20 na sexta (15) com ativistas latino-americanos"},"content":{"rendered":"<p>Neste dia 15 de agosto, o PSOL realiza em Recife (PE) o debate \u201cDesafios da esquerda para o s\u00e9culo 21\u201d, que faz parte do PSOL+20, processo de atualiza\u00e7\u00e3o program\u00e1tica do partido.<\/p>\n<p>Para esta edi\u00e7\u00e3o na capital pernambucana, o PSOL+20 receber\u00e1 o porto-riquenho Agust\u00edn Lao-Montes, professor do Centro de Estudos Latino-Americanos e Caribenhos da Universidade de Massachusetts, o argentino Federico Pita, integrante da Rede Malunga e fundador de Di\u00e1spora Africana de Argentina (DIAFAR), e a cubana Zuleica Romay, diretora de Estudos Afro-Americanos da Casa das Am\u00e9ricas.<\/p>\n<p>No di\u00e1logo, que tamb\u00e9m ter\u00e1 a presen\u00e7a da presidenta nacional do PSOL, Paula Coradi, ser\u00e3o discutidos, a partir da \u00f3tica latino-americana, os desafios propostos pelo ciclo de renova\u00e7\u00e3o program\u00e1tica do partido.<\/p>\n<p>Os objetivos partem do princ\u00edpio de entender as novas din\u00e2micas de acumula\u00e7\u00e3o capitalista e seus impactos, barrar o avan\u00e7o da extrema-direita, ter um olhar sobre a composi\u00e7\u00e3o da classe trabalhadora e suas novas possibilidades de organiza\u00e7\u00e3o, incorporar a dimens\u00e3o estrat\u00e9gica de uma nova rela\u00e7\u00e3o com o meio ambiente, compreender os processos que envolvem a era digital e reconstruir bases para refor\u00e7ar os la\u00e7os sociais da luta coletiva.<\/p>\n<p>O \u201cDesafios da esquerda para o s\u00e9culo 21\u201d ser\u00e1 realizado no Audit\u00f3rio do Sindicato dos Trabalhadores e Trabalhadoras em Educa\u00e7\u00e3o de Pernambuco-SINTEPE (Rua General Jos\u00e9 Seme\u00e3o, 41 \u2013 Santo Amaro Recife-PE), entre 19h e 22h. A participa\u00e7\u00e3o \u00e9 aberta a quem tiver interesse.<\/p>\n<p>O PSOL+20 j\u00e1 realizou outros quatro debates para escutar e debater com lideran\u00e7as, autoridades, intelectuais e movimentos, em um processo que subsidiar\u00e1 a atualiza\u00e7\u00e3o program\u00e1tica do partido. O primeiro foi com a abolicionista penal Ruth Gilmore, depois houve uma rodada de debates com a Fepal (Federa\u00e7\u00e3o \u00c1rabe Palestina do Brasil), outra com o partido Fran\u00e7a Insubmissa, al\u00e9m do 2\u00ba Semin\u00e1rio da Negritude do PSOL: Marxismo Negro, em Salvador (BA).<\/p>\n<p>Em setembro, em S\u00e3o Paulo, ser\u00e1 realizado o evento final do PSOL+20 para a aprova\u00e7\u00e3o do novo programa partid\u00e1rio.<\/p>\n<h4><strong>SERVI\u00c7O:<\/strong><\/h4>\n<p class=\"p3\"><em><strong>Desafios da esquerda para o s\u00e9culo 21<\/strong><\/em><\/p>\n<p><strong>RECIFE (PE)<\/strong><br \/>\n<strong>Data:<\/strong> 15 de agosto<br \/>\n<strong>Hora:<\/strong> 19h \u00e0s 22h<br \/>\n<strong>Local:<\/strong> No Audit\u00f3rio do Sindicato dos Trabalhadores e Trabalhadoras em Educa\u00e7\u00e3o de Pernambuco- SINTEPE (Rua General Jos\u00e9 Seme\u00e3o, 41 \u2013 Santo Amaro)<\/p>\n<p><strong>Participantes:<\/strong><br \/>\n1. Zuleica Romay (Cuba &#8211; Casa das Am\u00e9ricas);<br \/>\n2. Augustin Lao-Montes (Porto Rico);<br \/>\n3. Federico Pita (Espa\u00e7o Malcom X, Buenos Aires).<\/p>\n","protected":false},"excerpt":{"rendered":"<p>Neste dia 15 de agosto, o PSOL realiza em Recife (PE) o debate \u201cDesafios da esquerda para o s\u00e9culo 21\u201d, que faz parte do PSOL+20, processo de atualiza\u00e7\u00e3o program\u00e1tica do partido. Para esta edi\u00e7\u00e3o na capital pernambucana, o PSOL+20 receber\u00e1 o porto-riquenho Agust\u00edn Lao-Montes, professor do Centro de Estudos Latino-Americanos e Caribenhos da Universidade de [&hellip;]<\/p>\n","protected":false},"author":2,"featured_media":41595,"comment_status":"closed","ping_status":"open","sticky":false,"template":"","format":"standard","meta":{"_acf_changed":false,"footnotes":""},"categories":[654],"tags":[4825],"class_list":{"0":"post-41591","1":"post","2":"type-post","3":"status-publish","4":"format-standard","5":"has-post-thumbnail","7":"category-estados","8":"tag-noticias"},"acf":[],"yoast_head":"<!-- This site is optimized with the Yoast SEO plugin v26.5 - https:\/\/yoast.com\/wordpress\/plugins\/seo\/ -->\n<title>Recife (PE) recebe debate do PSOL+20 na sexta (15) com ativistas latino-americanos<\/title>\n<meta name=\"description\" content=\"Encontro tem como objetivo coletar subs\u00eddios para atualiza\u00e7\u00e3o program\u00e1tica do partido.\" \/>\n<meta name=\"robots\" content=\"index, follow, max-snippet:-1, max-image-preview:large, max-video-preview:-1\" \/>\n<link rel=\"canonical\" href=\"https:\/\/psol50.org.br\/recife-pe-recebe-debate-do-psol20-na-sexta-15-com-ativistas-latino-americanos\/\" \/>\n<meta property=\"og:locale\" content=\"pt_BR\" \/>\n<meta property=\"og:type\" content=\"article\" \/>\n<meta property=\"og:title\" content=\"Recife (PE) recebe debate do PSOL+20 na sexta (15) com ativistas latino-americanos\" \/>\n<meta property=\"og:description\" content=\"Encontro tem como objetivo coletar subs\u00eddios para atualiza\u00e7\u00e3o program\u00e1tica do partido.\" \/>\n<meta property=\"og:url\" content=\"https:\/\/psol50.org.br\/recife-pe-recebe-debate-do-psol20-na-sexta-15-com-ativistas-latino-americanos\/\" \/>\n<meta property=\"og:site_name\" content=\"PSOL 50\" \/>\n<meta property=\"article:publisher\" content=\"https:\/\/www.facebook.com\/psol50\" \/>\n<meta property=\"article:published_time\" content=\"2025-08-12T17:33:25+00:00\" \/>\n<meta property=\"article:modified_time\" content=\"2025-08-15T18:58:05+00:00\" \/>\n<meta property=\"og:image\" content=\"https:\/\/psol50.org.br\/inc\/uploads\/2025\/08\/photo_2025-07-20-13.24.42.jpeg\" \/>\n\t<meta property=\"og:image:width\" content=\"1280\" \/>\n\t<meta property=\"og:image:height\" content=\"857\" \/>\n\t<meta property=\"og:image:type\" content=\"image\/jpeg\" \/>\n<meta name=\"author\" content=\"Comunica\u00e7\u00e3o PSOL\" \/>\n<meta name=\"twitter:card\" content=\"summary_large_image\" \/>\n<meta name=\"twitter:creator\" content=\"@psol50\" \/>\n<meta name=\"twitter:site\" content=\"@psol50\" \/>\n<meta name=\"twitter:label1\" content=\"Escrito por\" \/>\n\t<meta name=\"twitter:data1\" content=\"Comunica\u00e7\u00e3o PSOL\" \/>\n\t<meta name=\"twitter:label2\" content=\"Est. tempo de leitura\" \/>\n\t<meta name=\"twitter:data2\" content=\"2 minutos\" \/>\n<script type=\"application\/ld+json\" class=\"yoast-schema-graph\">{\"@context\":\"https:\/\/schema.org\",\"@graph\":[{\"@type\":\"Article\",\"@id\":\"https:\/\/psol50.org.br\/recife-pe-recebe-debate-do-psol20-na-sexta-15-com-ativistas-latino-americanos\/#article\",\"isPartOf\":{\"@id\":\"https:\/\/psol50.org.br\/recife-pe-recebe-debate-do-psol20-na-sexta-15-com-ativistas-latino-americanos\/\"},\"author\":{\"name\":\"Comunica\u00e7\u00e3o PSOL\",\"@id\":\"https:\/\/psol50.org.br\/#\/schema\/person\/475dfa57d0b815993c714c2e96491fcd\"},\"headline\":\"Recife (PE) recebe debate do PSOL+20 na sexta (15) com ativistas latino-americanos\",\"datePublished\":\"2025-08-12T17:33:25+00:00\",\"dateModified\":\"2025-08-15T18:58:05+00:00\",\"mainEntityOfPage\":{\"@id\":\"https:\/\/psol50.org.br\/recife-pe-recebe-debate-do-psol20-na-sexta-15-com-ativistas-latino-americanos\/\"},\"wordCount\":419,\"publisher\":{\"@id\":\"https:\/\/psol50.org.br\/#organization\"},\"image\":{\"@id\":\"https:\/\/psol50.org.br\/recife-pe-recebe-debate-do-psol20-na-sexta-15-com-ativistas-latino-americanos\/#primaryimage\"},\"thumbnailUrl\":\"https:\/\/psol50.org.br\/inc\/uploads\/2025\/08\/photo_2025-07-20-13.24.42.jpeg\",\"keywords\":[\"Not\u00edcias\"],\"articleSection\":[\"Estados\"],\"inLanguage\":\"pt-BR\"},{\"@type\":\"WebPage\",\"@id\":\"https:\/\/psol50.org.br\/recife-pe-recebe-debate-do-psol20-na-sexta-15-com-ativistas-latino-americanos\/\",\"url\":\"https:\/\/psol50.org.br\/recife-pe-recebe-debate-do-psol20-na-sexta-15-com-ativistas-latino-americanos\/\",\"name\":\"Recife (PE) recebe debate do PSOL+20 na sexta (15) com ativistas latino-americanos\",\"isPartOf\":{\"@id\":\"https:\/\/psol50.org.br\/#website\"},\"primaryImageOfPage\":{\"@id\":\"https:\/\/psol50.org.br\/recife-pe-recebe-debate-do-psol20-na-sexta-15-com-ativistas-latino-americanos\/#primaryimage\"},\"image\":{\"@id\":\"https:\/\/psol50.org.br\/recife-pe-recebe-debate-do-psol20-na-sexta-15-com-ativistas-latino-americanos\/#primaryimage\"},\"thumbnailUrl\":\"https:\/\/psol50.org.br\/inc\/uploads\/2025\/08\/photo_2025-07-20-13.24.42.jpeg\",\"datePublished\":\"2025-08-12T17:33:25+00:00\",\"dateModified\":\"2025-08-15T18:58:05+00:00\",\"description\":\"Encontro tem como objetivo coletar subs\u00eddios para atualiza\u00e7\u00e3o program\u00e1tica do partido.\",\"breadcrumb\":{\"@id\":\"https:\/\/psol50.org.br\/recife-pe-recebe-debate-do-psol20-na-sexta-15-com-ativistas-latino-americanos\/#breadcrumb\"},\"inLanguage\":\"pt-BR\",\"potentialAction\":[{\"@type\":\"ReadAction\",\"target\":[\"https:\/\/psol50.org.br\/recife-pe-recebe-debate-do-psol20-na-sexta-15-com-ativistas-latino-americanos\/\"]}]},{\"@type\":\"ImageObject\",\"inLanguage\":\"pt-BR\",\"@id\":\"https:\/\/psol50.org.br\/recife-pe-recebe-debate-do-psol20-na-sexta-15-com-ativistas-latino-americanos\/#primaryimage\",\"url\":\"https:\/\/psol50.org.br\/inc\/uploads\/2025\/08\/photo_2025-07-20-13.24.42.jpeg\",\"contentUrl\":\"https:\/\/psol50.org.br\/inc\/uploads\/2025\/08\/photo_2025-07-20-13.24.42.jpeg\",\"width\":1280,\"height\":857,\"caption\":\"Foto: Manuela Cavadas\"},{\"@type\":\"BreadcrumbList\",\"@id\":\"https:\/\/psol50.org.br\/recife-pe-recebe-debate-do-psol20-na-sexta-15-com-ativistas-latino-americanos\/#breadcrumb\",\"itemListElement\":[{\"@type\":\"ListItem\",\"position\":1,\"name\":\"In\u00edcio\",\"item\":\"https:\/\/psol50.org.br\/\"},{\"@type\":\"ListItem\",\"position\":2,\"name\":\"Recife (PE) recebe debate do PSOL+20 na sexta (15) com ativistas latino-americanos\"}]},{\"@type\":\"WebSite\",\"@id\":\"https:\/\/psol50.org.br\/#website\",\"url\":\"https:\/\/psol50.org.br\/\",\"name\":\"PSOL 50\",\"description\":\"Site oficial do Partido Socialismo e Liberdade\",\"publisher\":{\"@id\":\"https:\/\/psol50.org.br\/#organization\"},\"alternateName\":\"PSOL50\",\"potentialAction\":[{\"@type\":\"SearchAction\",\"target\":{\"@type\":\"EntryPoint\",\"urlTemplate\":\"https:\/\/psol50.org.br\/?s={search_term_string}\"},\"query-input\":{\"@type\":\"PropertyValueSpecification\",\"valueRequired\":true,\"valueName\":\"search_term_string\"}}],\"inLanguage\":\"pt-BR\"},{\"@type\":\"Organization\",\"@id\":\"https:\/\/psol50.org.br\/#organization\",\"name\":\"PSOL 50\",\"alternateName\":\"PSOL 50\",\"url\":\"https:\/\/psol50.org.br\/\",\"logo\":{\"@type\":\"ImageObject\",\"inLanguage\":\"pt-BR\",\"@id\":\"https:\/\/psol50.org.br\/#\/schema\/logo\/image\/\",\"url\":\"https:\/\/psol50.org.br\/inc\/uploads\/2018\/07\/capa.png\",\"contentUrl\":\"https:\/\/psol50.org.br\/inc\/uploads\/2018\/07\/capa.png\",\"width\":1350,\"height\":900,\"caption\":\"PSOL 50\"},\"image\":{\"@id\":\"https:\/\/psol50.org.br\/#\/schema\/logo\/image\/\"},\"sameAs\":[\"https:\/\/www.facebook.com\/psol50\",\"https:\/\/x.com\/psol50\",\"https:\/\/www.instagram.com\/psol50\/\",\"https:\/\/www.youtube.com\/channel\/UC7SnJS5o1os7a6CaiNabzcg\"]},{\"@type\":\"Person\",\"@id\":\"https:\/\/psol50.org.br\/#\/schema\/person\/475dfa57d0b815993c714c2e96491fcd\",\"name\":\"Comunica\u00e7\u00e3o PSOL\",\"image\":{\"@type\":\"ImageObject\",\"inLanguage\":\"pt-BR\",\"@id\":\"https:\/\/psol50.org.br\/#\/schema\/person\/image\/\",\"url\":\"https:\/\/secure.gravatar.com\/avatar\/b34fc4f4e468a4e51785917065a3db57b841f5c95dba6ad8c73aaf8f66f8f9bf?s=96&d=mm&r=g\",\"contentUrl\":\"https:\/\/secure.gravatar.com\/avatar\/b34fc4f4e468a4e51785917065a3db57b841f5c95dba6ad8c73aaf8f66f8f9bf?s=96&d=mm&r=g\",\"caption\":\"Comunica\u00e7\u00e3o PSOL\"}}]}<\/script>\n<!-- \/ Yoast SEO plugin. -->","yoast_head_json":{"title":"Recife (PE) recebe debate do PSOL+20 na sexta (15) com ativistas latino-americanos","description":"Encontro tem como objetivo coletar subs\u00eddios para atualiza\u00e7\u00e3o program\u00e1tica do partido.","robots":{"index":"index","follow":"follow","max-snippet":"max-snippet:-1","max-image-preview":"max-image-preview:large","max-video-preview":"max-video-preview:-1"},"canonical":"https:\/\/psol50.org.br\/recife-pe-recebe-debate-do-psol20-na-sexta-15-com-ativistas-latino-americanos\/","og_locale":"pt_BR","og_type":"article","og_title":"Recife (PE) recebe debate do PSOL+20 na sexta (15) com ativistas latino-americanos","og_description":"Encontro tem como objetivo coletar subs\u00eddios para atualiza\u00e7\u00e3o program\u00e1tica do partido.","og_url":"https:\/\/psol50.org.br\/recife-pe-recebe-debate-do-psol20-na-sexta-15-com-ativistas-latino-americanos\/","og_site_name":"PSOL 50","article_publisher":"https:\/\/www.facebook.com\/psol50","article_published_time":"2025-08-12T17:33:25+00:00","article_modified_time":"2025-08-15T18:58:05+00:00","og_image":[{"width":1280,"height":857,"url":"https:\/\/psol50.org.br\/inc\/uploads\/2025\/08\/photo_2025-07-20-13.24.42.jpeg","type":"image\/jpeg"}],"author":"Comunica\u00e7\u00e3o PSOL","twitter_card":"summary_large_image","twitter_creator":"@psol50","twitter_site":"@psol50","twitter_misc":{"Escrito por":"Comunica\u00e7\u00e3o PSOL","Est. tempo de leitura":"2 minutos"},"schema":{"@context":"https:\/\/schema.org","@graph":[{"@type":"Article","@id":"https:\/\/psol50.org.br\/recife-pe-recebe-debate-do-psol20-na-sexta-15-com-ativistas-latino-americanos\/#article","isPartOf":{"@id":"https:\/\/psol50.org.br\/recife-pe-recebe-debate-do-psol20-na-sexta-15-com-ativistas-latino-americanos\/"},"author":{"name":"Comunica\u00e7\u00e3o PSOL","@id":"https:\/\/psol50.org.br\/#\/schema\/person\/475dfa57d0b815993c714c2e96491fcd"},"headline":"Recife (PE) recebe debate do PSOL+20 na sexta (15) com ativistas latino-americanos","datePublished":"2025-08-12T17:33:25+00:00","dateModified":"2025-08-15T18:58:05+00:00","mainEntityOfPage":{"@id":"https:\/\/psol50.org.br\/recife-pe-recebe-debate-do-psol20-na-sexta-15-com-ativistas-latino-americanos\/"},"wordCount":419,"publisher":{"@id":"https:\/\/psol50.org.br\/#organization"},"image":{"@id":"https:\/\/psol50.org.br\/recife-pe-recebe-debate-do-psol20-na-sexta-15-com-ativistas-latino-americanos\/#primaryimage"},"thumbnailUrl":"https:\/\/psol50.org.br\/inc\/uploads\/2025\/08\/photo_2025-07-20-13.24.42.jpeg","keywords":["Not\u00edcias"],"articleSection":["Estados"],"inLanguage":"pt-BR"},{"@type":"WebPage","@id":"https:\/\/psol50.org.br\/recife-pe-recebe-debate-do-psol20-na-sexta-15-com-ativistas-latino-americanos\/","url":"https:\/\/psol50.org.br\/recife-pe-recebe-debate-do-psol20-na-sexta-15-com-ativistas-latino-americanos\/","name":"Recife (PE) recebe debate do PSOL+20 na sexta (15) com ativistas latino-americanos","isPartOf":{"@id":"https:\/\/psol50.org.br\/#website"},"primaryImageOfPage":{"@id":"https:\/\/psol50.org.br\/recife-pe-recebe-debate-do-psol20-na-sexta-15-com-ativistas-latino-americanos\/#primaryimage"},"image":{"@id":"https:\/\/psol50.org.br\/recife-pe-recebe-debate-do-psol20-na-sexta-15-com-ativistas-latino-americanos\/#primaryimage"},"thumbnailUrl":"https:\/\/psol50.org.br\/inc\/uploads\/2025\/08\/photo_2025-07-20-13.24.42.jpeg","datePublished":"2025-08-12T17:33:25+00:00","dateModified":"2025-08-15T18:58:05+00:00","description":"Encontro tem como objetivo coletar subs\u00eddios para atualiza\u00e7\u00e3o program\u00e1tica do partido.","breadcrumb":{"@id":"https:\/\/psol50.org.br\/recife-pe-recebe-debate-do-psol20-na-sexta-15-com-ativistas-latino-americanos\/#breadcrumb"},"inLanguage":"pt-BR","potentialAction":[{"@type":"ReadAction","target":["https:\/\/psol50.org.br\/recife-pe-recebe-debate-do-psol20-na-sexta-15-com-ativistas-latino-americanos\/"]}]},{"@type":"ImageObject","inLanguage":"pt-BR","@id":"https:\/\/psol50.org.br\/recife-pe-recebe-debate-do-psol20-na-sexta-15-com-ativistas-latino-americanos\/#primaryimage","url":"https:\/\/psol50.org.br\/inc\/uploads\/2025\/08\/photo_2025-07-20-13.24.42.jpeg","contentUrl":"https:\/\/psol50.org.br\/inc\/uploads\/2025\/08\/photo_2025-07-20-13.24.42.jpeg","width":1280,"height":857,"caption":"Foto: Manuela Cavadas"},{"@type":"BreadcrumbList","@id":"https:\/\/psol50.org.br\/recife-pe-recebe-debate-do-psol20-na-sexta-15-com-ativistas-latino-americanos\/#breadcrumb","itemListElement":[{"@type":"ListItem","position":1,"name":"In\u00edcio","item":"https:\/\/psol50.org.br\/"},{"@type":"ListItem","position":2,"name":"Recife (PE) recebe debate do PSOL+20 na sexta (15) com ativistas latino-americanos"}]},{"@type":"WebSite","@id":"https:\/\/psol50.org.br\/#website","url":"https:\/\/psol50.org.br\/","name":"PSOL 50","description":"Site oficial do Partido Socialismo e Liberdade","publisher":{"@id":"https:\/\/psol50.org.br\/#organization"},"alternateName":"PSOL50","potentialAction":[{"@type":"SearchAction","target":{"@type":"EntryPoint","urlTemplate":"https:\/\/psol50.org.br\/?s={search_term_string}"},"query-input":{"@type":"PropertyValueSpecification","valueRequired":true,"valueName":"search_term_string"}}],"inLanguage":"pt-BR"},{"@type":"Organization","@id":"https:\/\/psol50.org.br\/#organization","name":"PSOL 50","alternateName":"PSOL 50","url":"https:\/\/psol50.org.br\/","logo":{"@type":"ImageObject","inLanguage":"pt-BR","@id":"https:\/\/psol50.org.br\/#\/schema\/logo\/image\/","url":"https:\/\/psol50.org.br\/inc\/uploads\/2018\/07\/capa.png","contentUrl":"https:\/\/psol50.org.br\/inc\/uploads\/2018\/07\/capa.png","width":1350,"height":900,"caption":"PSOL 50"},"image":{"@id":"https:\/\/psol50.org.br\/#\/schema\/logo\/image\/"},"sameAs":["https:\/\/www.facebook.com\/psol50","https:\/\/x.com\/psol50","https:\/\/www.instagram.com\/psol50\/","https:\/\/www.youtube.com\/channel\/UC7SnJS5o1os7a6CaiNabzcg"]},{"@type":"Person","@id":"https:\/\/psol50.org.br\/#\/schema\/person\/475dfa57d0b815993c714c2e96491fcd","name":"Comunica\u00e7\u00e3o PSOL","image":{"@type":"ImageObject","inLanguage":"pt-BR","@id":"https:\/\/psol50.org.br\/#\/schema\/person\/image\/","url":"https:\/\/secure.gravatar.com\/avatar\/b34fc4f4e468a4e51785917065a3db57b841f5c95dba6ad8c73aaf8f66f8f9bf?s=96&d=mm&r=g","contentUrl":"https:\/\/secure.gravatar.com\/avatar\/b34fc4f4e468a4e51785917065a3db57b841f5c95dba6ad8c73aaf8f66f8f9bf?s=96&d=mm&r=g","caption":"Comunica\u00e7\u00e3o PSOL"}}]}},"_links":{"self":[{"href":"https:\/\/psol50.org.br\/rest\/wp\/v2\/posts\/41591","targetHints":{"allow":["GET"]}}],"collection":[{"href":"https:\/\/psol50.org.br\/rest\/wp\/v2\/posts"}],"about":[{"href":"https:\/\/psol50.org.br\/rest\/wp\/v2\/types\/post"}],"author":[{"embeddable":true,"href":"https:\/\/psol50.org.br\/rest\/wp\/v2\/users\/2"}],"replies":[{"embeddable":true,"href":"https:\/\/psol50.org.br\/rest\/wp\/v2\/comments?post=41591"}],"version-history":[{"count":3,"href":"https:\/\/psol50.org.br\/rest\/wp\/v2\/posts\/41591\/revisions"}],"predecessor-version":[{"id":41594,"href":"https:\/\/psol50.org.br\/rest\/wp\/v2\/posts\/41591\/revisions\/41594"}],"wp:featuredmedia":[{"embeddable":true,"href":"https:\/\/psol50.org.br\/rest\/wp\/v2\/media\/41595"}],"wp:attachment":[{"href":"https:\/\/psol50.org.br\/rest\/wp\/v2\/media?parent=41591"}],"wp:term":[{"taxonomy":"category","embeddable":true,"href":"https:\/\/psol50.org.br\/rest\/wp\/v2\/categories?post=41591"},{"taxonomy":"post_tag","embeddable":true,"href":"https:\/\/psol50.org.br\/rest\/wp\/v2\/tags?post=41591"}],"curies":[{"name":"wp","href":"https:\/\/api.w.org\/{rel}","templated":true}]}}