{"id":416,"date":"2011-05-17T00:00:00","date_gmt":"2011-05-17T00:00:00","guid":{"rendered":"http:\/\/psol50.org.br\/arquivo\/2011\/05\/17\/repressao-militar-israelita-faz-17-vitimas-mortais-palestinas-no-63-aniversario-da-nakba\/"},"modified":"2011-05-17T00:00:00","modified_gmt":"2011-05-17T00:00:00","slug":"repressao-militar-israelita-faz-17-vitimas-mortais-palestinas-no-63-aniversario-da-nakba","status":"publish","type":"post","link":"https:\/\/psol50.org.br\/repressao-militar-israelita-faz-17-vitimas-mortais-palestinas-no-63-aniversario-da-nakba\/","title":{"rendered":"Repress\u00e3o militar israelita faz 17 v\u00edtimas mortais palestinas no 63 anivers\u00e1rio da Nakba"},"content":{"rendered":"<p><a rel=\"attachment wp-att-8344\" href=\"http:\/\/psol50.org.br\/blog\/2011\/05\/17\/repressao-militar-israelita-faz-17-vitimas-mortais-palestinas-no-63-aniversario-da-nakba\/sionistasassassinam17\/\"><img loading=\"lazy\" decoding=\"async\" class=\"aligncenter size-full wp-image-8344\" src=\"http:\/\/psol50.org.br\/files\/2011\/05\/SionistasAssassinam17.jpg\" alt=\"\" width=\"400\" height=\"267\" \/><\/a><\/p>\n<p>Ao menos 17 palestinos perderam a vida neste domingo (15 de maio)\u00a0 pelos tiros do Ex\u00e9rcito de Israel, que disparou contra centenas de manifestantes que marchavam em v\u00e1rios pontos fronteiri\u00e7os para comemorar os 63 anos da cat\u00e1strofe ou do Nakba, quando por mandato de Na\u00e7\u00f5es Unidas se criou o Estado de Israel e se iniciou a expuls\u00e3o de milhares de pessoas.<\/p>\n<p>O rep\u00f3rter de teleSUR no M\u00e9dio Oriente, Hisham Wannous, informou neste domingo que em uma zona de S\u00edria fronteira com Israel se registraram quatro mortos.<\/p>\n<p>Assim mesmo, Wannous indicou que &#8220;esta jornada de viol\u00eancia de hoje poder\u00e1 continuar amanh\u00e3 (segunda-feira) e na ter\u00e7a-feira&#8221;, sendo prov\u00e1vel que n\u00famero de v\u00edtimas fatais aumente ante a repress\u00e3o militar israelense.<\/p>\n<p>Por sua vez, o Ex\u00e9rcito liban\u00eas anunciou neste domingo que 10 pessoas morreram e 112 resultaram feridas pelos disparos israelenses na fronteira entre L\u00edbano e Israel.<\/p>\n<p>&#8220;Apesar das estritas medidas tomadas pelo Ex\u00e9rcito liban\u00eas na regi\u00e3o de Marun Ar Ras para acompanhar os manifestantes com motivo da Nakba, as for\u00e7as do inimigo israelense dispararam em dire\u00e7\u00e3o dos manifestantes causando a morte de 10 pessoas e feridas a outras 112, algumas de gravidade&#8221;, assinala um comunicado militar.<\/p>\n<p>&#8220;As unidades do Ex\u00e9rcito foram postas em estado de alerta m\u00e1xima e se por\u00e3o em coordena\u00e7\u00e3o total com a For\u00e7a de Na\u00e7\u00f5es Unidas (estacionadas no sul de L\u00edbano)&#8221;, agrega o texto.<\/p>\n<p>Em Gaza, onde tamb\u00e9m teve manifesta\u00e7\u00f5es pela Nakba, ao menos uma pessoa morreu e 45 ficaram feridas por disparos de soldados israelenses durante uma marcha para a passagem fronteiri\u00e7a israelense de Eretz, indicaram servi\u00e7os m\u00e9dicos palestinos.<\/p>\n<p>Entretanto, nos Altos do Gol\u00e1n, territ\u00f3rio s\u00edrio ocupado desde 1967 por Israel, dois manifestantes chegados da S\u00edria foram mortos, enquanto quatro ficaram gravemente feridos pelos disparos israelenses, indicaram fontes m\u00e9dicas.<\/p>\n<p>Milhares de manifestantes tinham-se concentrado na linha de alto o fogo para o 63 anivers\u00e1rio da Nakba.<\/p>\n<p>Este \u00e9 o primeiro ano desde 2007 em que as diferentes fa\u00e7\u00f5es palestinas se unem na faixa de Gaza para organizar atos conjuntos em comemora\u00e7\u00e3o dos 63 anos do dia da cat\u00e1strofe ou do Nakba.<\/p>\n<p>Ataque cont\u00ednuo<\/p>\n<p>O analista em temas do M\u00e9dio Oriente, George Zade explicou em entrevista para teleSUR que a repress\u00e3o do Ex\u00e9rcito israelense &#8220;n\u00e3o \u00e9 nenhuma exce\u00e7\u00e3o, \u00e9 algo cont\u00ednuo desde que come\u00e7aram a invadir a Palestina (&#8230;) Os massacres existiram antes da cria\u00e7\u00e3o do Estado de Israel&#8221;.<\/p>\n<p>Os deslocados palestinos representam &#8220;50 por cento dos refugiados no mundo&#8221;, indicou, pelo qual &#8220;\u00e9 incr\u00edvel que a comunidade internacional fale de direitos humanos e tenham freado este tema dos palestinos&#8221;.<\/p>\n<p>A comunidade internacional &#8220;tem que dar um passo da aplica\u00e7\u00e3o das resolu\u00e7\u00f5es 194 e 3.236 para que os palestinos voltem a seus lares&#8221;, manifestou o analista.<\/p>\n<p>Em 1948, Na\u00e7\u00f5es Unidas estabeleceu uma resolu\u00e7\u00e3o que dava o direito aos deslocados palestinos para que retornassem a seus lares, no entanto &#8220;esta nunca foi aplicada porque Israel sempre se negou&#8221;, explicou Zade.<\/p>\n<p>Posteriormente, em 1974, criou-se o decreto 3.236 que estabelece o direito inalien\u00e1vel de que &#8220;refugiados palestinos retornem a seu territ\u00f3rio, mas isto tamb\u00e9m n\u00e3o se cumpriu&#8221;.<\/p>\n<p>&#8220;Negociar o futuro do invasor, os direitos de um povo n\u00e3o s\u00e3o negoci\u00e1veis&#8221;, sentenciou.<\/p>\n<p>&#8220;Nem Estados Unidos, nem Na\u00e7\u00f5es Unidas, nem Israel podem negar o direito \u00e0 volta dos refugiados palestinos a seu territ\u00f3rio&#8221;, manifestou o analista.<\/p>\n<p>A luta do povo palestino pela recupera\u00e7\u00e3o de seu territ\u00f3rio remonta ao s\u00e9culo passado.<\/p>\n<p>A invadida Jesrusal\u00e9m Leste, Gaza e Cisjord\u00e2nia, que somam ao todo seis mil e 200 quil\u00f4metros quadrados, dos cerca de 15 mil que inicialmente pertenciam aos palestinos, foram os \u00fanicos territ\u00f3rios que ficaram a este povo depois de que a Organiza\u00e7\u00e3o das Na\u00e7\u00f5es Unidas (ONU) decidisse no ano 1948 partir o territ\u00f3rio para entregar uma parte a Israel.<\/p>\n<p>Em junho de 1967, durante a Guerra dos Seis Dias, Israel invadiu Jerusal\u00e9m Este, que era atribu\u00edda a Palestina. Este territ\u00f3rio ainda se mant\u00e9m ocupado com uma persistente e profunda crise humanit\u00e1ria devido \u00e0s agress\u00f5es de Tel Aviv.<\/p>\n<p>\u00c9 mundialmente conhecida, e at\u00e9 criticada por Estados Unidos (EUA), aliado incondicional de Israel, a constru\u00e7\u00e3o de milhares assentamentos judeus em Jerusal\u00e9m Este, para o qual tropas e autoridades civis israelenses desalojaram os palestinos residentes pela for\u00e7a.<\/p>\n<p>Fonte: Di\u00e1rio Liberdade\u00a0 http:\/\/www.diarioliberdade.org\/index.php?option=com_content&amp;amp;view=article&amp;amp;id=15618:repressao-militar-israelita-faz-17-vitimas-mortais-palestinas-no-63-aniversario-da-nakba&amp;amp;catid=257:repressom-e-direitos-humanos&amp;amp;Itemid=131&amp;sms_ss=twitter&amp;at_xt=4dd25aaf71cf7592,0<\/p>\n","protected":false},"excerpt":{"rendered":"<p>Ao menos 17 palestinos perderam a vida neste domingo (15 de maio)\u00a0 pelos tiros do Ex\u00e9rcito de Israel, que disparou contra centenas de manifestantes que marchavam em v\u00e1rios pontos fronteiri\u00e7os para comemorar os 63 anos da cat\u00e1strofe ou do Nakba, quando por mandato de Na\u00e7\u00f5es Unidas se criou o Estado de Israel e se iniciou [&hellip;]<\/p>\n","protected":false},"author":2,"featured_media":0,"comment_status":"open","ping_status":"open","sticky":false,"template":"","format":"standard","meta":{"_acf_changed":false,"footnotes":""},"categories":[4766],"tags":[],"class_list":{"0":"post-416","1":"post","2":"type-post","3":"status-publish","4":"format-standard","6":"category-arquivo"},"acf":[],"yoast_head":"<!-- This site is optimized with the Yoast SEO plugin v26.5 - https:\/\/yoast.com\/wordpress\/plugins\/seo\/ -->\n<title>Repress\u00e3o militar israelita faz 17 v\u00edtimas mortais palestinas no 63 anivers\u00e1rio da Nakba - PSOL 50<\/title>\n<meta name=\"robots\" content=\"index, follow, max-snippet:-1, max-image-preview:large, max-video-preview:-1\" \/>\n<link rel=\"canonical\" href=\"https:\/\/psol50.org.br\/repressao-militar-israelita-faz-17-vitimas-mortais-palestinas-no-63-aniversario-da-nakba\/\" \/>\n<meta property=\"og:locale\" content=\"pt_BR\" \/>\n<meta property=\"og:type\" content=\"article\" \/>\n<meta property=\"og:title\" content=\"Repress\u00e3o militar israelita faz 17 v\u00edtimas mortais palestinas no 63 anivers\u00e1rio da Nakba - PSOL 50\" \/>\n<meta property=\"og:description\" content=\"Ao menos 17 palestinos perderam a vida neste domingo (15 de maio)\u00a0 pelos tiros do Ex\u00e9rcito de Israel, que disparou contra centenas de manifestantes que marchavam em v\u00e1rios pontos fronteiri\u00e7os para comemorar os 63 anos da cat\u00e1strofe ou do Nakba, quando por mandato de Na\u00e7\u00f5es Unidas se criou o Estado de Israel e se iniciou [&hellip;]\" \/>\n<meta property=\"og:url\" content=\"https:\/\/psol50.org.br\/repressao-militar-israelita-faz-17-vitimas-mortais-palestinas-no-63-aniversario-da-nakba\/\" \/>\n<meta property=\"og:site_name\" content=\"PSOL 50\" \/>\n<meta property=\"article:publisher\" content=\"https:\/\/www.facebook.com\/psol50\" \/>\n<meta property=\"article:published_time\" content=\"2011-05-17T00:00:00+00:00\" \/>\n<meta property=\"og:image\" content=\"http:\/\/psol50.org.br\/files\/2011\/05\/SionistasAssassinam17.jpg\" \/>\n<meta name=\"author\" content=\"Comunica\u00e7\u00e3o PSOL\" \/>\n<meta name=\"twitter:card\" content=\"summary_large_image\" \/>\n<meta name=\"twitter:creator\" content=\"@psol50\" \/>\n<meta name=\"twitter:site\" content=\"@psol50\" \/>\n<meta name=\"twitter:label1\" content=\"Escrito por\" \/>\n\t<meta name=\"twitter:data1\" content=\"Comunica\u00e7\u00e3o PSOL\" \/>\n\t<meta name=\"twitter:label2\" content=\"Est. tempo de leitura\" \/>\n\t<meta name=\"twitter:data2\" content=\"4 minutos\" \/>\n<script type=\"application\/ld+json\" class=\"yoast-schema-graph\">{\"@context\":\"https:\/\/schema.org\",\"@graph\":[{\"@type\":\"Article\",\"@id\":\"https:\/\/psol50.org.br\/repressao-militar-israelita-faz-17-vitimas-mortais-palestinas-no-63-aniversario-da-nakba\/#article\",\"isPartOf\":{\"@id\":\"https:\/\/psol50.org.br\/repressao-militar-israelita-faz-17-vitimas-mortais-palestinas-no-63-aniversario-da-nakba\/\"},\"author\":{\"name\":\"Comunica\u00e7\u00e3o PSOL\",\"@id\":\"https:\/\/psol50.org.br\/#\/schema\/person\/475dfa57d0b815993c714c2e96491fcd\"},\"headline\":\"Repress\u00e3o militar israelita faz 17 v\u00edtimas mortais palestinas no 63 anivers\u00e1rio da Nakba\",\"datePublished\":\"2011-05-17T00:00:00+00:00\",\"mainEntityOfPage\":{\"@id\":\"https:\/\/psol50.org.br\/repressao-militar-israelita-faz-17-vitimas-mortais-palestinas-no-63-aniversario-da-nakba\/\"},\"wordCount\":800,\"commentCount\":0,\"publisher\":{\"@id\":\"https:\/\/psol50.org.br\/#organization\"},\"image\":{\"@id\":\"https:\/\/psol50.org.br\/repressao-militar-israelita-faz-17-vitimas-mortais-palestinas-no-63-aniversario-da-nakba\/#primaryimage\"},\"thumbnailUrl\":\"http:\/\/psol50.org.br\/files\/2011\/05\/SionistasAssassinam17.jpg\",\"articleSection\":[\"Arquivo\"],\"inLanguage\":\"pt-BR\",\"potentialAction\":[{\"@type\":\"CommentAction\",\"name\":\"Comment\",\"target\":[\"https:\/\/psol50.org.br\/repressao-militar-israelita-faz-17-vitimas-mortais-palestinas-no-63-aniversario-da-nakba\/#respond\"]}]},{\"@type\":\"WebPage\",\"@id\":\"https:\/\/psol50.org.br\/repressao-militar-israelita-faz-17-vitimas-mortais-palestinas-no-63-aniversario-da-nakba\/\",\"url\":\"https:\/\/psol50.org.br\/repressao-militar-israelita-faz-17-vitimas-mortais-palestinas-no-63-aniversario-da-nakba\/\",\"name\":\"Repress\u00e3o militar israelita faz 17 v\u00edtimas mortais palestinas no 63 anivers\u00e1rio da Nakba - PSOL 50\",\"isPartOf\":{\"@id\":\"https:\/\/psol50.org.br\/#website\"},\"primaryImageOfPage\":{\"@id\":\"https:\/\/psol50.org.br\/repressao-militar-israelita-faz-17-vitimas-mortais-palestinas-no-63-aniversario-da-nakba\/#primaryimage\"},\"image\":{\"@id\":\"https:\/\/psol50.org.br\/repressao-militar-israelita-faz-17-vitimas-mortais-palestinas-no-63-aniversario-da-nakba\/#primaryimage\"},\"thumbnailUrl\":\"http:\/\/psol50.org.br\/files\/2011\/05\/SionistasAssassinam17.jpg\",\"datePublished\":\"2011-05-17T00:00:00+00:00\",\"breadcrumb\":{\"@id\":\"https:\/\/psol50.org.br\/repressao-militar-israelita-faz-17-vitimas-mortais-palestinas-no-63-aniversario-da-nakba\/#breadcrumb\"},\"inLanguage\":\"pt-BR\",\"potentialAction\":[{\"@type\":\"ReadAction\",\"target\":[\"https:\/\/psol50.org.br\/repressao-militar-israelita-faz-17-vitimas-mortais-palestinas-no-63-aniversario-da-nakba\/\"]}]},{\"@type\":\"ImageObject\",\"inLanguage\":\"pt-BR\",\"@id\":\"https:\/\/psol50.org.br\/repressao-militar-israelita-faz-17-vitimas-mortais-palestinas-no-63-aniversario-da-nakba\/#primaryimage\",\"url\":\"http:\/\/psol50.org.br\/files\/2011\/05\/SionistasAssassinam17.jpg\",\"contentUrl\":\"http:\/\/psol50.org.br\/files\/2011\/05\/SionistasAssassinam17.jpg\"},{\"@type\":\"BreadcrumbList\",\"@id\":\"https:\/\/psol50.org.br\/repressao-militar-israelita-faz-17-vitimas-mortais-palestinas-no-63-aniversario-da-nakba\/#breadcrumb\",\"itemListElement\":[{\"@type\":\"ListItem\",\"position\":1,\"name\":\"In\u00edcio\",\"item\":\"https:\/\/psol50.org.br\/\"},{\"@type\":\"ListItem\",\"position\":2,\"name\":\"Repress\u00e3o militar israelita faz 17 v\u00edtimas mortais palestinas no 63 anivers\u00e1rio da Nakba\"}]},{\"@type\":\"WebSite\",\"@id\":\"https:\/\/psol50.org.br\/#website\",\"url\":\"https:\/\/psol50.org.br\/\",\"name\":\"PSOL 50\",\"description\":\"Site oficial do Partido Socialismo e Liberdade\",\"publisher\":{\"@id\":\"https:\/\/psol50.org.br\/#organization\"},\"alternateName\":\"PSOL50\",\"potentialAction\":[{\"@type\":\"SearchAction\",\"target\":{\"@type\":\"EntryPoint\",\"urlTemplate\":\"https:\/\/psol50.org.br\/?s={search_term_string}\"},\"query-input\":{\"@type\":\"PropertyValueSpecification\",\"valueRequired\":true,\"valueName\":\"search_term_string\"}}],\"inLanguage\":\"pt-BR\"},{\"@type\":\"Organization\",\"@id\":\"https:\/\/psol50.org.br\/#organization\",\"name\":\"PSOL 50\",\"alternateName\":\"PSOL 50\",\"url\":\"https:\/\/psol50.org.br\/\",\"logo\":{\"@type\":\"ImageObject\",\"inLanguage\":\"pt-BR\",\"@id\":\"https:\/\/psol50.org.br\/#\/schema\/logo\/image\/\",\"url\":\"https:\/\/psol50.org.br\/inc\/uploads\/2018\/07\/capa.png\",\"contentUrl\":\"https:\/\/psol50.org.br\/inc\/uploads\/2018\/07\/capa.png\",\"width\":1350,\"height\":900,\"caption\":\"PSOL 50\"},\"image\":{\"@id\":\"https:\/\/psol50.org.br\/#\/schema\/logo\/image\/\"},\"sameAs\":[\"https:\/\/www.facebook.com\/psol50\",\"https:\/\/x.com\/psol50\",\"https:\/\/www.instagram.com\/psol50\/\",\"https:\/\/www.youtube.com\/channel\/UC7SnJS5o1os7a6CaiNabzcg\"]},{\"@type\":\"Person\",\"@id\":\"https:\/\/psol50.org.br\/#\/schema\/person\/475dfa57d0b815993c714c2e96491fcd\",\"name\":\"Comunica\u00e7\u00e3o PSOL\",\"image\":{\"@type\":\"ImageObject\",\"inLanguage\":\"pt-BR\",\"@id\":\"https:\/\/psol50.org.br\/#\/schema\/person\/image\/\",\"url\":\"https:\/\/secure.gravatar.com\/avatar\/b34fc4f4e468a4e51785917065a3db57b841f5c95dba6ad8c73aaf8f66f8f9bf?s=96&d=mm&r=g\",\"contentUrl\":\"https:\/\/secure.gravatar.com\/avatar\/b34fc4f4e468a4e51785917065a3db57b841f5c95dba6ad8c73aaf8f66f8f9bf?s=96&d=mm&r=g\",\"caption\":\"Comunica\u00e7\u00e3o PSOL\"}}]}<\/script>\n<!-- \/ Yoast SEO plugin. -->","yoast_head_json":{"title":"Repress\u00e3o militar israelita faz 17 v\u00edtimas mortais palestinas no 63 anivers\u00e1rio da Nakba - PSOL 50","robots":{"index":"index","follow":"follow","max-snippet":"max-snippet:-1","max-image-preview":"max-image-preview:large","max-video-preview":"max-video-preview:-1"},"canonical":"https:\/\/psol50.org.br\/repressao-militar-israelita-faz-17-vitimas-mortais-palestinas-no-63-aniversario-da-nakba\/","og_locale":"pt_BR","og_type":"article","og_title":"Repress\u00e3o militar israelita faz 17 v\u00edtimas mortais palestinas no 63 anivers\u00e1rio da Nakba - PSOL 50","og_description":"Ao menos 17 palestinos perderam a vida neste domingo (15 de maio)\u00a0 pelos tiros do Ex\u00e9rcito de Israel, que disparou contra centenas de manifestantes que marchavam em v\u00e1rios pontos fronteiri\u00e7os para comemorar os 63 anos da cat\u00e1strofe ou do Nakba, quando por mandato de Na\u00e7\u00f5es Unidas se criou o Estado de Israel e se iniciou [&hellip;]","og_url":"https:\/\/psol50.org.br\/repressao-militar-israelita-faz-17-vitimas-mortais-palestinas-no-63-aniversario-da-nakba\/","og_site_name":"PSOL 50","article_publisher":"https:\/\/www.facebook.com\/psol50","article_published_time":"2011-05-17T00:00:00+00:00","og_image":[{"url":"http:\/\/psol50.org.br\/files\/2011\/05\/SionistasAssassinam17.jpg","type":"","width":"","height":""}],"author":"Comunica\u00e7\u00e3o PSOL","twitter_card":"summary_large_image","twitter_creator":"@psol50","twitter_site":"@psol50","twitter_misc":{"Escrito por":"Comunica\u00e7\u00e3o PSOL","Est. tempo de leitura":"4 minutos"},"schema":{"@context":"https:\/\/schema.org","@graph":[{"@type":"Article","@id":"https:\/\/psol50.org.br\/repressao-militar-israelita-faz-17-vitimas-mortais-palestinas-no-63-aniversario-da-nakba\/#article","isPartOf":{"@id":"https:\/\/psol50.org.br\/repressao-militar-israelita-faz-17-vitimas-mortais-palestinas-no-63-aniversario-da-nakba\/"},"author":{"name":"Comunica\u00e7\u00e3o PSOL","@id":"https:\/\/psol50.org.br\/#\/schema\/person\/475dfa57d0b815993c714c2e96491fcd"},"headline":"Repress\u00e3o militar israelita faz 17 v\u00edtimas mortais palestinas no 63 anivers\u00e1rio da Nakba","datePublished":"2011-05-17T00:00:00+00:00","mainEntityOfPage":{"@id":"https:\/\/psol50.org.br\/repressao-militar-israelita-faz-17-vitimas-mortais-palestinas-no-63-aniversario-da-nakba\/"},"wordCount":800,"commentCount":0,"publisher":{"@id":"https:\/\/psol50.org.br\/#organization"},"image":{"@id":"https:\/\/psol50.org.br\/repressao-militar-israelita-faz-17-vitimas-mortais-palestinas-no-63-aniversario-da-nakba\/#primaryimage"},"thumbnailUrl":"http:\/\/psol50.org.br\/files\/2011\/05\/SionistasAssassinam17.jpg","articleSection":["Arquivo"],"inLanguage":"pt-BR","potentialAction":[{"@type":"CommentAction","name":"Comment","target":["https:\/\/psol50.org.br\/repressao-militar-israelita-faz-17-vitimas-mortais-palestinas-no-63-aniversario-da-nakba\/#respond"]}]},{"@type":"WebPage","@id":"https:\/\/psol50.org.br\/repressao-militar-israelita-faz-17-vitimas-mortais-palestinas-no-63-aniversario-da-nakba\/","url":"https:\/\/psol50.org.br\/repressao-militar-israelita-faz-17-vitimas-mortais-palestinas-no-63-aniversario-da-nakba\/","name":"Repress\u00e3o militar israelita faz 17 v\u00edtimas mortais palestinas no 63 anivers\u00e1rio da Nakba - PSOL 50","isPartOf":{"@id":"https:\/\/psol50.org.br\/#website"},"primaryImageOfPage":{"@id":"https:\/\/psol50.org.br\/repressao-militar-israelita-faz-17-vitimas-mortais-palestinas-no-63-aniversario-da-nakba\/#primaryimage"},"image":{"@id":"https:\/\/psol50.org.br\/repressao-militar-israelita-faz-17-vitimas-mortais-palestinas-no-63-aniversario-da-nakba\/#primaryimage"},"thumbnailUrl":"http:\/\/psol50.org.br\/files\/2011\/05\/SionistasAssassinam17.jpg","datePublished":"2011-05-17T00:00:00+00:00","breadcrumb":{"@id":"https:\/\/psol50.org.br\/repressao-militar-israelita-faz-17-vitimas-mortais-palestinas-no-63-aniversario-da-nakba\/#breadcrumb"},"inLanguage":"pt-BR","potentialAction":[{"@type":"ReadAction","target":["https:\/\/psol50.org.br\/repressao-militar-israelita-faz-17-vitimas-mortais-palestinas-no-63-aniversario-da-nakba\/"]}]},{"@type":"ImageObject","inLanguage":"pt-BR","@id":"https:\/\/psol50.org.br\/repressao-militar-israelita-faz-17-vitimas-mortais-palestinas-no-63-aniversario-da-nakba\/#primaryimage","url":"http:\/\/psol50.org.br\/files\/2011\/05\/SionistasAssassinam17.jpg","contentUrl":"http:\/\/psol50.org.br\/files\/2011\/05\/SionistasAssassinam17.jpg"},{"@type":"BreadcrumbList","@id":"https:\/\/psol50.org.br\/repressao-militar-israelita-faz-17-vitimas-mortais-palestinas-no-63-aniversario-da-nakba\/#breadcrumb","itemListElement":[{"@type":"ListItem","position":1,"name":"In\u00edcio","item":"https:\/\/psol50.org.br\/"},{"@type":"ListItem","position":2,"name":"Repress\u00e3o militar israelita faz 17 v\u00edtimas mortais palestinas no 63 anivers\u00e1rio da Nakba"}]},{"@type":"WebSite","@id":"https:\/\/psol50.org.br\/#website","url":"https:\/\/psol50.org.br\/","name":"PSOL 50","description":"Site oficial do Partido Socialismo e Liberdade","publisher":{"@id":"https:\/\/psol50.org.br\/#organization"},"alternateName":"PSOL50","potentialAction":[{"@type":"SearchAction","target":{"@type":"EntryPoint","urlTemplate":"https:\/\/psol50.org.br\/?s={search_term_string}"},"query-input":{"@type":"PropertyValueSpecification","valueRequired":true,"valueName":"search_term_string"}}],"inLanguage":"pt-BR"},{"@type":"Organization","@id":"https:\/\/psol50.org.br\/#organization","name":"PSOL 50","alternateName":"PSOL 50","url":"https:\/\/psol50.org.br\/","logo":{"@type":"ImageObject","inLanguage":"pt-BR","@id":"https:\/\/psol50.org.br\/#\/schema\/logo\/image\/","url":"https:\/\/psol50.org.br\/inc\/uploads\/2018\/07\/capa.png","contentUrl":"https:\/\/psol50.org.br\/inc\/uploads\/2018\/07\/capa.png","width":1350,"height":900,"caption":"PSOL 50"},"image":{"@id":"https:\/\/psol50.org.br\/#\/schema\/logo\/image\/"},"sameAs":["https:\/\/www.facebook.com\/psol50","https:\/\/x.com\/psol50","https:\/\/www.instagram.com\/psol50\/","https:\/\/www.youtube.com\/channel\/UC7SnJS5o1os7a6CaiNabzcg"]},{"@type":"Person","@id":"https:\/\/psol50.org.br\/#\/schema\/person\/475dfa57d0b815993c714c2e96491fcd","name":"Comunica\u00e7\u00e3o PSOL","image":{"@type":"ImageObject","inLanguage":"pt-BR","@id":"https:\/\/psol50.org.br\/#\/schema\/person\/image\/","url":"https:\/\/secure.gravatar.com\/avatar\/b34fc4f4e468a4e51785917065a3db57b841f5c95dba6ad8c73aaf8f66f8f9bf?s=96&d=mm&r=g","contentUrl":"https:\/\/secure.gravatar.com\/avatar\/b34fc4f4e468a4e51785917065a3db57b841f5c95dba6ad8c73aaf8f66f8f9bf?s=96&d=mm&r=g","caption":"Comunica\u00e7\u00e3o PSOL"}}]}},"_links":{"self":[{"href":"https:\/\/psol50.org.br\/rest\/wp\/v2\/posts\/416","targetHints":{"allow":["GET"]}}],"collection":[{"href":"https:\/\/psol50.org.br\/rest\/wp\/v2\/posts"}],"about":[{"href":"https:\/\/psol50.org.br\/rest\/wp\/v2\/types\/post"}],"author":[{"embeddable":true,"href":"https:\/\/psol50.org.br\/rest\/wp\/v2\/users\/2"}],"replies":[{"embeddable":true,"href":"https:\/\/psol50.org.br\/rest\/wp\/v2\/comments?post=416"}],"version-history":[{"count":0,"href":"https:\/\/psol50.org.br\/rest\/wp\/v2\/posts\/416\/revisions"}],"wp:attachment":[{"href":"https:\/\/psol50.org.br\/rest\/wp\/v2\/media?parent=416"}],"wp:term":[{"taxonomy":"category","embeddable":true,"href":"https:\/\/psol50.org.br\/rest\/wp\/v2\/categories?post=416"},{"taxonomy":"post_tag","embeddable":true,"href":"https:\/\/psol50.org.br\/rest\/wp\/v2\/tags?post=416"}],"curies":[{"name":"wp","href":"https:\/\/api.w.org\/{rel}","templated":true}]}}