{"id":41643,"date":"2025-08-21T14:59:27","date_gmt":"2025-08-21T17:59:27","guid":{"rendered":"https:\/\/psol50.org.br\/?p=41643"},"modified":"2025-09-11T17:23:36","modified_gmt":"2025-09-11T20:23:36","slug":"psol-apresenta-13-propostas-para-o-brasil-na-cop30","status":"publish","type":"post","link":"https:\/\/psol50.org.br\/psol-apresenta-13-propostas-para-o-brasil-na-cop30\/","title":{"rendered":"PSOL apresenta 13 propostas para o Brasil na COP30"},"content":{"rendered":"<p>Com a proximidade cada vez maior da realiza\u00e7\u00e3o da COP30 em Bel\u00e9m (PA), o PSOL aproveitou seu processo de atualiza\u00e7\u00e3o program\u00e1tica para sistematizar 13 propostas para que o Brasil defenda na c\u00fapula clim\u00e1tica da ONU no pr\u00f3ximo m\u00eas de novembro no cora\u00e7\u00e3o da Amaz\u00f4nia.<\/p>\n<p><strong>SAIBA MAIS: <a href=\"https:\/\/psol50.org.br\/inc\/uploads\/2025\/08\/PSOL20_CadernoMeioAmbiente-FINAL-1.pdf\" target=\"_blank\" rel=\"noopener\">Leia na \u00edntegra as 13 propostas apresentadas pelo PSOL rumo \u00e0 COP30<\/a><\/strong><\/p>\n<p>As propostas foram apresentadas em um evento do PSOL+20 realizado em S\u00e3o Paulo na \u00faltima quinta-feira (14), que contou com a presen\u00e7a de parlamentares e dirigentes do partido, assim como representantes de diversas organiza\u00e7\u00f5es e movimentos em defesa do clima e do meio ambiente.<\/p>\n<p>A COP30 \u00e9 uma oportunidade estrat\u00e9gica para fortalecer as lutas e os movimentos socioambientais e clim\u00e1ticos no Brasil, nos demais pa\u00edses amaz\u00f4nicos e no Sul Global.<\/p>\n<p>Tamb\u00e9m \u00e9 uma chance que o pa\u00eds tem de assumir compromissos cada vez mais concretos com pol\u00edticas de preven\u00e7\u00e3o e mitiga\u00e7\u00e3o que reduzam as emiss\u00f5es de gases de efeito estufa, assim como de adotar pol\u00edticas de adapta\u00e7\u00e3o que preparem as cidades e as popula\u00e7\u00f5es mais vulner\u00e1veis para os efeitos extremos da crise clim\u00e1tica.<\/p>\n<p>&#8220;A COP30 deve ser um espa\u00e7o de den\u00fancia dos projetos de desenvolvimento predat\u00f3rios, de afirma\u00e7\u00e3o do protagonismo dos povos ind\u00edgenas, das popula\u00e7\u00f5es tradicionais e dos amaz\u00f4nidas em geral, bem como de constru\u00e7\u00e3o de alternativas populares e sustent\u00e1veis&#8221;, diz trecho do documento.<\/p>\n<h4><strong>Veja abaixo os 13 pontos apresentados pelo PSOL rumo \u00e0 COP30 em Bel\u00e9m (PA)<\/strong><\/h4>\n<ol>\n<li>Decretar situa\u00e7\u00e3o de emerg\u00eancia clim\u00e1tica, reconhecer na Constitui\u00e7\u00e3o a natureza como sujeito de direitos e revisar metas da NDC para redu\u00e7\u00e3o das emiss\u00f5es de gases de efeito estufa em 60% at\u00e9 2030 e 100% at\u00e9 2040. Atuar atrav\u00e9s da lideran\u00e7a do Brasil por uma reforma estrutural do sistema de financiamento internacional, que paute a cria\u00e7\u00e3o e amplia\u00e7\u00e3o de fundos majoritariamente p\u00fablicos e n\u00e3o reembols\u00e1veis, voltados tanto \u00e0 justi\u00e7a socioambiental e clim\u00e1tica, como \u00e0s necessidades do Sul Global.<\/li>\n<li>Impor metas para reduzir a pegada ecol\u00f3gica do agroneg\u00f3cio e que sejam atreladas a san\u00e7\u00f5es econ\u00f4micas, j\u00e1 que este \u00e9 o setor com maior responsabilidade nas emiss\u00f5es do pa\u00eds. Essa arrecada\u00e7\u00e3o dever\u00e1 financiar uma pol\u00edtica estruturada de combate \u00e0 inseguran\u00e7a alimentar e de produ\u00e7\u00e3o agroecol\u00f3gica, a recomposi\u00e7\u00e3o de estoques p\u00fablicos de alimentos (PAA), o apoio a agricultores impactados por extremos clim\u00e1ticos e a valoriza\u00e7\u00e3o do Bolsa Fam\u00edlia (conforme o PLP 48\/25 do PSOL).<\/li>\n<li>Demarca\u00e7\u00e3o imediata de terras ind\u00edgenas, titula\u00e7\u00e3o e regula\u00e7\u00e3o fundi\u00e1ria de territ\u00f3rios quilombolas, pesqueiros e de demais povos e comunidades tradicionais, com as devidas desintrus\u00f5es e erradica\u00e7\u00e3o da minera\u00e7\u00e3o ilegal.<\/li>\n<li>Instituir um plano nacional de transi\u00e7\u00e3o agroecol\u00f3gica, com pol\u00edticas de redu\u00e7\u00e3o gradativa do uso de agrot\u00f3xicos e de transg\u00eanicos. Criar tamb\u00e9m um plano nacional de reforma agr\u00e1ria popular e agroecol\u00f3gica, com aumento dos subs\u00eddios para a agricultura familiar e camponesa, al\u00e9m de apoio \u00e0s economias comunit\u00e1rias e tradicionais.<\/li>\n<li>Fim dos subs\u00eddios aos combust\u00edveis f\u00f3sseis. Apoio ao PL 1725\/2025, que torna a Amaz\u00f4nia zona livre da explora\u00e7\u00e3o de combust\u00edveis f\u00f3sseis.<\/li>\n<li>Estabelecer um plano arrojado de investimento p\u00fablico e de incentivos fiscais direcionados \u00e0 transi\u00e7\u00e3o energ\u00e9tica, com foco \u00e0 utiliza\u00e7\u00e3o local por meio da produ\u00e7\u00e3o dom\u00e9stica e descentralizada de energias renov\u00e1veis. Avan\u00e7ar no marco legal e nas pol\u00edticas de governan\u00e7a para regulamentar usinas de produ\u00e7\u00e3o de energias renov\u00e1veis para exporta\u00e7\u00e3o de hidrog\u00eanio verde, com a garantia de direitos humanos, repara\u00e7\u00e3o aos povos impactados, salvaguardas socioambientais e preven\u00e7\u00e3o de impactos nos territ\u00f3rios.<\/li>\n<li>Desmatamento zero, com limites \u00e0 expans\u00e3o pecu\u00e1ria na Amaz\u00f4nia e rastreio efetivo de todo o rebanho bovino. Regenera\u00e7\u00e3o de \u00e1reas devastadas e pastagens, imposi\u00e7\u00e3o de limites \u00e0 amplia\u00e7\u00e3o da produ\u00e7\u00e3o de monoculturas de soja e milho sobre a Amaz\u00f4nia e o Cerrado, revis\u00e3o dos processos de planejamento de corredores log\u00edsticos agro-exportadores, cancelar o projeto da ferrovia de Ferrogr\u00e3o e encerrar as tentativas de asfaltar a BR-319.<\/li>\n<li>Apoio \u00e0 PEC que inclui a caatinga e o cerrado como \u00e1reas protegidas constitucionalmente. Compromisso com a realiza\u00e7\u00e3o e efetiva\u00e7\u00e3o de um plano nacional de combate \u00e0 desertifica\u00e7\u00e3o no semi\u00e1rido nordestino. Incorporar o pantanal e o pampa nas pol\u00edticas de prote\u00e7\u00e3o e manejo sustent\u00e1vel, especialmente diante dos severos impactos clim\u00e1ticos.<\/li>\n<li>Combate ao racismo ambiental, ampliando pol\u00edticas de redu\u00e7\u00e3o de risco clim\u00e1tico e adapta\u00e7\u00e3o nas periferias urbanas, com valoriza\u00e7\u00e3o das tecnologias sociais e comunit\u00e1rias, preserva\u00e7\u00e3o das \u00e1reas de mananciais e expans\u00e3o da cobertura vegetal nas cidades.<\/li>\n<li>Desenvolver e consolidar pol\u00edticas de planejamento urbano, transporte p\u00fablico de qualidade e gratuito, saneamento b\u00e1sico, habita\u00e7\u00e3o popular e reciclagem de im\u00f3veis ociosos sob a perspectiva da justi\u00e7a clim\u00e1tica. Essas pol\u00edticas devem ser articuladas com a luta por uma reforma urbana popular, o direito \u00e0 cidade em sua dimens\u00e3o radical e orientadas por uma transi\u00e7\u00e3o ecossocial.<\/li>\n<li>Fortalecer economias circulares, atrav\u00e9s do combate \u00e0 obsolesc\u00eancia planejada e \u00e0 descartabilidade, do apoio \u00e0s pol\u00edticas de reciclagem, do est\u00edmulo \u00e0s cooperativas de catadores e das cooperativas solid\u00e1rias com impacto ambiental positivo, assim como combater a precariza\u00e7\u00e3o do trabalho e promover a inclus\u00e3o de todas as trabalhadoras e trabalhadores, formais e informais, nos processos de transi\u00e7\u00e3o ecol\u00f3gica.<\/li>\n<li>Valorizar os conhecimentos ind\u00edgenas, quilombolas, perif\u00e9ricos e tradicionais, incluir a sociedade civil nos processos decis\u00f3rios, garantir o direito \u00e0 Consulta Livre, Pr\u00e9via, Informada e de Boa F\u00e9, conforme estipulado na Conven\u00e7\u00e3o 169 da OIT, al\u00e9m de promover sa\u00fade e educa\u00e7\u00e3o para povos ind\u00edgenas, comunidades quilombolas e demais povos e comunidades tradicionais.<\/li>\n<li>Retirar todos os gastos e investimentos relativos ao meio ambiente e \u00e0 necess\u00e1ria transi\u00e7\u00e3o ecol\u00f3gica das restri\u00e7\u00f5es impostas pelo arcabou\u00e7o fiscal, inclusive a remunera\u00e7\u00e3o dos servidores. Fortalecer \u00f3rg\u00e3os ambientais como IBAMA, ICMBio e FUNAI. Ampliar a prote\u00e7\u00e3o de pessoas amea\u00e7adas no campo e na floresta, al\u00e9m da ratifica\u00e7\u00e3o do Acordo de Escaz\u00fa pelo Congresso Nacional, com sua efetiva implementa\u00e7\u00e3o.<\/li>\n<\/ol>\n","protected":false},"excerpt":{"rendered":"<p>Com a proximidade cada vez maior da realiza\u00e7\u00e3o da COP30 em Bel\u00e9m (PA), o PSOL aproveitou seu processo de atualiza\u00e7\u00e3o program\u00e1tica para sistematizar 13 propostas para que o Brasil defenda na c\u00fapula clim\u00e1tica da ONU no pr\u00f3ximo m\u00eas de novembro no cora\u00e7\u00e3o da Amaz\u00f4nia. SAIBA MAIS: Leia na \u00edntegra as 13 propostas apresentadas pelo PSOL [&hellip;]<\/p>\n","protected":false},"author":2,"featured_media":41647,"comment_status":"closed","ping_status":"open","sticky":false,"template":"","format":"standard","meta":{"_acf_changed":false,"footnotes":""},"categories":[14],"tags":[4825],"class_list":{"0":"post-41643","1":"post","2":"type-post","3":"status-publish","4":"format-standard","5":"has-post-thumbnail","7":"category-partido","8":"tag-noticias"},"acf":[],"yoast_head":"<!-- This site is optimized with the Yoast SEO plugin v26.5 - https:\/\/yoast.com\/wordpress\/plugins\/seo\/ -->\n<title>PSOL apresenta 13 propostas para o Brasil na COP30<\/title>\n<meta name=\"robots\" content=\"index, follow, max-snippet:-1, max-image-preview:large, max-video-preview:-1\" \/>\n<link rel=\"canonical\" href=\"https:\/\/psol50.org.br\/psol-apresenta-13-propostas-para-o-brasil-na-cop30\/\" \/>\n<meta property=\"og:locale\" content=\"pt_BR\" \/>\n<meta property=\"og:type\" content=\"article\" \/>\n<meta property=\"og:title\" content=\"PSOL apresenta 13 propostas para o Brasil na COP30\" \/>\n<meta property=\"og:description\" content=\"Com a proximidade cada vez maior da realiza\u00e7\u00e3o da COP30 em Bel\u00e9m (PA), o PSOL aproveitou seu processo de atualiza\u00e7\u00e3o program\u00e1tica para sistematizar 13 propostas para que o Brasil defenda na c\u00fapula clim\u00e1tica da ONU no pr\u00f3ximo m\u00eas de novembro no cora\u00e7\u00e3o da Amaz\u00f4nia. SAIBA MAIS: Leia na \u00edntegra as 13 propostas apresentadas pelo PSOL [&hellip;]\" \/>\n<meta property=\"og:url\" content=\"https:\/\/psol50.org.br\/psol-apresenta-13-propostas-para-o-brasil-na-cop30\/\" \/>\n<meta property=\"og:site_name\" content=\"PSOL 50\" \/>\n<meta property=\"article:publisher\" content=\"https:\/\/www.facebook.com\/psol50\" \/>\n<meta property=\"article:published_time\" content=\"2025-08-21T17:59:27+00:00\" \/>\n<meta property=\"article:modified_time\" content=\"2025-09-11T20:23:36+00:00\" \/>\n<meta property=\"og:image\" content=\"https:\/\/psol50.org.br\/inc\/uploads\/2025\/08\/1F8A9878-scaled.jpg\" \/>\n\t<meta property=\"og:image:width\" content=\"2560\" \/>\n\t<meta property=\"og:image:height\" content=\"1707\" \/>\n\t<meta property=\"og:image:type\" content=\"image\/jpeg\" \/>\n<meta name=\"author\" content=\"Comunica\u00e7\u00e3o PSOL\" \/>\n<meta name=\"twitter:card\" content=\"summary_large_image\" \/>\n<meta name=\"twitter:creator\" content=\"@psol50\" \/>\n<meta name=\"twitter:site\" content=\"@psol50\" \/>\n<meta name=\"twitter:label1\" content=\"Escrito por\" \/>\n\t<meta name=\"twitter:data1\" content=\"Comunica\u00e7\u00e3o PSOL\" \/>\n\t<meta name=\"twitter:label2\" content=\"Est. tempo de leitura\" \/>\n\t<meta name=\"twitter:data2\" content=\"5 minutos\" \/>\n<script type=\"application\/ld+json\" class=\"yoast-schema-graph\">{\"@context\":\"https:\/\/schema.org\",\"@graph\":[{\"@type\":\"Article\",\"@id\":\"https:\/\/psol50.org.br\/psol-apresenta-13-propostas-para-o-brasil-na-cop30\/#article\",\"isPartOf\":{\"@id\":\"https:\/\/psol50.org.br\/psol-apresenta-13-propostas-para-o-brasil-na-cop30\/\"},\"author\":{\"name\":\"Comunica\u00e7\u00e3o PSOL\",\"@id\":\"https:\/\/psol50.org.br\/#\/schema\/person\/475dfa57d0b815993c714c2e96491fcd\"},\"headline\":\"PSOL apresenta 13 propostas para o Brasil na COP30\",\"datePublished\":\"2025-08-21T17:59:27+00:00\",\"dateModified\":\"2025-09-11T20:23:36+00:00\",\"mainEntityOfPage\":{\"@id\":\"https:\/\/psol50.org.br\/psol-apresenta-13-propostas-para-o-brasil-na-cop30\/\"},\"wordCount\":1087,\"publisher\":{\"@id\":\"https:\/\/psol50.org.br\/#organization\"},\"image\":{\"@id\":\"https:\/\/psol50.org.br\/psol-apresenta-13-propostas-para-o-brasil-na-cop30\/#primaryimage\"},\"thumbnailUrl\":\"https:\/\/psol50.org.br\/inc\/uploads\/2025\/08\/1F8A9878-scaled.jpg\",\"keywords\":[\"Not\u00edcias\"],\"articleSection\":[\"Partido\"],\"inLanguage\":\"pt-BR\"},{\"@type\":\"WebPage\",\"@id\":\"https:\/\/psol50.org.br\/psol-apresenta-13-propostas-para-o-brasil-na-cop30\/\",\"url\":\"https:\/\/psol50.org.br\/psol-apresenta-13-propostas-para-o-brasil-na-cop30\/\",\"name\":\"PSOL apresenta 13 propostas para o Brasil na COP30\",\"isPartOf\":{\"@id\":\"https:\/\/psol50.org.br\/#website\"},\"primaryImageOfPage\":{\"@id\":\"https:\/\/psol50.org.br\/psol-apresenta-13-propostas-para-o-brasil-na-cop30\/#primaryimage\"},\"image\":{\"@id\":\"https:\/\/psol50.org.br\/psol-apresenta-13-propostas-para-o-brasil-na-cop30\/#primaryimage\"},\"thumbnailUrl\":\"https:\/\/psol50.org.br\/inc\/uploads\/2025\/08\/1F8A9878-scaled.jpg\",\"datePublished\":\"2025-08-21T17:59:27+00:00\",\"dateModified\":\"2025-09-11T20:23:36+00:00\",\"breadcrumb\":{\"@id\":\"https:\/\/psol50.org.br\/psol-apresenta-13-propostas-para-o-brasil-na-cop30\/#breadcrumb\"},\"inLanguage\":\"pt-BR\",\"potentialAction\":[{\"@type\":\"ReadAction\",\"target\":[\"https:\/\/psol50.org.br\/psol-apresenta-13-propostas-para-o-brasil-na-cop30\/\"]}]},{\"@type\":\"ImageObject\",\"inLanguage\":\"pt-BR\",\"@id\":\"https:\/\/psol50.org.br\/psol-apresenta-13-propostas-para-o-brasil-na-cop30\/#primaryimage\",\"url\":\"https:\/\/psol50.org.br\/inc\/uploads\/2025\/08\/1F8A9878-scaled.jpg\",\"contentUrl\":\"https:\/\/psol50.org.br\/inc\/uploads\/2025\/08\/1F8A9878-scaled.jpg\",\"width\":2560,\"height\":1707,\"caption\":\"Foto: Felipe Iruat\u00e3\"},{\"@type\":\"BreadcrumbList\",\"@id\":\"https:\/\/psol50.org.br\/psol-apresenta-13-propostas-para-o-brasil-na-cop30\/#breadcrumb\",\"itemListElement\":[{\"@type\":\"ListItem\",\"position\":1,\"name\":\"In\u00edcio\",\"item\":\"https:\/\/psol50.org.br\/\"},{\"@type\":\"ListItem\",\"position\":2,\"name\":\"PSOL apresenta 13 propostas para o Brasil na COP30\"}]},{\"@type\":\"WebSite\",\"@id\":\"https:\/\/psol50.org.br\/#website\",\"url\":\"https:\/\/psol50.org.br\/\",\"name\":\"PSOL 50\",\"description\":\"Site oficial do Partido Socialismo e Liberdade\",\"publisher\":{\"@id\":\"https:\/\/psol50.org.br\/#organization\"},\"alternateName\":\"PSOL50\",\"potentialAction\":[{\"@type\":\"SearchAction\",\"target\":{\"@type\":\"EntryPoint\",\"urlTemplate\":\"https:\/\/psol50.org.br\/?s={search_term_string}\"},\"query-input\":{\"@type\":\"PropertyValueSpecification\",\"valueRequired\":true,\"valueName\":\"search_term_string\"}}],\"inLanguage\":\"pt-BR\"},{\"@type\":\"Organization\",\"@id\":\"https:\/\/psol50.org.br\/#organization\",\"name\":\"PSOL 50\",\"alternateName\":\"PSOL 50\",\"url\":\"https:\/\/psol50.org.br\/\",\"logo\":{\"@type\":\"ImageObject\",\"inLanguage\":\"pt-BR\",\"@id\":\"https:\/\/psol50.org.br\/#\/schema\/logo\/image\/\",\"url\":\"https:\/\/psol50.org.br\/inc\/uploads\/2018\/07\/capa.png\",\"contentUrl\":\"https:\/\/psol50.org.br\/inc\/uploads\/2018\/07\/capa.png\",\"width\":1350,\"height\":900,\"caption\":\"PSOL 50\"},\"image\":{\"@id\":\"https:\/\/psol50.org.br\/#\/schema\/logo\/image\/\"},\"sameAs\":[\"https:\/\/www.facebook.com\/psol50\",\"https:\/\/x.com\/psol50\",\"https:\/\/www.instagram.com\/psol50\/\",\"https:\/\/www.youtube.com\/channel\/UC7SnJS5o1os7a6CaiNabzcg\"]},{\"@type\":\"Person\",\"@id\":\"https:\/\/psol50.org.br\/#\/schema\/person\/475dfa57d0b815993c714c2e96491fcd\",\"name\":\"Comunica\u00e7\u00e3o PSOL\",\"image\":{\"@type\":\"ImageObject\",\"inLanguage\":\"pt-BR\",\"@id\":\"https:\/\/psol50.org.br\/#\/schema\/person\/image\/\",\"url\":\"https:\/\/secure.gravatar.com\/avatar\/b34fc4f4e468a4e51785917065a3db57b841f5c95dba6ad8c73aaf8f66f8f9bf?s=96&d=mm&r=g\",\"contentUrl\":\"https:\/\/secure.gravatar.com\/avatar\/b34fc4f4e468a4e51785917065a3db57b841f5c95dba6ad8c73aaf8f66f8f9bf?s=96&d=mm&r=g\",\"caption\":\"Comunica\u00e7\u00e3o PSOL\"}}]}<\/script>\n<!-- \/ Yoast SEO plugin. -->","yoast_head_json":{"title":"PSOL apresenta 13 propostas para o Brasil na COP30","robots":{"index":"index","follow":"follow","max-snippet":"max-snippet:-1","max-image-preview":"max-image-preview:large","max-video-preview":"max-video-preview:-1"},"canonical":"https:\/\/psol50.org.br\/psol-apresenta-13-propostas-para-o-brasil-na-cop30\/","og_locale":"pt_BR","og_type":"article","og_title":"PSOL apresenta 13 propostas para o Brasil na COP30","og_description":"Com a proximidade cada vez maior da realiza\u00e7\u00e3o da COP30 em Bel\u00e9m (PA), o PSOL aproveitou seu processo de atualiza\u00e7\u00e3o program\u00e1tica para sistematizar 13 propostas para que o Brasil defenda na c\u00fapula clim\u00e1tica da ONU no pr\u00f3ximo m\u00eas de novembro no cora\u00e7\u00e3o da Amaz\u00f4nia. SAIBA MAIS: Leia na \u00edntegra as 13 propostas apresentadas pelo PSOL [&hellip;]","og_url":"https:\/\/psol50.org.br\/psol-apresenta-13-propostas-para-o-brasil-na-cop30\/","og_site_name":"PSOL 50","article_publisher":"https:\/\/www.facebook.com\/psol50","article_published_time":"2025-08-21T17:59:27+00:00","article_modified_time":"2025-09-11T20:23:36+00:00","og_image":[{"width":2560,"height":1707,"url":"https:\/\/psol50.org.br\/inc\/uploads\/2025\/08\/1F8A9878-scaled.jpg","type":"image\/jpeg"}],"author":"Comunica\u00e7\u00e3o PSOL","twitter_card":"summary_large_image","twitter_creator":"@psol50","twitter_site":"@psol50","twitter_misc":{"Escrito por":"Comunica\u00e7\u00e3o PSOL","Est. tempo de leitura":"5 minutos"},"schema":{"@context":"https:\/\/schema.org","@graph":[{"@type":"Article","@id":"https:\/\/psol50.org.br\/psol-apresenta-13-propostas-para-o-brasil-na-cop30\/#article","isPartOf":{"@id":"https:\/\/psol50.org.br\/psol-apresenta-13-propostas-para-o-brasil-na-cop30\/"},"author":{"name":"Comunica\u00e7\u00e3o PSOL","@id":"https:\/\/psol50.org.br\/#\/schema\/person\/475dfa57d0b815993c714c2e96491fcd"},"headline":"PSOL apresenta 13 propostas para o Brasil na COP30","datePublished":"2025-08-21T17:59:27+00:00","dateModified":"2025-09-11T20:23:36+00:00","mainEntityOfPage":{"@id":"https:\/\/psol50.org.br\/psol-apresenta-13-propostas-para-o-brasil-na-cop30\/"},"wordCount":1087,"publisher":{"@id":"https:\/\/psol50.org.br\/#organization"},"image":{"@id":"https:\/\/psol50.org.br\/psol-apresenta-13-propostas-para-o-brasil-na-cop30\/#primaryimage"},"thumbnailUrl":"https:\/\/psol50.org.br\/inc\/uploads\/2025\/08\/1F8A9878-scaled.jpg","keywords":["Not\u00edcias"],"articleSection":["Partido"],"inLanguage":"pt-BR"},{"@type":"WebPage","@id":"https:\/\/psol50.org.br\/psol-apresenta-13-propostas-para-o-brasil-na-cop30\/","url":"https:\/\/psol50.org.br\/psol-apresenta-13-propostas-para-o-brasil-na-cop30\/","name":"PSOL apresenta 13 propostas para o Brasil na COP30","isPartOf":{"@id":"https:\/\/psol50.org.br\/#website"},"primaryImageOfPage":{"@id":"https:\/\/psol50.org.br\/psol-apresenta-13-propostas-para-o-brasil-na-cop30\/#primaryimage"},"image":{"@id":"https:\/\/psol50.org.br\/psol-apresenta-13-propostas-para-o-brasil-na-cop30\/#primaryimage"},"thumbnailUrl":"https:\/\/psol50.org.br\/inc\/uploads\/2025\/08\/1F8A9878-scaled.jpg","datePublished":"2025-08-21T17:59:27+00:00","dateModified":"2025-09-11T20:23:36+00:00","breadcrumb":{"@id":"https:\/\/psol50.org.br\/psol-apresenta-13-propostas-para-o-brasil-na-cop30\/#breadcrumb"},"inLanguage":"pt-BR","potentialAction":[{"@type":"ReadAction","target":["https:\/\/psol50.org.br\/psol-apresenta-13-propostas-para-o-brasil-na-cop30\/"]}]},{"@type":"ImageObject","inLanguage":"pt-BR","@id":"https:\/\/psol50.org.br\/psol-apresenta-13-propostas-para-o-brasil-na-cop30\/#primaryimage","url":"https:\/\/psol50.org.br\/inc\/uploads\/2025\/08\/1F8A9878-scaled.jpg","contentUrl":"https:\/\/psol50.org.br\/inc\/uploads\/2025\/08\/1F8A9878-scaled.jpg","width":2560,"height":1707,"caption":"Foto: Felipe Iruat\u00e3"},{"@type":"BreadcrumbList","@id":"https:\/\/psol50.org.br\/psol-apresenta-13-propostas-para-o-brasil-na-cop30\/#breadcrumb","itemListElement":[{"@type":"ListItem","position":1,"name":"In\u00edcio","item":"https:\/\/psol50.org.br\/"},{"@type":"ListItem","position":2,"name":"PSOL apresenta 13 propostas para o Brasil na COP30"}]},{"@type":"WebSite","@id":"https:\/\/psol50.org.br\/#website","url":"https:\/\/psol50.org.br\/","name":"PSOL 50","description":"Site oficial do Partido Socialismo e Liberdade","publisher":{"@id":"https:\/\/psol50.org.br\/#organization"},"alternateName":"PSOL50","potentialAction":[{"@type":"SearchAction","target":{"@type":"EntryPoint","urlTemplate":"https:\/\/psol50.org.br\/?s={search_term_string}"},"query-input":{"@type":"PropertyValueSpecification","valueRequired":true,"valueName":"search_term_string"}}],"inLanguage":"pt-BR"},{"@type":"Organization","@id":"https:\/\/psol50.org.br\/#organization","name":"PSOL 50","alternateName":"PSOL 50","url":"https:\/\/psol50.org.br\/","logo":{"@type":"ImageObject","inLanguage":"pt-BR","@id":"https:\/\/psol50.org.br\/#\/schema\/logo\/image\/","url":"https:\/\/psol50.org.br\/inc\/uploads\/2018\/07\/capa.png","contentUrl":"https:\/\/psol50.org.br\/inc\/uploads\/2018\/07\/capa.png","width":1350,"height":900,"caption":"PSOL 50"},"image":{"@id":"https:\/\/psol50.org.br\/#\/schema\/logo\/image\/"},"sameAs":["https:\/\/www.facebook.com\/psol50","https:\/\/x.com\/psol50","https:\/\/www.instagram.com\/psol50\/","https:\/\/www.youtube.com\/channel\/UC7SnJS5o1os7a6CaiNabzcg"]},{"@type":"Person","@id":"https:\/\/psol50.org.br\/#\/schema\/person\/475dfa57d0b815993c714c2e96491fcd","name":"Comunica\u00e7\u00e3o PSOL","image":{"@type":"ImageObject","inLanguage":"pt-BR","@id":"https:\/\/psol50.org.br\/#\/schema\/person\/image\/","url":"https:\/\/secure.gravatar.com\/avatar\/b34fc4f4e468a4e51785917065a3db57b841f5c95dba6ad8c73aaf8f66f8f9bf?s=96&d=mm&r=g","contentUrl":"https:\/\/secure.gravatar.com\/avatar\/b34fc4f4e468a4e51785917065a3db57b841f5c95dba6ad8c73aaf8f66f8f9bf?s=96&d=mm&r=g","caption":"Comunica\u00e7\u00e3o PSOL"}}]}},"_links":{"self":[{"href":"https:\/\/psol50.org.br\/rest\/wp\/v2\/posts\/41643","targetHints":{"allow":["GET"]}}],"collection":[{"href":"https:\/\/psol50.org.br\/rest\/wp\/v2\/posts"}],"about":[{"href":"https:\/\/psol50.org.br\/rest\/wp\/v2\/types\/post"}],"author":[{"embeddable":true,"href":"https:\/\/psol50.org.br\/rest\/wp\/v2\/users\/2"}],"replies":[{"embeddable":true,"href":"https:\/\/psol50.org.br\/rest\/wp\/v2\/comments?post=41643"}],"version-history":[{"count":2,"href":"https:\/\/psol50.org.br\/rest\/wp\/v2\/posts\/41643\/revisions"}],"predecessor-version":[{"id":41646,"href":"https:\/\/psol50.org.br\/rest\/wp\/v2\/posts\/41643\/revisions\/41646"}],"wp:featuredmedia":[{"embeddable":true,"href":"https:\/\/psol50.org.br\/rest\/wp\/v2\/media\/41647"}],"wp:attachment":[{"href":"https:\/\/psol50.org.br\/rest\/wp\/v2\/media?parent=41643"}],"wp:term":[{"taxonomy":"category","embeddable":true,"href":"https:\/\/psol50.org.br\/rest\/wp\/v2\/categories?post=41643"},{"taxonomy":"post_tag","embeddable":true,"href":"https:\/\/psol50.org.br\/rest\/wp\/v2\/tags?post=41643"}],"curies":[{"name":"wp","href":"https:\/\/api.w.org\/{rel}","templated":true}]}}