{"id":41732,"date":"2025-09-05T15:26:42","date_gmt":"2025-09-05T18:26:42","guid":{"rendered":"https:\/\/psol50.org.br\/?p=41732"},"modified":"2025-09-11T17:24:03","modified_gmt":"2025-09-11T20:24:03","slug":"7-de-setembro-nas-ruas-por-um-brasil-soberano-e-mais-justo","status":"publish","type":"post","link":"https:\/\/psol50.org.br\/7-de-setembro-nas-ruas-por-um-brasil-soberano-e-mais-justo\/","title":{"rendered":"7 de Setembro: nas ruas por um Brasil soberano e mais justo"},"content":{"rendered":"<p>O 7 de setembro ser\u00e1 novamente um dia de luta em todo o Brasil. Enquanto a extrema-direita tenta capturar a data para sua pauta antidemocr\u00e1tica e para pressionar por anistia para golpistas, trabalhadoras e trabalhadores, juventude, povos ind\u00edgenas, negros e negras, e os movimentos sociais tomam as ruas para afirmar outro projeto: um Brasil soberano, democr\u00e1tico e popular, que n\u00e3o se curva \u00e0 vontade do presidente dos Estados Unidos Donald Trump e da fam\u00edlia Bolsonaro.<\/p>\n<p>Atos est\u00e3o sendo convocados em todo o pa\u00eds pelas Frentes Povo Sem Medo e Brasil Popular, entidades sindicais, movimentos sociais e pelo Grito dos Exclu\u00eddos.<\/p>\n<p>O PSOL estar\u00e1 presente em todas as mobiliza\u00e7\u00f5es, reafirmando que a soberania do Brasil passa por defender a taxa\u00e7\u00e3o dos super-ricos para isentar o Imposto de Renda de quem ganha at\u00e9 R$ 5 mil, acabar com a escala 6&#215;1 e reduzir a jornada de trabalho sem redu\u00e7\u00e3o salarial: a vida vai muito al\u00e9m do trabalho e o Brasil \u00e9 muito maior do que imagina a extrema-direita.<\/p>\n<h3 data-start=\"1253\" data-end=\"1319\"><strong>Confira os locais e hor\u00e1rios das manifesta\u00e7\u00f5es em todo o pa\u00eds:<\/strong><\/h3>\n<p data-start=\"1321\" data-end=\"4311\"><strong data-start=\"1260\" data-end=\"1278\">Aparecida (SP)<\/strong> \u2013 7h \u2013 Concentra\u00e7\u00e3o no Porto e caminhada at\u00e9 a Bas\u00edlica (org.: Pastoral da Igreja de Aparecida)<br data-start=\"1374\" data-end=\"1377\" \/><strong data-start=\"1377\" data-end=\"1395\">Apucarana (PR)<\/strong> \u2013 8h30 \u2013 Av. Curitiba (pr\u00f3x. ao Supermercado Amig\u00e3o)<br data-start=\"1448\" data-end=\"1451\" \/><strong data-start=\"1451\" data-end=\"1467\">Aracaju (SE)<\/strong> \u2013 9h \u2013 Pra\u00e7a da Catedral Metropolitana (durante desfile das escolas)<br data-start=\"1536\" data-end=\"1539\" \/><strong data-start=\"1539\" data-end=\"1553\">Bel\u00e9m (PA)<\/strong> \u2013 9h \u2013 Av. Mal. Hermes, 3 \u2013 Campina (Escadinha do cais do Porto)<br data-start=\"1618\" data-end=\"1621\" \/><strong data-start=\"1621\" data-end=\"1644\">Belo Horizonte (MG)<\/strong> \u2013 9h \u2013 Pra\u00e7a Raul Soares<br data-start=\"1669\" data-end=\"1672\" data-is-only-node=\"\" \/><strong data-start=\"1672\" data-end=\"1689\">Blumenau (SC)<\/strong> \u2013 8h \u2013 R. Presidente John Kennedy (ao lado do Teatro Carlos Gomes)<br data-start=\"1756\" data-end=\"1759\" \/><strong data-start=\"1759\" data-end=\"1777\">Boa Vista (RR)<\/strong> \u2013 15h30 \u2013 Palco Aderval da Rocha (em frente \u00e0 Pra\u00e7a Germano Sampaio, bairro Pintol\u00e2ndia)<br data-start=\"1866\" data-end=\"1869\" \/><strong data-start=\"1869\" data-end=\"1886\">Bras\u00edlia (DF)<\/strong> \u2013 10h \u2013 Pra\u00e7a Zumbi dos Palmares (CONIC)<br data-start=\"1927\" data-end=\"1930\" \/><strong data-start=\"1930\" data-end=\"1946\">C\u00e1ceres (MT)<\/strong> \u2013 7h \u2013 Sal\u00e3o da Matriz S\u00e3o Sebasti\u00e3o (Rua Rodrigues Alves, 201 \u2013 Cidade Nova)<br data-start=\"2024\" data-end=\"2027\" \/><strong data-start=\"2027\" data-end=\"2044\">Campinas (SP)<\/strong> \u2013 9h \u2013 Pra\u00e7a do Largo do Par\u00e1<br data-start=\"2074\" data-end=\"2077\" \/><strong data-start=\"2077\" data-end=\"2098\">Campo Grande (MS)<\/strong> \u2013 8h \u2013 Cruzamento da Rua 13 de Maio com Dom Aquino<br data-start=\"2149\" data-end=\"2152\" \/><strong data-start=\"2152\" data-end=\"2169\">Cascavel (PR)<\/strong> \u2013 8h30 \u2013 Cal\u00e7ad\u00e3o (Av. Brasil esq. com Padre Champagnat)<br data-start=\"2226\" data-end=\"2229\" \/><strong data-start=\"2229\" data-end=\"2245\">Chapec\u00f3 (SC)<\/strong> \u2013 14h \u2013 Pra\u00e7a Central (ao lado da Catedral Santo Ant\u00f4nio)<br data-start=\"2303\" data-end=\"2306\" \/><strong data-start=\"2306\" data-end=\"2321\">Cuiab\u00e1 (MT)<\/strong> \u2013 7h30 \u2013 Pra\u00e7a Cultural do Bairro Jardim Vit\u00f3ria<br data-start=\"2370\" data-end=\"2373\" \/><strong data-start=\"2373\" data-end=\"2390\">Curitiba (PR)<\/strong> \u2013 9h \u2013 R. Des. Oscar Carvalho e Silva, Vila Pantanal<br data-start=\"2443\" data-end=\"2446\" \/><strong data-start=\"2446\" data-end=\"2468\">Florian\u00f3polis (SC)<\/strong> \u2013 8h30 \u2013 Parque da Luz<br data-start=\"2491\" data-end=\"2494\" \/><strong data-start=\"2494\" data-end=\"2512\">Fortaleza (CE)<\/strong> \u2013 8h \u2013 Praia do Futuro<br data-start=\"2535\" data-end=\"2538\" \/><strong data-start=\"2538\" data-end=\"2555\">Garopaba (SC)<\/strong> \u2013 13h \u2013 Pra\u00e7a do Centro Hist\u00f3rico<br data-start=\"2589\" data-end=\"2592\" \/><strong data-start=\"2592\" data-end=\"2608\">Goi\u00e2nia (GO)<\/strong> \u2013 8h30 \u2013 Pra\u00e7a do Trabalhador<br data-start=\"2638\" data-end=\"2641\" \/><strong data-start=\"2641\" data-end=\"2661\">Jo\u00e3o Pessoa (PB)<\/strong> \u2013 9h \u2013 Lagoa<br data-start=\"2674\" data-end=\"2677\" \/><strong data-start=\"2677\" data-end=\"2692\">Macap\u00e1 (AP)<\/strong> \u2013 7h \u2013 Concentra\u00e7\u00e3o no Hospital do Amor (R. Carlos Daniel, 456 \u2013 Infraero II)<br data-start=\"2770\" data-end=\"2773\" \/><strong data-start=\"2773\" data-end=\"2788\">Macei\u00f3 (AL)<\/strong> \u2013 8h \u2013 Pra\u00e7a da Faculdade<br data-start=\"2814\" data-end=\"2817\" \/><strong data-start=\"2817\" data-end=\"2832\">Manaus (AM)<\/strong> \u2013 8h \u00e0s 9h \u2013 Av. Eduardo Ribeiro com Av. 7 de Setembro (at\u00e9 a Pra\u00e7a da Pol\u00edcia)<br data-start=\"2912\" data-end=\"2915\" \/><strong data-start=\"2915\" data-end=\"2931\">Maring\u00e1 (PR)<\/strong> \u2013 8h30 \u2013 Pra\u00e7a Raposo Tavares<br data-start=\"2961\" data-end=\"2964\" \/><strong data-start=\"2964\" data-end=\"2981\">Matinhos (PR)<\/strong> \u2013 8h \u2013 Pra\u00e7a Matinhos (Litoral)<br data-start=\"3013\" data-end=\"3016\" \/><strong data-start=\"3016\" data-end=\"3037\">Mau\u00e1\/ABCDMRR (SP)<\/strong> \u2013 8h30 \u2013 Santu\u00e1rio Imaculada Concei\u00e7\u00e3o (Pra\u00e7a Mons. Alexandre V. Arminas, 01 \u2013 Bairro Matriz), ap\u00f3s missa<br data-start=\"3143\" data-end=\"3146\" \/><strong data-start=\"3146\" data-end=\"3162\">Mossor\u00f3 (RN)<\/strong> \u2013 7h \u2013 Gin\u00e1sio Pedro Ciarlini<br data-start=\"3192\" data-end=\"3195\" \/><strong data-start=\"3195\" data-end=\"3209\">Natal (RN)<\/strong> \u2013 9h \u2013 Pra\u00e7a das Flores, Petr\u00f3polis<br data-start=\"3245\" data-end=\"3248\" \/><strong data-start=\"3248\" data-end=\"3263\">Osasco (SP)<\/strong> \u2013 8h30 \u2013 Em frente \u00e0 Esta\u00e7\u00e3o de Trem de Osasco<br data-start=\"3310\" data-end=\"3313\" \/><strong data-start=\"3313\" data-end=\"3334\">Porto Alegre (RS)<\/strong> \u2013 14h \u2013 Ponte de Pedra, Largo do A\u00e7orianos<br data-start=\"3377\" data-end=\"3380\" \/><strong data-start=\"3380\" data-end=\"3401\">Ponta Grossa (PR)<\/strong> \u2013 9h30 \u2013 Em frente ao Cemit\u00e9rio Municipal (Av. Balduino Taques)<br data-start=\"3465\" data-end=\"3468\" \/><strong data-start=\"3468\" data-end=\"3483\">Recife (PE)<\/strong> \u2013 9h \u2013 Parque 13 de Maio<br data-start=\"3508\" data-end=\"3511\" \/><strong data-start=\"3511\" data-end=\"3526\">Recife (PE)<\/strong> \u2013 9h \u2013 Pedal do Grito dos Exclu\u00eddos (sa\u00edda do Parque da Jaqueira, rumo ao Parque 13 de Maio)<br data-start=\"3619\" data-end=\"3622\" \/><strong data-start=\"3622\" data-end=\"3645\">Rio de Janeiro (RJ)<\/strong> \u2013 9h \u2013 R. Uruguaiana com Av. Presidente Vargas (metr\u00f4), Centro<br data-start=\"3708\" data-end=\"3711\" \/><strong data-start=\"3711\" data-end=\"3728\">Salvador (BA)<\/strong> \u2013 9h \u2013 Campo Grande<br data-start=\"3748\" data-end=\"3751\" \/><strong data-start=\"3751\" data-end=\"3779\">Santana do Parna\u00edba (SP)<\/strong> \u2013 14h \u2013 Largo da Matriz, s\/n \u2013 Centro<br data-start=\"3817\" data-end=\"3820\" \/><strong data-start=\"3820\" data-end=\"3838\">S\u00e3o Paulo (SP)<\/strong> \u2013 7h \u2013 Pra\u00e7a da S\u00e9 (caf\u00e9 da manh\u00e3 com pessoas em situa\u00e7\u00e3o de rua; ato \u00e0s 9h e caminhada \u00e0s 10h30)<br data-start=\"3936\" data-end=\"3939\" \/><strong data-start=\"3939\" data-end=\"3957\">S\u00e3o Paulo (SP)<\/strong> \u2013 9h \u2013 Pra\u00e7a da Rep\u00fablica<br data-start=\"3983\" data-end=\"3986\" \/><strong data-start=\"3986\" data-end=\"4008\">S\u00e3o Sebasti\u00e3o (SP)<\/strong> \u2013 9h \u2013 Rua da Praia<br data-start=\"4028\" data-end=\"4031\" \/><strong data-start=\"4031\" data-end=\"4052\">Souto Soares (BA)<\/strong> \u2013 9h \u2013 Pra\u00e7a Raul Soares<br data-start=\"4077\" data-end=\"4080\" \/><strong data-start=\"4080\" data-end=\"4097\">Teresina (PI)<\/strong> \u2013 7h \u2013 Ponte da Av. Frei Serafim (JK)<br data-start=\"4135\" data-end=\"4138\" \/><strong data-start=\"4138\" data-end=\"4155\">Umuarama (PR)<\/strong> \u2013 9h \u2013 Pra\u00e7a Paulo VI (Pra\u00e7a da Catedral)<br data-start=\"4197\" data-end=\"4200\" \/><strong data-start=\"4200\" data-end=\"4216\">Vit\u00f3ria (ES)<\/strong> \u2013 8h30 \u2013 Pra\u00e7a Portal do Pr\u00edncipe<\/p>\n","protected":false},"excerpt":{"rendered":"<p>O 7 de setembro ser\u00e1 novamente um dia de luta em todo o Brasil. Enquanto a extrema-direita tenta capturar a data para sua pauta antidemocr\u00e1tica e para pressionar por anistia para golpistas, trabalhadoras e trabalhadores, juventude, povos ind\u00edgenas, negros e negras, e os movimentos sociais tomam as ruas para afirmar outro projeto: um Brasil soberano, [&hellip;]<\/p>\n","protected":false},"author":2,"featured_media":41734,"comment_status":"closed","ping_status":"open","sticky":false,"template":"","format":"standard","meta":{"_acf_changed":false,"footnotes":""},"categories":[1882],"tags":[4825],"class_list":{"0":"post-41732","1":"post","2":"type-post","3":"status-publish","4":"format-standard","5":"has-post-thumbnail","7":"category-brasil","8":"tag-noticias"},"acf":[],"yoast_head":"<!-- This site is optimized with the Yoast SEO plugin v26.5 - https:\/\/yoast.com\/wordpress\/plugins\/seo\/ -->\n<title>7 de Setembro: nas ruas por um Brasil soberano e mais justo<\/title>\n<meta name=\"description\" content=\"Atos est\u00e3o sendo convocados em todo o pa\u00eds pelas Frentes Povo Sem Medo e Brasil Popular, entidades sindicais, movimentos sociais e pelo Grito dos Exclu\u00eddos.\" \/>\n<meta name=\"robots\" content=\"index, follow, max-snippet:-1, max-image-preview:large, max-video-preview:-1\" \/>\n<link rel=\"canonical\" href=\"https:\/\/psol50.org.br\/7-de-setembro-nas-ruas-por-um-brasil-soberano-e-mais-justo\/\" \/>\n<meta property=\"og:locale\" content=\"pt_BR\" \/>\n<meta property=\"og:type\" content=\"article\" \/>\n<meta property=\"og:title\" content=\"7 de Setembro: nas ruas por um Brasil soberano e mais justo\" \/>\n<meta property=\"og:description\" content=\"Atos est\u00e3o sendo convocados em todo o pa\u00eds pelas Frentes Povo Sem Medo e Brasil Popular, entidades sindicais, movimentos sociais e pelo Grito dos Exclu\u00eddos.\" \/>\n<meta property=\"og:url\" content=\"https:\/\/psol50.org.br\/7-de-setembro-nas-ruas-por-um-brasil-soberano-e-mais-justo\/\" \/>\n<meta property=\"og:site_name\" content=\"PSOL 50\" \/>\n<meta property=\"article:publisher\" content=\"https:\/\/www.facebook.com\/psol50\" \/>\n<meta property=\"article:published_time\" content=\"2025-09-05T18:26:42+00:00\" \/>\n<meta property=\"article:modified_time\" content=\"2025-09-11T20:24:03+00:00\" \/>\n<meta property=\"og:image\" content=\"https:\/\/psol50.org.br\/inc\/uploads\/2025\/09\/bdf-20250902-182420-493fae-1140x815-1.jpeg\" \/>\n\t<meta property=\"og:image:width\" content=\"1140\" \/>\n\t<meta property=\"og:image:height\" content=\"815\" \/>\n\t<meta property=\"og:image:type\" content=\"image\/jpeg\" \/>\n<meta name=\"author\" content=\"Comunica\u00e7\u00e3o PSOL\" \/>\n<meta name=\"twitter:card\" content=\"summary_large_image\" \/>\n<meta name=\"twitter:creator\" content=\"@psol50\" \/>\n<meta name=\"twitter:site\" content=\"@psol50\" \/>\n<meta name=\"twitter:label1\" content=\"Escrito por\" \/>\n\t<meta name=\"twitter:data1\" content=\"Comunica\u00e7\u00e3o PSOL\" \/>\n\t<meta name=\"twitter:label2\" content=\"Est. tempo de leitura\" \/>\n\t<meta name=\"twitter:data2\" content=\"3 minutos\" \/>\n<script type=\"application\/ld+json\" class=\"yoast-schema-graph\">{\"@context\":\"https:\/\/schema.org\",\"@graph\":[{\"@type\":\"Article\",\"@id\":\"https:\/\/psol50.org.br\/7-de-setembro-nas-ruas-por-um-brasil-soberano-e-mais-justo\/#article\",\"isPartOf\":{\"@id\":\"https:\/\/psol50.org.br\/7-de-setembro-nas-ruas-por-um-brasil-soberano-e-mais-justo\/\"},\"author\":{\"name\":\"Comunica\u00e7\u00e3o PSOL\",\"@id\":\"https:\/\/psol50.org.br\/#\/schema\/person\/475dfa57d0b815993c714c2e96491fcd\"},\"headline\":\"7 de Setembro: nas ruas por um Brasil soberano e mais justo\",\"datePublished\":\"2025-09-05T18:26:42+00:00\",\"dateModified\":\"2025-09-11T20:24:03+00:00\",\"mainEntityOfPage\":{\"@id\":\"https:\/\/psol50.org.br\/7-de-setembro-nas-ruas-por-um-brasil-soberano-e-mais-justo\/\"},\"wordCount\":687,\"publisher\":{\"@id\":\"https:\/\/psol50.org.br\/#organization\"},\"image\":{\"@id\":\"https:\/\/psol50.org.br\/7-de-setembro-nas-ruas-por-um-brasil-soberano-e-mais-justo\/#primaryimage\"},\"thumbnailUrl\":\"https:\/\/psol50.org.br\/inc\/uploads\/2025\/09\/bdf-20250902-182420-493fae-1140x815-1.jpeg\",\"keywords\":[\"Not\u00edcias\"],\"articleSection\":[\"Brasil\"],\"inLanguage\":\"pt-BR\"},{\"@type\":\"WebPage\",\"@id\":\"https:\/\/psol50.org.br\/7-de-setembro-nas-ruas-por-um-brasil-soberano-e-mais-justo\/\",\"url\":\"https:\/\/psol50.org.br\/7-de-setembro-nas-ruas-por-um-brasil-soberano-e-mais-justo\/\",\"name\":\"7 de Setembro: nas ruas por um Brasil soberano e mais justo\",\"isPartOf\":{\"@id\":\"https:\/\/psol50.org.br\/#website\"},\"primaryImageOfPage\":{\"@id\":\"https:\/\/psol50.org.br\/7-de-setembro-nas-ruas-por-um-brasil-soberano-e-mais-justo\/#primaryimage\"},\"image\":{\"@id\":\"https:\/\/psol50.org.br\/7-de-setembro-nas-ruas-por-um-brasil-soberano-e-mais-justo\/#primaryimage\"},\"thumbnailUrl\":\"https:\/\/psol50.org.br\/inc\/uploads\/2025\/09\/bdf-20250902-182420-493fae-1140x815-1.jpeg\",\"datePublished\":\"2025-09-05T18:26:42+00:00\",\"dateModified\":\"2025-09-11T20:24:03+00:00\",\"description\":\"Atos est\u00e3o sendo convocados em todo o pa\u00eds pelas Frentes Povo Sem Medo e Brasil Popular, entidades sindicais, movimentos sociais e pelo Grito dos Exclu\u00eddos.\",\"breadcrumb\":{\"@id\":\"https:\/\/psol50.org.br\/7-de-setembro-nas-ruas-por-um-brasil-soberano-e-mais-justo\/#breadcrumb\"},\"inLanguage\":\"pt-BR\",\"potentialAction\":[{\"@type\":\"ReadAction\",\"target\":[\"https:\/\/psol50.org.br\/7-de-setembro-nas-ruas-por-um-brasil-soberano-e-mais-justo\/\"]}]},{\"@type\":\"ImageObject\",\"inLanguage\":\"pt-BR\",\"@id\":\"https:\/\/psol50.org.br\/7-de-setembro-nas-ruas-por-um-brasil-soberano-e-mais-justo\/#primaryimage\",\"url\":\"https:\/\/psol50.org.br\/inc\/uploads\/2025\/09\/bdf-20250902-182420-493fae-1140x815-1.jpeg\",\"contentUrl\":\"https:\/\/psol50.org.br\/inc\/uploads\/2025\/09\/bdf-20250902-182420-493fae-1140x815-1.jpeg\",\"width\":1140,\"height\":815,\"caption\":\"Foto: Divulga\u00e7\u00e3o\/MTST\"},{\"@type\":\"BreadcrumbList\",\"@id\":\"https:\/\/psol50.org.br\/7-de-setembro-nas-ruas-por-um-brasil-soberano-e-mais-justo\/#breadcrumb\",\"itemListElement\":[{\"@type\":\"ListItem\",\"position\":1,\"name\":\"In\u00edcio\",\"item\":\"https:\/\/psol50.org.br\/\"},{\"@type\":\"ListItem\",\"position\":2,\"name\":\"7 de Setembro: nas ruas por um Brasil soberano e mais justo\"}]},{\"@type\":\"WebSite\",\"@id\":\"https:\/\/psol50.org.br\/#website\",\"url\":\"https:\/\/psol50.org.br\/\",\"name\":\"PSOL 50\",\"description\":\"Site oficial do Partido Socialismo e Liberdade\",\"publisher\":{\"@id\":\"https:\/\/psol50.org.br\/#organization\"},\"alternateName\":\"PSOL50\",\"potentialAction\":[{\"@type\":\"SearchAction\",\"target\":{\"@type\":\"EntryPoint\",\"urlTemplate\":\"https:\/\/psol50.org.br\/?s={search_term_string}\"},\"query-input\":{\"@type\":\"PropertyValueSpecification\",\"valueRequired\":true,\"valueName\":\"search_term_string\"}}],\"inLanguage\":\"pt-BR\"},{\"@type\":\"Organization\",\"@id\":\"https:\/\/psol50.org.br\/#organization\",\"name\":\"PSOL 50\",\"alternateName\":\"PSOL 50\",\"url\":\"https:\/\/psol50.org.br\/\",\"logo\":{\"@type\":\"ImageObject\",\"inLanguage\":\"pt-BR\",\"@id\":\"https:\/\/psol50.org.br\/#\/schema\/logo\/image\/\",\"url\":\"https:\/\/psol50.org.br\/inc\/uploads\/2018\/07\/capa.png\",\"contentUrl\":\"https:\/\/psol50.org.br\/inc\/uploads\/2018\/07\/capa.png\",\"width\":1350,\"height\":900,\"caption\":\"PSOL 50\"},\"image\":{\"@id\":\"https:\/\/psol50.org.br\/#\/schema\/logo\/image\/\"},\"sameAs\":[\"https:\/\/www.facebook.com\/psol50\",\"https:\/\/x.com\/psol50\",\"https:\/\/www.instagram.com\/psol50\/\",\"https:\/\/www.youtube.com\/channel\/UC7SnJS5o1os7a6CaiNabzcg\"]},{\"@type\":\"Person\",\"@id\":\"https:\/\/psol50.org.br\/#\/schema\/person\/475dfa57d0b815993c714c2e96491fcd\",\"name\":\"Comunica\u00e7\u00e3o PSOL\",\"image\":{\"@type\":\"ImageObject\",\"inLanguage\":\"pt-BR\",\"@id\":\"https:\/\/psol50.org.br\/#\/schema\/person\/image\/\",\"url\":\"https:\/\/secure.gravatar.com\/avatar\/b34fc4f4e468a4e51785917065a3db57b841f5c95dba6ad8c73aaf8f66f8f9bf?s=96&d=mm&r=g\",\"contentUrl\":\"https:\/\/secure.gravatar.com\/avatar\/b34fc4f4e468a4e51785917065a3db57b841f5c95dba6ad8c73aaf8f66f8f9bf?s=96&d=mm&r=g\",\"caption\":\"Comunica\u00e7\u00e3o PSOL\"}}]}<\/script>\n<!-- \/ Yoast SEO plugin. -->","yoast_head_json":{"title":"7 de Setembro: nas ruas por um Brasil soberano e mais justo","description":"Atos est\u00e3o sendo convocados em todo o pa\u00eds pelas Frentes Povo Sem Medo e Brasil Popular, entidades sindicais, movimentos sociais e pelo Grito dos Exclu\u00eddos.","robots":{"index":"index","follow":"follow","max-snippet":"max-snippet:-1","max-image-preview":"max-image-preview:large","max-video-preview":"max-video-preview:-1"},"canonical":"https:\/\/psol50.org.br\/7-de-setembro-nas-ruas-por-um-brasil-soberano-e-mais-justo\/","og_locale":"pt_BR","og_type":"article","og_title":"7 de Setembro: nas ruas por um Brasil soberano e mais justo","og_description":"Atos est\u00e3o sendo convocados em todo o pa\u00eds pelas Frentes Povo Sem Medo e Brasil Popular, entidades sindicais, movimentos sociais e pelo Grito dos Exclu\u00eddos.","og_url":"https:\/\/psol50.org.br\/7-de-setembro-nas-ruas-por-um-brasil-soberano-e-mais-justo\/","og_site_name":"PSOL 50","article_publisher":"https:\/\/www.facebook.com\/psol50","article_published_time":"2025-09-05T18:26:42+00:00","article_modified_time":"2025-09-11T20:24:03+00:00","og_image":[{"width":1140,"height":815,"url":"https:\/\/psol50.org.br\/inc\/uploads\/2025\/09\/bdf-20250902-182420-493fae-1140x815-1.jpeg","type":"image\/jpeg"}],"author":"Comunica\u00e7\u00e3o PSOL","twitter_card":"summary_large_image","twitter_creator":"@psol50","twitter_site":"@psol50","twitter_misc":{"Escrito por":"Comunica\u00e7\u00e3o PSOL","Est. tempo de leitura":"3 minutos"},"schema":{"@context":"https:\/\/schema.org","@graph":[{"@type":"Article","@id":"https:\/\/psol50.org.br\/7-de-setembro-nas-ruas-por-um-brasil-soberano-e-mais-justo\/#article","isPartOf":{"@id":"https:\/\/psol50.org.br\/7-de-setembro-nas-ruas-por-um-brasil-soberano-e-mais-justo\/"},"author":{"name":"Comunica\u00e7\u00e3o PSOL","@id":"https:\/\/psol50.org.br\/#\/schema\/person\/475dfa57d0b815993c714c2e96491fcd"},"headline":"7 de Setembro: nas ruas por um Brasil soberano e mais justo","datePublished":"2025-09-05T18:26:42+00:00","dateModified":"2025-09-11T20:24:03+00:00","mainEntityOfPage":{"@id":"https:\/\/psol50.org.br\/7-de-setembro-nas-ruas-por-um-brasil-soberano-e-mais-justo\/"},"wordCount":687,"publisher":{"@id":"https:\/\/psol50.org.br\/#organization"},"image":{"@id":"https:\/\/psol50.org.br\/7-de-setembro-nas-ruas-por-um-brasil-soberano-e-mais-justo\/#primaryimage"},"thumbnailUrl":"https:\/\/psol50.org.br\/inc\/uploads\/2025\/09\/bdf-20250902-182420-493fae-1140x815-1.jpeg","keywords":["Not\u00edcias"],"articleSection":["Brasil"],"inLanguage":"pt-BR"},{"@type":"WebPage","@id":"https:\/\/psol50.org.br\/7-de-setembro-nas-ruas-por-um-brasil-soberano-e-mais-justo\/","url":"https:\/\/psol50.org.br\/7-de-setembro-nas-ruas-por-um-brasil-soberano-e-mais-justo\/","name":"7 de Setembro: nas ruas por um Brasil soberano e mais justo","isPartOf":{"@id":"https:\/\/psol50.org.br\/#website"},"primaryImageOfPage":{"@id":"https:\/\/psol50.org.br\/7-de-setembro-nas-ruas-por-um-brasil-soberano-e-mais-justo\/#primaryimage"},"image":{"@id":"https:\/\/psol50.org.br\/7-de-setembro-nas-ruas-por-um-brasil-soberano-e-mais-justo\/#primaryimage"},"thumbnailUrl":"https:\/\/psol50.org.br\/inc\/uploads\/2025\/09\/bdf-20250902-182420-493fae-1140x815-1.jpeg","datePublished":"2025-09-05T18:26:42+00:00","dateModified":"2025-09-11T20:24:03+00:00","description":"Atos est\u00e3o sendo convocados em todo o pa\u00eds pelas Frentes Povo Sem Medo e Brasil Popular, entidades sindicais, movimentos sociais e pelo Grito dos Exclu\u00eddos.","breadcrumb":{"@id":"https:\/\/psol50.org.br\/7-de-setembro-nas-ruas-por-um-brasil-soberano-e-mais-justo\/#breadcrumb"},"inLanguage":"pt-BR","potentialAction":[{"@type":"ReadAction","target":["https:\/\/psol50.org.br\/7-de-setembro-nas-ruas-por-um-brasil-soberano-e-mais-justo\/"]}]},{"@type":"ImageObject","inLanguage":"pt-BR","@id":"https:\/\/psol50.org.br\/7-de-setembro-nas-ruas-por-um-brasil-soberano-e-mais-justo\/#primaryimage","url":"https:\/\/psol50.org.br\/inc\/uploads\/2025\/09\/bdf-20250902-182420-493fae-1140x815-1.jpeg","contentUrl":"https:\/\/psol50.org.br\/inc\/uploads\/2025\/09\/bdf-20250902-182420-493fae-1140x815-1.jpeg","width":1140,"height":815,"caption":"Foto: Divulga\u00e7\u00e3o\/MTST"},{"@type":"BreadcrumbList","@id":"https:\/\/psol50.org.br\/7-de-setembro-nas-ruas-por-um-brasil-soberano-e-mais-justo\/#breadcrumb","itemListElement":[{"@type":"ListItem","position":1,"name":"In\u00edcio","item":"https:\/\/psol50.org.br\/"},{"@type":"ListItem","position":2,"name":"7 de Setembro: nas ruas por um Brasil soberano e mais justo"}]},{"@type":"WebSite","@id":"https:\/\/psol50.org.br\/#website","url":"https:\/\/psol50.org.br\/","name":"PSOL 50","description":"Site oficial do Partido Socialismo e Liberdade","publisher":{"@id":"https:\/\/psol50.org.br\/#organization"},"alternateName":"PSOL50","potentialAction":[{"@type":"SearchAction","target":{"@type":"EntryPoint","urlTemplate":"https:\/\/psol50.org.br\/?s={search_term_string}"},"query-input":{"@type":"PropertyValueSpecification","valueRequired":true,"valueName":"search_term_string"}}],"inLanguage":"pt-BR"},{"@type":"Organization","@id":"https:\/\/psol50.org.br\/#organization","name":"PSOL 50","alternateName":"PSOL 50","url":"https:\/\/psol50.org.br\/","logo":{"@type":"ImageObject","inLanguage":"pt-BR","@id":"https:\/\/psol50.org.br\/#\/schema\/logo\/image\/","url":"https:\/\/psol50.org.br\/inc\/uploads\/2018\/07\/capa.png","contentUrl":"https:\/\/psol50.org.br\/inc\/uploads\/2018\/07\/capa.png","width":1350,"height":900,"caption":"PSOL 50"},"image":{"@id":"https:\/\/psol50.org.br\/#\/schema\/logo\/image\/"},"sameAs":["https:\/\/www.facebook.com\/psol50","https:\/\/x.com\/psol50","https:\/\/www.instagram.com\/psol50\/","https:\/\/www.youtube.com\/channel\/UC7SnJS5o1os7a6CaiNabzcg"]},{"@type":"Person","@id":"https:\/\/psol50.org.br\/#\/schema\/person\/475dfa57d0b815993c714c2e96491fcd","name":"Comunica\u00e7\u00e3o PSOL","image":{"@type":"ImageObject","inLanguage":"pt-BR","@id":"https:\/\/psol50.org.br\/#\/schema\/person\/image\/","url":"https:\/\/secure.gravatar.com\/avatar\/b34fc4f4e468a4e51785917065a3db57b841f5c95dba6ad8c73aaf8f66f8f9bf?s=96&d=mm&r=g","contentUrl":"https:\/\/secure.gravatar.com\/avatar\/b34fc4f4e468a4e51785917065a3db57b841f5c95dba6ad8c73aaf8f66f8f9bf?s=96&d=mm&r=g","caption":"Comunica\u00e7\u00e3o PSOL"}}]}},"_links":{"self":[{"href":"https:\/\/psol50.org.br\/rest\/wp\/v2\/posts\/41732","targetHints":{"allow":["GET"]}}],"collection":[{"href":"https:\/\/psol50.org.br\/rest\/wp\/v2\/posts"}],"about":[{"href":"https:\/\/psol50.org.br\/rest\/wp\/v2\/types\/post"}],"author":[{"embeddable":true,"href":"https:\/\/psol50.org.br\/rest\/wp\/v2\/users\/2"}],"replies":[{"embeddable":true,"href":"https:\/\/psol50.org.br\/rest\/wp\/v2\/comments?post=41732"}],"version-history":[{"count":1,"href":"https:\/\/psol50.org.br\/rest\/wp\/v2\/posts\/41732\/revisions"}],"predecessor-version":[{"id":41733,"href":"https:\/\/psol50.org.br\/rest\/wp\/v2\/posts\/41732\/revisions\/41733"}],"wp:featuredmedia":[{"embeddable":true,"href":"https:\/\/psol50.org.br\/rest\/wp\/v2\/media\/41734"}],"wp:attachment":[{"href":"https:\/\/psol50.org.br\/rest\/wp\/v2\/media?parent=41732"}],"wp:term":[{"taxonomy":"category","embeddable":true,"href":"https:\/\/psol50.org.br\/rest\/wp\/v2\/categories?post=41732"},{"taxonomy":"post_tag","embeddable":true,"href":"https:\/\/psol50.org.br\/rest\/wp\/v2\/tags?post=41732"}],"curies":[{"name":"wp","href":"https:\/\/api.w.org\/{rel}","templated":true}]}}