{"id":41737,"date":"2025-09-10T16:37:37","date_gmt":"2025-09-10T19:37:37","guid":{"rendered":"https:\/\/psol50.org.br\/?p=41737"},"modified":"2025-09-17T16:52:22","modified_gmt":"2025-09-17T19:52:22","slug":"psol-e-pt-protocolam-pedido-de-impeachment-contra-tarcisio-de-freitas","status":"publish","type":"post","link":"https:\/\/psol50.org.br\/psol-e-pt-protocolam-pedido-de-impeachment-contra-tarcisio-de-freitas\/","title":{"rendered":"PSOL e PT protocolam pedido de impeachment contra Tarc\u00edsio de Freitas"},"content":{"rendered":"<p>Os l\u00edderes da esquerda na Assembleia Legislativa de S\u00e3o Paulo (Alesp) Guilherme Cortez (PSOL), l\u00edder da federa\u00e7\u00e3o PSOL\/Rede, e Antonio Donato (PT), l\u00edder da federa\u00e7\u00e3o PT\/PCdoB\/PV, protocolaram nesta ter\u00e7a-feira (9) um pedido de impeachment contra o governador de S\u00e3o Paulo Tarc\u00edsio de Freitas (Republicanos) por crime de responsabilidade.<\/p>\n<p>O documento foi encaminhado ao presidente da Alesp Andr\u00e9 do Prado (PL) que decidir\u00e1 sobre a abertura do processo.<\/p>\n<p>Segundo os parlamentares, o governador violou a Constitui\u00e7\u00e3o Federal e a Constitui\u00e7\u00e3o do Estado ao viajar a Bras\u00edlia para articular, em meio ao julgamento do STF, uma anistia para Jair Bolsonaro (PL), investigado por sua participa\u00e7\u00e3o na trama golpista de 8 de janeiro.<\/p>\n<p>O pedido tamb\u00e9m destaca a postura de Tarc\u00edsio no ato bolsonarista do \u00faltimo 7 de setembro, quando, em discurso na Avenida Paulista, o governador chamou o ministro Alexandre de Moraes de \u201cditador\u201d e endossou o coro de \u201cfora Moraes\u201d entoado pelos apoiadores do ex-presidente.<\/p>\n<p>\u201cTrata-se de conduta grav\u00edssima de um chefe de estado federado, que utilizou sua posi\u00e7\u00e3o institucional para hostilizar o Judici\u00e1rio e refor\u00e7ar uma estrat\u00e9gia de golpe continuado contra o Estado democr\u00e1tico de Direito\u201d, afirmam os autores do pedido.<\/p>\n<p>Os parlamentares ainda denunciam o uso de recursos p\u00fablicos para servir a interesses pessoais e eleitorais: \u201c\u00c9 ilegal e imoral um agente p\u00fablico utilizar o er\u00e1rio estadual em defesa de um aliado pol\u00edtico ou de sua ambi\u00e7\u00e3o presidencial.\u201d<\/p>\n","protected":false},"excerpt":{"rendered":"<p>Os l\u00edderes da esquerda na Assembleia Legislativa de S\u00e3o Paulo (Alesp) Guilherme Cortez (PSOL), l\u00edder da federa\u00e7\u00e3o PSOL\/Rede, e Antonio Donato (PT), l\u00edder da federa\u00e7\u00e3o PT\/PCdoB\/PV, protocolaram nesta ter\u00e7a-feira (9) um pedido de impeachment contra o governador de S\u00e3o Paulo Tarc\u00edsio de Freitas (Republicanos) por crime de responsabilidade. O documento foi encaminhado ao presidente da [&hellip;]<\/p>\n","protected":false},"author":2,"featured_media":40883,"comment_status":"closed","ping_status":"open","sticky":false,"template":"","format":"standard","meta":{"_acf_changed":false,"footnotes":""},"categories":[654],"tags":[4825],"class_list":{"0":"post-41737","1":"post","2":"type-post","3":"status-publish","4":"format-standard","5":"has-post-thumbnail","7":"category-estados","8":"tag-noticias"},"acf":[],"yoast_head":"<!-- This site is optimized with the Yoast SEO plugin v26.5 - https:\/\/yoast.com\/wordpress\/plugins\/seo\/ -->\n<title>PSOL e PT protocolam pedido de impeachment contra Tarc\u00edsio de Freitas - PSOL 50<\/title>\n<meta name=\"description\" content=\"PSOL e PT protocolam pedido de impeachment contra Tarc\u00edsio de Freitas por crime de responsabilidade. Saiba mais.\" \/>\n<meta name=\"robots\" content=\"index, follow, max-snippet:-1, max-image-preview:large, max-video-preview:-1\" \/>\n<link rel=\"canonical\" href=\"https:\/\/psol50.org.br\/psol-e-pt-protocolam-pedido-de-impeachment-contra-tarcisio-de-freitas\/\" \/>\n<meta property=\"og:locale\" content=\"pt_BR\" \/>\n<meta property=\"og:type\" content=\"article\" \/>\n<meta property=\"og:title\" content=\"PSOL e PT protocolam pedido de impeachment contra Tarc\u00edsio de Freitas - PSOL 50\" \/>\n<meta property=\"og:description\" content=\"PSOL e PT protocolam pedido de impeachment contra Tarc\u00edsio de Freitas por crime de responsabilidade. Saiba mais.\" \/>\n<meta property=\"og:url\" content=\"https:\/\/psol50.org.br\/psol-e-pt-protocolam-pedido-de-impeachment-contra-tarcisio-de-freitas\/\" \/>\n<meta property=\"og:site_name\" content=\"PSOL 50\" \/>\n<meta property=\"article:publisher\" content=\"https:\/\/www.facebook.com\/psol50\" \/>\n<meta property=\"article:published_time\" content=\"2025-09-10T19:37:37+00:00\" \/>\n<meta property=\"article:modified_time\" content=\"2025-09-17T19:52:22+00:00\" \/>\n<meta property=\"og:image\" content=\"https:\/\/psol50.org.br\/inc\/uploads\/2025\/03\/lula-mobilidade-sp_mcamgo_abr_29112024-10.webp\" \/>\n\t<meta property=\"og:image:width\" content=\"1024\" \/>\n\t<meta property=\"og:image:height\" content=\"768\" \/>\n\t<meta property=\"og:image:type\" content=\"image\/webp\" \/>\n<meta name=\"author\" content=\"Comunica\u00e7\u00e3o PSOL\" \/>\n<meta name=\"twitter:card\" content=\"summary_large_image\" \/>\n<meta name=\"twitter:creator\" content=\"@psol50\" \/>\n<meta name=\"twitter:site\" content=\"@psol50\" \/>\n<meta name=\"twitter:label1\" content=\"Escrito por\" \/>\n\t<meta name=\"twitter:data1\" content=\"Comunica\u00e7\u00e3o PSOL\" \/>\n\t<meta name=\"twitter:label2\" content=\"Est. tempo de leitura\" \/>\n\t<meta name=\"twitter:data2\" content=\"1 minuto\" \/>\n<script type=\"application\/ld+json\" class=\"yoast-schema-graph\">{\"@context\":\"https:\/\/schema.org\",\"@graph\":[{\"@type\":\"Article\",\"@id\":\"https:\/\/psol50.org.br\/psol-e-pt-protocolam-pedido-de-impeachment-contra-tarcisio-de-freitas\/#article\",\"isPartOf\":{\"@id\":\"https:\/\/psol50.org.br\/psol-e-pt-protocolam-pedido-de-impeachment-contra-tarcisio-de-freitas\/\"},\"author\":{\"name\":\"Comunica\u00e7\u00e3o PSOL\",\"@id\":\"https:\/\/psol50.org.br\/#\/schema\/person\/475dfa57d0b815993c714c2e96491fcd\"},\"headline\":\"PSOL e PT protocolam pedido de impeachment contra Tarc\u00edsio de Freitas\",\"datePublished\":\"2025-09-10T19:37:37+00:00\",\"dateModified\":\"2025-09-17T19:52:22+00:00\",\"mainEntityOfPage\":{\"@id\":\"https:\/\/psol50.org.br\/psol-e-pt-protocolam-pedido-de-impeachment-contra-tarcisio-de-freitas\/\"},\"wordCount\":266,\"publisher\":{\"@id\":\"https:\/\/psol50.org.br\/#organization\"},\"image\":{\"@id\":\"https:\/\/psol50.org.br\/psol-e-pt-protocolam-pedido-de-impeachment-contra-tarcisio-de-freitas\/#primaryimage\"},\"thumbnailUrl\":\"https:\/\/psol50.org.br\/inc\/uploads\/2025\/03\/lula-mobilidade-sp_mcamgo_abr_29112024-10.webp\",\"keywords\":[\"Not\u00edcias\"],\"articleSection\":[\"Estados\"],\"inLanguage\":\"pt-BR\"},{\"@type\":\"WebPage\",\"@id\":\"https:\/\/psol50.org.br\/psol-e-pt-protocolam-pedido-de-impeachment-contra-tarcisio-de-freitas\/\",\"url\":\"https:\/\/psol50.org.br\/psol-e-pt-protocolam-pedido-de-impeachment-contra-tarcisio-de-freitas\/\",\"name\":\"PSOL e PT protocolam pedido de impeachment contra Tarc\u00edsio de Freitas - PSOL 50\",\"isPartOf\":{\"@id\":\"https:\/\/psol50.org.br\/#website\"},\"primaryImageOfPage\":{\"@id\":\"https:\/\/psol50.org.br\/psol-e-pt-protocolam-pedido-de-impeachment-contra-tarcisio-de-freitas\/#primaryimage\"},\"image\":{\"@id\":\"https:\/\/psol50.org.br\/psol-e-pt-protocolam-pedido-de-impeachment-contra-tarcisio-de-freitas\/#primaryimage\"},\"thumbnailUrl\":\"https:\/\/psol50.org.br\/inc\/uploads\/2025\/03\/lula-mobilidade-sp_mcamgo_abr_29112024-10.webp\",\"datePublished\":\"2025-09-10T19:37:37+00:00\",\"dateModified\":\"2025-09-17T19:52:22+00:00\",\"description\":\"PSOL e PT protocolam pedido de impeachment contra Tarc\u00edsio de Freitas por crime de responsabilidade. Saiba mais.\",\"breadcrumb\":{\"@id\":\"https:\/\/psol50.org.br\/psol-e-pt-protocolam-pedido-de-impeachment-contra-tarcisio-de-freitas\/#breadcrumb\"},\"inLanguage\":\"pt-BR\",\"potentialAction\":[{\"@type\":\"ReadAction\",\"target\":[\"https:\/\/psol50.org.br\/psol-e-pt-protocolam-pedido-de-impeachment-contra-tarcisio-de-freitas\/\"]}]},{\"@type\":\"ImageObject\",\"inLanguage\":\"pt-BR\",\"@id\":\"https:\/\/psol50.org.br\/psol-e-pt-protocolam-pedido-de-impeachment-contra-tarcisio-de-freitas\/#primaryimage\",\"url\":\"https:\/\/psol50.org.br\/inc\/uploads\/2025\/03\/lula-mobilidade-sp_mcamgo_abr_29112024-10.webp\",\"contentUrl\":\"https:\/\/psol50.org.br\/inc\/uploads\/2025\/03\/lula-mobilidade-sp_mcamgo_abr_29112024-10.webp\",\"width\":1024,\"height\":768,\"caption\":\"Marcelo Camargo\/Ag\u00eancia Brasil\"},{\"@type\":\"BreadcrumbList\",\"@id\":\"https:\/\/psol50.org.br\/psol-e-pt-protocolam-pedido-de-impeachment-contra-tarcisio-de-freitas\/#breadcrumb\",\"itemListElement\":[{\"@type\":\"ListItem\",\"position\":1,\"name\":\"In\u00edcio\",\"item\":\"https:\/\/psol50.org.br\/\"},{\"@type\":\"ListItem\",\"position\":2,\"name\":\"PSOL e PT protocolam pedido de impeachment contra Tarc\u00edsio de Freitas\"}]},{\"@type\":\"WebSite\",\"@id\":\"https:\/\/psol50.org.br\/#website\",\"url\":\"https:\/\/psol50.org.br\/\",\"name\":\"PSOL 50\",\"description\":\"Site oficial do Partido Socialismo e Liberdade\",\"publisher\":{\"@id\":\"https:\/\/psol50.org.br\/#organization\"},\"alternateName\":\"PSOL50\",\"potentialAction\":[{\"@type\":\"SearchAction\",\"target\":{\"@type\":\"EntryPoint\",\"urlTemplate\":\"https:\/\/psol50.org.br\/?s={search_term_string}\"},\"query-input\":{\"@type\":\"PropertyValueSpecification\",\"valueRequired\":true,\"valueName\":\"search_term_string\"}}],\"inLanguage\":\"pt-BR\"},{\"@type\":\"Organization\",\"@id\":\"https:\/\/psol50.org.br\/#organization\",\"name\":\"PSOL 50\",\"alternateName\":\"PSOL 50\",\"url\":\"https:\/\/psol50.org.br\/\",\"logo\":{\"@type\":\"ImageObject\",\"inLanguage\":\"pt-BR\",\"@id\":\"https:\/\/psol50.org.br\/#\/schema\/logo\/image\/\",\"url\":\"https:\/\/psol50.org.br\/inc\/uploads\/2018\/07\/capa.png\",\"contentUrl\":\"https:\/\/psol50.org.br\/inc\/uploads\/2018\/07\/capa.png\",\"width\":1350,\"height\":900,\"caption\":\"PSOL 50\"},\"image\":{\"@id\":\"https:\/\/psol50.org.br\/#\/schema\/logo\/image\/\"},\"sameAs\":[\"https:\/\/www.facebook.com\/psol50\",\"https:\/\/x.com\/psol50\",\"https:\/\/www.instagram.com\/psol50\/\",\"https:\/\/www.youtube.com\/channel\/UC7SnJS5o1os7a6CaiNabzcg\"]},{\"@type\":\"Person\",\"@id\":\"https:\/\/psol50.org.br\/#\/schema\/person\/475dfa57d0b815993c714c2e96491fcd\",\"name\":\"Comunica\u00e7\u00e3o PSOL\",\"image\":{\"@type\":\"ImageObject\",\"inLanguage\":\"pt-BR\",\"@id\":\"https:\/\/psol50.org.br\/#\/schema\/person\/image\/\",\"url\":\"https:\/\/secure.gravatar.com\/avatar\/b34fc4f4e468a4e51785917065a3db57b841f5c95dba6ad8c73aaf8f66f8f9bf?s=96&d=mm&r=g\",\"contentUrl\":\"https:\/\/secure.gravatar.com\/avatar\/b34fc4f4e468a4e51785917065a3db57b841f5c95dba6ad8c73aaf8f66f8f9bf?s=96&d=mm&r=g\",\"caption\":\"Comunica\u00e7\u00e3o PSOL\"}}]}<\/script>\n<!-- \/ Yoast SEO plugin. -->","yoast_head_json":{"title":"PSOL e PT protocolam pedido de impeachment contra Tarc\u00edsio de Freitas - PSOL 50","description":"PSOL e PT protocolam pedido de impeachment contra Tarc\u00edsio de Freitas por crime de responsabilidade. Saiba mais.","robots":{"index":"index","follow":"follow","max-snippet":"max-snippet:-1","max-image-preview":"max-image-preview:large","max-video-preview":"max-video-preview:-1"},"canonical":"https:\/\/psol50.org.br\/psol-e-pt-protocolam-pedido-de-impeachment-contra-tarcisio-de-freitas\/","og_locale":"pt_BR","og_type":"article","og_title":"PSOL e PT protocolam pedido de impeachment contra Tarc\u00edsio de Freitas - PSOL 50","og_description":"PSOL e PT protocolam pedido de impeachment contra Tarc\u00edsio de Freitas por crime de responsabilidade. Saiba mais.","og_url":"https:\/\/psol50.org.br\/psol-e-pt-protocolam-pedido-de-impeachment-contra-tarcisio-de-freitas\/","og_site_name":"PSOL 50","article_publisher":"https:\/\/www.facebook.com\/psol50","article_published_time":"2025-09-10T19:37:37+00:00","article_modified_time":"2025-09-17T19:52:22+00:00","og_image":[{"width":1024,"height":768,"url":"https:\/\/psol50.org.br\/inc\/uploads\/2025\/03\/lula-mobilidade-sp_mcamgo_abr_29112024-10.webp","type":"image\/webp"}],"author":"Comunica\u00e7\u00e3o PSOL","twitter_card":"summary_large_image","twitter_creator":"@psol50","twitter_site":"@psol50","twitter_misc":{"Escrito por":"Comunica\u00e7\u00e3o PSOL","Est. tempo de leitura":"1 minuto"},"schema":{"@context":"https:\/\/schema.org","@graph":[{"@type":"Article","@id":"https:\/\/psol50.org.br\/psol-e-pt-protocolam-pedido-de-impeachment-contra-tarcisio-de-freitas\/#article","isPartOf":{"@id":"https:\/\/psol50.org.br\/psol-e-pt-protocolam-pedido-de-impeachment-contra-tarcisio-de-freitas\/"},"author":{"name":"Comunica\u00e7\u00e3o PSOL","@id":"https:\/\/psol50.org.br\/#\/schema\/person\/475dfa57d0b815993c714c2e96491fcd"},"headline":"PSOL e PT protocolam pedido de impeachment contra Tarc\u00edsio de Freitas","datePublished":"2025-09-10T19:37:37+00:00","dateModified":"2025-09-17T19:52:22+00:00","mainEntityOfPage":{"@id":"https:\/\/psol50.org.br\/psol-e-pt-protocolam-pedido-de-impeachment-contra-tarcisio-de-freitas\/"},"wordCount":266,"publisher":{"@id":"https:\/\/psol50.org.br\/#organization"},"image":{"@id":"https:\/\/psol50.org.br\/psol-e-pt-protocolam-pedido-de-impeachment-contra-tarcisio-de-freitas\/#primaryimage"},"thumbnailUrl":"https:\/\/psol50.org.br\/inc\/uploads\/2025\/03\/lula-mobilidade-sp_mcamgo_abr_29112024-10.webp","keywords":["Not\u00edcias"],"articleSection":["Estados"],"inLanguage":"pt-BR"},{"@type":"WebPage","@id":"https:\/\/psol50.org.br\/psol-e-pt-protocolam-pedido-de-impeachment-contra-tarcisio-de-freitas\/","url":"https:\/\/psol50.org.br\/psol-e-pt-protocolam-pedido-de-impeachment-contra-tarcisio-de-freitas\/","name":"PSOL e PT protocolam pedido de impeachment contra Tarc\u00edsio de Freitas - PSOL 50","isPartOf":{"@id":"https:\/\/psol50.org.br\/#website"},"primaryImageOfPage":{"@id":"https:\/\/psol50.org.br\/psol-e-pt-protocolam-pedido-de-impeachment-contra-tarcisio-de-freitas\/#primaryimage"},"image":{"@id":"https:\/\/psol50.org.br\/psol-e-pt-protocolam-pedido-de-impeachment-contra-tarcisio-de-freitas\/#primaryimage"},"thumbnailUrl":"https:\/\/psol50.org.br\/inc\/uploads\/2025\/03\/lula-mobilidade-sp_mcamgo_abr_29112024-10.webp","datePublished":"2025-09-10T19:37:37+00:00","dateModified":"2025-09-17T19:52:22+00:00","description":"PSOL e PT protocolam pedido de impeachment contra Tarc\u00edsio de Freitas por crime de responsabilidade. Saiba mais.","breadcrumb":{"@id":"https:\/\/psol50.org.br\/psol-e-pt-protocolam-pedido-de-impeachment-contra-tarcisio-de-freitas\/#breadcrumb"},"inLanguage":"pt-BR","potentialAction":[{"@type":"ReadAction","target":["https:\/\/psol50.org.br\/psol-e-pt-protocolam-pedido-de-impeachment-contra-tarcisio-de-freitas\/"]}]},{"@type":"ImageObject","inLanguage":"pt-BR","@id":"https:\/\/psol50.org.br\/psol-e-pt-protocolam-pedido-de-impeachment-contra-tarcisio-de-freitas\/#primaryimage","url":"https:\/\/psol50.org.br\/inc\/uploads\/2025\/03\/lula-mobilidade-sp_mcamgo_abr_29112024-10.webp","contentUrl":"https:\/\/psol50.org.br\/inc\/uploads\/2025\/03\/lula-mobilidade-sp_mcamgo_abr_29112024-10.webp","width":1024,"height":768,"caption":"Marcelo Camargo\/Ag\u00eancia Brasil"},{"@type":"BreadcrumbList","@id":"https:\/\/psol50.org.br\/psol-e-pt-protocolam-pedido-de-impeachment-contra-tarcisio-de-freitas\/#breadcrumb","itemListElement":[{"@type":"ListItem","position":1,"name":"In\u00edcio","item":"https:\/\/psol50.org.br\/"},{"@type":"ListItem","position":2,"name":"PSOL e PT protocolam pedido de impeachment contra Tarc\u00edsio de Freitas"}]},{"@type":"WebSite","@id":"https:\/\/psol50.org.br\/#website","url":"https:\/\/psol50.org.br\/","name":"PSOL 50","description":"Site oficial do Partido Socialismo e Liberdade","publisher":{"@id":"https:\/\/psol50.org.br\/#organization"},"alternateName":"PSOL50","potentialAction":[{"@type":"SearchAction","target":{"@type":"EntryPoint","urlTemplate":"https:\/\/psol50.org.br\/?s={search_term_string}"},"query-input":{"@type":"PropertyValueSpecification","valueRequired":true,"valueName":"search_term_string"}}],"inLanguage":"pt-BR"},{"@type":"Organization","@id":"https:\/\/psol50.org.br\/#organization","name":"PSOL 50","alternateName":"PSOL 50","url":"https:\/\/psol50.org.br\/","logo":{"@type":"ImageObject","inLanguage":"pt-BR","@id":"https:\/\/psol50.org.br\/#\/schema\/logo\/image\/","url":"https:\/\/psol50.org.br\/inc\/uploads\/2018\/07\/capa.png","contentUrl":"https:\/\/psol50.org.br\/inc\/uploads\/2018\/07\/capa.png","width":1350,"height":900,"caption":"PSOL 50"},"image":{"@id":"https:\/\/psol50.org.br\/#\/schema\/logo\/image\/"},"sameAs":["https:\/\/www.facebook.com\/psol50","https:\/\/x.com\/psol50","https:\/\/www.instagram.com\/psol50\/","https:\/\/www.youtube.com\/channel\/UC7SnJS5o1os7a6CaiNabzcg"]},{"@type":"Person","@id":"https:\/\/psol50.org.br\/#\/schema\/person\/475dfa57d0b815993c714c2e96491fcd","name":"Comunica\u00e7\u00e3o PSOL","image":{"@type":"ImageObject","inLanguage":"pt-BR","@id":"https:\/\/psol50.org.br\/#\/schema\/person\/image\/","url":"https:\/\/secure.gravatar.com\/avatar\/b34fc4f4e468a4e51785917065a3db57b841f5c95dba6ad8c73aaf8f66f8f9bf?s=96&d=mm&r=g","contentUrl":"https:\/\/secure.gravatar.com\/avatar\/b34fc4f4e468a4e51785917065a3db57b841f5c95dba6ad8c73aaf8f66f8f9bf?s=96&d=mm&r=g","caption":"Comunica\u00e7\u00e3o PSOL"}}]}},"_links":{"self":[{"href":"https:\/\/psol50.org.br\/rest\/wp\/v2\/posts\/41737","targetHints":{"allow":["GET"]}}],"collection":[{"href":"https:\/\/psol50.org.br\/rest\/wp\/v2\/posts"}],"about":[{"href":"https:\/\/psol50.org.br\/rest\/wp\/v2\/types\/post"}],"author":[{"embeddable":true,"href":"https:\/\/psol50.org.br\/rest\/wp\/v2\/users\/2"}],"replies":[{"embeddable":true,"href":"https:\/\/psol50.org.br\/rest\/wp\/v2\/comments?post=41737"}],"version-history":[{"count":2,"href":"https:\/\/psol50.org.br\/rest\/wp\/v2\/posts\/41737\/revisions"}],"predecessor-version":[{"id":41739,"href":"https:\/\/psol50.org.br\/rest\/wp\/v2\/posts\/41737\/revisions\/41739"}],"wp:featuredmedia":[{"embeddable":true,"href":"https:\/\/psol50.org.br\/rest\/wp\/v2\/media\/40883"}],"wp:attachment":[{"href":"https:\/\/psol50.org.br\/rest\/wp\/v2\/media?parent=41737"}],"wp:term":[{"taxonomy":"category","embeddable":true,"href":"https:\/\/psol50.org.br\/rest\/wp\/v2\/categories?post=41737"},{"taxonomy":"post_tag","embeddable":true,"href":"https:\/\/psol50.org.br\/rest\/wp\/v2\/tags?post=41737"}],"curies":[{"name":"wp","href":"https:\/\/api.w.org\/{rel}","templated":true}]}}