{"id":41747,"date":"2025-09-12T16:49:20","date_gmt":"2025-09-12T19:49:20","guid":{"rendered":"https:\/\/psol50.org.br\/?p=41747"},"modified":"2025-09-25T17:19:28","modified_gmt":"2025-09-25T20:19:28","slug":"vitoria-da-democracia-bolsonaro-condenado-a-27-anos-e-3-meses-de-prisao","status":"publish","type":"post","link":"https:\/\/psol50.org.br\/vitoria-da-democracia-bolsonaro-condenado-a-27-anos-e-3-meses-de-prisao\/","title":{"rendered":"VIT\u00d3RIA DA DEMOCRACIA! Bolsonaro condenado a 27 anos e 3 meses de pris\u00e3o"},"content":{"rendered":"<p>No dia 11 de setembro de 2025, a Primeira Turma do Supremo Tribunal Federal (STF) condenou o golpista Jair Bolsonaro a 27 anos e 3 meses de pris\u00e3o, em regime inicialmente fechado, pelos crimes de tentativa de golpe de Estado, pertencimento a organiza\u00e7\u00e3o criminosa armada, tentativa de aboli\u00e7\u00e3o violenta do Estado Democr\u00e1tico de Direito, dano qualificado e deteriora\u00e7\u00e3o de patrim\u00f4nio tombado.<\/p>\n<p>A decis\u00e3o representa n\u00e3o apenas um marco jur\u00eddico e pol\u00edtico ao condenar golpistas pela primeira vez na hist\u00f3ria do Brasil, mas tamb\u00e9m evidencia a defesa do Estado Democr\u00e1tico de Direito.<\/p>\n<p>O STF decidiu por maioria (4 votos a 1). Os ministros Alexandre de Moraes (relator), Fl\u00e1vio Dino, C\u00e1rmen L\u00facia e Cristiano Zanin votaram pela condena\u00e7\u00e3o. O ministro Luiz Fux foi o \u00fanico a votar pela absolvi\u00e7\u00e3o. A pena de Bolsonaro ser\u00e1 cumprida inicialmente em regime fechado.<\/p>\n<p>\u201cN\u00f3s tivemos por um triz de entrar numa nova ditadura militar, um fechamento do Congresso, do Supremo, pris\u00f5es, torturas, desaparecimentos, censura, fim da liberdade de organiza\u00e7\u00e3o. O que aconteceu aqui hoje \u00e9 fundamental em 130 anos de Rep\u00fablica&#8221;, disse o deputado federal Ivan Valente (PSOL), sobrevivente da luta contra a ditadura militar e que acompanhou o julgamento presencialmente.<\/p>\n<p>&#8220;Eu passei uns tr\u00eas dias aqui (no STF) porque eu queria ver o Brasil se libertar do fantasma, inclusive da anistia de 79, onde os torturadores foram blindados. Por isso \u00e9 que n\u00f3s estamos aqui, pela democracia, pela igualdade social, por um projeto de na\u00e7\u00e3o para esse pa\u00eds e pelo combate ao retrocesso civilizat\u00f3rio\u201d, concluiu.<\/p>\n<p data-prosemirror-content-type=\"node\" data-prosemirror-node-name=\"paragraph\" data-prosemirror-node-block=\"true\" data-pm-slice=\"1 1 []\">A presidenta do PSOL Paula Coradi tamb\u00e9m celebrou o resultado do julgamento. &#8220;O Brasil, tantas vezes marcado pela instabilidade democr\u00e1tica, d\u00e1 um passo hist\u00f3rico: condenar Bolsonaro e os generais do golpe. A democracia venceu e n\u00e3o haver\u00e1 anistia para quem tentou rasgar a Constitui\u00e7\u00e3o. A justi\u00e7a prevalece, o Brasil afirma sua soberania e os traidores da p\u00e1tria v\u00e3o pagar caro pelos seus crimes&#8221;, disse Coradi.<\/p>\n","protected":false},"excerpt":{"rendered":"<p>No dia 11 de setembro de 2025, a Primeira Turma do Supremo Tribunal Federal (STF) condenou o golpista Jair Bolsonaro a 27 anos e 3 meses de pris\u00e3o, em regime inicialmente fechado, pelos crimes de tentativa de golpe de Estado, pertencimento a organiza\u00e7\u00e3o criminosa armada, tentativa de aboli\u00e7\u00e3o violenta do Estado Democr\u00e1tico de Direito, dano [&hellip;]<\/p>\n","protected":false},"author":2,"featured_media":35622,"comment_status":"closed","ping_status":"open","sticky":false,"template":"","format":"standard","meta":{"_acf_changed":false,"footnotes":""},"categories":[1882],"tags":[4825],"class_list":{"0":"post-41747","1":"post","2":"type-post","3":"status-publish","4":"format-standard","5":"has-post-thumbnail","7":"category-brasil","8":"tag-noticias"},"acf":[],"yoast_head":"<!-- This site is optimized with the Yoast SEO plugin v26.5 - https:\/\/yoast.com\/wordpress\/plugins\/seo\/ -->\n<title>VIT\u00d3RIA DA DEMOCRACIA! Bolsonaro condenado a 27 anos e 3 meses de pris\u00e3o<\/title>\n<meta name=\"description\" content=\"Ele foi condenado pelos crimes de tentativa de golpe de Estado, pertencimento a organiza\u00e7\u00e3o criminosa armada, tentativa de aboli\u00e7\u00e3o violenta do Estado Democr\u00e1tico de Direito, dano qualificado e deteriora\u00e7\u00e3o de patrim\u00f4nio tombado.\" \/>\n<meta name=\"robots\" content=\"index, follow, max-snippet:-1, max-image-preview:large, max-video-preview:-1\" \/>\n<link rel=\"canonical\" href=\"https:\/\/psol50.org.br\/vitoria-da-democracia-bolsonaro-condenado-a-27-anos-e-3-meses-de-prisao\/\" \/>\n<meta property=\"og:locale\" content=\"pt_BR\" \/>\n<meta property=\"og:type\" content=\"article\" \/>\n<meta property=\"og:title\" content=\"VIT\u00d3RIA DA DEMOCRACIA! Bolsonaro condenado a 27 anos e 3 meses de pris\u00e3o\" \/>\n<meta property=\"og:description\" content=\"Ele foi condenado pelos crimes de tentativa de golpe de Estado, pertencimento a organiza\u00e7\u00e3o criminosa armada, tentativa de aboli\u00e7\u00e3o violenta do Estado Democr\u00e1tico de Direito, dano qualificado e deteriora\u00e7\u00e3o de patrim\u00f4nio tombado.\" \/>\n<meta property=\"og:url\" content=\"https:\/\/psol50.org.br\/vitoria-da-democracia-bolsonaro-condenado-a-27-anos-e-3-meses-de-prisao\/\" \/>\n<meta property=\"og:site_name\" content=\"PSOL 50\" \/>\n<meta property=\"article:publisher\" content=\"https:\/\/www.facebook.com\/psol50\" \/>\n<meta property=\"article:published_time\" content=\"2025-09-12T19:49:20+00:00\" \/>\n<meta property=\"article:modified_time\" content=\"2025-09-25T20:19:28+00:00\" \/>\n<meta property=\"og:image\" content=\"https:\/\/psol50.org.br\/inc\/uploads\/2022\/04\/Captura-de-Tela-2022-04-14-a\u0300s-11.11.06-1024x684.png\" \/>\n\t<meta property=\"og:image:width\" content=\"1024\" \/>\n\t<meta property=\"og:image:height\" content=\"684\" \/>\n\t<meta property=\"og:image:type\" content=\"image\/png\" \/>\n<meta name=\"author\" content=\"Comunica\u00e7\u00e3o PSOL\" \/>\n<meta name=\"twitter:card\" content=\"summary_large_image\" \/>\n<meta name=\"twitter:creator\" content=\"@psol50\" \/>\n<meta name=\"twitter:site\" content=\"@psol50\" \/>\n<meta name=\"twitter:label1\" content=\"Escrito por\" \/>\n\t<meta name=\"twitter:data1\" content=\"Comunica\u00e7\u00e3o PSOL\" \/>\n\t<meta name=\"twitter:label2\" content=\"Est. tempo de leitura\" \/>\n\t<meta name=\"twitter:data2\" content=\"2 minutos\" \/>\n<script type=\"application\/ld+json\" class=\"yoast-schema-graph\">{\"@context\":\"https:\/\/schema.org\",\"@graph\":[{\"@type\":\"Article\",\"@id\":\"https:\/\/psol50.org.br\/vitoria-da-democracia-bolsonaro-condenado-a-27-anos-e-3-meses-de-prisao\/#article\",\"isPartOf\":{\"@id\":\"https:\/\/psol50.org.br\/vitoria-da-democracia-bolsonaro-condenado-a-27-anos-e-3-meses-de-prisao\/\"},\"author\":{\"name\":\"Comunica\u00e7\u00e3o PSOL\",\"@id\":\"https:\/\/psol50.org.br\/#\/schema\/person\/475dfa57d0b815993c714c2e96491fcd\"},\"headline\":\"VIT\u00d3RIA DA DEMOCRACIA! Bolsonaro condenado a 27 anos e 3 meses de pris\u00e3o\",\"datePublished\":\"2025-09-12T19:49:20+00:00\",\"dateModified\":\"2025-09-25T20:19:28+00:00\",\"mainEntityOfPage\":{\"@id\":\"https:\/\/psol50.org.br\/vitoria-da-democracia-bolsonaro-condenado-a-27-anos-e-3-meses-de-prisao\/\"},\"wordCount\":353,\"publisher\":{\"@id\":\"https:\/\/psol50.org.br\/#organization\"},\"image\":{\"@id\":\"https:\/\/psol50.org.br\/vitoria-da-democracia-bolsonaro-condenado-a-27-anos-e-3-meses-de-prisao\/#primaryimage\"},\"thumbnailUrl\":\"https:\/\/psol50.org.br\/inc\/uploads\/2022\/04\/Captura-de-Tela-2022-04-14-a\u0300s-11.11.06.png\",\"keywords\":[\"Not\u00edcias\"],\"articleSection\":[\"Brasil\"],\"inLanguage\":\"pt-BR\"},{\"@type\":\"WebPage\",\"@id\":\"https:\/\/psol50.org.br\/vitoria-da-democracia-bolsonaro-condenado-a-27-anos-e-3-meses-de-prisao\/\",\"url\":\"https:\/\/psol50.org.br\/vitoria-da-democracia-bolsonaro-condenado-a-27-anos-e-3-meses-de-prisao\/\",\"name\":\"VIT\u00d3RIA DA DEMOCRACIA! Bolsonaro condenado a 27 anos e 3 meses de pris\u00e3o\",\"isPartOf\":{\"@id\":\"https:\/\/psol50.org.br\/#website\"},\"primaryImageOfPage\":{\"@id\":\"https:\/\/psol50.org.br\/vitoria-da-democracia-bolsonaro-condenado-a-27-anos-e-3-meses-de-prisao\/#primaryimage\"},\"image\":{\"@id\":\"https:\/\/psol50.org.br\/vitoria-da-democracia-bolsonaro-condenado-a-27-anos-e-3-meses-de-prisao\/#primaryimage\"},\"thumbnailUrl\":\"https:\/\/psol50.org.br\/inc\/uploads\/2022\/04\/Captura-de-Tela-2022-04-14-a\u0300s-11.11.06.png\",\"datePublished\":\"2025-09-12T19:49:20+00:00\",\"dateModified\":\"2025-09-25T20:19:28+00:00\",\"description\":\"Ele foi condenado pelos crimes de tentativa de golpe de Estado, pertencimento a organiza\u00e7\u00e3o criminosa armada, tentativa de aboli\u00e7\u00e3o violenta do Estado Democr\u00e1tico de Direito, dano qualificado e deteriora\u00e7\u00e3o de patrim\u00f4nio tombado.\",\"breadcrumb\":{\"@id\":\"https:\/\/psol50.org.br\/vitoria-da-democracia-bolsonaro-condenado-a-27-anos-e-3-meses-de-prisao\/#breadcrumb\"},\"inLanguage\":\"pt-BR\",\"potentialAction\":[{\"@type\":\"ReadAction\",\"target\":[\"https:\/\/psol50.org.br\/vitoria-da-democracia-bolsonaro-condenado-a-27-anos-e-3-meses-de-prisao\/\"]}]},{\"@type\":\"ImageObject\",\"inLanguage\":\"pt-BR\",\"@id\":\"https:\/\/psol50.org.br\/vitoria-da-democracia-bolsonaro-condenado-a-27-anos-e-3-meses-de-prisao\/#primaryimage\",\"url\":\"https:\/\/psol50.org.br\/inc\/uploads\/2022\/04\/Captura-de-Tela-2022-04-14-a\u0300s-11.11.06.png\",\"contentUrl\":\"https:\/\/psol50.org.br\/inc\/uploads\/2022\/04\/Captura-de-Tela-2022-04-14-a\u0300s-11.11.06.png\",\"width\":2152,\"height\":1438,\"caption\":\"Foto: S\u00e9rgio Lima\/Poder360\"},{\"@type\":\"BreadcrumbList\",\"@id\":\"https:\/\/psol50.org.br\/vitoria-da-democracia-bolsonaro-condenado-a-27-anos-e-3-meses-de-prisao\/#breadcrumb\",\"itemListElement\":[{\"@type\":\"ListItem\",\"position\":1,\"name\":\"In\u00edcio\",\"item\":\"https:\/\/psol50.org.br\/\"},{\"@type\":\"ListItem\",\"position\":2,\"name\":\"VIT\u00d3RIA DA DEMOCRACIA! Bolsonaro condenado a 27 anos e 3 meses de pris\u00e3o\"}]},{\"@type\":\"WebSite\",\"@id\":\"https:\/\/psol50.org.br\/#website\",\"url\":\"https:\/\/psol50.org.br\/\",\"name\":\"PSOL 50\",\"description\":\"Site oficial do Partido Socialismo e Liberdade\",\"publisher\":{\"@id\":\"https:\/\/psol50.org.br\/#organization\"},\"alternateName\":\"PSOL50\",\"potentialAction\":[{\"@type\":\"SearchAction\",\"target\":{\"@type\":\"EntryPoint\",\"urlTemplate\":\"https:\/\/psol50.org.br\/?s={search_term_string}\"},\"query-input\":{\"@type\":\"PropertyValueSpecification\",\"valueRequired\":true,\"valueName\":\"search_term_string\"}}],\"inLanguage\":\"pt-BR\"},{\"@type\":\"Organization\",\"@id\":\"https:\/\/psol50.org.br\/#organization\",\"name\":\"PSOL 50\",\"alternateName\":\"PSOL 50\",\"url\":\"https:\/\/psol50.org.br\/\",\"logo\":{\"@type\":\"ImageObject\",\"inLanguage\":\"pt-BR\",\"@id\":\"https:\/\/psol50.org.br\/#\/schema\/logo\/image\/\",\"url\":\"https:\/\/psol50.org.br\/inc\/uploads\/2018\/07\/capa.png\",\"contentUrl\":\"https:\/\/psol50.org.br\/inc\/uploads\/2018\/07\/capa.png\",\"width\":1350,\"height\":900,\"caption\":\"PSOL 50\"},\"image\":{\"@id\":\"https:\/\/psol50.org.br\/#\/schema\/logo\/image\/\"},\"sameAs\":[\"https:\/\/www.facebook.com\/psol50\",\"https:\/\/x.com\/psol50\",\"https:\/\/www.instagram.com\/psol50\/\",\"https:\/\/www.youtube.com\/channel\/UC7SnJS5o1os7a6CaiNabzcg\"]},{\"@type\":\"Person\",\"@id\":\"https:\/\/psol50.org.br\/#\/schema\/person\/475dfa57d0b815993c714c2e96491fcd\",\"name\":\"Comunica\u00e7\u00e3o PSOL\",\"image\":{\"@type\":\"ImageObject\",\"inLanguage\":\"pt-BR\",\"@id\":\"https:\/\/psol50.org.br\/#\/schema\/person\/image\/\",\"url\":\"https:\/\/secure.gravatar.com\/avatar\/b34fc4f4e468a4e51785917065a3db57b841f5c95dba6ad8c73aaf8f66f8f9bf?s=96&d=mm&r=g\",\"contentUrl\":\"https:\/\/secure.gravatar.com\/avatar\/b34fc4f4e468a4e51785917065a3db57b841f5c95dba6ad8c73aaf8f66f8f9bf?s=96&d=mm&r=g\",\"caption\":\"Comunica\u00e7\u00e3o PSOL\"}}]}<\/script>\n<!-- \/ Yoast SEO plugin. -->","yoast_head_json":{"title":"VIT\u00d3RIA DA DEMOCRACIA! Bolsonaro condenado a 27 anos e 3 meses de pris\u00e3o","description":"Ele foi condenado pelos crimes de tentativa de golpe de Estado, pertencimento a organiza\u00e7\u00e3o criminosa armada, tentativa de aboli\u00e7\u00e3o violenta do Estado Democr\u00e1tico de Direito, dano qualificado e deteriora\u00e7\u00e3o de patrim\u00f4nio tombado.","robots":{"index":"index","follow":"follow","max-snippet":"max-snippet:-1","max-image-preview":"max-image-preview:large","max-video-preview":"max-video-preview:-1"},"canonical":"https:\/\/psol50.org.br\/vitoria-da-democracia-bolsonaro-condenado-a-27-anos-e-3-meses-de-prisao\/","og_locale":"pt_BR","og_type":"article","og_title":"VIT\u00d3RIA DA DEMOCRACIA! Bolsonaro condenado a 27 anos e 3 meses de pris\u00e3o","og_description":"Ele foi condenado pelos crimes de tentativa de golpe de Estado, pertencimento a organiza\u00e7\u00e3o criminosa armada, tentativa de aboli\u00e7\u00e3o violenta do Estado Democr\u00e1tico de Direito, dano qualificado e deteriora\u00e7\u00e3o de patrim\u00f4nio tombado.","og_url":"https:\/\/psol50.org.br\/vitoria-da-democracia-bolsonaro-condenado-a-27-anos-e-3-meses-de-prisao\/","og_site_name":"PSOL 50","article_publisher":"https:\/\/www.facebook.com\/psol50","article_published_time":"2025-09-12T19:49:20+00:00","article_modified_time":"2025-09-25T20:19:28+00:00","og_image":[{"width":1024,"height":684,"url":"https:\/\/psol50.org.br\/inc\/uploads\/2022\/04\/Captura-de-Tela-2022-04-14-a\u0300s-11.11.06-1024x684.png","type":"image\/png"}],"author":"Comunica\u00e7\u00e3o PSOL","twitter_card":"summary_large_image","twitter_creator":"@psol50","twitter_site":"@psol50","twitter_misc":{"Escrito por":"Comunica\u00e7\u00e3o PSOL","Est. tempo de leitura":"2 minutos"},"schema":{"@context":"https:\/\/schema.org","@graph":[{"@type":"Article","@id":"https:\/\/psol50.org.br\/vitoria-da-democracia-bolsonaro-condenado-a-27-anos-e-3-meses-de-prisao\/#article","isPartOf":{"@id":"https:\/\/psol50.org.br\/vitoria-da-democracia-bolsonaro-condenado-a-27-anos-e-3-meses-de-prisao\/"},"author":{"name":"Comunica\u00e7\u00e3o PSOL","@id":"https:\/\/psol50.org.br\/#\/schema\/person\/475dfa57d0b815993c714c2e96491fcd"},"headline":"VIT\u00d3RIA DA DEMOCRACIA! Bolsonaro condenado a 27 anos e 3 meses de pris\u00e3o","datePublished":"2025-09-12T19:49:20+00:00","dateModified":"2025-09-25T20:19:28+00:00","mainEntityOfPage":{"@id":"https:\/\/psol50.org.br\/vitoria-da-democracia-bolsonaro-condenado-a-27-anos-e-3-meses-de-prisao\/"},"wordCount":353,"publisher":{"@id":"https:\/\/psol50.org.br\/#organization"},"image":{"@id":"https:\/\/psol50.org.br\/vitoria-da-democracia-bolsonaro-condenado-a-27-anos-e-3-meses-de-prisao\/#primaryimage"},"thumbnailUrl":"https:\/\/psol50.org.br\/inc\/uploads\/2022\/04\/Captura-de-Tela-2022-04-14-a\u0300s-11.11.06.png","keywords":["Not\u00edcias"],"articleSection":["Brasil"],"inLanguage":"pt-BR"},{"@type":"WebPage","@id":"https:\/\/psol50.org.br\/vitoria-da-democracia-bolsonaro-condenado-a-27-anos-e-3-meses-de-prisao\/","url":"https:\/\/psol50.org.br\/vitoria-da-democracia-bolsonaro-condenado-a-27-anos-e-3-meses-de-prisao\/","name":"VIT\u00d3RIA DA DEMOCRACIA! Bolsonaro condenado a 27 anos e 3 meses de pris\u00e3o","isPartOf":{"@id":"https:\/\/psol50.org.br\/#website"},"primaryImageOfPage":{"@id":"https:\/\/psol50.org.br\/vitoria-da-democracia-bolsonaro-condenado-a-27-anos-e-3-meses-de-prisao\/#primaryimage"},"image":{"@id":"https:\/\/psol50.org.br\/vitoria-da-democracia-bolsonaro-condenado-a-27-anos-e-3-meses-de-prisao\/#primaryimage"},"thumbnailUrl":"https:\/\/psol50.org.br\/inc\/uploads\/2022\/04\/Captura-de-Tela-2022-04-14-a\u0300s-11.11.06.png","datePublished":"2025-09-12T19:49:20+00:00","dateModified":"2025-09-25T20:19:28+00:00","description":"Ele foi condenado pelos crimes de tentativa de golpe de Estado, pertencimento a organiza\u00e7\u00e3o criminosa armada, tentativa de aboli\u00e7\u00e3o violenta do Estado Democr\u00e1tico de Direito, dano qualificado e deteriora\u00e7\u00e3o de patrim\u00f4nio tombado.","breadcrumb":{"@id":"https:\/\/psol50.org.br\/vitoria-da-democracia-bolsonaro-condenado-a-27-anos-e-3-meses-de-prisao\/#breadcrumb"},"inLanguage":"pt-BR","potentialAction":[{"@type":"ReadAction","target":["https:\/\/psol50.org.br\/vitoria-da-democracia-bolsonaro-condenado-a-27-anos-e-3-meses-de-prisao\/"]}]},{"@type":"ImageObject","inLanguage":"pt-BR","@id":"https:\/\/psol50.org.br\/vitoria-da-democracia-bolsonaro-condenado-a-27-anos-e-3-meses-de-prisao\/#primaryimage","url":"https:\/\/psol50.org.br\/inc\/uploads\/2022\/04\/Captura-de-Tela-2022-04-14-a\u0300s-11.11.06.png","contentUrl":"https:\/\/psol50.org.br\/inc\/uploads\/2022\/04\/Captura-de-Tela-2022-04-14-a\u0300s-11.11.06.png","width":2152,"height":1438,"caption":"Foto: S\u00e9rgio Lima\/Poder360"},{"@type":"BreadcrumbList","@id":"https:\/\/psol50.org.br\/vitoria-da-democracia-bolsonaro-condenado-a-27-anos-e-3-meses-de-prisao\/#breadcrumb","itemListElement":[{"@type":"ListItem","position":1,"name":"In\u00edcio","item":"https:\/\/psol50.org.br\/"},{"@type":"ListItem","position":2,"name":"VIT\u00d3RIA DA DEMOCRACIA! Bolsonaro condenado a 27 anos e 3 meses de pris\u00e3o"}]},{"@type":"WebSite","@id":"https:\/\/psol50.org.br\/#website","url":"https:\/\/psol50.org.br\/","name":"PSOL 50","description":"Site oficial do Partido Socialismo e Liberdade","publisher":{"@id":"https:\/\/psol50.org.br\/#organization"},"alternateName":"PSOL50","potentialAction":[{"@type":"SearchAction","target":{"@type":"EntryPoint","urlTemplate":"https:\/\/psol50.org.br\/?s={search_term_string}"},"query-input":{"@type":"PropertyValueSpecification","valueRequired":true,"valueName":"search_term_string"}}],"inLanguage":"pt-BR"},{"@type":"Organization","@id":"https:\/\/psol50.org.br\/#organization","name":"PSOL 50","alternateName":"PSOL 50","url":"https:\/\/psol50.org.br\/","logo":{"@type":"ImageObject","inLanguage":"pt-BR","@id":"https:\/\/psol50.org.br\/#\/schema\/logo\/image\/","url":"https:\/\/psol50.org.br\/inc\/uploads\/2018\/07\/capa.png","contentUrl":"https:\/\/psol50.org.br\/inc\/uploads\/2018\/07\/capa.png","width":1350,"height":900,"caption":"PSOL 50"},"image":{"@id":"https:\/\/psol50.org.br\/#\/schema\/logo\/image\/"},"sameAs":["https:\/\/www.facebook.com\/psol50","https:\/\/x.com\/psol50","https:\/\/www.instagram.com\/psol50\/","https:\/\/www.youtube.com\/channel\/UC7SnJS5o1os7a6CaiNabzcg"]},{"@type":"Person","@id":"https:\/\/psol50.org.br\/#\/schema\/person\/475dfa57d0b815993c714c2e96491fcd","name":"Comunica\u00e7\u00e3o PSOL","image":{"@type":"ImageObject","inLanguage":"pt-BR","@id":"https:\/\/psol50.org.br\/#\/schema\/person\/image\/","url":"https:\/\/secure.gravatar.com\/avatar\/b34fc4f4e468a4e51785917065a3db57b841f5c95dba6ad8c73aaf8f66f8f9bf?s=96&d=mm&r=g","contentUrl":"https:\/\/secure.gravatar.com\/avatar\/b34fc4f4e468a4e51785917065a3db57b841f5c95dba6ad8c73aaf8f66f8f9bf?s=96&d=mm&r=g","caption":"Comunica\u00e7\u00e3o PSOL"}}]}},"_links":{"self":[{"href":"https:\/\/psol50.org.br\/rest\/wp\/v2\/posts\/41747","targetHints":{"allow":["GET"]}}],"collection":[{"href":"https:\/\/psol50.org.br\/rest\/wp\/v2\/posts"}],"about":[{"href":"https:\/\/psol50.org.br\/rest\/wp\/v2\/types\/post"}],"author":[{"embeddable":true,"href":"https:\/\/psol50.org.br\/rest\/wp\/v2\/users\/2"}],"replies":[{"embeddable":true,"href":"https:\/\/psol50.org.br\/rest\/wp\/v2\/comments?post=41747"}],"version-history":[{"count":2,"href":"https:\/\/psol50.org.br\/rest\/wp\/v2\/posts\/41747\/revisions"}],"predecessor-version":[{"id":41749,"href":"https:\/\/psol50.org.br\/rest\/wp\/v2\/posts\/41747\/revisions\/41749"}],"wp:featuredmedia":[{"embeddable":true,"href":"https:\/\/psol50.org.br\/rest\/wp\/v2\/media\/35622"}],"wp:attachment":[{"href":"https:\/\/psol50.org.br\/rest\/wp\/v2\/media?parent=41747"}],"wp:term":[{"taxonomy":"category","embeddable":true,"href":"https:\/\/psol50.org.br\/rest\/wp\/v2\/categories?post=41747"},{"taxonomy":"post_tag","embeddable":true,"href":"https:\/\/psol50.org.br\/rest\/wp\/v2\/tags?post=41747"}],"curies":[{"name":"wp","href":"https:\/\/api.w.org\/{rel}","templated":true}]}}