{"id":41758,"date":"2025-09-17T16:08:25","date_gmt":"2025-09-17T19:08:25","guid":{"rendered":"https:\/\/psol50.org.br\/?p=41758"},"modified":"2025-11-05T15:06:45","modified_gmt":"2025-11-05T18:06:45","slug":"psol-e-pt-acionam-stf-contra-manobra-do-pl-para-salvar-mandato-de-eduardo-bolsonaro","status":"publish","type":"post","link":"https:\/\/psol50.org.br\/psol-e-pt-acionam-stf-contra-manobra-do-pl-para-salvar-mandato-de-eduardo-bolsonaro\/","title":{"rendered":"PSOL e PT acionam STF e C\u00e2mara contra manobra do PL para salvar mandato de Eduardo Bolsonaro"},"content":{"rendered":"<p>O PSOL e o PT v\u00e3o acionar a C\u00e2mara dos Deputados e o Supremo Tribunal Federal (STF) contra a manobra do PL que nomeou Eduardo Bolsonaro (PL-SP) como l\u00edder da bancada do PL. A decis\u00e3o, tomada nesta ter\u00e7a-feira (16), busca livrar o filho do ex-presidente Jair Bolsonaro da cassa\u00e7\u00e3o por faltas, j\u00e1 que ele vive nos Estados Unidos desde fevereiro.<\/p>\n<p>Eduardo estava de licen\u00e7a por 120 dias e, desde ent\u00e3o, acumula aus\u00eancias em sess\u00f5es. Pela Constitui\u00e7\u00e3o, um parlamentar pode perder o mandato se deixar de comparecer a um ter\u00e7o das sess\u00f5es ordin\u00e1rias sem justificativa. Para evitar isso, o PL encontrou uma brecha no regimento: l\u00edderes partid\u00e1rios t\u00eam as faltas abonadas, o que transformaria sua aus\u00eancia em \u201cmiss\u00e3o autorizada\u201d.<\/p>\n<p>A manobra \u00e9 um desrespeito \u00e0s regras democr\u00e1ticas e um privil\u00e9gio inaceit\u00e1vel. O PSOL e o PT preparam um questionamento dentro do inqu\u00e9rito 4995 do STF, que j\u00e1 investiga Eduardo por coa\u00e7\u00e3o e tentativa de obstru\u00e7\u00e3o de Justi\u00e7a durante sua atua\u00e7\u00e3o nos Estados Unidos. Foi nesse mesmo processo que Jair Bolsonaro descumpriu medidas cautelares e acabou em pris\u00e3o domiciliar.<\/p>\n<p>O PSOL atua na C\u00e2mara para impedir que a nomea\u00e7\u00e3o seja validada. N\u00e3o \u00e9 admiss\u00edvel que cargos institucionais sejam usados como blindagem para parlamentares que deveriam responder por seus atos.<\/p>\n<p>Essa manobra \u00e9 mais um cap\u00edtulo da estrat\u00e9gia da extrema-direita de se colocar acima da lei. \u201cVamos enfrentar essas tentativas de blindagem porque o Parlamento n\u00e3o pode ser transformado em escudo de privil\u00e9gios\u201d, destacou a bancada do PSOL.<\/p>\n","protected":false},"excerpt":{"rendered":"<p>O PSOL e o PT v\u00e3o acionar a C\u00e2mara dos Deputados e o Supremo Tribunal Federal (STF) contra a manobra do PL que nomeou Eduardo Bolsonaro (PL-SP) como l\u00edder da bancada do PL. A decis\u00e3o, tomada nesta ter\u00e7a-feira (16), busca livrar o filho do ex-presidente Jair Bolsonaro da cassa\u00e7\u00e3o por faltas, j\u00e1 que ele vive [&hellip;]<\/p>\n","protected":false},"author":2,"featured_media":41459,"comment_status":"closed","ping_status":"open","sticky":false,"template":"","format":"standard","meta":{"_acf_changed":false,"footnotes":""},"categories":[1664],"tags":[6531,4825],"class_list":{"0":"post-41758","1":"post","2":"type-post","3":"status-publish","4":"format-standard","5":"has-post-thumbnail","7":"category-acao-do-psol","8":"tag-acoes-juridicas","9":"tag-noticias"},"acf":[],"yoast_head":"<!-- This site is optimized with the Yoast SEO plugin v26.5 - https:\/\/yoast.com\/wordpress\/plugins\/seo\/ -->\n<title>PSOL e PT acionam STF e C\u00e2mara contra manobra do PL para salvar mandato de Eduardo Bolsonaro - PSOL 50<\/title>\n<meta name=\"description\" content=\"PSOL e PT acionam o STF e C\u00e2mara contra manobra do PL que nomeou o traidor da p\u00e1tria como l\u00edder da bancada pra evitar cassa\u00e7\u00e3o. Saiba mais.\" \/>\n<meta name=\"robots\" content=\"index, follow, max-snippet:-1, max-image-preview:large, max-video-preview:-1\" \/>\n<link rel=\"canonical\" href=\"https:\/\/psol50.org.br\/psol-e-pt-acionam-stf-contra-manobra-do-pl-para-salvar-mandato-de-eduardo-bolsonaro\/\" \/>\n<meta property=\"og:locale\" content=\"pt_BR\" \/>\n<meta property=\"og:type\" content=\"article\" \/>\n<meta property=\"og:title\" content=\"PSOL e PT acionam STF e C\u00e2mara contra manobra do PL para salvar mandato de Eduardo Bolsonaro - PSOL 50\" \/>\n<meta property=\"og:description\" content=\"PSOL e PT acionam o STF e C\u00e2mara contra manobra do PL que nomeou o traidor da p\u00e1tria como l\u00edder da bancada pra evitar cassa\u00e7\u00e3o. Saiba mais.\" \/>\n<meta property=\"og:url\" content=\"https:\/\/psol50.org.br\/psol-e-pt-acionam-stf-contra-manobra-do-pl-para-salvar-mandato-de-eduardo-bolsonaro\/\" \/>\n<meta property=\"og:site_name\" content=\"PSOL 50\" \/>\n<meta property=\"article:publisher\" content=\"https:\/\/www.facebook.com\/psol50\" \/>\n<meta property=\"article:published_time\" content=\"2025-09-17T19:08:25+00:00\" \/>\n<meta property=\"article:modified_time\" content=\"2025-11-05T18:06:45+00:00\" \/>\n<meta property=\"og:image\" content=\"https:\/\/psol50.org.br\/inc\/uploads\/2025\/07\/Captura-de-Tela-2025-07-10-as-15.08.00-1024x612.png\" \/>\n\t<meta property=\"og:image:width\" content=\"1024\" \/>\n\t<meta property=\"og:image:height\" content=\"612\" \/>\n\t<meta property=\"og:image:type\" content=\"image\/png\" \/>\n<meta name=\"author\" content=\"Comunica\u00e7\u00e3o PSOL\" \/>\n<meta name=\"twitter:card\" content=\"summary_large_image\" \/>\n<meta name=\"twitter:creator\" content=\"@psol50\" \/>\n<meta name=\"twitter:site\" content=\"@psol50\" \/>\n<meta name=\"twitter:label1\" content=\"Escrito por\" \/>\n\t<meta name=\"twitter:data1\" content=\"Comunica\u00e7\u00e3o PSOL\" \/>\n\t<meta name=\"twitter:label2\" content=\"Est. tempo de leitura\" \/>\n\t<meta name=\"twitter:data2\" content=\"1 minuto\" \/>\n<script type=\"application\/ld+json\" class=\"yoast-schema-graph\">{\"@context\":\"https:\/\/schema.org\",\"@graph\":[{\"@type\":\"Article\",\"@id\":\"https:\/\/psol50.org.br\/psol-e-pt-acionam-stf-contra-manobra-do-pl-para-salvar-mandato-de-eduardo-bolsonaro\/#article\",\"isPartOf\":{\"@id\":\"https:\/\/psol50.org.br\/psol-e-pt-acionam-stf-contra-manobra-do-pl-para-salvar-mandato-de-eduardo-bolsonaro\/\"},\"author\":{\"name\":\"Comunica\u00e7\u00e3o PSOL\",\"@id\":\"https:\/\/psol50.org.br\/#\/schema\/person\/475dfa57d0b815993c714c2e96491fcd\"},\"headline\":\"PSOL e PT acionam STF e C\u00e2mara contra manobra do PL para salvar mandato de Eduardo Bolsonaro\",\"datePublished\":\"2025-09-17T19:08:25+00:00\",\"dateModified\":\"2025-11-05T18:06:45+00:00\",\"mainEntityOfPage\":{\"@id\":\"https:\/\/psol50.org.br\/psol-e-pt-acionam-stf-contra-manobra-do-pl-para-salvar-mandato-de-eduardo-bolsonaro\/\"},\"wordCount\":293,\"publisher\":{\"@id\":\"https:\/\/psol50.org.br\/#organization\"},\"image\":{\"@id\":\"https:\/\/psol50.org.br\/psol-e-pt-acionam-stf-contra-manobra-do-pl-para-salvar-mandato-de-eduardo-bolsonaro\/#primaryimage\"},\"thumbnailUrl\":\"https:\/\/psol50.org.br\/inc\/uploads\/2025\/07\/Captura-de-Tela-2025-07-10-as-15.08.00.png\",\"keywords\":[\"A\u00e7\u00f5es Jur\u00eddicas\",\"Not\u00edcias\"],\"articleSection\":[\"A\u00e7\u00e3o do PSOL\"],\"inLanguage\":\"pt-BR\"},{\"@type\":\"WebPage\",\"@id\":\"https:\/\/psol50.org.br\/psol-e-pt-acionam-stf-contra-manobra-do-pl-para-salvar-mandato-de-eduardo-bolsonaro\/\",\"url\":\"https:\/\/psol50.org.br\/psol-e-pt-acionam-stf-contra-manobra-do-pl-para-salvar-mandato-de-eduardo-bolsonaro\/\",\"name\":\"PSOL e PT acionam STF e C\u00e2mara contra manobra do PL para salvar mandato de Eduardo Bolsonaro - PSOL 50\",\"isPartOf\":{\"@id\":\"https:\/\/psol50.org.br\/#website\"},\"primaryImageOfPage\":{\"@id\":\"https:\/\/psol50.org.br\/psol-e-pt-acionam-stf-contra-manobra-do-pl-para-salvar-mandato-de-eduardo-bolsonaro\/#primaryimage\"},\"image\":{\"@id\":\"https:\/\/psol50.org.br\/psol-e-pt-acionam-stf-contra-manobra-do-pl-para-salvar-mandato-de-eduardo-bolsonaro\/#primaryimage\"},\"thumbnailUrl\":\"https:\/\/psol50.org.br\/inc\/uploads\/2025\/07\/Captura-de-Tela-2025-07-10-as-15.08.00.png\",\"datePublished\":\"2025-09-17T19:08:25+00:00\",\"dateModified\":\"2025-11-05T18:06:45+00:00\",\"description\":\"PSOL e PT acionam o STF e C\u00e2mara contra manobra do PL que nomeou o traidor da p\u00e1tria como l\u00edder da bancada pra evitar cassa\u00e7\u00e3o. Saiba mais.\",\"breadcrumb\":{\"@id\":\"https:\/\/psol50.org.br\/psol-e-pt-acionam-stf-contra-manobra-do-pl-para-salvar-mandato-de-eduardo-bolsonaro\/#breadcrumb\"},\"inLanguage\":\"pt-BR\",\"potentialAction\":[{\"@type\":\"ReadAction\",\"target\":[\"https:\/\/psol50.org.br\/psol-e-pt-acionam-stf-contra-manobra-do-pl-para-salvar-mandato-de-eduardo-bolsonaro\/\"]}]},{\"@type\":\"ImageObject\",\"inLanguage\":\"pt-BR\",\"@id\":\"https:\/\/psol50.org.br\/psol-e-pt-acionam-stf-contra-manobra-do-pl-para-salvar-mandato-de-eduardo-bolsonaro\/#primaryimage\",\"url\":\"https:\/\/psol50.org.br\/inc\/uploads\/2025\/07\/Captura-de-Tela-2025-07-10-as-15.08.00.png\",\"contentUrl\":\"https:\/\/psol50.org.br\/inc\/uploads\/2025\/07\/Captura-de-Tela-2025-07-10-as-15.08.00.png\",\"width\":2318,\"height\":1386,\"caption\":\"Foto: Paola Orte\/Ag\u00eancia Brasil\"},{\"@type\":\"BreadcrumbList\",\"@id\":\"https:\/\/psol50.org.br\/psol-e-pt-acionam-stf-contra-manobra-do-pl-para-salvar-mandato-de-eduardo-bolsonaro\/#breadcrumb\",\"itemListElement\":[{\"@type\":\"ListItem\",\"position\":1,\"name\":\"In\u00edcio\",\"item\":\"https:\/\/psol50.org.br\/\"},{\"@type\":\"ListItem\",\"position\":2,\"name\":\"PSOL e PT acionam STF e C\u00e2mara contra manobra do PL para salvar mandato de Eduardo Bolsonaro\"}]},{\"@type\":\"WebSite\",\"@id\":\"https:\/\/psol50.org.br\/#website\",\"url\":\"https:\/\/psol50.org.br\/\",\"name\":\"PSOL 50\",\"description\":\"Site oficial do Partido Socialismo e Liberdade\",\"publisher\":{\"@id\":\"https:\/\/psol50.org.br\/#organization\"},\"alternateName\":\"PSOL50\",\"potentialAction\":[{\"@type\":\"SearchAction\",\"target\":{\"@type\":\"EntryPoint\",\"urlTemplate\":\"https:\/\/psol50.org.br\/?s={search_term_string}\"},\"query-input\":{\"@type\":\"PropertyValueSpecification\",\"valueRequired\":true,\"valueName\":\"search_term_string\"}}],\"inLanguage\":\"pt-BR\"},{\"@type\":\"Organization\",\"@id\":\"https:\/\/psol50.org.br\/#organization\",\"name\":\"PSOL 50\",\"alternateName\":\"PSOL 50\",\"url\":\"https:\/\/psol50.org.br\/\",\"logo\":{\"@type\":\"ImageObject\",\"inLanguage\":\"pt-BR\",\"@id\":\"https:\/\/psol50.org.br\/#\/schema\/logo\/image\/\",\"url\":\"https:\/\/psol50.org.br\/inc\/uploads\/2018\/07\/capa.png\",\"contentUrl\":\"https:\/\/psol50.org.br\/inc\/uploads\/2018\/07\/capa.png\",\"width\":1350,\"height\":900,\"caption\":\"PSOL 50\"},\"image\":{\"@id\":\"https:\/\/psol50.org.br\/#\/schema\/logo\/image\/\"},\"sameAs\":[\"https:\/\/www.facebook.com\/psol50\",\"https:\/\/x.com\/psol50\",\"https:\/\/www.instagram.com\/psol50\/\",\"https:\/\/www.youtube.com\/channel\/UC7SnJS5o1os7a6CaiNabzcg\"]},{\"@type\":\"Person\",\"@id\":\"https:\/\/psol50.org.br\/#\/schema\/person\/475dfa57d0b815993c714c2e96491fcd\",\"name\":\"Comunica\u00e7\u00e3o PSOL\",\"image\":{\"@type\":\"ImageObject\",\"inLanguage\":\"pt-BR\",\"@id\":\"https:\/\/psol50.org.br\/#\/schema\/person\/image\/\",\"url\":\"https:\/\/secure.gravatar.com\/avatar\/b34fc4f4e468a4e51785917065a3db57b841f5c95dba6ad8c73aaf8f66f8f9bf?s=96&d=mm&r=g\",\"contentUrl\":\"https:\/\/secure.gravatar.com\/avatar\/b34fc4f4e468a4e51785917065a3db57b841f5c95dba6ad8c73aaf8f66f8f9bf?s=96&d=mm&r=g\",\"caption\":\"Comunica\u00e7\u00e3o PSOL\"}}]}<\/script>\n<!-- \/ Yoast SEO plugin. -->","yoast_head_json":{"title":"PSOL e PT acionam STF e C\u00e2mara contra manobra do PL para salvar mandato de Eduardo Bolsonaro - PSOL 50","description":"PSOL e PT acionam o STF e C\u00e2mara contra manobra do PL que nomeou o traidor da p\u00e1tria como l\u00edder da bancada pra evitar cassa\u00e7\u00e3o. Saiba mais.","robots":{"index":"index","follow":"follow","max-snippet":"max-snippet:-1","max-image-preview":"max-image-preview:large","max-video-preview":"max-video-preview:-1"},"canonical":"https:\/\/psol50.org.br\/psol-e-pt-acionam-stf-contra-manobra-do-pl-para-salvar-mandato-de-eduardo-bolsonaro\/","og_locale":"pt_BR","og_type":"article","og_title":"PSOL e PT acionam STF e C\u00e2mara contra manobra do PL para salvar mandato de Eduardo Bolsonaro - PSOL 50","og_description":"PSOL e PT acionam o STF e C\u00e2mara contra manobra do PL que nomeou o traidor da p\u00e1tria como l\u00edder da bancada pra evitar cassa\u00e7\u00e3o. Saiba mais.","og_url":"https:\/\/psol50.org.br\/psol-e-pt-acionam-stf-contra-manobra-do-pl-para-salvar-mandato-de-eduardo-bolsonaro\/","og_site_name":"PSOL 50","article_publisher":"https:\/\/www.facebook.com\/psol50","article_published_time":"2025-09-17T19:08:25+00:00","article_modified_time":"2025-11-05T18:06:45+00:00","og_image":[{"width":1024,"height":612,"url":"https:\/\/psol50.org.br\/inc\/uploads\/2025\/07\/Captura-de-Tela-2025-07-10-as-15.08.00-1024x612.png","type":"image\/png"}],"author":"Comunica\u00e7\u00e3o PSOL","twitter_card":"summary_large_image","twitter_creator":"@psol50","twitter_site":"@psol50","twitter_misc":{"Escrito por":"Comunica\u00e7\u00e3o PSOL","Est. tempo de leitura":"1 minuto"},"schema":{"@context":"https:\/\/schema.org","@graph":[{"@type":"Article","@id":"https:\/\/psol50.org.br\/psol-e-pt-acionam-stf-contra-manobra-do-pl-para-salvar-mandato-de-eduardo-bolsonaro\/#article","isPartOf":{"@id":"https:\/\/psol50.org.br\/psol-e-pt-acionam-stf-contra-manobra-do-pl-para-salvar-mandato-de-eduardo-bolsonaro\/"},"author":{"name":"Comunica\u00e7\u00e3o PSOL","@id":"https:\/\/psol50.org.br\/#\/schema\/person\/475dfa57d0b815993c714c2e96491fcd"},"headline":"PSOL e PT acionam STF e C\u00e2mara contra manobra do PL para salvar mandato de Eduardo Bolsonaro","datePublished":"2025-09-17T19:08:25+00:00","dateModified":"2025-11-05T18:06:45+00:00","mainEntityOfPage":{"@id":"https:\/\/psol50.org.br\/psol-e-pt-acionam-stf-contra-manobra-do-pl-para-salvar-mandato-de-eduardo-bolsonaro\/"},"wordCount":293,"publisher":{"@id":"https:\/\/psol50.org.br\/#organization"},"image":{"@id":"https:\/\/psol50.org.br\/psol-e-pt-acionam-stf-contra-manobra-do-pl-para-salvar-mandato-de-eduardo-bolsonaro\/#primaryimage"},"thumbnailUrl":"https:\/\/psol50.org.br\/inc\/uploads\/2025\/07\/Captura-de-Tela-2025-07-10-as-15.08.00.png","keywords":["A\u00e7\u00f5es Jur\u00eddicas","Not\u00edcias"],"articleSection":["A\u00e7\u00e3o do PSOL"],"inLanguage":"pt-BR"},{"@type":"WebPage","@id":"https:\/\/psol50.org.br\/psol-e-pt-acionam-stf-contra-manobra-do-pl-para-salvar-mandato-de-eduardo-bolsonaro\/","url":"https:\/\/psol50.org.br\/psol-e-pt-acionam-stf-contra-manobra-do-pl-para-salvar-mandato-de-eduardo-bolsonaro\/","name":"PSOL e PT acionam STF e C\u00e2mara contra manobra do PL para salvar mandato de Eduardo Bolsonaro - PSOL 50","isPartOf":{"@id":"https:\/\/psol50.org.br\/#website"},"primaryImageOfPage":{"@id":"https:\/\/psol50.org.br\/psol-e-pt-acionam-stf-contra-manobra-do-pl-para-salvar-mandato-de-eduardo-bolsonaro\/#primaryimage"},"image":{"@id":"https:\/\/psol50.org.br\/psol-e-pt-acionam-stf-contra-manobra-do-pl-para-salvar-mandato-de-eduardo-bolsonaro\/#primaryimage"},"thumbnailUrl":"https:\/\/psol50.org.br\/inc\/uploads\/2025\/07\/Captura-de-Tela-2025-07-10-as-15.08.00.png","datePublished":"2025-09-17T19:08:25+00:00","dateModified":"2025-11-05T18:06:45+00:00","description":"PSOL e PT acionam o STF e C\u00e2mara contra manobra do PL que nomeou o traidor da p\u00e1tria como l\u00edder da bancada pra evitar cassa\u00e7\u00e3o. Saiba mais.","breadcrumb":{"@id":"https:\/\/psol50.org.br\/psol-e-pt-acionam-stf-contra-manobra-do-pl-para-salvar-mandato-de-eduardo-bolsonaro\/#breadcrumb"},"inLanguage":"pt-BR","potentialAction":[{"@type":"ReadAction","target":["https:\/\/psol50.org.br\/psol-e-pt-acionam-stf-contra-manobra-do-pl-para-salvar-mandato-de-eduardo-bolsonaro\/"]}]},{"@type":"ImageObject","inLanguage":"pt-BR","@id":"https:\/\/psol50.org.br\/psol-e-pt-acionam-stf-contra-manobra-do-pl-para-salvar-mandato-de-eduardo-bolsonaro\/#primaryimage","url":"https:\/\/psol50.org.br\/inc\/uploads\/2025\/07\/Captura-de-Tela-2025-07-10-as-15.08.00.png","contentUrl":"https:\/\/psol50.org.br\/inc\/uploads\/2025\/07\/Captura-de-Tela-2025-07-10-as-15.08.00.png","width":2318,"height":1386,"caption":"Foto: Paola Orte\/Ag\u00eancia Brasil"},{"@type":"BreadcrumbList","@id":"https:\/\/psol50.org.br\/psol-e-pt-acionam-stf-contra-manobra-do-pl-para-salvar-mandato-de-eduardo-bolsonaro\/#breadcrumb","itemListElement":[{"@type":"ListItem","position":1,"name":"In\u00edcio","item":"https:\/\/psol50.org.br\/"},{"@type":"ListItem","position":2,"name":"PSOL e PT acionam STF e C\u00e2mara contra manobra do PL para salvar mandato de Eduardo Bolsonaro"}]},{"@type":"WebSite","@id":"https:\/\/psol50.org.br\/#website","url":"https:\/\/psol50.org.br\/","name":"PSOL 50","description":"Site oficial do Partido Socialismo e Liberdade","publisher":{"@id":"https:\/\/psol50.org.br\/#organization"},"alternateName":"PSOL50","potentialAction":[{"@type":"SearchAction","target":{"@type":"EntryPoint","urlTemplate":"https:\/\/psol50.org.br\/?s={search_term_string}"},"query-input":{"@type":"PropertyValueSpecification","valueRequired":true,"valueName":"search_term_string"}}],"inLanguage":"pt-BR"},{"@type":"Organization","@id":"https:\/\/psol50.org.br\/#organization","name":"PSOL 50","alternateName":"PSOL 50","url":"https:\/\/psol50.org.br\/","logo":{"@type":"ImageObject","inLanguage":"pt-BR","@id":"https:\/\/psol50.org.br\/#\/schema\/logo\/image\/","url":"https:\/\/psol50.org.br\/inc\/uploads\/2018\/07\/capa.png","contentUrl":"https:\/\/psol50.org.br\/inc\/uploads\/2018\/07\/capa.png","width":1350,"height":900,"caption":"PSOL 50"},"image":{"@id":"https:\/\/psol50.org.br\/#\/schema\/logo\/image\/"},"sameAs":["https:\/\/www.facebook.com\/psol50","https:\/\/x.com\/psol50","https:\/\/www.instagram.com\/psol50\/","https:\/\/www.youtube.com\/channel\/UC7SnJS5o1os7a6CaiNabzcg"]},{"@type":"Person","@id":"https:\/\/psol50.org.br\/#\/schema\/person\/475dfa57d0b815993c714c2e96491fcd","name":"Comunica\u00e7\u00e3o PSOL","image":{"@type":"ImageObject","inLanguage":"pt-BR","@id":"https:\/\/psol50.org.br\/#\/schema\/person\/image\/","url":"https:\/\/secure.gravatar.com\/avatar\/b34fc4f4e468a4e51785917065a3db57b841f5c95dba6ad8c73aaf8f66f8f9bf?s=96&d=mm&r=g","contentUrl":"https:\/\/secure.gravatar.com\/avatar\/b34fc4f4e468a4e51785917065a3db57b841f5c95dba6ad8c73aaf8f66f8f9bf?s=96&d=mm&r=g","caption":"Comunica\u00e7\u00e3o PSOL"}}]}},"_links":{"self":[{"href":"https:\/\/psol50.org.br\/rest\/wp\/v2\/posts\/41758","targetHints":{"allow":["GET"]}}],"collection":[{"href":"https:\/\/psol50.org.br\/rest\/wp\/v2\/posts"}],"about":[{"href":"https:\/\/psol50.org.br\/rest\/wp\/v2\/types\/post"}],"author":[{"embeddable":true,"href":"https:\/\/psol50.org.br\/rest\/wp\/v2\/users\/2"}],"replies":[{"embeddable":true,"href":"https:\/\/psol50.org.br\/rest\/wp\/v2\/comments?post=41758"}],"version-history":[{"count":2,"href":"https:\/\/psol50.org.br\/rest\/wp\/v2\/posts\/41758\/revisions"}],"predecessor-version":[{"id":41760,"href":"https:\/\/psol50.org.br\/rest\/wp\/v2\/posts\/41758\/revisions\/41760"}],"wp:featuredmedia":[{"embeddable":true,"href":"https:\/\/psol50.org.br\/rest\/wp\/v2\/media\/41459"}],"wp:attachment":[{"href":"https:\/\/psol50.org.br\/rest\/wp\/v2\/media?parent=41758"}],"wp:term":[{"taxonomy":"category","embeddable":true,"href":"https:\/\/psol50.org.br\/rest\/wp\/v2\/categories?post=41758"},{"taxonomy":"post_tag","embeddable":true,"href":"https:\/\/psol50.org.br\/rest\/wp\/v2\/tags?post=41758"}],"curies":[{"name":"wp","href":"https:\/\/api.w.org\/{rel}","templated":true}]}}