{"id":41764,"date":"2025-09-18T16:05:29","date_gmt":"2025-09-18T19:05:29","guid":{"rendered":"https:\/\/psol50.org.br\/?p=41764"},"modified":"2025-11-05T15:06:29","modified_gmt":"2025-11-05T18:06:29","slug":"psol-pt-e-psb-entram-com-mandado-de-seguranca-no-stf-contra-pec-da-blindagem","status":"publish","type":"post","link":"https:\/\/psol50.org.br\/psol-pt-e-psb-entram-com-mandado-de-seguranca-no-stf-contra-pec-da-blindagem\/","title":{"rendered":"PSOL, PT e PSB entram com mandado de seguran\u00e7a no STF contra PEC da Blindagem"},"content":{"rendered":"<p>Parlamentares do PSOL, junto com deputados do PT e do PSB, impetraram um mandado de seguran\u00e7a no Supremo Tribunal Federal (STF) nesta quinta-feira (8) para pedir a suspens\u00e3o da tramita\u00e7\u00e3o da PEC da Blindagem (PEC 3\/2021), aprovada na C\u00e2mara dos Deputados nesta semana atrav\u00e9s de um rito cheio de irregularidades. A emenda \u00e0 Constitui\u00e7\u00e3o faz com que investiga\u00e7\u00f5es e processos judiciais s\u00f3 possam atingir deputados federais e presidentes de partidos se houver aval do plen\u00e1rio da C\u00e2mara.<\/p>\n<p>Durante a vota\u00e7\u00e3o da PEC, a Mesa Diretora, comandada por Hugo Motta (Republicanos-PB), chegou ao c\u00famulo de votar novamente a inclus\u00e3o da vota\u00e7\u00e3o secreta para estes casos, o que havia sido derrotado em plen\u00e1rio no dia anterior. Essa manobra foge totalmente ao regimento da C\u00e2mara dos Deputados.<\/p>\n<p>\u201cN\u00e3o se trata de inger\u00eancia indevida em mat\u00e9ria<em>\u00a0interna corporis.<\/em>\u00a0O Supremo Tribunal Federal tem reiteradamente afirmado que mat\u00e9ria<em>\u00a0interna corporis<\/em>\u00a0s\u00f3 se subtrai \u00e0 jurisdi\u00e7\u00e3o constitucional quando restrita ao campo da interpreta\u00e7\u00e3o pol\u00edtica ou discricion\u00e1ria e n\u00e3o quando h\u00e1 desrespeito frontal a dispositivos constitucionais\u201d, diz um trecho da peti\u00e7\u00e3o apresentada ao STF.<\/p>\n<p>A a\u00e7\u00e3o aponta como v\u00edcios a apresenta\u00e7\u00e3o do texto em plen\u00e1rio \u00e0s 16h59, sem publicidade pr\u00e9via; a leitura imediata do parecer, sem respeito ao interst\u00edcio m\u00ednimo de duas sess\u00f5es; a mudan\u00e7a irregular do regime de sess\u00e3o de presencial para semipresencial, sem a anteced\u00eancia legal exigida; a supress\u00e3o do prazo de dez sess\u00f5es para apresenta\u00e7\u00e3o de emendas; e a reapresenta\u00e7\u00e3o de mat\u00e9ria rejeitada, ao admitir emenda aglutinativa para restabelecer a palavra \u201csecreta\u201d, j\u00e1 derrotada em destaque anterior.<\/p>\n","protected":false},"excerpt":{"rendered":"<p>Parlamentares do PSOL, junto com deputados do PT e do PSB, impetraram um mandado de seguran\u00e7a no Supremo Tribunal Federal (STF) nesta quinta-feira (8) para pedir a suspens\u00e3o da tramita\u00e7\u00e3o da PEC da Blindagem (PEC 3\/2021), aprovada na C\u00e2mara dos Deputados nesta semana atrav\u00e9s de um rito cheio de irregularidades. A emenda \u00e0 Constitui\u00e7\u00e3o faz [&hellip;]<\/p>\n","protected":false},"author":2,"featured_media":41767,"comment_status":"closed","ping_status":"open","sticky":false,"template":"","format":"standard","meta":{"_acf_changed":false,"footnotes":""},"categories":[10],"tags":[6531,4825],"class_list":{"0":"post-41764","1":"post","2":"type-post","3":"status-publish","4":"format-standard","5":"has-post-thumbnail","7":"category-acao-parlamentares","8":"tag-acoes-juridicas","9":"tag-noticias"},"acf":[],"yoast_head":"<!-- This site is optimized with the Yoast SEO plugin v26.5 - https:\/\/yoast.com\/wordpress\/plugins\/seo\/ -->\n<title>PSOL, PT e PSB entram com mandado de seguran\u00e7a no STF contra PEC da Blindagem<\/title>\n<meta name=\"description\" content=\"Tramita\u00e7\u00e3o da proposta, que blinda da Justi\u00e7a os parlamentares que cometeram crimes, foi permeada de v\u00edcios e teve at\u00e9 manobra para incluir vota\u00e7\u00e3o secreta.\" \/>\n<meta name=\"robots\" content=\"index, follow, max-snippet:-1, max-image-preview:large, max-video-preview:-1\" \/>\n<link rel=\"canonical\" href=\"https:\/\/psol50.org.br\/psol-pt-e-psb-entram-com-mandado-de-seguranca-no-stf-contra-pec-da-blindagem\/\" \/>\n<meta property=\"og:locale\" content=\"pt_BR\" \/>\n<meta property=\"og:type\" content=\"article\" \/>\n<meta property=\"og:title\" content=\"PSOL, PT e PSB entram com mandado de seguran\u00e7a no STF contra PEC da Blindagem\" \/>\n<meta property=\"og:description\" content=\"Tramita\u00e7\u00e3o da proposta, que blinda da Justi\u00e7a os parlamentares que cometeram crimes, foi permeada de v\u00edcios e teve at\u00e9 manobra para incluir vota\u00e7\u00e3o secreta.\" \/>\n<meta property=\"og:url\" content=\"https:\/\/psol50.org.br\/psol-pt-e-psb-entram-com-mandado-de-seguranca-no-stf-contra-pec-da-blindagem\/\" \/>\n<meta property=\"og:site_name\" content=\"PSOL 50\" \/>\n<meta property=\"article:publisher\" content=\"https:\/\/www.facebook.com\/psol50\" \/>\n<meta property=\"article:published_time\" content=\"2025-09-18T19:05:29+00:00\" \/>\n<meta property=\"article:modified_time\" content=\"2025-11-05T18:06:29+00:00\" \/>\n<meta property=\"og:image\" content=\"https:\/\/psol50.org.br\/inc\/uploads\/2025\/09\/img20250917210118406.jpg\" \/>\n\t<meta property=\"og:image:width\" content=\"1984\" \/>\n\t<meta property=\"og:image:height\" content=\"1223\" \/>\n\t<meta property=\"og:image:type\" content=\"image\/jpeg\" \/>\n<meta name=\"author\" content=\"Comunica\u00e7\u00e3o PSOL\" \/>\n<meta name=\"twitter:card\" content=\"summary_large_image\" \/>\n<meta name=\"twitter:creator\" content=\"@psol50\" \/>\n<meta name=\"twitter:site\" content=\"@psol50\" \/>\n<meta name=\"twitter:label1\" content=\"Escrito por\" \/>\n\t<meta name=\"twitter:data1\" content=\"Comunica\u00e7\u00e3o PSOL\" \/>\n\t<meta name=\"twitter:label2\" content=\"Est. tempo de leitura\" \/>\n\t<meta name=\"twitter:data2\" content=\"1 minuto\" \/>\n<script type=\"application\/ld+json\" class=\"yoast-schema-graph\">{\"@context\":\"https:\/\/schema.org\",\"@graph\":[{\"@type\":\"Article\",\"@id\":\"https:\/\/psol50.org.br\/psol-pt-e-psb-entram-com-mandado-de-seguranca-no-stf-contra-pec-da-blindagem\/#article\",\"isPartOf\":{\"@id\":\"https:\/\/psol50.org.br\/psol-pt-e-psb-entram-com-mandado-de-seguranca-no-stf-contra-pec-da-blindagem\/\"},\"author\":{\"name\":\"Comunica\u00e7\u00e3o PSOL\",\"@id\":\"https:\/\/psol50.org.br\/#\/schema\/person\/475dfa57d0b815993c714c2e96491fcd\"},\"headline\":\"PSOL, PT e PSB entram com mandado de seguran\u00e7a no STF contra PEC da Blindagem\",\"datePublished\":\"2025-09-18T19:05:29+00:00\",\"dateModified\":\"2025-11-05T18:06:29+00:00\",\"mainEntityOfPage\":{\"@id\":\"https:\/\/psol50.org.br\/psol-pt-e-psb-entram-com-mandado-de-seguranca-no-stf-contra-pec-da-blindagem\/\"},\"wordCount\":306,\"publisher\":{\"@id\":\"https:\/\/psol50.org.br\/#organization\"},\"image\":{\"@id\":\"https:\/\/psol50.org.br\/psol-pt-e-psb-entram-com-mandado-de-seguranca-no-stf-contra-pec-da-blindagem\/#primaryimage\"},\"thumbnailUrl\":\"https:\/\/psol50.org.br\/inc\/uploads\/2025\/09\/img20250917210118406.jpg\",\"keywords\":[\"A\u00e7\u00f5es Jur\u00eddicas\",\"Not\u00edcias\"],\"articleSection\":[\"A\u00e7\u00e3o Parlamentar\"],\"inLanguage\":\"pt-BR\"},{\"@type\":\"WebPage\",\"@id\":\"https:\/\/psol50.org.br\/psol-pt-e-psb-entram-com-mandado-de-seguranca-no-stf-contra-pec-da-blindagem\/\",\"url\":\"https:\/\/psol50.org.br\/psol-pt-e-psb-entram-com-mandado-de-seguranca-no-stf-contra-pec-da-blindagem\/\",\"name\":\"PSOL, PT e PSB entram com mandado de seguran\u00e7a no STF contra PEC da Blindagem\",\"isPartOf\":{\"@id\":\"https:\/\/psol50.org.br\/#website\"},\"primaryImageOfPage\":{\"@id\":\"https:\/\/psol50.org.br\/psol-pt-e-psb-entram-com-mandado-de-seguranca-no-stf-contra-pec-da-blindagem\/#primaryimage\"},\"image\":{\"@id\":\"https:\/\/psol50.org.br\/psol-pt-e-psb-entram-com-mandado-de-seguranca-no-stf-contra-pec-da-blindagem\/#primaryimage\"},\"thumbnailUrl\":\"https:\/\/psol50.org.br\/inc\/uploads\/2025\/09\/img20250917210118406.jpg\",\"datePublished\":\"2025-09-18T19:05:29+00:00\",\"dateModified\":\"2025-11-05T18:06:29+00:00\",\"description\":\"Tramita\u00e7\u00e3o da proposta, que blinda da Justi\u00e7a os parlamentares que cometeram crimes, foi permeada de v\u00edcios e teve at\u00e9 manobra para incluir vota\u00e7\u00e3o secreta.\",\"breadcrumb\":{\"@id\":\"https:\/\/psol50.org.br\/psol-pt-e-psb-entram-com-mandado-de-seguranca-no-stf-contra-pec-da-blindagem\/#breadcrumb\"},\"inLanguage\":\"pt-BR\",\"potentialAction\":[{\"@type\":\"ReadAction\",\"target\":[\"https:\/\/psol50.org.br\/psol-pt-e-psb-entram-com-mandado-de-seguranca-no-stf-contra-pec-da-blindagem\/\"]}]},{\"@type\":\"ImageObject\",\"inLanguage\":\"pt-BR\",\"@id\":\"https:\/\/psol50.org.br\/psol-pt-e-psb-entram-com-mandado-de-seguranca-no-stf-contra-pec-da-blindagem\/#primaryimage\",\"url\":\"https:\/\/psol50.org.br\/inc\/uploads\/2025\/09\/img20250917210118406.jpg\",\"contentUrl\":\"https:\/\/psol50.org.br\/inc\/uploads\/2025\/09\/img20250917210118406.jpg\",\"width\":1984,\"height\":1223,\"caption\":\"Foto: Bruno Spada \/ C\u00e2mara dos Deputados\"},{\"@type\":\"BreadcrumbList\",\"@id\":\"https:\/\/psol50.org.br\/psol-pt-e-psb-entram-com-mandado-de-seguranca-no-stf-contra-pec-da-blindagem\/#breadcrumb\",\"itemListElement\":[{\"@type\":\"ListItem\",\"position\":1,\"name\":\"In\u00edcio\",\"item\":\"https:\/\/psol50.org.br\/\"},{\"@type\":\"ListItem\",\"position\":2,\"name\":\"PSOL, PT e PSB entram com mandado de seguran\u00e7a no STF contra PEC da Blindagem\"}]},{\"@type\":\"WebSite\",\"@id\":\"https:\/\/psol50.org.br\/#website\",\"url\":\"https:\/\/psol50.org.br\/\",\"name\":\"PSOL 50\",\"description\":\"Site oficial do Partido Socialismo e Liberdade\",\"publisher\":{\"@id\":\"https:\/\/psol50.org.br\/#organization\"},\"alternateName\":\"PSOL50\",\"potentialAction\":[{\"@type\":\"SearchAction\",\"target\":{\"@type\":\"EntryPoint\",\"urlTemplate\":\"https:\/\/psol50.org.br\/?s={search_term_string}\"},\"query-input\":{\"@type\":\"PropertyValueSpecification\",\"valueRequired\":true,\"valueName\":\"search_term_string\"}}],\"inLanguage\":\"pt-BR\"},{\"@type\":\"Organization\",\"@id\":\"https:\/\/psol50.org.br\/#organization\",\"name\":\"PSOL 50\",\"alternateName\":\"PSOL 50\",\"url\":\"https:\/\/psol50.org.br\/\",\"logo\":{\"@type\":\"ImageObject\",\"inLanguage\":\"pt-BR\",\"@id\":\"https:\/\/psol50.org.br\/#\/schema\/logo\/image\/\",\"url\":\"https:\/\/psol50.org.br\/inc\/uploads\/2018\/07\/capa.png\",\"contentUrl\":\"https:\/\/psol50.org.br\/inc\/uploads\/2018\/07\/capa.png\",\"width\":1350,\"height\":900,\"caption\":\"PSOL 50\"},\"image\":{\"@id\":\"https:\/\/psol50.org.br\/#\/schema\/logo\/image\/\"},\"sameAs\":[\"https:\/\/www.facebook.com\/psol50\",\"https:\/\/x.com\/psol50\",\"https:\/\/www.instagram.com\/psol50\/\",\"https:\/\/www.youtube.com\/channel\/UC7SnJS5o1os7a6CaiNabzcg\"]},{\"@type\":\"Person\",\"@id\":\"https:\/\/psol50.org.br\/#\/schema\/person\/475dfa57d0b815993c714c2e96491fcd\",\"name\":\"Comunica\u00e7\u00e3o PSOL\",\"image\":{\"@type\":\"ImageObject\",\"inLanguage\":\"pt-BR\",\"@id\":\"https:\/\/psol50.org.br\/#\/schema\/person\/image\/\",\"url\":\"https:\/\/secure.gravatar.com\/avatar\/b34fc4f4e468a4e51785917065a3db57b841f5c95dba6ad8c73aaf8f66f8f9bf?s=96&d=mm&r=g\",\"contentUrl\":\"https:\/\/secure.gravatar.com\/avatar\/b34fc4f4e468a4e51785917065a3db57b841f5c95dba6ad8c73aaf8f66f8f9bf?s=96&d=mm&r=g\",\"caption\":\"Comunica\u00e7\u00e3o PSOL\"}}]}<\/script>\n<!-- \/ Yoast SEO plugin. -->","yoast_head_json":{"title":"PSOL, PT e PSB entram com mandado de seguran\u00e7a no STF contra PEC da Blindagem","description":"Tramita\u00e7\u00e3o da proposta, que blinda da Justi\u00e7a os parlamentares que cometeram crimes, foi permeada de v\u00edcios e teve at\u00e9 manobra para incluir vota\u00e7\u00e3o secreta.","robots":{"index":"index","follow":"follow","max-snippet":"max-snippet:-1","max-image-preview":"max-image-preview:large","max-video-preview":"max-video-preview:-1"},"canonical":"https:\/\/psol50.org.br\/psol-pt-e-psb-entram-com-mandado-de-seguranca-no-stf-contra-pec-da-blindagem\/","og_locale":"pt_BR","og_type":"article","og_title":"PSOL, PT e PSB entram com mandado de seguran\u00e7a no STF contra PEC da Blindagem","og_description":"Tramita\u00e7\u00e3o da proposta, que blinda da Justi\u00e7a os parlamentares que cometeram crimes, foi permeada de v\u00edcios e teve at\u00e9 manobra para incluir vota\u00e7\u00e3o secreta.","og_url":"https:\/\/psol50.org.br\/psol-pt-e-psb-entram-com-mandado-de-seguranca-no-stf-contra-pec-da-blindagem\/","og_site_name":"PSOL 50","article_publisher":"https:\/\/www.facebook.com\/psol50","article_published_time":"2025-09-18T19:05:29+00:00","article_modified_time":"2025-11-05T18:06:29+00:00","og_image":[{"width":1984,"height":1223,"url":"https:\/\/psol50.org.br\/inc\/uploads\/2025\/09\/img20250917210118406.jpg","type":"image\/jpeg"}],"author":"Comunica\u00e7\u00e3o PSOL","twitter_card":"summary_large_image","twitter_creator":"@psol50","twitter_site":"@psol50","twitter_misc":{"Escrito por":"Comunica\u00e7\u00e3o PSOL","Est. tempo de leitura":"1 minuto"},"schema":{"@context":"https:\/\/schema.org","@graph":[{"@type":"Article","@id":"https:\/\/psol50.org.br\/psol-pt-e-psb-entram-com-mandado-de-seguranca-no-stf-contra-pec-da-blindagem\/#article","isPartOf":{"@id":"https:\/\/psol50.org.br\/psol-pt-e-psb-entram-com-mandado-de-seguranca-no-stf-contra-pec-da-blindagem\/"},"author":{"name":"Comunica\u00e7\u00e3o PSOL","@id":"https:\/\/psol50.org.br\/#\/schema\/person\/475dfa57d0b815993c714c2e96491fcd"},"headline":"PSOL, PT e PSB entram com mandado de seguran\u00e7a no STF contra PEC da Blindagem","datePublished":"2025-09-18T19:05:29+00:00","dateModified":"2025-11-05T18:06:29+00:00","mainEntityOfPage":{"@id":"https:\/\/psol50.org.br\/psol-pt-e-psb-entram-com-mandado-de-seguranca-no-stf-contra-pec-da-blindagem\/"},"wordCount":306,"publisher":{"@id":"https:\/\/psol50.org.br\/#organization"},"image":{"@id":"https:\/\/psol50.org.br\/psol-pt-e-psb-entram-com-mandado-de-seguranca-no-stf-contra-pec-da-blindagem\/#primaryimage"},"thumbnailUrl":"https:\/\/psol50.org.br\/inc\/uploads\/2025\/09\/img20250917210118406.jpg","keywords":["A\u00e7\u00f5es Jur\u00eddicas","Not\u00edcias"],"articleSection":["A\u00e7\u00e3o Parlamentar"],"inLanguage":"pt-BR"},{"@type":"WebPage","@id":"https:\/\/psol50.org.br\/psol-pt-e-psb-entram-com-mandado-de-seguranca-no-stf-contra-pec-da-blindagem\/","url":"https:\/\/psol50.org.br\/psol-pt-e-psb-entram-com-mandado-de-seguranca-no-stf-contra-pec-da-blindagem\/","name":"PSOL, PT e PSB entram com mandado de seguran\u00e7a no STF contra PEC da Blindagem","isPartOf":{"@id":"https:\/\/psol50.org.br\/#website"},"primaryImageOfPage":{"@id":"https:\/\/psol50.org.br\/psol-pt-e-psb-entram-com-mandado-de-seguranca-no-stf-contra-pec-da-blindagem\/#primaryimage"},"image":{"@id":"https:\/\/psol50.org.br\/psol-pt-e-psb-entram-com-mandado-de-seguranca-no-stf-contra-pec-da-blindagem\/#primaryimage"},"thumbnailUrl":"https:\/\/psol50.org.br\/inc\/uploads\/2025\/09\/img20250917210118406.jpg","datePublished":"2025-09-18T19:05:29+00:00","dateModified":"2025-11-05T18:06:29+00:00","description":"Tramita\u00e7\u00e3o da proposta, que blinda da Justi\u00e7a os parlamentares que cometeram crimes, foi permeada de v\u00edcios e teve at\u00e9 manobra para incluir vota\u00e7\u00e3o secreta.","breadcrumb":{"@id":"https:\/\/psol50.org.br\/psol-pt-e-psb-entram-com-mandado-de-seguranca-no-stf-contra-pec-da-blindagem\/#breadcrumb"},"inLanguage":"pt-BR","potentialAction":[{"@type":"ReadAction","target":["https:\/\/psol50.org.br\/psol-pt-e-psb-entram-com-mandado-de-seguranca-no-stf-contra-pec-da-blindagem\/"]}]},{"@type":"ImageObject","inLanguage":"pt-BR","@id":"https:\/\/psol50.org.br\/psol-pt-e-psb-entram-com-mandado-de-seguranca-no-stf-contra-pec-da-blindagem\/#primaryimage","url":"https:\/\/psol50.org.br\/inc\/uploads\/2025\/09\/img20250917210118406.jpg","contentUrl":"https:\/\/psol50.org.br\/inc\/uploads\/2025\/09\/img20250917210118406.jpg","width":1984,"height":1223,"caption":"Foto: Bruno Spada \/ C\u00e2mara dos Deputados"},{"@type":"BreadcrumbList","@id":"https:\/\/psol50.org.br\/psol-pt-e-psb-entram-com-mandado-de-seguranca-no-stf-contra-pec-da-blindagem\/#breadcrumb","itemListElement":[{"@type":"ListItem","position":1,"name":"In\u00edcio","item":"https:\/\/psol50.org.br\/"},{"@type":"ListItem","position":2,"name":"PSOL, PT e PSB entram com mandado de seguran\u00e7a no STF contra PEC da Blindagem"}]},{"@type":"WebSite","@id":"https:\/\/psol50.org.br\/#website","url":"https:\/\/psol50.org.br\/","name":"PSOL 50","description":"Site oficial do Partido Socialismo e Liberdade","publisher":{"@id":"https:\/\/psol50.org.br\/#organization"},"alternateName":"PSOL50","potentialAction":[{"@type":"SearchAction","target":{"@type":"EntryPoint","urlTemplate":"https:\/\/psol50.org.br\/?s={search_term_string}"},"query-input":{"@type":"PropertyValueSpecification","valueRequired":true,"valueName":"search_term_string"}}],"inLanguage":"pt-BR"},{"@type":"Organization","@id":"https:\/\/psol50.org.br\/#organization","name":"PSOL 50","alternateName":"PSOL 50","url":"https:\/\/psol50.org.br\/","logo":{"@type":"ImageObject","inLanguage":"pt-BR","@id":"https:\/\/psol50.org.br\/#\/schema\/logo\/image\/","url":"https:\/\/psol50.org.br\/inc\/uploads\/2018\/07\/capa.png","contentUrl":"https:\/\/psol50.org.br\/inc\/uploads\/2018\/07\/capa.png","width":1350,"height":900,"caption":"PSOL 50"},"image":{"@id":"https:\/\/psol50.org.br\/#\/schema\/logo\/image\/"},"sameAs":["https:\/\/www.facebook.com\/psol50","https:\/\/x.com\/psol50","https:\/\/www.instagram.com\/psol50\/","https:\/\/www.youtube.com\/channel\/UC7SnJS5o1os7a6CaiNabzcg"]},{"@type":"Person","@id":"https:\/\/psol50.org.br\/#\/schema\/person\/475dfa57d0b815993c714c2e96491fcd","name":"Comunica\u00e7\u00e3o PSOL","image":{"@type":"ImageObject","inLanguage":"pt-BR","@id":"https:\/\/psol50.org.br\/#\/schema\/person\/image\/","url":"https:\/\/secure.gravatar.com\/avatar\/b34fc4f4e468a4e51785917065a3db57b841f5c95dba6ad8c73aaf8f66f8f9bf?s=96&d=mm&r=g","contentUrl":"https:\/\/secure.gravatar.com\/avatar\/b34fc4f4e468a4e51785917065a3db57b841f5c95dba6ad8c73aaf8f66f8f9bf?s=96&d=mm&r=g","caption":"Comunica\u00e7\u00e3o PSOL"}}]}},"_links":{"self":[{"href":"https:\/\/psol50.org.br\/rest\/wp\/v2\/posts\/41764","targetHints":{"allow":["GET"]}}],"collection":[{"href":"https:\/\/psol50.org.br\/rest\/wp\/v2\/posts"}],"about":[{"href":"https:\/\/psol50.org.br\/rest\/wp\/v2\/types\/post"}],"author":[{"embeddable":true,"href":"https:\/\/psol50.org.br\/rest\/wp\/v2\/users\/2"}],"replies":[{"embeddable":true,"href":"https:\/\/psol50.org.br\/rest\/wp\/v2\/comments?post=41764"}],"version-history":[{"count":2,"href":"https:\/\/psol50.org.br\/rest\/wp\/v2\/posts\/41764\/revisions"}],"predecessor-version":[{"id":41766,"href":"https:\/\/psol50.org.br\/rest\/wp\/v2\/posts\/41764\/revisions\/41766"}],"wp:featuredmedia":[{"embeddable":true,"href":"https:\/\/psol50.org.br\/rest\/wp\/v2\/media\/41767"}],"wp:attachment":[{"href":"https:\/\/psol50.org.br\/rest\/wp\/v2\/media?parent=41764"}],"wp:term":[{"taxonomy":"category","embeddable":true,"href":"https:\/\/psol50.org.br\/rest\/wp\/v2\/categories?post=41764"},{"taxonomy":"post_tag","embeddable":true,"href":"https:\/\/psol50.org.br\/rest\/wp\/v2\/tags?post=41764"}],"curies":[{"name":"wp","href":"https:\/\/api.w.org\/{rel}","templated":true}]}}