{"id":41806,"date":"2025-10-01T17:38:34","date_gmt":"2025-10-01T20:38:34","guid":{"rendered":"https:\/\/psol50.org.br\/?p=41806"},"modified":"2025-10-06T13:51:36","modified_gmt":"2025-10-06T16:51:36","slug":"ediane-maria-e-a-nova-lider-da-bancada-do-psol-na-alesp","status":"publish","type":"post","link":"https:\/\/psol50.org.br\/ediane-maria-e-a-nova-lider-da-bancada-do-psol-na-alesp\/","title":{"rendered":"Ediane Maria \u00e9 a nova l\u00edder da bancada do PSOL na Alesp"},"content":{"rendered":"<p>A deputada estadual Ediane Maria foi anunciada nesta quarta-feira (1) como a nova l\u00edder da bancada do PSOL na Assembleia Legislativa de S\u00e3o Paulo (Alesp). Ela substitui Guilherme Cortez, que ocupou o cargo de lideran\u00e7a da bancada psolista durante o \u00faltimo ano.<\/p>\n<p>&#8220;Obrigada a todos que constru\u00edram e constroem esse mandato comigo, obrigada a voc\u00ea que t\u00e1 sempre por aqui fazendo a diferen\u00e7a e fazendo parte de uma hist\u00f3ria que a gente vai contar de um outro jeito, por um outro olhar&#8221;, disse Ediane ao anunciar a nova fun\u00e7\u00e3o na bancada.<\/p>\n<p>Negra, LGBT e m\u00e3e solo de quatro filhos, Ediane veio do sert\u00e3o de Pernambuco para o estado de S\u00e3o Paulo quando tinha 18 anos, h\u00e1 quase duas d\u00e9cadas. Na capital paulista, come\u00e7ou a trabalhar como empregada dom\u00e9stica.<\/p>\n<p>Fez parte da ocupa\u00e7\u00e3o Povo Sem Medo de S\u00e3o Bernardo do Campo, organizada pelo Movimento dos Trabalhadores Sem-Teto (MTST), que chegou a ter mais de 12 mil fam\u00edlias.<\/p>\n<p>Em 2022, foi eleita deputada estadual de S\u00e3o Paulo pelo PSOL com 175.617 votos, uma das 20 mais votadas para o cargo.<\/p>\n","protected":false},"excerpt":{"rendered":"<p>A deputada estadual Ediane Maria foi anunciada nesta quarta-feira (1) como a nova l\u00edder da bancada do PSOL na Assembleia Legislativa de S\u00e3o Paulo (Alesp). Ela substitui Guilherme Cortez, que ocupou o cargo de lideran\u00e7a da bancada psolista durante o \u00faltimo ano. &#8220;Obrigada a todos que constru\u00edram e constroem esse mandato comigo, obrigada a voc\u00ea [&hellip;]<\/p>\n","protected":false},"author":2,"featured_media":41446,"comment_status":"closed","ping_status":"open","sticky":false,"template":"","format":"standard","meta":{"_acf_changed":false,"footnotes":""},"categories":[654],"tags":[4825],"class_list":{"0":"post-41806","1":"post","2":"type-post","3":"status-publish","4":"format-standard","5":"has-post-thumbnail","7":"category-estados","8":"tag-noticias"},"acf":[],"yoast_head":"<!-- This site is optimized with the Yoast SEO plugin v26.5 - https:\/\/yoast.com\/wordpress\/plugins\/seo\/ -->\n<title>Ediane Maria \u00e9 a nova l\u00edder da bancada do PSOL na Alesp<\/title>\n<meta name=\"description\" content=\"Deputada se torna a primeira trabalhadora dom\u00e9stica a liderar uma bancada parlamentar na Assembleia Legislativa de S\u00e3o Paulo.\" \/>\n<meta name=\"robots\" content=\"index, follow, max-snippet:-1, max-image-preview:large, max-video-preview:-1\" \/>\n<link rel=\"canonical\" href=\"https:\/\/psol50.org.br\/ediane-maria-e-a-nova-lider-da-bancada-do-psol-na-alesp\/\" \/>\n<meta property=\"og:locale\" content=\"pt_BR\" \/>\n<meta property=\"og:type\" content=\"article\" \/>\n<meta property=\"og:title\" content=\"Ediane Maria \u00e9 a nova l\u00edder da bancada do PSOL na Alesp\" \/>\n<meta property=\"og:description\" content=\"Deputada se torna a primeira trabalhadora dom\u00e9stica a liderar uma bancada parlamentar na Assembleia Legislativa de S\u00e3o Paulo.\" \/>\n<meta property=\"og:url\" content=\"https:\/\/psol50.org.br\/ediane-maria-e-a-nova-lider-da-bancada-do-psol-na-alesp\/\" \/>\n<meta property=\"og:site_name\" content=\"PSOL 50\" \/>\n<meta property=\"article:publisher\" content=\"https:\/\/www.facebook.com\/psol50\" \/>\n<meta property=\"article:published_time\" content=\"2025-10-01T20:38:34+00:00\" \/>\n<meta property=\"article:modified_time\" content=\"2025-10-06T16:51:36+00:00\" \/>\n<meta property=\"og:image\" content=\"https:\/\/psol50.org.br\/inc\/uploads\/2025\/07\/fg344039.jpg\" \/>\n\t<meta property=\"og:image:width\" content=\"2047\" \/>\n\t<meta property=\"og:image:height\" content=\"1365\" \/>\n\t<meta property=\"og:image:type\" content=\"image\/jpeg\" \/>\n<meta name=\"author\" content=\"Comunica\u00e7\u00e3o PSOL\" \/>\n<meta name=\"twitter:card\" content=\"summary_large_image\" \/>\n<meta name=\"twitter:creator\" content=\"@psol50\" \/>\n<meta name=\"twitter:site\" content=\"@psol50\" \/>\n<meta name=\"twitter:label1\" content=\"Escrito por\" \/>\n\t<meta name=\"twitter:data1\" content=\"Comunica\u00e7\u00e3o PSOL\" \/>\n\t<meta name=\"twitter:label2\" content=\"Est. tempo de leitura\" \/>\n\t<meta name=\"twitter:data2\" content=\"1 minuto\" \/>\n<script type=\"application\/ld+json\" class=\"yoast-schema-graph\">{\"@context\":\"https:\/\/schema.org\",\"@graph\":[{\"@type\":\"Article\",\"@id\":\"https:\/\/psol50.org.br\/ediane-maria-e-a-nova-lider-da-bancada-do-psol-na-alesp\/#article\",\"isPartOf\":{\"@id\":\"https:\/\/psol50.org.br\/ediane-maria-e-a-nova-lider-da-bancada-do-psol-na-alesp\/\"},\"author\":{\"name\":\"Comunica\u00e7\u00e3o PSOL\",\"@id\":\"https:\/\/psol50.org.br\/#\/schema\/person\/475dfa57d0b815993c714c2e96491fcd\"},\"headline\":\"Ediane Maria \u00e9 a nova l\u00edder da bancada do PSOL na Alesp\",\"datePublished\":\"2025-10-01T20:38:34+00:00\",\"dateModified\":\"2025-10-06T16:51:36+00:00\",\"mainEntityOfPage\":{\"@id\":\"https:\/\/psol50.org.br\/ediane-maria-e-a-nova-lider-da-bancada-do-psol-na-alesp\/\"},\"wordCount\":201,\"publisher\":{\"@id\":\"https:\/\/psol50.org.br\/#organization\"},\"image\":{\"@id\":\"https:\/\/psol50.org.br\/ediane-maria-e-a-nova-lider-da-bancada-do-psol-na-alesp\/#primaryimage\"},\"thumbnailUrl\":\"https:\/\/psol50.org.br\/inc\/uploads\/2025\/07\/fg344039.jpg\",\"keywords\":[\"Not\u00edcias\"],\"articleSection\":[\"Estados\"],\"inLanguage\":\"pt-BR\"},{\"@type\":\"WebPage\",\"@id\":\"https:\/\/psol50.org.br\/ediane-maria-e-a-nova-lider-da-bancada-do-psol-na-alesp\/\",\"url\":\"https:\/\/psol50.org.br\/ediane-maria-e-a-nova-lider-da-bancada-do-psol-na-alesp\/\",\"name\":\"Ediane Maria \u00e9 a nova l\u00edder da bancada do PSOL na Alesp\",\"isPartOf\":{\"@id\":\"https:\/\/psol50.org.br\/#website\"},\"primaryImageOfPage\":{\"@id\":\"https:\/\/psol50.org.br\/ediane-maria-e-a-nova-lider-da-bancada-do-psol-na-alesp\/#primaryimage\"},\"image\":{\"@id\":\"https:\/\/psol50.org.br\/ediane-maria-e-a-nova-lider-da-bancada-do-psol-na-alesp\/#primaryimage\"},\"thumbnailUrl\":\"https:\/\/psol50.org.br\/inc\/uploads\/2025\/07\/fg344039.jpg\",\"datePublished\":\"2025-10-01T20:38:34+00:00\",\"dateModified\":\"2025-10-06T16:51:36+00:00\",\"description\":\"Deputada se torna a primeira trabalhadora dom\u00e9stica a liderar uma bancada parlamentar na Assembleia Legislativa de S\u00e3o Paulo.\",\"breadcrumb\":{\"@id\":\"https:\/\/psol50.org.br\/ediane-maria-e-a-nova-lider-da-bancada-do-psol-na-alesp\/#breadcrumb\"},\"inLanguage\":\"pt-BR\",\"potentialAction\":[{\"@type\":\"ReadAction\",\"target\":[\"https:\/\/psol50.org.br\/ediane-maria-e-a-nova-lider-da-bancada-do-psol-na-alesp\/\"]}]},{\"@type\":\"ImageObject\",\"inLanguage\":\"pt-BR\",\"@id\":\"https:\/\/psol50.org.br\/ediane-maria-e-a-nova-lider-da-bancada-do-psol-na-alesp\/#primaryimage\",\"url\":\"https:\/\/psol50.org.br\/inc\/uploads\/2025\/07\/fg344039.jpg\",\"contentUrl\":\"https:\/\/psol50.org.br\/inc\/uploads\/2025\/07\/fg344039.jpg\",\"width\":2047,\"height\":1365,\"caption\":\"Foto: Rodrigo Costa\"},{\"@type\":\"BreadcrumbList\",\"@id\":\"https:\/\/psol50.org.br\/ediane-maria-e-a-nova-lider-da-bancada-do-psol-na-alesp\/#breadcrumb\",\"itemListElement\":[{\"@type\":\"ListItem\",\"position\":1,\"name\":\"In\u00edcio\",\"item\":\"https:\/\/psol50.org.br\/\"},{\"@type\":\"ListItem\",\"position\":2,\"name\":\"Ediane Maria \u00e9 a nova l\u00edder da bancada do PSOL na Alesp\"}]},{\"@type\":\"WebSite\",\"@id\":\"https:\/\/psol50.org.br\/#website\",\"url\":\"https:\/\/psol50.org.br\/\",\"name\":\"PSOL 50\",\"description\":\"Site oficial do Partido Socialismo e Liberdade\",\"publisher\":{\"@id\":\"https:\/\/psol50.org.br\/#organization\"},\"alternateName\":\"PSOL50\",\"potentialAction\":[{\"@type\":\"SearchAction\",\"target\":{\"@type\":\"EntryPoint\",\"urlTemplate\":\"https:\/\/psol50.org.br\/?s={search_term_string}\"},\"query-input\":{\"@type\":\"PropertyValueSpecification\",\"valueRequired\":true,\"valueName\":\"search_term_string\"}}],\"inLanguage\":\"pt-BR\"},{\"@type\":\"Organization\",\"@id\":\"https:\/\/psol50.org.br\/#organization\",\"name\":\"PSOL 50\",\"alternateName\":\"PSOL 50\",\"url\":\"https:\/\/psol50.org.br\/\",\"logo\":{\"@type\":\"ImageObject\",\"inLanguage\":\"pt-BR\",\"@id\":\"https:\/\/psol50.org.br\/#\/schema\/logo\/image\/\",\"url\":\"https:\/\/psol50.org.br\/inc\/uploads\/2018\/07\/capa.png\",\"contentUrl\":\"https:\/\/psol50.org.br\/inc\/uploads\/2018\/07\/capa.png\",\"width\":1350,\"height\":900,\"caption\":\"PSOL 50\"},\"image\":{\"@id\":\"https:\/\/psol50.org.br\/#\/schema\/logo\/image\/\"},\"sameAs\":[\"https:\/\/www.facebook.com\/psol50\",\"https:\/\/x.com\/psol50\",\"https:\/\/www.instagram.com\/psol50\/\",\"https:\/\/www.youtube.com\/channel\/UC7SnJS5o1os7a6CaiNabzcg\"]},{\"@type\":\"Person\",\"@id\":\"https:\/\/psol50.org.br\/#\/schema\/person\/475dfa57d0b815993c714c2e96491fcd\",\"name\":\"Comunica\u00e7\u00e3o PSOL\",\"image\":{\"@type\":\"ImageObject\",\"inLanguage\":\"pt-BR\",\"@id\":\"https:\/\/psol50.org.br\/#\/schema\/person\/image\/\",\"url\":\"https:\/\/secure.gravatar.com\/avatar\/b34fc4f4e468a4e51785917065a3db57b841f5c95dba6ad8c73aaf8f66f8f9bf?s=96&d=mm&r=g\",\"contentUrl\":\"https:\/\/secure.gravatar.com\/avatar\/b34fc4f4e468a4e51785917065a3db57b841f5c95dba6ad8c73aaf8f66f8f9bf?s=96&d=mm&r=g\",\"caption\":\"Comunica\u00e7\u00e3o PSOL\"}}]}<\/script>\n<!-- \/ Yoast SEO plugin. -->","yoast_head_json":{"title":"Ediane Maria \u00e9 a nova l\u00edder da bancada do PSOL na Alesp","description":"Deputada se torna a primeira trabalhadora dom\u00e9stica a liderar uma bancada parlamentar na Assembleia Legislativa de S\u00e3o Paulo.","robots":{"index":"index","follow":"follow","max-snippet":"max-snippet:-1","max-image-preview":"max-image-preview:large","max-video-preview":"max-video-preview:-1"},"canonical":"https:\/\/psol50.org.br\/ediane-maria-e-a-nova-lider-da-bancada-do-psol-na-alesp\/","og_locale":"pt_BR","og_type":"article","og_title":"Ediane Maria \u00e9 a nova l\u00edder da bancada do PSOL na Alesp","og_description":"Deputada se torna a primeira trabalhadora dom\u00e9stica a liderar uma bancada parlamentar na Assembleia Legislativa de S\u00e3o Paulo.","og_url":"https:\/\/psol50.org.br\/ediane-maria-e-a-nova-lider-da-bancada-do-psol-na-alesp\/","og_site_name":"PSOL 50","article_publisher":"https:\/\/www.facebook.com\/psol50","article_published_time":"2025-10-01T20:38:34+00:00","article_modified_time":"2025-10-06T16:51:36+00:00","og_image":[{"width":2047,"height":1365,"url":"https:\/\/psol50.org.br\/inc\/uploads\/2025\/07\/fg344039.jpg","type":"image\/jpeg"}],"author":"Comunica\u00e7\u00e3o PSOL","twitter_card":"summary_large_image","twitter_creator":"@psol50","twitter_site":"@psol50","twitter_misc":{"Escrito por":"Comunica\u00e7\u00e3o PSOL","Est. tempo de leitura":"1 minuto"},"schema":{"@context":"https:\/\/schema.org","@graph":[{"@type":"Article","@id":"https:\/\/psol50.org.br\/ediane-maria-e-a-nova-lider-da-bancada-do-psol-na-alesp\/#article","isPartOf":{"@id":"https:\/\/psol50.org.br\/ediane-maria-e-a-nova-lider-da-bancada-do-psol-na-alesp\/"},"author":{"name":"Comunica\u00e7\u00e3o PSOL","@id":"https:\/\/psol50.org.br\/#\/schema\/person\/475dfa57d0b815993c714c2e96491fcd"},"headline":"Ediane Maria \u00e9 a nova l\u00edder da bancada do PSOL na Alesp","datePublished":"2025-10-01T20:38:34+00:00","dateModified":"2025-10-06T16:51:36+00:00","mainEntityOfPage":{"@id":"https:\/\/psol50.org.br\/ediane-maria-e-a-nova-lider-da-bancada-do-psol-na-alesp\/"},"wordCount":201,"publisher":{"@id":"https:\/\/psol50.org.br\/#organization"},"image":{"@id":"https:\/\/psol50.org.br\/ediane-maria-e-a-nova-lider-da-bancada-do-psol-na-alesp\/#primaryimage"},"thumbnailUrl":"https:\/\/psol50.org.br\/inc\/uploads\/2025\/07\/fg344039.jpg","keywords":["Not\u00edcias"],"articleSection":["Estados"],"inLanguage":"pt-BR"},{"@type":"WebPage","@id":"https:\/\/psol50.org.br\/ediane-maria-e-a-nova-lider-da-bancada-do-psol-na-alesp\/","url":"https:\/\/psol50.org.br\/ediane-maria-e-a-nova-lider-da-bancada-do-psol-na-alesp\/","name":"Ediane Maria \u00e9 a nova l\u00edder da bancada do PSOL na Alesp","isPartOf":{"@id":"https:\/\/psol50.org.br\/#website"},"primaryImageOfPage":{"@id":"https:\/\/psol50.org.br\/ediane-maria-e-a-nova-lider-da-bancada-do-psol-na-alesp\/#primaryimage"},"image":{"@id":"https:\/\/psol50.org.br\/ediane-maria-e-a-nova-lider-da-bancada-do-psol-na-alesp\/#primaryimage"},"thumbnailUrl":"https:\/\/psol50.org.br\/inc\/uploads\/2025\/07\/fg344039.jpg","datePublished":"2025-10-01T20:38:34+00:00","dateModified":"2025-10-06T16:51:36+00:00","description":"Deputada se torna a primeira trabalhadora dom\u00e9stica a liderar uma bancada parlamentar na Assembleia Legislativa de S\u00e3o Paulo.","breadcrumb":{"@id":"https:\/\/psol50.org.br\/ediane-maria-e-a-nova-lider-da-bancada-do-psol-na-alesp\/#breadcrumb"},"inLanguage":"pt-BR","potentialAction":[{"@type":"ReadAction","target":["https:\/\/psol50.org.br\/ediane-maria-e-a-nova-lider-da-bancada-do-psol-na-alesp\/"]}]},{"@type":"ImageObject","inLanguage":"pt-BR","@id":"https:\/\/psol50.org.br\/ediane-maria-e-a-nova-lider-da-bancada-do-psol-na-alesp\/#primaryimage","url":"https:\/\/psol50.org.br\/inc\/uploads\/2025\/07\/fg344039.jpg","contentUrl":"https:\/\/psol50.org.br\/inc\/uploads\/2025\/07\/fg344039.jpg","width":2047,"height":1365,"caption":"Foto: Rodrigo Costa"},{"@type":"BreadcrumbList","@id":"https:\/\/psol50.org.br\/ediane-maria-e-a-nova-lider-da-bancada-do-psol-na-alesp\/#breadcrumb","itemListElement":[{"@type":"ListItem","position":1,"name":"In\u00edcio","item":"https:\/\/psol50.org.br\/"},{"@type":"ListItem","position":2,"name":"Ediane Maria \u00e9 a nova l\u00edder da bancada do PSOL na Alesp"}]},{"@type":"WebSite","@id":"https:\/\/psol50.org.br\/#website","url":"https:\/\/psol50.org.br\/","name":"PSOL 50","description":"Site oficial do Partido Socialismo e Liberdade","publisher":{"@id":"https:\/\/psol50.org.br\/#organization"},"alternateName":"PSOL50","potentialAction":[{"@type":"SearchAction","target":{"@type":"EntryPoint","urlTemplate":"https:\/\/psol50.org.br\/?s={search_term_string}"},"query-input":{"@type":"PropertyValueSpecification","valueRequired":true,"valueName":"search_term_string"}}],"inLanguage":"pt-BR"},{"@type":"Organization","@id":"https:\/\/psol50.org.br\/#organization","name":"PSOL 50","alternateName":"PSOL 50","url":"https:\/\/psol50.org.br\/","logo":{"@type":"ImageObject","inLanguage":"pt-BR","@id":"https:\/\/psol50.org.br\/#\/schema\/logo\/image\/","url":"https:\/\/psol50.org.br\/inc\/uploads\/2018\/07\/capa.png","contentUrl":"https:\/\/psol50.org.br\/inc\/uploads\/2018\/07\/capa.png","width":1350,"height":900,"caption":"PSOL 50"},"image":{"@id":"https:\/\/psol50.org.br\/#\/schema\/logo\/image\/"},"sameAs":["https:\/\/www.facebook.com\/psol50","https:\/\/x.com\/psol50","https:\/\/www.instagram.com\/psol50\/","https:\/\/www.youtube.com\/channel\/UC7SnJS5o1os7a6CaiNabzcg"]},{"@type":"Person","@id":"https:\/\/psol50.org.br\/#\/schema\/person\/475dfa57d0b815993c714c2e96491fcd","name":"Comunica\u00e7\u00e3o PSOL","image":{"@type":"ImageObject","inLanguage":"pt-BR","@id":"https:\/\/psol50.org.br\/#\/schema\/person\/image\/","url":"https:\/\/secure.gravatar.com\/avatar\/b34fc4f4e468a4e51785917065a3db57b841f5c95dba6ad8c73aaf8f66f8f9bf?s=96&d=mm&r=g","contentUrl":"https:\/\/secure.gravatar.com\/avatar\/b34fc4f4e468a4e51785917065a3db57b841f5c95dba6ad8c73aaf8f66f8f9bf?s=96&d=mm&r=g","caption":"Comunica\u00e7\u00e3o PSOL"}}]}},"_links":{"self":[{"href":"https:\/\/psol50.org.br\/rest\/wp\/v2\/posts\/41806","targetHints":{"allow":["GET"]}}],"collection":[{"href":"https:\/\/psol50.org.br\/rest\/wp\/v2\/posts"}],"about":[{"href":"https:\/\/psol50.org.br\/rest\/wp\/v2\/types\/post"}],"author":[{"embeddable":true,"href":"https:\/\/psol50.org.br\/rest\/wp\/v2\/users\/2"}],"replies":[{"embeddable":true,"href":"https:\/\/psol50.org.br\/rest\/wp\/v2\/comments?post=41806"}],"version-history":[{"count":1,"href":"https:\/\/psol50.org.br\/rest\/wp\/v2\/posts\/41806\/revisions"}],"predecessor-version":[{"id":41807,"href":"https:\/\/psol50.org.br\/rest\/wp\/v2\/posts\/41806\/revisions\/41807"}],"wp:featuredmedia":[{"embeddable":true,"href":"https:\/\/psol50.org.br\/rest\/wp\/v2\/media\/41446"}],"wp:attachment":[{"href":"https:\/\/psol50.org.br\/rest\/wp\/v2\/media?parent=41806"}],"wp:term":[{"taxonomy":"category","embeddable":true,"href":"https:\/\/psol50.org.br\/rest\/wp\/v2\/categories?post=41806"},{"taxonomy":"post_tag","embeddable":true,"href":"https:\/\/psol50.org.br\/rest\/wp\/v2\/tags?post=41806"}],"curies":[{"name":"wp","href":"https:\/\/api.w.org\/{rel}","templated":true}]}}