{"id":41810,"date":"2025-10-03T12:08:24","date_gmt":"2025-10-03T15:08:24","guid":{"rendered":"https:\/\/psol50.org.br\/?p=41810"},"modified":"2025-10-03T12:08:24","modified_gmt":"2025-10-03T15:08:24","slug":"samia-bomfim-aciona-mp-por-medidas-contra-tumultos-criados-por-bolsonaristas-nas-universidades","status":"publish","type":"post","link":"https:\/\/psol50.org.br\/samia-bomfim-aciona-mp-por-medidas-contra-tumultos-criados-por-bolsonaristas-nas-universidades\/","title":{"rendered":"S\u00e2mia Bomfim aciona MP por medidas contra tumultos criados por bolsonaristas nas universidades"},"content":{"rendered":"<p>A deputada federal S\u00e2mia Bomfim (PSOL) se reuniu na \u00faltima quinta-feira (2) com representantes do\u00a0Minist\u00e9rio P\u00fablico de S\u00e3o Paulo e diretores de universidades p\u00fablicas para discutir solu\u00e7\u00f5es contra a trucul\u00eancia de bolsonaristas contra estudantes nas universidades nos \u00faltimos meses.<\/p>\n<p>A deputada se reuniu com o subprocurador-geral de Justi\u00e7a Criminal do Minist\u00e9rio P\u00fablico de S\u00e3o Paulo, Ivan Francisco Pereira Agostinho, e com a promotora de Justi\u00e7a Tatiana Call\u00e9 Heilman.<\/p>\n<p>Tamb\u00e9m participaram Adri\u00e1n Pablo Fanjul, diretor da FFLCH (Faculdade de Filosofia, Letras e Ci\u00eancias Humanas da USP), Frederico Favoretto, da diretoria da FFLCH, al\u00e9m do professor Ronaldo Almeida, do IFCH-Unicamp, e de Pedro Chiquitti, do DCE Livre da USP.<\/p>\n<p>Parlamentares bolsonaristas t\u00eam ido \u00e0s universidades para tumultuar, provocar e at\u00e9 agredir alunos. Entre os expoentes do m\u00e9todo truculento est\u00e3o o vereador da capital paulista Lucas Pavanato (PL), o vereador de Guarulhos Kleber Ribeiro (PL) e o ex-deputado estadual Douglas Garcia (Republicanos).<\/p>\n<p>Na reuni\u00e3o no Minist\u00e9rio P\u00fablico de S\u00e3o Paulo, S\u00e2mia pediu que o \u00f3rg\u00e3o adote medidas para impedir esse tipo de atua\u00e7\u00e3o nas universidades. Ela tamb\u00e9m pretende ir ao MEC (Minist\u00e9rio da Educa\u00e7\u00e3o) com diretores das faculdades para retomar uma norma do governo Dilma que reafirmava as universidades como polos defensores dos direitos humanos.<\/p>\n<div>\n<div class=\"js-gallery-widget rs_skip\">\n<div id=\"gallery-widget-undefined\" class=\"gallery-widget rs_preserve gallery-widget-keydown\" data-channel=\"painel\">\n<div class=\"gallery-widget__header\"><\/div>\n<\/div>\n<\/div>\n<\/div>\n","protected":false},"excerpt":{"rendered":"<p>A deputada federal S\u00e2mia Bomfim (PSOL) se reuniu na \u00faltima quinta-feira (2) com representantes do\u00a0Minist\u00e9rio P\u00fablico de S\u00e3o Paulo e diretores de universidades p\u00fablicas para discutir solu\u00e7\u00f5es contra a trucul\u00eancia de bolsonaristas contra estudantes nas universidades nos \u00faltimos meses. A deputada se reuniu com o subprocurador-geral de Justi\u00e7a Criminal do Minist\u00e9rio P\u00fablico de S\u00e3o Paulo, [&hellip;]<\/p>\n","protected":false},"author":2,"featured_media":41817,"comment_status":"closed","ping_status":"open","sticky":false,"template":"","format":"standard","meta":{"_acf_changed":false,"footnotes":""},"categories":[10,654],"tags":[4825],"class_list":{"0":"post-41810","1":"post","2":"type-post","3":"status-publish","4":"format-standard","5":"has-post-thumbnail","7":"category-acao-parlamentares","8":"category-estados","9":"tag-noticias"},"acf":[],"yoast_head":"<!-- This site is optimized with the Yoast SEO plugin v26.5 - https:\/\/yoast.com\/wordpress\/plugins\/seo\/ -->\n<title>S\u00e2mia Bomfim aciona MP por medidas contra tumultos criados por bolsonaristas nas universidades<\/title>\n<meta name=\"description\" content=\"Deputada federal do PSOL se reuniu com representantes do MP ao lado de diretores de faculdades que tiveram casos de viol\u00eancia promovida por bolsonaristas.\" \/>\n<meta name=\"robots\" content=\"index, follow, max-snippet:-1, max-image-preview:large, max-video-preview:-1\" \/>\n<link rel=\"canonical\" href=\"https:\/\/psol50.org.br\/samia-bomfim-aciona-mp-por-medidas-contra-tumultos-criados-por-bolsonaristas-nas-universidades\/\" \/>\n<meta property=\"og:locale\" content=\"pt_BR\" \/>\n<meta property=\"og:type\" content=\"article\" \/>\n<meta property=\"og:title\" content=\"S\u00e2mia Bomfim aciona MP por medidas contra tumultos criados por bolsonaristas nas universidades\" \/>\n<meta property=\"og:description\" content=\"Deputada federal do PSOL se reuniu com representantes do MP ao lado de diretores de faculdades que tiveram casos de viol\u00eancia promovida por bolsonaristas.\" \/>\n<meta property=\"og:url\" content=\"https:\/\/psol50.org.br\/samia-bomfim-aciona-mp-por-medidas-contra-tumultos-criados-por-bolsonaristas-nas-universidades\/\" \/>\n<meta property=\"og:site_name\" content=\"PSOL 50\" \/>\n<meta property=\"article:publisher\" content=\"https:\/\/www.facebook.com\/psol50\" \/>\n<meta property=\"article:published_time\" content=\"2025-10-03T15:08:24+00:00\" \/>\n<meta property=\"og:image\" content=\"https:\/\/psol50.org.br\/inc\/uploads\/2025\/10\/175942227668dea744ec3b2_1759422276_3x2_lg.jpg\" \/>\n\t<meta property=\"og:image:width\" content=\"1024\" \/>\n\t<meta property=\"og:image:height\" content=\"683\" \/>\n\t<meta property=\"og:image:type\" content=\"image\/jpeg\" \/>\n<meta name=\"author\" content=\"Comunica\u00e7\u00e3o PSOL\" \/>\n<meta name=\"twitter:card\" content=\"summary_large_image\" \/>\n<meta name=\"twitter:creator\" content=\"@psol50\" \/>\n<meta name=\"twitter:site\" content=\"@psol50\" \/>\n<meta name=\"twitter:label1\" content=\"Escrito por\" \/>\n\t<meta name=\"twitter:data1\" content=\"Comunica\u00e7\u00e3o PSOL\" \/>\n\t<meta name=\"twitter:label2\" content=\"Est. tempo de leitura\" \/>\n\t<meta name=\"twitter:data2\" content=\"1 minuto\" \/>\n<script type=\"application\/ld+json\" class=\"yoast-schema-graph\">{\"@context\":\"https:\/\/schema.org\",\"@graph\":[{\"@type\":\"Article\",\"@id\":\"https:\/\/psol50.org.br\/samia-bomfim-aciona-mp-por-medidas-contra-tumultos-criados-por-bolsonaristas-nas-universidades\/#article\",\"isPartOf\":{\"@id\":\"https:\/\/psol50.org.br\/samia-bomfim-aciona-mp-por-medidas-contra-tumultos-criados-por-bolsonaristas-nas-universidades\/\"},\"author\":{\"name\":\"Comunica\u00e7\u00e3o PSOL\",\"@id\":\"https:\/\/psol50.org.br\/#\/schema\/person\/475dfa57d0b815993c714c2e96491fcd\"},\"headline\":\"S\u00e2mia Bomfim aciona MP por medidas contra tumultos criados por bolsonaristas nas universidades\",\"datePublished\":\"2025-10-03T15:08:24+00:00\",\"mainEntityOfPage\":{\"@id\":\"https:\/\/psol50.org.br\/samia-bomfim-aciona-mp-por-medidas-contra-tumultos-criados-por-bolsonaristas-nas-universidades\/\"},\"wordCount\":245,\"publisher\":{\"@id\":\"https:\/\/psol50.org.br\/#organization\"},\"image\":{\"@id\":\"https:\/\/psol50.org.br\/samia-bomfim-aciona-mp-por-medidas-contra-tumultos-criados-por-bolsonaristas-nas-universidades\/#primaryimage\"},\"thumbnailUrl\":\"https:\/\/psol50.org.br\/inc\/uploads\/2025\/10\/175942227668dea744ec3b2_1759422276_3x2_lg.jpg\",\"keywords\":[\"Not\u00edcias\"],\"articleSection\":[\"A\u00e7\u00e3o Parlamentar\",\"Estados\"],\"inLanguage\":\"pt-BR\"},{\"@type\":\"WebPage\",\"@id\":\"https:\/\/psol50.org.br\/samia-bomfim-aciona-mp-por-medidas-contra-tumultos-criados-por-bolsonaristas-nas-universidades\/\",\"url\":\"https:\/\/psol50.org.br\/samia-bomfim-aciona-mp-por-medidas-contra-tumultos-criados-por-bolsonaristas-nas-universidades\/\",\"name\":\"S\u00e2mia Bomfim aciona MP por medidas contra tumultos criados por bolsonaristas nas universidades\",\"isPartOf\":{\"@id\":\"https:\/\/psol50.org.br\/#website\"},\"primaryImageOfPage\":{\"@id\":\"https:\/\/psol50.org.br\/samia-bomfim-aciona-mp-por-medidas-contra-tumultos-criados-por-bolsonaristas-nas-universidades\/#primaryimage\"},\"image\":{\"@id\":\"https:\/\/psol50.org.br\/samia-bomfim-aciona-mp-por-medidas-contra-tumultos-criados-por-bolsonaristas-nas-universidades\/#primaryimage\"},\"thumbnailUrl\":\"https:\/\/psol50.org.br\/inc\/uploads\/2025\/10\/175942227668dea744ec3b2_1759422276_3x2_lg.jpg\",\"datePublished\":\"2025-10-03T15:08:24+00:00\",\"description\":\"Deputada federal do PSOL se reuniu com representantes do MP ao lado de diretores de faculdades que tiveram casos de viol\u00eancia promovida por bolsonaristas.\",\"breadcrumb\":{\"@id\":\"https:\/\/psol50.org.br\/samia-bomfim-aciona-mp-por-medidas-contra-tumultos-criados-por-bolsonaristas-nas-universidades\/#breadcrumb\"},\"inLanguage\":\"pt-BR\",\"potentialAction\":[{\"@type\":\"ReadAction\",\"target\":[\"https:\/\/psol50.org.br\/samia-bomfim-aciona-mp-por-medidas-contra-tumultos-criados-por-bolsonaristas-nas-universidades\/\"]}]},{\"@type\":\"ImageObject\",\"inLanguage\":\"pt-BR\",\"@id\":\"https:\/\/psol50.org.br\/samia-bomfim-aciona-mp-por-medidas-contra-tumultos-criados-por-bolsonaristas-nas-universidades\/#primaryimage\",\"url\":\"https:\/\/psol50.org.br\/inc\/uploads\/2025\/10\/175942227668dea744ec3b2_1759422276_3x2_lg.jpg\",\"contentUrl\":\"https:\/\/psol50.org.br\/inc\/uploads\/2025\/10\/175942227668dea744ec3b2_1759422276_3x2_lg.jpg\",\"width\":1024,\"height\":683,\"caption\":\"Foto: Rafael Giovannini\/ASCOM S\u00e2mia\"},{\"@type\":\"BreadcrumbList\",\"@id\":\"https:\/\/psol50.org.br\/samia-bomfim-aciona-mp-por-medidas-contra-tumultos-criados-por-bolsonaristas-nas-universidades\/#breadcrumb\",\"itemListElement\":[{\"@type\":\"ListItem\",\"position\":1,\"name\":\"In\u00edcio\",\"item\":\"https:\/\/psol50.org.br\/\"},{\"@type\":\"ListItem\",\"position\":2,\"name\":\"S\u00e2mia Bomfim aciona MP por medidas contra tumultos criados por bolsonaristas nas universidades\"}]},{\"@type\":\"WebSite\",\"@id\":\"https:\/\/psol50.org.br\/#website\",\"url\":\"https:\/\/psol50.org.br\/\",\"name\":\"PSOL 50\",\"description\":\"Site oficial do Partido Socialismo e Liberdade\",\"publisher\":{\"@id\":\"https:\/\/psol50.org.br\/#organization\"},\"alternateName\":\"PSOL50\",\"potentialAction\":[{\"@type\":\"SearchAction\",\"target\":{\"@type\":\"EntryPoint\",\"urlTemplate\":\"https:\/\/psol50.org.br\/?s={search_term_string}\"},\"query-input\":{\"@type\":\"PropertyValueSpecification\",\"valueRequired\":true,\"valueName\":\"search_term_string\"}}],\"inLanguage\":\"pt-BR\"},{\"@type\":\"Organization\",\"@id\":\"https:\/\/psol50.org.br\/#organization\",\"name\":\"PSOL 50\",\"alternateName\":\"PSOL 50\",\"url\":\"https:\/\/psol50.org.br\/\",\"logo\":{\"@type\":\"ImageObject\",\"inLanguage\":\"pt-BR\",\"@id\":\"https:\/\/psol50.org.br\/#\/schema\/logo\/image\/\",\"url\":\"https:\/\/psol50.org.br\/inc\/uploads\/2018\/07\/capa.png\",\"contentUrl\":\"https:\/\/psol50.org.br\/inc\/uploads\/2018\/07\/capa.png\",\"width\":1350,\"height\":900,\"caption\":\"PSOL 50\"},\"image\":{\"@id\":\"https:\/\/psol50.org.br\/#\/schema\/logo\/image\/\"},\"sameAs\":[\"https:\/\/www.facebook.com\/psol50\",\"https:\/\/x.com\/psol50\",\"https:\/\/www.instagram.com\/psol50\/\",\"https:\/\/www.youtube.com\/channel\/UC7SnJS5o1os7a6CaiNabzcg\"]},{\"@type\":\"Person\",\"@id\":\"https:\/\/psol50.org.br\/#\/schema\/person\/475dfa57d0b815993c714c2e96491fcd\",\"name\":\"Comunica\u00e7\u00e3o PSOL\",\"image\":{\"@type\":\"ImageObject\",\"inLanguage\":\"pt-BR\",\"@id\":\"https:\/\/psol50.org.br\/#\/schema\/person\/image\/\",\"url\":\"https:\/\/secure.gravatar.com\/avatar\/b34fc4f4e468a4e51785917065a3db57b841f5c95dba6ad8c73aaf8f66f8f9bf?s=96&d=mm&r=g\",\"contentUrl\":\"https:\/\/secure.gravatar.com\/avatar\/b34fc4f4e468a4e51785917065a3db57b841f5c95dba6ad8c73aaf8f66f8f9bf?s=96&d=mm&r=g\",\"caption\":\"Comunica\u00e7\u00e3o PSOL\"}}]}<\/script>\n<!-- \/ Yoast SEO plugin. -->","yoast_head_json":{"title":"S\u00e2mia Bomfim aciona MP por medidas contra tumultos criados por bolsonaristas nas universidades","description":"Deputada federal do PSOL se reuniu com representantes do MP ao lado de diretores de faculdades que tiveram casos de viol\u00eancia promovida por bolsonaristas.","robots":{"index":"index","follow":"follow","max-snippet":"max-snippet:-1","max-image-preview":"max-image-preview:large","max-video-preview":"max-video-preview:-1"},"canonical":"https:\/\/psol50.org.br\/samia-bomfim-aciona-mp-por-medidas-contra-tumultos-criados-por-bolsonaristas-nas-universidades\/","og_locale":"pt_BR","og_type":"article","og_title":"S\u00e2mia Bomfim aciona MP por medidas contra tumultos criados por bolsonaristas nas universidades","og_description":"Deputada federal do PSOL se reuniu com representantes do MP ao lado de diretores de faculdades que tiveram casos de viol\u00eancia promovida por bolsonaristas.","og_url":"https:\/\/psol50.org.br\/samia-bomfim-aciona-mp-por-medidas-contra-tumultos-criados-por-bolsonaristas-nas-universidades\/","og_site_name":"PSOL 50","article_publisher":"https:\/\/www.facebook.com\/psol50","article_published_time":"2025-10-03T15:08:24+00:00","og_image":[{"width":1024,"height":683,"url":"https:\/\/psol50.org.br\/inc\/uploads\/2025\/10\/175942227668dea744ec3b2_1759422276_3x2_lg.jpg","type":"image\/jpeg"}],"author":"Comunica\u00e7\u00e3o PSOL","twitter_card":"summary_large_image","twitter_creator":"@psol50","twitter_site":"@psol50","twitter_misc":{"Escrito por":"Comunica\u00e7\u00e3o PSOL","Est. tempo de leitura":"1 minuto"},"schema":{"@context":"https:\/\/schema.org","@graph":[{"@type":"Article","@id":"https:\/\/psol50.org.br\/samia-bomfim-aciona-mp-por-medidas-contra-tumultos-criados-por-bolsonaristas-nas-universidades\/#article","isPartOf":{"@id":"https:\/\/psol50.org.br\/samia-bomfim-aciona-mp-por-medidas-contra-tumultos-criados-por-bolsonaristas-nas-universidades\/"},"author":{"name":"Comunica\u00e7\u00e3o PSOL","@id":"https:\/\/psol50.org.br\/#\/schema\/person\/475dfa57d0b815993c714c2e96491fcd"},"headline":"S\u00e2mia Bomfim aciona MP por medidas contra tumultos criados por bolsonaristas nas universidades","datePublished":"2025-10-03T15:08:24+00:00","mainEntityOfPage":{"@id":"https:\/\/psol50.org.br\/samia-bomfim-aciona-mp-por-medidas-contra-tumultos-criados-por-bolsonaristas-nas-universidades\/"},"wordCount":245,"publisher":{"@id":"https:\/\/psol50.org.br\/#organization"},"image":{"@id":"https:\/\/psol50.org.br\/samia-bomfim-aciona-mp-por-medidas-contra-tumultos-criados-por-bolsonaristas-nas-universidades\/#primaryimage"},"thumbnailUrl":"https:\/\/psol50.org.br\/inc\/uploads\/2025\/10\/175942227668dea744ec3b2_1759422276_3x2_lg.jpg","keywords":["Not\u00edcias"],"articleSection":["A\u00e7\u00e3o Parlamentar","Estados"],"inLanguage":"pt-BR"},{"@type":"WebPage","@id":"https:\/\/psol50.org.br\/samia-bomfim-aciona-mp-por-medidas-contra-tumultos-criados-por-bolsonaristas-nas-universidades\/","url":"https:\/\/psol50.org.br\/samia-bomfim-aciona-mp-por-medidas-contra-tumultos-criados-por-bolsonaristas-nas-universidades\/","name":"S\u00e2mia Bomfim aciona MP por medidas contra tumultos criados por bolsonaristas nas universidades","isPartOf":{"@id":"https:\/\/psol50.org.br\/#website"},"primaryImageOfPage":{"@id":"https:\/\/psol50.org.br\/samia-bomfim-aciona-mp-por-medidas-contra-tumultos-criados-por-bolsonaristas-nas-universidades\/#primaryimage"},"image":{"@id":"https:\/\/psol50.org.br\/samia-bomfim-aciona-mp-por-medidas-contra-tumultos-criados-por-bolsonaristas-nas-universidades\/#primaryimage"},"thumbnailUrl":"https:\/\/psol50.org.br\/inc\/uploads\/2025\/10\/175942227668dea744ec3b2_1759422276_3x2_lg.jpg","datePublished":"2025-10-03T15:08:24+00:00","description":"Deputada federal do PSOL se reuniu com representantes do MP ao lado de diretores de faculdades que tiveram casos de viol\u00eancia promovida por bolsonaristas.","breadcrumb":{"@id":"https:\/\/psol50.org.br\/samia-bomfim-aciona-mp-por-medidas-contra-tumultos-criados-por-bolsonaristas-nas-universidades\/#breadcrumb"},"inLanguage":"pt-BR","potentialAction":[{"@type":"ReadAction","target":["https:\/\/psol50.org.br\/samia-bomfim-aciona-mp-por-medidas-contra-tumultos-criados-por-bolsonaristas-nas-universidades\/"]}]},{"@type":"ImageObject","inLanguage":"pt-BR","@id":"https:\/\/psol50.org.br\/samia-bomfim-aciona-mp-por-medidas-contra-tumultos-criados-por-bolsonaristas-nas-universidades\/#primaryimage","url":"https:\/\/psol50.org.br\/inc\/uploads\/2025\/10\/175942227668dea744ec3b2_1759422276_3x2_lg.jpg","contentUrl":"https:\/\/psol50.org.br\/inc\/uploads\/2025\/10\/175942227668dea744ec3b2_1759422276_3x2_lg.jpg","width":1024,"height":683,"caption":"Foto: Rafael Giovannini\/ASCOM S\u00e2mia"},{"@type":"BreadcrumbList","@id":"https:\/\/psol50.org.br\/samia-bomfim-aciona-mp-por-medidas-contra-tumultos-criados-por-bolsonaristas-nas-universidades\/#breadcrumb","itemListElement":[{"@type":"ListItem","position":1,"name":"In\u00edcio","item":"https:\/\/psol50.org.br\/"},{"@type":"ListItem","position":2,"name":"S\u00e2mia Bomfim aciona MP por medidas contra tumultos criados por bolsonaristas nas universidades"}]},{"@type":"WebSite","@id":"https:\/\/psol50.org.br\/#website","url":"https:\/\/psol50.org.br\/","name":"PSOL 50","description":"Site oficial do Partido Socialismo e Liberdade","publisher":{"@id":"https:\/\/psol50.org.br\/#organization"},"alternateName":"PSOL50","potentialAction":[{"@type":"SearchAction","target":{"@type":"EntryPoint","urlTemplate":"https:\/\/psol50.org.br\/?s={search_term_string}"},"query-input":{"@type":"PropertyValueSpecification","valueRequired":true,"valueName":"search_term_string"}}],"inLanguage":"pt-BR"},{"@type":"Organization","@id":"https:\/\/psol50.org.br\/#organization","name":"PSOL 50","alternateName":"PSOL 50","url":"https:\/\/psol50.org.br\/","logo":{"@type":"ImageObject","inLanguage":"pt-BR","@id":"https:\/\/psol50.org.br\/#\/schema\/logo\/image\/","url":"https:\/\/psol50.org.br\/inc\/uploads\/2018\/07\/capa.png","contentUrl":"https:\/\/psol50.org.br\/inc\/uploads\/2018\/07\/capa.png","width":1350,"height":900,"caption":"PSOL 50"},"image":{"@id":"https:\/\/psol50.org.br\/#\/schema\/logo\/image\/"},"sameAs":["https:\/\/www.facebook.com\/psol50","https:\/\/x.com\/psol50","https:\/\/www.instagram.com\/psol50\/","https:\/\/www.youtube.com\/channel\/UC7SnJS5o1os7a6CaiNabzcg"]},{"@type":"Person","@id":"https:\/\/psol50.org.br\/#\/schema\/person\/475dfa57d0b815993c714c2e96491fcd","name":"Comunica\u00e7\u00e3o PSOL","image":{"@type":"ImageObject","inLanguage":"pt-BR","@id":"https:\/\/psol50.org.br\/#\/schema\/person\/image\/","url":"https:\/\/secure.gravatar.com\/avatar\/b34fc4f4e468a4e51785917065a3db57b841f5c95dba6ad8c73aaf8f66f8f9bf?s=96&d=mm&r=g","contentUrl":"https:\/\/secure.gravatar.com\/avatar\/b34fc4f4e468a4e51785917065a3db57b841f5c95dba6ad8c73aaf8f66f8f9bf?s=96&d=mm&r=g","caption":"Comunica\u00e7\u00e3o PSOL"}}]}},"_links":{"self":[{"href":"https:\/\/psol50.org.br\/rest\/wp\/v2\/posts\/41810","targetHints":{"allow":["GET"]}}],"collection":[{"href":"https:\/\/psol50.org.br\/rest\/wp\/v2\/posts"}],"about":[{"href":"https:\/\/psol50.org.br\/rest\/wp\/v2\/types\/post"}],"author":[{"embeddable":true,"href":"https:\/\/psol50.org.br\/rest\/wp\/v2\/users\/2"}],"replies":[{"embeddable":true,"href":"https:\/\/psol50.org.br\/rest\/wp\/v2\/comments?post=41810"}],"version-history":[{"count":2,"href":"https:\/\/psol50.org.br\/rest\/wp\/v2\/posts\/41810\/revisions"}],"predecessor-version":[{"id":41816,"href":"https:\/\/psol50.org.br\/rest\/wp\/v2\/posts\/41810\/revisions\/41816"}],"wp:featuredmedia":[{"embeddable":true,"href":"https:\/\/psol50.org.br\/rest\/wp\/v2\/media\/41817"}],"wp:attachment":[{"href":"https:\/\/psol50.org.br\/rest\/wp\/v2\/media?parent=41810"}],"wp:term":[{"taxonomy":"category","embeddable":true,"href":"https:\/\/psol50.org.br\/rest\/wp\/v2\/categories?post=41810"},{"taxonomy":"post_tag","embeddable":true,"href":"https:\/\/psol50.org.br\/rest\/wp\/v2\/tags?post=41810"}],"curies":[{"name":"wp","href":"https:\/\/api.w.org\/{rel}","templated":true}]}}