{"id":41833,"date":"2025-10-13T15:35:57","date_gmt":"2025-10-13T18:35:57","guid":{"rendered":"https:\/\/psol50.org.br\/?p=41833"},"modified":"2025-10-17T15:11:03","modified_gmt":"2025-10-17T18:11:03","slug":"leonel-camasao-psol-e-novamente-ameacado-de-morte-em-santa-catarina","status":"publish","type":"post","link":"https:\/\/psol50.org.br\/leonel-camasao-psol-e-novamente-ameacado-de-morte-em-santa-catarina\/","title":{"rendered":"Leonel Camas\u00e3o (PSOL) \u00e9 novamente amea\u00e7ado de morte em Santa Catarina"},"content":{"rendered":"<p>O vereador Leonel Camas\u00e3o, do PSOL em Florian\u00f3polis (SC), foi alvo na \u00faltima semana de novas amea\u00e7as de morte atrav\u00e9s das redes sociais. Dessa vez, Danilo Viana dos Santos usou seu perfil pessoal para dizer que se o parlamentar fosse a Joinville participar da Parada LGBTQIA+ da cidade, ele seria assassinado.<\/p>\n<p>O suspeito foi devidamente identificado pela equipe do mandato e todas as medidas necess\u00e1rias est\u00e3o sendo tomadas contra este cidad\u00e3o.<\/p>\n<p>O parlamentar do PSOL tem tido atua\u00e7\u00e3o firme em defesa das Paradas LGBTQIA+, que v\u00eam sofrendo seguidos ataques de gest\u00f5es municipais preconceituosas e LGBTf\u00f3bicas. A lei da cidade de Chapec\u00f3, por exemplo, que proibia a participa\u00e7\u00e3o de crian\u00e7as e adolescentes em paradas LGBTIA+, foi <strong><a href=\"https:\/\/psol50.org.br\/justica-atende-pedido-do-psol-e-derruba-lei-que-proibia-criancas-e-adolescentes-na-parada-lgbtqia-de-chapeco-sc\/\" target=\"_blank\" rel=\"noopener\">derrubada na Justi\u00e7a atrav\u00e9s de uma a\u00e7\u00e3o<\/a><\/strong> do mandato de Camas\u00e3o ao lado do Diret\u00f3rio Estadual do PSOL Santa Catarina.<\/p>\n<p>&#8220;At\u00e9 quando nossa sociedade vai tolerar a viol\u00eancia pol\u00edtica e as amea\u00e7as da extrema-direita?&#8221;, disse Camas\u00e3o em suas redes sociais ao denunciar a nova amea\u00e7a \u00e0 sua vida.<\/p>\n<p>O diret\u00f3rio municipal do PSOL Florian\u00f3polis tamb\u00e9m publicou uma nota em solidariedade ao vereador da cidade. &#8220;Colocamo-nos ao lado de Camas\u00e3o e avisamos a todos estes criminosos que tentam intimidar nossos militantes de que n\u00e3o recuaremos um \u00fanico passo em defesa de uma cidade, um estado e um pa\u00eds mais justo para todas e todos. N\u00e3o v\u00e3o nos calar e nem nos parar!&#8221;, diz trecho da nota.<\/p>\n<blockquote class=\"instagram-media\" style=\"background: #FFF; border: 0; border-radius: 3px; box-shadow: 0 0 1px 0 rgba(0,0,0,0.5),0 1px 10px 0 rgba(0,0,0,0.15); margin: 1px; max-width: 540px; min-width: 326px; padding: 0; width: calc(100% - 2px);\" data-instgrm-captioned=\"\" data-instgrm-permalink=\"https:\/\/www.instagram.com\/reel\/DPlg6DBDDQO\/?utm_source=ig_embed&amp;utm_campaign=loading\" data-instgrm-version=\"14\">\n<div style=\"padding: 16px;\">\n<p>&nbsp;<\/p>\n<div style=\"display: flex; flex-direction: row; align-items: center;\">\n<div style=\"background-color: #f4f4f4; border-radius: 50%; flex-grow: 0; height: 40px; margin-right: 14px; width: 40px;\"><\/div>\n<div style=\"display: flex; flex-direction: column; flex-grow: 1; justify-content: center;\">\n<div style=\"background-color: #f4f4f4; border-radius: 4px; flex-grow: 0; height: 14px; margin-bottom: 6px; width: 100px;\"><\/div>\n<div style=\"background-color: #f4f4f4; border-radius: 4px; flex-grow: 0; height: 14px; width: 60px;\"><\/div>\n<\/div>\n<\/div>\n<div style=\"padding: 19% 0;\"><\/div>\n<div style=\"display: block; height: 50px; margin: 0 auto 12px; width: 50px;\"><\/div>\n<div style=\"padding-top: 8px;\">\n<div style=\"color: #3897f0; font-family: Arial,sans-serif; font-size: 14px; font-style: normal; font-weight: 550; line-height: 18px;\">Ver essa foto no Instagram<\/div>\n<\/div>\n<div style=\"padding: 12.5% 0;\"><\/div>\n<div style=\"display: flex; flex-direction: row; margin-bottom: 14px; align-items: center;\">\n<div>\n<div style=\"background-color: #f4f4f4; border-radius: 50%; height: 12.5px; width: 12.5px; transform: translateX(0px) translateY(7px);\"><\/div>\n<div style=\"background-color: #f4f4f4; height: 12.5px; transform: rotate(-45deg) translateX(3px) translateY(1px); width: 12.5px; flex-grow: 0; margin-right: 14px; margin-left: 2px;\"><\/div>\n<div style=\"background-color: #f4f4f4; border-radius: 50%; height: 12.5px; width: 12.5px; transform: translateX(9px) translateY(-18px);\"><\/div>\n<\/div>\n<div style=\"margin-left: 8px;\">\n<div style=\"background-color: #f4f4f4; border-radius: 50%; flex-grow: 0; height: 20px; width: 20px;\"><\/div>\n<div style=\"width: 0; height: 0; border-top: 2px solid transparent; border-left: 6px solid #f4f4f4; border-bottom: 2px solid transparent; transform: translateX(16px) translateY(-4px) rotate(30deg);\"><\/div>\n<\/div>\n<div style=\"margin-left: auto;\">\n<div style=\"width: 0px; border-top: 8px solid #F4F4F4; border-right: 8px solid transparent; transform: translateY(16px);\"><\/div>\n<div style=\"background-color: #f4f4f4; flex-grow: 0; height: 12px; width: 16px; transform: translateY(-4px);\"><\/div>\n<div style=\"width: 0; height: 0; border-top: 8px solid #F4F4F4; border-left: 8px solid transparent; transform: translateY(-4px) translateX(8px);\"><\/div>\n<\/div>\n<\/div>\n<div style=\"display: flex; flex-direction: column; flex-grow: 1; justify-content: center; margin-bottom: 24px;\">\n<div style=\"background-color: #f4f4f4; border-radius: 4px; flex-grow: 0; height: 14px; margin-bottom: 6px; width: 224px;\"><\/div>\n<div style=\"background-color: #f4f4f4; border-radius: 4px; flex-grow: 0; height: 14px; width: 144px;\"><\/div>\n<\/div>\n<p>&nbsp;<\/p>\n<p style=\"color: #c9c8cd; font-family: Arial,sans-serif; font-size: 14px; line-height: 17px; margin-bottom: 0; margin-top: 8px; overflow: hidden; padding: 8px 0 7px; text-align: center; text-overflow: ellipsis; white-space: nowrap;\"><a style=\"color: #c9c8cd; font-family: Arial,sans-serif; font-size: 14px; font-style: normal; font-weight: normal; line-height: 17px; text-decoration: none;\" href=\"https:\/\/www.instagram.com\/reel\/DPlg6DBDDQO\/?utm_source=ig_embed&amp;utm_campaign=loading\" target=\"_blank\" rel=\"noopener\">Uma publica\u00e7\u00e3o compartilhada por Leonel Camas\u00e3o (@camasao50)<\/a><\/p>\n<\/div>\n<\/blockquote>\n<p><script async src=\"\/\/www.instagram.com\/embed.js\"><\/script><\/p>\n","protected":false},"excerpt":{"rendered":"<p>O vereador Leonel Camas\u00e3o, do PSOL em Florian\u00f3polis (SC), foi alvo na \u00faltima semana de novas amea\u00e7as de morte atrav\u00e9s das redes sociais. Dessa vez, Danilo Viana dos Santos usou seu perfil pessoal para dizer que se o parlamentar fosse a Joinville participar da Parada LGBTQIA+ da cidade, ele seria assassinado. O suspeito foi devidamente [&hellip;]<\/p>\n","protected":false},"author":2,"featured_media":39704,"comment_status":"closed","ping_status":"open","sticky":false,"template":"","format":"standard","meta":{"_acf_changed":false,"footnotes":""},"categories":[654],"tags":[4825],"class_list":{"0":"post-41833","1":"post","2":"type-post","3":"status-publish","4":"format-standard","5":"has-post-thumbnail","7":"category-estados","8":"tag-noticias"},"acf":[],"yoast_head":"<!-- This site is optimized with the Yoast SEO plugin v26.5 - https:\/\/yoast.com\/wordpress\/plugins\/seo\/ -->\n<title>Leonel Camas\u00e3o (PSOL) \u00e9 novamente amea\u00e7ado de morte em Santa Catarina<\/title>\n<meta name=\"description\" content=\"Um homem usou as redes sociais para dizer que se o parlamentar viajasse a Joinville, para participar da Parada LGBTQIA+ da cidade, seria assassinado.\" \/>\n<meta name=\"robots\" content=\"index, follow, max-snippet:-1, max-image-preview:large, max-video-preview:-1\" \/>\n<link rel=\"canonical\" href=\"https:\/\/psol50.org.br\/leonel-camasao-psol-e-novamente-ameacado-de-morte-em-santa-catarina\/\" \/>\n<meta property=\"og:locale\" content=\"pt_BR\" \/>\n<meta property=\"og:type\" content=\"article\" \/>\n<meta property=\"og:title\" content=\"Leonel Camas\u00e3o (PSOL) \u00e9 novamente amea\u00e7ado de morte em Santa Catarina\" \/>\n<meta property=\"og:description\" content=\"Um homem usou as redes sociais para dizer que se o parlamentar viajasse a Joinville, para participar da Parada LGBTQIA+ da cidade, seria assassinado.\" \/>\n<meta property=\"og:url\" content=\"https:\/\/psol50.org.br\/leonel-camasao-psol-e-novamente-ameacado-de-morte-em-santa-catarina\/\" \/>\n<meta property=\"og:site_name\" content=\"PSOL 50\" \/>\n<meta property=\"article:publisher\" content=\"https:\/\/www.facebook.com\/psol50\" \/>\n<meta property=\"article:published_time\" content=\"2025-10-13T18:35:57+00:00\" \/>\n<meta property=\"article:modified_time\" content=\"2025-10-17T18:11:03+00:00\" \/>\n<meta property=\"og:image\" content=\"https:\/\/psol50.org.br\/inc\/uploads\/2024\/06\/WhatsApp-Image-2024-06-11-at-13.44.03.jpeg\" \/>\n\t<meta property=\"og:image:width\" content=\"1600\" \/>\n\t<meta property=\"og:image:height\" content=\"1066\" \/>\n\t<meta property=\"og:image:type\" content=\"image\/jpeg\" \/>\n<meta name=\"author\" content=\"Comunica\u00e7\u00e3o PSOL\" \/>\n<meta name=\"twitter:card\" content=\"summary_large_image\" \/>\n<meta name=\"twitter:creator\" content=\"@psol50\" \/>\n<meta name=\"twitter:site\" content=\"@psol50\" \/>\n<meta name=\"twitter:label1\" content=\"Escrito por\" \/>\n\t<meta name=\"twitter:data1\" content=\"Comunica\u00e7\u00e3o PSOL\" \/>\n\t<meta name=\"twitter:label2\" content=\"Est. tempo de leitura\" \/>\n\t<meta name=\"twitter:data2\" content=\"1 minuto\" \/>\n<script type=\"application\/ld+json\" class=\"yoast-schema-graph\">{\"@context\":\"https:\/\/schema.org\",\"@graph\":[{\"@type\":\"Article\",\"@id\":\"https:\/\/psol50.org.br\/leonel-camasao-psol-e-novamente-ameacado-de-morte-em-santa-catarina\/#article\",\"isPartOf\":{\"@id\":\"https:\/\/psol50.org.br\/leonel-camasao-psol-e-novamente-ameacado-de-morte-em-santa-catarina\/\"},\"author\":{\"name\":\"Comunica\u00e7\u00e3o PSOL\",\"@id\":\"https:\/\/psol50.org.br\/#\/schema\/person\/475dfa57d0b815993c714c2e96491fcd\"},\"headline\":\"Leonel Camas\u00e3o (PSOL) \u00e9 novamente amea\u00e7ado de morte em Santa Catarina\",\"datePublished\":\"2025-10-13T18:35:57+00:00\",\"dateModified\":\"2025-10-17T18:11:03+00:00\",\"mainEntityOfPage\":{\"@id\":\"https:\/\/psol50.org.br\/leonel-camasao-psol-e-novamente-ameacado-de-morte-em-santa-catarina\/\"},\"wordCount\":288,\"publisher\":{\"@id\":\"https:\/\/psol50.org.br\/#organization\"},\"image\":{\"@id\":\"https:\/\/psol50.org.br\/leonel-camasao-psol-e-novamente-ameacado-de-morte-em-santa-catarina\/#primaryimage\"},\"thumbnailUrl\":\"https:\/\/psol50.org.br\/inc\/uploads\/2024\/06\/WhatsApp-Image-2024-06-11-at-13.44.03.jpeg\",\"keywords\":[\"Not\u00edcias\"],\"articleSection\":[\"Estados\"],\"inLanguage\":\"pt-BR\"},{\"@type\":\"WebPage\",\"@id\":\"https:\/\/psol50.org.br\/leonel-camasao-psol-e-novamente-ameacado-de-morte-em-santa-catarina\/\",\"url\":\"https:\/\/psol50.org.br\/leonel-camasao-psol-e-novamente-ameacado-de-morte-em-santa-catarina\/\",\"name\":\"Leonel Camas\u00e3o (PSOL) \u00e9 novamente amea\u00e7ado de morte em Santa Catarina\",\"isPartOf\":{\"@id\":\"https:\/\/psol50.org.br\/#website\"},\"primaryImageOfPage\":{\"@id\":\"https:\/\/psol50.org.br\/leonel-camasao-psol-e-novamente-ameacado-de-morte-em-santa-catarina\/#primaryimage\"},\"image\":{\"@id\":\"https:\/\/psol50.org.br\/leonel-camasao-psol-e-novamente-ameacado-de-morte-em-santa-catarina\/#primaryimage\"},\"thumbnailUrl\":\"https:\/\/psol50.org.br\/inc\/uploads\/2024\/06\/WhatsApp-Image-2024-06-11-at-13.44.03.jpeg\",\"datePublished\":\"2025-10-13T18:35:57+00:00\",\"dateModified\":\"2025-10-17T18:11:03+00:00\",\"description\":\"Um homem usou as redes sociais para dizer que se o parlamentar viajasse a Joinville, para participar da Parada LGBTQIA+ da cidade, seria assassinado.\",\"breadcrumb\":{\"@id\":\"https:\/\/psol50.org.br\/leonel-camasao-psol-e-novamente-ameacado-de-morte-em-santa-catarina\/#breadcrumb\"},\"inLanguage\":\"pt-BR\",\"potentialAction\":[{\"@type\":\"ReadAction\",\"target\":[\"https:\/\/psol50.org.br\/leonel-camasao-psol-e-novamente-ameacado-de-morte-em-santa-catarina\/\"]}]},{\"@type\":\"ImageObject\",\"inLanguage\":\"pt-BR\",\"@id\":\"https:\/\/psol50.org.br\/leonel-camasao-psol-e-novamente-ameacado-de-morte-em-santa-catarina\/#primaryimage\",\"url\":\"https:\/\/psol50.org.br\/inc\/uploads\/2024\/06\/WhatsApp-Image-2024-06-11-at-13.44.03.jpeg\",\"contentUrl\":\"https:\/\/psol50.org.br\/inc\/uploads\/2024\/06\/WhatsApp-Image-2024-06-11-at-13.44.03.jpeg\",\"width\":1600,\"height\":1066,\"caption\":\"Foto: Divulga\u00e7\u00e3o\"},{\"@type\":\"BreadcrumbList\",\"@id\":\"https:\/\/psol50.org.br\/leonel-camasao-psol-e-novamente-ameacado-de-morte-em-santa-catarina\/#breadcrumb\",\"itemListElement\":[{\"@type\":\"ListItem\",\"position\":1,\"name\":\"In\u00edcio\",\"item\":\"https:\/\/psol50.org.br\/\"},{\"@type\":\"ListItem\",\"position\":2,\"name\":\"Leonel Camas\u00e3o (PSOL) \u00e9 novamente amea\u00e7ado de morte em Santa Catarina\"}]},{\"@type\":\"WebSite\",\"@id\":\"https:\/\/psol50.org.br\/#website\",\"url\":\"https:\/\/psol50.org.br\/\",\"name\":\"PSOL 50\",\"description\":\"Site oficial do Partido Socialismo e Liberdade\",\"publisher\":{\"@id\":\"https:\/\/psol50.org.br\/#organization\"},\"alternateName\":\"PSOL50\",\"potentialAction\":[{\"@type\":\"SearchAction\",\"target\":{\"@type\":\"EntryPoint\",\"urlTemplate\":\"https:\/\/psol50.org.br\/?s={search_term_string}\"},\"query-input\":{\"@type\":\"PropertyValueSpecification\",\"valueRequired\":true,\"valueName\":\"search_term_string\"}}],\"inLanguage\":\"pt-BR\"},{\"@type\":\"Organization\",\"@id\":\"https:\/\/psol50.org.br\/#organization\",\"name\":\"PSOL 50\",\"alternateName\":\"PSOL 50\",\"url\":\"https:\/\/psol50.org.br\/\",\"logo\":{\"@type\":\"ImageObject\",\"inLanguage\":\"pt-BR\",\"@id\":\"https:\/\/psol50.org.br\/#\/schema\/logo\/image\/\",\"url\":\"https:\/\/psol50.org.br\/inc\/uploads\/2018\/07\/capa.png\",\"contentUrl\":\"https:\/\/psol50.org.br\/inc\/uploads\/2018\/07\/capa.png\",\"width\":1350,\"height\":900,\"caption\":\"PSOL 50\"},\"image\":{\"@id\":\"https:\/\/psol50.org.br\/#\/schema\/logo\/image\/\"},\"sameAs\":[\"https:\/\/www.facebook.com\/psol50\",\"https:\/\/x.com\/psol50\",\"https:\/\/www.instagram.com\/psol50\/\",\"https:\/\/www.youtube.com\/channel\/UC7SnJS5o1os7a6CaiNabzcg\"]},{\"@type\":\"Person\",\"@id\":\"https:\/\/psol50.org.br\/#\/schema\/person\/475dfa57d0b815993c714c2e96491fcd\",\"name\":\"Comunica\u00e7\u00e3o PSOL\",\"image\":{\"@type\":\"ImageObject\",\"inLanguage\":\"pt-BR\",\"@id\":\"https:\/\/psol50.org.br\/#\/schema\/person\/image\/\",\"url\":\"https:\/\/secure.gravatar.com\/avatar\/b34fc4f4e468a4e51785917065a3db57b841f5c95dba6ad8c73aaf8f66f8f9bf?s=96&d=mm&r=g\",\"contentUrl\":\"https:\/\/secure.gravatar.com\/avatar\/b34fc4f4e468a4e51785917065a3db57b841f5c95dba6ad8c73aaf8f66f8f9bf?s=96&d=mm&r=g\",\"caption\":\"Comunica\u00e7\u00e3o PSOL\"}}]}<\/script>\n<!-- \/ Yoast SEO plugin. -->","yoast_head_json":{"title":"Leonel Camas\u00e3o (PSOL) \u00e9 novamente amea\u00e7ado de morte em Santa Catarina","description":"Um homem usou as redes sociais para dizer que se o parlamentar viajasse a Joinville, para participar da Parada LGBTQIA+ da cidade, seria assassinado.","robots":{"index":"index","follow":"follow","max-snippet":"max-snippet:-1","max-image-preview":"max-image-preview:large","max-video-preview":"max-video-preview:-1"},"canonical":"https:\/\/psol50.org.br\/leonel-camasao-psol-e-novamente-ameacado-de-morte-em-santa-catarina\/","og_locale":"pt_BR","og_type":"article","og_title":"Leonel Camas\u00e3o (PSOL) \u00e9 novamente amea\u00e7ado de morte em Santa Catarina","og_description":"Um homem usou as redes sociais para dizer que se o parlamentar viajasse a Joinville, para participar da Parada LGBTQIA+ da cidade, seria assassinado.","og_url":"https:\/\/psol50.org.br\/leonel-camasao-psol-e-novamente-ameacado-de-morte-em-santa-catarina\/","og_site_name":"PSOL 50","article_publisher":"https:\/\/www.facebook.com\/psol50","article_published_time":"2025-10-13T18:35:57+00:00","article_modified_time":"2025-10-17T18:11:03+00:00","og_image":[{"width":1600,"height":1066,"url":"https:\/\/psol50.org.br\/inc\/uploads\/2024\/06\/WhatsApp-Image-2024-06-11-at-13.44.03.jpeg","type":"image\/jpeg"}],"author":"Comunica\u00e7\u00e3o PSOL","twitter_card":"summary_large_image","twitter_creator":"@psol50","twitter_site":"@psol50","twitter_misc":{"Escrito por":"Comunica\u00e7\u00e3o PSOL","Est. tempo de leitura":"1 minuto"},"schema":{"@context":"https:\/\/schema.org","@graph":[{"@type":"Article","@id":"https:\/\/psol50.org.br\/leonel-camasao-psol-e-novamente-ameacado-de-morte-em-santa-catarina\/#article","isPartOf":{"@id":"https:\/\/psol50.org.br\/leonel-camasao-psol-e-novamente-ameacado-de-morte-em-santa-catarina\/"},"author":{"name":"Comunica\u00e7\u00e3o PSOL","@id":"https:\/\/psol50.org.br\/#\/schema\/person\/475dfa57d0b815993c714c2e96491fcd"},"headline":"Leonel Camas\u00e3o (PSOL) \u00e9 novamente amea\u00e7ado de morte em Santa Catarina","datePublished":"2025-10-13T18:35:57+00:00","dateModified":"2025-10-17T18:11:03+00:00","mainEntityOfPage":{"@id":"https:\/\/psol50.org.br\/leonel-camasao-psol-e-novamente-ameacado-de-morte-em-santa-catarina\/"},"wordCount":288,"publisher":{"@id":"https:\/\/psol50.org.br\/#organization"},"image":{"@id":"https:\/\/psol50.org.br\/leonel-camasao-psol-e-novamente-ameacado-de-morte-em-santa-catarina\/#primaryimage"},"thumbnailUrl":"https:\/\/psol50.org.br\/inc\/uploads\/2024\/06\/WhatsApp-Image-2024-06-11-at-13.44.03.jpeg","keywords":["Not\u00edcias"],"articleSection":["Estados"],"inLanguage":"pt-BR"},{"@type":"WebPage","@id":"https:\/\/psol50.org.br\/leonel-camasao-psol-e-novamente-ameacado-de-morte-em-santa-catarina\/","url":"https:\/\/psol50.org.br\/leonel-camasao-psol-e-novamente-ameacado-de-morte-em-santa-catarina\/","name":"Leonel Camas\u00e3o (PSOL) \u00e9 novamente amea\u00e7ado de morte em Santa Catarina","isPartOf":{"@id":"https:\/\/psol50.org.br\/#website"},"primaryImageOfPage":{"@id":"https:\/\/psol50.org.br\/leonel-camasao-psol-e-novamente-ameacado-de-morte-em-santa-catarina\/#primaryimage"},"image":{"@id":"https:\/\/psol50.org.br\/leonel-camasao-psol-e-novamente-ameacado-de-morte-em-santa-catarina\/#primaryimage"},"thumbnailUrl":"https:\/\/psol50.org.br\/inc\/uploads\/2024\/06\/WhatsApp-Image-2024-06-11-at-13.44.03.jpeg","datePublished":"2025-10-13T18:35:57+00:00","dateModified":"2025-10-17T18:11:03+00:00","description":"Um homem usou as redes sociais para dizer que se o parlamentar viajasse a Joinville, para participar da Parada LGBTQIA+ da cidade, seria assassinado.","breadcrumb":{"@id":"https:\/\/psol50.org.br\/leonel-camasao-psol-e-novamente-ameacado-de-morte-em-santa-catarina\/#breadcrumb"},"inLanguage":"pt-BR","potentialAction":[{"@type":"ReadAction","target":["https:\/\/psol50.org.br\/leonel-camasao-psol-e-novamente-ameacado-de-morte-em-santa-catarina\/"]}]},{"@type":"ImageObject","inLanguage":"pt-BR","@id":"https:\/\/psol50.org.br\/leonel-camasao-psol-e-novamente-ameacado-de-morte-em-santa-catarina\/#primaryimage","url":"https:\/\/psol50.org.br\/inc\/uploads\/2024\/06\/WhatsApp-Image-2024-06-11-at-13.44.03.jpeg","contentUrl":"https:\/\/psol50.org.br\/inc\/uploads\/2024\/06\/WhatsApp-Image-2024-06-11-at-13.44.03.jpeg","width":1600,"height":1066,"caption":"Foto: Divulga\u00e7\u00e3o"},{"@type":"BreadcrumbList","@id":"https:\/\/psol50.org.br\/leonel-camasao-psol-e-novamente-ameacado-de-morte-em-santa-catarina\/#breadcrumb","itemListElement":[{"@type":"ListItem","position":1,"name":"In\u00edcio","item":"https:\/\/psol50.org.br\/"},{"@type":"ListItem","position":2,"name":"Leonel Camas\u00e3o (PSOL) \u00e9 novamente amea\u00e7ado de morte em Santa Catarina"}]},{"@type":"WebSite","@id":"https:\/\/psol50.org.br\/#website","url":"https:\/\/psol50.org.br\/","name":"PSOL 50","description":"Site oficial do Partido Socialismo e Liberdade","publisher":{"@id":"https:\/\/psol50.org.br\/#organization"},"alternateName":"PSOL50","potentialAction":[{"@type":"SearchAction","target":{"@type":"EntryPoint","urlTemplate":"https:\/\/psol50.org.br\/?s={search_term_string}"},"query-input":{"@type":"PropertyValueSpecification","valueRequired":true,"valueName":"search_term_string"}}],"inLanguage":"pt-BR"},{"@type":"Organization","@id":"https:\/\/psol50.org.br\/#organization","name":"PSOL 50","alternateName":"PSOL 50","url":"https:\/\/psol50.org.br\/","logo":{"@type":"ImageObject","inLanguage":"pt-BR","@id":"https:\/\/psol50.org.br\/#\/schema\/logo\/image\/","url":"https:\/\/psol50.org.br\/inc\/uploads\/2018\/07\/capa.png","contentUrl":"https:\/\/psol50.org.br\/inc\/uploads\/2018\/07\/capa.png","width":1350,"height":900,"caption":"PSOL 50"},"image":{"@id":"https:\/\/psol50.org.br\/#\/schema\/logo\/image\/"},"sameAs":["https:\/\/www.facebook.com\/psol50","https:\/\/x.com\/psol50","https:\/\/www.instagram.com\/psol50\/","https:\/\/www.youtube.com\/channel\/UC7SnJS5o1os7a6CaiNabzcg"]},{"@type":"Person","@id":"https:\/\/psol50.org.br\/#\/schema\/person\/475dfa57d0b815993c714c2e96491fcd","name":"Comunica\u00e7\u00e3o PSOL","image":{"@type":"ImageObject","inLanguage":"pt-BR","@id":"https:\/\/psol50.org.br\/#\/schema\/person\/image\/","url":"https:\/\/secure.gravatar.com\/avatar\/b34fc4f4e468a4e51785917065a3db57b841f5c95dba6ad8c73aaf8f66f8f9bf?s=96&d=mm&r=g","contentUrl":"https:\/\/secure.gravatar.com\/avatar\/b34fc4f4e468a4e51785917065a3db57b841f5c95dba6ad8c73aaf8f66f8f9bf?s=96&d=mm&r=g","caption":"Comunica\u00e7\u00e3o PSOL"}}]}},"_links":{"self":[{"href":"https:\/\/psol50.org.br\/rest\/wp\/v2\/posts\/41833","targetHints":{"allow":["GET"]}}],"collection":[{"href":"https:\/\/psol50.org.br\/rest\/wp\/v2\/posts"}],"about":[{"href":"https:\/\/psol50.org.br\/rest\/wp\/v2\/types\/post"}],"author":[{"embeddable":true,"href":"https:\/\/psol50.org.br\/rest\/wp\/v2\/users\/2"}],"replies":[{"embeddable":true,"href":"https:\/\/psol50.org.br\/rest\/wp\/v2\/comments?post=41833"}],"version-history":[{"count":2,"href":"https:\/\/psol50.org.br\/rest\/wp\/v2\/posts\/41833\/revisions"}],"predecessor-version":[{"id":41835,"href":"https:\/\/psol50.org.br\/rest\/wp\/v2\/posts\/41833\/revisions\/41835"}],"wp:featuredmedia":[{"embeddable":true,"href":"https:\/\/psol50.org.br\/rest\/wp\/v2\/media\/39704"}],"wp:attachment":[{"href":"https:\/\/psol50.org.br\/rest\/wp\/v2\/media?parent=41833"}],"wp:term":[{"taxonomy":"category","embeddable":true,"href":"https:\/\/psol50.org.br\/rest\/wp\/v2\/categories?post=41833"},{"taxonomy":"post_tag","embeddable":true,"href":"https:\/\/psol50.org.br\/rest\/wp\/v2\/tags?post=41833"}],"curies":[{"name":"wp","href":"https:\/\/api.w.org\/{rel}","templated":true}]}}