{"id":41858,"date":"2025-10-17T15:09:00","date_gmt":"2025-10-17T18:09:00","guid":{"rendered":"https:\/\/psol50.org.br\/?p=41858"},"modified":"2026-02-11T15:33:18","modified_gmt":"2026-02-11T18:33:18","slug":"nota-do-psol-trump-tire-as-maos-da-america-latina","status":"publish","type":"post","link":"https:\/\/psol50.org.br\/nota-do-psol-trump-tire-as-maos-da-america-latina\/","title":{"rendered":"Nota do PSOL: Trump, tire as m\u00e3os da Am\u00e9rica Latina!"},"content":{"rendered":"<p>O Partido Socialismo e Liberdade (PSOL) manifesta sua profunda preocupa\u00e7\u00e3o com as crescentes provoca\u00e7\u00f5es militares dos Estados Unidos na costa da Venezuela, sob o governo de Donald Trump. Nesta semana, como divulgado amplamente na imprensa, a for\u00e7a a\u00e9rea dos Estados Unidos enviou tr\u00eas bombardeiros estrat\u00e9gicos B-52 para um voo no mar do Caribe junto \u00e0 costa venezuelana, chegando a menos de 200 km de Caracas.<\/p>\n<p>Essa escalada de amea\u00e7as militares representa um risco s\u00e9rio n\u00e3o apenas \u00e0 Venezuela, mas \u00e0 soberania da Am\u00e9rica Latina como um todo, elevando o perigo de um conflito b\u00e9lico de consequ\u00eancias incalcul\u00e1veis.<\/p>\n<p>Sob o pretexto de &#8220;combater o narcotr\u00e1fico&#8221;, o imperialismo e a extrema-direita estadunidenses desrespeitam os essenciais princ\u00edpios de autodetermina\u00e7\u00e3o dos povos e da n\u00e3o-interven\u00e7\u00e3o, que s\u00e3o pilares para a paz e a estabilidade regional. A Am\u00e9rica Latina \u00e9 e deve permanecer um territ\u00f3rio de paz e solidariedade \u2013 n\u00e3o de guerra.<\/p>\n<p>A motiva\u00e7\u00e3o principal por tr\u00e1s dessas manobras reside no interesse econ\u00f4mico em controlar os vastos recursos naturais venezuelanos, em particular o petr\u00f3leo e as terras raras. A Venezuela deve ter o direito de exercer a sua plena soberania sobre seu territ\u00f3rio, assim como todos os pa\u00edses da Am\u00e9rica Latina t\u00eam o direito de definir seus pr\u00f3prios rumos, livres de coer\u00e7\u00e3o militar ou press\u00e3o econ\u00f4mica de pot\u00eancias estrangeiras. A defesa da soberania e do controle sobre seus recursos \u00e9 um princ\u00edpio fundamental do direito internacional.<\/p>\n<p>Portanto, neste momento, n\u00e3o est\u00e1 em jogo apoiar ou n\u00e3o o governo venezuelano. Independente da opini\u00e3o que se tenha sobre o governo deste pa\u00eds, a defesa da integridade de seu territ\u00f3rio diante de poss\u00edveis agress\u00f5es norte-americanas \u00e9 uma quest\u00e3o anti imperialista b\u00e1sica.<\/p>\n<p>\u00c9 crucial o cessar imediato de todas as provoca\u00e7\u00f5es militares e a retirada das for\u00e7as dos EUA nas proximidades do territ\u00f3rio venezuelano. A constru\u00e7\u00e3o da paz duradoura na nossa regi\u00e3o exige o respeito m\u00fatuo entre as na\u00e7\u00f5es e o abandono definitivo de qualquer pol\u00edtica de interven\u00e7\u00e3o.<\/p>\n<p><em><strong>Partido Socialismo e Liberdade, 17 de outubro de 2025.<\/strong><\/em><\/p>\n","protected":false},"excerpt":{"rendered":"<p>O Partido Socialismo e Liberdade (PSOL) manifesta sua profunda preocupa\u00e7\u00e3o com as crescentes provoca\u00e7\u00f5es militares dos Estados Unidos na costa da Venezuela, sob o governo de Donald Trump. Nesta semana, como divulgado amplamente na imprensa, a for\u00e7a a\u00e9rea dos Estados Unidos enviou tr\u00eas bombardeiros estrat\u00e9gicos B-52 para um voo no mar do Caribe junto \u00e0 [&hellip;]<\/p>\n","protected":false},"author":2,"featured_media":41469,"comment_status":"closed","ping_status":"open","sticky":false,"template":"","format":"standard","meta":{"_acf_changed":false,"footnotes":""},"categories":[836,72],"tags":[4825],"class_list":{"0":"post-41858","1":"post","2":"type-post","3":"status-publish","4":"format-standard","5":"has-post-thumbnail","7":"category-internacional","8":"category-resolucoes","9":"tag-noticias"},"acf":[],"yoast_head":"<!-- This site is optimized with the Yoast SEO plugin v26.5 - https:\/\/yoast.com\/wordpress\/plugins\/seo\/ -->\n<title>Nota do PSOL: Trump, tire as m\u00e3os da Am\u00e9rica Latina!<\/title>\n<meta name=\"description\" content=\"A constru\u00e7\u00e3o da paz duradoura na nossa regi\u00e3o exige o respeito m\u00fatuo entre as na\u00e7\u00f5es e o abandono definitivo de qualquer pol\u00edtica de interven\u00e7\u00e3o.\" \/>\n<meta name=\"robots\" content=\"index, follow, max-snippet:-1, max-image-preview:large, max-video-preview:-1\" \/>\n<link rel=\"canonical\" href=\"https:\/\/psol50.org.br\/nota-do-psol-trump-tire-as-maos-da-america-latina\/\" \/>\n<meta property=\"og:locale\" content=\"pt_BR\" \/>\n<meta property=\"og:type\" content=\"article\" \/>\n<meta property=\"og:title\" content=\"Nota do PSOL: Trump, tire as m\u00e3os da Am\u00e9rica Latina!\" \/>\n<meta property=\"og:description\" content=\"A constru\u00e7\u00e3o da paz duradoura na nossa regi\u00e3o exige o respeito m\u00fatuo entre as na\u00e7\u00f5es e o abandono definitivo de qualquer pol\u00edtica de interven\u00e7\u00e3o.\" \/>\n<meta property=\"og:url\" content=\"https:\/\/psol50.org.br\/nota-do-psol-trump-tire-as-maos-da-america-latina\/\" \/>\n<meta property=\"og:site_name\" content=\"PSOL 50\" \/>\n<meta property=\"article:publisher\" content=\"https:\/\/www.facebook.com\/psol50\" \/>\n<meta property=\"article:published_time\" content=\"2025-10-17T18:09:00+00:00\" \/>\n<meta property=\"article:modified_time\" content=\"2026-02-11T18:33:18+00:00\" \/>\n<meta property=\"og:image\" content=\"https:\/\/psol50.org.br\/inc\/uploads\/2025\/07\/7f790ff3-6aa3-4f30-9088-0bf2cb18b2ce.jpg\" \/>\n\t<meta property=\"og:image:width\" content=\"2048\" \/>\n\t<meta property=\"og:image:height\" content=\"1365\" \/>\n\t<meta property=\"og:image:type\" content=\"image\/jpeg\" \/>\n<meta name=\"author\" content=\"Comunica\u00e7\u00e3o PSOL\" \/>\n<meta name=\"twitter:card\" content=\"summary_large_image\" \/>\n<meta name=\"twitter:creator\" content=\"@psol50\" \/>\n<meta name=\"twitter:site\" content=\"@psol50\" \/>\n<meta name=\"twitter:label1\" content=\"Escrito por\" \/>\n\t<meta name=\"twitter:data1\" content=\"Comunica\u00e7\u00e3o PSOL\" \/>\n\t<meta name=\"twitter:label2\" content=\"Est. tempo de leitura\" \/>\n\t<meta name=\"twitter:data2\" content=\"2 minutos\" \/>\n<script type=\"application\/ld+json\" class=\"yoast-schema-graph\">{\"@context\":\"https:\/\/schema.org\",\"@graph\":[{\"@type\":\"Article\",\"@id\":\"https:\/\/psol50.org.br\/nota-do-psol-trump-tire-as-maos-da-america-latina\/#article\",\"isPartOf\":{\"@id\":\"https:\/\/psol50.org.br\/nota-do-psol-trump-tire-as-maos-da-america-latina\/\"},\"author\":{\"name\":\"Comunica\u00e7\u00e3o PSOL\",\"@id\":\"https:\/\/psol50.org.br\/#\/schema\/person\/475dfa57d0b815993c714c2e96491fcd\"},\"headline\":\"Nota do PSOL: Trump, tire as m\u00e3os da Am\u00e9rica Latina!\",\"datePublished\":\"2025-10-17T18:09:00+00:00\",\"dateModified\":\"2026-02-11T18:33:18+00:00\",\"mainEntityOfPage\":{\"@id\":\"https:\/\/psol50.org.br\/nota-do-psol-trump-tire-as-maos-da-america-latina\/\"},\"wordCount\":384,\"publisher\":{\"@id\":\"https:\/\/psol50.org.br\/#organization\"},\"image\":{\"@id\":\"https:\/\/psol50.org.br\/nota-do-psol-trump-tire-as-maos-da-america-latina\/#primaryimage\"},\"thumbnailUrl\":\"https:\/\/psol50.org.br\/inc\/uploads\/2025\/07\/7f790ff3-6aa3-4f30-9088-0bf2cb18b2ce.jpg\",\"keywords\":[\"Not\u00edcias\"],\"articleSection\":[\"Internacional\",\"Resolu\u00e7\u00f5es\"],\"inLanguage\":\"pt-BR\"},{\"@type\":\"WebPage\",\"@id\":\"https:\/\/psol50.org.br\/nota-do-psol-trump-tire-as-maos-da-america-latina\/\",\"url\":\"https:\/\/psol50.org.br\/nota-do-psol-trump-tire-as-maos-da-america-latina\/\",\"name\":\"Nota do PSOL: Trump, tire as m\u00e3os da Am\u00e9rica Latina!\",\"isPartOf\":{\"@id\":\"https:\/\/psol50.org.br\/#website\"},\"primaryImageOfPage\":{\"@id\":\"https:\/\/psol50.org.br\/nota-do-psol-trump-tire-as-maos-da-america-latina\/#primaryimage\"},\"image\":{\"@id\":\"https:\/\/psol50.org.br\/nota-do-psol-trump-tire-as-maos-da-america-latina\/#primaryimage\"},\"thumbnailUrl\":\"https:\/\/psol50.org.br\/inc\/uploads\/2025\/07\/7f790ff3-6aa3-4f30-9088-0bf2cb18b2ce.jpg\",\"datePublished\":\"2025-10-17T18:09:00+00:00\",\"dateModified\":\"2026-02-11T18:33:18+00:00\",\"description\":\"A constru\u00e7\u00e3o da paz duradoura na nossa regi\u00e3o exige o respeito m\u00fatuo entre as na\u00e7\u00f5es e o abandono definitivo de qualquer pol\u00edtica de interven\u00e7\u00e3o.\",\"breadcrumb\":{\"@id\":\"https:\/\/psol50.org.br\/nota-do-psol-trump-tire-as-maos-da-america-latina\/#breadcrumb\"},\"inLanguage\":\"pt-BR\",\"potentialAction\":[{\"@type\":\"ReadAction\",\"target\":[\"https:\/\/psol50.org.br\/nota-do-psol-trump-tire-as-maos-da-america-latina\/\"]}]},{\"@type\":\"ImageObject\",\"inLanguage\":\"pt-BR\",\"@id\":\"https:\/\/psol50.org.br\/nota-do-psol-trump-tire-as-maos-da-america-latina\/#primaryimage\",\"url\":\"https:\/\/psol50.org.br\/inc\/uploads\/2025\/07\/7f790ff3-6aa3-4f30-9088-0bf2cb18b2ce.jpg\",\"contentUrl\":\"https:\/\/psol50.org.br\/inc\/uploads\/2025\/07\/7f790ff3-6aa3-4f30-9088-0bf2cb18b2ce.jpg\",\"width\":2048,\"height\":1365,\"caption\":\"Foto: Paulo Pinto\/Ag\u00eancia Brasil\"},{\"@type\":\"BreadcrumbList\",\"@id\":\"https:\/\/psol50.org.br\/nota-do-psol-trump-tire-as-maos-da-america-latina\/#breadcrumb\",\"itemListElement\":[{\"@type\":\"ListItem\",\"position\":1,\"name\":\"In\u00edcio\",\"item\":\"https:\/\/psol50.org.br\/\"},{\"@type\":\"ListItem\",\"position\":2,\"name\":\"Nota do PSOL: Trump, tire as m\u00e3os da Am\u00e9rica Latina!\"}]},{\"@type\":\"WebSite\",\"@id\":\"https:\/\/psol50.org.br\/#website\",\"url\":\"https:\/\/psol50.org.br\/\",\"name\":\"PSOL 50\",\"description\":\"Site oficial do Partido Socialismo e Liberdade\",\"publisher\":{\"@id\":\"https:\/\/psol50.org.br\/#organization\"},\"alternateName\":\"PSOL50\",\"potentialAction\":[{\"@type\":\"SearchAction\",\"target\":{\"@type\":\"EntryPoint\",\"urlTemplate\":\"https:\/\/psol50.org.br\/?s={search_term_string}\"},\"query-input\":{\"@type\":\"PropertyValueSpecification\",\"valueRequired\":true,\"valueName\":\"search_term_string\"}}],\"inLanguage\":\"pt-BR\"},{\"@type\":\"Organization\",\"@id\":\"https:\/\/psol50.org.br\/#organization\",\"name\":\"PSOL 50\",\"alternateName\":\"PSOL 50\",\"url\":\"https:\/\/psol50.org.br\/\",\"logo\":{\"@type\":\"ImageObject\",\"inLanguage\":\"pt-BR\",\"@id\":\"https:\/\/psol50.org.br\/#\/schema\/logo\/image\/\",\"url\":\"https:\/\/psol50.org.br\/inc\/uploads\/2018\/07\/capa.png\",\"contentUrl\":\"https:\/\/psol50.org.br\/inc\/uploads\/2018\/07\/capa.png\",\"width\":1350,\"height\":900,\"caption\":\"PSOL 50\"},\"image\":{\"@id\":\"https:\/\/psol50.org.br\/#\/schema\/logo\/image\/\"},\"sameAs\":[\"https:\/\/www.facebook.com\/psol50\",\"https:\/\/x.com\/psol50\",\"https:\/\/www.instagram.com\/psol50\/\",\"https:\/\/www.youtube.com\/channel\/UC7SnJS5o1os7a6CaiNabzcg\"]},{\"@type\":\"Person\",\"@id\":\"https:\/\/psol50.org.br\/#\/schema\/person\/475dfa57d0b815993c714c2e96491fcd\",\"name\":\"Comunica\u00e7\u00e3o PSOL\",\"image\":{\"@type\":\"ImageObject\",\"inLanguage\":\"pt-BR\",\"@id\":\"https:\/\/psol50.org.br\/#\/schema\/person\/image\/\",\"url\":\"https:\/\/secure.gravatar.com\/avatar\/b34fc4f4e468a4e51785917065a3db57b841f5c95dba6ad8c73aaf8f66f8f9bf?s=96&d=mm&r=g\",\"contentUrl\":\"https:\/\/secure.gravatar.com\/avatar\/b34fc4f4e468a4e51785917065a3db57b841f5c95dba6ad8c73aaf8f66f8f9bf?s=96&d=mm&r=g\",\"caption\":\"Comunica\u00e7\u00e3o PSOL\"}}]}<\/script>\n<!-- \/ Yoast SEO plugin. -->","yoast_head_json":{"title":"Nota do PSOL: Trump, tire as m\u00e3os da Am\u00e9rica Latina!","description":"A constru\u00e7\u00e3o da paz duradoura na nossa regi\u00e3o exige o respeito m\u00fatuo entre as na\u00e7\u00f5es e o abandono definitivo de qualquer pol\u00edtica de interven\u00e7\u00e3o.","robots":{"index":"index","follow":"follow","max-snippet":"max-snippet:-1","max-image-preview":"max-image-preview:large","max-video-preview":"max-video-preview:-1"},"canonical":"https:\/\/psol50.org.br\/nota-do-psol-trump-tire-as-maos-da-america-latina\/","og_locale":"pt_BR","og_type":"article","og_title":"Nota do PSOL: Trump, tire as m\u00e3os da Am\u00e9rica Latina!","og_description":"A constru\u00e7\u00e3o da paz duradoura na nossa regi\u00e3o exige o respeito m\u00fatuo entre as na\u00e7\u00f5es e o abandono definitivo de qualquer pol\u00edtica de interven\u00e7\u00e3o.","og_url":"https:\/\/psol50.org.br\/nota-do-psol-trump-tire-as-maos-da-america-latina\/","og_site_name":"PSOL 50","article_publisher":"https:\/\/www.facebook.com\/psol50","article_published_time":"2025-10-17T18:09:00+00:00","article_modified_time":"2026-02-11T18:33:18+00:00","og_image":[{"width":2048,"height":1365,"url":"https:\/\/psol50.org.br\/inc\/uploads\/2025\/07\/7f790ff3-6aa3-4f30-9088-0bf2cb18b2ce.jpg","type":"image\/jpeg"}],"author":"Comunica\u00e7\u00e3o PSOL","twitter_card":"summary_large_image","twitter_creator":"@psol50","twitter_site":"@psol50","twitter_misc":{"Escrito por":"Comunica\u00e7\u00e3o PSOL","Est. tempo de leitura":"2 minutos"},"schema":{"@context":"https:\/\/schema.org","@graph":[{"@type":"Article","@id":"https:\/\/psol50.org.br\/nota-do-psol-trump-tire-as-maos-da-america-latina\/#article","isPartOf":{"@id":"https:\/\/psol50.org.br\/nota-do-psol-trump-tire-as-maos-da-america-latina\/"},"author":{"name":"Comunica\u00e7\u00e3o PSOL","@id":"https:\/\/psol50.org.br\/#\/schema\/person\/475dfa57d0b815993c714c2e96491fcd"},"headline":"Nota do PSOL: Trump, tire as m\u00e3os da Am\u00e9rica Latina!","datePublished":"2025-10-17T18:09:00+00:00","dateModified":"2026-02-11T18:33:18+00:00","mainEntityOfPage":{"@id":"https:\/\/psol50.org.br\/nota-do-psol-trump-tire-as-maos-da-america-latina\/"},"wordCount":384,"publisher":{"@id":"https:\/\/psol50.org.br\/#organization"},"image":{"@id":"https:\/\/psol50.org.br\/nota-do-psol-trump-tire-as-maos-da-america-latina\/#primaryimage"},"thumbnailUrl":"https:\/\/psol50.org.br\/inc\/uploads\/2025\/07\/7f790ff3-6aa3-4f30-9088-0bf2cb18b2ce.jpg","keywords":["Not\u00edcias"],"articleSection":["Internacional","Resolu\u00e7\u00f5es"],"inLanguage":"pt-BR"},{"@type":"WebPage","@id":"https:\/\/psol50.org.br\/nota-do-psol-trump-tire-as-maos-da-america-latina\/","url":"https:\/\/psol50.org.br\/nota-do-psol-trump-tire-as-maos-da-america-latina\/","name":"Nota do PSOL: Trump, tire as m\u00e3os da Am\u00e9rica Latina!","isPartOf":{"@id":"https:\/\/psol50.org.br\/#website"},"primaryImageOfPage":{"@id":"https:\/\/psol50.org.br\/nota-do-psol-trump-tire-as-maos-da-america-latina\/#primaryimage"},"image":{"@id":"https:\/\/psol50.org.br\/nota-do-psol-trump-tire-as-maos-da-america-latina\/#primaryimage"},"thumbnailUrl":"https:\/\/psol50.org.br\/inc\/uploads\/2025\/07\/7f790ff3-6aa3-4f30-9088-0bf2cb18b2ce.jpg","datePublished":"2025-10-17T18:09:00+00:00","dateModified":"2026-02-11T18:33:18+00:00","description":"A constru\u00e7\u00e3o da paz duradoura na nossa regi\u00e3o exige o respeito m\u00fatuo entre as na\u00e7\u00f5es e o abandono definitivo de qualquer pol\u00edtica de interven\u00e7\u00e3o.","breadcrumb":{"@id":"https:\/\/psol50.org.br\/nota-do-psol-trump-tire-as-maos-da-america-latina\/#breadcrumb"},"inLanguage":"pt-BR","potentialAction":[{"@type":"ReadAction","target":["https:\/\/psol50.org.br\/nota-do-psol-trump-tire-as-maos-da-america-latina\/"]}]},{"@type":"ImageObject","inLanguage":"pt-BR","@id":"https:\/\/psol50.org.br\/nota-do-psol-trump-tire-as-maos-da-america-latina\/#primaryimage","url":"https:\/\/psol50.org.br\/inc\/uploads\/2025\/07\/7f790ff3-6aa3-4f30-9088-0bf2cb18b2ce.jpg","contentUrl":"https:\/\/psol50.org.br\/inc\/uploads\/2025\/07\/7f790ff3-6aa3-4f30-9088-0bf2cb18b2ce.jpg","width":2048,"height":1365,"caption":"Foto: Paulo Pinto\/Ag\u00eancia Brasil"},{"@type":"BreadcrumbList","@id":"https:\/\/psol50.org.br\/nota-do-psol-trump-tire-as-maos-da-america-latina\/#breadcrumb","itemListElement":[{"@type":"ListItem","position":1,"name":"In\u00edcio","item":"https:\/\/psol50.org.br\/"},{"@type":"ListItem","position":2,"name":"Nota do PSOL: Trump, tire as m\u00e3os da Am\u00e9rica Latina!"}]},{"@type":"WebSite","@id":"https:\/\/psol50.org.br\/#website","url":"https:\/\/psol50.org.br\/","name":"PSOL 50","description":"Site oficial do Partido Socialismo e Liberdade","publisher":{"@id":"https:\/\/psol50.org.br\/#organization"},"alternateName":"PSOL50","potentialAction":[{"@type":"SearchAction","target":{"@type":"EntryPoint","urlTemplate":"https:\/\/psol50.org.br\/?s={search_term_string}"},"query-input":{"@type":"PropertyValueSpecification","valueRequired":true,"valueName":"search_term_string"}}],"inLanguage":"pt-BR"},{"@type":"Organization","@id":"https:\/\/psol50.org.br\/#organization","name":"PSOL 50","alternateName":"PSOL 50","url":"https:\/\/psol50.org.br\/","logo":{"@type":"ImageObject","inLanguage":"pt-BR","@id":"https:\/\/psol50.org.br\/#\/schema\/logo\/image\/","url":"https:\/\/psol50.org.br\/inc\/uploads\/2018\/07\/capa.png","contentUrl":"https:\/\/psol50.org.br\/inc\/uploads\/2018\/07\/capa.png","width":1350,"height":900,"caption":"PSOL 50"},"image":{"@id":"https:\/\/psol50.org.br\/#\/schema\/logo\/image\/"},"sameAs":["https:\/\/www.facebook.com\/psol50","https:\/\/x.com\/psol50","https:\/\/www.instagram.com\/psol50\/","https:\/\/www.youtube.com\/channel\/UC7SnJS5o1os7a6CaiNabzcg"]},{"@type":"Person","@id":"https:\/\/psol50.org.br\/#\/schema\/person\/475dfa57d0b815993c714c2e96491fcd","name":"Comunica\u00e7\u00e3o PSOL","image":{"@type":"ImageObject","inLanguage":"pt-BR","@id":"https:\/\/psol50.org.br\/#\/schema\/person\/image\/","url":"https:\/\/secure.gravatar.com\/avatar\/b34fc4f4e468a4e51785917065a3db57b841f5c95dba6ad8c73aaf8f66f8f9bf?s=96&d=mm&r=g","contentUrl":"https:\/\/secure.gravatar.com\/avatar\/b34fc4f4e468a4e51785917065a3db57b841f5c95dba6ad8c73aaf8f66f8f9bf?s=96&d=mm&r=g","caption":"Comunica\u00e7\u00e3o PSOL"}}]}},"_links":{"self":[{"href":"https:\/\/psol50.org.br\/rest\/wp\/v2\/posts\/41858","targetHints":{"allow":["GET"]}}],"collection":[{"href":"https:\/\/psol50.org.br\/rest\/wp\/v2\/posts"}],"about":[{"href":"https:\/\/psol50.org.br\/rest\/wp\/v2\/types\/post"}],"author":[{"embeddable":true,"href":"https:\/\/psol50.org.br\/rest\/wp\/v2\/users\/2"}],"replies":[{"embeddable":true,"href":"https:\/\/psol50.org.br\/rest\/wp\/v2\/comments?post=41858"}],"version-history":[{"count":3,"href":"https:\/\/psol50.org.br\/rest\/wp\/v2\/posts\/41858\/revisions"}],"predecessor-version":[{"id":41861,"href":"https:\/\/psol50.org.br\/rest\/wp\/v2\/posts\/41858\/revisions\/41861"}],"wp:featuredmedia":[{"embeddable":true,"href":"https:\/\/psol50.org.br\/rest\/wp\/v2\/media\/41469"}],"wp:attachment":[{"href":"https:\/\/psol50.org.br\/rest\/wp\/v2\/media?parent=41858"}],"wp:term":[{"taxonomy":"category","embeddable":true,"href":"https:\/\/psol50.org.br\/rest\/wp\/v2\/categories?post=41858"},{"taxonomy":"post_tag","embeddable":true,"href":"https:\/\/psol50.org.br\/rest\/wp\/v2\/tags?post=41858"}],"curies":[{"name":"wp","href":"https:\/\/api.w.org\/{rel}","templated":true}]}}