{"id":41862,"date":"2025-10-17T15:28:59","date_gmt":"2025-10-17T18:28:59","guid":{"rendered":"https:\/\/psol50.org.br\/?p=41862"},"modified":"2025-10-28T15:39:02","modified_gmt":"2025-10-28T18:39:02","slug":"nota-de-solidariedade-de-repudio-do-psol-a-brutal-repressao-na-camara-municipal-de-porto-alegre-rs","status":"publish","type":"post","link":"https:\/\/psol50.org.br\/nota-de-solidariedade-de-repudio-do-psol-a-brutal-repressao-na-camara-municipal-de-porto-alegre-rs\/","title":{"rendered":"Nota de solidariedade de rep\u00fadio do PSOL \u00e0 brutal repress\u00e3o na C\u00e2mara Municipal de Porto Alegre (RS)"},"content":{"rendered":"<p>Manifestamos nossa total e irrestrita solidariedade a Atena Roveda e Grazi Oliveira, vereadoras do PSOL feridas durante a violenta e brutal repress\u00e3o ocorrida na C\u00e2mara Municipal de Porto Alegre. Nossa solidariedade se estende a toda a Bancada do PSOL \u2014 formada tamb\u00e9m pelos vereadores Roberto Robaina, Pedro Ruas e Karen Santos \u2014, que se posicionou na defesa dos interesses da popula\u00e7\u00e3o.<\/p>\n<p>Solidarizamo-nos igualmente com os vereadores Giovani Culau (PCdoB), Natasha Ferreira (PT), Erick D\u00eanil (PCdoB) e com o deputado estadual Miguel Rossetto (PT), que tamb\u00e9m foram covardemente agredidos pela Guarda Municipal.<\/p>\n<p>\u00c9 inaceit\u00e1vel que representantes eleitos pelo povo sejam alvos de balas de borracha, bombas e viol\u00eancia estatal enquanto cumpriam seu dever democr\u00e1tico. A agress\u00e3o contra parlamentares e militantes n\u00e3o \u00e9 apenas um ato de viol\u00eancia, mas um ataque direto \u00e0 democracia e uma tentativa de silenciar e criminalizar a luta social.<\/p>\n<p>Repudiamos veementemente a escalada autorit\u00e1ria do prefeito Sebasti\u00e3o Melo (MDB), que tem adotado a repress\u00e3o como m\u00e9todo pol\u00edtico. Denunciamos tamb\u00e9m a coniv\u00eancia do governo do estado, que segue utilizando as for\u00e7as de seguran\u00e7a como instrumento para sufocar a organiza\u00e7\u00e3o popular.<\/p>\n<p>N\u00e3o aceitaremos intimida\u00e7\u00e3o. Defender o direito \u00e0 moradia, \u00e0 dignidade e \u00e0 organiza\u00e7\u00e3o social n\u00e3o \u00e9 crime \u2014 crime \u00e9 governar contra o povo. Seguiremos juntos, ao lado dos movimentos populares, dos parlamentares combativos e de todos os trabalhadores e trabalhadoras que lutam por justi\u00e7a social.<\/p>\n<p>Toda solidariedade a quem luta!<\/p>\n<p>Diante do exposto, defendemos:<\/p>\n<p>1.\u2060 \u2060A imediata identifica\u00e7\u00e3o e a rigorosa puni\u00e7\u00e3o de todos os guardas municipais envolvidos na agress\u00e3o.<\/p>\n<p>2.\u2060 \u2060A apura\u00e7\u00e3o e responsabiliza\u00e7\u00e3o de quem ordenou o ataque contra os parlamentares e manifestantes.<\/p>\n<p>3.\u2060 \u2060O afastamento da vereadora N\u00e1dia (PL) da Presid\u00eancia da C\u00e2mara Municipal. A C\u00e2mara \u00e9 a casa do povo, n\u00e3o um quartel, e a sua perman\u00eancia no cargo tornou-se insustent\u00e1vel.<\/p>\n","protected":false},"excerpt":{"rendered":"<p>Manifestamos nossa total e irrestrita solidariedade a Atena Roveda e Grazi Oliveira, vereadoras do PSOL feridas durante a violenta e brutal repress\u00e3o ocorrida na C\u00e2mara Municipal de Porto Alegre. Nossa solidariedade se estende a toda a Bancada do PSOL \u2014 formada tamb\u00e9m pelos vereadores Roberto Robaina, Pedro Ruas e Karen Santos \u2014, que se posicionou [&hellip;]<\/p>\n","protected":false},"author":2,"featured_media":41865,"comment_status":"closed","ping_status":"open","sticky":false,"template":"","format":"standard","meta":{"_acf_changed":false,"footnotes":""},"categories":[654,20],"tags":[4825],"class_list":{"0":"post-41862","1":"post","2":"type-post","3":"status-publish","4":"format-standard","5":"has-post-thumbnail","7":"category-estados","8":"category-notas","9":"tag-noticias"},"acf":[],"yoast_head":"<!-- This site is optimized with the Yoast SEO plugin v26.5 - https:\/\/yoast.com\/wordpress\/plugins\/seo\/ -->\n<title>Nota de solidariedade de rep\u00fadio do PSOL \u00e0 brutal repress\u00e3o na C\u00e2mara Municipal de Porto Alegre (RS)<\/title>\n<meta name=\"description\" content=\"Defender o direito \u00e0 moradia, \u00e0 dignidade e \u00e0 organiza\u00e7\u00e3o social n\u00e3o \u00e9 crime \u2014 crime \u00e9 governar contra o povo.\" \/>\n<meta name=\"robots\" content=\"index, follow, max-snippet:-1, max-image-preview:large, max-video-preview:-1\" \/>\n<link rel=\"canonical\" href=\"https:\/\/psol50.org.br\/nota-de-solidariedade-de-repudio-do-psol-a-brutal-repressao-na-camara-municipal-de-porto-alegre-rs\/\" \/>\n<meta property=\"og:locale\" content=\"pt_BR\" \/>\n<meta property=\"og:type\" content=\"article\" \/>\n<meta property=\"og:title\" content=\"Nota de solidariedade de rep\u00fadio do PSOL \u00e0 brutal repress\u00e3o na C\u00e2mara Municipal de Porto Alegre (RS)\" \/>\n<meta property=\"og:description\" content=\"Defender o direito \u00e0 moradia, \u00e0 dignidade e \u00e0 organiza\u00e7\u00e3o social n\u00e3o \u00e9 crime \u2014 crime \u00e9 governar contra o povo.\" \/>\n<meta property=\"og:url\" content=\"https:\/\/psol50.org.br\/nota-de-solidariedade-de-repudio-do-psol-a-brutal-repressao-na-camara-municipal-de-porto-alegre-rs\/\" \/>\n<meta property=\"og:site_name\" content=\"PSOL 50\" \/>\n<meta property=\"article:publisher\" content=\"https:\/\/www.facebook.com\/psol50\" \/>\n<meta property=\"article:published_time\" content=\"2025-10-17T18:28:59+00:00\" \/>\n<meta property=\"article:modified_time\" content=\"2025-10-28T18:39:02+00:00\" \/>\n<meta property=\"og:image\" content=\"https:\/\/psol50.org.br\/inc\/uploads\/2025\/10\/Captura-de-Tela-2025-10-17-as-15.27.40-1024x764.png\" \/>\n\t<meta property=\"og:image:width\" content=\"1024\" \/>\n\t<meta property=\"og:image:height\" content=\"764\" \/>\n\t<meta property=\"og:image:type\" content=\"image\/png\" \/>\n<meta name=\"author\" content=\"Comunica\u00e7\u00e3o PSOL\" \/>\n<meta name=\"twitter:card\" content=\"summary_large_image\" \/>\n<meta name=\"twitter:creator\" content=\"@psol50\" \/>\n<meta name=\"twitter:site\" content=\"@psol50\" \/>\n<meta name=\"twitter:label1\" content=\"Escrito por\" \/>\n\t<meta name=\"twitter:data1\" content=\"Comunica\u00e7\u00e3o PSOL\" \/>\n\t<meta name=\"twitter:label2\" content=\"Est. tempo de leitura\" \/>\n\t<meta name=\"twitter:data2\" content=\"2 minutos\" \/>\n<script type=\"application\/ld+json\" class=\"yoast-schema-graph\">{\"@context\":\"https:\/\/schema.org\",\"@graph\":[{\"@type\":\"Article\",\"@id\":\"https:\/\/psol50.org.br\/nota-de-solidariedade-de-repudio-do-psol-a-brutal-repressao-na-camara-municipal-de-porto-alegre-rs\/#article\",\"isPartOf\":{\"@id\":\"https:\/\/psol50.org.br\/nota-de-solidariedade-de-repudio-do-psol-a-brutal-repressao-na-camara-municipal-de-porto-alegre-rs\/\"},\"author\":{\"name\":\"Comunica\u00e7\u00e3o PSOL\",\"@id\":\"https:\/\/psol50.org.br\/#\/schema\/person\/475dfa57d0b815993c714c2e96491fcd\"},\"headline\":\"Nota de solidariedade de rep\u00fadio do PSOL \u00e0 brutal repress\u00e3o na C\u00e2mara Municipal de Porto Alegre (RS)\",\"datePublished\":\"2025-10-17T18:28:59+00:00\",\"dateModified\":\"2025-10-28T18:39:02+00:00\",\"mainEntityOfPage\":{\"@id\":\"https:\/\/psol50.org.br\/nota-de-solidariedade-de-repudio-do-psol-a-brutal-repressao-na-camara-municipal-de-porto-alegre-rs\/\"},\"wordCount\":341,\"publisher\":{\"@id\":\"https:\/\/psol50.org.br\/#organization\"},\"image\":{\"@id\":\"https:\/\/psol50.org.br\/nota-de-solidariedade-de-repudio-do-psol-a-brutal-repressao-na-camara-municipal-de-porto-alegre-rs\/#primaryimage\"},\"thumbnailUrl\":\"https:\/\/psol50.org.br\/inc\/uploads\/2025\/10\/Captura-de-Tela-2025-10-17-as-15.27.40.png\",\"keywords\":[\"Not\u00edcias\"],\"articleSection\":[\"Estados\",\"Notas\"],\"inLanguage\":\"pt-BR\"},{\"@type\":\"WebPage\",\"@id\":\"https:\/\/psol50.org.br\/nota-de-solidariedade-de-repudio-do-psol-a-brutal-repressao-na-camara-municipal-de-porto-alegre-rs\/\",\"url\":\"https:\/\/psol50.org.br\/nota-de-solidariedade-de-repudio-do-psol-a-brutal-repressao-na-camara-municipal-de-porto-alegre-rs\/\",\"name\":\"Nota de solidariedade de rep\u00fadio do PSOL \u00e0 brutal repress\u00e3o na C\u00e2mara Municipal de Porto Alegre (RS)\",\"isPartOf\":{\"@id\":\"https:\/\/psol50.org.br\/#website\"},\"primaryImageOfPage\":{\"@id\":\"https:\/\/psol50.org.br\/nota-de-solidariedade-de-repudio-do-psol-a-brutal-repressao-na-camara-municipal-de-porto-alegre-rs\/#primaryimage\"},\"image\":{\"@id\":\"https:\/\/psol50.org.br\/nota-de-solidariedade-de-repudio-do-psol-a-brutal-repressao-na-camara-municipal-de-porto-alegre-rs\/#primaryimage\"},\"thumbnailUrl\":\"https:\/\/psol50.org.br\/inc\/uploads\/2025\/10\/Captura-de-Tela-2025-10-17-as-15.27.40.png\",\"datePublished\":\"2025-10-17T18:28:59+00:00\",\"dateModified\":\"2025-10-28T18:39:02+00:00\",\"description\":\"Defender o direito \u00e0 moradia, \u00e0 dignidade e \u00e0 organiza\u00e7\u00e3o social n\u00e3o \u00e9 crime \u2014 crime \u00e9 governar contra o povo.\",\"breadcrumb\":{\"@id\":\"https:\/\/psol50.org.br\/nota-de-solidariedade-de-repudio-do-psol-a-brutal-repressao-na-camara-municipal-de-porto-alegre-rs\/#breadcrumb\"},\"inLanguage\":\"pt-BR\",\"potentialAction\":[{\"@type\":\"ReadAction\",\"target\":[\"https:\/\/psol50.org.br\/nota-de-solidariedade-de-repudio-do-psol-a-brutal-repressao-na-camara-municipal-de-porto-alegre-rs\/\"]}]},{\"@type\":\"ImageObject\",\"inLanguage\":\"pt-BR\",\"@id\":\"https:\/\/psol50.org.br\/nota-de-solidariedade-de-repudio-do-psol-a-brutal-repressao-na-camara-municipal-de-porto-alegre-rs\/#primaryimage\",\"url\":\"https:\/\/psol50.org.br\/inc\/uploads\/2025\/10\/Captura-de-Tela-2025-10-17-as-15.27.40.png\",\"contentUrl\":\"https:\/\/psol50.org.br\/inc\/uploads\/2025\/10\/Captura-de-Tela-2025-10-17-as-15.27.40.png\",\"width\":1526,\"height\":1138,\"caption\":\"Foto: Elson Semp\u00e9 Pedroso\/ CMPA\"},{\"@type\":\"BreadcrumbList\",\"@id\":\"https:\/\/psol50.org.br\/nota-de-solidariedade-de-repudio-do-psol-a-brutal-repressao-na-camara-municipal-de-porto-alegre-rs\/#breadcrumb\",\"itemListElement\":[{\"@type\":\"ListItem\",\"position\":1,\"name\":\"In\u00edcio\",\"item\":\"https:\/\/psol50.org.br\/\"},{\"@type\":\"ListItem\",\"position\":2,\"name\":\"Nota de solidariedade de rep\u00fadio do PSOL \u00e0 brutal repress\u00e3o na C\u00e2mara Municipal de Porto Alegre (RS)\"}]},{\"@type\":\"WebSite\",\"@id\":\"https:\/\/psol50.org.br\/#website\",\"url\":\"https:\/\/psol50.org.br\/\",\"name\":\"PSOL 50\",\"description\":\"Site oficial do Partido Socialismo e Liberdade\",\"publisher\":{\"@id\":\"https:\/\/psol50.org.br\/#organization\"},\"alternateName\":\"PSOL50\",\"potentialAction\":[{\"@type\":\"SearchAction\",\"target\":{\"@type\":\"EntryPoint\",\"urlTemplate\":\"https:\/\/psol50.org.br\/?s={search_term_string}\"},\"query-input\":{\"@type\":\"PropertyValueSpecification\",\"valueRequired\":true,\"valueName\":\"search_term_string\"}}],\"inLanguage\":\"pt-BR\"},{\"@type\":\"Organization\",\"@id\":\"https:\/\/psol50.org.br\/#organization\",\"name\":\"PSOL 50\",\"alternateName\":\"PSOL 50\",\"url\":\"https:\/\/psol50.org.br\/\",\"logo\":{\"@type\":\"ImageObject\",\"inLanguage\":\"pt-BR\",\"@id\":\"https:\/\/psol50.org.br\/#\/schema\/logo\/image\/\",\"url\":\"https:\/\/psol50.org.br\/inc\/uploads\/2018\/07\/capa.png\",\"contentUrl\":\"https:\/\/psol50.org.br\/inc\/uploads\/2018\/07\/capa.png\",\"width\":1350,\"height\":900,\"caption\":\"PSOL 50\"},\"image\":{\"@id\":\"https:\/\/psol50.org.br\/#\/schema\/logo\/image\/\"},\"sameAs\":[\"https:\/\/www.facebook.com\/psol50\",\"https:\/\/x.com\/psol50\",\"https:\/\/www.instagram.com\/psol50\/\",\"https:\/\/www.youtube.com\/channel\/UC7SnJS5o1os7a6CaiNabzcg\"]},{\"@type\":\"Person\",\"@id\":\"https:\/\/psol50.org.br\/#\/schema\/person\/475dfa57d0b815993c714c2e96491fcd\",\"name\":\"Comunica\u00e7\u00e3o PSOL\",\"image\":{\"@type\":\"ImageObject\",\"inLanguage\":\"pt-BR\",\"@id\":\"https:\/\/psol50.org.br\/#\/schema\/person\/image\/\",\"url\":\"https:\/\/secure.gravatar.com\/avatar\/b34fc4f4e468a4e51785917065a3db57b841f5c95dba6ad8c73aaf8f66f8f9bf?s=96&d=mm&r=g\",\"contentUrl\":\"https:\/\/secure.gravatar.com\/avatar\/b34fc4f4e468a4e51785917065a3db57b841f5c95dba6ad8c73aaf8f66f8f9bf?s=96&d=mm&r=g\",\"caption\":\"Comunica\u00e7\u00e3o PSOL\"}}]}<\/script>\n<!-- \/ Yoast SEO plugin. -->","yoast_head_json":{"title":"Nota de solidariedade de rep\u00fadio do PSOL \u00e0 brutal repress\u00e3o na C\u00e2mara Municipal de Porto Alegre (RS)","description":"Defender o direito \u00e0 moradia, \u00e0 dignidade e \u00e0 organiza\u00e7\u00e3o social n\u00e3o \u00e9 crime \u2014 crime \u00e9 governar contra o povo.","robots":{"index":"index","follow":"follow","max-snippet":"max-snippet:-1","max-image-preview":"max-image-preview:large","max-video-preview":"max-video-preview:-1"},"canonical":"https:\/\/psol50.org.br\/nota-de-solidariedade-de-repudio-do-psol-a-brutal-repressao-na-camara-municipal-de-porto-alegre-rs\/","og_locale":"pt_BR","og_type":"article","og_title":"Nota de solidariedade de rep\u00fadio do PSOL \u00e0 brutal repress\u00e3o na C\u00e2mara Municipal de Porto Alegre (RS)","og_description":"Defender o direito \u00e0 moradia, \u00e0 dignidade e \u00e0 organiza\u00e7\u00e3o social n\u00e3o \u00e9 crime \u2014 crime \u00e9 governar contra o povo.","og_url":"https:\/\/psol50.org.br\/nota-de-solidariedade-de-repudio-do-psol-a-brutal-repressao-na-camara-municipal-de-porto-alegre-rs\/","og_site_name":"PSOL 50","article_publisher":"https:\/\/www.facebook.com\/psol50","article_published_time":"2025-10-17T18:28:59+00:00","article_modified_time":"2025-10-28T18:39:02+00:00","og_image":[{"width":1024,"height":764,"url":"https:\/\/psol50.org.br\/inc\/uploads\/2025\/10\/Captura-de-Tela-2025-10-17-as-15.27.40-1024x764.png","type":"image\/png"}],"author":"Comunica\u00e7\u00e3o PSOL","twitter_card":"summary_large_image","twitter_creator":"@psol50","twitter_site":"@psol50","twitter_misc":{"Escrito por":"Comunica\u00e7\u00e3o PSOL","Est. tempo de leitura":"2 minutos"},"schema":{"@context":"https:\/\/schema.org","@graph":[{"@type":"Article","@id":"https:\/\/psol50.org.br\/nota-de-solidariedade-de-repudio-do-psol-a-brutal-repressao-na-camara-municipal-de-porto-alegre-rs\/#article","isPartOf":{"@id":"https:\/\/psol50.org.br\/nota-de-solidariedade-de-repudio-do-psol-a-brutal-repressao-na-camara-municipal-de-porto-alegre-rs\/"},"author":{"name":"Comunica\u00e7\u00e3o PSOL","@id":"https:\/\/psol50.org.br\/#\/schema\/person\/475dfa57d0b815993c714c2e96491fcd"},"headline":"Nota de solidariedade de rep\u00fadio do PSOL \u00e0 brutal repress\u00e3o na C\u00e2mara Municipal de Porto Alegre (RS)","datePublished":"2025-10-17T18:28:59+00:00","dateModified":"2025-10-28T18:39:02+00:00","mainEntityOfPage":{"@id":"https:\/\/psol50.org.br\/nota-de-solidariedade-de-repudio-do-psol-a-brutal-repressao-na-camara-municipal-de-porto-alegre-rs\/"},"wordCount":341,"publisher":{"@id":"https:\/\/psol50.org.br\/#organization"},"image":{"@id":"https:\/\/psol50.org.br\/nota-de-solidariedade-de-repudio-do-psol-a-brutal-repressao-na-camara-municipal-de-porto-alegre-rs\/#primaryimage"},"thumbnailUrl":"https:\/\/psol50.org.br\/inc\/uploads\/2025\/10\/Captura-de-Tela-2025-10-17-as-15.27.40.png","keywords":["Not\u00edcias"],"articleSection":["Estados","Notas"],"inLanguage":"pt-BR"},{"@type":"WebPage","@id":"https:\/\/psol50.org.br\/nota-de-solidariedade-de-repudio-do-psol-a-brutal-repressao-na-camara-municipal-de-porto-alegre-rs\/","url":"https:\/\/psol50.org.br\/nota-de-solidariedade-de-repudio-do-psol-a-brutal-repressao-na-camara-municipal-de-porto-alegre-rs\/","name":"Nota de solidariedade de rep\u00fadio do PSOL \u00e0 brutal repress\u00e3o na C\u00e2mara Municipal de Porto Alegre (RS)","isPartOf":{"@id":"https:\/\/psol50.org.br\/#website"},"primaryImageOfPage":{"@id":"https:\/\/psol50.org.br\/nota-de-solidariedade-de-repudio-do-psol-a-brutal-repressao-na-camara-municipal-de-porto-alegre-rs\/#primaryimage"},"image":{"@id":"https:\/\/psol50.org.br\/nota-de-solidariedade-de-repudio-do-psol-a-brutal-repressao-na-camara-municipal-de-porto-alegre-rs\/#primaryimage"},"thumbnailUrl":"https:\/\/psol50.org.br\/inc\/uploads\/2025\/10\/Captura-de-Tela-2025-10-17-as-15.27.40.png","datePublished":"2025-10-17T18:28:59+00:00","dateModified":"2025-10-28T18:39:02+00:00","description":"Defender o direito \u00e0 moradia, \u00e0 dignidade e \u00e0 organiza\u00e7\u00e3o social n\u00e3o \u00e9 crime \u2014 crime \u00e9 governar contra o povo.","breadcrumb":{"@id":"https:\/\/psol50.org.br\/nota-de-solidariedade-de-repudio-do-psol-a-brutal-repressao-na-camara-municipal-de-porto-alegre-rs\/#breadcrumb"},"inLanguage":"pt-BR","potentialAction":[{"@type":"ReadAction","target":["https:\/\/psol50.org.br\/nota-de-solidariedade-de-repudio-do-psol-a-brutal-repressao-na-camara-municipal-de-porto-alegre-rs\/"]}]},{"@type":"ImageObject","inLanguage":"pt-BR","@id":"https:\/\/psol50.org.br\/nota-de-solidariedade-de-repudio-do-psol-a-brutal-repressao-na-camara-municipal-de-porto-alegre-rs\/#primaryimage","url":"https:\/\/psol50.org.br\/inc\/uploads\/2025\/10\/Captura-de-Tela-2025-10-17-as-15.27.40.png","contentUrl":"https:\/\/psol50.org.br\/inc\/uploads\/2025\/10\/Captura-de-Tela-2025-10-17-as-15.27.40.png","width":1526,"height":1138,"caption":"Foto: Elson Semp\u00e9 Pedroso\/ CMPA"},{"@type":"BreadcrumbList","@id":"https:\/\/psol50.org.br\/nota-de-solidariedade-de-repudio-do-psol-a-brutal-repressao-na-camara-municipal-de-porto-alegre-rs\/#breadcrumb","itemListElement":[{"@type":"ListItem","position":1,"name":"In\u00edcio","item":"https:\/\/psol50.org.br\/"},{"@type":"ListItem","position":2,"name":"Nota de solidariedade de rep\u00fadio do PSOL \u00e0 brutal repress\u00e3o na C\u00e2mara Municipal de Porto Alegre (RS)"}]},{"@type":"WebSite","@id":"https:\/\/psol50.org.br\/#website","url":"https:\/\/psol50.org.br\/","name":"PSOL 50","description":"Site oficial do Partido Socialismo e Liberdade","publisher":{"@id":"https:\/\/psol50.org.br\/#organization"},"alternateName":"PSOL50","potentialAction":[{"@type":"SearchAction","target":{"@type":"EntryPoint","urlTemplate":"https:\/\/psol50.org.br\/?s={search_term_string}"},"query-input":{"@type":"PropertyValueSpecification","valueRequired":true,"valueName":"search_term_string"}}],"inLanguage":"pt-BR"},{"@type":"Organization","@id":"https:\/\/psol50.org.br\/#organization","name":"PSOL 50","alternateName":"PSOL 50","url":"https:\/\/psol50.org.br\/","logo":{"@type":"ImageObject","inLanguage":"pt-BR","@id":"https:\/\/psol50.org.br\/#\/schema\/logo\/image\/","url":"https:\/\/psol50.org.br\/inc\/uploads\/2018\/07\/capa.png","contentUrl":"https:\/\/psol50.org.br\/inc\/uploads\/2018\/07\/capa.png","width":1350,"height":900,"caption":"PSOL 50"},"image":{"@id":"https:\/\/psol50.org.br\/#\/schema\/logo\/image\/"},"sameAs":["https:\/\/www.facebook.com\/psol50","https:\/\/x.com\/psol50","https:\/\/www.instagram.com\/psol50\/","https:\/\/www.youtube.com\/channel\/UC7SnJS5o1os7a6CaiNabzcg"]},{"@type":"Person","@id":"https:\/\/psol50.org.br\/#\/schema\/person\/475dfa57d0b815993c714c2e96491fcd","name":"Comunica\u00e7\u00e3o PSOL","image":{"@type":"ImageObject","inLanguage":"pt-BR","@id":"https:\/\/psol50.org.br\/#\/schema\/person\/image\/","url":"https:\/\/secure.gravatar.com\/avatar\/b34fc4f4e468a4e51785917065a3db57b841f5c95dba6ad8c73aaf8f66f8f9bf?s=96&d=mm&r=g","contentUrl":"https:\/\/secure.gravatar.com\/avatar\/b34fc4f4e468a4e51785917065a3db57b841f5c95dba6ad8c73aaf8f66f8f9bf?s=96&d=mm&r=g","caption":"Comunica\u00e7\u00e3o PSOL"}}]}},"_links":{"self":[{"href":"https:\/\/psol50.org.br\/rest\/wp\/v2\/posts\/41862","targetHints":{"allow":["GET"]}}],"collection":[{"href":"https:\/\/psol50.org.br\/rest\/wp\/v2\/posts"}],"about":[{"href":"https:\/\/psol50.org.br\/rest\/wp\/v2\/types\/post"}],"author":[{"embeddable":true,"href":"https:\/\/psol50.org.br\/rest\/wp\/v2\/users\/2"}],"replies":[{"embeddable":true,"href":"https:\/\/psol50.org.br\/rest\/wp\/v2\/comments?post=41862"}],"version-history":[{"count":2,"href":"https:\/\/psol50.org.br\/rest\/wp\/v2\/posts\/41862\/revisions"}],"predecessor-version":[{"id":41864,"href":"https:\/\/psol50.org.br\/rest\/wp\/v2\/posts\/41862\/revisions\/41864"}],"wp:featuredmedia":[{"embeddable":true,"href":"https:\/\/psol50.org.br\/rest\/wp\/v2\/media\/41865"}],"wp:attachment":[{"href":"https:\/\/psol50.org.br\/rest\/wp\/v2\/media?parent=41862"}],"wp:term":[{"taxonomy":"category","embeddable":true,"href":"https:\/\/psol50.org.br\/rest\/wp\/v2\/categories?post=41862"},{"taxonomy":"post_tag","embeddable":true,"href":"https:\/\/psol50.org.br\/rest\/wp\/v2\/tags?post=41862"}],"curies":[{"name":"wp","href":"https:\/\/api.w.org\/{rel}","templated":true}]}}