{"id":41894,"date":"2025-10-29T12:59:37","date_gmt":"2025-10-29T15:59:37","guid":{"rendered":"https:\/\/psol50.org.br\/?p=41894"},"modified":"2025-11-06T15:11:00","modified_gmt":"2025-11-06T18:11:00","slug":"guilherme-boulos-toma-posse-como-ministro-da-secretaria-geral-da-presidencia-do-governo-lula","status":"publish","type":"post","link":"https:\/\/psol50.org.br\/guilherme-boulos-toma-posse-como-ministro-da-secretaria-geral-da-presidencia-do-governo-lula\/","title":{"rendered":"Guilherme Boulos toma posse como ministro da Secretaria-Geral da Presid\u00eancia do governo Lula"},"content":{"rendered":"<p>Uma cerim\u00f4nia hist\u00f3rica acontece nesta quarta-feira (29), a partir das 16h em Bras\u00edlia, para Guilherme Boulos (PSOL) tomar posse como ministro na Secretaria-Geral da Presid\u00eancia do governo Lula.<\/p>\n<p>Estar\u00e3o presentes diversos movimentos sociais e organiza\u00e7\u00f5es da sociedade civil de todas as partes do Brasil, parlamentares e integrantes do governo federal. Boulos assume o minist\u00e9rio com a tarefa de garantir a interlocu\u00e7\u00e3o e aproximar cada vez mais movimentos sociais, organiza\u00e7\u00f5es e ativistas da tomada de decis\u00f5es do governo Lula.<\/p>\n<p>Entre as principais tarefas est\u00e3o a articula\u00e7\u00e3o para a aprova\u00e7\u00e3o da PEC do Fim da Escala 6&#215;1 no Congresso Nacional, que reorganize as jornadas de trabalho formal no pa\u00eds, assim como a garantia de direitos para os trabalhadores por aplicativo e outros milh\u00f5es de trabalhadores informais.<\/p>\n<p>A nomea\u00e7\u00e3o \u00e9 um reconhecimento do papel central que Guilherme Boulos, assim como todo o PSOL, teve na organiza\u00e7\u00e3o dos massivos protestos contra a PEC da Blindagem e o PL da Anistia, que levaram centenas de milhares de pessoas \u00e0s ruas do Brasil.<\/p>\n<p data-prosemirror-content-type=\"node\" data-prosemirror-node-name=\"paragraph\" data-prosemirror-node-block=\"true\" data-pm-slice=\"1 1 []\">&#8220;Boulos \u00e9 um militante pol\u00edtico, l\u00edder de um movimento social muito relevante, que sempre apostou na mobiliza\u00e7\u00e3o popular como instrumento de transforma\u00e7\u00e3o social. Sua entrada no minist\u00e9rio ir\u00e1 contribuir para organizar novas mobiliza\u00e7\u00f5es sociais a favor da agenda do governo Lula e contra as ofensivas da extrema-direita e do Centr\u00e3o&#8221;, disse a presidenta nacional do PSOL, Paula Coradi, que acompanha nesta quarta em Bras\u00edlia a posse do ministro.<\/p>\n","protected":false},"excerpt":{"rendered":"<p>Uma cerim\u00f4nia hist\u00f3rica acontece nesta quarta-feira (29), a partir das 16h em Bras\u00edlia, para Guilherme Boulos (PSOL) tomar posse como ministro na Secretaria-Geral da Presid\u00eancia do governo Lula. Estar\u00e3o presentes diversos movimentos sociais e organiza\u00e7\u00f5es da sociedade civil de todas as partes do Brasil, parlamentares e integrantes do governo federal. Boulos assume o minist\u00e9rio com [&hellip;]<\/p>\n","protected":false},"author":2,"featured_media":41897,"comment_status":"closed","ping_status":"open","sticky":false,"template":"","format":"standard","meta":{"_acf_changed":false,"footnotes":""},"categories":[1882],"tags":[4825],"class_list":{"0":"post-41894","1":"post","2":"type-post","3":"status-publish","4":"format-standard","5":"has-post-thumbnail","7":"category-brasil","8":"tag-noticias"},"acf":[],"yoast_head":"<!-- This site is optimized with the Yoast SEO plugin v26.5 - https:\/\/yoast.com\/wordpress\/plugins\/seo\/ -->\n<title>Guilherme Boulos toma posse como ministro da Secretaria-Geral da Presid\u00eancia do governo Lula<\/title>\n<meta name=\"description\" content=\"Cerim\u00f4nia acontece nessa quarta-feira (29) em Bras\u00edlia e conta com a presen\u00e7a de diversos movimentos sociais e militantes do PSOL.\" \/>\n<meta name=\"robots\" content=\"index, follow, max-snippet:-1, max-image-preview:large, max-video-preview:-1\" \/>\n<link rel=\"canonical\" href=\"https:\/\/psol50.org.br\/guilherme-boulos-toma-posse-como-ministro-da-secretaria-geral-da-presidencia-do-governo-lula\/\" \/>\n<meta property=\"og:locale\" content=\"pt_BR\" \/>\n<meta property=\"og:type\" content=\"article\" \/>\n<meta property=\"og:title\" content=\"Guilherme Boulos toma posse como ministro da Secretaria-Geral da Presid\u00eancia do governo Lula\" \/>\n<meta property=\"og:description\" content=\"Cerim\u00f4nia acontece nessa quarta-feira (29) em Bras\u00edlia e conta com a presen\u00e7a de diversos movimentos sociais e militantes do PSOL.\" \/>\n<meta property=\"og:url\" content=\"https:\/\/psol50.org.br\/guilherme-boulos-toma-posse-como-ministro-da-secretaria-geral-da-presidencia-do-governo-lula\/\" \/>\n<meta property=\"og:site_name\" content=\"PSOL 50\" \/>\n<meta property=\"article:publisher\" content=\"https:\/\/www.facebook.com\/psol50\" \/>\n<meta property=\"article:published_time\" content=\"2025-10-29T15:59:37+00:00\" \/>\n<meta property=\"article:modified_time\" content=\"2025-11-06T18:11:00+00:00\" \/>\n<meta property=\"og:image\" content=\"https:\/\/psol50.org.br\/inc\/uploads\/2025\/10\/54094835226_101382f50a_o-scaled.jpg\" \/>\n\t<meta property=\"og:image:width\" content=\"2560\" \/>\n\t<meta property=\"og:image:height\" content=\"1440\" \/>\n\t<meta property=\"og:image:type\" content=\"image\/jpeg\" \/>\n<meta name=\"author\" content=\"Comunica\u00e7\u00e3o PSOL\" \/>\n<meta name=\"twitter:card\" content=\"summary_large_image\" \/>\n<meta name=\"twitter:creator\" content=\"@psol50\" \/>\n<meta name=\"twitter:site\" content=\"@psol50\" \/>\n<meta name=\"twitter:label1\" content=\"Escrito por\" \/>\n\t<meta name=\"twitter:data1\" content=\"Comunica\u00e7\u00e3o PSOL\" \/>\n\t<meta name=\"twitter:label2\" content=\"Est. tempo de leitura\" \/>\n\t<meta name=\"twitter:data2\" content=\"1 minuto\" \/>\n<script type=\"application\/ld+json\" class=\"yoast-schema-graph\">{\"@context\":\"https:\/\/schema.org\",\"@graph\":[{\"@type\":\"Article\",\"@id\":\"https:\/\/psol50.org.br\/guilherme-boulos-toma-posse-como-ministro-da-secretaria-geral-da-presidencia-do-governo-lula\/#article\",\"isPartOf\":{\"@id\":\"https:\/\/psol50.org.br\/guilherme-boulos-toma-posse-como-ministro-da-secretaria-geral-da-presidencia-do-governo-lula\/\"},\"author\":{\"name\":\"Comunica\u00e7\u00e3o PSOL\",\"@id\":\"https:\/\/psol50.org.br\/#\/schema\/person\/475dfa57d0b815993c714c2e96491fcd\"},\"headline\":\"Guilherme Boulos toma posse como ministro da Secretaria-Geral da Presid\u00eancia do governo Lula\",\"datePublished\":\"2025-10-29T15:59:37+00:00\",\"dateModified\":\"2025-11-06T18:11:00+00:00\",\"mainEntityOfPage\":{\"@id\":\"https:\/\/psol50.org.br\/guilherme-boulos-toma-posse-como-ministro-da-secretaria-geral-da-presidencia-do-governo-lula\/\"},\"wordCount\":271,\"publisher\":{\"@id\":\"https:\/\/psol50.org.br\/#organization\"},\"image\":{\"@id\":\"https:\/\/psol50.org.br\/guilherme-boulos-toma-posse-como-ministro-da-secretaria-geral-da-presidencia-do-governo-lula\/#primaryimage\"},\"thumbnailUrl\":\"https:\/\/psol50.org.br\/inc\/uploads\/2025\/10\/54094835226_101382f50a_o-scaled.jpg\",\"keywords\":[\"Not\u00edcias\"],\"articleSection\":[\"Brasil\"],\"inLanguage\":\"pt-BR\"},{\"@type\":\"WebPage\",\"@id\":\"https:\/\/psol50.org.br\/guilherme-boulos-toma-posse-como-ministro-da-secretaria-geral-da-presidencia-do-governo-lula\/\",\"url\":\"https:\/\/psol50.org.br\/guilherme-boulos-toma-posse-como-ministro-da-secretaria-geral-da-presidencia-do-governo-lula\/\",\"name\":\"Guilherme Boulos toma posse como ministro da Secretaria-Geral da Presid\u00eancia do governo Lula\",\"isPartOf\":{\"@id\":\"https:\/\/psol50.org.br\/#website\"},\"primaryImageOfPage\":{\"@id\":\"https:\/\/psol50.org.br\/guilherme-boulos-toma-posse-como-ministro-da-secretaria-geral-da-presidencia-do-governo-lula\/#primaryimage\"},\"image\":{\"@id\":\"https:\/\/psol50.org.br\/guilherme-boulos-toma-posse-como-ministro-da-secretaria-geral-da-presidencia-do-governo-lula\/#primaryimage\"},\"thumbnailUrl\":\"https:\/\/psol50.org.br\/inc\/uploads\/2025\/10\/54094835226_101382f50a_o-scaled.jpg\",\"datePublished\":\"2025-10-29T15:59:37+00:00\",\"dateModified\":\"2025-11-06T18:11:00+00:00\",\"description\":\"Cerim\u00f4nia acontece nessa quarta-feira (29) em Bras\u00edlia e conta com a presen\u00e7a de diversos movimentos sociais e militantes do PSOL.\",\"breadcrumb\":{\"@id\":\"https:\/\/psol50.org.br\/guilherme-boulos-toma-posse-como-ministro-da-secretaria-geral-da-presidencia-do-governo-lula\/#breadcrumb\"},\"inLanguage\":\"pt-BR\",\"potentialAction\":[{\"@type\":\"ReadAction\",\"target\":[\"https:\/\/psol50.org.br\/guilherme-boulos-toma-posse-como-ministro-da-secretaria-geral-da-presidencia-do-governo-lula\/\"]}]},{\"@type\":\"ImageObject\",\"inLanguage\":\"pt-BR\",\"@id\":\"https:\/\/psol50.org.br\/guilherme-boulos-toma-posse-como-ministro-da-secretaria-geral-da-presidencia-do-governo-lula\/#primaryimage\",\"url\":\"https:\/\/psol50.org.br\/inc\/uploads\/2025\/10\/54094835226_101382f50a_o-scaled.jpg\",\"contentUrl\":\"https:\/\/psol50.org.br\/inc\/uploads\/2025\/10\/54094835226_101382f50a_o-scaled.jpg\",\"width\":2560,\"height\":1440,\"caption\":\"Foto: Leandro Paiva\"},{\"@type\":\"BreadcrumbList\",\"@id\":\"https:\/\/psol50.org.br\/guilherme-boulos-toma-posse-como-ministro-da-secretaria-geral-da-presidencia-do-governo-lula\/#breadcrumb\",\"itemListElement\":[{\"@type\":\"ListItem\",\"position\":1,\"name\":\"In\u00edcio\",\"item\":\"https:\/\/psol50.org.br\/\"},{\"@type\":\"ListItem\",\"position\":2,\"name\":\"Guilherme Boulos toma posse como ministro da Secretaria-Geral da Presid\u00eancia do governo Lula\"}]},{\"@type\":\"WebSite\",\"@id\":\"https:\/\/psol50.org.br\/#website\",\"url\":\"https:\/\/psol50.org.br\/\",\"name\":\"PSOL 50\",\"description\":\"Site oficial do Partido Socialismo e Liberdade\",\"publisher\":{\"@id\":\"https:\/\/psol50.org.br\/#organization\"},\"alternateName\":\"PSOL50\",\"potentialAction\":[{\"@type\":\"SearchAction\",\"target\":{\"@type\":\"EntryPoint\",\"urlTemplate\":\"https:\/\/psol50.org.br\/?s={search_term_string}\"},\"query-input\":{\"@type\":\"PropertyValueSpecification\",\"valueRequired\":true,\"valueName\":\"search_term_string\"}}],\"inLanguage\":\"pt-BR\"},{\"@type\":\"Organization\",\"@id\":\"https:\/\/psol50.org.br\/#organization\",\"name\":\"PSOL 50\",\"alternateName\":\"PSOL 50\",\"url\":\"https:\/\/psol50.org.br\/\",\"logo\":{\"@type\":\"ImageObject\",\"inLanguage\":\"pt-BR\",\"@id\":\"https:\/\/psol50.org.br\/#\/schema\/logo\/image\/\",\"url\":\"https:\/\/psol50.org.br\/inc\/uploads\/2018\/07\/capa.png\",\"contentUrl\":\"https:\/\/psol50.org.br\/inc\/uploads\/2018\/07\/capa.png\",\"width\":1350,\"height\":900,\"caption\":\"PSOL 50\"},\"image\":{\"@id\":\"https:\/\/psol50.org.br\/#\/schema\/logo\/image\/\"},\"sameAs\":[\"https:\/\/www.facebook.com\/psol50\",\"https:\/\/x.com\/psol50\",\"https:\/\/www.instagram.com\/psol50\/\",\"https:\/\/www.youtube.com\/channel\/UC7SnJS5o1os7a6CaiNabzcg\"]},{\"@type\":\"Person\",\"@id\":\"https:\/\/psol50.org.br\/#\/schema\/person\/475dfa57d0b815993c714c2e96491fcd\",\"name\":\"Comunica\u00e7\u00e3o PSOL\",\"image\":{\"@type\":\"ImageObject\",\"inLanguage\":\"pt-BR\",\"@id\":\"https:\/\/psol50.org.br\/#\/schema\/person\/image\/\",\"url\":\"https:\/\/secure.gravatar.com\/avatar\/b34fc4f4e468a4e51785917065a3db57b841f5c95dba6ad8c73aaf8f66f8f9bf?s=96&d=mm&r=g\",\"contentUrl\":\"https:\/\/secure.gravatar.com\/avatar\/b34fc4f4e468a4e51785917065a3db57b841f5c95dba6ad8c73aaf8f66f8f9bf?s=96&d=mm&r=g\",\"caption\":\"Comunica\u00e7\u00e3o PSOL\"}}]}<\/script>\n<!-- \/ Yoast SEO plugin. -->","yoast_head_json":{"title":"Guilherme Boulos toma posse como ministro da Secretaria-Geral da Presid\u00eancia do governo Lula","description":"Cerim\u00f4nia acontece nessa quarta-feira (29) em Bras\u00edlia e conta com a presen\u00e7a de diversos movimentos sociais e militantes do PSOL.","robots":{"index":"index","follow":"follow","max-snippet":"max-snippet:-1","max-image-preview":"max-image-preview:large","max-video-preview":"max-video-preview:-1"},"canonical":"https:\/\/psol50.org.br\/guilherme-boulos-toma-posse-como-ministro-da-secretaria-geral-da-presidencia-do-governo-lula\/","og_locale":"pt_BR","og_type":"article","og_title":"Guilherme Boulos toma posse como ministro da Secretaria-Geral da Presid\u00eancia do governo Lula","og_description":"Cerim\u00f4nia acontece nessa quarta-feira (29) em Bras\u00edlia e conta com a presen\u00e7a de diversos movimentos sociais e militantes do PSOL.","og_url":"https:\/\/psol50.org.br\/guilherme-boulos-toma-posse-como-ministro-da-secretaria-geral-da-presidencia-do-governo-lula\/","og_site_name":"PSOL 50","article_publisher":"https:\/\/www.facebook.com\/psol50","article_published_time":"2025-10-29T15:59:37+00:00","article_modified_time":"2025-11-06T18:11:00+00:00","og_image":[{"width":2560,"height":1440,"url":"https:\/\/psol50.org.br\/inc\/uploads\/2025\/10\/54094835226_101382f50a_o-scaled.jpg","type":"image\/jpeg"}],"author":"Comunica\u00e7\u00e3o PSOL","twitter_card":"summary_large_image","twitter_creator":"@psol50","twitter_site":"@psol50","twitter_misc":{"Escrito por":"Comunica\u00e7\u00e3o PSOL","Est. tempo de leitura":"1 minuto"},"schema":{"@context":"https:\/\/schema.org","@graph":[{"@type":"Article","@id":"https:\/\/psol50.org.br\/guilherme-boulos-toma-posse-como-ministro-da-secretaria-geral-da-presidencia-do-governo-lula\/#article","isPartOf":{"@id":"https:\/\/psol50.org.br\/guilherme-boulos-toma-posse-como-ministro-da-secretaria-geral-da-presidencia-do-governo-lula\/"},"author":{"name":"Comunica\u00e7\u00e3o PSOL","@id":"https:\/\/psol50.org.br\/#\/schema\/person\/475dfa57d0b815993c714c2e96491fcd"},"headline":"Guilherme Boulos toma posse como ministro da Secretaria-Geral da Presid\u00eancia do governo Lula","datePublished":"2025-10-29T15:59:37+00:00","dateModified":"2025-11-06T18:11:00+00:00","mainEntityOfPage":{"@id":"https:\/\/psol50.org.br\/guilherme-boulos-toma-posse-como-ministro-da-secretaria-geral-da-presidencia-do-governo-lula\/"},"wordCount":271,"publisher":{"@id":"https:\/\/psol50.org.br\/#organization"},"image":{"@id":"https:\/\/psol50.org.br\/guilherme-boulos-toma-posse-como-ministro-da-secretaria-geral-da-presidencia-do-governo-lula\/#primaryimage"},"thumbnailUrl":"https:\/\/psol50.org.br\/inc\/uploads\/2025\/10\/54094835226_101382f50a_o-scaled.jpg","keywords":["Not\u00edcias"],"articleSection":["Brasil"],"inLanguage":"pt-BR"},{"@type":"WebPage","@id":"https:\/\/psol50.org.br\/guilherme-boulos-toma-posse-como-ministro-da-secretaria-geral-da-presidencia-do-governo-lula\/","url":"https:\/\/psol50.org.br\/guilherme-boulos-toma-posse-como-ministro-da-secretaria-geral-da-presidencia-do-governo-lula\/","name":"Guilherme Boulos toma posse como ministro da Secretaria-Geral da Presid\u00eancia do governo Lula","isPartOf":{"@id":"https:\/\/psol50.org.br\/#website"},"primaryImageOfPage":{"@id":"https:\/\/psol50.org.br\/guilherme-boulos-toma-posse-como-ministro-da-secretaria-geral-da-presidencia-do-governo-lula\/#primaryimage"},"image":{"@id":"https:\/\/psol50.org.br\/guilherme-boulos-toma-posse-como-ministro-da-secretaria-geral-da-presidencia-do-governo-lula\/#primaryimage"},"thumbnailUrl":"https:\/\/psol50.org.br\/inc\/uploads\/2025\/10\/54094835226_101382f50a_o-scaled.jpg","datePublished":"2025-10-29T15:59:37+00:00","dateModified":"2025-11-06T18:11:00+00:00","description":"Cerim\u00f4nia acontece nessa quarta-feira (29) em Bras\u00edlia e conta com a presen\u00e7a de diversos movimentos sociais e militantes do PSOL.","breadcrumb":{"@id":"https:\/\/psol50.org.br\/guilherme-boulos-toma-posse-como-ministro-da-secretaria-geral-da-presidencia-do-governo-lula\/#breadcrumb"},"inLanguage":"pt-BR","potentialAction":[{"@type":"ReadAction","target":["https:\/\/psol50.org.br\/guilherme-boulos-toma-posse-como-ministro-da-secretaria-geral-da-presidencia-do-governo-lula\/"]}]},{"@type":"ImageObject","inLanguage":"pt-BR","@id":"https:\/\/psol50.org.br\/guilherme-boulos-toma-posse-como-ministro-da-secretaria-geral-da-presidencia-do-governo-lula\/#primaryimage","url":"https:\/\/psol50.org.br\/inc\/uploads\/2025\/10\/54094835226_101382f50a_o-scaled.jpg","contentUrl":"https:\/\/psol50.org.br\/inc\/uploads\/2025\/10\/54094835226_101382f50a_o-scaled.jpg","width":2560,"height":1440,"caption":"Foto: Leandro Paiva"},{"@type":"BreadcrumbList","@id":"https:\/\/psol50.org.br\/guilherme-boulos-toma-posse-como-ministro-da-secretaria-geral-da-presidencia-do-governo-lula\/#breadcrumb","itemListElement":[{"@type":"ListItem","position":1,"name":"In\u00edcio","item":"https:\/\/psol50.org.br\/"},{"@type":"ListItem","position":2,"name":"Guilherme Boulos toma posse como ministro da Secretaria-Geral da Presid\u00eancia do governo Lula"}]},{"@type":"WebSite","@id":"https:\/\/psol50.org.br\/#website","url":"https:\/\/psol50.org.br\/","name":"PSOL 50","description":"Site oficial do Partido Socialismo e Liberdade","publisher":{"@id":"https:\/\/psol50.org.br\/#organization"},"alternateName":"PSOL50","potentialAction":[{"@type":"SearchAction","target":{"@type":"EntryPoint","urlTemplate":"https:\/\/psol50.org.br\/?s={search_term_string}"},"query-input":{"@type":"PropertyValueSpecification","valueRequired":true,"valueName":"search_term_string"}}],"inLanguage":"pt-BR"},{"@type":"Organization","@id":"https:\/\/psol50.org.br\/#organization","name":"PSOL 50","alternateName":"PSOL 50","url":"https:\/\/psol50.org.br\/","logo":{"@type":"ImageObject","inLanguage":"pt-BR","@id":"https:\/\/psol50.org.br\/#\/schema\/logo\/image\/","url":"https:\/\/psol50.org.br\/inc\/uploads\/2018\/07\/capa.png","contentUrl":"https:\/\/psol50.org.br\/inc\/uploads\/2018\/07\/capa.png","width":1350,"height":900,"caption":"PSOL 50"},"image":{"@id":"https:\/\/psol50.org.br\/#\/schema\/logo\/image\/"},"sameAs":["https:\/\/www.facebook.com\/psol50","https:\/\/x.com\/psol50","https:\/\/www.instagram.com\/psol50\/","https:\/\/www.youtube.com\/channel\/UC7SnJS5o1os7a6CaiNabzcg"]},{"@type":"Person","@id":"https:\/\/psol50.org.br\/#\/schema\/person\/475dfa57d0b815993c714c2e96491fcd","name":"Comunica\u00e7\u00e3o PSOL","image":{"@type":"ImageObject","inLanguage":"pt-BR","@id":"https:\/\/psol50.org.br\/#\/schema\/person\/image\/","url":"https:\/\/secure.gravatar.com\/avatar\/b34fc4f4e468a4e51785917065a3db57b841f5c95dba6ad8c73aaf8f66f8f9bf?s=96&d=mm&r=g","contentUrl":"https:\/\/secure.gravatar.com\/avatar\/b34fc4f4e468a4e51785917065a3db57b841f5c95dba6ad8c73aaf8f66f8f9bf?s=96&d=mm&r=g","caption":"Comunica\u00e7\u00e3o PSOL"}}]}},"_links":{"self":[{"href":"https:\/\/psol50.org.br\/rest\/wp\/v2\/posts\/41894","targetHints":{"allow":["GET"]}}],"collection":[{"href":"https:\/\/psol50.org.br\/rest\/wp\/v2\/posts"}],"about":[{"href":"https:\/\/psol50.org.br\/rest\/wp\/v2\/types\/post"}],"author":[{"embeddable":true,"href":"https:\/\/psol50.org.br\/rest\/wp\/v2\/users\/2"}],"replies":[{"embeddable":true,"href":"https:\/\/psol50.org.br\/rest\/wp\/v2\/comments?post=41894"}],"version-history":[{"count":2,"href":"https:\/\/psol50.org.br\/rest\/wp\/v2\/posts\/41894\/revisions"}],"predecessor-version":[{"id":41896,"href":"https:\/\/psol50.org.br\/rest\/wp\/v2\/posts\/41894\/revisions\/41896"}],"wp:featuredmedia":[{"embeddable":true,"href":"https:\/\/psol50.org.br\/rest\/wp\/v2\/media\/41897"}],"wp:attachment":[{"href":"https:\/\/psol50.org.br\/rest\/wp\/v2\/media?parent=41894"}],"wp:term":[{"taxonomy":"category","embeddable":true,"href":"https:\/\/psol50.org.br\/rest\/wp\/v2\/categories?post=41894"},{"taxonomy":"post_tag","embeddable":true,"href":"https:\/\/psol50.org.br\/rest\/wp\/v2\/tags?post=41894"}],"curies":[{"name":"wp","href":"https:\/\/api.w.org\/{rel}","templated":true}]}}