{"id":41902,"date":"2025-10-29T18:21:57","date_gmt":"2025-10-29T21:21:57","guid":{"rendered":"https:\/\/psol50.org.br\/?p=41902"},"modified":"2025-10-29T18:22:27","modified_gmt":"2025-10-29T21:22:27","slug":"setorial-de-pessoas-com-deficiencia-do-psol-apresenta-parecer-sobre-politica-nacional-de-educacao-especial-inclusiva","status":"publish","type":"post","link":"https:\/\/psol50.org.br\/setorial-de-pessoas-com-deficiencia-do-psol-apresenta-parecer-sobre-politica-nacional-de-educacao-especial-inclusiva\/","title":{"rendered":"Setorial de Pessoas com Defici\u00eancia do PSOL apresenta parecer sobre Pol\u00edtica Nacional de Educa\u00e7\u00e3o Especial Inclusiva"},"content":{"rendered":"<p>A Setorial Nacional de Pessoas com Defici\u00eancia do PSOL apresentou um parecer sobre o Decreto n\u00ba 12.686\/2025, que institui a Pol\u00edtica Nacional de Educa\u00e7\u00e3o Especial Inclusiva (PNEEI), do governo federal. O documento tem como objetivo orientar a bancada federal do partido quanto \u00e0 posi\u00e7\u00e3o pol\u00edtica e \u00e0s a\u00e7\u00f5es parlamentares relacionadas ao tema.<\/p>\n<p>O parecer reconhece avan\u00e7os importantes no texto do decreto, especialmente ao reafirmar o direito de pessoas com defici\u00eancia \u00e0 educa\u00e7\u00e3o inclusiva, conforme a Conven\u00e7\u00e3o Internacional sobre os Direitos das Pessoas com Defici\u00eancia. O documento destaca que a nova pol\u00edtica rompe com a l\u00f3gica segregadora do antigo decreto 10.502\/2020, que incentivava a volta das escolas e classes especiais, em desacordo com a perspectiva inclusiva.<\/p>\n<p>O documento tamb\u00e9m enfatiza a import\u00e2ncia de garantir a participa\u00e7\u00e3o ativa das pessoas com defici\u00eancia e suas organiza\u00e7\u00f5es representativas na constru\u00e7\u00e3o e monitoramento da PNEEI, refor\u00e7ando que nenhuma decis\u00e3o sobre as pessoas com defici\u00eancia deve ser tomada sem um processo de escuta direta.<\/p>\n<p>Por fim, a Setorial de Pessoas com Defici\u00eancia do PSOL orienta que a bancada do partido atue no Congresso Nacional e junto ao Minist\u00e9rio da Educa\u00e7\u00e3o para assegurar que a pol\u00edtica seja efetiva, democr\u00e1tica e constru\u00edda com base no modelo social da defici\u00eancia.<\/p>\n<h2><strong>Leia na \u00edntegra:\u00a0<\/strong><\/h2>\n<p>No dia 21 de outubro de 2025, o governo federal publicou o Decreto no 12.686, que<br \/>\ninstitui a Pol\u00edtica Nacional de Educa\u00e7\u00e3o Especial Inclusiva (PNEEI). O novo marco<br \/>\nnormativo reafirma o compromisso do Estado brasileiro com a garantia do direito \u00e0<br \/>\neduca\u00e7\u00e3o sem discrimina\u00e7\u00e3o, assegurando igualdade de oportunidades para pessoas com<br \/>\ndefici\u00eancia, pessoas com transtorno do espectro autista e pessoas com altas habilidades\/superdota\u00e7\u00e3o.<\/p>\n<p>A Pol\u00edtica Nacional de Educa\u00e7\u00e3o Especial Inclusiva \u00e9 composta por 24 artigos que, em<br \/>\n\u00faltima inst\u00e2ncia, tratam de direitos humanos e consolidam um avan\u00e7o hist\u00f3rico na luta<br \/>\ncontra a segrega\u00e7\u00e3o escolar. O decreto ser\u00e1 regulamentado por portaria espec\u00edfica, que<br \/>\ndefinir\u00e1 as estruturas de governan\u00e7a, o funcionamento dos observat\u00f3rios de educa\u00e7\u00e3o<br \/>\ninclusiva e as formas de implementa\u00e7\u00e3o nos territ\u00f3rios, em articula\u00e7\u00e3o com estados,<br \/>\nmunic\u00edpios e redes de ensino.<\/p>\n<p>\u00c9 fundamental compreender que o decreto, enquanto instrumento normativo, n\u00e3o cria<br \/>\numa nova pol\u00edtica, mas organiza, reafirma e d\u00e1 for\u00e7a jur\u00eddica a princ\u00edpios e diretrizes<br \/>\nque j\u00e1 estavam previstos em legisla\u00e7\u00f5es anteriores em especial a Pol\u00edtica Nacional de<br \/>\nEduca\u00e7\u00e3o Especial na Perspectiva da Educa\u00e7\u00e3o Inclusiva (2008), a Lei Brasileira de<br \/>\nInclus\u00e3o (Lei no 13.146\/2015), a Lei no 12.764\/2012 e a Conven\u00e7\u00e3o sobre os Direitos<br \/>\ndas Pessoas com Defici\u00eancia, incorporada ao ordenamento com status constitucional<br \/>\npelo Decreto no 6.949\/2009.<\/p>\n<p>O texto n\u00e3o revoga direitos, n\u00e3o restringe o funcionamento das institui\u00e7\u00f5es<br \/>\nespecializadas e n\u00e3o imp\u00f5e o fechamento das APAES ou de centros conveniados. Pelo<br \/>\ncontr\u00e1rio, reafirma a possibilidade de que tais institui\u00e7\u00f5es atuem como parceiras na<br \/>\noferta de servi\u00e7os de Atendimento Educacional Especializado (AEE), desde que em<br \/>\narticula\u00e7\u00e3o com a escola comum e dentro da fun\u00e7\u00e3o pedag\u00f3gica, e n\u00e3o substitutiva, do<br \/>\nsistema escolar.<\/p>\n<p>Entre os principais avan\u00e7os, o decreto:<\/p>\n<p>&#8211; Reafirma o direito \u00e0 escolariza\u00e7\u00e3o na escola comum, rejeitando a exist\u00eancia de<br \/>\nsistemas paralelos e classes segregadas;<\/p>\n<p>&#8211; Valoriza o AEE como servi\u00e7o educacional e pedag\u00f3gico, reafirmando o<br \/>\nprotagonismo docente e a centralidade da escola como espa\u00e7o de aprendizagem<br \/>\ne conviv\u00eancia;<\/p>\n<p>&#8211; Define, pela primeira vez, carga hor\u00e1ria m\u00ednima de forma\u00e7\u00e3o continuada em<br \/>\nservi\u00e7o (80h) para professores de AEE e profissionais de apoio, garantindo uma base nacional de qualifica\u00e7\u00e3o;<\/p>\n<p>&#8211; Institui a Rede Nacional de Observat\u00f3rios da Educa\u00e7\u00e3o Especial Inclusiva, que<br \/>\npermitir\u00e1 o monitoramento, a avalia\u00e7\u00e3o e o aperfei\u00e7oamento cont\u00ednuo da<br \/>\npol\u00edtica, fortalecendo a transpar\u00eancia, o controle social e a participa\u00e7\u00e3o popular.<\/p>\n<p>Al\u00e9m disso, o decreto reconhece o papel articulador do professor de AEE, cuja atua\u00e7\u00e3o<br \/>\nultrapassa o espa\u00e7o da sala de recursos, integrando o trabalho pedag\u00f3gico com<br \/>\nprofessores da sala comum, fam\u00edlias e equipes intersetoriais. Reafirma tamb\u00e9m a \u00e9tica<br \/>\ndo cuidado, garantindo ao estudante com defici\u00eancia autonomia, privacidade e<br \/>\nprotagonismo sobre o cuidado que recebe, de modo coerente com o princ\u00edpio da<br \/>\ninterdepend\u00eancia humana e da dignidade da pessoa com defici\u00eancia.<\/p>\n<p>No campo da acessibilidade, o decreto fortalece a obriga\u00e7\u00e3o do Estado de investir em<br \/>\ntecnologias assistivas, sistemas de comunica\u00e7\u00e3o alternativa, adapta\u00e7\u00f5es razo\u00e1veis e<br \/>\nrecursos personalizados que assegurem o pleno acesso, participa\u00e7\u00e3o e aprendizagem de<br \/>\ncada estudante.<\/p>\n<p>\u00c9 necess\u00e1rio ressaltar que n\u00e3o h\u00e1 inova\u00e7\u00e3o que represente amea\u00e7a \u00e0 rede de institui\u00e7\u00f5es especializadas. O texto apenas reafirma que a escolariza\u00e7\u00e3o \u00e9 dever do Estado e direito<br \/>\nsubjetivo da pessoa com defici\u00eancia, devendo ocorrer na escola comum, em<br \/>\nconson\u00e2ncia com os tratados internacionais e com a legisla\u00e7\u00e3o brasileira vigente.<\/p>\n<p>Desde a sua publica\u00e7\u00e3o, setores conservadores e da extrema direita t\u00eam propagado<br \/>\nnot\u00edcias falsas sobre o conte\u00fado do decreto, alegando que ele &#8220;acaba com as APAES&#8221; ou<br \/>\n&#8220;retira direitos das fam\u00edlias&#8221;. Essas afirma\u00e7\u00f5es s\u00e3o infundadas e fazem parte de uma<br \/>\nestrat\u00e9gia pol\u00edtica que visa deslegitimar as pol\u00edticas de inclus\u00e3o e reinstaurar pr\u00e1ticas<br \/>\nsegregat\u00f3rias, que movimentam um mercado da defici\u00eancia.<\/p>\n<p>O PSOL deve compreender que o decreto \u00e9 fruto das mobiliza\u00e7\u00f5es hist\u00f3ricas do<br \/>\nMovimento de Pessoas com Defici\u00eancia, de pesquisadores e professores comprometidos<br \/>\ncom a escola p\u00fablica e inclusiva, e de fam\u00edlias e movimentos sociais que h\u00e1 d\u00e9cadas<br \/>\nlutam contra o capacitismo e a exclus\u00e3o escolar.<\/p>\n<p>Nosso campo pol\u00edtico deve reconhecer que a educa\u00e7\u00e3o inclusiva \u00e9 uma conquista<br \/>\ncivilizat\u00f3ria e um componente essencial da luta socialista por igualdade, diversidade e justi\u00e7a social. \u00c9 papel da bancada do PSOL defender publicamente o Decreto no<br \/>\n12.686\/2025, contrapondo-se \u00e0s iniciativas de setores ultraconservadores que tentam<br \/>\nsust\u00e1-lo via Projetos de Decreto Legislativo (PDLs) e reverter avan\u00e7os democr\u00e1ticos.<\/p>\n<p>Cabe \u00e0 nossa bancada atuar com clareza, unidade e di\u00e1logo com o movimento social,<br \/>\nreconhecendo a amplitude e complexidade da pauta da defici\u00eancia. O enfrentamento \u00e0s<br \/>\npol\u00edticas de retrocesso deve ser constru\u00eddo em alian\u00e7a com as pessoas com defici\u00eancia,<br \/>\nos profissionais da educa\u00e7\u00e3o, os pesquisadores e as fam\u00edlias, de forma coletiva e<br \/>\nsolid\u00e1ria.<\/p>\n<p>O Decreto no 12.686\/2025 \u00e9, portanto, um marco de fortalecimento da educa\u00e7\u00e3o p\u00fablica,<br \/>\ndemocr\u00e1tica e inclusiva, que precisa ser defendido, acompanhado e aperfei\u00e7oado com<br \/>\nparticipa\u00e7\u00e3o popular e controle social.<\/p>\n<p>Bras\u00edlia, 27 de outubro de 2025.<\/p>\n<p>Assessoria de Educa\u00e7\u00e3o e Diversidade \u2013 Partido Socialismo e Liberdade (PSOL)<\/p>\n","protected":false},"excerpt":{"rendered":"<p>A Setorial Nacional de Pessoas com Defici\u00eancia do PSOL apresentou um parecer sobre o Decreto n\u00ba 12.686\/2025, que institui a Pol\u00edtica Nacional de Educa\u00e7\u00e3o Especial Inclusiva (PNEEI), do governo federal. O documento tem como objetivo orientar a bancada federal do partido quanto \u00e0 posi\u00e7\u00e3o pol\u00edtica e \u00e0s a\u00e7\u00f5es parlamentares relacionadas ao tema. O parecer reconhece [&hellip;]<\/p>\n","protected":false},"author":2,"featured_media":24774,"comment_status":"closed","ping_status":"open","sticky":false,"template":"","format":"standard","meta":{"_acf_changed":false,"footnotes":""},"categories":[14],"tags":[4825],"class_list":{"0":"post-41902","1":"post","2":"type-post","3":"status-publish","4":"format-standard","5":"has-post-thumbnail","7":"category-partido","8":"tag-noticias"},"acf":[],"yoast_head":"<!-- This site is optimized with the Yoast SEO plugin v26.5 - https:\/\/yoast.com\/wordpress\/plugins\/seo\/ -->\n<title>Setorial de Pessoas com Defici\u00eancia do PSOL apresenta parecer sobre Pol\u00edtica Nacional de Educa\u00e7\u00e3o Especial Inclusiva - PSOL 50<\/title>\n<meta name=\"description\" content=\"Setorial de Pessoas com Defici\u00eancia do PSOL apresenta parecer sobre Pol\u00edtica Nacional de Educa\u00e7\u00e3o Especial Inclusiva. Veja.\" \/>\n<meta name=\"robots\" content=\"index, follow, max-snippet:-1, max-image-preview:large, max-video-preview:-1\" \/>\n<link rel=\"canonical\" href=\"https:\/\/psol50.org.br\/setorial-de-pessoas-com-deficiencia-do-psol-apresenta-parecer-sobre-politica-nacional-de-educacao-especial-inclusiva\/\" \/>\n<meta property=\"og:locale\" content=\"pt_BR\" \/>\n<meta property=\"og:type\" content=\"article\" \/>\n<meta property=\"og:title\" content=\"Setorial de Pessoas com Defici\u00eancia do PSOL apresenta parecer sobre Pol\u00edtica Nacional de Educa\u00e7\u00e3o Especial Inclusiva - PSOL 50\" \/>\n<meta property=\"og:description\" content=\"Setorial de Pessoas com Defici\u00eancia do PSOL apresenta parecer sobre Pol\u00edtica Nacional de Educa\u00e7\u00e3o Especial Inclusiva. Veja.\" \/>\n<meta property=\"og:url\" content=\"https:\/\/psol50.org.br\/setorial-de-pessoas-com-deficiencia-do-psol-apresenta-parecer-sobre-politica-nacional-de-educacao-especial-inclusiva\/\" \/>\n<meta property=\"og:site_name\" content=\"PSOL 50\" \/>\n<meta property=\"article:publisher\" content=\"https:\/\/www.facebook.com\/psol50\" \/>\n<meta property=\"article:published_time\" content=\"2025-10-29T21:21:57+00:00\" \/>\n<meta property=\"article:modified_time\" content=\"2025-10-29T21:22:27+00:00\" \/>\n<meta property=\"og:image\" content=\"https:\/\/psol50.org.br\/inc\/uploads\/2019\/04\/capa-546x365-2.png\" \/>\n\t<meta property=\"og:image:width\" content=\"546\" \/>\n\t<meta property=\"og:image:height\" content=\"365\" \/>\n\t<meta property=\"og:image:type\" content=\"image\/png\" \/>\n<meta name=\"author\" content=\"Comunica\u00e7\u00e3o PSOL\" \/>\n<meta name=\"twitter:card\" content=\"summary_large_image\" \/>\n<meta name=\"twitter:creator\" content=\"@psol50\" \/>\n<meta name=\"twitter:site\" content=\"@psol50\" \/>\n<meta name=\"twitter:label1\" content=\"Escrito por\" \/>\n\t<meta name=\"twitter:data1\" content=\"Comunica\u00e7\u00e3o PSOL\" \/>\n\t<meta name=\"twitter:label2\" content=\"Est. tempo de leitura\" \/>\n\t<meta name=\"twitter:data2\" content=\"6 minutos\" \/>\n<script type=\"application\/ld+json\" class=\"yoast-schema-graph\">{\"@context\":\"https:\/\/schema.org\",\"@graph\":[{\"@type\":\"Article\",\"@id\":\"https:\/\/psol50.org.br\/setorial-de-pessoas-com-deficiencia-do-psol-apresenta-parecer-sobre-politica-nacional-de-educacao-especial-inclusiva\/#article\",\"isPartOf\":{\"@id\":\"https:\/\/psol50.org.br\/setorial-de-pessoas-com-deficiencia-do-psol-apresenta-parecer-sobre-politica-nacional-de-educacao-especial-inclusiva\/\"},\"author\":{\"name\":\"Comunica\u00e7\u00e3o PSOL\",\"@id\":\"https:\/\/psol50.org.br\/#\/schema\/person\/475dfa57d0b815993c714c2e96491fcd\"},\"headline\":\"Setorial de Pessoas com Defici\u00eancia do PSOL apresenta parecer sobre Pol\u00edtica Nacional de Educa\u00e7\u00e3o Especial Inclusiva\",\"datePublished\":\"2025-10-29T21:21:57+00:00\",\"dateModified\":\"2025-10-29T21:22:27+00:00\",\"mainEntityOfPage\":{\"@id\":\"https:\/\/psol50.org.br\/setorial-de-pessoas-com-deficiencia-do-psol-apresenta-parecer-sobre-politica-nacional-de-educacao-especial-inclusiva\/\"},\"wordCount\":1153,\"publisher\":{\"@id\":\"https:\/\/psol50.org.br\/#organization\"},\"image\":{\"@id\":\"https:\/\/psol50.org.br\/setorial-de-pessoas-com-deficiencia-do-psol-apresenta-parecer-sobre-politica-nacional-de-educacao-especial-inclusiva\/#primaryimage\"},\"thumbnailUrl\":\"https:\/\/psol50.org.br\/inc\/uploads\/2019\/04\/capa-546x365-2.png\",\"keywords\":[\"Not\u00edcias\"],\"articleSection\":[\"Partido\"],\"inLanguage\":\"pt-BR\"},{\"@type\":\"WebPage\",\"@id\":\"https:\/\/psol50.org.br\/setorial-de-pessoas-com-deficiencia-do-psol-apresenta-parecer-sobre-politica-nacional-de-educacao-especial-inclusiva\/\",\"url\":\"https:\/\/psol50.org.br\/setorial-de-pessoas-com-deficiencia-do-psol-apresenta-parecer-sobre-politica-nacional-de-educacao-especial-inclusiva\/\",\"name\":\"Setorial de Pessoas com Defici\u00eancia do PSOL apresenta parecer sobre Pol\u00edtica Nacional de Educa\u00e7\u00e3o Especial Inclusiva - PSOL 50\",\"isPartOf\":{\"@id\":\"https:\/\/psol50.org.br\/#website\"},\"primaryImageOfPage\":{\"@id\":\"https:\/\/psol50.org.br\/setorial-de-pessoas-com-deficiencia-do-psol-apresenta-parecer-sobre-politica-nacional-de-educacao-especial-inclusiva\/#primaryimage\"},\"image\":{\"@id\":\"https:\/\/psol50.org.br\/setorial-de-pessoas-com-deficiencia-do-psol-apresenta-parecer-sobre-politica-nacional-de-educacao-especial-inclusiva\/#primaryimage\"},\"thumbnailUrl\":\"https:\/\/psol50.org.br\/inc\/uploads\/2019\/04\/capa-546x365-2.png\",\"datePublished\":\"2025-10-29T21:21:57+00:00\",\"dateModified\":\"2025-10-29T21:22:27+00:00\",\"description\":\"Setorial de Pessoas com Defici\u00eancia do PSOL apresenta parecer sobre Pol\u00edtica Nacional de Educa\u00e7\u00e3o Especial Inclusiva. Veja.\",\"breadcrumb\":{\"@id\":\"https:\/\/psol50.org.br\/setorial-de-pessoas-com-deficiencia-do-psol-apresenta-parecer-sobre-politica-nacional-de-educacao-especial-inclusiva\/#breadcrumb\"},\"inLanguage\":\"pt-BR\",\"potentialAction\":[{\"@type\":\"ReadAction\",\"target\":[\"https:\/\/psol50.org.br\/setorial-de-pessoas-com-deficiencia-do-psol-apresenta-parecer-sobre-politica-nacional-de-educacao-especial-inclusiva\/\"]}]},{\"@type\":\"ImageObject\",\"inLanguage\":\"pt-BR\",\"@id\":\"https:\/\/psol50.org.br\/setorial-de-pessoas-com-deficiencia-do-psol-apresenta-parecer-sobre-politica-nacional-de-educacao-especial-inclusiva\/#primaryimage\",\"url\":\"https:\/\/psol50.org.br\/inc\/uploads\/2019\/04\/capa-546x365-2.png\",\"contentUrl\":\"https:\/\/psol50.org.br\/inc\/uploads\/2019\/04\/capa-546x365-2.png\",\"width\":546,\"height\":365},{\"@type\":\"BreadcrumbList\",\"@id\":\"https:\/\/psol50.org.br\/setorial-de-pessoas-com-deficiencia-do-psol-apresenta-parecer-sobre-politica-nacional-de-educacao-especial-inclusiva\/#breadcrumb\",\"itemListElement\":[{\"@type\":\"ListItem\",\"position\":1,\"name\":\"In\u00edcio\",\"item\":\"https:\/\/psol50.org.br\/\"},{\"@type\":\"ListItem\",\"position\":2,\"name\":\"Setorial de Pessoas com Defici\u00eancia do PSOL apresenta parecer sobre Pol\u00edtica Nacional de Educa\u00e7\u00e3o Especial Inclusiva\"}]},{\"@type\":\"WebSite\",\"@id\":\"https:\/\/psol50.org.br\/#website\",\"url\":\"https:\/\/psol50.org.br\/\",\"name\":\"PSOL 50\",\"description\":\"Site oficial do Partido Socialismo e Liberdade\",\"publisher\":{\"@id\":\"https:\/\/psol50.org.br\/#organization\"},\"alternateName\":\"PSOL50\",\"potentialAction\":[{\"@type\":\"SearchAction\",\"target\":{\"@type\":\"EntryPoint\",\"urlTemplate\":\"https:\/\/psol50.org.br\/?s={search_term_string}\"},\"query-input\":{\"@type\":\"PropertyValueSpecification\",\"valueRequired\":true,\"valueName\":\"search_term_string\"}}],\"inLanguage\":\"pt-BR\"},{\"@type\":\"Organization\",\"@id\":\"https:\/\/psol50.org.br\/#organization\",\"name\":\"PSOL 50\",\"alternateName\":\"PSOL 50\",\"url\":\"https:\/\/psol50.org.br\/\",\"logo\":{\"@type\":\"ImageObject\",\"inLanguage\":\"pt-BR\",\"@id\":\"https:\/\/psol50.org.br\/#\/schema\/logo\/image\/\",\"url\":\"https:\/\/psol50.org.br\/inc\/uploads\/2018\/07\/capa.png\",\"contentUrl\":\"https:\/\/psol50.org.br\/inc\/uploads\/2018\/07\/capa.png\",\"width\":1350,\"height\":900,\"caption\":\"PSOL 50\"},\"image\":{\"@id\":\"https:\/\/psol50.org.br\/#\/schema\/logo\/image\/\"},\"sameAs\":[\"https:\/\/www.facebook.com\/psol50\",\"https:\/\/x.com\/psol50\",\"https:\/\/www.instagram.com\/psol50\/\",\"https:\/\/www.youtube.com\/channel\/UC7SnJS5o1os7a6CaiNabzcg\"]},{\"@type\":\"Person\",\"@id\":\"https:\/\/psol50.org.br\/#\/schema\/person\/475dfa57d0b815993c714c2e96491fcd\",\"name\":\"Comunica\u00e7\u00e3o PSOL\",\"image\":{\"@type\":\"ImageObject\",\"inLanguage\":\"pt-BR\",\"@id\":\"https:\/\/psol50.org.br\/#\/schema\/person\/image\/\",\"url\":\"https:\/\/secure.gravatar.com\/avatar\/b34fc4f4e468a4e51785917065a3db57b841f5c95dba6ad8c73aaf8f66f8f9bf?s=96&d=mm&r=g\",\"contentUrl\":\"https:\/\/secure.gravatar.com\/avatar\/b34fc4f4e468a4e51785917065a3db57b841f5c95dba6ad8c73aaf8f66f8f9bf?s=96&d=mm&r=g\",\"caption\":\"Comunica\u00e7\u00e3o PSOL\"}}]}<\/script>\n<!-- \/ Yoast SEO plugin. -->","yoast_head_json":{"title":"Setorial de Pessoas com Defici\u00eancia do PSOL apresenta parecer sobre Pol\u00edtica Nacional de Educa\u00e7\u00e3o Especial Inclusiva - PSOL 50","description":"Setorial de Pessoas com Defici\u00eancia do PSOL apresenta parecer sobre Pol\u00edtica Nacional de Educa\u00e7\u00e3o Especial Inclusiva. Veja.","robots":{"index":"index","follow":"follow","max-snippet":"max-snippet:-1","max-image-preview":"max-image-preview:large","max-video-preview":"max-video-preview:-1"},"canonical":"https:\/\/psol50.org.br\/setorial-de-pessoas-com-deficiencia-do-psol-apresenta-parecer-sobre-politica-nacional-de-educacao-especial-inclusiva\/","og_locale":"pt_BR","og_type":"article","og_title":"Setorial de Pessoas com Defici\u00eancia do PSOL apresenta parecer sobre Pol\u00edtica Nacional de Educa\u00e7\u00e3o Especial Inclusiva - PSOL 50","og_description":"Setorial de Pessoas com Defici\u00eancia do PSOL apresenta parecer sobre Pol\u00edtica Nacional de Educa\u00e7\u00e3o Especial Inclusiva. Veja.","og_url":"https:\/\/psol50.org.br\/setorial-de-pessoas-com-deficiencia-do-psol-apresenta-parecer-sobre-politica-nacional-de-educacao-especial-inclusiva\/","og_site_name":"PSOL 50","article_publisher":"https:\/\/www.facebook.com\/psol50","article_published_time":"2025-10-29T21:21:57+00:00","article_modified_time":"2025-10-29T21:22:27+00:00","og_image":[{"width":546,"height":365,"url":"https:\/\/psol50.org.br\/inc\/uploads\/2019\/04\/capa-546x365-2.png","type":"image\/png"}],"author":"Comunica\u00e7\u00e3o PSOL","twitter_card":"summary_large_image","twitter_creator":"@psol50","twitter_site":"@psol50","twitter_misc":{"Escrito por":"Comunica\u00e7\u00e3o PSOL","Est. tempo de leitura":"6 minutos"},"schema":{"@context":"https:\/\/schema.org","@graph":[{"@type":"Article","@id":"https:\/\/psol50.org.br\/setorial-de-pessoas-com-deficiencia-do-psol-apresenta-parecer-sobre-politica-nacional-de-educacao-especial-inclusiva\/#article","isPartOf":{"@id":"https:\/\/psol50.org.br\/setorial-de-pessoas-com-deficiencia-do-psol-apresenta-parecer-sobre-politica-nacional-de-educacao-especial-inclusiva\/"},"author":{"name":"Comunica\u00e7\u00e3o PSOL","@id":"https:\/\/psol50.org.br\/#\/schema\/person\/475dfa57d0b815993c714c2e96491fcd"},"headline":"Setorial de Pessoas com Defici\u00eancia do PSOL apresenta parecer sobre Pol\u00edtica Nacional de Educa\u00e7\u00e3o Especial Inclusiva","datePublished":"2025-10-29T21:21:57+00:00","dateModified":"2025-10-29T21:22:27+00:00","mainEntityOfPage":{"@id":"https:\/\/psol50.org.br\/setorial-de-pessoas-com-deficiencia-do-psol-apresenta-parecer-sobre-politica-nacional-de-educacao-especial-inclusiva\/"},"wordCount":1153,"publisher":{"@id":"https:\/\/psol50.org.br\/#organization"},"image":{"@id":"https:\/\/psol50.org.br\/setorial-de-pessoas-com-deficiencia-do-psol-apresenta-parecer-sobre-politica-nacional-de-educacao-especial-inclusiva\/#primaryimage"},"thumbnailUrl":"https:\/\/psol50.org.br\/inc\/uploads\/2019\/04\/capa-546x365-2.png","keywords":["Not\u00edcias"],"articleSection":["Partido"],"inLanguage":"pt-BR"},{"@type":"WebPage","@id":"https:\/\/psol50.org.br\/setorial-de-pessoas-com-deficiencia-do-psol-apresenta-parecer-sobre-politica-nacional-de-educacao-especial-inclusiva\/","url":"https:\/\/psol50.org.br\/setorial-de-pessoas-com-deficiencia-do-psol-apresenta-parecer-sobre-politica-nacional-de-educacao-especial-inclusiva\/","name":"Setorial de Pessoas com Defici\u00eancia do PSOL apresenta parecer sobre Pol\u00edtica Nacional de Educa\u00e7\u00e3o Especial Inclusiva - PSOL 50","isPartOf":{"@id":"https:\/\/psol50.org.br\/#website"},"primaryImageOfPage":{"@id":"https:\/\/psol50.org.br\/setorial-de-pessoas-com-deficiencia-do-psol-apresenta-parecer-sobre-politica-nacional-de-educacao-especial-inclusiva\/#primaryimage"},"image":{"@id":"https:\/\/psol50.org.br\/setorial-de-pessoas-com-deficiencia-do-psol-apresenta-parecer-sobre-politica-nacional-de-educacao-especial-inclusiva\/#primaryimage"},"thumbnailUrl":"https:\/\/psol50.org.br\/inc\/uploads\/2019\/04\/capa-546x365-2.png","datePublished":"2025-10-29T21:21:57+00:00","dateModified":"2025-10-29T21:22:27+00:00","description":"Setorial de Pessoas com Defici\u00eancia do PSOL apresenta parecer sobre Pol\u00edtica Nacional de Educa\u00e7\u00e3o Especial Inclusiva. Veja.","breadcrumb":{"@id":"https:\/\/psol50.org.br\/setorial-de-pessoas-com-deficiencia-do-psol-apresenta-parecer-sobre-politica-nacional-de-educacao-especial-inclusiva\/#breadcrumb"},"inLanguage":"pt-BR","potentialAction":[{"@type":"ReadAction","target":["https:\/\/psol50.org.br\/setorial-de-pessoas-com-deficiencia-do-psol-apresenta-parecer-sobre-politica-nacional-de-educacao-especial-inclusiva\/"]}]},{"@type":"ImageObject","inLanguage":"pt-BR","@id":"https:\/\/psol50.org.br\/setorial-de-pessoas-com-deficiencia-do-psol-apresenta-parecer-sobre-politica-nacional-de-educacao-especial-inclusiva\/#primaryimage","url":"https:\/\/psol50.org.br\/inc\/uploads\/2019\/04\/capa-546x365-2.png","contentUrl":"https:\/\/psol50.org.br\/inc\/uploads\/2019\/04\/capa-546x365-2.png","width":546,"height":365},{"@type":"BreadcrumbList","@id":"https:\/\/psol50.org.br\/setorial-de-pessoas-com-deficiencia-do-psol-apresenta-parecer-sobre-politica-nacional-de-educacao-especial-inclusiva\/#breadcrumb","itemListElement":[{"@type":"ListItem","position":1,"name":"In\u00edcio","item":"https:\/\/psol50.org.br\/"},{"@type":"ListItem","position":2,"name":"Setorial de Pessoas com Defici\u00eancia do PSOL apresenta parecer sobre Pol\u00edtica Nacional de Educa\u00e7\u00e3o Especial Inclusiva"}]},{"@type":"WebSite","@id":"https:\/\/psol50.org.br\/#website","url":"https:\/\/psol50.org.br\/","name":"PSOL 50","description":"Site oficial do Partido Socialismo e Liberdade","publisher":{"@id":"https:\/\/psol50.org.br\/#organization"},"alternateName":"PSOL50","potentialAction":[{"@type":"SearchAction","target":{"@type":"EntryPoint","urlTemplate":"https:\/\/psol50.org.br\/?s={search_term_string}"},"query-input":{"@type":"PropertyValueSpecification","valueRequired":true,"valueName":"search_term_string"}}],"inLanguage":"pt-BR"},{"@type":"Organization","@id":"https:\/\/psol50.org.br\/#organization","name":"PSOL 50","alternateName":"PSOL 50","url":"https:\/\/psol50.org.br\/","logo":{"@type":"ImageObject","inLanguage":"pt-BR","@id":"https:\/\/psol50.org.br\/#\/schema\/logo\/image\/","url":"https:\/\/psol50.org.br\/inc\/uploads\/2018\/07\/capa.png","contentUrl":"https:\/\/psol50.org.br\/inc\/uploads\/2018\/07\/capa.png","width":1350,"height":900,"caption":"PSOL 50"},"image":{"@id":"https:\/\/psol50.org.br\/#\/schema\/logo\/image\/"},"sameAs":["https:\/\/www.facebook.com\/psol50","https:\/\/x.com\/psol50","https:\/\/www.instagram.com\/psol50\/","https:\/\/www.youtube.com\/channel\/UC7SnJS5o1os7a6CaiNabzcg"]},{"@type":"Person","@id":"https:\/\/psol50.org.br\/#\/schema\/person\/475dfa57d0b815993c714c2e96491fcd","name":"Comunica\u00e7\u00e3o PSOL","image":{"@type":"ImageObject","inLanguage":"pt-BR","@id":"https:\/\/psol50.org.br\/#\/schema\/person\/image\/","url":"https:\/\/secure.gravatar.com\/avatar\/b34fc4f4e468a4e51785917065a3db57b841f5c95dba6ad8c73aaf8f66f8f9bf?s=96&d=mm&r=g","contentUrl":"https:\/\/secure.gravatar.com\/avatar\/b34fc4f4e468a4e51785917065a3db57b841f5c95dba6ad8c73aaf8f66f8f9bf?s=96&d=mm&r=g","caption":"Comunica\u00e7\u00e3o PSOL"}}]}},"_links":{"self":[{"href":"https:\/\/psol50.org.br\/rest\/wp\/v2\/posts\/41902","targetHints":{"allow":["GET"]}}],"collection":[{"href":"https:\/\/psol50.org.br\/rest\/wp\/v2\/posts"}],"about":[{"href":"https:\/\/psol50.org.br\/rest\/wp\/v2\/types\/post"}],"author":[{"embeddable":true,"href":"https:\/\/psol50.org.br\/rest\/wp\/v2\/users\/2"}],"replies":[{"embeddable":true,"href":"https:\/\/psol50.org.br\/rest\/wp\/v2\/comments?post=41902"}],"version-history":[{"count":1,"href":"https:\/\/psol50.org.br\/rest\/wp\/v2\/posts\/41902\/revisions"}],"predecessor-version":[{"id":41903,"href":"https:\/\/psol50.org.br\/rest\/wp\/v2\/posts\/41902\/revisions\/41903"}],"wp:featuredmedia":[{"embeddable":true,"href":"https:\/\/psol50.org.br\/rest\/wp\/v2\/media\/24774"}],"wp:attachment":[{"href":"https:\/\/psol50.org.br\/rest\/wp\/v2\/media?parent=41902"}],"wp:term":[{"taxonomy":"category","embeddable":true,"href":"https:\/\/psol50.org.br\/rest\/wp\/v2\/categories?post=41902"},{"taxonomy":"post_tag","embeddable":true,"href":"https:\/\/psol50.org.br\/rest\/wp\/v2\/tags?post=41902"}],"curies":[{"name":"wp","href":"https:\/\/api.w.org\/{rel}","templated":true}]}}