{"id":41907,"date":"2025-10-31T14:27:58","date_gmt":"2025-10-31T17:27:58","guid":{"rendered":"https:\/\/psol50.org.br\/?p=41907"},"modified":"2025-11-03T17:17:03","modified_gmt":"2025-11-03T20:17:03","slug":"camara-de-campinas-sp-arquiva-processo-de-cassacao-contra-mariana-conti","status":"publish","type":"post","link":"https:\/\/psol50.org.br\/camara-de-campinas-sp-arquiva-processo-de-cassacao-contra-mariana-conti\/","title":{"rendered":"C\u00e2mara de Campinas (SP) arquiva processo de cassa\u00e7\u00e3o contra Mariana Conti"},"content":{"rendered":"<p>A C\u00e2mara Municipal de Campinas (SP) rejeitou, nesta quarta-feira (29), a abertura do processo de cassa\u00e7\u00e3o contra a vereadora Mariana Conti (PSOL). O pedido havia sido apresentado pelo vereador Nelson Hossri (PSD), que acusava a parlamentar de infra\u00e7\u00e3o pol\u00edtico-administrativa por ter se licenciado para integrar uma miss\u00e3o humanit\u00e1ria na Faixa de Gaza. Foram 21 votos favor\u00e1veis ao arquivamento, 8 contr\u00e1rios e 2 absten\u00e7\u00f5es.<\/p>\n<p>A sess\u00e3o foi marcada pela forte mobiliza\u00e7\u00e3o popular em favor de Mariana. A maioria dos parlamentares reconheceu que n\u00e3o houve qualquer irregularidade na licen\u00e7a, concedida sem remunera\u00e7\u00e3o e amparada pela Lei Org\u00e2nica do Munic\u00edpio e pelo artigo 56 da Constitui\u00e7\u00e3o Federal.<\/p>\n<p>Durante sua defesa, Mariana Conti classificou o pedido como uma tentativa de silenciamento pol\u00edtico por parte da extrema direita. \u201cFoi uma persegui\u00e7\u00e3o motivada por diverg\u00eancias ideol\u00f3gicas. Minha licen\u00e7a foi legal, transparente e motivada por um compromisso humanit\u00e1rio\u201d, afirmou.<\/p>\n<p>Ap\u00f3s o resultado, a parlamentar agradeceu o apoio popular. \u201cA coragem \u00e9 um sentimento coletivo e lotamos a C\u00e2mara para dizer em alto e bom som: a resist\u00eancia do povo palestino e a solidariedade internacional n\u00e3o ser\u00e3o interrompidas!\u201d, declarou.<\/p>\n<p>O encerramento do processo representa uma vit\u00f3ria do mandato popular de Mariana Conti e refor\u00e7a o respaldo pol\u00edtico e social \u00e0 sua atua\u00e7\u00e3o em defesa dos direitos humanos, da democracia e da solidariedade entre os povos. \u201cMuito obrigada! N\u00e3o nos calar\u00e3o!\u201d, completou a vereadora.<\/p>\n","protected":false},"excerpt":{"rendered":"<p>A C\u00e2mara Municipal de Campinas (SP) rejeitou, nesta quarta-feira (29), a abertura do processo de cassa\u00e7\u00e3o contra a vereadora Mariana Conti (PSOL). O pedido havia sido apresentado pelo vereador Nelson Hossri (PSD), que acusava a parlamentar de infra\u00e7\u00e3o pol\u00edtico-administrativa por ter se licenciado para integrar uma miss\u00e3o humanit\u00e1ria na Faixa de Gaza. Foram 21 votos [&hellip;]<\/p>\n","protected":false},"author":2,"featured_media":41909,"comment_status":"closed","ping_status":"open","sticky":false,"template":"","format":"standard","meta":{"_acf_changed":false,"footnotes":""},"categories":[654],"tags":[4825],"class_list":{"0":"post-41907","1":"post","2":"type-post","3":"status-publish","4":"format-standard","5":"has-post-thumbnail","7":"category-estados","8":"tag-noticias"},"acf":[],"yoast_head":"<!-- This site is optimized with the Yoast SEO plugin v26.5 - https:\/\/yoast.com\/wordpress\/plugins\/seo\/ -->\n<title>C\u00e2mara de Campinas (SP) arquiva processo de cassa\u00e7\u00e3o contra Mariana Conti - PSOL 50<\/title>\n<meta name=\"description\" content=\"Processo de cassa\u00e7\u00e3o contra a vereadora do PSOL Campinas (SP) \u00e9 rejeitado na C\u00e2mara Municipal. Saiba mais.\" \/>\n<meta name=\"robots\" content=\"index, follow, max-snippet:-1, max-image-preview:large, max-video-preview:-1\" \/>\n<link rel=\"canonical\" href=\"https:\/\/psol50.org.br\/camara-de-campinas-sp-arquiva-processo-de-cassacao-contra-mariana-conti\/\" \/>\n<meta property=\"og:locale\" content=\"pt_BR\" \/>\n<meta property=\"og:type\" content=\"article\" \/>\n<meta property=\"og:title\" content=\"C\u00e2mara de Campinas (SP) arquiva processo de cassa\u00e7\u00e3o contra Mariana Conti - PSOL 50\" \/>\n<meta property=\"og:description\" content=\"Processo de cassa\u00e7\u00e3o contra a vereadora do PSOL Campinas (SP) \u00e9 rejeitado na C\u00e2mara Municipal. Saiba mais.\" \/>\n<meta property=\"og:url\" content=\"https:\/\/psol50.org.br\/camara-de-campinas-sp-arquiva-processo-de-cassacao-contra-mariana-conti\/\" \/>\n<meta property=\"og:site_name\" content=\"PSOL 50\" \/>\n<meta property=\"article:publisher\" content=\"https:\/\/www.facebook.com\/psol50\" \/>\n<meta property=\"article:published_time\" content=\"2025-10-31T17:27:58+00:00\" \/>\n<meta property=\"article:modified_time\" content=\"2025-11-03T20:17:03+00:00\" \/>\n<meta property=\"og:image\" content=\"https:\/\/psol50.org.br\/inc\/uploads\/2025\/10\/Mariana-Conti.jpeg\" \/>\n\t<meta property=\"og:image:width\" content=\"768\" \/>\n\t<meta property=\"og:image:height\" content=\"512\" \/>\n\t<meta property=\"og:image:type\" content=\"image\/jpeg\" \/>\n<meta name=\"author\" content=\"Comunica\u00e7\u00e3o PSOL\" \/>\n<meta name=\"twitter:card\" content=\"summary_large_image\" \/>\n<meta name=\"twitter:creator\" content=\"@psol50\" \/>\n<meta name=\"twitter:site\" content=\"@psol50\" \/>\n<meta name=\"twitter:label1\" content=\"Escrito por\" \/>\n\t<meta name=\"twitter:data1\" content=\"Comunica\u00e7\u00e3o PSOL\" \/>\n\t<meta name=\"twitter:label2\" content=\"Est. tempo de leitura\" \/>\n\t<meta name=\"twitter:data2\" content=\"1 minuto\" \/>\n<script type=\"application\/ld+json\" class=\"yoast-schema-graph\">{\"@context\":\"https:\/\/schema.org\",\"@graph\":[{\"@type\":\"Article\",\"@id\":\"https:\/\/psol50.org.br\/camara-de-campinas-sp-arquiva-processo-de-cassacao-contra-mariana-conti\/#article\",\"isPartOf\":{\"@id\":\"https:\/\/psol50.org.br\/camara-de-campinas-sp-arquiva-processo-de-cassacao-contra-mariana-conti\/\"},\"author\":{\"name\":\"Comunica\u00e7\u00e3o PSOL\",\"@id\":\"https:\/\/psol50.org.br\/#\/schema\/person\/475dfa57d0b815993c714c2e96491fcd\"},\"headline\":\"C\u00e2mara de Campinas (SP) arquiva processo de cassa\u00e7\u00e3o contra Mariana Conti\",\"datePublished\":\"2025-10-31T17:27:58+00:00\",\"dateModified\":\"2025-11-03T20:17:03+00:00\",\"mainEntityOfPage\":{\"@id\":\"https:\/\/psol50.org.br\/camara-de-campinas-sp-arquiva-processo-de-cassacao-contra-mariana-conti\/\"},\"wordCount\":265,\"publisher\":{\"@id\":\"https:\/\/psol50.org.br\/#organization\"},\"image\":{\"@id\":\"https:\/\/psol50.org.br\/camara-de-campinas-sp-arquiva-processo-de-cassacao-contra-mariana-conti\/#primaryimage\"},\"thumbnailUrl\":\"https:\/\/psol50.org.br\/inc\/uploads\/2025\/10\/Mariana-Conti.jpeg\",\"keywords\":[\"Not\u00edcias\"],\"articleSection\":[\"Estados\"],\"inLanguage\":\"pt-BR\"},{\"@type\":\"WebPage\",\"@id\":\"https:\/\/psol50.org.br\/camara-de-campinas-sp-arquiva-processo-de-cassacao-contra-mariana-conti\/\",\"url\":\"https:\/\/psol50.org.br\/camara-de-campinas-sp-arquiva-processo-de-cassacao-contra-mariana-conti\/\",\"name\":\"C\u00e2mara de Campinas (SP) arquiva processo de cassa\u00e7\u00e3o contra Mariana Conti - PSOL 50\",\"isPartOf\":{\"@id\":\"https:\/\/psol50.org.br\/#website\"},\"primaryImageOfPage\":{\"@id\":\"https:\/\/psol50.org.br\/camara-de-campinas-sp-arquiva-processo-de-cassacao-contra-mariana-conti\/#primaryimage\"},\"image\":{\"@id\":\"https:\/\/psol50.org.br\/camara-de-campinas-sp-arquiva-processo-de-cassacao-contra-mariana-conti\/#primaryimage\"},\"thumbnailUrl\":\"https:\/\/psol50.org.br\/inc\/uploads\/2025\/10\/Mariana-Conti.jpeg\",\"datePublished\":\"2025-10-31T17:27:58+00:00\",\"dateModified\":\"2025-11-03T20:17:03+00:00\",\"description\":\"Processo de cassa\u00e7\u00e3o contra a vereadora do PSOL Campinas (SP) \u00e9 rejeitado na C\u00e2mara Municipal. Saiba mais.\",\"breadcrumb\":{\"@id\":\"https:\/\/psol50.org.br\/camara-de-campinas-sp-arquiva-processo-de-cassacao-contra-mariana-conti\/#breadcrumb\"},\"inLanguage\":\"pt-BR\",\"potentialAction\":[{\"@type\":\"ReadAction\",\"target\":[\"https:\/\/psol50.org.br\/camara-de-campinas-sp-arquiva-processo-de-cassacao-contra-mariana-conti\/\"]}]},{\"@type\":\"ImageObject\",\"inLanguage\":\"pt-BR\",\"@id\":\"https:\/\/psol50.org.br\/camara-de-campinas-sp-arquiva-processo-de-cassacao-contra-mariana-conti\/#primaryimage\",\"url\":\"https:\/\/psol50.org.br\/inc\/uploads\/2025\/10\/Mariana-Conti.jpeg\",\"contentUrl\":\"https:\/\/psol50.org.br\/inc\/uploads\/2025\/10\/Mariana-Conti.jpeg\",\"width\":768,\"height\":512,\"caption\":\"Foto: C\u00e2mara Municipal de Campinas\"},{\"@type\":\"BreadcrumbList\",\"@id\":\"https:\/\/psol50.org.br\/camara-de-campinas-sp-arquiva-processo-de-cassacao-contra-mariana-conti\/#breadcrumb\",\"itemListElement\":[{\"@type\":\"ListItem\",\"position\":1,\"name\":\"In\u00edcio\",\"item\":\"https:\/\/psol50.org.br\/\"},{\"@type\":\"ListItem\",\"position\":2,\"name\":\"C\u00e2mara de Campinas (SP) arquiva processo de cassa\u00e7\u00e3o contra Mariana Conti\"}]},{\"@type\":\"WebSite\",\"@id\":\"https:\/\/psol50.org.br\/#website\",\"url\":\"https:\/\/psol50.org.br\/\",\"name\":\"PSOL 50\",\"description\":\"Site oficial do Partido Socialismo e Liberdade\",\"publisher\":{\"@id\":\"https:\/\/psol50.org.br\/#organization\"},\"alternateName\":\"PSOL50\",\"potentialAction\":[{\"@type\":\"SearchAction\",\"target\":{\"@type\":\"EntryPoint\",\"urlTemplate\":\"https:\/\/psol50.org.br\/?s={search_term_string}\"},\"query-input\":{\"@type\":\"PropertyValueSpecification\",\"valueRequired\":true,\"valueName\":\"search_term_string\"}}],\"inLanguage\":\"pt-BR\"},{\"@type\":\"Organization\",\"@id\":\"https:\/\/psol50.org.br\/#organization\",\"name\":\"PSOL 50\",\"alternateName\":\"PSOL 50\",\"url\":\"https:\/\/psol50.org.br\/\",\"logo\":{\"@type\":\"ImageObject\",\"inLanguage\":\"pt-BR\",\"@id\":\"https:\/\/psol50.org.br\/#\/schema\/logo\/image\/\",\"url\":\"https:\/\/psol50.org.br\/inc\/uploads\/2018\/07\/capa.png\",\"contentUrl\":\"https:\/\/psol50.org.br\/inc\/uploads\/2018\/07\/capa.png\",\"width\":1350,\"height\":900,\"caption\":\"PSOL 50\"},\"image\":{\"@id\":\"https:\/\/psol50.org.br\/#\/schema\/logo\/image\/\"},\"sameAs\":[\"https:\/\/www.facebook.com\/psol50\",\"https:\/\/x.com\/psol50\",\"https:\/\/www.instagram.com\/psol50\/\",\"https:\/\/www.youtube.com\/channel\/UC7SnJS5o1os7a6CaiNabzcg\"]},{\"@type\":\"Person\",\"@id\":\"https:\/\/psol50.org.br\/#\/schema\/person\/475dfa57d0b815993c714c2e96491fcd\",\"name\":\"Comunica\u00e7\u00e3o PSOL\",\"image\":{\"@type\":\"ImageObject\",\"inLanguage\":\"pt-BR\",\"@id\":\"https:\/\/psol50.org.br\/#\/schema\/person\/image\/\",\"url\":\"https:\/\/secure.gravatar.com\/avatar\/b34fc4f4e468a4e51785917065a3db57b841f5c95dba6ad8c73aaf8f66f8f9bf?s=96&d=mm&r=g\",\"contentUrl\":\"https:\/\/secure.gravatar.com\/avatar\/b34fc4f4e468a4e51785917065a3db57b841f5c95dba6ad8c73aaf8f66f8f9bf?s=96&d=mm&r=g\",\"caption\":\"Comunica\u00e7\u00e3o PSOL\"}}]}<\/script>\n<!-- \/ Yoast SEO plugin. -->","yoast_head_json":{"title":"C\u00e2mara de Campinas (SP) arquiva processo de cassa\u00e7\u00e3o contra Mariana Conti - PSOL 50","description":"Processo de cassa\u00e7\u00e3o contra a vereadora do PSOL Campinas (SP) \u00e9 rejeitado na C\u00e2mara Municipal. Saiba mais.","robots":{"index":"index","follow":"follow","max-snippet":"max-snippet:-1","max-image-preview":"max-image-preview:large","max-video-preview":"max-video-preview:-1"},"canonical":"https:\/\/psol50.org.br\/camara-de-campinas-sp-arquiva-processo-de-cassacao-contra-mariana-conti\/","og_locale":"pt_BR","og_type":"article","og_title":"C\u00e2mara de Campinas (SP) arquiva processo de cassa\u00e7\u00e3o contra Mariana Conti - PSOL 50","og_description":"Processo de cassa\u00e7\u00e3o contra a vereadora do PSOL Campinas (SP) \u00e9 rejeitado na C\u00e2mara Municipal. Saiba mais.","og_url":"https:\/\/psol50.org.br\/camara-de-campinas-sp-arquiva-processo-de-cassacao-contra-mariana-conti\/","og_site_name":"PSOL 50","article_publisher":"https:\/\/www.facebook.com\/psol50","article_published_time":"2025-10-31T17:27:58+00:00","article_modified_time":"2025-11-03T20:17:03+00:00","og_image":[{"width":768,"height":512,"url":"https:\/\/psol50.org.br\/inc\/uploads\/2025\/10\/Mariana-Conti.jpeg","type":"image\/jpeg"}],"author":"Comunica\u00e7\u00e3o PSOL","twitter_card":"summary_large_image","twitter_creator":"@psol50","twitter_site":"@psol50","twitter_misc":{"Escrito por":"Comunica\u00e7\u00e3o PSOL","Est. tempo de leitura":"1 minuto"},"schema":{"@context":"https:\/\/schema.org","@graph":[{"@type":"Article","@id":"https:\/\/psol50.org.br\/camara-de-campinas-sp-arquiva-processo-de-cassacao-contra-mariana-conti\/#article","isPartOf":{"@id":"https:\/\/psol50.org.br\/camara-de-campinas-sp-arquiva-processo-de-cassacao-contra-mariana-conti\/"},"author":{"name":"Comunica\u00e7\u00e3o PSOL","@id":"https:\/\/psol50.org.br\/#\/schema\/person\/475dfa57d0b815993c714c2e96491fcd"},"headline":"C\u00e2mara de Campinas (SP) arquiva processo de cassa\u00e7\u00e3o contra Mariana Conti","datePublished":"2025-10-31T17:27:58+00:00","dateModified":"2025-11-03T20:17:03+00:00","mainEntityOfPage":{"@id":"https:\/\/psol50.org.br\/camara-de-campinas-sp-arquiva-processo-de-cassacao-contra-mariana-conti\/"},"wordCount":265,"publisher":{"@id":"https:\/\/psol50.org.br\/#organization"},"image":{"@id":"https:\/\/psol50.org.br\/camara-de-campinas-sp-arquiva-processo-de-cassacao-contra-mariana-conti\/#primaryimage"},"thumbnailUrl":"https:\/\/psol50.org.br\/inc\/uploads\/2025\/10\/Mariana-Conti.jpeg","keywords":["Not\u00edcias"],"articleSection":["Estados"],"inLanguage":"pt-BR"},{"@type":"WebPage","@id":"https:\/\/psol50.org.br\/camara-de-campinas-sp-arquiva-processo-de-cassacao-contra-mariana-conti\/","url":"https:\/\/psol50.org.br\/camara-de-campinas-sp-arquiva-processo-de-cassacao-contra-mariana-conti\/","name":"C\u00e2mara de Campinas (SP) arquiva processo de cassa\u00e7\u00e3o contra Mariana Conti - PSOL 50","isPartOf":{"@id":"https:\/\/psol50.org.br\/#website"},"primaryImageOfPage":{"@id":"https:\/\/psol50.org.br\/camara-de-campinas-sp-arquiva-processo-de-cassacao-contra-mariana-conti\/#primaryimage"},"image":{"@id":"https:\/\/psol50.org.br\/camara-de-campinas-sp-arquiva-processo-de-cassacao-contra-mariana-conti\/#primaryimage"},"thumbnailUrl":"https:\/\/psol50.org.br\/inc\/uploads\/2025\/10\/Mariana-Conti.jpeg","datePublished":"2025-10-31T17:27:58+00:00","dateModified":"2025-11-03T20:17:03+00:00","description":"Processo de cassa\u00e7\u00e3o contra a vereadora do PSOL Campinas (SP) \u00e9 rejeitado na C\u00e2mara Municipal. Saiba mais.","breadcrumb":{"@id":"https:\/\/psol50.org.br\/camara-de-campinas-sp-arquiva-processo-de-cassacao-contra-mariana-conti\/#breadcrumb"},"inLanguage":"pt-BR","potentialAction":[{"@type":"ReadAction","target":["https:\/\/psol50.org.br\/camara-de-campinas-sp-arquiva-processo-de-cassacao-contra-mariana-conti\/"]}]},{"@type":"ImageObject","inLanguage":"pt-BR","@id":"https:\/\/psol50.org.br\/camara-de-campinas-sp-arquiva-processo-de-cassacao-contra-mariana-conti\/#primaryimage","url":"https:\/\/psol50.org.br\/inc\/uploads\/2025\/10\/Mariana-Conti.jpeg","contentUrl":"https:\/\/psol50.org.br\/inc\/uploads\/2025\/10\/Mariana-Conti.jpeg","width":768,"height":512,"caption":"Foto: C\u00e2mara Municipal de Campinas"},{"@type":"BreadcrumbList","@id":"https:\/\/psol50.org.br\/camara-de-campinas-sp-arquiva-processo-de-cassacao-contra-mariana-conti\/#breadcrumb","itemListElement":[{"@type":"ListItem","position":1,"name":"In\u00edcio","item":"https:\/\/psol50.org.br\/"},{"@type":"ListItem","position":2,"name":"C\u00e2mara de Campinas (SP) arquiva processo de cassa\u00e7\u00e3o contra Mariana Conti"}]},{"@type":"WebSite","@id":"https:\/\/psol50.org.br\/#website","url":"https:\/\/psol50.org.br\/","name":"PSOL 50","description":"Site oficial do Partido Socialismo e Liberdade","publisher":{"@id":"https:\/\/psol50.org.br\/#organization"},"alternateName":"PSOL50","potentialAction":[{"@type":"SearchAction","target":{"@type":"EntryPoint","urlTemplate":"https:\/\/psol50.org.br\/?s={search_term_string}"},"query-input":{"@type":"PropertyValueSpecification","valueRequired":true,"valueName":"search_term_string"}}],"inLanguage":"pt-BR"},{"@type":"Organization","@id":"https:\/\/psol50.org.br\/#organization","name":"PSOL 50","alternateName":"PSOL 50","url":"https:\/\/psol50.org.br\/","logo":{"@type":"ImageObject","inLanguage":"pt-BR","@id":"https:\/\/psol50.org.br\/#\/schema\/logo\/image\/","url":"https:\/\/psol50.org.br\/inc\/uploads\/2018\/07\/capa.png","contentUrl":"https:\/\/psol50.org.br\/inc\/uploads\/2018\/07\/capa.png","width":1350,"height":900,"caption":"PSOL 50"},"image":{"@id":"https:\/\/psol50.org.br\/#\/schema\/logo\/image\/"},"sameAs":["https:\/\/www.facebook.com\/psol50","https:\/\/x.com\/psol50","https:\/\/www.instagram.com\/psol50\/","https:\/\/www.youtube.com\/channel\/UC7SnJS5o1os7a6CaiNabzcg"]},{"@type":"Person","@id":"https:\/\/psol50.org.br\/#\/schema\/person\/475dfa57d0b815993c714c2e96491fcd","name":"Comunica\u00e7\u00e3o PSOL","image":{"@type":"ImageObject","inLanguage":"pt-BR","@id":"https:\/\/psol50.org.br\/#\/schema\/person\/image\/","url":"https:\/\/secure.gravatar.com\/avatar\/b34fc4f4e468a4e51785917065a3db57b841f5c95dba6ad8c73aaf8f66f8f9bf?s=96&d=mm&r=g","contentUrl":"https:\/\/secure.gravatar.com\/avatar\/b34fc4f4e468a4e51785917065a3db57b841f5c95dba6ad8c73aaf8f66f8f9bf?s=96&d=mm&r=g","caption":"Comunica\u00e7\u00e3o PSOL"}}]}},"_links":{"self":[{"href":"https:\/\/psol50.org.br\/rest\/wp\/v2\/posts\/41907","targetHints":{"allow":["GET"]}}],"collection":[{"href":"https:\/\/psol50.org.br\/rest\/wp\/v2\/posts"}],"about":[{"href":"https:\/\/psol50.org.br\/rest\/wp\/v2\/types\/post"}],"author":[{"embeddable":true,"href":"https:\/\/psol50.org.br\/rest\/wp\/v2\/users\/2"}],"replies":[{"embeddable":true,"href":"https:\/\/psol50.org.br\/rest\/wp\/v2\/comments?post=41907"}],"version-history":[{"count":2,"href":"https:\/\/psol50.org.br\/rest\/wp\/v2\/posts\/41907\/revisions"}],"predecessor-version":[{"id":41910,"href":"https:\/\/psol50.org.br\/rest\/wp\/v2\/posts\/41907\/revisions\/41910"}],"wp:featuredmedia":[{"embeddable":true,"href":"https:\/\/psol50.org.br\/rest\/wp\/v2\/media\/41909"}],"wp:attachment":[{"href":"https:\/\/psol50.org.br\/rest\/wp\/v2\/media?parent=41907"}],"wp:term":[{"taxonomy":"category","embeddable":true,"href":"https:\/\/psol50.org.br\/rest\/wp\/v2\/categories?post=41907"},{"taxonomy":"post_tag","embeddable":true,"href":"https:\/\/psol50.org.br\/rest\/wp\/v2\/tags?post=41907"}],"curies":[{"name":"wp","href":"https:\/\/api.w.org\/{rel}","templated":true}]}}