{"id":41912,"date":"2025-10-31T15:50:33","date_gmt":"2025-10-31T18:50:33","guid":{"rendered":"https:\/\/psol50.org.br\/?p=41912"},"modified":"2025-11-05T15:04:42","modified_gmt":"2025-11-05T18:04:42","slug":"psol-pt-e-pcdob-acionam-stf-para-garantir-acesso-das-familias-aos-corpos-das-vitimas-da-chacina-no-rio","status":"publish","type":"post","link":"https:\/\/psol50.org.br\/psol-pt-e-pcdob-acionam-stf-para-garantir-acesso-das-familias-aos-corpos-das-vitimas-da-chacina-no-rio\/","title":{"rendered":"PSOL, PT e PCdoB acionam STF para garantir acesso das fam\u00edlias aos corpos das v\u00edtimas da chacina no Rio"},"content":{"rendered":"<p>O PSOL, o PT e o PCdoB protocolaram nesta sexta-feira (31) uma peti\u00e7\u00e3o no STF pedindo que o ministro Alexandre de Moraes determine o acesso imediato de familiares aos corpos das v\u00edtimas do massacre policial mais letal da hist\u00f3ria do Rio de Janeiro, que deixou mais de 120 mortos nos complexos do Alem\u00e3o e da Penha.<\/p>\n<p>O pedido foi apresentado dentro da ADPF das Favelas, a\u00e7\u00e3o que trata do controle das opera\u00e7\u00f5es policiais no Rio. Os partidos pedem que as fam\u00edlias possam reconhecer os corpos acompanhadas de advogado, defensor p\u00fablico ou representante de direitos humanos, e que sejam eliminadas as barreiras burocr\u00e1ticas para a libera\u00e7\u00e3o das v\u00edtimas.<\/p>\n<p>Tamb\u00e9m foi solicitado que peritos independentes possam participar das per\u00edcias conduzidas pela Pol\u00edcia Civil, para assegurar transpar\u00eancia e imparcialidade na apura\u00e7\u00e3o dos fatos. Outro pedido \u00e9 que a Anvisa realize uma inspe\u00e7\u00e3o urgente no Instituto M\u00e9dico Legal (IML) da Avenida Francisco Bicalho, diante das den\u00fancias de condi\u00e7\u00f5es insalubres no local.<\/p>\n<p>Na peti\u00e7\u00e3o, o PSOL, o PT e o PCdoB exigem ainda que o governo de Cl\u00e1udio Castro apresente, em at\u00e9 48 horas, a lista nominal das v\u00edtimas e o destino dos corpos, sob pena de responsabiliza\u00e7\u00e3o.<\/p>\n<p>\u201cOs n\u00fameros, por si s\u00f3, demonstram o tamanho e a gravidade das viola\u00e7\u00f5es de direitos humanos. A pol\u00edcia do Rio de Janeiro matou mais do que prendeu, e o n\u00famero de corpos \u00e9 maior que o de armas apreendidas\u201d, afirmam os partidos.<\/p>\n<p>\u00c9 denunciado ainda que, al\u00e9m da viol\u00eancia das for\u00e7as de seguran\u00e7a nas comunidades, o governo fluminense mant\u00e9m uma \u201cviol\u00eancia simb\u00f3lica\u201d ao dificultar o acesso das fam\u00edlias aos corpos e burocratizar a libera\u00e7\u00e3o das v\u00edtimas. O objetivo da a\u00e7\u00e3o \u00e9 garantir dignidade, transpar\u00eancia e justi\u00e7a diante de uma das maiores trag\u00e9dias da hist\u00f3ria recente do pa\u00eds.<\/p>\n","protected":false},"excerpt":{"rendered":"<p>O PSOL, o PT e o PCdoB protocolaram nesta sexta-feira (31) uma peti\u00e7\u00e3o no STF pedindo que o ministro Alexandre de Moraes determine o acesso imediato de familiares aos corpos das v\u00edtimas do massacre policial mais letal da hist\u00f3ria do Rio de Janeiro, que deixou mais de 120 mortos nos complexos do Alem\u00e3o e da [&hellip;]<\/p>\n","protected":false},"author":2,"featured_media":41913,"comment_status":"closed","ping_status":"open","sticky":false,"template":"","format":"standard","meta":{"_acf_changed":false,"footnotes":""},"categories":[1664],"tags":[6531,4825],"class_list":{"0":"post-41912","1":"post","2":"type-post","3":"status-publish","4":"format-standard","5":"has-post-thumbnail","7":"category-acao-do-psol","8":"tag-acoes-juridicas","9":"tag-noticias"},"acf":[],"yoast_head":"<!-- This site is optimized with the Yoast SEO plugin v26.5 - https:\/\/yoast.com\/wordpress\/plugins\/seo\/ -->\n<title>PSOL, PT e PCdoB acionam STF para garantir acesso das fam\u00edlias aos corpos das v\u00edtimas da chacina no Rio - PSOL 50<\/title>\n<meta name=\"description\" content=\"PSOL, PT e PCdoB acionam STF para garantir que as fam\u00edlias tenham acesso aos corpos mortos no massacre do RJ. Saiba mais.\" \/>\n<meta name=\"robots\" content=\"index, follow, max-snippet:-1, max-image-preview:large, max-video-preview:-1\" \/>\n<link rel=\"canonical\" href=\"https:\/\/psol50.org.br\/psol-pt-e-pcdob-acionam-stf-para-garantir-acesso-das-familias-aos-corpos-das-vitimas-da-chacina-no-rio\/\" \/>\n<meta property=\"og:locale\" content=\"pt_BR\" \/>\n<meta property=\"og:type\" content=\"article\" \/>\n<meta property=\"og:title\" content=\"PSOL, PT e PCdoB acionam STF para garantir acesso das fam\u00edlias aos corpos das v\u00edtimas da chacina no Rio - PSOL 50\" \/>\n<meta property=\"og:description\" content=\"PSOL, PT e PCdoB acionam STF para garantir que as fam\u00edlias tenham acesso aos corpos mortos no massacre do RJ. Saiba mais.\" \/>\n<meta property=\"og:url\" content=\"https:\/\/psol50.org.br\/psol-pt-e-pcdob-acionam-stf-para-garantir-acesso-das-familias-aos-corpos-das-vitimas-da-chacina-no-rio\/\" \/>\n<meta property=\"og:site_name\" content=\"PSOL 50\" \/>\n<meta property=\"article:publisher\" content=\"https:\/\/www.facebook.com\/psol50\" \/>\n<meta property=\"article:published_time\" content=\"2025-10-31T18:50:33+00:00\" \/>\n<meta property=\"article:modified_time\" content=\"2025-11-05T18:04:42+00:00\" \/>\n<meta property=\"og:image\" content=\"https:\/\/psol50.org.br\/inc\/uploads\/2025\/10\/toms9661-scaled.jpg\" \/>\n\t<meta property=\"og:image:width\" content=\"2560\" \/>\n\t<meta property=\"og:image:height\" content=\"1707\" \/>\n\t<meta property=\"og:image:type\" content=\"image\/jpeg\" \/>\n<meta name=\"author\" content=\"Comunica\u00e7\u00e3o PSOL\" \/>\n<meta name=\"twitter:card\" content=\"summary_large_image\" \/>\n<meta name=\"twitter:creator\" content=\"@psol50\" \/>\n<meta name=\"twitter:site\" content=\"@psol50\" \/>\n<meta name=\"twitter:label1\" content=\"Escrito por\" \/>\n\t<meta name=\"twitter:data1\" content=\"Comunica\u00e7\u00e3o PSOL\" \/>\n\t<meta name=\"twitter:label2\" content=\"Est. tempo de leitura\" \/>\n\t<meta name=\"twitter:data2\" content=\"2 minutos\" \/>\n<script type=\"application\/ld+json\" class=\"yoast-schema-graph\">{\"@context\":\"https:\/\/schema.org\",\"@graph\":[{\"@type\":\"Article\",\"@id\":\"https:\/\/psol50.org.br\/psol-pt-e-pcdob-acionam-stf-para-garantir-acesso-das-familias-aos-corpos-das-vitimas-da-chacina-no-rio\/#article\",\"isPartOf\":{\"@id\":\"https:\/\/psol50.org.br\/psol-pt-e-pcdob-acionam-stf-para-garantir-acesso-das-familias-aos-corpos-das-vitimas-da-chacina-no-rio\/\"},\"author\":{\"name\":\"Comunica\u00e7\u00e3o PSOL\",\"@id\":\"https:\/\/psol50.org.br\/#\/schema\/person\/475dfa57d0b815993c714c2e96491fcd\"},\"headline\":\"PSOL, PT e PCdoB acionam STF para garantir acesso das fam\u00edlias aos corpos das v\u00edtimas da chacina no Rio\",\"datePublished\":\"2025-10-31T18:50:33+00:00\",\"dateModified\":\"2025-11-05T18:04:42+00:00\",\"mainEntityOfPage\":{\"@id\":\"https:\/\/psol50.org.br\/psol-pt-e-pcdob-acionam-stf-para-garantir-acesso-das-familias-aos-corpos-das-vitimas-da-chacina-no-rio\/\"},\"wordCount\":348,\"publisher\":{\"@id\":\"https:\/\/psol50.org.br\/#organization\"},\"image\":{\"@id\":\"https:\/\/psol50.org.br\/psol-pt-e-pcdob-acionam-stf-para-garantir-acesso-das-familias-aos-corpos-das-vitimas-da-chacina-no-rio\/#primaryimage\"},\"thumbnailUrl\":\"https:\/\/psol50.org.br\/inc\/uploads\/2025\/10\/toms9661-scaled.jpg\",\"keywords\":[\"A\u00e7\u00f5es Jur\u00eddicas\",\"Not\u00edcias\"],\"articleSection\":[\"A\u00e7\u00e3o do PSOL\"],\"inLanguage\":\"pt-BR\"},{\"@type\":\"WebPage\",\"@id\":\"https:\/\/psol50.org.br\/psol-pt-e-pcdob-acionam-stf-para-garantir-acesso-das-familias-aos-corpos-das-vitimas-da-chacina-no-rio\/\",\"url\":\"https:\/\/psol50.org.br\/psol-pt-e-pcdob-acionam-stf-para-garantir-acesso-das-familias-aos-corpos-das-vitimas-da-chacina-no-rio\/\",\"name\":\"PSOL, PT e PCdoB acionam STF para garantir acesso das fam\u00edlias aos corpos das v\u00edtimas da chacina no Rio - PSOL 50\",\"isPartOf\":{\"@id\":\"https:\/\/psol50.org.br\/#website\"},\"primaryImageOfPage\":{\"@id\":\"https:\/\/psol50.org.br\/psol-pt-e-pcdob-acionam-stf-para-garantir-acesso-das-familias-aos-corpos-das-vitimas-da-chacina-no-rio\/#primaryimage\"},\"image\":{\"@id\":\"https:\/\/psol50.org.br\/psol-pt-e-pcdob-acionam-stf-para-garantir-acesso-das-familias-aos-corpos-das-vitimas-da-chacina-no-rio\/#primaryimage\"},\"thumbnailUrl\":\"https:\/\/psol50.org.br\/inc\/uploads\/2025\/10\/toms9661-scaled.jpg\",\"datePublished\":\"2025-10-31T18:50:33+00:00\",\"dateModified\":\"2025-11-05T18:04:42+00:00\",\"description\":\"PSOL, PT e PCdoB acionam STF para garantir que as fam\u00edlias tenham acesso aos corpos mortos no massacre do RJ. Saiba mais.\",\"breadcrumb\":{\"@id\":\"https:\/\/psol50.org.br\/psol-pt-e-pcdob-acionam-stf-para-garantir-acesso-das-familias-aos-corpos-das-vitimas-da-chacina-no-rio\/#breadcrumb\"},\"inLanguage\":\"pt-BR\",\"potentialAction\":[{\"@type\":\"ReadAction\",\"target\":[\"https:\/\/psol50.org.br\/psol-pt-e-pcdob-acionam-stf-para-garantir-acesso-das-familias-aos-corpos-das-vitimas-da-chacina-no-rio\/\"]}]},{\"@type\":\"ImageObject\",\"inLanguage\":\"pt-BR\",\"@id\":\"https:\/\/psol50.org.br\/psol-pt-e-pcdob-acionam-stf-para-garantir-acesso-das-familias-aos-corpos-das-vitimas-da-chacina-no-rio\/#primaryimage\",\"url\":\"https:\/\/psol50.org.br\/inc\/uploads\/2025\/10\/toms9661-scaled.jpg\",\"contentUrl\":\"https:\/\/psol50.org.br\/inc\/uploads\/2025\/10\/toms9661-scaled.jpg\",\"width\":2560,\"height\":1707,\"caption\":\"Foto: Tomaz Silva\/Ag\u00eancia Brasil\"},{\"@type\":\"BreadcrumbList\",\"@id\":\"https:\/\/psol50.org.br\/psol-pt-e-pcdob-acionam-stf-para-garantir-acesso-das-familias-aos-corpos-das-vitimas-da-chacina-no-rio\/#breadcrumb\",\"itemListElement\":[{\"@type\":\"ListItem\",\"position\":1,\"name\":\"In\u00edcio\",\"item\":\"https:\/\/psol50.org.br\/\"},{\"@type\":\"ListItem\",\"position\":2,\"name\":\"PSOL, PT e PCdoB acionam STF para garantir acesso das fam\u00edlias aos corpos das v\u00edtimas da chacina no Rio\"}]},{\"@type\":\"WebSite\",\"@id\":\"https:\/\/psol50.org.br\/#website\",\"url\":\"https:\/\/psol50.org.br\/\",\"name\":\"PSOL 50\",\"description\":\"Site oficial do Partido Socialismo e Liberdade\",\"publisher\":{\"@id\":\"https:\/\/psol50.org.br\/#organization\"},\"alternateName\":\"PSOL50\",\"potentialAction\":[{\"@type\":\"SearchAction\",\"target\":{\"@type\":\"EntryPoint\",\"urlTemplate\":\"https:\/\/psol50.org.br\/?s={search_term_string}\"},\"query-input\":{\"@type\":\"PropertyValueSpecification\",\"valueRequired\":true,\"valueName\":\"search_term_string\"}}],\"inLanguage\":\"pt-BR\"},{\"@type\":\"Organization\",\"@id\":\"https:\/\/psol50.org.br\/#organization\",\"name\":\"PSOL 50\",\"alternateName\":\"PSOL 50\",\"url\":\"https:\/\/psol50.org.br\/\",\"logo\":{\"@type\":\"ImageObject\",\"inLanguage\":\"pt-BR\",\"@id\":\"https:\/\/psol50.org.br\/#\/schema\/logo\/image\/\",\"url\":\"https:\/\/psol50.org.br\/inc\/uploads\/2018\/07\/capa.png\",\"contentUrl\":\"https:\/\/psol50.org.br\/inc\/uploads\/2018\/07\/capa.png\",\"width\":1350,\"height\":900,\"caption\":\"PSOL 50\"},\"image\":{\"@id\":\"https:\/\/psol50.org.br\/#\/schema\/logo\/image\/\"},\"sameAs\":[\"https:\/\/www.facebook.com\/psol50\",\"https:\/\/x.com\/psol50\",\"https:\/\/www.instagram.com\/psol50\/\",\"https:\/\/www.youtube.com\/channel\/UC7SnJS5o1os7a6CaiNabzcg\"]},{\"@type\":\"Person\",\"@id\":\"https:\/\/psol50.org.br\/#\/schema\/person\/475dfa57d0b815993c714c2e96491fcd\",\"name\":\"Comunica\u00e7\u00e3o PSOL\",\"image\":{\"@type\":\"ImageObject\",\"inLanguage\":\"pt-BR\",\"@id\":\"https:\/\/psol50.org.br\/#\/schema\/person\/image\/\",\"url\":\"https:\/\/secure.gravatar.com\/avatar\/b34fc4f4e468a4e51785917065a3db57b841f5c95dba6ad8c73aaf8f66f8f9bf?s=96&d=mm&r=g\",\"contentUrl\":\"https:\/\/secure.gravatar.com\/avatar\/b34fc4f4e468a4e51785917065a3db57b841f5c95dba6ad8c73aaf8f66f8f9bf?s=96&d=mm&r=g\",\"caption\":\"Comunica\u00e7\u00e3o PSOL\"}}]}<\/script>\n<!-- \/ Yoast SEO plugin. -->","yoast_head_json":{"title":"PSOL, PT e PCdoB acionam STF para garantir acesso das fam\u00edlias aos corpos das v\u00edtimas da chacina no Rio - PSOL 50","description":"PSOL, PT e PCdoB acionam STF para garantir que as fam\u00edlias tenham acesso aos corpos mortos no massacre do RJ. Saiba mais.","robots":{"index":"index","follow":"follow","max-snippet":"max-snippet:-1","max-image-preview":"max-image-preview:large","max-video-preview":"max-video-preview:-1"},"canonical":"https:\/\/psol50.org.br\/psol-pt-e-pcdob-acionam-stf-para-garantir-acesso-das-familias-aos-corpos-das-vitimas-da-chacina-no-rio\/","og_locale":"pt_BR","og_type":"article","og_title":"PSOL, PT e PCdoB acionam STF para garantir acesso das fam\u00edlias aos corpos das v\u00edtimas da chacina no Rio - PSOL 50","og_description":"PSOL, PT e PCdoB acionam STF para garantir que as fam\u00edlias tenham acesso aos corpos mortos no massacre do RJ. Saiba mais.","og_url":"https:\/\/psol50.org.br\/psol-pt-e-pcdob-acionam-stf-para-garantir-acesso-das-familias-aos-corpos-das-vitimas-da-chacina-no-rio\/","og_site_name":"PSOL 50","article_publisher":"https:\/\/www.facebook.com\/psol50","article_published_time":"2025-10-31T18:50:33+00:00","article_modified_time":"2025-11-05T18:04:42+00:00","og_image":[{"width":2560,"height":1707,"url":"https:\/\/psol50.org.br\/inc\/uploads\/2025\/10\/toms9661-scaled.jpg","type":"image\/jpeg"}],"author":"Comunica\u00e7\u00e3o PSOL","twitter_card":"summary_large_image","twitter_creator":"@psol50","twitter_site":"@psol50","twitter_misc":{"Escrito por":"Comunica\u00e7\u00e3o PSOL","Est. tempo de leitura":"2 minutos"},"schema":{"@context":"https:\/\/schema.org","@graph":[{"@type":"Article","@id":"https:\/\/psol50.org.br\/psol-pt-e-pcdob-acionam-stf-para-garantir-acesso-das-familias-aos-corpos-das-vitimas-da-chacina-no-rio\/#article","isPartOf":{"@id":"https:\/\/psol50.org.br\/psol-pt-e-pcdob-acionam-stf-para-garantir-acesso-das-familias-aos-corpos-das-vitimas-da-chacina-no-rio\/"},"author":{"name":"Comunica\u00e7\u00e3o PSOL","@id":"https:\/\/psol50.org.br\/#\/schema\/person\/475dfa57d0b815993c714c2e96491fcd"},"headline":"PSOL, PT e PCdoB acionam STF para garantir acesso das fam\u00edlias aos corpos das v\u00edtimas da chacina no Rio","datePublished":"2025-10-31T18:50:33+00:00","dateModified":"2025-11-05T18:04:42+00:00","mainEntityOfPage":{"@id":"https:\/\/psol50.org.br\/psol-pt-e-pcdob-acionam-stf-para-garantir-acesso-das-familias-aos-corpos-das-vitimas-da-chacina-no-rio\/"},"wordCount":348,"publisher":{"@id":"https:\/\/psol50.org.br\/#organization"},"image":{"@id":"https:\/\/psol50.org.br\/psol-pt-e-pcdob-acionam-stf-para-garantir-acesso-das-familias-aos-corpos-das-vitimas-da-chacina-no-rio\/#primaryimage"},"thumbnailUrl":"https:\/\/psol50.org.br\/inc\/uploads\/2025\/10\/toms9661-scaled.jpg","keywords":["A\u00e7\u00f5es Jur\u00eddicas","Not\u00edcias"],"articleSection":["A\u00e7\u00e3o do PSOL"],"inLanguage":"pt-BR"},{"@type":"WebPage","@id":"https:\/\/psol50.org.br\/psol-pt-e-pcdob-acionam-stf-para-garantir-acesso-das-familias-aos-corpos-das-vitimas-da-chacina-no-rio\/","url":"https:\/\/psol50.org.br\/psol-pt-e-pcdob-acionam-stf-para-garantir-acesso-das-familias-aos-corpos-das-vitimas-da-chacina-no-rio\/","name":"PSOL, PT e PCdoB acionam STF para garantir acesso das fam\u00edlias aos corpos das v\u00edtimas da chacina no Rio - PSOL 50","isPartOf":{"@id":"https:\/\/psol50.org.br\/#website"},"primaryImageOfPage":{"@id":"https:\/\/psol50.org.br\/psol-pt-e-pcdob-acionam-stf-para-garantir-acesso-das-familias-aos-corpos-das-vitimas-da-chacina-no-rio\/#primaryimage"},"image":{"@id":"https:\/\/psol50.org.br\/psol-pt-e-pcdob-acionam-stf-para-garantir-acesso-das-familias-aos-corpos-das-vitimas-da-chacina-no-rio\/#primaryimage"},"thumbnailUrl":"https:\/\/psol50.org.br\/inc\/uploads\/2025\/10\/toms9661-scaled.jpg","datePublished":"2025-10-31T18:50:33+00:00","dateModified":"2025-11-05T18:04:42+00:00","description":"PSOL, PT e PCdoB acionam STF para garantir que as fam\u00edlias tenham acesso aos corpos mortos no massacre do RJ. Saiba mais.","breadcrumb":{"@id":"https:\/\/psol50.org.br\/psol-pt-e-pcdob-acionam-stf-para-garantir-acesso-das-familias-aos-corpos-das-vitimas-da-chacina-no-rio\/#breadcrumb"},"inLanguage":"pt-BR","potentialAction":[{"@type":"ReadAction","target":["https:\/\/psol50.org.br\/psol-pt-e-pcdob-acionam-stf-para-garantir-acesso-das-familias-aos-corpos-das-vitimas-da-chacina-no-rio\/"]}]},{"@type":"ImageObject","inLanguage":"pt-BR","@id":"https:\/\/psol50.org.br\/psol-pt-e-pcdob-acionam-stf-para-garantir-acesso-das-familias-aos-corpos-das-vitimas-da-chacina-no-rio\/#primaryimage","url":"https:\/\/psol50.org.br\/inc\/uploads\/2025\/10\/toms9661-scaled.jpg","contentUrl":"https:\/\/psol50.org.br\/inc\/uploads\/2025\/10\/toms9661-scaled.jpg","width":2560,"height":1707,"caption":"Foto: Tomaz Silva\/Ag\u00eancia Brasil"},{"@type":"BreadcrumbList","@id":"https:\/\/psol50.org.br\/psol-pt-e-pcdob-acionam-stf-para-garantir-acesso-das-familias-aos-corpos-das-vitimas-da-chacina-no-rio\/#breadcrumb","itemListElement":[{"@type":"ListItem","position":1,"name":"In\u00edcio","item":"https:\/\/psol50.org.br\/"},{"@type":"ListItem","position":2,"name":"PSOL, PT e PCdoB acionam STF para garantir acesso das fam\u00edlias aos corpos das v\u00edtimas da chacina no Rio"}]},{"@type":"WebSite","@id":"https:\/\/psol50.org.br\/#website","url":"https:\/\/psol50.org.br\/","name":"PSOL 50","description":"Site oficial do Partido Socialismo e Liberdade","publisher":{"@id":"https:\/\/psol50.org.br\/#organization"},"alternateName":"PSOL50","potentialAction":[{"@type":"SearchAction","target":{"@type":"EntryPoint","urlTemplate":"https:\/\/psol50.org.br\/?s={search_term_string}"},"query-input":{"@type":"PropertyValueSpecification","valueRequired":true,"valueName":"search_term_string"}}],"inLanguage":"pt-BR"},{"@type":"Organization","@id":"https:\/\/psol50.org.br\/#organization","name":"PSOL 50","alternateName":"PSOL 50","url":"https:\/\/psol50.org.br\/","logo":{"@type":"ImageObject","inLanguage":"pt-BR","@id":"https:\/\/psol50.org.br\/#\/schema\/logo\/image\/","url":"https:\/\/psol50.org.br\/inc\/uploads\/2018\/07\/capa.png","contentUrl":"https:\/\/psol50.org.br\/inc\/uploads\/2018\/07\/capa.png","width":1350,"height":900,"caption":"PSOL 50"},"image":{"@id":"https:\/\/psol50.org.br\/#\/schema\/logo\/image\/"},"sameAs":["https:\/\/www.facebook.com\/psol50","https:\/\/x.com\/psol50","https:\/\/www.instagram.com\/psol50\/","https:\/\/www.youtube.com\/channel\/UC7SnJS5o1os7a6CaiNabzcg"]},{"@type":"Person","@id":"https:\/\/psol50.org.br\/#\/schema\/person\/475dfa57d0b815993c714c2e96491fcd","name":"Comunica\u00e7\u00e3o PSOL","image":{"@type":"ImageObject","inLanguage":"pt-BR","@id":"https:\/\/psol50.org.br\/#\/schema\/person\/image\/","url":"https:\/\/secure.gravatar.com\/avatar\/b34fc4f4e468a4e51785917065a3db57b841f5c95dba6ad8c73aaf8f66f8f9bf?s=96&d=mm&r=g","contentUrl":"https:\/\/secure.gravatar.com\/avatar\/b34fc4f4e468a4e51785917065a3db57b841f5c95dba6ad8c73aaf8f66f8f9bf?s=96&d=mm&r=g","caption":"Comunica\u00e7\u00e3o PSOL"}}]}},"_links":{"self":[{"href":"https:\/\/psol50.org.br\/rest\/wp\/v2\/posts\/41912","targetHints":{"allow":["GET"]}}],"collection":[{"href":"https:\/\/psol50.org.br\/rest\/wp\/v2\/posts"}],"about":[{"href":"https:\/\/psol50.org.br\/rest\/wp\/v2\/types\/post"}],"author":[{"embeddable":true,"href":"https:\/\/psol50.org.br\/rest\/wp\/v2\/users\/2"}],"replies":[{"embeddable":true,"href":"https:\/\/psol50.org.br\/rest\/wp\/v2\/comments?post=41912"}],"version-history":[{"count":1,"href":"https:\/\/psol50.org.br\/rest\/wp\/v2\/posts\/41912\/revisions"}],"predecessor-version":[{"id":41914,"href":"https:\/\/psol50.org.br\/rest\/wp\/v2\/posts\/41912\/revisions\/41914"}],"wp:featuredmedia":[{"embeddable":true,"href":"https:\/\/psol50.org.br\/rest\/wp\/v2\/media\/41913"}],"wp:attachment":[{"href":"https:\/\/psol50.org.br\/rest\/wp\/v2\/media?parent=41912"}],"wp:term":[{"taxonomy":"category","embeddable":true,"href":"https:\/\/psol50.org.br\/rest\/wp\/v2\/categories?post=41912"},{"taxonomy":"post_tag","embeddable":true,"href":"https:\/\/psol50.org.br\/rest\/wp\/v2\/tags?post=41912"}],"curies":[{"name":"wp","href":"https:\/\/api.w.org\/{rel}","templated":true}]}}