{"id":41941,"date":"2025-11-04T17:28:27","date_gmt":"2025-11-04T20:28:27","guid":{"rendered":"https:\/\/psol50.org.br\/?p=41941"},"modified":"2025-11-05T15:04:20","modified_gmt":"2025-11-05T18:04:20","slug":"psol-e-pt-acionam-stf-para-barrar-privatizacao-da-celepar-no-parana-e-proteger-dados-dos-cidadaos","status":"publish","type":"post","link":"https:\/\/psol50.org.br\/psol-e-pt-acionam-stf-para-barrar-privatizacao-da-celepar-no-parana-e-proteger-dados-dos-cidadaos\/","title":{"rendered":"PSOL e PT acionam STF para barrar privatiza\u00e7\u00e3o da Celepar no Paran\u00e1 e proteger dados dos cidad\u00e3os"},"content":{"rendered":"<p>O PSOL e o PT ingressaram, nesta segunda-feira (3), com uma A\u00e7\u00e3o Direta de Inconstitucionalidade (ADI) no Supremo Tribunal Federal (STF) contra a lei que autoriza a privatiza\u00e7\u00e3o da Celepar (Companhia de Tecnologia da Informa\u00e7\u00e3o e Comunica\u00e7\u00e3o do Paran\u00e1). A medida questiona a legalidade da norma aprovada pela Assembleia Legislativa do Paran\u00e1 e alerta para os riscos que a entrega da empresa ao setor privado representa para a seguran\u00e7a e a soberania dos dados p\u00fablicos.<\/p>\n<p>A a\u00e7\u00e3o aponta que a lei 22.188\/2024 viola regras de licita\u00e7\u00e3o e contrata\u00e7\u00e3o p\u00fablica, al\u00e9m de afrontar o direito fundamental \u00e0 prote\u00e7\u00e3o de dados pessoais. O documento ressalta que a Celepar presta servi\u00e7os essenciais a governos estaduais e municipais, principalmente nas \u00e1reas de sa\u00fade, educa\u00e7\u00e3o e seguran\u00e7a p\u00fablica, e n\u00e3o h\u00e1 garantias de que informa\u00e7\u00f5es sens\u00edveis da popula\u00e7\u00e3o sejam protegidas ap\u00f3s a privatiza\u00e7\u00e3o.<\/p>\n<p>O governo federal e a Federa\u00e7\u00e3o Nacional dos Trabalhadores em Empresas de Processamento de Dados, Servi\u00e7os de Inform\u00e1tica e Similares (Fenadados) tamb\u00e9m se somaram \u00e0 iniciativa como amicus curiae, oferecendo subs\u00eddios t\u00e9cnicos e jur\u00eddicos para refor\u00e7ar o pedido de suspens\u00e3o da privatiza\u00e7\u00e3o.<\/p>\n<p>Para a presidente nacional do PSOL, Paula Coradi, a venda da Celepar coloca em risco o direito \u00e0 privacidade e \u00e0 soberania nacional. \u201c\u00c9 muito grave porque n\u00e3o teremos direito de saber como os dados de crian\u00e7as, de idosos, ser\u00e3o usados\u201d, afirmou. Ela lembrou ainda que o governo Bolsonaro tentou privatizar o Serpro e destacou a import\u00e2ncia de que \u201ca Constitui\u00e7\u00e3o e a soberania sejam respeitadas\u201d.<\/p>\n<p>As preocupa\u00e7\u00f5es se intensificaram ap\u00f3s declara\u00e7\u00f5es do presidente da Celepar, Andr\u00e9 Gustavo Garbosa, indicado pelo governador Ratinho Jr., em que ele sugere a venda de informa\u00e7\u00f5es sobre o consumo da popula\u00e7\u00e3o como forma de atrair investidores. O v\u00eddeo original, que chegou a ser editado na internet, foi preservado por funcion\u00e1rios da empresa.<\/p>\n","protected":false},"excerpt":{"rendered":"<p>O PSOL e o PT ingressaram, nesta segunda-feira (3), com uma A\u00e7\u00e3o Direta de Inconstitucionalidade (ADI) no Supremo Tribunal Federal (STF) contra a lei que autoriza a privatiza\u00e7\u00e3o da Celepar (Companhia de Tecnologia da Informa\u00e7\u00e3o e Comunica\u00e7\u00e3o do Paran\u00e1). A medida questiona a legalidade da norma aprovada pela Assembleia Legislativa do Paran\u00e1 e alerta para [&hellip;]<\/p>\n","protected":false},"author":2,"featured_media":41942,"comment_status":"closed","ping_status":"open","sticky":false,"template":"","format":"standard","meta":{"_acf_changed":false,"footnotes":""},"categories":[1664],"tags":[6531,4825],"class_list":{"0":"post-41941","1":"post","2":"type-post","3":"status-publish","4":"format-standard","5":"has-post-thumbnail","7":"category-acao-do-psol","8":"tag-acoes-juridicas","9":"tag-noticias"},"acf":[],"yoast_head":"<!-- This site is optimized with the Yoast SEO plugin v26.5 - https:\/\/yoast.com\/wordpress\/plugins\/seo\/ -->\n<title>PSOL e PT acionam STF para barrar privatiza\u00e7\u00e3o da Celepar no Paran\u00e1 e proteger dados dos cidad\u00e3os - PSOL 50<\/title>\n<meta name=\"description\" content=\"PSOL e PT acionam STF para barrar privatiza\u00e7\u00e3o da Celepar no Paran\u00e1 e proteger dados dos cidad\u00e3os. Saiba mais.\" \/>\n<meta name=\"robots\" content=\"index, follow, max-snippet:-1, max-image-preview:large, max-video-preview:-1\" \/>\n<link rel=\"canonical\" href=\"https:\/\/psol50.org.br\/psol-e-pt-acionam-stf-para-barrar-privatizacao-da-celepar-no-parana-e-proteger-dados-dos-cidadaos\/\" \/>\n<meta property=\"og:locale\" content=\"pt_BR\" \/>\n<meta property=\"og:type\" content=\"article\" \/>\n<meta property=\"og:title\" content=\"PSOL e PT acionam STF para barrar privatiza\u00e7\u00e3o da Celepar no Paran\u00e1 e proteger dados dos cidad\u00e3os - PSOL 50\" \/>\n<meta property=\"og:description\" content=\"PSOL e PT acionam STF para barrar privatiza\u00e7\u00e3o da Celepar no Paran\u00e1 e proteger dados dos cidad\u00e3os. Saiba mais.\" \/>\n<meta property=\"og:url\" content=\"https:\/\/psol50.org.br\/psol-e-pt-acionam-stf-para-barrar-privatizacao-da-celepar-no-parana-e-proteger-dados-dos-cidadaos\/\" \/>\n<meta property=\"og:site_name\" content=\"PSOL 50\" \/>\n<meta property=\"article:publisher\" content=\"https:\/\/www.facebook.com\/psol50\" \/>\n<meta property=\"article:published_time\" content=\"2025-11-04T20:28:27+00:00\" \/>\n<meta property=\"article:modified_time\" content=\"2025-11-05T18:04:20+00:00\" \/>\n<meta property=\"og:image\" content=\"https:\/\/psol50.org.br\/inc\/uploads\/2025\/11\/raf07642-scaled.jpg\" \/>\n\t<meta property=\"og:image:width\" content=\"2560\" \/>\n\t<meta property=\"og:image:height\" content=\"1707\" \/>\n\t<meta property=\"og:image:type\" content=\"image\/jpeg\" \/>\n<meta name=\"author\" content=\"Comunica\u00e7\u00e3o PSOL\" \/>\n<meta name=\"twitter:card\" content=\"summary_large_image\" \/>\n<meta name=\"twitter:creator\" content=\"@psol50\" \/>\n<meta name=\"twitter:site\" content=\"@psol50\" \/>\n<meta name=\"twitter:label1\" content=\"Escrito por\" \/>\n\t<meta name=\"twitter:data1\" content=\"Comunica\u00e7\u00e3o PSOL\" \/>\n\t<meta name=\"twitter:label2\" content=\"Est. tempo de leitura\" \/>\n\t<meta name=\"twitter:data2\" content=\"2 minutos\" \/>\n<script type=\"application\/ld+json\" class=\"yoast-schema-graph\">{\"@context\":\"https:\/\/schema.org\",\"@graph\":[{\"@type\":\"Article\",\"@id\":\"https:\/\/psol50.org.br\/psol-e-pt-acionam-stf-para-barrar-privatizacao-da-celepar-no-parana-e-proteger-dados-dos-cidadaos\/#article\",\"isPartOf\":{\"@id\":\"https:\/\/psol50.org.br\/psol-e-pt-acionam-stf-para-barrar-privatizacao-da-celepar-no-parana-e-proteger-dados-dos-cidadaos\/\"},\"author\":{\"name\":\"Comunica\u00e7\u00e3o PSOL\",\"@id\":\"https:\/\/psol50.org.br\/#\/schema\/person\/475dfa57d0b815993c714c2e96491fcd\"},\"headline\":\"PSOL e PT acionam STF para barrar privatiza\u00e7\u00e3o da Celepar no Paran\u00e1 e proteger dados dos cidad\u00e3os\",\"datePublished\":\"2025-11-04T20:28:27+00:00\",\"dateModified\":\"2025-11-05T18:04:20+00:00\",\"mainEntityOfPage\":{\"@id\":\"https:\/\/psol50.org.br\/psol-e-pt-acionam-stf-para-barrar-privatizacao-da-celepar-no-parana-e-proteger-dados-dos-cidadaos\/\"},\"wordCount\":355,\"publisher\":{\"@id\":\"https:\/\/psol50.org.br\/#organization\"},\"image\":{\"@id\":\"https:\/\/psol50.org.br\/psol-e-pt-acionam-stf-para-barrar-privatizacao-da-celepar-no-parana-e-proteger-dados-dos-cidadaos\/#primaryimage\"},\"thumbnailUrl\":\"https:\/\/psol50.org.br\/inc\/uploads\/2025\/11\/raf07642-scaled.jpg\",\"keywords\":[\"A\u00e7\u00f5es Jur\u00eddicas\",\"Not\u00edcias\"],\"articleSection\":[\"A\u00e7\u00e3o do PSOL\"],\"inLanguage\":\"pt-BR\"},{\"@type\":\"WebPage\",\"@id\":\"https:\/\/psol50.org.br\/psol-e-pt-acionam-stf-para-barrar-privatizacao-da-celepar-no-parana-e-proteger-dados-dos-cidadaos\/\",\"url\":\"https:\/\/psol50.org.br\/psol-e-pt-acionam-stf-para-barrar-privatizacao-da-celepar-no-parana-e-proteger-dados-dos-cidadaos\/\",\"name\":\"PSOL e PT acionam STF para barrar privatiza\u00e7\u00e3o da Celepar no Paran\u00e1 e proteger dados dos cidad\u00e3os - PSOL 50\",\"isPartOf\":{\"@id\":\"https:\/\/psol50.org.br\/#website\"},\"primaryImageOfPage\":{\"@id\":\"https:\/\/psol50.org.br\/psol-e-pt-acionam-stf-para-barrar-privatizacao-da-celepar-no-parana-e-proteger-dados-dos-cidadaos\/#primaryimage\"},\"image\":{\"@id\":\"https:\/\/psol50.org.br\/psol-e-pt-acionam-stf-para-barrar-privatizacao-da-celepar-no-parana-e-proteger-dados-dos-cidadaos\/#primaryimage\"},\"thumbnailUrl\":\"https:\/\/psol50.org.br\/inc\/uploads\/2025\/11\/raf07642-scaled.jpg\",\"datePublished\":\"2025-11-04T20:28:27+00:00\",\"dateModified\":\"2025-11-05T18:04:20+00:00\",\"description\":\"PSOL e PT acionam STF para barrar privatiza\u00e7\u00e3o da Celepar no Paran\u00e1 e proteger dados dos cidad\u00e3os. Saiba mais.\",\"breadcrumb\":{\"@id\":\"https:\/\/psol50.org.br\/psol-e-pt-acionam-stf-para-barrar-privatizacao-da-celepar-no-parana-e-proteger-dados-dos-cidadaos\/#breadcrumb\"},\"inLanguage\":\"pt-BR\",\"potentialAction\":[{\"@type\":\"ReadAction\",\"target\":[\"https:\/\/psol50.org.br\/psol-e-pt-acionam-stf-para-barrar-privatizacao-da-celepar-no-parana-e-proteger-dados-dos-cidadaos\/\"]}]},{\"@type\":\"ImageObject\",\"inLanguage\":\"pt-BR\",\"@id\":\"https:\/\/psol50.org.br\/psol-e-pt-acionam-stf-para-barrar-privatizacao-da-celepar-no-parana-e-proteger-dados-dos-cidadaos\/#primaryimage\",\"url\":\"https:\/\/psol50.org.br\/inc\/uploads\/2025\/11\/raf07642-scaled.jpg\",\"contentUrl\":\"https:\/\/psol50.org.br\/inc\/uploads\/2025\/11\/raf07642-scaled.jpg\",\"width\":2560,\"height\":1707,\"caption\":\"Foto: Rafa Neddermeyer\/Ag\u00eancia Brasil\"},{\"@type\":\"BreadcrumbList\",\"@id\":\"https:\/\/psol50.org.br\/psol-e-pt-acionam-stf-para-barrar-privatizacao-da-celepar-no-parana-e-proteger-dados-dos-cidadaos\/#breadcrumb\",\"itemListElement\":[{\"@type\":\"ListItem\",\"position\":1,\"name\":\"In\u00edcio\",\"item\":\"https:\/\/psol50.org.br\/\"},{\"@type\":\"ListItem\",\"position\":2,\"name\":\"PSOL e PT acionam STF para barrar privatiza\u00e7\u00e3o da Celepar no Paran\u00e1 e proteger dados dos cidad\u00e3os\"}]},{\"@type\":\"WebSite\",\"@id\":\"https:\/\/psol50.org.br\/#website\",\"url\":\"https:\/\/psol50.org.br\/\",\"name\":\"PSOL 50\",\"description\":\"Site oficial do Partido Socialismo e Liberdade\",\"publisher\":{\"@id\":\"https:\/\/psol50.org.br\/#organization\"},\"alternateName\":\"PSOL50\",\"potentialAction\":[{\"@type\":\"SearchAction\",\"target\":{\"@type\":\"EntryPoint\",\"urlTemplate\":\"https:\/\/psol50.org.br\/?s={search_term_string}\"},\"query-input\":{\"@type\":\"PropertyValueSpecification\",\"valueRequired\":true,\"valueName\":\"search_term_string\"}}],\"inLanguage\":\"pt-BR\"},{\"@type\":\"Organization\",\"@id\":\"https:\/\/psol50.org.br\/#organization\",\"name\":\"PSOL 50\",\"alternateName\":\"PSOL 50\",\"url\":\"https:\/\/psol50.org.br\/\",\"logo\":{\"@type\":\"ImageObject\",\"inLanguage\":\"pt-BR\",\"@id\":\"https:\/\/psol50.org.br\/#\/schema\/logo\/image\/\",\"url\":\"https:\/\/psol50.org.br\/inc\/uploads\/2018\/07\/capa.png\",\"contentUrl\":\"https:\/\/psol50.org.br\/inc\/uploads\/2018\/07\/capa.png\",\"width\":1350,\"height\":900,\"caption\":\"PSOL 50\"},\"image\":{\"@id\":\"https:\/\/psol50.org.br\/#\/schema\/logo\/image\/\"},\"sameAs\":[\"https:\/\/www.facebook.com\/psol50\",\"https:\/\/x.com\/psol50\",\"https:\/\/www.instagram.com\/psol50\/\",\"https:\/\/www.youtube.com\/channel\/UC7SnJS5o1os7a6CaiNabzcg\"]},{\"@type\":\"Person\",\"@id\":\"https:\/\/psol50.org.br\/#\/schema\/person\/475dfa57d0b815993c714c2e96491fcd\",\"name\":\"Comunica\u00e7\u00e3o PSOL\",\"image\":{\"@type\":\"ImageObject\",\"inLanguage\":\"pt-BR\",\"@id\":\"https:\/\/psol50.org.br\/#\/schema\/person\/image\/\",\"url\":\"https:\/\/secure.gravatar.com\/avatar\/b34fc4f4e468a4e51785917065a3db57b841f5c95dba6ad8c73aaf8f66f8f9bf?s=96&d=mm&r=g\",\"contentUrl\":\"https:\/\/secure.gravatar.com\/avatar\/b34fc4f4e468a4e51785917065a3db57b841f5c95dba6ad8c73aaf8f66f8f9bf?s=96&d=mm&r=g\",\"caption\":\"Comunica\u00e7\u00e3o PSOL\"}}]}<\/script>\n<!-- \/ Yoast SEO plugin. -->","yoast_head_json":{"title":"PSOL e PT acionam STF para barrar privatiza\u00e7\u00e3o da Celepar no Paran\u00e1 e proteger dados dos cidad\u00e3os - PSOL 50","description":"PSOL e PT acionam STF para barrar privatiza\u00e7\u00e3o da Celepar no Paran\u00e1 e proteger dados dos cidad\u00e3os. Saiba mais.","robots":{"index":"index","follow":"follow","max-snippet":"max-snippet:-1","max-image-preview":"max-image-preview:large","max-video-preview":"max-video-preview:-1"},"canonical":"https:\/\/psol50.org.br\/psol-e-pt-acionam-stf-para-barrar-privatizacao-da-celepar-no-parana-e-proteger-dados-dos-cidadaos\/","og_locale":"pt_BR","og_type":"article","og_title":"PSOL e PT acionam STF para barrar privatiza\u00e7\u00e3o da Celepar no Paran\u00e1 e proteger dados dos cidad\u00e3os - PSOL 50","og_description":"PSOL e PT acionam STF para barrar privatiza\u00e7\u00e3o da Celepar no Paran\u00e1 e proteger dados dos cidad\u00e3os. Saiba mais.","og_url":"https:\/\/psol50.org.br\/psol-e-pt-acionam-stf-para-barrar-privatizacao-da-celepar-no-parana-e-proteger-dados-dos-cidadaos\/","og_site_name":"PSOL 50","article_publisher":"https:\/\/www.facebook.com\/psol50","article_published_time":"2025-11-04T20:28:27+00:00","article_modified_time":"2025-11-05T18:04:20+00:00","og_image":[{"width":2560,"height":1707,"url":"https:\/\/psol50.org.br\/inc\/uploads\/2025\/11\/raf07642-scaled.jpg","type":"image\/jpeg"}],"author":"Comunica\u00e7\u00e3o PSOL","twitter_card":"summary_large_image","twitter_creator":"@psol50","twitter_site":"@psol50","twitter_misc":{"Escrito por":"Comunica\u00e7\u00e3o PSOL","Est. tempo de leitura":"2 minutos"},"schema":{"@context":"https:\/\/schema.org","@graph":[{"@type":"Article","@id":"https:\/\/psol50.org.br\/psol-e-pt-acionam-stf-para-barrar-privatizacao-da-celepar-no-parana-e-proteger-dados-dos-cidadaos\/#article","isPartOf":{"@id":"https:\/\/psol50.org.br\/psol-e-pt-acionam-stf-para-barrar-privatizacao-da-celepar-no-parana-e-proteger-dados-dos-cidadaos\/"},"author":{"name":"Comunica\u00e7\u00e3o PSOL","@id":"https:\/\/psol50.org.br\/#\/schema\/person\/475dfa57d0b815993c714c2e96491fcd"},"headline":"PSOL e PT acionam STF para barrar privatiza\u00e7\u00e3o da Celepar no Paran\u00e1 e proteger dados dos cidad\u00e3os","datePublished":"2025-11-04T20:28:27+00:00","dateModified":"2025-11-05T18:04:20+00:00","mainEntityOfPage":{"@id":"https:\/\/psol50.org.br\/psol-e-pt-acionam-stf-para-barrar-privatizacao-da-celepar-no-parana-e-proteger-dados-dos-cidadaos\/"},"wordCount":355,"publisher":{"@id":"https:\/\/psol50.org.br\/#organization"},"image":{"@id":"https:\/\/psol50.org.br\/psol-e-pt-acionam-stf-para-barrar-privatizacao-da-celepar-no-parana-e-proteger-dados-dos-cidadaos\/#primaryimage"},"thumbnailUrl":"https:\/\/psol50.org.br\/inc\/uploads\/2025\/11\/raf07642-scaled.jpg","keywords":["A\u00e7\u00f5es Jur\u00eddicas","Not\u00edcias"],"articleSection":["A\u00e7\u00e3o do PSOL"],"inLanguage":"pt-BR"},{"@type":"WebPage","@id":"https:\/\/psol50.org.br\/psol-e-pt-acionam-stf-para-barrar-privatizacao-da-celepar-no-parana-e-proteger-dados-dos-cidadaos\/","url":"https:\/\/psol50.org.br\/psol-e-pt-acionam-stf-para-barrar-privatizacao-da-celepar-no-parana-e-proteger-dados-dos-cidadaos\/","name":"PSOL e PT acionam STF para barrar privatiza\u00e7\u00e3o da Celepar no Paran\u00e1 e proteger dados dos cidad\u00e3os - PSOL 50","isPartOf":{"@id":"https:\/\/psol50.org.br\/#website"},"primaryImageOfPage":{"@id":"https:\/\/psol50.org.br\/psol-e-pt-acionam-stf-para-barrar-privatizacao-da-celepar-no-parana-e-proteger-dados-dos-cidadaos\/#primaryimage"},"image":{"@id":"https:\/\/psol50.org.br\/psol-e-pt-acionam-stf-para-barrar-privatizacao-da-celepar-no-parana-e-proteger-dados-dos-cidadaos\/#primaryimage"},"thumbnailUrl":"https:\/\/psol50.org.br\/inc\/uploads\/2025\/11\/raf07642-scaled.jpg","datePublished":"2025-11-04T20:28:27+00:00","dateModified":"2025-11-05T18:04:20+00:00","description":"PSOL e PT acionam STF para barrar privatiza\u00e7\u00e3o da Celepar no Paran\u00e1 e proteger dados dos cidad\u00e3os. Saiba mais.","breadcrumb":{"@id":"https:\/\/psol50.org.br\/psol-e-pt-acionam-stf-para-barrar-privatizacao-da-celepar-no-parana-e-proteger-dados-dos-cidadaos\/#breadcrumb"},"inLanguage":"pt-BR","potentialAction":[{"@type":"ReadAction","target":["https:\/\/psol50.org.br\/psol-e-pt-acionam-stf-para-barrar-privatizacao-da-celepar-no-parana-e-proteger-dados-dos-cidadaos\/"]}]},{"@type":"ImageObject","inLanguage":"pt-BR","@id":"https:\/\/psol50.org.br\/psol-e-pt-acionam-stf-para-barrar-privatizacao-da-celepar-no-parana-e-proteger-dados-dos-cidadaos\/#primaryimage","url":"https:\/\/psol50.org.br\/inc\/uploads\/2025\/11\/raf07642-scaled.jpg","contentUrl":"https:\/\/psol50.org.br\/inc\/uploads\/2025\/11\/raf07642-scaled.jpg","width":2560,"height":1707,"caption":"Foto: Rafa Neddermeyer\/Ag\u00eancia Brasil"},{"@type":"BreadcrumbList","@id":"https:\/\/psol50.org.br\/psol-e-pt-acionam-stf-para-barrar-privatizacao-da-celepar-no-parana-e-proteger-dados-dos-cidadaos\/#breadcrumb","itemListElement":[{"@type":"ListItem","position":1,"name":"In\u00edcio","item":"https:\/\/psol50.org.br\/"},{"@type":"ListItem","position":2,"name":"PSOL e PT acionam STF para barrar privatiza\u00e7\u00e3o da Celepar no Paran\u00e1 e proteger dados dos cidad\u00e3os"}]},{"@type":"WebSite","@id":"https:\/\/psol50.org.br\/#website","url":"https:\/\/psol50.org.br\/","name":"PSOL 50","description":"Site oficial do Partido Socialismo e Liberdade","publisher":{"@id":"https:\/\/psol50.org.br\/#organization"},"alternateName":"PSOL50","potentialAction":[{"@type":"SearchAction","target":{"@type":"EntryPoint","urlTemplate":"https:\/\/psol50.org.br\/?s={search_term_string}"},"query-input":{"@type":"PropertyValueSpecification","valueRequired":true,"valueName":"search_term_string"}}],"inLanguage":"pt-BR"},{"@type":"Organization","@id":"https:\/\/psol50.org.br\/#organization","name":"PSOL 50","alternateName":"PSOL 50","url":"https:\/\/psol50.org.br\/","logo":{"@type":"ImageObject","inLanguage":"pt-BR","@id":"https:\/\/psol50.org.br\/#\/schema\/logo\/image\/","url":"https:\/\/psol50.org.br\/inc\/uploads\/2018\/07\/capa.png","contentUrl":"https:\/\/psol50.org.br\/inc\/uploads\/2018\/07\/capa.png","width":1350,"height":900,"caption":"PSOL 50"},"image":{"@id":"https:\/\/psol50.org.br\/#\/schema\/logo\/image\/"},"sameAs":["https:\/\/www.facebook.com\/psol50","https:\/\/x.com\/psol50","https:\/\/www.instagram.com\/psol50\/","https:\/\/www.youtube.com\/channel\/UC7SnJS5o1os7a6CaiNabzcg"]},{"@type":"Person","@id":"https:\/\/psol50.org.br\/#\/schema\/person\/475dfa57d0b815993c714c2e96491fcd","name":"Comunica\u00e7\u00e3o PSOL","image":{"@type":"ImageObject","inLanguage":"pt-BR","@id":"https:\/\/psol50.org.br\/#\/schema\/person\/image\/","url":"https:\/\/secure.gravatar.com\/avatar\/b34fc4f4e468a4e51785917065a3db57b841f5c95dba6ad8c73aaf8f66f8f9bf?s=96&d=mm&r=g","contentUrl":"https:\/\/secure.gravatar.com\/avatar\/b34fc4f4e468a4e51785917065a3db57b841f5c95dba6ad8c73aaf8f66f8f9bf?s=96&d=mm&r=g","caption":"Comunica\u00e7\u00e3o PSOL"}}]}},"_links":{"self":[{"href":"https:\/\/psol50.org.br\/rest\/wp\/v2\/posts\/41941","targetHints":{"allow":["GET"]}}],"collection":[{"href":"https:\/\/psol50.org.br\/rest\/wp\/v2\/posts"}],"about":[{"href":"https:\/\/psol50.org.br\/rest\/wp\/v2\/types\/post"}],"author":[{"embeddable":true,"href":"https:\/\/psol50.org.br\/rest\/wp\/v2\/users\/2"}],"replies":[{"embeddable":true,"href":"https:\/\/psol50.org.br\/rest\/wp\/v2\/comments?post=41941"}],"version-history":[{"count":1,"href":"https:\/\/psol50.org.br\/rest\/wp\/v2\/posts\/41941\/revisions"}],"predecessor-version":[{"id":41943,"href":"https:\/\/psol50.org.br\/rest\/wp\/v2\/posts\/41941\/revisions\/41943"}],"wp:featuredmedia":[{"embeddable":true,"href":"https:\/\/psol50.org.br\/rest\/wp\/v2\/media\/41942"}],"wp:attachment":[{"href":"https:\/\/psol50.org.br\/rest\/wp\/v2\/media?parent=41941"}],"wp:term":[{"taxonomy":"category","embeddable":true,"href":"https:\/\/psol50.org.br\/rest\/wp\/v2\/categories?post=41941"},{"taxonomy":"post_tag","embeddable":true,"href":"https:\/\/psol50.org.br\/rest\/wp\/v2\/tags?post=41941"}],"curies":[{"name":"wp","href":"https:\/\/api.w.org\/{rel}","templated":true}]}}