{"id":41982,"date":"2025-11-06T15:02:09","date_gmt":"2025-11-06T18:02:09","guid":{"rendered":"https:\/\/psol50.org.br\/?p=41982"},"modified":"2025-11-22T11:50:14","modified_gmt":"2025-11-22T14:50:14","slug":"psol-na-cop30-confira-a-agenda-do-partido-em-belem-pa-durante-a-conferencia-climatica","status":"publish","type":"post","link":"https:\/\/psol50.org.br\/psol-na-cop30-confira-a-agenda-do-partido-em-belem-pa-durante-a-conferencia-climatica\/","title":{"rendered":"PSOL na COP30: Confira a agenda do partido em Bel\u00e9m (PA) durante a Confer\u00eancia Clim\u00e1tica"},"content":{"rendered":"<p>Com o in\u00edcio da COP30 em Bel\u00e9m (PA) cada vez mais pr\u00f3ximo, a dire\u00e7\u00e3o nacional do PSOL divulgou uma ampla agenda de atividades que contar\u00e3o tanto com a organiza\u00e7\u00e3o direta como com o apoio do partido durante a realiza\u00e7\u00e3o da C\u00fapula Clim\u00e1tica da ONU.<\/p>\n<p>Com os olhos de todo o mundo voltados para o cora\u00e7\u00e3o da Amaz\u00f4nia, a COP \u00e9 uma oportunidade estrat\u00e9gica para fortalecer as lutas e os movimentos socioambientais e clim\u00e1ticos no Brasil, nos demais pa\u00edses amaz\u00f4nicos e no Sul Global.<\/p>\n<p>Tamb\u00e9m \u00e9 uma chance que o pa\u00eds tem de assumir compromissos cada vez mais concretos com pol\u00edticas de preven\u00e7\u00e3o e mitiga\u00e7\u00e3o que reduzam as emiss\u00f5es de gases de efeito estufa, assim como de adotar pol\u00edticas de adapta\u00e7\u00e3o que preparem as cidades e as popula\u00e7\u00f5es mais vulner\u00e1veis para os efeitos extremos da crise clim\u00e1tica.<\/p>\n<p>Durante o processo de atualiza\u00e7\u00e3o program\u00e1tica do partido ao longo deste ano de 2025, o PSOL tamb\u00e9m promoveu uma s\u00e9rie de debates que culminaram em <strong><a href=\"https:\/\/psol50.org.br\/psol-apresenta-13-propostas-para-o-brasil-na-cop30\/\" target=\"_blank\" rel=\"noopener\">13 propostas do partido para a COP30, que podem ser lidas aqui<\/a><\/strong>.<\/p>\n<h4><em>O PSOL convoca sua milit\u00e2ncia a participar em especial dessa agenda abaixo em Bel\u00e9m (PA) durante a COP:<\/em><\/h4>\n<p><strong>10\/11<\/strong> &#8211; Abertura da COP 30<\/p>\n<p><strong>10\/11<\/strong> &#8211; <em>15h30 \u00e0s 16h30<\/em>: O papel da mobiliza\u00e7\u00e3o popular no enfrentamento da crise clim\u00e1tica<br \/>\n<em>Local<\/em>: Pavilh\u00e3o Brasil<\/p>\n<p><strong>8 a 11\/11<\/strong> &#8211; Encontro Ecossocialista Latino-americano e Caribenho<br \/>\n<em>Local<\/em>: Unama<\/p>\n<p><strong>11\/11<\/strong> &#8211; <em>17h<\/em> &#8211; Marcha pela Sa\u00fade e pelo Clima<br \/>\n<em>Local<\/em>: Embaixada dos Povos<\/p>\n<p><strong>12\/11<\/strong> &#8211; <em>9h<\/em> &#8211; Barqueata de abertura da C\u00fapula dos Povos<\/p>\n<p><strong>13\/11<\/strong> &#8211; <em>9h<\/em> &#8211; Plen\u00e1ria Socioambiental do PSOL na COP \/ PSOL Pelo Brasil<br \/>\n<em>Local<\/em>: Sede do PSOL\/PA<\/p>\n<p><strong>13\/11<\/strong> &#8211; <em>15h<\/em> &#8211; Debate &#8211; Da Amaz\u00f4nia \u00e0 Palestina: o combate ao ecogenoc\u00eddio e a luta por justi\u00e7a clim\u00e1tica<br \/>\n<em>Local<\/em>: Audit\u00f3rio H2 &#8211; UFPA<\/p>\n<p><strong>13\/11<\/strong> &#8211; <em>18h<\/em> &#8211; Encontro Sociedade e Parlamento &#8211; Organiza\u00e7\u00e3o: GT Clima &#8211; Frente Parlamentar Ambientalista da C\u00e2mara Federal<br \/>\n<em>Local<\/em>: Casa Ninja Amaz\u00f4nia<\/p>\n<p><strong>13 e 14\/11<\/strong> &#8211; <em>14h \u00e0s 18h<\/em> &#8211; Atividades enla\u00e7adas da C\u00fapula dos Povos em constru\u00e7\u00e3o com parceiros<br \/>\n<em>Local<\/em>: UFPA<\/p>\n<p><strong>14\/11<\/strong> &#8211; <em>8h30<\/em> &#8211; Encontro Internacional de Parlamentares e Sociedade Civil por Justi\u00e7a Clim\u00e1tica<br \/>\n<em>Local<\/em>: Centro de Conven\u00e7\u00f5es Benedito Nunes &#8211; UFPA<\/p>\n<p><strong>15\/11<\/strong> &#8211; <em>9h<\/em> &#8211; Marcha Global<br \/>\n<em>Local<\/em>: Mercado de S\u00e3o Br\u00e1s<\/p>\n<p><strong>16\/11<\/strong> &#8211; <em>9h<\/em> &#8211; Encontro da Rede Futuro<br \/>\n<em>Local<\/em>: Embaixada dos Povos<\/p>\n<p><strong>16\/11<\/strong> &#8211; Encerramento da C\u00fapula dos Povos<br \/>\n<em>Local<\/em>: UFPA<\/p>\n<p><strong>18\/11<\/strong> &#8211; <em>9h \u00e0s 16h<\/em> &#8211; Encontro Internacional pelo fim dos combust\u00edveis f\u00f3sseis<br \/>\n<em>Local<\/em>: Embaixada dos Povos<\/p>\n","protected":false},"excerpt":{"rendered":"<p>Com o in\u00edcio da COP30 em Bel\u00e9m (PA) cada vez mais pr\u00f3ximo, a dire\u00e7\u00e3o nacional do PSOL divulgou uma ampla agenda de atividades que contar\u00e3o tanto com a organiza\u00e7\u00e3o direta como com o apoio do partido durante a realiza\u00e7\u00e3o da C\u00fapula Clim\u00e1tica da ONU. Com os olhos de todo o mundo voltados para o cora\u00e7\u00e3o [&hellip;]<\/p>\n","protected":false},"author":2,"featured_media":36106,"comment_status":"closed","ping_status":"open","sticky":false,"template":"","format":"standard","meta":{"_acf_changed":false,"footnotes":""},"categories":[14],"tags":[4825],"class_list":{"0":"post-41982","1":"post","2":"type-post","3":"status-publish","4":"format-standard","5":"has-post-thumbnail","7":"category-partido","8":"tag-noticias"},"acf":[],"yoast_head":"<!-- This site is optimized with the Yoast SEO plugin v26.5 - https:\/\/yoast.com\/wordpress\/plugins\/seo\/ -->\n<title>PSOL na COP30: Confira a agenda do partido em Bel\u00e9m (PA) durante a Confer\u00eancia Clim\u00e1tica<\/title>\n<meta name=\"robots\" content=\"index, follow, max-snippet:-1, max-image-preview:large, max-video-preview:-1\" \/>\n<link rel=\"canonical\" href=\"https:\/\/psol50.org.br\/psol-na-cop30-confira-a-agenda-do-partido-em-belem-pa-durante-a-conferencia-climatica\/\" \/>\n<meta property=\"og:locale\" content=\"pt_BR\" \/>\n<meta property=\"og:type\" content=\"article\" \/>\n<meta property=\"og:title\" content=\"PSOL na COP30: Confira a agenda do partido em Bel\u00e9m (PA) durante a Confer\u00eancia Clim\u00e1tica\" \/>\n<meta property=\"og:description\" content=\"Com o in\u00edcio da COP30 em Bel\u00e9m (PA) cada vez mais pr\u00f3ximo, a dire\u00e7\u00e3o nacional do PSOL divulgou uma ampla agenda de atividades que contar\u00e3o tanto com a organiza\u00e7\u00e3o direta como com o apoio do partido durante a realiza\u00e7\u00e3o da C\u00fapula Clim\u00e1tica da ONU. Com os olhos de todo o mundo voltados para o cora\u00e7\u00e3o [&hellip;]\" \/>\n<meta property=\"og:url\" content=\"https:\/\/psol50.org.br\/psol-na-cop30-confira-a-agenda-do-partido-em-belem-pa-durante-a-conferencia-climatica\/\" \/>\n<meta property=\"og:site_name\" content=\"PSOL 50\" \/>\n<meta property=\"article:publisher\" content=\"https:\/\/www.facebook.com\/psol50\" \/>\n<meta property=\"article:published_time\" content=\"2025-11-06T18:02:09+00:00\" \/>\n<meta property=\"article:modified_time\" content=\"2025-11-22T14:50:14+00:00\" \/>\n<meta property=\"og:image\" content=\"https:\/\/psol50.org.br\/inc\/uploads\/2022\/07\/radis235-atl-2022.jpeg\" \/>\n\t<meta property=\"og:image:width\" content=\"2000\" \/>\n\t<meta property=\"og:image:height\" content=\"1333\" \/>\n\t<meta property=\"og:image:type\" content=\"image\/jpeg\" \/>\n<meta name=\"author\" content=\"Comunica\u00e7\u00e3o PSOL\" \/>\n<meta name=\"twitter:card\" content=\"summary_large_image\" \/>\n<meta name=\"twitter:creator\" content=\"@psol50\" \/>\n<meta name=\"twitter:site\" content=\"@psol50\" \/>\n<meta name=\"twitter:label1\" content=\"Escrito por\" \/>\n\t<meta name=\"twitter:data1\" content=\"Comunica\u00e7\u00e3o PSOL\" \/>\n\t<meta name=\"twitter:label2\" content=\"Est. tempo de leitura\" \/>\n\t<meta name=\"twitter:data2\" content=\"2 minutos\" \/>\n<script type=\"application\/ld+json\" class=\"yoast-schema-graph\">{\"@context\":\"https:\/\/schema.org\",\"@graph\":[{\"@type\":\"Article\",\"@id\":\"https:\/\/psol50.org.br\/psol-na-cop30-confira-a-agenda-do-partido-em-belem-pa-durante-a-conferencia-climatica\/#article\",\"isPartOf\":{\"@id\":\"https:\/\/psol50.org.br\/psol-na-cop30-confira-a-agenda-do-partido-em-belem-pa-durante-a-conferencia-climatica\/\"},\"author\":{\"name\":\"Comunica\u00e7\u00e3o PSOL\",\"@id\":\"https:\/\/psol50.org.br\/#\/schema\/person\/475dfa57d0b815993c714c2e96491fcd\"},\"headline\":\"PSOL na COP30: Confira a agenda do partido em Bel\u00e9m (PA) durante a Confer\u00eancia Clim\u00e1tica\",\"datePublished\":\"2025-11-06T18:02:09+00:00\",\"dateModified\":\"2025-11-22T14:50:14+00:00\",\"mainEntityOfPage\":{\"@id\":\"https:\/\/psol50.org.br\/psol-na-cop30-confira-a-agenda-do-partido-em-belem-pa-durante-a-conferencia-climatica\/\"},\"wordCount\":461,\"publisher\":{\"@id\":\"https:\/\/psol50.org.br\/#organization\"},\"image\":{\"@id\":\"https:\/\/psol50.org.br\/psol-na-cop30-confira-a-agenda-do-partido-em-belem-pa-durante-a-conferencia-climatica\/#primaryimage\"},\"thumbnailUrl\":\"https:\/\/psol50.org.br\/inc\/uploads\/2022\/07\/radis235-atl-2022.jpeg\",\"keywords\":[\"Not\u00edcias\"],\"articleSection\":[\"Partido\"],\"inLanguage\":\"pt-BR\"},{\"@type\":\"WebPage\",\"@id\":\"https:\/\/psol50.org.br\/psol-na-cop30-confira-a-agenda-do-partido-em-belem-pa-durante-a-conferencia-climatica\/\",\"url\":\"https:\/\/psol50.org.br\/psol-na-cop30-confira-a-agenda-do-partido-em-belem-pa-durante-a-conferencia-climatica\/\",\"name\":\"PSOL na COP30: Confira a agenda do partido em Bel\u00e9m (PA) durante a Confer\u00eancia Clim\u00e1tica\",\"isPartOf\":{\"@id\":\"https:\/\/psol50.org.br\/#website\"},\"primaryImageOfPage\":{\"@id\":\"https:\/\/psol50.org.br\/psol-na-cop30-confira-a-agenda-do-partido-em-belem-pa-durante-a-conferencia-climatica\/#primaryimage\"},\"image\":{\"@id\":\"https:\/\/psol50.org.br\/psol-na-cop30-confira-a-agenda-do-partido-em-belem-pa-durante-a-conferencia-climatica\/#primaryimage\"},\"thumbnailUrl\":\"https:\/\/psol50.org.br\/inc\/uploads\/2022\/07\/radis235-atl-2022.jpeg\",\"datePublished\":\"2025-11-06T18:02:09+00:00\",\"dateModified\":\"2025-11-22T14:50:14+00:00\",\"breadcrumb\":{\"@id\":\"https:\/\/psol50.org.br\/psol-na-cop30-confira-a-agenda-do-partido-em-belem-pa-durante-a-conferencia-climatica\/#breadcrumb\"},\"inLanguage\":\"pt-BR\",\"potentialAction\":[{\"@type\":\"ReadAction\",\"target\":[\"https:\/\/psol50.org.br\/psol-na-cop30-confira-a-agenda-do-partido-em-belem-pa-durante-a-conferencia-climatica\/\"]}]},{\"@type\":\"ImageObject\",\"inLanguage\":\"pt-BR\",\"@id\":\"https:\/\/psol50.org.br\/psol-na-cop30-confira-a-agenda-do-partido-em-belem-pa-durante-a-conferencia-climatica\/#primaryimage\",\"url\":\"https:\/\/psol50.org.br\/inc\/uploads\/2022\/07\/radis235-atl-2022.jpeg\",\"contentUrl\":\"https:\/\/psol50.org.br\/inc\/uploads\/2022\/07\/radis235-atl-2022.jpeg\",\"width\":2000,\"height\":1333,\"caption\":\"Foto: Edgar Kanayk\u00f5\"},{\"@type\":\"BreadcrumbList\",\"@id\":\"https:\/\/psol50.org.br\/psol-na-cop30-confira-a-agenda-do-partido-em-belem-pa-durante-a-conferencia-climatica\/#breadcrumb\",\"itemListElement\":[{\"@type\":\"ListItem\",\"position\":1,\"name\":\"In\u00edcio\",\"item\":\"https:\/\/psol50.org.br\/\"},{\"@type\":\"ListItem\",\"position\":2,\"name\":\"PSOL na COP30: Confira a agenda do partido em Bel\u00e9m (PA) durante a Confer\u00eancia Clim\u00e1tica\"}]},{\"@type\":\"WebSite\",\"@id\":\"https:\/\/psol50.org.br\/#website\",\"url\":\"https:\/\/psol50.org.br\/\",\"name\":\"PSOL 50\",\"description\":\"Site oficial do Partido Socialismo e Liberdade\",\"publisher\":{\"@id\":\"https:\/\/psol50.org.br\/#organization\"},\"alternateName\":\"PSOL50\",\"potentialAction\":[{\"@type\":\"SearchAction\",\"target\":{\"@type\":\"EntryPoint\",\"urlTemplate\":\"https:\/\/psol50.org.br\/?s={search_term_string}\"},\"query-input\":{\"@type\":\"PropertyValueSpecification\",\"valueRequired\":true,\"valueName\":\"search_term_string\"}}],\"inLanguage\":\"pt-BR\"},{\"@type\":\"Organization\",\"@id\":\"https:\/\/psol50.org.br\/#organization\",\"name\":\"PSOL 50\",\"alternateName\":\"PSOL 50\",\"url\":\"https:\/\/psol50.org.br\/\",\"logo\":{\"@type\":\"ImageObject\",\"inLanguage\":\"pt-BR\",\"@id\":\"https:\/\/psol50.org.br\/#\/schema\/logo\/image\/\",\"url\":\"https:\/\/psol50.org.br\/inc\/uploads\/2018\/07\/capa.png\",\"contentUrl\":\"https:\/\/psol50.org.br\/inc\/uploads\/2018\/07\/capa.png\",\"width\":1350,\"height\":900,\"caption\":\"PSOL 50\"},\"image\":{\"@id\":\"https:\/\/psol50.org.br\/#\/schema\/logo\/image\/\"},\"sameAs\":[\"https:\/\/www.facebook.com\/psol50\",\"https:\/\/x.com\/psol50\",\"https:\/\/www.instagram.com\/psol50\/\",\"https:\/\/www.youtube.com\/channel\/UC7SnJS5o1os7a6CaiNabzcg\"]},{\"@type\":\"Person\",\"@id\":\"https:\/\/psol50.org.br\/#\/schema\/person\/475dfa57d0b815993c714c2e96491fcd\",\"name\":\"Comunica\u00e7\u00e3o PSOL\",\"image\":{\"@type\":\"ImageObject\",\"inLanguage\":\"pt-BR\",\"@id\":\"https:\/\/psol50.org.br\/#\/schema\/person\/image\/\",\"url\":\"https:\/\/secure.gravatar.com\/avatar\/b34fc4f4e468a4e51785917065a3db57b841f5c95dba6ad8c73aaf8f66f8f9bf?s=96&d=mm&r=g\",\"contentUrl\":\"https:\/\/secure.gravatar.com\/avatar\/b34fc4f4e468a4e51785917065a3db57b841f5c95dba6ad8c73aaf8f66f8f9bf?s=96&d=mm&r=g\",\"caption\":\"Comunica\u00e7\u00e3o PSOL\"}}]}<\/script>\n<!-- \/ Yoast SEO plugin. -->","yoast_head_json":{"title":"PSOL na COP30: Confira a agenda do partido em Bel\u00e9m (PA) durante a Confer\u00eancia Clim\u00e1tica","robots":{"index":"index","follow":"follow","max-snippet":"max-snippet:-1","max-image-preview":"max-image-preview:large","max-video-preview":"max-video-preview:-1"},"canonical":"https:\/\/psol50.org.br\/psol-na-cop30-confira-a-agenda-do-partido-em-belem-pa-durante-a-conferencia-climatica\/","og_locale":"pt_BR","og_type":"article","og_title":"PSOL na COP30: Confira a agenda do partido em Bel\u00e9m (PA) durante a Confer\u00eancia Clim\u00e1tica","og_description":"Com o in\u00edcio da COP30 em Bel\u00e9m (PA) cada vez mais pr\u00f3ximo, a dire\u00e7\u00e3o nacional do PSOL divulgou uma ampla agenda de atividades que contar\u00e3o tanto com a organiza\u00e7\u00e3o direta como com o apoio do partido durante a realiza\u00e7\u00e3o da C\u00fapula Clim\u00e1tica da ONU. Com os olhos de todo o mundo voltados para o cora\u00e7\u00e3o [&hellip;]","og_url":"https:\/\/psol50.org.br\/psol-na-cop30-confira-a-agenda-do-partido-em-belem-pa-durante-a-conferencia-climatica\/","og_site_name":"PSOL 50","article_publisher":"https:\/\/www.facebook.com\/psol50","article_published_time":"2025-11-06T18:02:09+00:00","article_modified_time":"2025-11-22T14:50:14+00:00","og_image":[{"width":2000,"height":1333,"url":"https:\/\/psol50.org.br\/inc\/uploads\/2022\/07\/radis235-atl-2022.jpeg","type":"image\/jpeg"}],"author":"Comunica\u00e7\u00e3o PSOL","twitter_card":"summary_large_image","twitter_creator":"@psol50","twitter_site":"@psol50","twitter_misc":{"Escrito por":"Comunica\u00e7\u00e3o PSOL","Est. tempo de leitura":"2 minutos"},"schema":{"@context":"https:\/\/schema.org","@graph":[{"@type":"Article","@id":"https:\/\/psol50.org.br\/psol-na-cop30-confira-a-agenda-do-partido-em-belem-pa-durante-a-conferencia-climatica\/#article","isPartOf":{"@id":"https:\/\/psol50.org.br\/psol-na-cop30-confira-a-agenda-do-partido-em-belem-pa-durante-a-conferencia-climatica\/"},"author":{"name":"Comunica\u00e7\u00e3o PSOL","@id":"https:\/\/psol50.org.br\/#\/schema\/person\/475dfa57d0b815993c714c2e96491fcd"},"headline":"PSOL na COP30: Confira a agenda do partido em Bel\u00e9m (PA) durante a Confer\u00eancia Clim\u00e1tica","datePublished":"2025-11-06T18:02:09+00:00","dateModified":"2025-11-22T14:50:14+00:00","mainEntityOfPage":{"@id":"https:\/\/psol50.org.br\/psol-na-cop30-confira-a-agenda-do-partido-em-belem-pa-durante-a-conferencia-climatica\/"},"wordCount":461,"publisher":{"@id":"https:\/\/psol50.org.br\/#organization"},"image":{"@id":"https:\/\/psol50.org.br\/psol-na-cop30-confira-a-agenda-do-partido-em-belem-pa-durante-a-conferencia-climatica\/#primaryimage"},"thumbnailUrl":"https:\/\/psol50.org.br\/inc\/uploads\/2022\/07\/radis235-atl-2022.jpeg","keywords":["Not\u00edcias"],"articleSection":["Partido"],"inLanguage":"pt-BR"},{"@type":"WebPage","@id":"https:\/\/psol50.org.br\/psol-na-cop30-confira-a-agenda-do-partido-em-belem-pa-durante-a-conferencia-climatica\/","url":"https:\/\/psol50.org.br\/psol-na-cop30-confira-a-agenda-do-partido-em-belem-pa-durante-a-conferencia-climatica\/","name":"PSOL na COP30: Confira a agenda do partido em Bel\u00e9m (PA) durante a Confer\u00eancia Clim\u00e1tica","isPartOf":{"@id":"https:\/\/psol50.org.br\/#website"},"primaryImageOfPage":{"@id":"https:\/\/psol50.org.br\/psol-na-cop30-confira-a-agenda-do-partido-em-belem-pa-durante-a-conferencia-climatica\/#primaryimage"},"image":{"@id":"https:\/\/psol50.org.br\/psol-na-cop30-confira-a-agenda-do-partido-em-belem-pa-durante-a-conferencia-climatica\/#primaryimage"},"thumbnailUrl":"https:\/\/psol50.org.br\/inc\/uploads\/2022\/07\/radis235-atl-2022.jpeg","datePublished":"2025-11-06T18:02:09+00:00","dateModified":"2025-11-22T14:50:14+00:00","breadcrumb":{"@id":"https:\/\/psol50.org.br\/psol-na-cop30-confira-a-agenda-do-partido-em-belem-pa-durante-a-conferencia-climatica\/#breadcrumb"},"inLanguage":"pt-BR","potentialAction":[{"@type":"ReadAction","target":["https:\/\/psol50.org.br\/psol-na-cop30-confira-a-agenda-do-partido-em-belem-pa-durante-a-conferencia-climatica\/"]}]},{"@type":"ImageObject","inLanguage":"pt-BR","@id":"https:\/\/psol50.org.br\/psol-na-cop30-confira-a-agenda-do-partido-em-belem-pa-durante-a-conferencia-climatica\/#primaryimage","url":"https:\/\/psol50.org.br\/inc\/uploads\/2022\/07\/radis235-atl-2022.jpeg","contentUrl":"https:\/\/psol50.org.br\/inc\/uploads\/2022\/07\/radis235-atl-2022.jpeg","width":2000,"height":1333,"caption":"Foto: Edgar Kanayk\u00f5"},{"@type":"BreadcrumbList","@id":"https:\/\/psol50.org.br\/psol-na-cop30-confira-a-agenda-do-partido-em-belem-pa-durante-a-conferencia-climatica\/#breadcrumb","itemListElement":[{"@type":"ListItem","position":1,"name":"In\u00edcio","item":"https:\/\/psol50.org.br\/"},{"@type":"ListItem","position":2,"name":"PSOL na COP30: Confira a agenda do partido em Bel\u00e9m (PA) durante a Confer\u00eancia Clim\u00e1tica"}]},{"@type":"WebSite","@id":"https:\/\/psol50.org.br\/#website","url":"https:\/\/psol50.org.br\/","name":"PSOL 50","description":"Site oficial do Partido Socialismo e Liberdade","publisher":{"@id":"https:\/\/psol50.org.br\/#organization"},"alternateName":"PSOL50","potentialAction":[{"@type":"SearchAction","target":{"@type":"EntryPoint","urlTemplate":"https:\/\/psol50.org.br\/?s={search_term_string}"},"query-input":{"@type":"PropertyValueSpecification","valueRequired":true,"valueName":"search_term_string"}}],"inLanguage":"pt-BR"},{"@type":"Organization","@id":"https:\/\/psol50.org.br\/#organization","name":"PSOL 50","alternateName":"PSOL 50","url":"https:\/\/psol50.org.br\/","logo":{"@type":"ImageObject","inLanguage":"pt-BR","@id":"https:\/\/psol50.org.br\/#\/schema\/logo\/image\/","url":"https:\/\/psol50.org.br\/inc\/uploads\/2018\/07\/capa.png","contentUrl":"https:\/\/psol50.org.br\/inc\/uploads\/2018\/07\/capa.png","width":1350,"height":900,"caption":"PSOL 50"},"image":{"@id":"https:\/\/psol50.org.br\/#\/schema\/logo\/image\/"},"sameAs":["https:\/\/www.facebook.com\/psol50","https:\/\/x.com\/psol50","https:\/\/www.instagram.com\/psol50\/","https:\/\/www.youtube.com\/channel\/UC7SnJS5o1os7a6CaiNabzcg"]},{"@type":"Person","@id":"https:\/\/psol50.org.br\/#\/schema\/person\/475dfa57d0b815993c714c2e96491fcd","name":"Comunica\u00e7\u00e3o PSOL","image":{"@type":"ImageObject","inLanguage":"pt-BR","@id":"https:\/\/psol50.org.br\/#\/schema\/person\/image\/","url":"https:\/\/secure.gravatar.com\/avatar\/b34fc4f4e468a4e51785917065a3db57b841f5c95dba6ad8c73aaf8f66f8f9bf?s=96&d=mm&r=g","contentUrl":"https:\/\/secure.gravatar.com\/avatar\/b34fc4f4e468a4e51785917065a3db57b841f5c95dba6ad8c73aaf8f66f8f9bf?s=96&d=mm&r=g","caption":"Comunica\u00e7\u00e3o PSOL"}}]}},"_links":{"self":[{"href":"https:\/\/psol50.org.br\/rest\/wp\/v2\/posts\/41982","targetHints":{"allow":["GET"]}}],"collection":[{"href":"https:\/\/psol50.org.br\/rest\/wp\/v2\/posts"}],"about":[{"href":"https:\/\/psol50.org.br\/rest\/wp\/v2\/types\/post"}],"author":[{"embeddable":true,"href":"https:\/\/psol50.org.br\/rest\/wp\/v2\/users\/2"}],"replies":[{"embeddable":true,"href":"https:\/\/psol50.org.br\/rest\/wp\/v2\/comments?post=41982"}],"version-history":[{"count":3,"href":"https:\/\/psol50.org.br\/rest\/wp\/v2\/posts\/41982\/revisions"}],"predecessor-version":[{"id":41985,"href":"https:\/\/psol50.org.br\/rest\/wp\/v2\/posts\/41982\/revisions\/41985"}],"wp:featuredmedia":[{"embeddable":true,"href":"https:\/\/psol50.org.br\/rest\/wp\/v2\/media\/36106"}],"wp:attachment":[{"href":"https:\/\/psol50.org.br\/rest\/wp\/v2\/media?parent=41982"}],"wp:term":[{"taxonomy":"category","embeddable":true,"href":"https:\/\/psol50.org.br\/rest\/wp\/v2\/categories?post=41982"},{"taxonomy":"post_tag","embeddable":true,"href":"https:\/\/psol50.org.br\/rest\/wp\/v2\/tags?post=41982"}],"curies":[{"name":"wp","href":"https:\/\/api.w.org\/{rel}","templated":true}]}}