{"id":42018,"date":"2025-11-11T17:35:58","date_gmt":"2025-11-11T20:35:58","guid":{"rendered":"https:\/\/psol50.org.br\/?p=42018"},"modified":"2025-11-11T17:36:27","modified_gmt":"2025-11-11T20:36:27","slug":"keit-lima-psol-sp-propoe-cpi-da-agua-em-sao-paulo","status":"publish","type":"post","link":"https:\/\/psol50.org.br\/keit-lima-psol-sp-propoe-cpi-da-agua-em-sao-paulo\/","title":{"rendered":"Keit Lima (PSOL-SP) prop\u00f5e CPI da \u00c1gua para investigar crise h\u00eddrica e enchentes em S\u00e3o Paulo"},"content":{"rendered":"<p>A vereadora Keit Lima (PSOL-SP) protocolou na C\u00e2mara Municipal de S\u00e3o Paulo um pedido de abertura da CPI da \u00c1gua: entre a seca e a enchente, com o objetivo de investigar as causas, responsabilidades e consequ\u00eancias da crise h\u00eddrica e das enchentes que atingem a capital paulista. A proposta busca garantir transpar\u00eancia e cobrar solu\u00e7\u00f5es estruturais diante do agravamento da crise clim\u00e1tica na cidade.<\/p>\n<p>Para Keit, a inefici\u00eancia e a omiss\u00e3o do poder p\u00fablico diante de desastres ambientais revelam uma gest\u00e3o que falha em proteger a popula\u00e7\u00e3o mais vulner\u00e1vel. A vereadora critica a aus\u00eancia de pol\u00edticas preventivas e a falta de urg\u00eancia da Prefeitura de Ricardo Nunes e do governo estadual de Tarc\u00edsio de Freitas em adotar medidas eficazes.<\/p>\n<p>O requerimento destaca que a crise h\u00eddrica e as enchentes atingem de forma desigual a popula\u00e7\u00e3o, penalizando principalmente as periferias e comunidades de baixa renda. Segundo Keit Lima, essa desigualdade evidencia o racismo ambiental, que faz com que determinadas regi\u00f5es da cidade sofram mais intensamente os efeitos da escassez de \u00e1gua e da falta de infraestrutura urbana.<\/p>\n<p>Durante a crise h\u00eddrica, o governo estadual anunciou uma redu\u00e7\u00e3o da press\u00e3o no sistema de abastecimento por at\u00e9 16 horas di\u00e1rias, uma medida que, na pr\u00e1tica, prejudica principalmente os bairros mais afastados.<\/p>\n<p>J\u00e1 em rela\u00e7\u00e3o \u00e0s enchentes, o Tribunal de Justi\u00e7a de S\u00e3o Paulo determinou que a gest\u00e3o municipal apresente um plano estrutural para o problema, ap\u00f3s reconhecer a omiss\u00e3o continuada e a\u00e7\u00f5es pontuais no combate \u00e0s inunda\u00e7\u00f5es.<\/p>\n<p>A CPI proposta por Keit Lima prev\u00ea sete membros e prazo de 120 dias para investigar a atua\u00e7\u00e3o da Prefeitura e dos \u00f3rg\u00e3os respons\u00e1veis pela gest\u00e3o h\u00eddrica e pelo controle de enchentes. O objetivo \u00e9 levantar dados, identificar neglig\u00eancias e propor solu\u00e7\u00f5es permanentes que priorizem justi\u00e7a social e ambiental.<\/p>\n","protected":false},"excerpt":{"rendered":"<p>A vereadora Keit Lima (PSOL-SP) protocolou na C\u00e2mara Municipal de S\u00e3o Paulo um pedido de abertura da CPI da \u00c1gua: entre a seca e a enchente, com o objetivo de investigar as causas, responsabilidades e consequ\u00eancias da crise h\u00eddrica e das enchentes que atingem a capital paulista. A proposta busca garantir transpar\u00eancia e cobrar solu\u00e7\u00f5es [&hellip;]<\/p>\n","protected":false},"author":2,"featured_media":40936,"comment_status":"closed","ping_status":"open","sticky":false,"template":"","format":"standard","meta":{"_acf_changed":false,"footnotes":""},"categories":[654],"tags":[4825],"class_list":{"0":"post-42018","1":"post","2":"type-post","3":"status-publish","4":"format-standard","5":"has-post-thumbnail","7":"category-estados","8":"tag-noticias"},"acf":[],"yoast_head":"<!-- This site is optimized with the Yoast SEO plugin v26.5 - https:\/\/yoast.com\/wordpress\/plugins\/seo\/ -->\n<title>Keit Lima (PSOL-SP) prop\u00f5e CPI da \u00c1gua para investigar crise h\u00eddrica e enchentes em S\u00e3o Paulo - PSOL 50<\/title>\n<meta name=\"description\" content=\"Keit Lima (PSOL-SP) prop\u00f5e CPI da \u00c1gua para investigar crise h\u00eddrica e enchentes em S\u00e3o Paulo. Saiba mais.\" \/>\n<meta name=\"robots\" content=\"index, follow, max-snippet:-1, max-image-preview:large, max-video-preview:-1\" \/>\n<link rel=\"canonical\" href=\"https:\/\/psol50.org.br\/keit-lima-psol-sp-propoe-cpi-da-agua-em-sao-paulo\/\" \/>\n<meta property=\"og:locale\" content=\"pt_BR\" \/>\n<meta property=\"og:type\" content=\"article\" \/>\n<meta property=\"og:title\" content=\"Keit Lima (PSOL-SP) prop\u00f5e CPI da \u00c1gua para investigar crise h\u00eddrica e enchentes em S\u00e3o Paulo - PSOL 50\" \/>\n<meta property=\"og:description\" content=\"Keit Lima (PSOL-SP) prop\u00f5e CPI da \u00c1gua para investigar crise h\u00eddrica e enchentes em S\u00e3o Paulo. Saiba mais.\" \/>\n<meta property=\"og:url\" content=\"https:\/\/psol50.org.br\/keit-lima-psol-sp-propoe-cpi-da-agua-em-sao-paulo\/\" \/>\n<meta property=\"og:site_name\" content=\"PSOL 50\" \/>\n<meta property=\"article:publisher\" content=\"https:\/\/www.facebook.com\/psol50\" \/>\n<meta property=\"article:published_time\" content=\"2025-11-11T20:35:58+00:00\" \/>\n<meta property=\"article:modified_time\" content=\"2025-11-11T20:36:27+00:00\" \/>\n<meta property=\"og:image\" content=\"https:\/\/psol50.org.br\/inc\/uploads\/2025\/04\/54384529224_0a865a7716_o-scaled.jpg\" \/>\n\t<meta property=\"og:image:width\" content=\"2560\" \/>\n\t<meta property=\"og:image:height\" content=\"1707\" \/>\n\t<meta property=\"og:image:type\" content=\"image\/jpeg\" \/>\n<meta name=\"author\" content=\"Comunica\u00e7\u00e3o PSOL\" \/>\n<meta name=\"twitter:card\" content=\"summary_large_image\" \/>\n<meta name=\"twitter:creator\" content=\"@psol50\" \/>\n<meta name=\"twitter:site\" content=\"@psol50\" \/>\n<meta name=\"twitter:label1\" content=\"Escrito por\" \/>\n\t<meta name=\"twitter:data1\" content=\"Comunica\u00e7\u00e3o PSOL\" \/>\n\t<meta name=\"twitter:label2\" content=\"Est. tempo de leitura\" \/>\n\t<meta name=\"twitter:data2\" content=\"2 minutos\" \/>\n<script type=\"application\/ld+json\" class=\"yoast-schema-graph\">{\"@context\":\"https:\/\/schema.org\",\"@graph\":[{\"@type\":\"Article\",\"@id\":\"https:\/\/psol50.org.br\/keit-lima-psol-sp-propoe-cpi-da-agua-em-sao-paulo\/#article\",\"isPartOf\":{\"@id\":\"https:\/\/psol50.org.br\/keit-lima-psol-sp-propoe-cpi-da-agua-em-sao-paulo\/\"},\"author\":{\"name\":\"Comunica\u00e7\u00e3o PSOL\",\"@id\":\"https:\/\/psol50.org.br\/#\/schema\/person\/475dfa57d0b815993c714c2e96491fcd\"},\"headline\":\"Keit Lima (PSOL-SP) prop\u00f5e CPI da \u00c1gua para investigar crise h\u00eddrica e enchentes em S\u00e3o Paulo\",\"datePublished\":\"2025-11-11T20:35:58+00:00\",\"dateModified\":\"2025-11-11T20:36:27+00:00\",\"mainEntityOfPage\":{\"@id\":\"https:\/\/psol50.org.br\/keit-lima-psol-sp-propoe-cpi-da-agua-em-sao-paulo\/\"},\"wordCount\":350,\"publisher\":{\"@id\":\"https:\/\/psol50.org.br\/#organization\"},\"image\":{\"@id\":\"https:\/\/psol50.org.br\/keit-lima-psol-sp-propoe-cpi-da-agua-em-sao-paulo\/#primaryimage\"},\"thumbnailUrl\":\"https:\/\/psol50.org.br\/inc\/uploads\/2025\/04\/54384529224_0a865a7716_o-scaled.jpg\",\"keywords\":[\"Not\u00edcias\"],\"articleSection\":[\"Estados\"],\"inLanguage\":\"pt-BR\"},{\"@type\":\"WebPage\",\"@id\":\"https:\/\/psol50.org.br\/keit-lima-psol-sp-propoe-cpi-da-agua-em-sao-paulo\/\",\"url\":\"https:\/\/psol50.org.br\/keit-lima-psol-sp-propoe-cpi-da-agua-em-sao-paulo\/\",\"name\":\"Keit Lima (PSOL-SP) prop\u00f5e CPI da \u00c1gua para investigar crise h\u00eddrica e enchentes em S\u00e3o Paulo - PSOL 50\",\"isPartOf\":{\"@id\":\"https:\/\/psol50.org.br\/#website\"},\"primaryImageOfPage\":{\"@id\":\"https:\/\/psol50.org.br\/keit-lima-psol-sp-propoe-cpi-da-agua-em-sao-paulo\/#primaryimage\"},\"image\":{\"@id\":\"https:\/\/psol50.org.br\/keit-lima-psol-sp-propoe-cpi-da-agua-em-sao-paulo\/#primaryimage\"},\"thumbnailUrl\":\"https:\/\/psol50.org.br\/inc\/uploads\/2025\/04\/54384529224_0a865a7716_o-scaled.jpg\",\"datePublished\":\"2025-11-11T20:35:58+00:00\",\"dateModified\":\"2025-11-11T20:36:27+00:00\",\"description\":\"Keit Lima (PSOL-SP) prop\u00f5e CPI da \u00c1gua para investigar crise h\u00eddrica e enchentes em S\u00e3o Paulo. Saiba mais.\",\"breadcrumb\":{\"@id\":\"https:\/\/psol50.org.br\/keit-lima-psol-sp-propoe-cpi-da-agua-em-sao-paulo\/#breadcrumb\"},\"inLanguage\":\"pt-BR\",\"potentialAction\":[{\"@type\":\"ReadAction\",\"target\":[\"https:\/\/psol50.org.br\/keit-lima-psol-sp-propoe-cpi-da-agua-em-sao-paulo\/\"]}]},{\"@type\":\"ImageObject\",\"inLanguage\":\"pt-BR\",\"@id\":\"https:\/\/psol50.org.br\/keit-lima-psol-sp-propoe-cpi-da-agua-em-sao-paulo\/#primaryimage\",\"url\":\"https:\/\/psol50.org.br\/inc\/uploads\/2025\/04\/54384529224_0a865a7716_o-scaled.jpg\",\"contentUrl\":\"https:\/\/psol50.org.br\/inc\/uploads\/2025\/04\/54384529224_0a865a7716_o-scaled.jpg\",\"width\":2560,\"height\":1707,\"caption\":\"Foto: Lucas Bassi\/C\u00e2mara SP\"},{\"@type\":\"BreadcrumbList\",\"@id\":\"https:\/\/psol50.org.br\/keit-lima-psol-sp-propoe-cpi-da-agua-em-sao-paulo\/#breadcrumb\",\"itemListElement\":[{\"@type\":\"ListItem\",\"position\":1,\"name\":\"In\u00edcio\",\"item\":\"https:\/\/psol50.org.br\/\"},{\"@type\":\"ListItem\",\"position\":2,\"name\":\"Keit Lima (PSOL-SP) prop\u00f5e CPI da \u00c1gua para investigar crise h\u00eddrica e enchentes em S\u00e3o Paulo\"}]},{\"@type\":\"WebSite\",\"@id\":\"https:\/\/psol50.org.br\/#website\",\"url\":\"https:\/\/psol50.org.br\/\",\"name\":\"PSOL 50\",\"description\":\"Site oficial do Partido Socialismo e Liberdade\",\"publisher\":{\"@id\":\"https:\/\/psol50.org.br\/#organization\"},\"alternateName\":\"PSOL50\",\"potentialAction\":[{\"@type\":\"SearchAction\",\"target\":{\"@type\":\"EntryPoint\",\"urlTemplate\":\"https:\/\/psol50.org.br\/?s={search_term_string}\"},\"query-input\":{\"@type\":\"PropertyValueSpecification\",\"valueRequired\":true,\"valueName\":\"search_term_string\"}}],\"inLanguage\":\"pt-BR\"},{\"@type\":\"Organization\",\"@id\":\"https:\/\/psol50.org.br\/#organization\",\"name\":\"PSOL 50\",\"alternateName\":\"PSOL 50\",\"url\":\"https:\/\/psol50.org.br\/\",\"logo\":{\"@type\":\"ImageObject\",\"inLanguage\":\"pt-BR\",\"@id\":\"https:\/\/psol50.org.br\/#\/schema\/logo\/image\/\",\"url\":\"https:\/\/psol50.org.br\/inc\/uploads\/2018\/07\/capa.png\",\"contentUrl\":\"https:\/\/psol50.org.br\/inc\/uploads\/2018\/07\/capa.png\",\"width\":1350,\"height\":900,\"caption\":\"PSOL 50\"},\"image\":{\"@id\":\"https:\/\/psol50.org.br\/#\/schema\/logo\/image\/\"},\"sameAs\":[\"https:\/\/www.facebook.com\/psol50\",\"https:\/\/x.com\/psol50\",\"https:\/\/www.instagram.com\/psol50\/\",\"https:\/\/www.youtube.com\/channel\/UC7SnJS5o1os7a6CaiNabzcg\"]},{\"@type\":\"Person\",\"@id\":\"https:\/\/psol50.org.br\/#\/schema\/person\/475dfa57d0b815993c714c2e96491fcd\",\"name\":\"Comunica\u00e7\u00e3o PSOL\",\"image\":{\"@type\":\"ImageObject\",\"inLanguage\":\"pt-BR\",\"@id\":\"https:\/\/psol50.org.br\/#\/schema\/person\/image\/\",\"url\":\"https:\/\/secure.gravatar.com\/avatar\/b34fc4f4e468a4e51785917065a3db57b841f5c95dba6ad8c73aaf8f66f8f9bf?s=96&d=mm&r=g\",\"contentUrl\":\"https:\/\/secure.gravatar.com\/avatar\/b34fc4f4e468a4e51785917065a3db57b841f5c95dba6ad8c73aaf8f66f8f9bf?s=96&d=mm&r=g\",\"caption\":\"Comunica\u00e7\u00e3o PSOL\"}}]}<\/script>\n<!-- \/ Yoast SEO plugin. -->","yoast_head_json":{"title":"Keit Lima (PSOL-SP) prop\u00f5e CPI da \u00c1gua para investigar crise h\u00eddrica e enchentes em S\u00e3o Paulo - PSOL 50","description":"Keit Lima (PSOL-SP) prop\u00f5e CPI da \u00c1gua para investigar crise h\u00eddrica e enchentes em S\u00e3o Paulo. Saiba mais.","robots":{"index":"index","follow":"follow","max-snippet":"max-snippet:-1","max-image-preview":"max-image-preview:large","max-video-preview":"max-video-preview:-1"},"canonical":"https:\/\/psol50.org.br\/keit-lima-psol-sp-propoe-cpi-da-agua-em-sao-paulo\/","og_locale":"pt_BR","og_type":"article","og_title":"Keit Lima (PSOL-SP) prop\u00f5e CPI da \u00c1gua para investigar crise h\u00eddrica e enchentes em S\u00e3o Paulo - PSOL 50","og_description":"Keit Lima (PSOL-SP) prop\u00f5e CPI da \u00c1gua para investigar crise h\u00eddrica e enchentes em S\u00e3o Paulo. Saiba mais.","og_url":"https:\/\/psol50.org.br\/keit-lima-psol-sp-propoe-cpi-da-agua-em-sao-paulo\/","og_site_name":"PSOL 50","article_publisher":"https:\/\/www.facebook.com\/psol50","article_published_time":"2025-11-11T20:35:58+00:00","article_modified_time":"2025-11-11T20:36:27+00:00","og_image":[{"width":2560,"height":1707,"url":"https:\/\/psol50.org.br\/inc\/uploads\/2025\/04\/54384529224_0a865a7716_o-scaled.jpg","type":"image\/jpeg"}],"author":"Comunica\u00e7\u00e3o PSOL","twitter_card":"summary_large_image","twitter_creator":"@psol50","twitter_site":"@psol50","twitter_misc":{"Escrito por":"Comunica\u00e7\u00e3o PSOL","Est. tempo de leitura":"2 minutos"},"schema":{"@context":"https:\/\/schema.org","@graph":[{"@type":"Article","@id":"https:\/\/psol50.org.br\/keit-lima-psol-sp-propoe-cpi-da-agua-em-sao-paulo\/#article","isPartOf":{"@id":"https:\/\/psol50.org.br\/keit-lima-psol-sp-propoe-cpi-da-agua-em-sao-paulo\/"},"author":{"name":"Comunica\u00e7\u00e3o PSOL","@id":"https:\/\/psol50.org.br\/#\/schema\/person\/475dfa57d0b815993c714c2e96491fcd"},"headline":"Keit Lima (PSOL-SP) prop\u00f5e CPI da \u00c1gua para investigar crise h\u00eddrica e enchentes em S\u00e3o Paulo","datePublished":"2025-11-11T20:35:58+00:00","dateModified":"2025-11-11T20:36:27+00:00","mainEntityOfPage":{"@id":"https:\/\/psol50.org.br\/keit-lima-psol-sp-propoe-cpi-da-agua-em-sao-paulo\/"},"wordCount":350,"publisher":{"@id":"https:\/\/psol50.org.br\/#organization"},"image":{"@id":"https:\/\/psol50.org.br\/keit-lima-psol-sp-propoe-cpi-da-agua-em-sao-paulo\/#primaryimage"},"thumbnailUrl":"https:\/\/psol50.org.br\/inc\/uploads\/2025\/04\/54384529224_0a865a7716_o-scaled.jpg","keywords":["Not\u00edcias"],"articleSection":["Estados"],"inLanguage":"pt-BR"},{"@type":"WebPage","@id":"https:\/\/psol50.org.br\/keit-lima-psol-sp-propoe-cpi-da-agua-em-sao-paulo\/","url":"https:\/\/psol50.org.br\/keit-lima-psol-sp-propoe-cpi-da-agua-em-sao-paulo\/","name":"Keit Lima (PSOL-SP) prop\u00f5e CPI da \u00c1gua para investigar crise h\u00eddrica e enchentes em S\u00e3o Paulo - PSOL 50","isPartOf":{"@id":"https:\/\/psol50.org.br\/#website"},"primaryImageOfPage":{"@id":"https:\/\/psol50.org.br\/keit-lima-psol-sp-propoe-cpi-da-agua-em-sao-paulo\/#primaryimage"},"image":{"@id":"https:\/\/psol50.org.br\/keit-lima-psol-sp-propoe-cpi-da-agua-em-sao-paulo\/#primaryimage"},"thumbnailUrl":"https:\/\/psol50.org.br\/inc\/uploads\/2025\/04\/54384529224_0a865a7716_o-scaled.jpg","datePublished":"2025-11-11T20:35:58+00:00","dateModified":"2025-11-11T20:36:27+00:00","description":"Keit Lima (PSOL-SP) prop\u00f5e CPI da \u00c1gua para investigar crise h\u00eddrica e enchentes em S\u00e3o Paulo. Saiba mais.","breadcrumb":{"@id":"https:\/\/psol50.org.br\/keit-lima-psol-sp-propoe-cpi-da-agua-em-sao-paulo\/#breadcrumb"},"inLanguage":"pt-BR","potentialAction":[{"@type":"ReadAction","target":["https:\/\/psol50.org.br\/keit-lima-psol-sp-propoe-cpi-da-agua-em-sao-paulo\/"]}]},{"@type":"ImageObject","inLanguage":"pt-BR","@id":"https:\/\/psol50.org.br\/keit-lima-psol-sp-propoe-cpi-da-agua-em-sao-paulo\/#primaryimage","url":"https:\/\/psol50.org.br\/inc\/uploads\/2025\/04\/54384529224_0a865a7716_o-scaled.jpg","contentUrl":"https:\/\/psol50.org.br\/inc\/uploads\/2025\/04\/54384529224_0a865a7716_o-scaled.jpg","width":2560,"height":1707,"caption":"Foto: Lucas Bassi\/C\u00e2mara SP"},{"@type":"BreadcrumbList","@id":"https:\/\/psol50.org.br\/keit-lima-psol-sp-propoe-cpi-da-agua-em-sao-paulo\/#breadcrumb","itemListElement":[{"@type":"ListItem","position":1,"name":"In\u00edcio","item":"https:\/\/psol50.org.br\/"},{"@type":"ListItem","position":2,"name":"Keit Lima (PSOL-SP) prop\u00f5e CPI da \u00c1gua para investigar crise h\u00eddrica e enchentes em S\u00e3o Paulo"}]},{"@type":"WebSite","@id":"https:\/\/psol50.org.br\/#website","url":"https:\/\/psol50.org.br\/","name":"PSOL 50","description":"Site oficial do Partido Socialismo e Liberdade","publisher":{"@id":"https:\/\/psol50.org.br\/#organization"},"alternateName":"PSOL50","potentialAction":[{"@type":"SearchAction","target":{"@type":"EntryPoint","urlTemplate":"https:\/\/psol50.org.br\/?s={search_term_string}"},"query-input":{"@type":"PropertyValueSpecification","valueRequired":true,"valueName":"search_term_string"}}],"inLanguage":"pt-BR"},{"@type":"Organization","@id":"https:\/\/psol50.org.br\/#organization","name":"PSOL 50","alternateName":"PSOL 50","url":"https:\/\/psol50.org.br\/","logo":{"@type":"ImageObject","inLanguage":"pt-BR","@id":"https:\/\/psol50.org.br\/#\/schema\/logo\/image\/","url":"https:\/\/psol50.org.br\/inc\/uploads\/2018\/07\/capa.png","contentUrl":"https:\/\/psol50.org.br\/inc\/uploads\/2018\/07\/capa.png","width":1350,"height":900,"caption":"PSOL 50"},"image":{"@id":"https:\/\/psol50.org.br\/#\/schema\/logo\/image\/"},"sameAs":["https:\/\/www.facebook.com\/psol50","https:\/\/x.com\/psol50","https:\/\/www.instagram.com\/psol50\/","https:\/\/www.youtube.com\/channel\/UC7SnJS5o1os7a6CaiNabzcg"]},{"@type":"Person","@id":"https:\/\/psol50.org.br\/#\/schema\/person\/475dfa57d0b815993c714c2e96491fcd","name":"Comunica\u00e7\u00e3o PSOL","image":{"@type":"ImageObject","inLanguage":"pt-BR","@id":"https:\/\/psol50.org.br\/#\/schema\/person\/image\/","url":"https:\/\/secure.gravatar.com\/avatar\/b34fc4f4e468a4e51785917065a3db57b841f5c95dba6ad8c73aaf8f66f8f9bf?s=96&d=mm&r=g","contentUrl":"https:\/\/secure.gravatar.com\/avatar\/b34fc4f4e468a4e51785917065a3db57b841f5c95dba6ad8c73aaf8f66f8f9bf?s=96&d=mm&r=g","caption":"Comunica\u00e7\u00e3o PSOL"}}]}},"_links":{"self":[{"href":"https:\/\/psol50.org.br\/rest\/wp\/v2\/posts\/42018","targetHints":{"allow":["GET"]}}],"collection":[{"href":"https:\/\/psol50.org.br\/rest\/wp\/v2\/posts"}],"about":[{"href":"https:\/\/psol50.org.br\/rest\/wp\/v2\/types\/post"}],"author":[{"embeddable":true,"href":"https:\/\/psol50.org.br\/rest\/wp\/v2\/users\/2"}],"replies":[{"embeddable":true,"href":"https:\/\/psol50.org.br\/rest\/wp\/v2\/comments?post=42018"}],"version-history":[{"count":1,"href":"https:\/\/psol50.org.br\/rest\/wp\/v2\/posts\/42018\/revisions"}],"predecessor-version":[{"id":42019,"href":"https:\/\/psol50.org.br\/rest\/wp\/v2\/posts\/42018\/revisions\/42019"}],"wp:featuredmedia":[{"embeddable":true,"href":"https:\/\/psol50.org.br\/rest\/wp\/v2\/media\/40936"}],"wp:attachment":[{"href":"https:\/\/psol50.org.br\/rest\/wp\/v2\/media?parent=42018"}],"wp:term":[{"taxonomy":"category","embeddable":true,"href":"https:\/\/psol50.org.br\/rest\/wp\/v2\/categories?post=42018"},{"taxonomy":"post_tag","embeddable":true,"href":"https:\/\/psol50.org.br\/rest\/wp\/v2\/tags?post=42018"}],"curies":[{"name":"wp","href":"https:\/\/api.w.org\/{rel}","templated":true}]}}