{"id":42121,"date":"2025-11-22T11:48:20","date_gmt":"2025-11-22T14:48:20","guid":{"rendered":"https:\/\/psol50.org.br\/?p=42121"},"modified":"2025-11-26T18:25:43","modified_gmt":"2025-11-26T21:25:43","slug":"nota-de-repudio-do-psol-contra-a-violencia-racista-e-solidariedade-ao-deputado-renato-freitas","status":"publish","type":"post","link":"https:\/\/psol50.org.br\/nota-de-repudio-do-psol-contra-a-violencia-racista-e-solidariedade-ao-deputado-renato-freitas\/","title":{"rendered":"Nota de rep\u00fadio do PSOL contra a viol\u00eancia racista e solidariedade ao deputado Renato Freitas"},"content":{"rendered":"<p>\u00c0s v\u00e9speras do dia 20 de novembro, Dia Nacional de Zumbi dos Palmares e da Consci\u00eancia Negra, data que ocupa lugar de centralidade na luta contra todas as formas de racismo, assistimos perplexos a mais um caso de viol\u00eancia pol\u00edtica e racial contra o deputado estadual Renato Freitas (PT-PR).<\/p>\n<p>Em v\u00eddeos que circulam amplamente pelas redes sociais, verificamos a persegui\u00e7\u00e3o contra o deputado, vindo de um homem com identidade at\u00e9 o momento desconhecida. Ap\u00f3s desferir ataques verbais contra Renato, o agressor o persegue por v\u00e1rias quadras, insultando-o e provocando-o: \u201cvoc\u00ea n\u00e3o \u00e9 o famosinho?\u201d \u201cn\u00e3o \u00e9 o vereador do PSOL?\u201d. Quando o deputado reage as agress\u00f5es sofridas, o agressor o ataca, desferindo socos e atentando contra sua integridade f\u00edsica. Renato teve seu nariz quebrado e foi encaminhado ao servi\u00e7o de atendimento m\u00e9dico.<\/p>\n<p>O ataque desta quarta (19\/11) ao deputado Renato Freitas n\u00e3o \u00e9 um caso isolado e acontece dentro de um contexto de persegui\u00e7\u00e3o pol\u00edtica e escalada de viol\u00eancia da extrema direita, que persegue e violenta Renato em todos os espa\u00e7os, chegando a absurdas tentativas de cercear o direito b\u00e1sico de ir e vir e o direito a acessar os espa\u00e7os da cidade de Curitiba. A imagem de Renato ferido e ensanguentado \u00e9 o retrato fiel do extremo da viol\u00eancia racial.<\/p>\n<p>O epis\u00f3dio de hoje \u00e9 um caso escrachado de viol\u00eancia racista promovido pela extrema direita, que tem como vi\u00e9s principal o \u00f3dio e ojeriza a pessoas negras, incidindo contra estas na tentativa de lhes ceifar a integridade f\u00edsica e impedir o exerc\u00edcio de direitos b\u00e1sicos.<\/p>\n<p>No que tange ao deputado Renato Freitas, os epis\u00f3dios de racismo s\u00e3o reiterados com o objetivo de o intimidar, perseguir, caluniar, chegando at\u00e9 ao absurdo de levarem cachorros para farej\u00e1-lo no plen\u00e1rio da ALEP. Todos esses casos s\u00e3o a indica\u00e7\u00e3o de um sistema que n\u00e3o tolera a presen\u00e7a de pessoas negras em quaisquer espa\u00e7os, muito menos os espa\u00e7os pol\u00edticos e parlamentares. O objetivo \u00e9 o de limar um homem negro, perif\u00e9rico e de esquerda do espa\u00e7o para o qual ele foi democraticamente eleito.<\/p>\n<p>A Executiva Nacional de Negritude do PSOL vem a p\u00fablico repudiar veementemente a viol\u00eancia constante que atinge Renato Freitas, denunciar seu car\u00e1ter racial e pol\u00edtico e exigir a apura\u00e7\u00e3o rigorosa e posterior responsabiliza\u00e7\u00e3o.<\/p>\n<p>Estendemos nossa solidariedade e apoio irrestrito a Renato Freitas. As epistemologias negras Bantu nos ensinam que n\u00f3s somos enquanto coletivo, existimos enquanto comunidade, eu sou porque n\u00f3s somos. Por isso, camarada Renato, voc\u00ea n\u00e3o est\u00e1 sozinho e a viol\u00eancia que o atinge, atinge a cada membro da comunidade negra, dos que enfrentam cotidianamente o racismo e lutam pela justi\u00e7a racial e pela democracia.<\/p>\n<p>Nossa atua\u00e7\u00e3o \u00e9 coletiva e a resposta a mais este caso de racismo tamb\u00e9m ser\u00e1 coletiva. Diante de t\u00e3o reiterados casos violentos e racistas, todas as institui\u00e7\u00f5es s\u00e3o correspons\u00e1veis: tanto a ALEP, casa da qual o parlamentar \u00e9 membro, quanto as institui\u00e7\u00f5es democr\u00e1ticas. Exigimos que a seguran\u00e7a de um parlamentar negro, que \u00e9 alvo constante de todo tipo de viol\u00eancia, seja encarada com a seriedade e a urg\u00eancia devidas, para preservar a vida de um lutador combativo.<\/p>\n<p>Seguimos juntos, cobrando respostas concretas e responsabiliza\u00e7\u00e3o aos agressores.<\/p>\n<p><strong>Executiva Nacional de Negritude do PSOL<\/strong><br \/>\n<strong>20 de novembro de 2025<\/strong><\/p>\n","protected":false},"excerpt":{"rendered":"<p>\u00c0s v\u00e9speras do dia 20 de novembro, Dia Nacional de Zumbi dos Palmares e da Consci\u00eancia Negra, data que ocupa lugar de centralidade na luta contra todas as formas de racismo, assistimos perplexos a mais um caso de viol\u00eancia pol\u00edtica e racial contra o deputado estadual Renato Freitas (PT-PR). Em v\u00eddeos que circulam amplamente pelas [&hellip;]<\/p>\n","protected":false},"author":2,"featured_media":42124,"comment_status":"closed","ping_status":"open","sticky":false,"template":"","format":"standard","meta":{"_acf_changed":false,"footnotes":""},"categories":[20],"tags":[4825],"class_list":{"0":"post-42121","1":"post","2":"type-post","3":"status-publish","4":"format-standard","5":"has-post-thumbnail","7":"category-notas","8":"tag-noticias"},"acf":[],"yoast_head":"<!-- This site is optimized with the Yoast SEO plugin v26.5 - https:\/\/yoast.com\/wordpress\/plugins\/seo\/ -->\n<title>Nota de rep\u00fadio do PSOL contra a viol\u00eancia racista e solidariedade ao deputado Renato Freitas<\/title>\n<meta name=\"robots\" content=\"index, follow, max-snippet:-1, max-image-preview:large, max-video-preview:-1\" \/>\n<link rel=\"canonical\" href=\"https:\/\/psol50.org.br\/nota-de-repudio-do-psol-contra-a-violencia-racista-e-solidariedade-ao-deputado-renato-freitas\/\" \/>\n<meta property=\"og:locale\" content=\"pt_BR\" \/>\n<meta property=\"og:type\" content=\"article\" \/>\n<meta property=\"og:title\" content=\"Nota de rep\u00fadio do PSOL contra a viol\u00eancia racista e solidariedade ao deputado Renato Freitas\" \/>\n<meta property=\"og:description\" content=\"\u00c0s v\u00e9speras do dia 20 de novembro, Dia Nacional de Zumbi dos Palmares e da Consci\u00eancia Negra, data que ocupa lugar de centralidade na luta contra todas as formas de racismo, assistimos perplexos a mais um caso de viol\u00eancia pol\u00edtica e racial contra o deputado estadual Renato Freitas (PT-PR). Em v\u00eddeos que circulam amplamente pelas [&hellip;]\" \/>\n<meta property=\"og:url\" content=\"https:\/\/psol50.org.br\/nota-de-repudio-do-psol-contra-a-violencia-racista-e-solidariedade-ao-deputado-renato-freitas\/\" \/>\n<meta property=\"og:site_name\" content=\"PSOL 50\" \/>\n<meta property=\"article:publisher\" content=\"https:\/\/www.facebook.com\/psol50\" \/>\n<meta property=\"article:published_time\" content=\"2025-11-22T14:48:20+00:00\" \/>\n<meta property=\"article:modified_time\" content=\"2025-11-26T21:25:43+00:00\" \/>\n<meta property=\"og:image\" content=\"https:\/\/psol50.org.br\/inc\/uploads\/2025\/11\/54904545724_1c452bf70e_o-scaled.jpg\" \/>\n\t<meta property=\"og:image:width\" content=\"2560\" \/>\n\t<meta property=\"og:image:height\" content=\"1707\" \/>\n\t<meta property=\"og:image:type\" content=\"image\/jpeg\" \/>\n<meta name=\"author\" content=\"Comunica\u00e7\u00e3o PSOL\" \/>\n<meta name=\"twitter:card\" content=\"summary_large_image\" \/>\n<meta name=\"twitter:creator\" content=\"@psol50\" \/>\n<meta name=\"twitter:site\" content=\"@psol50\" \/>\n<meta name=\"twitter:label1\" content=\"Escrito por\" \/>\n\t<meta name=\"twitter:data1\" content=\"Comunica\u00e7\u00e3o PSOL\" \/>\n\t<meta name=\"twitter:label2\" content=\"Est. tempo de leitura\" \/>\n\t<meta name=\"twitter:data2\" content=\"3 minutos\" \/>\n<script type=\"application\/ld+json\" class=\"yoast-schema-graph\">{\"@context\":\"https:\/\/schema.org\",\"@graph\":[{\"@type\":\"Article\",\"@id\":\"https:\/\/psol50.org.br\/nota-de-repudio-do-psol-contra-a-violencia-racista-e-solidariedade-ao-deputado-renato-freitas\/#article\",\"isPartOf\":{\"@id\":\"https:\/\/psol50.org.br\/nota-de-repudio-do-psol-contra-a-violencia-racista-e-solidariedade-ao-deputado-renato-freitas\/\"},\"author\":{\"name\":\"Comunica\u00e7\u00e3o PSOL\",\"@id\":\"https:\/\/psol50.org.br\/#\/schema\/person\/475dfa57d0b815993c714c2e96491fcd\"},\"headline\":\"Nota de rep\u00fadio do PSOL contra a viol\u00eancia racista e solidariedade ao deputado Renato Freitas\",\"datePublished\":\"2025-11-22T14:48:20+00:00\",\"dateModified\":\"2025-11-26T21:25:43+00:00\",\"mainEntityOfPage\":{\"@id\":\"https:\/\/psol50.org.br\/nota-de-repudio-do-psol-contra-a-violencia-racista-e-solidariedade-ao-deputado-renato-freitas\/\"},\"wordCount\":600,\"publisher\":{\"@id\":\"https:\/\/psol50.org.br\/#organization\"},\"image\":{\"@id\":\"https:\/\/psol50.org.br\/nota-de-repudio-do-psol-contra-a-violencia-racista-e-solidariedade-ao-deputado-renato-freitas\/#primaryimage\"},\"thumbnailUrl\":\"https:\/\/psol50.org.br\/inc\/uploads\/2025\/11\/54904545724_1c452bf70e_o-scaled.jpg\",\"keywords\":[\"Not\u00edcias\"],\"articleSection\":[\"Notas\"],\"inLanguage\":\"pt-BR\"},{\"@type\":\"WebPage\",\"@id\":\"https:\/\/psol50.org.br\/nota-de-repudio-do-psol-contra-a-violencia-racista-e-solidariedade-ao-deputado-renato-freitas\/\",\"url\":\"https:\/\/psol50.org.br\/nota-de-repudio-do-psol-contra-a-violencia-racista-e-solidariedade-ao-deputado-renato-freitas\/\",\"name\":\"Nota de rep\u00fadio do PSOL contra a viol\u00eancia racista e solidariedade ao deputado Renato Freitas\",\"isPartOf\":{\"@id\":\"https:\/\/psol50.org.br\/#website\"},\"primaryImageOfPage\":{\"@id\":\"https:\/\/psol50.org.br\/nota-de-repudio-do-psol-contra-a-violencia-racista-e-solidariedade-ao-deputado-renato-freitas\/#primaryimage\"},\"image\":{\"@id\":\"https:\/\/psol50.org.br\/nota-de-repudio-do-psol-contra-a-violencia-racista-e-solidariedade-ao-deputado-renato-freitas\/#primaryimage\"},\"thumbnailUrl\":\"https:\/\/psol50.org.br\/inc\/uploads\/2025\/11\/54904545724_1c452bf70e_o-scaled.jpg\",\"datePublished\":\"2025-11-22T14:48:20+00:00\",\"dateModified\":\"2025-11-26T21:25:43+00:00\",\"breadcrumb\":{\"@id\":\"https:\/\/psol50.org.br\/nota-de-repudio-do-psol-contra-a-violencia-racista-e-solidariedade-ao-deputado-renato-freitas\/#breadcrumb\"},\"inLanguage\":\"pt-BR\",\"potentialAction\":[{\"@type\":\"ReadAction\",\"target\":[\"https:\/\/psol50.org.br\/nota-de-repudio-do-psol-contra-a-violencia-racista-e-solidariedade-ao-deputado-renato-freitas\/\"]}]},{\"@type\":\"ImageObject\",\"inLanguage\":\"pt-BR\",\"@id\":\"https:\/\/psol50.org.br\/nota-de-repudio-do-psol-contra-a-violencia-racista-e-solidariedade-ao-deputado-renato-freitas\/#primaryimage\",\"url\":\"https:\/\/psol50.org.br\/inc\/uploads\/2025\/11\/54904545724_1c452bf70e_o-scaled.jpg\",\"contentUrl\":\"https:\/\/psol50.org.br\/inc\/uploads\/2025\/11\/54904545724_1c452bf70e_o-scaled.jpg\",\"width\":2560,\"height\":1707,\"caption\":\"Foto: Orlando Kissner\"},{\"@type\":\"BreadcrumbList\",\"@id\":\"https:\/\/psol50.org.br\/nota-de-repudio-do-psol-contra-a-violencia-racista-e-solidariedade-ao-deputado-renato-freitas\/#breadcrumb\",\"itemListElement\":[{\"@type\":\"ListItem\",\"position\":1,\"name\":\"In\u00edcio\",\"item\":\"https:\/\/psol50.org.br\/\"},{\"@type\":\"ListItem\",\"position\":2,\"name\":\"Nota de rep\u00fadio do PSOL contra a viol\u00eancia racista e solidariedade ao deputado Renato Freitas\"}]},{\"@type\":\"WebSite\",\"@id\":\"https:\/\/psol50.org.br\/#website\",\"url\":\"https:\/\/psol50.org.br\/\",\"name\":\"PSOL 50\",\"description\":\"Site oficial do Partido Socialismo e Liberdade\",\"publisher\":{\"@id\":\"https:\/\/psol50.org.br\/#organization\"},\"alternateName\":\"PSOL50\",\"potentialAction\":[{\"@type\":\"SearchAction\",\"target\":{\"@type\":\"EntryPoint\",\"urlTemplate\":\"https:\/\/psol50.org.br\/?s={search_term_string}\"},\"query-input\":{\"@type\":\"PropertyValueSpecification\",\"valueRequired\":true,\"valueName\":\"search_term_string\"}}],\"inLanguage\":\"pt-BR\"},{\"@type\":\"Organization\",\"@id\":\"https:\/\/psol50.org.br\/#organization\",\"name\":\"PSOL 50\",\"alternateName\":\"PSOL 50\",\"url\":\"https:\/\/psol50.org.br\/\",\"logo\":{\"@type\":\"ImageObject\",\"inLanguage\":\"pt-BR\",\"@id\":\"https:\/\/psol50.org.br\/#\/schema\/logo\/image\/\",\"url\":\"https:\/\/psol50.org.br\/inc\/uploads\/2018\/07\/capa.png\",\"contentUrl\":\"https:\/\/psol50.org.br\/inc\/uploads\/2018\/07\/capa.png\",\"width\":1350,\"height\":900,\"caption\":\"PSOL 50\"},\"image\":{\"@id\":\"https:\/\/psol50.org.br\/#\/schema\/logo\/image\/\"},\"sameAs\":[\"https:\/\/www.facebook.com\/psol50\",\"https:\/\/x.com\/psol50\",\"https:\/\/www.instagram.com\/psol50\/\",\"https:\/\/www.youtube.com\/channel\/UC7SnJS5o1os7a6CaiNabzcg\"]},{\"@type\":\"Person\",\"@id\":\"https:\/\/psol50.org.br\/#\/schema\/person\/475dfa57d0b815993c714c2e96491fcd\",\"name\":\"Comunica\u00e7\u00e3o PSOL\",\"image\":{\"@type\":\"ImageObject\",\"inLanguage\":\"pt-BR\",\"@id\":\"https:\/\/psol50.org.br\/#\/schema\/person\/image\/\",\"url\":\"https:\/\/secure.gravatar.com\/avatar\/b34fc4f4e468a4e51785917065a3db57b841f5c95dba6ad8c73aaf8f66f8f9bf?s=96&d=mm&r=g\",\"contentUrl\":\"https:\/\/secure.gravatar.com\/avatar\/b34fc4f4e468a4e51785917065a3db57b841f5c95dba6ad8c73aaf8f66f8f9bf?s=96&d=mm&r=g\",\"caption\":\"Comunica\u00e7\u00e3o PSOL\"}}]}<\/script>\n<!-- \/ Yoast SEO plugin. -->","yoast_head_json":{"title":"Nota de rep\u00fadio do PSOL contra a viol\u00eancia racista e solidariedade ao deputado Renato Freitas","robots":{"index":"index","follow":"follow","max-snippet":"max-snippet:-1","max-image-preview":"max-image-preview:large","max-video-preview":"max-video-preview:-1"},"canonical":"https:\/\/psol50.org.br\/nota-de-repudio-do-psol-contra-a-violencia-racista-e-solidariedade-ao-deputado-renato-freitas\/","og_locale":"pt_BR","og_type":"article","og_title":"Nota de rep\u00fadio do PSOL contra a viol\u00eancia racista e solidariedade ao deputado Renato Freitas","og_description":"\u00c0s v\u00e9speras do dia 20 de novembro, Dia Nacional de Zumbi dos Palmares e da Consci\u00eancia Negra, data que ocupa lugar de centralidade na luta contra todas as formas de racismo, assistimos perplexos a mais um caso de viol\u00eancia pol\u00edtica e racial contra o deputado estadual Renato Freitas (PT-PR). Em v\u00eddeos que circulam amplamente pelas [&hellip;]","og_url":"https:\/\/psol50.org.br\/nota-de-repudio-do-psol-contra-a-violencia-racista-e-solidariedade-ao-deputado-renato-freitas\/","og_site_name":"PSOL 50","article_publisher":"https:\/\/www.facebook.com\/psol50","article_published_time":"2025-11-22T14:48:20+00:00","article_modified_time":"2025-11-26T21:25:43+00:00","og_image":[{"width":2560,"height":1707,"url":"https:\/\/psol50.org.br\/inc\/uploads\/2025\/11\/54904545724_1c452bf70e_o-scaled.jpg","type":"image\/jpeg"}],"author":"Comunica\u00e7\u00e3o PSOL","twitter_card":"summary_large_image","twitter_creator":"@psol50","twitter_site":"@psol50","twitter_misc":{"Escrito por":"Comunica\u00e7\u00e3o PSOL","Est. tempo de leitura":"3 minutos"},"schema":{"@context":"https:\/\/schema.org","@graph":[{"@type":"Article","@id":"https:\/\/psol50.org.br\/nota-de-repudio-do-psol-contra-a-violencia-racista-e-solidariedade-ao-deputado-renato-freitas\/#article","isPartOf":{"@id":"https:\/\/psol50.org.br\/nota-de-repudio-do-psol-contra-a-violencia-racista-e-solidariedade-ao-deputado-renato-freitas\/"},"author":{"name":"Comunica\u00e7\u00e3o PSOL","@id":"https:\/\/psol50.org.br\/#\/schema\/person\/475dfa57d0b815993c714c2e96491fcd"},"headline":"Nota de rep\u00fadio do PSOL contra a viol\u00eancia racista e solidariedade ao deputado Renato Freitas","datePublished":"2025-11-22T14:48:20+00:00","dateModified":"2025-11-26T21:25:43+00:00","mainEntityOfPage":{"@id":"https:\/\/psol50.org.br\/nota-de-repudio-do-psol-contra-a-violencia-racista-e-solidariedade-ao-deputado-renato-freitas\/"},"wordCount":600,"publisher":{"@id":"https:\/\/psol50.org.br\/#organization"},"image":{"@id":"https:\/\/psol50.org.br\/nota-de-repudio-do-psol-contra-a-violencia-racista-e-solidariedade-ao-deputado-renato-freitas\/#primaryimage"},"thumbnailUrl":"https:\/\/psol50.org.br\/inc\/uploads\/2025\/11\/54904545724_1c452bf70e_o-scaled.jpg","keywords":["Not\u00edcias"],"articleSection":["Notas"],"inLanguage":"pt-BR"},{"@type":"WebPage","@id":"https:\/\/psol50.org.br\/nota-de-repudio-do-psol-contra-a-violencia-racista-e-solidariedade-ao-deputado-renato-freitas\/","url":"https:\/\/psol50.org.br\/nota-de-repudio-do-psol-contra-a-violencia-racista-e-solidariedade-ao-deputado-renato-freitas\/","name":"Nota de rep\u00fadio do PSOL contra a viol\u00eancia racista e solidariedade ao deputado Renato Freitas","isPartOf":{"@id":"https:\/\/psol50.org.br\/#website"},"primaryImageOfPage":{"@id":"https:\/\/psol50.org.br\/nota-de-repudio-do-psol-contra-a-violencia-racista-e-solidariedade-ao-deputado-renato-freitas\/#primaryimage"},"image":{"@id":"https:\/\/psol50.org.br\/nota-de-repudio-do-psol-contra-a-violencia-racista-e-solidariedade-ao-deputado-renato-freitas\/#primaryimage"},"thumbnailUrl":"https:\/\/psol50.org.br\/inc\/uploads\/2025\/11\/54904545724_1c452bf70e_o-scaled.jpg","datePublished":"2025-11-22T14:48:20+00:00","dateModified":"2025-11-26T21:25:43+00:00","breadcrumb":{"@id":"https:\/\/psol50.org.br\/nota-de-repudio-do-psol-contra-a-violencia-racista-e-solidariedade-ao-deputado-renato-freitas\/#breadcrumb"},"inLanguage":"pt-BR","potentialAction":[{"@type":"ReadAction","target":["https:\/\/psol50.org.br\/nota-de-repudio-do-psol-contra-a-violencia-racista-e-solidariedade-ao-deputado-renato-freitas\/"]}]},{"@type":"ImageObject","inLanguage":"pt-BR","@id":"https:\/\/psol50.org.br\/nota-de-repudio-do-psol-contra-a-violencia-racista-e-solidariedade-ao-deputado-renato-freitas\/#primaryimage","url":"https:\/\/psol50.org.br\/inc\/uploads\/2025\/11\/54904545724_1c452bf70e_o-scaled.jpg","contentUrl":"https:\/\/psol50.org.br\/inc\/uploads\/2025\/11\/54904545724_1c452bf70e_o-scaled.jpg","width":2560,"height":1707,"caption":"Foto: Orlando Kissner"},{"@type":"BreadcrumbList","@id":"https:\/\/psol50.org.br\/nota-de-repudio-do-psol-contra-a-violencia-racista-e-solidariedade-ao-deputado-renato-freitas\/#breadcrumb","itemListElement":[{"@type":"ListItem","position":1,"name":"In\u00edcio","item":"https:\/\/psol50.org.br\/"},{"@type":"ListItem","position":2,"name":"Nota de rep\u00fadio do PSOL contra a viol\u00eancia racista e solidariedade ao deputado Renato Freitas"}]},{"@type":"WebSite","@id":"https:\/\/psol50.org.br\/#website","url":"https:\/\/psol50.org.br\/","name":"PSOL 50","description":"Site oficial do Partido Socialismo e Liberdade","publisher":{"@id":"https:\/\/psol50.org.br\/#organization"},"alternateName":"PSOL50","potentialAction":[{"@type":"SearchAction","target":{"@type":"EntryPoint","urlTemplate":"https:\/\/psol50.org.br\/?s={search_term_string}"},"query-input":{"@type":"PropertyValueSpecification","valueRequired":true,"valueName":"search_term_string"}}],"inLanguage":"pt-BR"},{"@type":"Organization","@id":"https:\/\/psol50.org.br\/#organization","name":"PSOL 50","alternateName":"PSOL 50","url":"https:\/\/psol50.org.br\/","logo":{"@type":"ImageObject","inLanguage":"pt-BR","@id":"https:\/\/psol50.org.br\/#\/schema\/logo\/image\/","url":"https:\/\/psol50.org.br\/inc\/uploads\/2018\/07\/capa.png","contentUrl":"https:\/\/psol50.org.br\/inc\/uploads\/2018\/07\/capa.png","width":1350,"height":900,"caption":"PSOL 50"},"image":{"@id":"https:\/\/psol50.org.br\/#\/schema\/logo\/image\/"},"sameAs":["https:\/\/www.facebook.com\/psol50","https:\/\/x.com\/psol50","https:\/\/www.instagram.com\/psol50\/","https:\/\/www.youtube.com\/channel\/UC7SnJS5o1os7a6CaiNabzcg"]},{"@type":"Person","@id":"https:\/\/psol50.org.br\/#\/schema\/person\/475dfa57d0b815993c714c2e96491fcd","name":"Comunica\u00e7\u00e3o PSOL","image":{"@type":"ImageObject","inLanguage":"pt-BR","@id":"https:\/\/psol50.org.br\/#\/schema\/person\/image\/","url":"https:\/\/secure.gravatar.com\/avatar\/b34fc4f4e468a4e51785917065a3db57b841f5c95dba6ad8c73aaf8f66f8f9bf?s=96&d=mm&r=g","contentUrl":"https:\/\/secure.gravatar.com\/avatar\/b34fc4f4e468a4e51785917065a3db57b841f5c95dba6ad8c73aaf8f66f8f9bf?s=96&d=mm&r=g","caption":"Comunica\u00e7\u00e3o PSOL"}}]}},"_links":{"self":[{"href":"https:\/\/psol50.org.br\/rest\/wp\/v2\/posts\/42121","targetHints":{"allow":["GET"]}}],"collection":[{"href":"https:\/\/psol50.org.br\/rest\/wp\/v2\/posts"}],"about":[{"href":"https:\/\/psol50.org.br\/rest\/wp\/v2\/types\/post"}],"author":[{"embeddable":true,"href":"https:\/\/psol50.org.br\/rest\/wp\/v2\/users\/2"}],"replies":[{"embeddable":true,"href":"https:\/\/psol50.org.br\/rest\/wp\/v2\/comments?post=42121"}],"version-history":[{"count":2,"href":"https:\/\/psol50.org.br\/rest\/wp\/v2\/posts\/42121\/revisions"}],"predecessor-version":[{"id":42123,"href":"https:\/\/psol50.org.br\/rest\/wp\/v2\/posts\/42121\/revisions\/42123"}],"wp:featuredmedia":[{"embeddable":true,"href":"https:\/\/psol50.org.br\/rest\/wp\/v2\/media\/42124"}],"wp:attachment":[{"href":"https:\/\/psol50.org.br\/rest\/wp\/v2\/media?parent=42121"}],"wp:term":[{"taxonomy":"category","embeddable":true,"href":"https:\/\/psol50.org.br\/rest\/wp\/v2\/categories?post=42121"},{"taxonomy":"post_tag","embeddable":true,"href":"https:\/\/psol50.org.br\/rest\/wp\/v2\/tags?post=42121"}],"curies":[{"name":"wp","href":"https:\/\/api.w.org\/{rel}","templated":true}]}}