{"id":42220,"date":"2025-11-28T11:36:13","date_gmt":"2025-11-28T14:36:13","guid":{"rendered":"https:\/\/psol50.org.br\/?p=42220"},"modified":"2025-12-16T17:07:14","modified_gmt":"2025-12-16T20:07:14","slug":"psol-e-ambientalistas-vao-ao-stf-contra-derrubada-de-vetos-ao-pl-da-devastacao","status":"publish","type":"post","link":"https:\/\/psol50.org.br\/psol-e-ambientalistas-vao-ao-stf-contra-derrubada-de-vetos-ao-pl-da-devastacao\/","title":{"rendered":"PSOL e ambientalistas v\u00e3o ao STF contra derrubada de vetos ao PL da Devasta\u00e7\u00e3o"},"content":{"rendered":"<p>O PSOL, ao lado de diversas entidades e organiza\u00e7\u00f5es ambientalistas, como o\u00a0Observat\u00f3rio do Clima e o ISA (Instituto Socioambiental), vai apresentar uma A\u00e7\u00e3o Direta de Inconstitucionalidade (ADI) no Supremo Tribunal Federal (STF) contra a derrubada dos vetos do governo Lula ao PL da Devasta\u00e7\u00e3o, que desmonta o licenciamento ambiental no Brasil.<\/p>\n<p>A avalia\u00e7\u00e3o de especialistas ambientais \u00e9 que a derrubada dos vetos traz inconstitucionalidades \u00e0 nova lei. Um dos retrocessos, por exemplo, \u00e9 a previs\u00e3o de que a an\u00e1lise de impacto ambiental seja feita apenas nos territ\u00f3rios diretamente afetados, sem considerar os indiretamente atingidos e as \u00e1reas de influ\u00eancia, al\u00e9m de desconsiderar os efeitos cumulativos de danos.<\/p>\n<p>Pela nova lei, o licenciamento ambiental da barragem de Brumadinho (MG), por exemplo, que era considerada de m\u00e9dio porte, seria feito por meio de Licen\u00e7a por Ades\u00e3o e Compromisso, o licenciamento autodeclarat\u00f3rio. Nesses casos, a empresa respons\u00e1vel pela obra apenas declara que o empreendimento est\u00e1 em conformidade com as regras das autoridades ambientais, sem que sejam feitas an\u00e1lises dos \u00f3rg\u00e3os de controle.<\/p>\n<p>O Congresso tamb\u00e9m retomou um trecho do projeto que livra obras de manuten\u00e7\u00e3o e melhoramento de rodovias do licenciamento ambiental.<\/p>\n<p>Os parlamentares retomaram, ainda, a dispensa de licenciamento para atividades rurais que ocorram em im\u00f3veis em processo de homologa\u00e7\u00e3o no Cadastro Ambiental Rural (CAR).<\/p>\n<p>Outros pontos restabelecidos pelo Congresso restringem a consulta de povos ind\u00edgenas e comunidades quilombolas no processo de licenciamento.<\/p>\n<p>Segundo o texto, apenas terras ind\u00edgenas homologadas e territ\u00f3rios quilombolas titulados poder\u00e3o se manifestar.<\/p>\n<p>Deputados e senadores tamb\u00e9m aprovaram a redu\u00e7\u00e3o de processos para proteger o desmate de matas prim\u00e1rias e secund\u00e1rias na Mata Atl\u00e2ntica.<\/p>\n","protected":false},"excerpt":{"rendered":"<p>O PSOL, ao lado de diversas entidades e organiza\u00e7\u00f5es ambientalistas, como o\u00a0Observat\u00f3rio do Clima e o ISA (Instituto Socioambiental), vai apresentar uma A\u00e7\u00e3o Direta de Inconstitucionalidade (ADI) no Supremo Tribunal Federal (STF) contra a derrubada dos vetos do governo Lula ao PL da Devasta\u00e7\u00e3o, que desmonta o licenciamento ambiental no Brasil. A avalia\u00e7\u00e3o de especialistas [&hellip;]<\/p>\n","protected":false},"author":2,"featured_media":42224,"comment_status":"closed","ping_status":"open","sticky":false,"template":"","format":"standard","meta":{"_acf_changed":false,"footnotes":""},"categories":[14],"tags":[4825],"class_list":{"0":"post-42220","1":"post","2":"type-post","3":"status-publish","4":"format-standard","5":"has-post-thumbnail","7":"category-partido","8":"tag-noticias"},"acf":[],"yoast_head":"<!-- This site is optimized with the Yoast SEO plugin v26.5 - https:\/\/yoast.com\/wordpress\/plugins\/seo\/ -->\n<title>PSOL e ambientalistas v\u00e3o ao STF contra derrubada de vetos ao PL da Devasta\u00e7\u00e3o<\/title>\n<meta name=\"robots\" content=\"index, follow, max-snippet:-1, max-image-preview:large, max-video-preview:-1\" \/>\n<link rel=\"canonical\" href=\"https:\/\/psol50.org.br\/psol-e-ambientalistas-vao-ao-stf-contra-derrubada-de-vetos-ao-pl-da-devastacao\/\" \/>\n<meta property=\"og:locale\" content=\"pt_BR\" \/>\n<meta property=\"og:type\" content=\"article\" \/>\n<meta property=\"og:title\" content=\"PSOL e ambientalistas v\u00e3o ao STF contra derrubada de vetos ao PL da Devasta\u00e7\u00e3o\" \/>\n<meta property=\"og:description\" content=\"O PSOL, ao lado de diversas entidades e organiza\u00e7\u00f5es ambientalistas, como o\u00a0Observat\u00f3rio do Clima e o ISA (Instituto Socioambiental), vai apresentar uma A\u00e7\u00e3o Direta de Inconstitucionalidade (ADI) no Supremo Tribunal Federal (STF) contra a derrubada dos vetos do governo Lula ao PL da Devasta\u00e7\u00e3o, que desmonta o licenciamento ambiental no Brasil. A avalia\u00e7\u00e3o de especialistas [&hellip;]\" \/>\n<meta property=\"og:url\" content=\"https:\/\/psol50.org.br\/psol-e-ambientalistas-vao-ao-stf-contra-derrubada-de-vetos-ao-pl-da-devastacao\/\" \/>\n<meta property=\"og:site_name\" content=\"PSOL 50\" \/>\n<meta property=\"article:publisher\" content=\"https:\/\/www.facebook.com\/psol50\" \/>\n<meta property=\"article:published_time\" content=\"2025-11-28T14:36:13+00:00\" \/>\n<meta property=\"article:modified_time\" content=\"2025-12-16T20:07:14+00:00\" \/>\n<meta property=\"og:image\" content=\"https:\/\/psol50.org.br\/inc\/uploads\/2025\/11\/Captura-de-Tela-2025-11-28-as-11.34.29-1024x608.png\" \/>\n\t<meta property=\"og:image:width\" content=\"1024\" \/>\n\t<meta property=\"og:image:height\" content=\"608\" \/>\n\t<meta property=\"og:image:type\" content=\"image\/png\" \/>\n<meta name=\"author\" content=\"Comunica\u00e7\u00e3o PSOL\" \/>\n<meta name=\"twitter:card\" content=\"summary_large_image\" \/>\n<meta name=\"twitter:creator\" content=\"@psol50\" \/>\n<meta name=\"twitter:site\" content=\"@psol50\" \/>\n<meta name=\"twitter:label1\" content=\"Escrito por\" \/>\n\t<meta name=\"twitter:data1\" content=\"Comunica\u00e7\u00e3o PSOL\" \/>\n\t<meta name=\"twitter:label2\" content=\"Est. tempo de leitura\" \/>\n\t<meta name=\"twitter:data2\" content=\"1 minuto\" \/>\n<script type=\"application\/ld+json\" class=\"yoast-schema-graph\">{\"@context\":\"https:\/\/schema.org\",\"@graph\":[{\"@type\":\"Article\",\"@id\":\"https:\/\/psol50.org.br\/psol-e-ambientalistas-vao-ao-stf-contra-derrubada-de-vetos-ao-pl-da-devastacao\/#article\",\"isPartOf\":{\"@id\":\"https:\/\/psol50.org.br\/psol-e-ambientalistas-vao-ao-stf-contra-derrubada-de-vetos-ao-pl-da-devastacao\/\"},\"author\":{\"name\":\"Comunica\u00e7\u00e3o PSOL\",\"@id\":\"https:\/\/psol50.org.br\/#\/schema\/person\/475dfa57d0b815993c714c2e96491fcd\"},\"headline\":\"PSOL e ambientalistas v\u00e3o ao STF contra derrubada de vetos ao PL da Devasta\u00e7\u00e3o\",\"datePublished\":\"2025-11-28T14:36:13+00:00\",\"dateModified\":\"2025-12-16T20:07:14+00:00\",\"mainEntityOfPage\":{\"@id\":\"https:\/\/psol50.org.br\/psol-e-ambientalistas-vao-ao-stf-contra-derrubada-de-vetos-ao-pl-da-devastacao\/\"},\"wordCount\":310,\"publisher\":{\"@id\":\"https:\/\/psol50.org.br\/#organization\"},\"image\":{\"@id\":\"https:\/\/psol50.org.br\/psol-e-ambientalistas-vao-ao-stf-contra-derrubada-de-vetos-ao-pl-da-devastacao\/#primaryimage\"},\"thumbnailUrl\":\"https:\/\/psol50.org.br\/inc\/uploads\/2025\/11\/Captura-de-Tela-2025-11-28-as-11.34.29.png\",\"keywords\":[\"Not\u00edcias\"],\"articleSection\":[\"Partido\"],\"inLanguage\":\"pt-BR\"},{\"@type\":\"WebPage\",\"@id\":\"https:\/\/psol50.org.br\/psol-e-ambientalistas-vao-ao-stf-contra-derrubada-de-vetos-ao-pl-da-devastacao\/\",\"url\":\"https:\/\/psol50.org.br\/psol-e-ambientalistas-vao-ao-stf-contra-derrubada-de-vetos-ao-pl-da-devastacao\/\",\"name\":\"PSOL e ambientalistas v\u00e3o ao STF contra derrubada de vetos ao PL da Devasta\u00e7\u00e3o\",\"isPartOf\":{\"@id\":\"https:\/\/psol50.org.br\/#website\"},\"primaryImageOfPage\":{\"@id\":\"https:\/\/psol50.org.br\/psol-e-ambientalistas-vao-ao-stf-contra-derrubada-de-vetos-ao-pl-da-devastacao\/#primaryimage\"},\"image\":{\"@id\":\"https:\/\/psol50.org.br\/psol-e-ambientalistas-vao-ao-stf-contra-derrubada-de-vetos-ao-pl-da-devastacao\/#primaryimage\"},\"thumbnailUrl\":\"https:\/\/psol50.org.br\/inc\/uploads\/2025\/11\/Captura-de-Tela-2025-11-28-as-11.34.29.png\",\"datePublished\":\"2025-11-28T14:36:13+00:00\",\"dateModified\":\"2025-12-16T20:07:14+00:00\",\"breadcrumb\":{\"@id\":\"https:\/\/psol50.org.br\/psol-e-ambientalistas-vao-ao-stf-contra-derrubada-de-vetos-ao-pl-da-devastacao\/#breadcrumb\"},\"inLanguage\":\"pt-BR\",\"potentialAction\":[{\"@type\":\"ReadAction\",\"target\":[\"https:\/\/psol50.org.br\/psol-e-ambientalistas-vao-ao-stf-contra-derrubada-de-vetos-ao-pl-da-devastacao\/\"]}]},{\"@type\":\"ImageObject\",\"inLanguage\":\"pt-BR\",\"@id\":\"https:\/\/psol50.org.br\/psol-e-ambientalistas-vao-ao-stf-contra-derrubada-de-vetos-ao-pl-da-devastacao\/#primaryimage\",\"url\":\"https:\/\/psol50.org.br\/inc\/uploads\/2025\/11\/Captura-de-Tela-2025-11-28-as-11.34.29.png\",\"contentUrl\":\"https:\/\/psol50.org.br\/inc\/uploads\/2025\/11\/Captura-de-Tela-2025-11-28-as-11.34.29.png\",\"width\":2336,\"height\":1386,\"caption\":\"Foto: Ant\u00f4nio Cruz\/Ag\u00eancia Brasil\"},{\"@type\":\"BreadcrumbList\",\"@id\":\"https:\/\/psol50.org.br\/psol-e-ambientalistas-vao-ao-stf-contra-derrubada-de-vetos-ao-pl-da-devastacao\/#breadcrumb\",\"itemListElement\":[{\"@type\":\"ListItem\",\"position\":1,\"name\":\"In\u00edcio\",\"item\":\"https:\/\/psol50.org.br\/\"},{\"@type\":\"ListItem\",\"position\":2,\"name\":\"PSOL e ambientalistas v\u00e3o ao STF contra derrubada de vetos ao PL da Devasta\u00e7\u00e3o\"}]},{\"@type\":\"WebSite\",\"@id\":\"https:\/\/psol50.org.br\/#website\",\"url\":\"https:\/\/psol50.org.br\/\",\"name\":\"PSOL 50\",\"description\":\"Site oficial do Partido Socialismo e Liberdade\",\"publisher\":{\"@id\":\"https:\/\/psol50.org.br\/#organization\"},\"alternateName\":\"PSOL50\",\"potentialAction\":[{\"@type\":\"SearchAction\",\"target\":{\"@type\":\"EntryPoint\",\"urlTemplate\":\"https:\/\/psol50.org.br\/?s={search_term_string}\"},\"query-input\":{\"@type\":\"PropertyValueSpecification\",\"valueRequired\":true,\"valueName\":\"search_term_string\"}}],\"inLanguage\":\"pt-BR\"},{\"@type\":\"Organization\",\"@id\":\"https:\/\/psol50.org.br\/#organization\",\"name\":\"PSOL 50\",\"alternateName\":\"PSOL 50\",\"url\":\"https:\/\/psol50.org.br\/\",\"logo\":{\"@type\":\"ImageObject\",\"inLanguage\":\"pt-BR\",\"@id\":\"https:\/\/psol50.org.br\/#\/schema\/logo\/image\/\",\"url\":\"https:\/\/psol50.org.br\/inc\/uploads\/2018\/07\/capa.png\",\"contentUrl\":\"https:\/\/psol50.org.br\/inc\/uploads\/2018\/07\/capa.png\",\"width\":1350,\"height\":900,\"caption\":\"PSOL 50\"},\"image\":{\"@id\":\"https:\/\/psol50.org.br\/#\/schema\/logo\/image\/\"},\"sameAs\":[\"https:\/\/www.facebook.com\/psol50\",\"https:\/\/x.com\/psol50\",\"https:\/\/www.instagram.com\/psol50\/\",\"https:\/\/www.youtube.com\/channel\/UC7SnJS5o1os7a6CaiNabzcg\"]},{\"@type\":\"Person\",\"@id\":\"https:\/\/psol50.org.br\/#\/schema\/person\/475dfa57d0b815993c714c2e96491fcd\",\"name\":\"Comunica\u00e7\u00e3o PSOL\",\"image\":{\"@type\":\"ImageObject\",\"inLanguage\":\"pt-BR\",\"@id\":\"https:\/\/psol50.org.br\/#\/schema\/person\/image\/\",\"url\":\"https:\/\/secure.gravatar.com\/avatar\/b34fc4f4e468a4e51785917065a3db57b841f5c95dba6ad8c73aaf8f66f8f9bf?s=96&d=mm&r=g\",\"contentUrl\":\"https:\/\/secure.gravatar.com\/avatar\/b34fc4f4e468a4e51785917065a3db57b841f5c95dba6ad8c73aaf8f66f8f9bf?s=96&d=mm&r=g\",\"caption\":\"Comunica\u00e7\u00e3o PSOL\"}}]}<\/script>\n<!-- \/ Yoast SEO plugin. -->","yoast_head_json":{"title":"PSOL e ambientalistas v\u00e3o ao STF contra derrubada de vetos ao PL da Devasta\u00e7\u00e3o","robots":{"index":"index","follow":"follow","max-snippet":"max-snippet:-1","max-image-preview":"max-image-preview:large","max-video-preview":"max-video-preview:-1"},"canonical":"https:\/\/psol50.org.br\/psol-e-ambientalistas-vao-ao-stf-contra-derrubada-de-vetos-ao-pl-da-devastacao\/","og_locale":"pt_BR","og_type":"article","og_title":"PSOL e ambientalistas v\u00e3o ao STF contra derrubada de vetos ao PL da Devasta\u00e7\u00e3o","og_description":"O PSOL, ao lado de diversas entidades e organiza\u00e7\u00f5es ambientalistas, como o\u00a0Observat\u00f3rio do Clima e o ISA (Instituto Socioambiental), vai apresentar uma A\u00e7\u00e3o Direta de Inconstitucionalidade (ADI) no Supremo Tribunal Federal (STF) contra a derrubada dos vetos do governo Lula ao PL da Devasta\u00e7\u00e3o, que desmonta o licenciamento ambiental no Brasil. A avalia\u00e7\u00e3o de especialistas [&hellip;]","og_url":"https:\/\/psol50.org.br\/psol-e-ambientalistas-vao-ao-stf-contra-derrubada-de-vetos-ao-pl-da-devastacao\/","og_site_name":"PSOL 50","article_publisher":"https:\/\/www.facebook.com\/psol50","article_published_time":"2025-11-28T14:36:13+00:00","article_modified_time":"2025-12-16T20:07:14+00:00","og_image":[{"width":1024,"height":608,"url":"https:\/\/psol50.org.br\/inc\/uploads\/2025\/11\/Captura-de-Tela-2025-11-28-as-11.34.29-1024x608.png","type":"image\/png"}],"author":"Comunica\u00e7\u00e3o PSOL","twitter_card":"summary_large_image","twitter_creator":"@psol50","twitter_site":"@psol50","twitter_misc":{"Escrito por":"Comunica\u00e7\u00e3o PSOL","Est. tempo de leitura":"1 minuto"},"schema":{"@context":"https:\/\/schema.org","@graph":[{"@type":"Article","@id":"https:\/\/psol50.org.br\/psol-e-ambientalistas-vao-ao-stf-contra-derrubada-de-vetos-ao-pl-da-devastacao\/#article","isPartOf":{"@id":"https:\/\/psol50.org.br\/psol-e-ambientalistas-vao-ao-stf-contra-derrubada-de-vetos-ao-pl-da-devastacao\/"},"author":{"name":"Comunica\u00e7\u00e3o PSOL","@id":"https:\/\/psol50.org.br\/#\/schema\/person\/475dfa57d0b815993c714c2e96491fcd"},"headline":"PSOL e ambientalistas v\u00e3o ao STF contra derrubada de vetos ao PL da Devasta\u00e7\u00e3o","datePublished":"2025-11-28T14:36:13+00:00","dateModified":"2025-12-16T20:07:14+00:00","mainEntityOfPage":{"@id":"https:\/\/psol50.org.br\/psol-e-ambientalistas-vao-ao-stf-contra-derrubada-de-vetos-ao-pl-da-devastacao\/"},"wordCount":310,"publisher":{"@id":"https:\/\/psol50.org.br\/#organization"},"image":{"@id":"https:\/\/psol50.org.br\/psol-e-ambientalistas-vao-ao-stf-contra-derrubada-de-vetos-ao-pl-da-devastacao\/#primaryimage"},"thumbnailUrl":"https:\/\/psol50.org.br\/inc\/uploads\/2025\/11\/Captura-de-Tela-2025-11-28-as-11.34.29.png","keywords":["Not\u00edcias"],"articleSection":["Partido"],"inLanguage":"pt-BR"},{"@type":"WebPage","@id":"https:\/\/psol50.org.br\/psol-e-ambientalistas-vao-ao-stf-contra-derrubada-de-vetos-ao-pl-da-devastacao\/","url":"https:\/\/psol50.org.br\/psol-e-ambientalistas-vao-ao-stf-contra-derrubada-de-vetos-ao-pl-da-devastacao\/","name":"PSOL e ambientalistas v\u00e3o ao STF contra derrubada de vetos ao PL da Devasta\u00e7\u00e3o","isPartOf":{"@id":"https:\/\/psol50.org.br\/#website"},"primaryImageOfPage":{"@id":"https:\/\/psol50.org.br\/psol-e-ambientalistas-vao-ao-stf-contra-derrubada-de-vetos-ao-pl-da-devastacao\/#primaryimage"},"image":{"@id":"https:\/\/psol50.org.br\/psol-e-ambientalistas-vao-ao-stf-contra-derrubada-de-vetos-ao-pl-da-devastacao\/#primaryimage"},"thumbnailUrl":"https:\/\/psol50.org.br\/inc\/uploads\/2025\/11\/Captura-de-Tela-2025-11-28-as-11.34.29.png","datePublished":"2025-11-28T14:36:13+00:00","dateModified":"2025-12-16T20:07:14+00:00","breadcrumb":{"@id":"https:\/\/psol50.org.br\/psol-e-ambientalistas-vao-ao-stf-contra-derrubada-de-vetos-ao-pl-da-devastacao\/#breadcrumb"},"inLanguage":"pt-BR","potentialAction":[{"@type":"ReadAction","target":["https:\/\/psol50.org.br\/psol-e-ambientalistas-vao-ao-stf-contra-derrubada-de-vetos-ao-pl-da-devastacao\/"]}]},{"@type":"ImageObject","inLanguage":"pt-BR","@id":"https:\/\/psol50.org.br\/psol-e-ambientalistas-vao-ao-stf-contra-derrubada-de-vetos-ao-pl-da-devastacao\/#primaryimage","url":"https:\/\/psol50.org.br\/inc\/uploads\/2025\/11\/Captura-de-Tela-2025-11-28-as-11.34.29.png","contentUrl":"https:\/\/psol50.org.br\/inc\/uploads\/2025\/11\/Captura-de-Tela-2025-11-28-as-11.34.29.png","width":2336,"height":1386,"caption":"Foto: Ant\u00f4nio Cruz\/Ag\u00eancia Brasil"},{"@type":"BreadcrumbList","@id":"https:\/\/psol50.org.br\/psol-e-ambientalistas-vao-ao-stf-contra-derrubada-de-vetos-ao-pl-da-devastacao\/#breadcrumb","itemListElement":[{"@type":"ListItem","position":1,"name":"In\u00edcio","item":"https:\/\/psol50.org.br\/"},{"@type":"ListItem","position":2,"name":"PSOL e ambientalistas v\u00e3o ao STF contra derrubada de vetos ao PL da Devasta\u00e7\u00e3o"}]},{"@type":"WebSite","@id":"https:\/\/psol50.org.br\/#website","url":"https:\/\/psol50.org.br\/","name":"PSOL 50","description":"Site oficial do Partido Socialismo e Liberdade","publisher":{"@id":"https:\/\/psol50.org.br\/#organization"},"alternateName":"PSOL50","potentialAction":[{"@type":"SearchAction","target":{"@type":"EntryPoint","urlTemplate":"https:\/\/psol50.org.br\/?s={search_term_string}"},"query-input":{"@type":"PropertyValueSpecification","valueRequired":true,"valueName":"search_term_string"}}],"inLanguage":"pt-BR"},{"@type":"Organization","@id":"https:\/\/psol50.org.br\/#organization","name":"PSOL 50","alternateName":"PSOL 50","url":"https:\/\/psol50.org.br\/","logo":{"@type":"ImageObject","inLanguage":"pt-BR","@id":"https:\/\/psol50.org.br\/#\/schema\/logo\/image\/","url":"https:\/\/psol50.org.br\/inc\/uploads\/2018\/07\/capa.png","contentUrl":"https:\/\/psol50.org.br\/inc\/uploads\/2018\/07\/capa.png","width":1350,"height":900,"caption":"PSOL 50"},"image":{"@id":"https:\/\/psol50.org.br\/#\/schema\/logo\/image\/"},"sameAs":["https:\/\/www.facebook.com\/psol50","https:\/\/x.com\/psol50","https:\/\/www.instagram.com\/psol50\/","https:\/\/www.youtube.com\/channel\/UC7SnJS5o1os7a6CaiNabzcg"]},{"@type":"Person","@id":"https:\/\/psol50.org.br\/#\/schema\/person\/475dfa57d0b815993c714c2e96491fcd","name":"Comunica\u00e7\u00e3o PSOL","image":{"@type":"ImageObject","inLanguage":"pt-BR","@id":"https:\/\/psol50.org.br\/#\/schema\/person\/image\/","url":"https:\/\/secure.gravatar.com\/avatar\/b34fc4f4e468a4e51785917065a3db57b841f5c95dba6ad8c73aaf8f66f8f9bf?s=96&d=mm&r=g","contentUrl":"https:\/\/secure.gravatar.com\/avatar\/b34fc4f4e468a4e51785917065a3db57b841f5c95dba6ad8c73aaf8f66f8f9bf?s=96&d=mm&r=g","caption":"Comunica\u00e7\u00e3o PSOL"}}]}},"_links":{"self":[{"href":"https:\/\/psol50.org.br\/rest\/wp\/v2\/posts\/42220","targetHints":{"allow":["GET"]}}],"collection":[{"href":"https:\/\/psol50.org.br\/rest\/wp\/v2\/posts"}],"about":[{"href":"https:\/\/psol50.org.br\/rest\/wp\/v2\/types\/post"}],"author":[{"embeddable":true,"href":"https:\/\/psol50.org.br\/rest\/wp\/v2\/users\/2"}],"replies":[{"embeddable":true,"href":"https:\/\/psol50.org.br\/rest\/wp\/v2\/comments?post=42220"}],"version-history":[{"count":3,"href":"https:\/\/psol50.org.br\/rest\/wp\/v2\/posts\/42220\/revisions"}],"predecessor-version":[{"id":42223,"href":"https:\/\/psol50.org.br\/rest\/wp\/v2\/posts\/42220\/revisions\/42223"}],"wp:featuredmedia":[{"embeddable":true,"href":"https:\/\/psol50.org.br\/rest\/wp\/v2\/media\/42224"}],"wp:attachment":[{"href":"https:\/\/psol50.org.br\/rest\/wp\/v2\/media?parent=42220"}],"wp:term":[{"taxonomy":"category","embeddable":true,"href":"https:\/\/psol50.org.br\/rest\/wp\/v2\/categories?post=42220"},{"taxonomy":"post_tag","embeddable":true,"href":"https:\/\/psol50.org.br\/rest\/wp\/v2\/tags?post=42220"}],"curies":[{"name":"wp","href":"https:\/\/api.w.org\/{rel}","templated":true}]}}