{"id":42248,"date":"2025-12-01T16:02:01","date_gmt":"2025-12-01T19:02:01","guid":{"rendered":"https:\/\/psol50.org.br\/?p=42248"},"modified":"2025-12-11T17:26:47","modified_gmt":"2025-12-11T20:26:47","slug":"manuela-davila-anuncia-filiacao-ao-psol-e-celebracao-esta-marcada-para-9-de-dezembro","status":"publish","type":"post","link":"https:\/\/psol50.org.br\/manuela-davila-anuncia-filiacao-ao-psol-e-celebracao-esta-marcada-para-9-de-dezembro\/","title":{"rendered":"Manuela d\u2019\u00c1vila anuncia filia\u00e7\u00e3o ao PSOL e celebra\u00e7\u00e3o est\u00e1 marcada para 9 de dezembro"},"content":{"rendered":"<p>Neste s\u00e1bado (29) foi anunciada a filia\u00e7\u00e3o de Manuela d\u2019\u00c1vila no PSOL, que ter\u00e1 sua pr\u00e9-candidatura ao Senado pelo Rio Grande do Sul oficializada em um evento no dia 9 de dezembro, em Porto Alegre. A chegada de Manuela marca um passo importante no fortalecimento do nosso projeto de mudan\u00e7as profundas no pa\u00eds.<\/p>\n<p>Para Manu, se filiar ao PSOL \u00e9 fazer parte de uma corrente hist\u00f3rica que empurra o Brasil em dire\u00e7\u00e3o a um mundo mais justo. \u201cQuero grandes transforma\u00e7\u00f5es. N\u00e3o me conformo que essa realidade de desigualdade seja o destino final da humanidade\u201d, disse.<\/p>\n<p>Ela sempre acreditou na luta coletiva e viu na milit\u00e2ncia partid\u00e1ria uma forma elevada de construir essa transforma\u00e7\u00e3o. \u201cNo PSOL encontrei a combina\u00e7\u00e3o que me move: o compromisso profundo com mudan\u00e7as estruturais e o brilho das novas gera\u00e7\u00f5es\u201d, declarou.<\/p>\n<p>Destacou tamb\u00e9m que a unidade da esquerda \u00e9 fundamental para enfrentar a extrema-direita e defender o povo brasileiro. \u201cA partir do PSOL, estarei junto de todas e todos que enfrentam a ultra-direita e defendem o nosso pa\u00eds\u201d, disse.<\/p>\n<p>A filia\u00e7\u00e3o ser\u00e1 celebrada com samba, alegria e esperan\u00e7a, dando a largada para uma pr\u00e9-campanha hist\u00f3rica na disputa pelo Senado. Confira as informa\u00e7\u00f5es do ato de filia\u00e7\u00e3o:<\/p>\n<p>\ud83d\uddd3\ufe0f 09\/12<br \/>\n\u23f0 18h<br \/>\n\ud83d\udccdBar do Alexandre EPEC &#8211; Rua Miguel Teixeira, 189, Porto Alegre-RS<\/p>\n<blockquote class=\"instagram-media\" data-instgrm-captioned data-instgrm-permalink=\"https:\/\/www.instagram.com\/p\/DRpPqn2DYEK\/?utm_source=ig_embed&amp;utm_campaign=loading\" data-instgrm-version=\"14\" style=\" background:#FFF; border:0; border-radius:3px; box-shadow:0 0 1px 0 rgba(0,0,0,0.5),0 1px 10px 0 rgba(0,0,0,0.15); margin: 1px; max-width:540px; min-width:326px; padding:0; width:99.375%; width:-webkit-calc(100% - 2px); width:calc(100% - 2px);\">\n<div style=\"padding:16px;\"> <a href=\"https:\/\/www.instagram.com\/p\/DRpPqn2DYEK\/?utm_source=ig_embed&amp;utm_campaign=loading\" style=\" background:#FFFFFF; line-height:0; padding:0 0; text-align:center; text-decoration:none; width:100%;\" target=\"_blank\"> <\/p>\n<div style=\" display: flex; flex-direction: row; align-items: center;\">\n<div style=\"background-color: #F4F4F4; border-radius: 50%; flex-grow: 0; height: 40px; margin-right: 14px; width: 40px;\"><\/div>\n<div style=\"display: flex; flex-direction: column; flex-grow: 1; justify-content: center;\">\n<div style=\" background-color: #F4F4F4; border-radius: 4px; flex-grow: 0; height: 14px; margin-bottom: 6px; width: 100px;\"><\/div>\n<div style=\" background-color: #F4F4F4; border-radius: 4px; flex-grow: 0; height: 14px; width: 60px;\"><\/div>\n<\/div>\n<\/div>\n<div style=\"padding: 19% 0;\"><\/div>\n<div style=\"display:block; height:50px; margin:0 auto 12px; width:50px;\"><svg width=\"50px\" height=\"50px\" viewBox=\"0 0 60 60\" version=\"1.1\" xmlns=\"https:\/\/www.w3.org\/2000\/svg\" xmlns:xlink=\"https:\/\/www.w3.org\/1999\/xlink\"><g stroke=\"none\" stroke-width=\"1\" fill=\"none\" fill-rule=\"evenodd\"><g transform=\"translate(-511.000000, -20.000000)\" fill=\"#000000\"><g><path d=\"M556.869,30.41 C554.814,30.41 553.148,32.076 553.148,34.131 C553.148,36.186 554.814,37.852 556.869,37.852 C558.924,37.852 560.59,36.186 560.59,34.131 C560.59,32.076 558.924,30.41 556.869,30.41 M541,60.657 C535.114,60.657 530.342,55.887 530.342,50 C530.342,44.114 535.114,39.342 541,39.342 C546.887,39.342 551.658,44.114 551.658,50 C551.658,55.887 546.887,60.657 541,60.657 M541,33.886 C532.1,33.886 524.886,41.1 524.886,50 C524.886,58.899 532.1,66.113 541,66.113 C549.9,66.113 557.115,58.899 557.115,50 C557.115,41.1 549.9,33.886 541,33.886 M565.378,62.101 C565.244,65.022 564.756,66.606 564.346,67.663 C563.803,69.06 563.154,70.057 562.106,71.106 C561.058,72.155 560.06,72.803 558.662,73.347 C557.607,73.757 556.021,74.244 553.102,74.378 C549.944,74.521 548.997,74.552 541,74.552 C533.003,74.552 532.056,74.521 528.898,74.378 C525.979,74.244 524.393,73.757 523.338,73.347 C521.94,72.803 520.942,72.155 519.894,71.106 C518.846,70.057 518.197,69.06 517.654,67.663 C517.244,66.606 516.755,65.022 516.623,62.101 C516.479,58.943 516.448,57.996 516.448,50 C516.448,42.003 516.479,41.056 516.623,37.899 C516.755,34.978 517.244,33.391 517.654,32.338 C518.197,30.938 518.846,29.942 519.894,28.894 C520.942,27.846 521.94,27.196 523.338,26.654 C524.393,26.244 525.979,25.756 528.898,25.623 C532.057,25.479 533.004,25.448 541,25.448 C548.997,25.448 549.943,25.479 553.102,25.623 C556.021,25.756 557.607,26.244 558.662,26.654 C560.06,27.196 561.058,27.846 562.106,28.894 C563.154,29.942 563.803,30.938 564.346,32.338 C564.756,33.391 565.244,34.978 565.378,37.899 C565.522,41.056 565.552,42.003 565.552,50 C565.552,57.996 565.522,58.943 565.378,62.101 M570.82,37.631 C570.674,34.438 570.167,32.258 569.425,30.349 C568.659,28.377 567.633,26.702 565.965,25.035 C564.297,23.368 562.623,22.342 560.652,21.575 C558.743,20.834 556.562,20.326 553.369,20.18 C550.169,20.033 549.148,20 541,20 C532.853,20 531.831,20.033 528.631,20.18 C525.438,20.326 523.257,20.834 521.349,21.575 C519.376,22.342 517.703,23.368 516.035,25.035 C514.368,26.702 513.342,28.377 512.574,30.349 C511.834,32.258 511.326,34.438 511.181,37.631 C511.035,40.831 511,41.851 511,50 C511,58.147 511.035,59.17 511.181,62.369 C511.326,65.562 511.834,67.743 512.574,69.651 C513.342,71.625 514.368,73.296 516.035,74.965 C517.703,76.634 519.376,77.658 521.349,78.425 C523.257,79.167 525.438,79.673 528.631,79.82 C531.831,79.965 532.853,80.001 541,80.001 C549.148,80.001 550.169,79.965 553.369,79.82 C556.562,79.673 558.743,79.167 560.652,78.425 C562.623,77.658 564.297,76.634 565.965,74.965 C567.633,73.296 568.659,71.625 569.425,69.651 C570.167,67.743 570.674,65.562 570.82,62.369 C570.966,59.17 571,58.147 571,50 C571,41.851 570.966,40.831 570.82,37.631\"><\/path><\/g><\/g><\/g><\/svg><\/div>\n<div style=\"padding-top: 8px;\">\n<div style=\" color:#3897f0; font-family:Arial,sans-serif; font-size:14px; font-style:normal; font-weight:550; line-height:18px;\">Ver essa foto no Instagram<\/div>\n<\/div>\n<div style=\"padding: 12.5% 0;\"><\/div>\n<div style=\"display: flex; flex-direction: row; margin-bottom: 14px; align-items: center;\">\n<div>\n<div style=\"background-color: #F4F4F4; border-radius: 50%; height: 12.5px; width: 12.5px; transform: translateX(0px) translateY(7px);\"><\/div>\n<div style=\"background-color: #F4F4F4; height: 12.5px; transform: rotate(-45deg) translateX(3px) translateY(1px); width: 12.5px; flex-grow: 0; margin-right: 14px; margin-left: 2px;\"><\/div>\n<div style=\"background-color: #F4F4F4; border-radius: 50%; height: 12.5px; width: 12.5px; transform: translateX(9px) translateY(-18px);\"><\/div>\n<\/div>\n<div style=\"margin-left: 8px;\">\n<div style=\" background-color: #F4F4F4; border-radius: 50%; flex-grow: 0; height: 20px; width: 20px;\"><\/div>\n<div style=\" width: 0; height: 0; border-top: 2px solid transparent; border-left: 6px solid #f4f4f4; border-bottom: 2px solid transparent; transform: translateX(16px) translateY(-4px) rotate(30deg)\"><\/div>\n<\/div>\n<div style=\"margin-left: auto;\">\n<div style=\" width: 0px; border-top: 8px solid #F4F4F4; border-right: 8px solid transparent; transform: translateY(16px);\"><\/div>\n<div style=\" background-color: #F4F4F4; flex-grow: 0; height: 12px; width: 16px; transform: translateY(-4px);\"><\/div>\n<div style=\" width: 0; height: 0; border-top: 8px solid #F4F4F4; border-left: 8px solid transparent; transform: translateY(-4px) translateX(8px);\"><\/div>\n<\/div>\n<\/div>\n<div style=\"display: flex; flex-direction: column; flex-grow: 1; justify-content: center; margin-bottom: 24px;\">\n<div style=\" background-color: #F4F4F4; border-radius: 4px; flex-grow: 0; height: 14px; margin-bottom: 6px; width: 224px;\"><\/div>\n<div style=\" background-color: #F4F4F4; border-radius: 4px; flex-grow: 0; height: 14px; width: 144px;\"><\/div>\n<\/div>\n<p><\/a><\/p>\n<p style=\" color:#c9c8cd; font-family:Arial,sans-serif; font-size:14px; line-height:17px; margin-bottom:0; margin-top:8px; overflow:hidden; padding:8px 0 7px; text-align:center; text-overflow:ellipsis; white-space:nowrap;\"><a href=\"https:\/\/www.instagram.com\/p\/DRpPqn2DYEK\/?utm_source=ig_embed&amp;utm_campaign=loading\" style=\" color:#c9c8cd; font-family:Arial,sans-serif; font-size:14px; font-style:normal; font-weight:normal; line-height:17px; text-decoration:none;\" target=\"_blank\">Uma publica\u00e7\u00e3o compartilhada por PSOL 50 (@psol50)<\/a><\/p>\n<\/div>\n<\/blockquote>\n<p><script async src=\"\/\/www.instagram.com\/embed.js\"><\/script><\/p>\n","protected":false},"excerpt":{"rendered":"<p>Neste s\u00e1bado (29) foi anunciada a filia\u00e7\u00e3o de Manuela d\u2019\u00c1vila no PSOL, que ter\u00e1 sua pr\u00e9-candidatura ao Senado pelo Rio Grande do Sul oficializada em um evento no dia 9 de dezembro, em Porto Alegre. A chegada de Manuela marca um passo importante no fortalecimento do nosso projeto de mudan\u00e7as profundas no pa\u00eds. Para Manu, [&hellip;]<\/p>\n","protected":false},"author":2,"featured_media":42250,"comment_status":"closed","ping_status":"open","sticky":false,"template":"","format":"standard","meta":{"_acf_changed":false,"footnotes":""},"categories":[14],"tags":[4825],"class_list":{"0":"post-42248","1":"post","2":"type-post","3":"status-publish","4":"format-standard","5":"has-post-thumbnail","7":"category-partido","8":"tag-noticias"},"acf":[],"yoast_head":"<!-- This site is optimized with the Yoast SEO plugin v26.5 - https:\/\/yoast.com\/wordpress\/plugins\/seo\/ -->\n<title>Manuela d\u2019\u00c1vila anuncia filia\u00e7\u00e3o ao PSOL e celebra\u00e7\u00e3o est\u00e1 marcada para 9 de dezembro - PSOL 50<\/title>\n<meta name=\"robots\" content=\"index, follow, max-snippet:-1, max-image-preview:large, max-video-preview:-1\" \/>\n<link rel=\"canonical\" href=\"https:\/\/psol50.org.br\/manuela-davila-anuncia-filiacao-ao-psol-e-celebracao-esta-marcada-para-9-de-dezembro\/\" \/>\n<meta property=\"og:locale\" content=\"pt_BR\" \/>\n<meta property=\"og:type\" content=\"article\" \/>\n<meta property=\"og:title\" content=\"Manuela d\u2019\u00c1vila anuncia filia\u00e7\u00e3o ao PSOL e celebra\u00e7\u00e3o est\u00e1 marcada para 9 de dezembro - PSOL 50\" \/>\n<meta property=\"og:description\" content=\"Neste s\u00e1bado (29) foi anunciada a filia\u00e7\u00e3o de Manuela d\u2019\u00c1vila no PSOL, que ter\u00e1 sua pr\u00e9-candidatura ao Senado pelo Rio Grande do Sul oficializada em um evento no dia 9 de dezembro, em Porto Alegre. A chegada de Manuela marca um passo importante no fortalecimento do nosso projeto de mudan\u00e7as profundas no pa\u00eds. Para Manu, [&hellip;]\" \/>\n<meta property=\"og:url\" content=\"https:\/\/psol50.org.br\/manuela-davila-anuncia-filiacao-ao-psol-e-celebracao-esta-marcada-para-9-de-dezembro\/\" \/>\n<meta property=\"og:site_name\" content=\"PSOL 50\" \/>\n<meta property=\"article:publisher\" content=\"https:\/\/www.facebook.com\/psol50\" \/>\n<meta property=\"article:published_time\" content=\"2025-12-01T19:02:01+00:00\" \/>\n<meta property=\"article:modified_time\" content=\"2025-12-11T20:26:47+00:00\" \/>\n<meta property=\"og:image\" content=\"https:\/\/psol50.org.br\/inc\/uploads\/2025\/12\/photo_2025-09-29-10.09.25.jpeg\" \/>\n\t<meta property=\"og:image:width\" content=\"1280\" \/>\n\t<meta property=\"og:image:height\" content=\"853\" \/>\n\t<meta property=\"og:image:type\" content=\"image\/jpeg\" \/>\n<meta name=\"author\" content=\"Comunica\u00e7\u00e3o PSOL\" \/>\n<meta name=\"twitter:card\" content=\"summary_large_image\" \/>\n<meta name=\"twitter:creator\" content=\"@psol50\" \/>\n<meta name=\"twitter:site\" content=\"@psol50\" \/>\n<meta name=\"twitter:label1\" content=\"Escrito por\" \/>\n\t<meta name=\"twitter:data1\" content=\"Comunica\u00e7\u00e3o PSOL\" \/>\n\t<meta name=\"twitter:label2\" content=\"Est. tempo de leitura\" \/>\n\t<meta name=\"twitter:data2\" content=\"1 minuto\" \/>\n<script type=\"application\/ld+json\" class=\"yoast-schema-graph\">{\"@context\":\"https:\/\/schema.org\",\"@graph\":[{\"@type\":\"Article\",\"@id\":\"https:\/\/psol50.org.br\/manuela-davila-anuncia-filiacao-ao-psol-e-celebracao-esta-marcada-para-9-de-dezembro\/#article\",\"isPartOf\":{\"@id\":\"https:\/\/psol50.org.br\/manuela-davila-anuncia-filiacao-ao-psol-e-celebracao-esta-marcada-para-9-de-dezembro\/\"},\"author\":{\"name\":\"Comunica\u00e7\u00e3o PSOL\",\"@id\":\"https:\/\/psol50.org.br\/#\/schema\/person\/475dfa57d0b815993c714c2e96491fcd\"},\"headline\":\"Manuela d\u2019\u00c1vila anuncia filia\u00e7\u00e3o ao PSOL e celebra\u00e7\u00e3o est\u00e1 marcada para 9 de dezembro\",\"datePublished\":\"2025-12-01T19:02:01+00:00\",\"dateModified\":\"2025-12-11T20:26:47+00:00\",\"mainEntityOfPage\":{\"@id\":\"https:\/\/psol50.org.br\/manuela-davila-anuncia-filiacao-ao-psol-e-celebracao-esta-marcada-para-9-de-dezembro\/\"},\"wordCount\":258,\"publisher\":{\"@id\":\"https:\/\/psol50.org.br\/#organization\"},\"image\":{\"@id\":\"https:\/\/psol50.org.br\/manuela-davila-anuncia-filiacao-ao-psol-e-celebracao-esta-marcada-para-9-de-dezembro\/#primaryimage\"},\"thumbnailUrl\":\"https:\/\/psol50.org.br\/inc\/uploads\/2025\/12\/photo_2025-09-29-10.09.25.jpeg\",\"keywords\":[\"Not\u00edcias\"],\"articleSection\":[\"Partido\"],\"inLanguage\":\"pt-BR\"},{\"@type\":\"WebPage\",\"@id\":\"https:\/\/psol50.org.br\/manuela-davila-anuncia-filiacao-ao-psol-e-celebracao-esta-marcada-para-9-de-dezembro\/\",\"url\":\"https:\/\/psol50.org.br\/manuela-davila-anuncia-filiacao-ao-psol-e-celebracao-esta-marcada-para-9-de-dezembro\/\",\"name\":\"Manuela d\u2019\u00c1vila anuncia filia\u00e7\u00e3o ao PSOL e celebra\u00e7\u00e3o est\u00e1 marcada para 9 de dezembro - PSOL 50\",\"isPartOf\":{\"@id\":\"https:\/\/psol50.org.br\/#website\"},\"primaryImageOfPage\":{\"@id\":\"https:\/\/psol50.org.br\/manuela-davila-anuncia-filiacao-ao-psol-e-celebracao-esta-marcada-para-9-de-dezembro\/#primaryimage\"},\"image\":{\"@id\":\"https:\/\/psol50.org.br\/manuela-davila-anuncia-filiacao-ao-psol-e-celebracao-esta-marcada-para-9-de-dezembro\/#primaryimage\"},\"thumbnailUrl\":\"https:\/\/psol50.org.br\/inc\/uploads\/2025\/12\/photo_2025-09-29-10.09.25.jpeg\",\"datePublished\":\"2025-12-01T19:02:01+00:00\",\"dateModified\":\"2025-12-11T20:26:47+00:00\",\"breadcrumb\":{\"@id\":\"https:\/\/psol50.org.br\/manuela-davila-anuncia-filiacao-ao-psol-e-celebracao-esta-marcada-para-9-de-dezembro\/#breadcrumb\"},\"inLanguage\":\"pt-BR\",\"potentialAction\":[{\"@type\":\"ReadAction\",\"target\":[\"https:\/\/psol50.org.br\/manuela-davila-anuncia-filiacao-ao-psol-e-celebracao-esta-marcada-para-9-de-dezembro\/\"]}]},{\"@type\":\"ImageObject\",\"inLanguage\":\"pt-BR\",\"@id\":\"https:\/\/psol50.org.br\/manuela-davila-anuncia-filiacao-ao-psol-e-celebracao-esta-marcada-para-9-de-dezembro\/#primaryimage\",\"url\":\"https:\/\/psol50.org.br\/inc\/uploads\/2025\/12\/photo_2025-09-29-10.09.25.jpeg\",\"contentUrl\":\"https:\/\/psol50.org.br\/inc\/uploads\/2025\/12\/photo_2025-09-29-10.09.25.jpeg\",\"width\":1280,\"height\":853,\"caption\":\"Foto: Felipe Iruata\"},{\"@type\":\"BreadcrumbList\",\"@id\":\"https:\/\/psol50.org.br\/manuela-davila-anuncia-filiacao-ao-psol-e-celebracao-esta-marcada-para-9-de-dezembro\/#breadcrumb\",\"itemListElement\":[{\"@type\":\"ListItem\",\"position\":1,\"name\":\"In\u00edcio\",\"item\":\"https:\/\/psol50.org.br\/\"},{\"@type\":\"ListItem\",\"position\":2,\"name\":\"Manuela d\u2019\u00c1vila anuncia filia\u00e7\u00e3o ao PSOL e celebra\u00e7\u00e3o est\u00e1 marcada para 9 de dezembro\"}]},{\"@type\":\"WebSite\",\"@id\":\"https:\/\/psol50.org.br\/#website\",\"url\":\"https:\/\/psol50.org.br\/\",\"name\":\"PSOL 50\",\"description\":\"Site oficial do Partido Socialismo e Liberdade\",\"publisher\":{\"@id\":\"https:\/\/psol50.org.br\/#organization\"},\"alternateName\":\"PSOL50\",\"potentialAction\":[{\"@type\":\"SearchAction\",\"target\":{\"@type\":\"EntryPoint\",\"urlTemplate\":\"https:\/\/psol50.org.br\/?s={search_term_string}\"},\"query-input\":{\"@type\":\"PropertyValueSpecification\",\"valueRequired\":true,\"valueName\":\"search_term_string\"}}],\"inLanguage\":\"pt-BR\"},{\"@type\":\"Organization\",\"@id\":\"https:\/\/psol50.org.br\/#organization\",\"name\":\"PSOL 50\",\"alternateName\":\"PSOL 50\",\"url\":\"https:\/\/psol50.org.br\/\",\"logo\":{\"@type\":\"ImageObject\",\"inLanguage\":\"pt-BR\",\"@id\":\"https:\/\/psol50.org.br\/#\/schema\/logo\/image\/\",\"url\":\"https:\/\/psol50.org.br\/inc\/uploads\/2018\/07\/capa.png\",\"contentUrl\":\"https:\/\/psol50.org.br\/inc\/uploads\/2018\/07\/capa.png\",\"width\":1350,\"height\":900,\"caption\":\"PSOL 50\"},\"image\":{\"@id\":\"https:\/\/psol50.org.br\/#\/schema\/logo\/image\/\"},\"sameAs\":[\"https:\/\/www.facebook.com\/psol50\",\"https:\/\/x.com\/psol50\",\"https:\/\/www.instagram.com\/psol50\/\",\"https:\/\/www.youtube.com\/channel\/UC7SnJS5o1os7a6CaiNabzcg\"]},{\"@type\":\"Person\",\"@id\":\"https:\/\/psol50.org.br\/#\/schema\/person\/475dfa57d0b815993c714c2e96491fcd\",\"name\":\"Comunica\u00e7\u00e3o PSOL\",\"image\":{\"@type\":\"ImageObject\",\"inLanguage\":\"pt-BR\",\"@id\":\"https:\/\/psol50.org.br\/#\/schema\/person\/image\/\",\"url\":\"https:\/\/secure.gravatar.com\/avatar\/b34fc4f4e468a4e51785917065a3db57b841f5c95dba6ad8c73aaf8f66f8f9bf?s=96&d=mm&r=g\",\"contentUrl\":\"https:\/\/secure.gravatar.com\/avatar\/b34fc4f4e468a4e51785917065a3db57b841f5c95dba6ad8c73aaf8f66f8f9bf?s=96&d=mm&r=g\",\"caption\":\"Comunica\u00e7\u00e3o PSOL\"}}]}<\/script>\n<!-- \/ Yoast SEO plugin. -->","yoast_head_json":{"title":"Manuela d\u2019\u00c1vila anuncia filia\u00e7\u00e3o ao PSOL e celebra\u00e7\u00e3o est\u00e1 marcada para 9 de dezembro - PSOL 50","robots":{"index":"index","follow":"follow","max-snippet":"max-snippet:-1","max-image-preview":"max-image-preview:large","max-video-preview":"max-video-preview:-1"},"canonical":"https:\/\/psol50.org.br\/manuela-davila-anuncia-filiacao-ao-psol-e-celebracao-esta-marcada-para-9-de-dezembro\/","og_locale":"pt_BR","og_type":"article","og_title":"Manuela d\u2019\u00c1vila anuncia filia\u00e7\u00e3o ao PSOL e celebra\u00e7\u00e3o est\u00e1 marcada para 9 de dezembro - PSOL 50","og_description":"Neste s\u00e1bado (29) foi anunciada a filia\u00e7\u00e3o de Manuela d\u2019\u00c1vila no PSOL, que ter\u00e1 sua pr\u00e9-candidatura ao Senado pelo Rio Grande do Sul oficializada em um evento no dia 9 de dezembro, em Porto Alegre. A chegada de Manuela marca um passo importante no fortalecimento do nosso projeto de mudan\u00e7as profundas no pa\u00eds. Para Manu, [&hellip;]","og_url":"https:\/\/psol50.org.br\/manuela-davila-anuncia-filiacao-ao-psol-e-celebracao-esta-marcada-para-9-de-dezembro\/","og_site_name":"PSOL 50","article_publisher":"https:\/\/www.facebook.com\/psol50","article_published_time":"2025-12-01T19:02:01+00:00","article_modified_time":"2025-12-11T20:26:47+00:00","og_image":[{"width":1280,"height":853,"url":"https:\/\/psol50.org.br\/inc\/uploads\/2025\/12\/photo_2025-09-29-10.09.25.jpeg","type":"image\/jpeg"}],"author":"Comunica\u00e7\u00e3o PSOL","twitter_card":"summary_large_image","twitter_creator":"@psol50","twitter_site":"@psol50","twitter_misc":{"Escrito por":"Comunica\u00e7\u00e3o PSOL","Est. tempo de leitura":"1 minuto"},"schema":{"@context":"https:\/\/schema.org","@graph":[{"@type":"Article","@id":"https:\/\/psol50.org.br\/manuela-davila-anuncia-filiacao-ao-psol-e-celebracao-esta-marcada-para-9-de-dezembro\/#article","isPartOf":{"@id":"https:\/\/psol50.org.br\/manuela-davila-anuncia-filiacao-ao-psol-e-celebracao-esta-marcada-para-9-de-dezembro\/"},"author":{"name":"Comunica\u00e7\u00e3o PSOL","@id":"https:\/\/psol50.org.br\/#\/schema\/person\/475dfa57d0b815993c714c2e96491fcd"},"headline":"Manuela d\u2019\u00c1vila anuncia filia\u00e7\u00e3o ao PSOL e celebra\u00e7\u00e3o est\u00e1 marcada para 9 de dezembro","datePublished":"2025-12-01T19:02:01+00:00","dateModified":"2025-12-11T20:26:47+00:00","mainEntityOfPage":{"@id":"https:\/\/psol50.org.br\/manuela-davila-anuncia-filiacao-ao-psol-e-celebracao-esta-marcada-para-9-de-dezembro\/"},"wordCount":258,"publisher":{"@id":"https:\/\/psol50.org.br\/#organization"},"image":{"@id":"https:\/\/psol50.org.br\/manuela-davila-anuncia-filiacao-ao-psol-e-celebracao-esta-marcada-para-9-de-dezembro\/#primaryimage"},"thumbnailUrl":"https:\/\/psol50.org.br\/inc\/uploads\/2025\/12\/photo_2025-09-29-10.09.25.jpeg","keywords":["Not\u00edcias"],"articleSection":["Partido"],"inLanguage":"pt-BR"},{"@type":"WebPage","@id":"https:\/\/psol50.org.br\/manuela-davila-anuncia-filiacao-ao-psol-e-celebracao-esta-marcada-para-9-de-dezembro\/","url":"https:\/\/psol50.org.br\/manuela-davila-anuncia-filiacao-ao-psol-e-celebracao-esta-marcada-para-9-de-dezembro\/","name":"Manuela d\u2019\u00c1vila anuncia filia\u00e7\u00e3o ao PSOL e celebra\u00e7\u00e3o est\u00e1 marcada para 9 de dezembro - PSOL 50","isPartOf":{"@id":"https:\/\/psol50.org.br\/#website"},"primaryImageOfPage":{"@id":"https:\/\/psol50.org.br\/manuela-davila-anuncia-filiacao-ao-psol-e-celebracao-esta-marcada-para-9-de-dezembro\/#primaryimage"},"image":{"@id":"https:\/\/psol50.org.br\/manuela-davila-anuncia-filiacao-ao-psol-e-celebracao-esta-marcada-para-9-de-dezembro\/#primaryimage"},"thumbnailUrl":"https:\/\/psol50.org.br\/inc\/uploads\/2025\/12\/photo_2025-09-29-10.09.25.jpeg","datePublished":"2025-12-01T19:02:01+00:00","dateModified":"2025-12-11T20:26:47+00:00","breadcrumb":{"@id":"https:\/\/psol50.org.br\/manuela-davila-anuncia-filiacao-ao-psol-e-celebracao-esta-marcada-para-9-de-dezembro\/#breadcrumb"},"inLanguage":"pt-BR","potentialAction":[{"@type":"ReadAction","target":["https:\/\/psol50.org.br\/manuela-davila-anuncia-filiacao-ao-psol-e-celebracao-esta-marcada-para-9-de-dezembro\/"]}]},{"@type":"ImageObject","inLanguage":"pt-BR","@id":"https:\/\/psol50.org.br\/manuela-davila-anuncia-filiacao-ao-psol-e-celebracao-esta-marcada-para-9-de-dezembro\/#primaryimage","url":"https:\/\/psol50.org.br\/inc\/uploads\/2025\/12\/photo_2025-09-29-10.09.25.jpeg","contentUrl":"https:\/\/psol50.org.br\/inc\/uploads\/2025\/12\/photo_2025-09-29-10.09.25.jpeg","width":1280,"height":853,"caption":"Foto: Felipe Iruata"},{"@type":"BreadcrumbList","@id":"https:\/\/psol50.org.br\/manuela-davila-anuncia-filiacao-ao-psol-e-celebracao-esta-marcada-para-9-de-dezembro\/#breadcrumb","itemListElement":[{"@type":"ListItem","position":1,"name":"In\u00edcio","item":"https:\/\/psol50.org.br\/"},{"@type":"ListItem","position":2,"name":"Manuela d\u2019\u00c1vila anuncia filia\u00e7\u00e3o ao PSOL e celebra\u00e7\u00e3o est\u00e1 marcada para 9 de dezembro"}]},{"@type":"WebSite","@id":"https:\/\/psol50.org.br\/#website","url":"https:\/\/psol50.org.br\/","name":"PSOL 50","description":"Site oficial do Partido Socialismo e Liberdade","publisher":{"@id":"https:\/\/psol50.org.br\/#organization"},"alternateName":"PSOL50","potentialAction":[{"@type":"SearchAction","target":{"@type":"EntryPoint","urlTemplate":"https:\/\/psol50.org.br\/?s={search_term_string}"},"query-input":{"@type":"PropertyValueSpecification","valueRequired":true,"valueName":"search_term_string"}}],"inLanguage":"pt-BR"},{"@type":"Organization","@id":"https:\/\/psol50.org.br\/#organization","name":"PSOL 50","alternateName":"PSOL 50","url":"https:\/\/psol50.org.br\/","logo":{"@type":"ImageObject","inLanguage":"pt-BR","@id":"https:\/\/psol50.org.br\/#\/schema\/logo\/image\/","url":"https:\/\/psol50.org.br\/inc\/uploads\/2018\/07\/capa.png","contentUrl":"https:\/\/psol50.org.br\/inc\/uploads\/2018\/07\/capa.png","width":1350,"height":900,"caption":"PSOL 50"},"image":{"@id":"https:\/\/psol50.org.br\/#\/schema\/logo\/image\/"},"sameAs":["https:\/\/www.facebook.com\/psol50","https:\/\/x.com\/psol50","https:\/\/www.instagram.com\/psol50\/","https:\/\/www.youtube.com\/channel\/UC7SnJS5o1os7a6CaiNabzcg"]},{"@type":"Person","@id":"https:\/\/psol50.org.br\/#\/schema\/person\/475dfa57d0b815993c714c2e96491fcd","name":"Comunica\u00e7\u00e3o PSOL","image":{"@type":"ImageObject","inLanguage":"pt-BR","@id":"https:\/\/psol50.org.br\/#\/schema\/person\/image\/","url":"https:\/\/secure.gravatar.com\/avatar\/b34fc4f4e468a4e51785917065a3db57b841f5c95dba6ad8c73aaf8f66f8f9bf?s=96&d=mm&r=g","contentUrl":"https:\/\/secure.gravatar.com\/avatar\/b34fc4f4e468a4e51785917065a3db57b841f5c95dba6ad8c73aaf8f66f8f9bf?s=96&d=mm&r=g","caption":"Comunica\u00e7\u00e3o PSOL"}}]}},"_links":{"self":[{"href":"https:\/\/psol50.org.br\/rest\/wp\/v2\/posts\/42248","targetHints":{"allow":["GET"]}}],"collection":[{"href":"https:\/\/psol50.org.br\/rest\/wp\/v2\/posts"}],"about":[{"href":"https:\/\/psol50.org.br\/rest\/wp\/v2\/types\/post"}],"author":[{"embeddable":true,"href":"https:\/\/psol50.org.br\/rest\/wp\/v2\/users\/2"}],"replies":[{"embeddable":true,"href":"https:\/\/psol50.org.br\/rest\/wp\/v2\/comments?post=42248"}],"version-history":[{"count":2,"href":"https:\/\/psol50.org.br\/rest\/wp\/v2\/posts\/42248\/revisions"}],"predecessor-version":[{"id":42251,"href":"https:\/\/psol50.org.br\/rest\/wp\/v2\/posts\/42248\/revisions\/42251"}],"wp:featuredmedia":[{"embeddable":true,"href":"https:\/\/psol50.org.br\/rest\/wp\/v2\/media\/42250"}],"wp:attachment":[{"href":"https:\/\/psol50.org.br\/rest\/wp\/v2\/media?parent=42248"}],"wp:term":[{"taxonomy":"category","embeddable":true,"href":"https:\/\/psol50.org.br\/rest\/wp\/v2\/categories?post=42248"},{"taxonomy":"post_tag","embeddable":true,"href":"https:\/\/psol50.org.br\/rest\/wp\/v2\/tags?post=42248"}],"curies":[{"name":"wp","href":"https:\/\/api.w.org\/{rel}","templated":true}]}}