{"id":42269,"date":"2025-12-05T16:09:44","date_gmt":"2025-12-05T19:09:44","guid":{"rendered":"https:\/\/psol50.org.br\/?p=42269"},"modified":"2025-12-05T16:09:44","modified_gmt":"2025-12-05T19:09:44","slug":"vereadora-vivi-reis-psol-pa-e-alvo-de-ameacas-em-belem","status":"publish","type":"post","link":"https:\/\/psol50.org.br\/vereadora-vivi-reis-psol-pa-e-alvo-de-ameacas-em-belem\/","title":{"rendered":"Vereadora Vivi Reis (PSOL-PA) \u00e9 alvo de amea\u00e7as em Bel\u00e9m"},"content":{"rendered":"<p>Nos \u00faltimos dias, a vereadora do PSOL em Bel\u00e9m-PA Vivi Reis est\u00e1 sendo alvo de amea\u00e7as de cunho nazista, machista, LGBTf\u00f3bico e racista, configurando mais um epis\u00f3dio de viol\u00eancia pol\u00edtica, que faz parte de um cen\u00e1rio crescente de ataques contra mulheres, pessoas negras e LGBTQIA+ em todo o pa\u00eds.<\/p>\n<p>O PSOL manifesta total solidariedade \u00e0 Vivi Reis. Este n\u00e3o \u00e9 um caso isolado, mas sim parte de uma escalada nacional de viol\u00eancia movida pelo extremismo pol\u00edtico, um cen\u00e1rio que busca intimidar representantes que defendem direitos humanos, justi\u00e7a social e igualdade racial e de g\u00eanero.<\/p>\n<p>O PSOL repudia com veem\u00eancia qualquer forma de amea\u00e7a e reafirma a import\u00e2ncia de garantir a participa\u00e7\u00e3o pol\u00edtica de grupos historicamente atacados. O \u00f3dio n\u00e3o pode silenciar quem luta por dignidade, seguran\u00e7a e pol\u00edticas p\u00fablicas que protejam sobretudo as mulheres, em um pa\u00eds marcado pela epidemia de feminic\u00eddio e pela viol\u00eancia de g\u00eanero.<\/p>\n<p>Seguiremos ao lado de Vivi, que atua com coragem, firmeza e compromisso. E reafirmamos: fascistas, racistas, mis\u00f3ginos e LGBTf\u00f3bicos n\u00e3o passar\u00e3o!<\/p>\n","protected":false},"excerpt":{"rendered":"<p>Nos \u00faltimos dias, a vereadora do PSOL em Bel\u00e9m-PA Vivi Reis est\u00e1 sendo alvo de amea\u00e7as de cunho nazista, machista, LGBTf\u00f3bico e racista, configurando mais um epis\u00f3dio de viol\u00eancia pol\u00edtica, que faz parte de um cen\u00e1rio crescente de ataques contra mulheres, pessoas negras e LGBTQIA+ em todo o pa\u00eds. O PSOL manifesta total solidariedade \u00e0 [&hellip;]<\/p>\n","protected":false},"author":2,"featured_media":38807,"comment_status":"closed","ping_status":"open","sticky":false,"template":"","format":"standard","meta":{"_acf_changed":false,"footnotes":""},"categories":[654],"tags":[4825],"class_list":{"0":"post-42269","1":"post","2":"type-post","3":"status-publish","4":"format-standard","5":"has-post-thumbnail","7":"category-estados","8":"tag-noticias"},"acf":[],"yoast_head":"<!-- This site is optimized with the Yoast SEO plugin v26.5 - https:\/\/yoast.com\/wordpress\/plugins\/seo\/ -->\n<title>Vereadora Vivi Reis (PSOL-PA) \u00e9 alvo de amea\u00e7as em Bel\u00e9m - PSOL 50<\/title>\n<meta name=\"description\" content=\"PSOL presta solidariedade a vereadora em Bel\u00e9m-PA Vivi Reis, que est\u00e1 sofrendo com amea\u00e7as de teor nazista, machista, LGBTf\u00f3bico e racista.\" \/>\n<meta name=\"robots\" content=\"index, follow, max-snippet:-1, max-image-preview:large, max-video-preview:-1\" \/>\n<link rel=\"canonical\" href=\"https:\/\/psol50.org.br\/vereadora-vivi-reis-psol-pa-e-alvo-de-ameacas-em-belem\/\" \/>\n<meta property=\"og:locale\" content=\"pt_BR\" \/>\n<meta property=\"og:type\" content=\"article\" \/>\n<meta property=\"og:title\" content=\"Vereadora Vivi Reis (PSOL-PA) \u00e9 alvo de amea\u00e7as em Bel\u00e9m - PSOL 50\" \/>\n<meta property=\"og:description\" content=\"PSOL presta solidariedade a vereadora em Bel\u00e9m-PA Vivi Reis, que est\u00e1 sofrendo com amea\u00e7as de teor nazista, machista, LGBTf\u00f3bico e racista.\" \/>\n<meta property=\"og:url\" content=\"https:\/\/psol50.org.br\/vereadora-vivi-reis-psol-pa-e-alvo-de-ameacas-em-belem\/\" \/>\n<meta property=\"og:site_name\" content=\"PSOL 50\" \/>\n<meta property=\"article:publisher\" content=\"https:\/\/www.facebook.com\/psol50\" \/>\n<meta property=\"article:published_time\" content=\"2025-12-05T19:09:44+00:00\" \/>\n<meta property=\"og:image\" content=\"https:\/\/psol50.org.br\/inc\/uploads\/2023\/11\/ViviReis_TUANE_FERNANDES-6191-scaled.jpg\" \/>\n\t<meta property=\"og:image:width\" content=\"2560\" \/>\n\t<meta property=\"og:image:height\" content=\"1706\" \/>\n\t<meta property=\"og:image:type\" content=\"image\/jpeg\" \/>\n<meta name=\"author\" content=\"Comunica\u00e7\u00e3o PSOL\" \/>\n<meta name=\"twitter:card\" content=\"summary_large_image\" \/>\n<meta name=\"twitter:creator\" content=\"@psol50\" \/>\n<meta name=\"twitter:site\" content=\"@psol50\" \/>\n<meta name=\"twitter:label1\" content=\"Escrito por\" \/>\n\t<meta name=\"twitter:data1\" content=\"Comunica\u00e7\u00e3o PSOL\" \/>\n\t<meta name=\"twitter:label2\" content=\"Est. tempo de leitura\" \/>\n\t<meta name=\"twitter:data2\" content=\"1 minuto\" \/>\n<script type=\"application\/ld+json\" class=\"yoast-schema-graph\">{\"@context\":\"https:\/\/schema.org\",\"@graph\":[{\"@type\":\"Article\",\"@id\":\"https:\/\/psol50.org.br\/vereadora-vivi-reis-psol-pa-e-alvo-de-ameacas-em-belem\/#article\",\"isPartOf\":{\"@id\":\"https:\/\/psol50.org.br\/vereadora-vivi-reis-psol-pa-e-alvo-de-ameacas-em-belem\/\"},\"author\":{\"name\":\"Comunica\u00e7\u00e3o PSOL\",\"@id\":\"https:\/\/psol50.org.br\/#\/schema\/person\/475dfa57d0b815993c714c2e96491fcd\"},\"headline\":\"Vereadora Vivi Reis (PSOL-PA) \u00e9 alvo de amea\u00e7as em Bel\u00e9m\",\"datePublished\":\"2025-12-05T19:09:44+00:00\",\"mainEntityOfPage\":{\"@id\":\"https:\/\/psol50.org.br\/vereadora-vivi-reis-psol-pa-e-alvo-de-ameacas-em-belem\/\"},\"wordCount\":208,\"publisher\":{\"@id\":\"https:\/\/psol50.org.br\/#organization\"},\"image\":{\"@id\":\"https:\/\/psol50.org.br\/vereadora-vivi-reis-psol-pa-e-alvo-de-ameacas-em-belem\/#primaryimage\"},\"thumbnailUrl\":\"https:\/\/psol50.org.br\/inc\/uploads\/2023\/11\/ViviReis_TUANE_FERNANDES-6191-scaled.jpg\",\"keywords\":[\"Not\u00edcias\"],\"articleSection\":[\"Estados\"],\"inLanguage\":\"pt-BR\"},{\"@type\":\"WebPage\",\"@id\":\"https:\/\/psol50.org.br\/vereadora-vivi-reis-psol-pa-e-alvo-de-ameacas-em-belem\/\",\"url\":\"https:\/\/psol50.org.br\/vereadora-vivi-reis-psol-pa-e-alvo-de-ameacas-em-belem\/\",\"name\":\"Vereadora Vivi Reis (PSOL-PA) \u00e9 alvo de amea\u00e7as em Bel\u00e9m - PSOL 50\",\"isPartOf\":{\"@id\":\"https:\/\/psol50.org.br\/#website\"},\"primaryImageOfPage\":{\"@id\":\"https:\/\/psol50.org.br\/vereadora-vivi-reis-psol-pa-e-alvo-de-ameacas-em-belem\/#primaryimage\"},\"image\":{\"@id\":\"https:\/\/psol50.org.br\/vereadora-vivi-reis-psol-pa-e-alvo-de-ameacas-em-belem\/#primaryimage\"},\"thumbnailUrl\":\"https:\/\/psol50.org.br\/inc\/uploads\/2023\/11\/ViviReis_TUANE_FERNANDES-6191-scaled.jpg\",\"datePublished\":\"2025-12-05T19:09:44+00:00\",\"description\":\"PSOL presta solidariedade a vereadora em Bel\u00e9m-PA Vivi Reis, que est\u00e1 sofrendo com amea\u00e7as de teor nazista, machista, LGBTf\u00f3bico e racista.\",\"breadcrumb\":{\"@id\":\"https:\/\/psol50.org.br\/vereadora-vivi-reis-psol-pa-e-alvo-de-ameacas-em-belem\/#breadcrumb\"},\"inLanguage\":\"pt-BR\",\"potentialAction\":[{\"@type\":\"ReadAction\",\"target\":[\"https:\/\/psol50.org.br\/vereadora-vivi-reis-psol-pa-e-alvo-de-ameacas-em-belem\/\"]}]},{\"@type\":\"ImageObject\",\"inLanguage\":\"pt-BR\",\"@id\":\"https:\/\/psol50.org.br\/vereadora-vivi-reis-psol-pa-e-alvo-de-ameacas-em-belem\/#primaryimage\",\"url\":\"https:\/\/psol50.org.br\/inc\/uploads\/2023\/11\/ViviReis_TUANE_FERNANDES-6191-scaled.jpg\",\"contentUrl\":\"https:\/\/psol50.org.br\/inc\/uploads\/2023\/11\/ViviReis_TUANE_FERNANDES-6191-scaled.jpg\",\"width\":2560,\"height\":1706,\"caption\":\"Foto: Tuane Fernandes\"},{\"@type\":\"BreadcrumbList\",\"@id\":\"https:\/\/psol50.org.br\/vereadora-vivi-reis-psol-pa-e-alvo-de-ameacas-em-belem\/#breadcrumb\",\"itemListElement\":[{\"@type\":\"ListItem\",\"position\":1,\"name\":\"In\u00edcio\",\"item\":\"https:\/\/psol50.org.br\/\"},{\"@type\":\"ListItem\",\"position\":2,\"name\":\"Vereadora Vivi Reis (PSOL-PA) \u00e9 alvo de amea\u00e7as em Bel\u00e9m\"}]},{\"@type\":\"WebSite\",\"@id\":\"https:\/\/psol50.org.br\/#website\",\"url\":\"https:\/\/psol50.org.br\/\",\"name\":\"PSOL 50\",\"description\":\"Site oficial do Partido Socialismo e Liberdade\",\"publisher\":{\"@id\":\"https:\/\/psol50.org.br\/#organization\"},\"alternateName\":\"PSOL50\",\"potentialAction\":[{\"@type\":\"SearchAction\",\"target\":{\"@type\":\"EntryPoint\",\"urlTemplate\":\"https:\/\/psol50.org.br\/?s={search_term_string}\"},\"query-input\":{\"@type\":\"PropertyValueSpecification\",\"valueRequired\":true,\"valueName\":\"search_term_string\"}}],\"inLanguage\":\"pt-BR\"},{\"@type\":\"Organization\",\"@id\":\"https:\/\/psol50.org.br\/#organization\",\"name\":\"PSOL 50\",\"alternateName\":\"PSOL 50\",\"url\":\"https:\/\/psol50.org.br\/\",\"logo\":{\"@type\":\"ImageObject\",\"inLanguage\":\"pt-BR\",\"@id\":\"https:\/\/psol50.org.br\/#\/schema\/logo\/image\/\",\"url\":\"https:\/\/psol50.org.br\/inc\/uploads\/2018\/07\/capa.png\",\"contentUrl\":\"https:\/\/psol50.org.br\/inc\/uploads\/2018\/07\/capa.png\",\"width\":1350,\"height\":900,\"caption\":\"PSOL 50\"},\"image\":{\"@id\":\"https:\/\/psol50.org.br\/#\/schema\/logo\/image\/\"},\"sameAs\":[\"https:\/\/www.facebook.com\/psol50\",\"https:\/\/x.com\/psol50\",\"https:\/\/www.instagram.com\/psol50\/\",\"https:\/\/www.youtube.com\/channel\/UC7SnJS5o1os7a6CaiNabzcg\"]},{\"@type\":\"Person\",\"@id\":\"https:\/\/psol50.org.br\/#\/schema\/person\/475dfa57d0b815993c714c2e96491fcd\",\"name\":\"Comunica\u00e7\u00e3o PSOL\",\"image\":{\"@type\":\"ImageObject\",\"inLanguage\":\"pt-BR\",\"@id\":\"https:\/\/psol50.org.br\/#\/schema\/person\/image\/\",\"url\":\"https:\/\/secure.gravatar.com\/avatar\/b34fc4f4e468a4e51785917065a3db57b841f5c95dba6ad8c73aaf8f66f8f9bf?s=96&d=mm&r=g\",\"contentUrl\":\"https:\/\/secure.gravatar.com\/avatar\/b34fc4f4e468a4e51785917065a3db57b841f5c95dba6ad8c73aaf8f66f8f9bf?s=96&d=mm&r=g\",\"caption\":\"Comunica\u00e7\u00e3o PSOL\"}}]}<\/script>\n<!-- \/ Yoast SEO plugin. -->","yoast_head_json":{"title":"Vereadora Vivi Reis (PSOL-PA) \u00e9 alvo de amea\u00e7as em Bel\u00e9m - PSOL 50","description":"PSOL presta solidariedade a vereadora em Bel\u00e9m-PA Vivi Reis, que est\u00e1 sofrendo com amea\u00e7as de teor nazista, machista, LGBTf\u00f3bico e racista.","robots":{"index":"index","follow":"follow","max-snippet":"max-snippet:-1","max-image-preview":"max-image-preview:large","max-video-preview":"max-video-preview:-1"},"canonical":"https:\/\/psol50.org.br\/vereadora-vivi-reis-psol-pa-e-alvo-de-ameacas-em-belem\/","og_locale":"pt_BR","og_type":"article","og_title":"Vereadora Vivi Reis (PSOL-PA) \u00e9 alvo de amea\u00e7as em Bel\u00e9m - PSOL 50","og_description":"PSOL presta solidariedade a vereadora em Bel\u00e9m-PA Vivi Reis, que est\u00e1 sofrendo com amea\u00e7as de teor nazista, machista, LGBTf\u00f3bico e racista.","og_url":"https:\/\/psol50.org.br\/vereadora-vivi-reis-psol-pa-e-alvo-de-ameacas-em-belem\/","og_site_name":"PSOL 50","article_publisher":"https:\/\/www.facebook.com\/psol50","article_published_time":"2025-12-05T19:09:44+00:00","og_image":[{"width":2560,"height":1706,"url":"https:\/\/psol50.org.br\/inc\/uploads\/2023\/11\/ViviReis_TUANE_FERNANDES-6191-scaled.jpg","type":"image\/jpeg"}],"author":"Comunica\u00e7\u00e3o PSOL","twitter_card":"summary_large_image","twitter_creator":"@psol50","twitter_site":"@psol50","twitter_misc":{"Escrito por":"Comunica\u00e7\u00e3o PSOL","Est. tempo de leitura":"1 minuto"},"schema":{"@context":"https:\/\/schema.org","@graph":[{"@type":"Article","@id":"https:\/\/psol50.org.br\/vereadora-vivi-reis-psol-pa-e-alvo-de-ameacas-em-belem\/#article","isPartOf":{"@id":"https:\/\/psol50.org.br\/vereadora-vivi-reis-psol-pa-e-alvo-de-ameacas-em-belem\/"},"author":{"name":"Comunica\u00e7\u00e3o PSOL","@id":"https:\/\/psol50.org.br\/#\/schema\/person\/475dfa57d0b815993c714c2e96491fcd"},"headline":"Vereadora Vivi Reis (PSOL-PA) \u00e9 alvo de amea\u00e7as em Bel\u00e9m","datePublished":"2025-12-05T19:09:44+00:00","mainEntityOfPage":{"@id":"https:\/\/psol50.org.br\/vereadora-vivi-reis-psol-pa-e-alvo-de-ameacas-em-belem\/"},"wordCount":208,"publisher":{"@id":"https:\/\/psol50.org.br\/#organization"},"image":{"@id":"https:\/\/psol50.org.br\/vereadora-vivi-reis-psol-pa-e-alvo-de-ameacas-em-belem\/#primaryimage"},"thumbnailUrl":"https:\/\/psol50.org.br\/inc\/uploads\/2023\/11\/ViviReis_TUANE_FERNANDES-6191-scaled.jpg","keywords":["Not\u00edcias"],"articleSection":["Estados"],"inLanguage":"pt-BR"},{"@type":"WebPage","@id":"https:\/\/psol50.org.br\/vereadora-vivi-reis-psol-pa-e-alvo-de-ameacas-em-belem\/","url":"https:\/\/psol50.org.br\/vereadora-vivi-reis-psol-pa-e-alvo-de-ameacas-em-belem\/","name":"Vereadora Vivi Reis (PSOL-PA) \u00e9 alvo de amea\u00e7as em Bel\u00e9m - PSOL 50","isPartOf":{"@id":"https:\/\/psol50.org.br\/#website"},"primaryImageOfPage":{"@id":"https:\/\/psol50.org.br\/vereadora-vivi-reis-psol-pa-e-alvo-de-ameacas-em-belem\/#primaryimage"},"image":{"@id":"https:\/\/psol50.org.br\/vereadora-vivi-reis-psol-pa-e-alvo-de-ameacas-em-belem\/#primaryimage"},"thumbnailUrl":"https:\/\/psol50.org.br\/inc\/uploads\/2023\/11\/ViviReis_TUANE_FERNANDES-6191-scaled.jpg","datePublished":"2025-12-05T19:09:44+00:00","description":"PSOL presta solidariedade a vereadora em Bel\u00e9m-PA Vivi Reis, que est\u00e1 sofrendo com amea\u00e7as de teor nazista, machista, LGBTf\u00f3bico e racista.","breadcrumb":{"@id":"https:\/\/psol50.org.br\/vereadora-vivi-reis-psol-pa-e-alvo-de-ameacas-em-belem\/#breadcrumb"},"inLanguage":"pt-BR","potentialAction":[{"@type":"ReadAction","target":["https:\/\/psol50.org.br\/vereadora-vivi-reis-psol-pa-e-alvo-de-ameacas-em-belem\/"]}]},{"@type":"ImageObject","inLanguage":"pt-BR","@id":"https:\/\/psol50.org.br\/vereadora-vivi-reis-psol-pa-e-alvo-de-ameacas-em-belem\/#primaryimage","url":"https:\/\/psol50.org.br\/inc\/uploads\/2023\/11\/ViviReis_TUANE_FERNANDES-6191-scaled.jpg","contentUrl":"https:\/\/psol50.org.br\/inc\/uploads\/2023\/11\/ViviReis_TUANE_FERNANDES-6191-scaled.jpg","width":2560,"height":1706,"caption":"Foto: Tuane Fernandes"},{"@type":"BreadcrumbList","@id":"https:\/\/psol50.org.br\/vereadora-vivi-reis-psol-pa-e-alvo-de-ameacas-em-belem\/#breadcrumb","itemListElement":[{"@type":"ListItem","position":1,"name":"In\u00edcio","item":"https:\/\/psol50.org.br\/"},{"@type":"ListItem","position":2,"name":"Vereadora Vivi Reis (PSOL-PA) \u00e9 alvo de amea\u00e7as em Bel\u00e9m"}]},{"@type":"WebSite","@id":"https:\/\/psol50.org.br\/#website","url":"https:\/\/psol50.org.br\/","name":"PSOL 50","description":"Site oficial do Partido Socialismo e Liberdade","publisher":{"@id":"https:\/\/psol50.org.br\/#organization"},"alternateName":"PSOL50","potentialAction":[{"@type":"SearchAction","target":{"@type":"EntryPoint","urlTemplate":"https:\/\/psol50.org.br\/?s={search_term_string}"},"query-input":{"@type":"PropertyValueSpecification","valueRequired":true,"valueName":"search_term_string"}}],"inLanguage":"pt-BR"},{"@type":"Organization","@id":"https:\/\/psol50.org.br\/#organization","name":"PSOL 50","alternateName":"PSOL 50","url":"https:\/\/psol50.org.br\/","logo":{"@type":"ImageObject","inLanguage":"pt-BR","@id":"https:\/\/psol50.org.br\/#\/schema\/logo\/image\/","url":"https:\/\/psol50.org.br\/inc\/uploads\/2018\/07\/capa.png","contentUrl":"https:\/\/psol50.org.br\/inc\/uploads\/2018\/07\/capa.png","width":1350,"height":900,"caption":"PSOL 50"},"image":{"@id":"https:\/\/psol50.org.br\/#\/schema\/logo\/image\/"},"sameAs":["https:\/\/www.facebook.com\/psol50","https:\/\/x.com\/psol50","https:\/\/www.instagram.com\/psol50\/","https:\/\/www.youtube.com\/channel\/UC7SnJS5o1os7a6CaiNabzcg"]},{"@type":"Person","@id":"https:\/\/psol50.org.br\/#\/schema\/person\/475dfa57d0b815993c714c2e96491fcd","name":"Comunica\u00e7\u00e3o PSOL","image":{"@type":"ImageObject","inLanguage":"pt-BR","@id":"https:\/\/psol50.org.br\/#\/schema\/person\/image\/","url":"https:\/\/secure.gravatar.com\/avatar\/b34fc4f4e468a4e51785917065a3db57b841f5c95dba6ad8c73aaf8f66f8f9bf?s=96&d=mm&r=g","contentUrl":"https:\/\/secure.gravatar.com\/avatar\/b34fc4f4e468a4e51785917065a3db57b841f5c95dba6ad8c73aaf8f66f8f9bf?s=96&d=mm&r=g","caption":"Comunica\u00e7\u00e3o PSOL"}}]}},"_links":{"self":[{"href":"https:\/\/psol50.org.br\/rest\/wp\/v2\/posts\/42269","targetHints":{"allow":["GET"]}}],"collection":[{"href":"https:\/\/psol50.org.br\/rest\/wp\/v2\/posts"}],"about":[{"href":"https:\/\/psol50.org.br\/rest\/wp\/v2\/types\/post"}],"author":[{"embeddable":true,"href":"https:\/\/psol50.org.br\/rest\/wp\/v2\/users\/2"}],"replies":[{"embeddable":true,"href":"https:\/\/psol50.org.br\/rest\/wp\/v2\/comments?post=42269"}],"version-history":[{"count":1,"href":"https:\/\/psol50.org.br\/rest\/wp\/v2\/posts\/42269\/revisions"}],"predecessor-version":[{"id":42271,"href":"https:\/\/psol50.org.br\/rest\/wp\/v2\/posts\/42269\/revisions\/42271"}],"wp:featuredmedia":[{"embeddable":true,"href":"https:\/\/psol50.org.br\/rest\/wp\/v2\/media\/38807"}],"wp:attachment":[{"href":"https:\/\/psol50.org.br\/rest\/wp\/v2\/media?parent=42269"}],"wp:term":[{"taxonomy":"category","embeddable":true,"href":"https:\/\/psol50.org.br\/rest\/wp\/v2\/categories?post=42269"},{"taxonomy":"post_tag","embeddable":true,"href":"https:\/\/psol50.org.br\/rest\/wp\/v2\/tags?post=42269"}],"curies":[{"name":"wp","href":"https:\/\/api.w.org\/{rel}","templated":true}]}}