{"id":42279,"date":"2025-12-08T17:02:56","date_gmt":"2025-12-08T20:02:56","guid":{"rendered":"https:\/\/psol50.org.br\/?p=42279"},"modified":"2025-12-17T17:52:32","modified_gmt":"2025-12-17T20:52:32","slug":"aurea-carolina-volta-ao-psol-com-pre-candidatura-ao-senado-lancada-em-11-de-dezembro","status":"publish","type":"post","link":"https:\/\/psol50.org.br\/aurea-carolina-volta-ao-psol-com-pre-candidatura-ao-senado-lancada-em-11-de-dezembro\/","title":{"rendered":"\u00c1urea Carolina volta ao PSOL com pr\u00e9-candidatura ao Senado lan\u00e7ada em 11 de dezembro"},"content":{"rendered":"<p>O PSOL oficializa no pr\u00f3ximo dia 11 de dezembro a filia\u00e7\u00e3o e o lan\u00e7amento da pr\u00e9-candidatura da ex-deputada federal \u00c1urea Carolina ao Senado por Minas Gerais. Caso eleita, \u00c1urea se tornar\u00e1 a primeira senadora negra da hist\u00f3ria do estado, um marco pol\u00edtico que refor\u00e7a a import\u00e2ncia de sua chegada ao partido neste novo ciclo.<\/p>\n<p>\u00c1urea tem uma trajet\u00f3ria consolidada dentro de Minas. Foi a vereadora mais votada de Belo Horizonte em 2016 e, em 2018, novamente alcan\u00e7ou recorde de votos ao se eleger deputada federal pelo PSOL. <\/p>\n<p>Agora, ela retorna ao PSOL ap\u00f3s um per\u00edodo afastada da vida parlamentar, pronta para iniciar um novo cap\u00edtulo. \u201cHoje eu volto a dizer em voz alta: estou pronta para disputar o Senado em 2026. \u00c9 um chamado que nasce do coletivo, das mulheres que marcham comigo e dos movimentos que me sustentam\u201d, afirma.<\/p>\n<p>Para \u00c1urea, sua volta ao partido e a pr\u00e9-candidatura representam n\u00e3o apenas um reencontro, mas um recome\u00e7o guiado pela esperan\u00e7a e pela for\u00e7a coletiva. \u201cMinas Gerais merece uma pol\u00edtica mais justa, mais humana, mais \u00c1urea. No dia 11 vamos celebrar esse recome\u00e7o.\u201d<\/p>\n<p>Confira as informa\u00e7\u00f5es do ato de filia\u00e7\u00e3o:<br \/>\n\ud83d\uddd3\ufe0f 11\/12<br \/>\n\u23f0 18h<br \/>\n\ud83d\udccdRua Silva Jardim 389, Floresta BH &#8211; MG<\/p>\n","protected":false},"excerpt":{"rendered":"<p>O PSOL oficializa no pr\u00f3ximo dia 11 de dezembro a filia\u00e7\u00e3o e o lan\u00e7amento da pr\u00e9-candidatura da ex-deputada federal \u00c1urea Carolina ao Senado por Minas Gerais. Caso eleita, \u00c1urea se tornar\u00e1 a primeira senadora negra da hist\u00f3ria do estado, um marco pol\u00edtico que refor\u00e7a a import\u00e2ncia de sua chegada ao partido neste novo ciclo. \u00c1urea [&hellip;]<\/p>\n","protected":false},"author":2,"featured_media":42280,"comment_status":"closed","ping_status":"open","sticky":false,"template":"","format":"standard","meta":{"_acf_changed":false,"footnotes":""},"categories":[654,14],"tags":[4825],"class_list":{"0":"post-42279","1":"post","2":"type-post","3":"status-publish","4":"format-standard","5":"has-post-thumbnail","7":"category-estados","8":"category-partido","9":"tag-noticias"},"acf":[],"yoast_head":"<!-- This site is optimized with the Yoast SEO plugin v26.5 - https:\/\/yoast.com\/wordpress\/plugins\/seo\/ -->\n<title>\u00c1urea Carolina volta ao PSOL com pr\u00e9-candidatura ao Senado lan\u00e7ada em 11 de dezembro - PSOL 50<\/title>\n<meta name=\"description\" content=\"Filia\u00e7\u00e3o de \u00c1urea Carolina \u00e9 confirmada no PSOL e data de lan\u00e7amento da pr\u00e9-campanha \u00e9 marcada para 11 de dezembro. Veja.\" \/>\n<meta name=\"robots\" content=\"index, follow, max-snippet:-1, max-image-preview:large, max-video-preview:-1\" \/>\n<link rel=\"canonical\" href=\"https:\/\/psol50.org.br\/aurea-carolina-volta-ao-psol-com-pre-candidatura-ao-senado-lancada-em-11-de-dezembro\/\" \/>\n<meta property=\"og:locale\" content=\"pt_BR\" \/>\n<meta property=\"og:type\" content=\"article\" \/>\n<meta property=\"og:title\" content=\"\u00c1urea Carolina volta ao PSOL com pr\u00e9-candidatura ao Senado lan\u00e7ada em 11 de dezembro - PSOL 50\" \/>\n<meta property=\"og:description\" content=\"Filia\u00e7\u00e3o de \u00c1urea Carolina \u00e9 confirmada no PSOL e data de lan\u00e7amento da pr\u00e9-campanha \u00e9 marcada para 11 de dezembro. Veja.\" \/>\n<meta property=\"og:url\" content=\"https:\/\/psol50.org.br\/aurea-carolina-volta-ao-psol-com-pre-candidatura-ao-senado-lancada-em-11-de-dezembro\/\" \/>\n<meta property=\"og:site_name\" content=\"PSOL 50\" \/>\n<meta property=\"article:publisher\" content=\"https:\/\/www.facebook.com\/psol50\" \/>\n<meta property=\"article:published_time\" content=\"2025-12-08T20:02:56+00:00\" \/>\n<meta property=\"article:modified_time\" content=\"2025-12-17T20:52:32+00:00\" \/>\n<meta property=\"og:image\" content=\"https:\/\/psol50.org.br\/inc\/uploads\/2025\/12\/photo_2025-09-29-10.08.41.jpeg\" \/>\n\t<meta property=\"og:image:width\" content=\"1280\" \/>\n\t<meta property=\"og:image:height\" content=\"853\" \/>\n\t<meta property=\"og:image:type\" content=\"image\/jpeg\" \/>\n<meta name=\"author\" content=\"Comunica\u00e7\u00e3o PSOL\" \/>\n<meta name=\"twitter:card\" content=\"summary_large_image\" \/>\n<meta name=\"twitter:creator\" content=\"@psol50\" \/>\n<meta name=\"twitter:site\" content=\"@psol50\" \/>\n<meta name=\"twitter:label1\" content=\"Escrito por\" \/>\n\t<meta name=\"twitter:data1\" content=\"Comunica\u00e7\u00e3o PSOL\" \/>\n\t<meta name=\"twitter:label2\" content=\"Est. tempo de leitura\" \/>\n\t<meta name=\"twitter:data2\" content=\"1 minuto\" \/>\n<script type=\"application\/ld+json\" class=\"yoast-schema-graph\">{\"@context\":\"https:\/\/schema.org\",\"@graph\":[{\"@type\":\"Article\",\"@id\":\"https:\/\/psol50.org.br\/aurea-carolina-volta-ao-psol-com-pre-candidatura-ao-senado-lancada-em-11-de-dezembro\/#article\",\"isPartOf\":{\"@id\":\"https:\/\/psol50.org.br\/aurea-carolina-volta-ao-psol-com-pre-candidatura-ao-senado-lancada-em-11-de-dezembro\/\"},\"author\":{\"name\":\"Comunica\u00e7\u00e3o PSOL\",\"@id\":\"https:\/\/psol50.org.br\/#\/schema\/person\/475dfa57d0b815993c714c2e96491fcd\"},\"headline\":\"\u00c1urea Carolina volta ao PSOL com pr\u00e9-candidatura ao Senado lan\u00e7ada em 11 de dezembro\",\"datePublished\":\"2025-12-08T20:02:56+00:00\",\"dateModified\":\"2025-12-17T20:52:32+00:00\",\"mainEntityOfPage\":{\"@id\":\"https:\/\/psol50.org.br\/aurea-carolina-volta-ao-psol-com-pre-candidatura-ao-senado-lancada-em-11-de-dezembro\/\"},\"wordCount\":228,\"publisher\":{\"@id\":\"https:\/\/psol50.org.br\/#organization\"},\"image\":{\"@id\":\"https:\/\/psol50.org.br\/aurea-carolina-volta-ao-psol-com-pre-candidatura-ao-senado-lancada-em-11-de-dezembro\/#primaryimage\"},\"thumbnailUrl\":\"https:\/\/psol50.org.br\/inc\/uploads\/2025\/12\/photo_2025-09-29-10.08.41.jpeg\",\"keywords\":[\"Not\u00edcias\"],\"articleSection\":[\"Estados\",\"Partido\"],\"inLanguage\":\"pt-BR\"},{\"@type\":\"WebPage\",\"@id\":\"https:\/\/psol50.org.br\/aurea-carolina-volta-ao-psol-com-pre-candidatura-ao-senado-lancada-em-11-de-dezembro\/\",\"url\":\"https:\/\/psol50.org.br\/aurea-carolina-volta-ao-psol-com-pre-candidatura-ao-senado-lancada-em-11-de-dezembro\/\",\"name\":\"\u00c1urea Carolina volta ao PSOL com pr\u00e9-candidatura ao Senado lan\u00e7ada em 11 de dezembro - PSOL 50\",\"isPartOf\":{\"@id\":\"https:\/\/psol50.org.br\/#website\"},\"primaryImageOfPage\":{\"@id\":\"https:\/\/psol50.org.br\/aurea-carolina-volta-ao-psol-com-pre-candidatura-ao-senado-lancada-em-11-de-dezembro\/#primaryimage\"},\"image\":{\"@id\":\"https:\/\/psol50.org.br\/aurea-carolina-volta-ao-psol-com-pre-candidatura-ao-senado-lancada-em-11-de-dezembro\/#primaryimage\"},\"thumbnailUrl\":\"https:\/\/psol50.org.br\/inc\/uploads\/2025\/12\/photo_2025-09-29-10.08.41.jpeg\",\"datePublished\":\"2025-12-08T20:02:56+00:00\",\"dateModified\":\"2025-12-17T20:52:32+00:00\",\"description\":\"Filia\u00e7\u00e3o de \u00c1urea Carolina \u00e9 confirmada no PSOL e data de lan\u00e7amento da pr\u00e9-campanha \u00e9 marcada para 11 de dezembro. Veja.\",\"breadcrumb\":{\"@id\":\"https:\/\/psol50.org.br\/aurea-carolina-volta-ao-psol-com-pre-candidatura-ao-senado-lancada-em-11-de-dezembro\/#breadcrumb\"},\"inLanguage\":\"pt-BR\",\"potentialAction\":[{\"@type\":\"ReadAction\",\"target\":[\"https:\/\/psol50.org.br\/aurea-carolina-volta-ao-psol-com-pre-candidatura-ao-senado-lancada-em-11-de-dezembro\/\"]}]},{\"@type\":\"ImageObject\",\"inLanguage\":\"pt-BR\",\"@id\":\"https:\/\/psol50.org.br\/aurea-carolina-volta-ao-psol-com-pre-candidatura-ao-senado-lancada-em-11-de-dezembro\/#primaryimage\",\"url\":\"https:\/\/psol50.org.br\/inc\/uploads\/2025\/12\/photo_2025-09-29-10.08.41.jpeg\",\"contentUrl\":\"https:\/\/psol50.org.br\/inc\/uploads\/2025\/12\/photo_2025-09-29-10.08.41.jpeg\",\"width\":1280,\"height\":853,\"caption\":\"Foto: Felipe Iruata\"},{\"@type\":\"BreadcrumbList\",\"@id\":\"https:\/\/psol50.org.br\/aurea-carolina-volta-ao-psol-com-pre-candidatura-ao-senado-lancada-em-11-de-dezembro\/#breadcrumb\",\"itemListElement\":[{\"@type\":\"ListItem\",\"position\":1,\"name\":\"In\u00edcio\",\"item\":\"https:\/\/psol50.org.br\/\"},{\"@type\":\"ListItem\",\"position\":2,\"name\":\"\u00c1urea Carolina volta ao PSOL com pr\u00e9-candidatura ao Senado lan\u00e7ada em 11 de dezembro\"}]},{\"@type\":\"WebSite\",\"@id\":\"https:\/\/psol50.org.br\/#website\",\"url\":\"https:\/\/psol50.org.br\/\",\"name\":\"PSOL 50\",\"description\":\"Site oficial do Partido Socialismo e Liberdade\",\"publisher\":{\"@id\":\"https:\/\/psol50.org.br\/#organization\"},\"alternateName\":\"PSOL50\",\"potentialAction\":[{\"@type\":\"SearchAction\",\"target\":{\"@type\":\"EntryPoint\",\"urlTemplate\":\"https:\/\/psol50.org.br\/?s={search_term_string}\"},\"query-input\":{\"@type\":\"PropertyValueSpecification\",\"valueRequired\":true,\"valueName\":\"search_term_string\"}}],\"inLanguage\":\"pt-BR\"},{\"@type\":\"Organization\",\"@id\":\"https:\/\/psol50.org.br\/#organization\",\"name\":\"PSOL 50\",\"alternateName\":\"PSOL 50\",\"url\":\"https:\/\/psol50.org.br\/\",\"logo\":{\"@type\":\"ImageObject\",\"inLanguage\":\"pt-BR\",\"@id\":\"https:\/\/psol50.org.br\/#\/schema\/logo\/image\/\",\"url\":\"https:\/\/psol50.org.br\/inc\/uploads\/2018\/07\/capa.png\",\"contentUrl\":\"https:\/\/psol50.org.br\/inc\/uploads\/2018\/07\/capa.png\",\"width\":1350,\"height\":900,\"caption\":\"PSOL 50\"},\"image\":{\"@id\":\"https:\/\/psol50.org.br\/#\/schema\/logo\/image\/\"},\"sameAs\":[\"https:\/\/www.facebook.com\/psol50\",\"https:\/\/x.com\/psol50\",\"https:\/\/www.instagram.com\/psol50\/\",\"https:\/\/www.youtube.com\/channel\/UC7SnJS5o1os7a6CaiNabzcg\"]},{\"@type\":\"Person\",\"@id\":\"https:\/\/psol50.org.br\/#\/schema\/person\/475dfa57d0b815993c714c2e96491fcd\",\"name\":\"Comunica\u00e7\u00e3o PSOL\",\"image\":{\"@type\":\"ImageObject\",\"inLanguage\":\"pt-BR\",\"@id\":\"https:\/\/psol50.org.br\/#\/schema\/person\/image\/\",\"url\":\"https:\/\/secure.gravatar.com\/avatar\/b34fc4f4e468a4e51785917065a3db57b841f5c95dba6ad8c73aaf8f66f8f9bf?s=96&d=mm&r=g\",\"contentUrl\":\"https:\/\/secure.gravatar.com\/avatar\/b34fc4f4e468a4e51785917065a3db57b841f5c95dba6ad8c73aaf8f66f8f9bf?s=96&d=mm&r=g\",\"caption\":\"Comunica\u00e7\u00e3o PSOL\"}}]}<\/script>\n<!-- \/ Yoast SEO plugin. -->","yoast_head_json":{"title":"\u00c1urea Carolina volta ao PSOL com pr\u00e9-candidatura ao Senado lan\u00e7ada em 11 de dezembro - PSOL 50","description":"Filia\u00e7\u00e3o de \u00c1urea Carolina \u00e9 confirmada no PSOL e data de lan\u00e7amento da pr\u00e9-campanha \u00e9 marcada para 11 de dezembro. Veja.","robots":{"index":"index","follow":"follow","max-snippet":"max-snippet:-1","max-image-preview":"max-image-preview:large","max-video-preview":"max-video-preview:-1"},"canonical":"https:\/\/psol50.org.br\/aurea-carolina-volta-ao-psol-com-pre-candidatura-ao-senado-lancada-em-11-de-dezembro\/","og_locale":"pt_BR","og_type":"article","og_title":"\u00c1urea Carolina volta ao PSOL com pr\u00e9-candidatura ao Senado lan\u00e7ada em 11 de dezembro - PSOL 50","og_description":"Filia\u00e7\u00e3o de \u00c1urea Carolina \u00e9 confirmada no PSOL e data de lan\u00e7amento da pr\u00e9-campanha \u00e9 marcada para 11 de dezembro. Veja.","og_url":"https:\/\/psol50.org.br\/aurea-carolina-volta-ao-psol-com-pre-candidatura-ao-senado-lancada-em-11-de-dezembro\/","og_site_name":"PSOL 50","article_publisher":"https:\/\/www.facebook.com\/psol50","article_published_time":"2025-12-08T20:02:56+00:00","article_modified_time":"2025-12-17T20:52:32+00:00","og_image":[{"width":1280,"height":853,"url":"https:\/\/psol50.org.br\/inc\/uploads\/2025\/12\/photo_2025-09-29-10.08.41.jpeg","type":"image\/jpeg"}],"author":"Comunica\u00e7\u00e3o PSOL","twitter_card":"summary_large_image","twitter_creator":"@psol50","twitter_site":"@psol50","twitter_misc":{"Escrito por":"Comunica\u00e7\u00e3o PSOL","Est. tempo de leitura":"1 minuto"},"schema":{"@context":"https:\/\/schema.org","@graph":[{"@type":"Article","@id":"https:\/\/psol50.org.br\/aurea-carolina-volta-ao-psol-com-pre-candidatura-ao-senado-lancada-em-11-de-dezembro\/#article","isPartOf":{"@id":"https:\/\/psol50.org.br\/aurea-carolina-volta-ao-psol-com-pre-candidatura-ao-senado-lancada-em-11-de-dezembro\/"},"author":{"name":"Comunica\u00e7\u00e3o PSOL","@id":"https:\/\/psol50.org.br\/#\/schema\/person\/475dfa57d0b815993c714c2e96491fcd"},"headline":"\u00c1urea Carolina volta ao PSOL com pr\u00e9-candidatura ao Senado lan\u00e7ada em 11 de dezembro","datePublished":"2025-12-08T20:02:56+00:00","dateModified":"2025-12-17T20:52:32+00:00","mainEntityOfPage":{"@id":"https:\/\/psol50.org.br\/aurea-carolina-volta-ao-psol-com-pre-candidatura-ao-senado-lancada-em-11-de-dezembro\/"},"wordCount":228,"publisher":{"@id":"https:\/\/psol50.org.br\/#organization"},"image":{"@id":"https:\/\/psol50.org.br\/aurea-carolina-volta-ao-psol-com-pre-candidatura-ao-senado-lancada-em-11-de-dezembro\/#primaryimage"},"thumbnailUrl":"https:\/\/psol50.org.br\/inc\/uploads\/2025\/12\/photo_2025-09-29-10.08.41.jpeg","keywords":["Not\u00edcias"],"articleSection":["Estados","Partido"],"inLanguage":"pt-BR"},{"@type":"WebPage","@id":"https:\/\/psol50.org.br\/aurea-carolina-volta-ao-psol-com-pre-candidatura-ao-senado-lancada-em-11-de-dezembro\/","url":"https:\/\/psol50.org.br\/aurea-carolina-volta-ao-psol-com-pre-candidatura-ao-senado-lancada-em-11-de-dezembro\/","name":"\u00c1urea Carolina volta ao PSOL com pr\u00e9-candidatura ao Senado lan\u00e7ada em 11 de dezembro - PSOL 50","isPartOf":{"@id":"https:\/\/psol50.org.br\/#website"},"primaryImageOfPage":{"@id":"https:\/\/psol50.org.br\/aurea-carolina-volta-ao-psol-com-pre-candidatura-ao-senado-lancada-em-11-de-dezembro\/#primaryimage"},"image":{"@id":"https:\/\/psol50.org.br\/aurea-carolina-volta-ao-psol-com-pre-candidatura-ao-senado-lancada-em-11-de-dezembro\/#primaryimage"},"thumbnailUrl":"https:\/\/psol50.org.br\/inc\/uploads\/2025\/12\/photo_2025-09-29-10.08.41.jpeg","datePublished":"2025-12-08T20:02:56+00:00","dateModified":"2025-12-17T20:52:32+00:00","description":"Filia\u00e7\u00e3o de \u00c1urea Carolina \u00e9 confirmada no PSOL e data de lan\u00e7amento da pr\u00e9-campanha \u00e9 marcada para 11 de dezembro. Veja.","breadcrumb":{"@id":"https:\/\/psol50.org.br\/aurea-carolina-volta-ao-psol-com-pre-candidatura-ao-senado-lancada-em-11-de-dezembro\/#breadcrumb"},"inLanguage":"pt-BR","potentialAction":[{"@type":"ReadAction","target":["https:\/\/psol50.org.br\/aurea-carolina-volta-ao-psol-com-pre-candidatura-ao-senado-lancada-em-11-de-dezembro\/"]}]},{"@type":"ImageObject","inLanguage":"pt-BR","@id":"https:\/\/psol50.org.br\/aurea-carolina-volta-ao-psol-com-pre-candidatura-ao-senado-lancada-em-11-de-dezembro\/#primaryimage","url":"https:\/\/psol50.org.br\/inc\/uploads\/2025\/12\/photo_2025-09-29-10.08.41.jpeg","contentUrl":"https:\/\/psol50.org.br\/inc\/uploads\/2025\/12\/photo_2025-09-29-10.08.41.jpeg","width":1280,"height":853,"caption":"Foto: Felipe Iruata"},{"@type":"BreadcrumbList","@id":"https:\/\/psol50.org.br\/aurea-carolina-volta-ao-psol-com-pre-candidatura-ao-senado-lancada-em-11-de-dezembro\/#breadcrumb","itemListElement":[{"@type":"ListItem","position":1,"name":"In\u00edcio","item":"https:\/\/psol50.org.br\/"},{"@type":"ListItem","position":2,"name":"\u00c1urea Carolina volta ao PSOL com pr\u00e9-candidatura ao Senado lan\u00e7ada em 11 de dezembro"}]},{"@type":"WebSite","@id":"https:\/\/psol50.org.br\/#website","url":"https:\/\/psol50.org.br\/","name":"PSOL 50","description":"Site oficial do Partido Socialismo e Liberdade","publisher":{"@id":"https:\/\/psol50.org.br\/#organization"},"alternateName":"PSOL50","potentialAction":[{"@type":"SearchAction","target":{"@type":"EntryPoint","urlTemplate":"https:\/\/psol50.org.br\/?s={search_term_string}"},"query-input":{"@type":"PropertyValueSpecification","valueRequired":true,"valueName":"search_term_string"}}],"inLanguage":"pt-BR"},{"@type":"Organization","@id":"https:\/\/psol50.org.br\/#organization","name":"PSOL 50","alternateName":"PSOL 50","url":"https:\/\/psol50.org.br\/","logo":{"@type":"ImageObject","inLanguage":"pt-BR","@id":"https:\/\/psol50.org.br\/#\/schema\/logo\/image\/","url":"https:\/\/psol50.org.br\/inc\/uploads\/2018\/07\/capa.png","contentUrl":"https:\/\/psol50.org.br\/inc\/uploads\/2018\/07\/capa.png","width":1350,"height":900,"caption":"PSOL 50"},"image":{"@id":"https:\/\/psol50.org.br\/#\/schema\/logo\/image\/"},"sameAs":["https:\/\/www.facebook.com\/psol50","https:\/\/x.com\/psol50","https:\/\/www.instagram.com\/psol50\/","https:\/\/www.youtube.com\/channel\/UC7SnJS5o1os7a6CaiNabzcg"]},{"@type":"Person","@id":"https:\/\/psol50.org.br\/#\/schema\/person\/475dfa57d0b815993c714c2e96491fcd","name":"Comunica\u00e7\u00e3o PSOL","image":{"@type":"ImageObject","inLanguage":"pt-BR","@id":"https:\/\/psol50.org.br\/#\/schema\/person\/image\/","url":"https:\/\/secure.gravatar.com\/avatar\/b34fc4f4e468a4e51785917065a3db57b841f5c95dba6ad8c73aaf8f66f8f9bf?s=96&d=mm&r=g","contentUrl":"https:\/\/secure.gravatar.com\/avatar\/b34fc4f4e468a4e51785917065a3db57b841f5c95dba6ad8c73aaf8f66f8f9bf?s=96&d=mm&r=g","caption":"Comunica\u00e7\u00e3o PSOL"}}]}},"_links":{"self":[{"href":"https:\/\/psol50.org.br\/rest\/wp\/v2\/posts\/42279","targetHints":{"allow":["GET"]}}],"collection":[{"href":"https:\/\/psol50.org.br\/rest\/wp\/v2\/posts"}],"about":[{"href":"https:\/\/psol50.org.br\/rest\/wp\/v2\/types\/post"}],"author":[{"embeddable":true,"href":"https:\/\/psol50.org.br\/rest\/wp\/v2\/users\/2"}],"replies":[{"embeddable":true,"href":"https:\/\/psol50.org.br\/rest\/wp\/v2\/comments?post=42279"}],"version-history":[{"count":1,"href":"https:\/\/psol50.org.br\/rest\/wp\/v2\/posts\/42279\/revisions"}],"predecessor-version":[{"id":42281,"href":"https:\/\/psol50.org.br\/rest\/wp\/v2\/posts\/42279\/revisions\/42281"}],"wp:featuredmedia":[{"embeddable":true,"href":"https:\/\/psol50.org.br\/rest\/wp\/v2\/media\/42280"}],"wp:attachment":[{"href":"https:\/\/psol50.org.br\/rest\/wp\/v2\/media?parent=42279"}],"wp:term":[{"taxonomy":"category","embeddable":true,"href":"https:\/\/psol50.org.br\/rest\/wp\/v2\/categories?post=42279"},{"taxonomy":"post_tag","embeddable":true,"href":"https:\/\/psol50.org.br\/rest\/wp\/v2\/tags?post=42279"}],"curies":[{"name":"wp","href":"https:\/\/api.w.org\/{rel}","templated":true}]}}