{"id":42283,"date":"2025-12-10T13:10:42","date_gmt":"2025-12-10T16:10:42","guid":{"rendered":"https:\/\/psol50.org.br\/?p=42283"},"modified":"2025-12-18T11:13:00","modified_gmt":"2025-12-18T14:13:00","slug":"deputados-do-psol-registram-boletim-de-ocorrencia-apos-violencia-ordenada-por-hugo-motta","status":"publish","type":"post","link":"https:\/\/psol50.org.br\/deputados-do-psol-registram-boletim-de-ocorrencia-apos-violencia-ordenada-por-hugo-motta\/","title":{"rendered":"Deputados do PSOL registram boletim de ocorr\u00eancia ap\u00f3s viol\u00eancia ordenada por Hugo Motta"},"content":{"rendered":"<p>Os deputados do PSOL Glauber Braga, S\u00e2mia Bomfim e C\u00e9lia Xakriab\u00e1 registraram na noite desta ter\u00e7a-feira (9) um boletim de ocorr\u00eancia na 5\u00aa Delegacia de Pol\u00edcia do Distrito Federal ap\u00f3s terem sido v\u00edtimas de agress\u00f5es dentro da C\u00e2mara. Os parlamentares Rog\u00e9rio Correia (PT-MG) e Dorinaldo Malafaia (PDT-AP) acompanharam o grupo.<\/p>\n<p>Glauber Braga foi retirado \u00e0 for\u00e7a e violentamente arrastado pela Pol\u00edcia Legislativa, acionada diretamente pelo presidente da C\u00e2mara, Hugo Motta. A ordem ocorreu durante um protesto leg\u00edtimo de Glauber contra a vota\u00e7\u00e3o de sua cassa\u00e7\u00e3o e do chamado PL da dosimetria, proposta que reduz a pena de Jair Bolsonaro e outros envolvidos na trama golpista.<\/p>\n<p>O ataque da Pol\u00edcia Legislativa desencadeou um tumulto generalizado, atingindo tamb\u00e9m as deputadas S\u00e2mia Bomfim e C\u00e9lia Xakriab\u00e1, al\u00e9m de jornalistas que tentavam cobrir os acontecimentos. <\/p>\n<p>Os tr\u00eas parlamentares do PSOL precisaram de atendimento m\u00e9dico imediato. Na sa\u00edda do ambulat\u00f3rio, Glauber criticou a postura de Motta e lembrou que o presidente da Casa usou \u201c48 horas de diplomacia\u201d diante da invas\u00e3o bolsonarista \u00e0 Mesa Diretora em agosto, enquanto, desta vez, recorreu \u00e0 viol\u00eancia em poucas horas, ordenou o corte das imagens da sess\u00e3o e mandou esvaziar o plen\u00e1rio.<\/p>\n<p>C\u00e9lia Xakriab\u00e1 repudiou o uso desproporcional de for\u00e7a e exigiu investiga\u00e7\u00e3o imediata por parte da Mesa Diretora e da Pol\u00edcia Legislativa. \u201cEssa \u00e9 a verdadeira face da C\u00e2mara dos Deputados: os golpistas ocuparam o plen\u00e1rio por dias e receberam tratamento diferente, com tentativas de acordo. J\u00e1 com Glauber, com S\u00e2mia e comigo a Pol\u00edcia Legislativa agrediu de forma violenta\u201d afirmou a deputada.<\/p>\n<p>No plen\u00e1rio, Chico Alencar (PSOL-RJ) e Tal\u00edria Petrone (PSOL-RJ) denunciaram o apag\u00e3o institucional promovido por Motta. Eles lembraram que jornalistas foram retirados, a TV C\u00e2mara foi desligada, algo sem precedentes desde a redemocratiza\u00e7\u00e3o, e o plen\u00e1rio foi esvaziado \u00e0 for\u00e7a. Para Tal\u00edria, o presidente da C\u00e2mara \u201catacou de morte a democracia\u201d ao tentar blindar golpistas e impedir o escrut\u00ednio p\u00fablico.<\/p>\n<p>O epis\u00f3dio desta ter\u00e7a-feira exp\u00f4s uma escalada autorit\u00e1ria que n\u00e3o pode ser normalizada. Ao transformar a for\u00e7a policial em instrumento pol\u00edtico e cercear o trabalho da imprensa, a presid\u00eancia da C\u00e2mara compromete o funcionamento democr\u00e1tico da Casa do Povo. O PSOL exige investiga\u00e7\u00e3o, responsabiliza\u00e7\u00e3o e o restabelecimento pleno das garantias parlamentares e da liberdade de imprensa, fundamentos indispens\u00e1veis para qualquer democracia.<\/p>\n","protected":false},"excerpt":{"rendered":"<p>Os deputados do PSOL Glauber Braga, S\u00e2mia Bomfim e C\u00e9lia Xakriab\u00e1 registraram na noite desta ter\u00e7a-feira (9) um boletim de ocorr\u00eancia na 5\u00aa Delegacia de Pol\u00edcia do Distrito Federal ap\u00f3s terem sido v\u00edtimas de agress\u00f5es dentro da C\u00e2mara. Os parlamentares Rog\u00e9rio Correia (PT-MG) e Dorinaldo Malafaia (PDT-AP) acompanharam o grupo. Glauber Braga foi retirado \u00e0 [&hellip;]<\/p>\n","protected":false},"author":2,"featured_media":42284,"comment_status":"closed","ping_status":"open","sticky":false,"template":"","format":"standard","meta":{"_acf_changed":false,"footnotes":""},"categories":[10,1882],"tags":[4825],"class_list":{"0":"post-42283","1":"post","2":"type-post","3":"status-publish","4":"format-standard","5":"has-post-thumbnail","7":"category-acao-parlamentares","8":"category-brasil","9":"tag-noticias"},"acf":[],"yoast_head":"<!-- This site is optimized with the Yoast SEO plugin v26.5 - https:\/\/yoast.com\/wordpress\/plugins\/seo\/ -->\n<title>Deputados do PSOL registram boletim de ocorr\u00eancia ap\u00f3s viol\u00eancia ordenada por Hugo Motta - PSOL 50<\/title>\n<meta name=\"description\" content=\"Os deputados do PSOL Glauber Braga, S\u00e2mia Bomfim e C\u00e9lia Xakriab\u00e1 registram boletim de ocorr\u00eancia por agress\u00e3o na C\u00e2mara e responsabilizam Hugo Motta. Veja.\" \/>\n<meta name=\"robots\" content=\"index, follow, max-snippet:-1, max-image-preview:large, max-video-preview:-1\" \/>\n<link rel=\"canonical\" href=\"https:\/\/psol50.org.br\/deputados-do-psol-registram-boletim-de-ocorrencia-apos-violencia-ordenada-por-hugo-motta\/\" \/>\n<meta property=\"og:locale\" content=\"pt_BR\" \/>\n<meta property=\"og:type\" content=\"article\" \/>\n<meta property=\"og:title\" content=\"Deputados do PSOL registram boletim de ocorr\u00eancia ap\u00f3s viol\u00eancia ordenada por Hugo Motta - PSOL 50\" \/>\n<meta property=\"og:description\" content=\"Os deputados do PSOL Glauber Braga, S\u00e2mia Bomfim e C\u00e9lia Xakriab\u00e1 registram boletim de ocorr\u00eancia por agress\u00e3o na C\u00e2mara e responsabilizam Hugo Motta. Veja.\" \/>\n<meta property=\"og:url\" content=\"https:\/\/psol50.org.br\/deputados-do-psol-registram-boletim-de-ocorrencia-apos-violencia-ordenada-por-hugo-motta\/\" \/>\n<meta property=\"og:site_name\" content=\"PSOL 50\" \/>\n<meta property=\"article:publisher\" content=\"https:\/\/www.facebook.com\/psol50\" \/>\n<meta property=\"article:published_time\" content=\"2025-12-10T16:10:42+00:00\" \/>\n<meta property=\"article:modified_time\" content=\"2025-12-18T14:13:00+00:00\" \/>\n<meta property=\"og:image\" content=\"https:\/\/psol50.org.br\/inc\/uploads\/2025\/12\/jn-limpo-20251209-1955-frame-68563.jpeg\" \/>\n\t<meta property=\"og:image:width\" content=\"1920\" \/>\n\t<meta property=\"og:image:height\" content=\"1080\" \/>\n\t<meta property=\"og:image:type\" content=\"image\/jpeg\" \/>\n<meta name=\"author\" content=\"Comunica\u00e7\u00e3o PSOL\" \/>\n<meta name=\"twitter:card\" content=\"summary_large_image\" \/>\n<meta name=\"twitter:creator\" content=\"@psol50\" \/>\n<meta name=\"twitter:site\" content=\"@psol50\" \/>\n<meta name=\"twitter:label1\" content=\"Escrito por\" \/>\n\t<meta name=\"twitter:data1\" content=\"Comunica\u00e7\u00e3o PSOL\" \/>\n\t<meta name=\"twitter:label2\" content=\"Est. tempo de leitura\" \/>\n\t<meta name=\"twitter:data2\" content=\"2 minutos\" \/>\n<script type=\"application\/ld+json\" class=\"yoast-schema-graph\">{\"@context\":\"https:\/\/schema.org\",\"@graph\":[{\"@type\":\"Article\",\"@id\":\"https:\/\/psol50.org.br\/deputados-do-psol-registram-boletim-de-ocorrencia-apos-violencia-ordenada-por-hugo-motta\/#article\",\"isPartOf\":{\"@id\":\"https:\/\/psol50.org.br\/deputados-do-psol-registram-boletim-de-ocorrencia-apos-violencia-ordenada-por-hugo-motta\/\"},\"author\":{\"name\":\"Comunica\u00e7\u00e3o PSOL\",\"@id\":\"https:\/\/psol50.org.br\/#\/schema\/person\/475dfa57d0b815993c714c2e96491fcd\"},\"headline\":\"Deputados do PSOL registram boletim de ocorr\u00eancia ap\u00f3s viol\u00eancia ordenada por Hugo Motta\",\"datePublished\":\"2025-12-10T16:10:42+00:00\",\"dateModified\":\"2025-12-18T14:13:00+00:00\",\"mainEntityOfPage\":{\"@id\":\"https:\/\/psol50.org.br\/deputados-do-psol-registram-boletim-de-ocorrencia-apos-violencia-ordenada-por-hugo-motta\/\"},\"wordCount\":445,\"publisher\":{\"@id\":\"https:\/\/psol50.org.br\/#organization\"},\"image\":{\"@id\":\"https:\/\/psol50.org.br\/deputados-do-psol-registram-boletim-de-ocorrencia-apos-violencia-ordenada-por-hugo-motta\/#primaryimage\"},\"thumbnailUrl\":\"https:\/\/psol50.org.br\/inc\/uploads\/2025\/12\/jn-limpo-20251209-1955-frame-68563.jpeg\",\"keywords\":[\"Not\u00edcias\"],\"articleSection\":[\"A\u00e7\u00e3o Parlamentar\",\"Brasil\"],\"inLanguage\":\"pt-BR\"},{\"@type\":\"WebPage\",\"@id\":\"https:\/\/psol50.org.br\/deputados-do-psol-registram-boletim-de-ocorrencia-apos-violencia-ordenada-por-hugo-motta\/\",\"url\":\"https:\/\/psol50.org.br\/deputados-do-psol-registram-boletim-de-ocorrencia-apos-violencia-ordenada-por-hugo-motta\/\",\"name\":\"Deputados do PSOL registram boletim de ocorr\u00eancia ap\u00f3s viol\u00eancia ordenada por Hugo Motta - PSOL 50\",\"isPartOf\":{\"@id\":\"https:\/\/psol50.org.br\/#website\"},\"primaryImageOfPage\":{\"@id\":\"https:\/\/psol50.org.br\/deputados-do-psol-registram-boletim-de-ocorrencia-apos-violencia-ordenada-por-hugo-motta\/#primaryimage\"},\"image\":{\"@id\":\"https:\/\/psol50.org.br\/deputados-do-psol-registram-boletim-de-ocorrencia-apos-violencia-ordenada-por-hugo-motta\/#primaryimage\"},\"thumbnailUrl\":\"https:\/\/psol50.org.br\/inc\/uploads\/2025\/12\/jn-limpo-20251209-1955-frame-68563.jpeg\",\"datePublished\":\"2025-12-10T16:10:42+00:00\",\"dateModified\":\"2025-12-18T14:13:00+00:00\",\"description\":\"Os deputados do PSOL Glauber Braga, S\u00e2mia Bomfim e C\u00e9lia Xakriab\u00e1 registram boletim de ocorr\u00eancia por agress\u00e3o na C\u00e2mara e responsabilizam Hugo Motta. Veja.\",\"breadcrumb\":{\"@id\":\"https:\/\/psol50.org.br\/deputados-do-psol-registram-boletim-de-ocorrencia-apos-violencia-ordenada-por-hugo-motta\/#breadcrumb\"},\"inLanguage\":\"pt-BR\",\"potentialAction\":[{\"@type\":\"ReadAction\",\"target\":[\"https:\/\/psol50.org.br\/deputados-do-psol-registram-boletim-de-ocorrencia-apos-violencia-ordenada-por-hugo-motta\/\"]}]},{\"@type\":\"ImageObject\",\"inLanguage\":\"pt-BR\",\"@id\":\"https:\/\/psol50.org.br\/deputados-do-psol-registram-boletim-de-ocorrencia-apos-violencia-ordenada-por-hugo-motta\/#primaryimage\",\"url\":\"https:\/\/psol50.org.br\/inc\/uploads\/2025\/12\/jn-limpo-20251209-1955-frame-68563.jpeg\",\"contentUrl\":\"https:\/\/psol50.org.br\/inc\/uploads\/2025\/12\/jn-limpo-20251209-1955-frame-68563.jpeg\",\"width\":1920,\"height\":1080,\"caption\":\"Foto: Reprodu\u00e7\u00e3o\"},{\"@type\":\"BreadcrumbList\",\"@id\":\"https:\/\/psol50.org.br\/deputados-do-psol-registram-boletim-de-ocorrencia-apos-violencia-ordenada-por-hugo-motta\/#breadcrumb\",\"itemListElement\":[{\"@type\":\"ListItem\",\"position\":1,\"name\":\"In\u00edcio\",\"item\":\"https:\/\/psol50.org.br\/\"},{\"@type\":\"ListItem\",\"position\":2,\"name\":\"Deputados do PSOL registram boletim de ocorr\u00eancia ap\u00f3s viol\u00eancia ordenada por Hugo Motta\"}]},{\"@type\":\"WebSite\",\"@id\":\"https:\/\/psol50.org.br\/#website\",\"url\":\"https:\/\/psol50.org.br\/\",\"name\":\"PSOL 50\",\"description\":\"Site oficial do Partido Socialismo e Liberdade\",\"publisher\":{\"@id\":\"https:\/\/psol50.org.br\/#organization\"},\"alternateName\":\"PSOL50\",\"potentialAction\":[{\"@type\":\"SearchAction\",\"target\":{\"@type\":\"EntryPoint\",\"urlTemplate\":\"https:\/\/psol50.org.br\/?s={search_term_string}\"},\"query-input\":{\"@type\":\"PropertyValueSpecification\",\"valueRequired\":true,\"valueName\":\"search_term_string\"}}],\"inLanguage\":\"pt-BR\"},{\"@type\":\"Organization\",\"@id\":\"https:\/\/psol50.org.br\/#organization\",\"name\":\"PSOL 50\",\"alternateName\":\"PSOL 50\",\"url\":\"https:\/\/psol50.org.br\/\",\"logo\":{\"@type\":\"ImageObject\",\"inLanguage\":\"pt-BR\",\"@id\":\"https:\/\/psol50.org.br\/#\/schema\/logo\/image\/\",\"url\":\"https:\/\/psol50.org.br\/inc\/uploads\/2018\/07\/capa.png\",\"contentUrl\":\"https:\/\/psol50.org.br\/inc\/uploads\/2018\/07\/capa.png\",\"width\":1350,\"height\":900,\"caption\":\"PSOL 50\"},\"image\":{\"@id\":\"https:\/\/psol50.org.br\/#\/schema\/logo\/image\/\"},\"sameAs\":[\"https:\/\/www.facebook.com\/psol50\",\"https:\/\/x.com\/psol50\",\"https:\/\/www.instagram.com\/psol50\/\",\"https:\/\/www.youtube.com\/channel\/UC7SnJS5o1os7a6CaiNabzcg\"]},{\"@type\":\"Person\",\"@id\":\"https:\/\/psol50.org.br\/#\/schema\/person\/475dfa57d0b815993c714c2e96491fcd\",\"name\":\"Comunica\u00e7\u00e3o PSOL\",\"image\":{\"@type\":\"ImageObject\",\"inLanguage\":\"pt-BR\",\"@id\":\"https:\/\/psol50.org.br\/#\/schema\/person\/image\/\",\"url\":\"https:\/\/secure.gravatar.com\/avatar\/b34fc4f4e468a4e51785917065a3db57b841f5c95dba6ad8c73aaf8f66f8f9bf?s=96&d=mm&r=g\",\"contentUrl\":\"https:\/\/secure.gravatar.com\/avatar\/b34fc4f4e468a4e51785917065a3db57b841f5c95dba6ad8c73aaf8f66f8f9bf?s=96&d=mm&r=g\",\"caption\":\"Comunica\u00e7\u00e3o PSOL\"}}]}<\/script>\n<!-- \/ Yoast SEO plugin. -->","yoast_head_json":{"title":"Deputados do PSOL registram boletim de ocorr\u00eancia ap\u00f3s viol\u00eancia ordenada por Hugo Motta - PSOL 50","description":"Os deputados do PSOL Glauber Braga, S\u00e2mia Bomfim e C\u00e9lia Xakriab\u00e1 registram boletim de ocorr\u00eancia por agress\u00e3o na C\u00e2mara e responsabilizam Hugo Motta. Veja.","robots":{"index":"index","follow":"follow","max-snippet":"max-snippet:-1","max-image-preview":"max-image-preview:large","max-video-preview":"max-video-preview:-1"},"canonical":"https:\/\/psol50.org.br\/deputados-do-psol-registram-boletim-de-ocorrencia-apos-violencia-ordenada-por-hugo-motta\/","og_locale":"pt_BR","og_type":"article","og_title":"Deputados do PSOL registram boletim de ocorr\u00eancia ap\u00f3s viol\u00eancia ordenada por Hugo Motta - PSOL 50","og_description":"Os deputados do PSOL Glauber Braga, S\u00e2mia Bomfim e C\u00e9lia Xakriab\u00e1 registram boletim de ocorr\u00eancia por agress\u00e3o na C\u00e2mara e responsabilizam Hugo Motta. Veja.","og_url":"https:\/\/psol50.org.br\/deputados-do-psol-registram-boletim-de-ocorrencia-apos-violencia-ordenada-por-hugo-motta\/","og_site_name":"PSOL 50","article_publisher":"https:\/\/www.facebook.com\/psol50","article_published_time":"2025-12-10T16:10:42+00:00","article_modified_time":"2025-12-18T14:13:00+00:00","og_image":[{"width":1920,"height":1080,"url":"https:\/\/psol50.org.br\/inc\/uploads\/2025\/12\/jn-limpo-20251209-1955-frame-68563.jpeg","type":"image\/jpeg"}],"author":"Comunica\u00e7\u00e3o PSOL","twitter_card":"summary_large_image","twitter_creator":"@psol50","twitter_site":"@psol50","twitter_misc":{"Escrito por":"Comunica\u00e7\u00e3o PSOL","Est. tempo de leitura":"2 minutos"},"schema":{"@context":"https:\/\/schema.org","@graph":[{"@type":"Article","@id":"https:\/\/psol50.org.br\/deputados-do-psol-registram-boletim-de-ocorrencia-apos-violencia-ordenada-por-hugo-motta\/#article","isPartOf":{"@id":"https:\/\/psol50.org.br\/deputados-do-psol-registram-boletim-de-ocorrencia-apos-violencia-ordenada-por-hugo-motta\/"},"author":{"name":"Comunica\u00e7\u00e3o PSOL","@id":"https:\/\/psol50.org.br\/#\/schema\/person\/475dfa57d0b815993c714c2e96491fcd"},"headline":"Deputados do PSOL registram boletim de ocorr\u00eancia ap\u00f3s viol\u00eancia ordenada por Hugo Motta","datePublished":"2025-12-10T16:10:42+00:00","dateModified":"2025-12-18T14:13:00+00:00","mainEntityOfPage":{"@id":"https:\/\/psol50.org.br\/deputados-do-psol-registram-boletim-de-ocorrencia-apos-violencia-ordenada-por-hugo-motta\/"},"wordCount":445,"publisher":{"@id":"https:\/\/psol50.org.br\/#organization"},"image":{"@id":"https:\/\/psol50.org.br\/deputados-do-psol-registram-boletim-de-ocorrencia-apos-violencia-ordenada-por-hugo-motta\/#primaryimage"},"thumbnailUrl":"https:\/\/psol50.org.br\/inc\/uploads\/2025\/12\/jn-limpo-20251209-1955-frame-68563.jpeg","keywords":["Not\u00edcias"],"articleSection":["A\u00e7\u00e3o Parlamentar","Brasil"],"inLanguage":"pt-BR"},{"@type":"WebPage","@id":"https:\/\/psol50.org.br\/deputados-do-psol-registram-boletim-de-ocorrencia-apos-violencia-ordenada-por-hugo-motta\/","url":"https:\/\/psol50.org.br\/deputados-do-psol-registram-boletim-de-ocorrencia-apos-violencia-ordenada-por-hugo-motta\/","name":"Deputados do PSOL registram boletim de ocorr\u00eancia ap\u00f3s viol\u00eancia ordenada por Hugo Motta - PSOL 50","isPartOf":{"@id":"https:\/\/psol50.org.br\/#website"},"primaryImageOfPage":{"@id":"https:\/\/psol50.org.br\/deputados-do-psol-registram-boletim-de-ocorrencia-apos-violencia-ordenada-por-hugo-motta\/#primaryimage"},"image":{"@id":"https:\/\/psol50.org.br\/deputados-do-psol-registram-boletim-de-ocorrencia-apos-violencia-ordenada-por-hugo-motta\/#primaryimage"},"thumbnailUrl":"https:\/\/psol50.org.br\/inc\/uploads\/2025\/12\/jn-limpo-20251209-1955-frame-68563.jpeg","datePublished":"2025-12-10T16:10:42+00:00","dateModified":"2025-12-18T14:13:00+00:00","description":"Os deputados do PSOL Glauber Braga, S\u00e2mia Bomfim e C\u00e9lia Xakriab\u00e1 registram boletim de ocorr\u00eancia por agress\u00e3o na C\u00e2mara e responsabilizam Hugo Motta. Veja.","breadcrumb":{"@id":"https:\/\/psol50.org.br\/deputados-do-psol-registram-boletim-de-ocorrencia-apos-violencia-ordenada-por-hugo-motta\/#breadcrumb"},"inLanguage":"pt-BR","potentialAction":[{"@type":"ReadAction","target":["https:\/\/psol50.org.br\/deputados-do-psol-registram-boletim-de-ocorrencia-apos-violencia-ordenada-por-hugo-motta\/"]}]},{"@type":"ImageObject","inLanguage":"pt-BR","@id":"https:\/\/psol50.org.br\/deputados-do-psol-registram-boletim-de-ocorrencia-apos-violencia-ordenada-por-hugo-motta\/#primaryimage","url":"https:\/\/psol50.org.br\/inc\/uploads\/2025\/12\/jn-limpo-20251209-1955-frame-68563.jpeg","contentUrl":"https:\/\/psol50.org.br\/inc\/uploads\/2025\/12\/jn-limpo-20251209-1955-frame-68563.jpeg","width":1920,"height":1080,"caption":"Foto: Reprodu\u00e7\u00e3o"},{"@type":"BreadcrumbList","@id":"https:\/\/psol50.org.br\/deputados-do-psol-registram-boletim-de-ocorrencia-apos-violencia-ordenada-por-hugo-motta\/#breadcrumb","itemListElement":[{"@type":"ListItem","position":1,"name":"In\u00edcio","item":"https:\/\/psol50.org.br\/"},{"@type":"ListItem","position":2,"name":"Deputados do PSOL registram boletim de ocorr\u00eancia ap\u00f3s viol\u00eancia ordenada por Hugo Motta"}]},{"@type":"WebSite","@id":"https:\/\/psol50.org.br\/#website","url":"https:\/\/psol50.org.br\/","name":"PSOL 50","description":"Site oficial do Partido Socialismo e Liberdade","publisher":{"@id":"https:\/\/psol50.org.br\/#organization"},"alternateName":"PSOL50","potentialAction":[{"@type":"SearchAction","target":{"@type":"EntryPoint","urlTemplate":"https:\/\/psol50.org.br\/?s={search_term_string}"},"query-input":{"@type":"PropertyValueSpecification","valueRequired":true,"valueName":"search_term_string"}}],"inLanguage":"pt-BR"},{"@type":"Organization","@id":"https:\/\/psol50.org.br\/#organization","name":"PSOL 50","alternateName":"PSOL 50","url":"https:\/\/psol50.org.br\/","logo":{"@type":"ImageObject","inLanguage":"pt-BR","@id":"https:\/\/psol50.org.br\/#\/schema\/logo\/image\/","url":"https:\/\/psol50.org.br\/inc\/uploads\/2018\/07\/capa.png","contentUrl":"https:\/\/psol50.org.br\/inc\/uploads\/2018\/07\/capa.png","width":1350,"height":900,"caption":"PSOL 50"},"image":{"@id":"https:\/\/psol50.org.br\/#\/schema\/logo\/image\/"},"sameAs":["https:\/\/www.facebook.com\/psol50","https:\/\/x.com\/psol50","https:\/\/www.instagram.com\/psol50\/","https:\/\/www.youtube.com\/channel\/UC7SnJS5o1os7a6CaiNabzcg"]},{"@type":"Person","@id":"https:\/\/psol50.org.br\/#\/schema\/person\/475dfa57d0b815993c714c2e96491fcd","name":"Comunica\u00e7\u00e3o PSOL","image":{"@type":"ImageObject","inLanguage":"pt-BR","@id":"https:\/\/psol50.org.br\/#\/schema\/person\/image\/","url":"https:\/\/secure.gravatar.com\/avatar\/b34fc4f4e468a4e51785917065a3db57b841f5c95dba6ad8c73aaf8f66f8f9bf?s=96&d=mm&r=g","contentUrl":"https:\/\/secure.gravatar.com\/avatar\/b34fc4f4e468a4e51785917065a3db57b841f5c95dba6ad8c73aaf8f66f8f9bf?s=96&d=mm&r=g","caption":"Comunica\u00e7\u00e3o PSOL"}}]}},"_links":{"self":[{"href":"https:\/\/psol50.org.br\/rest\/wp\/v2\/posts\/42283","targetHints":{"allow":["GET"]}}],"collection":[{"href":"https:\/\/psol50.org.br\/rest\/wp\/v2\/posts"}],"about":[{"href":"https:\/\/psol50.org.br\/rest\/wp\/v2\/types\/post"}],"author":[{"embeddable":true,"href":"https:\/\/psol50.org.br\/rest\/wp\/v2\/users\/2"}],"replies":[{"embeddable":true,"href":"https:\/\/psol50.org.br\/rest\/wp\/v2\/comments?post=42283"}],"version-history":[{"count":1,"href":"https:\/\/psol50.org.br\/rest\/wp\/v2\/posts\/42283\/revisions"}],"predecessor-version":[{"id":42285,"href":"https:\/\/psol50.org.br\/rest\/wp\/v2\/posts\/42283\/revisions\/42285"}],"wp:featuredmedia":[{"embeddable":true,"href":"https:\/\/psol50.org.br\/rest\/wp\/v2\/media\/42284"}],"wp:attachment":[{"href":"https:\/\/psol50.org.br\/rest\/wp\/v2\/media?parent=42283"}],"wp:term":[{"taxonomy":"category","embeddable":true,"href":"https:\/\/psol50.org.br\/rest\/wp\/v2\/categories?post=42283"},{"taxonomy":"post_tag","embeddable":true,"href":"https:\/\/psol50.org.br\/rest\/wp\/v2\/tags?post=42283"}],"curies":[{"name":"wp","href":"https:\/\/api.w.org\/{rel}","templated":true}]}}