{"id":42298,"date":"2025-12-16T15:50:17","date_gmt":"2025-12-16T18:50:17","guid":{"rendered":"https:\/\/psol50.org.br\/?p=42298"},"modified":"2025-12-19T13:05:31","modified_gmt":"2025-12-19T16:05:31","slug":"samia-bomfim-aciona-mp-e-pede-fim-do-contrato-da-enel-apos-apagao-em-sao-paulo","status":"publish","type":"post","link":"https:\/\/psol50.org.br\/samia-bomfim-aciona-mp-e-pede-fim-do-contrato-da-enel-apos-apagao-em-sao-paulo\/","title":{"rendered":"S\u00e2mia Bomfim aciona MP e pede fim do contrato da Enel ap\u00f3s apag\u00e3o em S\u00e3o Paulo"},"content":{"rendered":"<p>A deputada federal S\u00e2mia Bomfim (PSOL-SP) acionou o Minist\u00e9rio P\u00fablico de S\u00e3o Paulo para pedir investiga\u00e7\u00e3o e a revis\u00e3o do contrato de concess\u00e3o da Enel Energia ap\u00f3s o apag\u00e3o que atingiu a capital paulista na \u00faltima semana, deixando cerca de 1,5 milh\u00e3o de resid\u00eancias sem energia el\u00e9trica.<\/p>\n<p>S\u00e2mia afirma que o epis\u00f3dio exp\u00f5e falhas estruturais graves na atua\u00e7\u00e3o da concession\u00e1ria, que tem se mostrado incapaz de garantir a continuidade, a efici\u00eancia e a seguran\u00e7a de um servi\u00e7o p\u00fablico essencial. Segundo a deputada, a situa\u00e7\u00e3o refor\u00e7a um hist\u00f3rico de m\u00e1 presta\u00e7\u00e3o do servi\u00e7o, marcado por interrup\u00e7\u00f5es recorrentes, falta de manuten\u00e7\u00e3o preventiva e demora injustific\u00e1vel no restabelecimento da energia.<\/p>\n<p>A parlamentar destaca que os problemas est\u00e3o diretamente ligados ao modelo de privatiza\u00e7\u00e3o adotado, sem mecanismos eficazes de controle social, fiscaliza\u00e7\u00e3o cont\u00ednua e responsabiliza\u00e7\u00e3o.<\/p>\n<p>Entre os pedidos feitos ao Minist\u00e9rio P\u00fablico est\u00e3o a cria\u00e7\u00e3o de um grupo interinstitucional com a Aneel para acompanhar a crise, a exig\u00eancia de um plano detalhado e urgente de restabelecimento do servi\u00e7o e a abertura de um inqu\u00e9rito civil para apurar poss\u00edveis viola\u00e7\u00f5es aos princ\u00edpios da administra\u00e7\u00e3o p\u00fablica. A deputada tamb\u00e9m solicita a avalia\u00e7\u00e3o de um Termo de Ajustamento de Conduta.<\/p>\n<p>S\u00e2mia ainda pede que sejam analisadas medidas jur\u00eddicas para a revis\u00e3o do contrato de concess\u00e3o e, se necess\u00e1rio, a interven\u00e7\u00e3o ou at\u00e9 a extin\u00e7\u00e3o da concess\u00e3o da Enel em S\u00e3o Paulo. A situa\u00e7\u00e3o se tornou insustent\u00e1vel para a popula\u00e7\u00e3o e compromete o funcionamento de servi\u00e7os essenciais, como hospitais e equipamentos p\u00fablicos.<\/p>\n<p>\u201cA Enel tamb\u00e9m \u00e9 diretamente respons\u00e1vel: o resultado da privatiza\u00e7\u00e3o \u00e9 catastr\u00f3fico, faltam equipes de trabalho e investimento para prevenir que a rede colapse durante as chuvas, tudo para ampliar a margem de lucro. Quem paga a conta, como sempre, s\u00e3o as fam\u00edlias sem luz, os com\u00e9rcios parados, os hospitais e equipamentos p\u00fablicos operando no limite\u201d, afirmou a deputada.<\/p>\n","protected":false},"excerpt":{"rendered":"<p>A deputada federal S\u00e2mia Bomfim (PSOL-SP) acionou o Minist\u00e9rio P\u00fablico de S\u00e3o Paulo para pedir investiga\u00e7\u00e3o e a revis\u00e3o do contrato de concess\u00e3o da Enel Energia ap\u00f3s o apag\u00e3o que atingiu a capital paulista na \u00faltima semana, deixando cerca de 1,5 milh\u00e3o de resid\u00eancias sem energia el\u00e9trica. S\u00e2mia afirma que o epis\u00f3dio exp\u00f5e falhas estruturais [&hellip;]<\/p>\n","protected":false},"author":2,"featured_media":42299,"comment_status":"closed","ping_status":"open","sticky":false,"template":"","format":"standard","meta":{"_acf_changed":false,"footnotes":""},"categories":[10],"tags":[4825],"class_list":{"0":"post-42298","1":"post","2":"type-post","3":"status-publish","4":"format-standard","5":"has-post-thumbnail","7":"category-acao-parlamentares","8":"tag-noticias"},"acf":[],"yoast_head":"<!-- This site is optimized with the Yoast SEO plugin v26.5 - https:\/\/yoast.com\/wordpress\/plugins\/seo\/ -->\n<title>S\u00e2mia Bomfim aciona MP e pede fim do contrato da Enel ap\u00f3s apag\u00e3o em S\u00e3o Paulo - PSOL 50<\/title>\n<meta name=\"description\" content=\"A deputada S\u00e2mia Bomfim pede fim do contrato de concess\u00e3o da Enel depois de mais um apag\u00e3o em S\u00e3o Paulo. Saiba mais.\" \/>\n<meta name=\"robots\" content=\"index, follow, max-snippet:-1, max-image-preview:large, max-video-preview:-1\" \/>\n<link rel=\"canonical\" href=\"https:\/\/psol50.org.br\/samia-bomfim-aciona-mp-e-pede-fim-do-contrato-da-enel-apos-apagao-em-sao-paulo\/\" \/>\n<meta property=\"og:locale\" content=\"pt_BR\" \/>\n<meta property=\"og:type\" content=\"article\" \/>\n<meta property=\"og:title\" content=\"S\u00e2mia Bomfim aciona MP e pede fim do contrato da Enel ap\u00f3s apag\u00e3o em S\u00e3o Paulo - PSOL 50\" \/>\n<meta property=\"og:description\" content=\"A deputada S\u00e2mia Bomfim pede fim do contrato de concess\u00e3o da Enel depois de mais um apag\u00e3o em S\u00e3o Paulo. Saiba mais.\" \/>\n<meta property=\"og:url\" content=\"https:\/\/psol50.org.br\/samia-bomfim-aciona-mp-e-pede-fim-do-contrato-da-enel-apos-apagao-em-sao-paulo\/\" \/>\n<meta property=\"og:site_name\" content=\"PSOL 50\" \/>\n<meta property=\"article:publisher\" content=\"https:\/\/www.facebook.com\/psol50\" \/>\n<meta property=\"article:published_time\" content=\"2025-12-16T18:50:17+00:00\" \/>\n<meta property=\"article:modified_time\" content=\"2025-12-19T16:05:31+00:00\" \/>\n<meta property=\"og:image\" content=\"https:\/\/psol50.org.br\/inc\/uploads\/2025\/12\/img20251209161638520.jpg\" \/>\n\t<meta property=\"og:image:width\" content=\"1987\" \/>\n\t<meta property=\"og:image:height\" content=\"1223\" \/>\n\t<meta property=\"og:image:type\" content=\"image\/jpeg\" \/>\n<meta name=\"author\" content=\"Comunica\u00e7\u00e3o PSOL\" \/>\n<meta name=\"twitter:card\" content=\"summary_large_image\" \/>\n<meta name=\"twitter:creator\" content=\"@psol50\" \/>\n<meta name=\"twitter:site\" content=\"@psol50\" \/>\n<meta name=\"twitter:label1\" content=\"Escrito por\" \/>\n\t<meta name=\"twitter:data1\" content=\"Comunica\u00e7\u00e3o PSOL\" \/>\n\t<meta name=\"twitter:label2\" content=\"Est. tempo de leitura\" \/>\n\t<meta name=\"twitter:data2\" content=\"2 minutos\" \/>\n<script type=\"application\/ld+json\" class=\"yoast-schema-graph\">{\"@context\":\"https:\/\/schema.org\",\"@graph\":[{\"@type\":\"Article\",\"@id\":\"https:\/\/psol50.org.br\/samia-bomfim-aciona-mp-e-pede-fim-do-contrato-da-enel-apos-apagao-em-sao-paulo\/#article\",\"isPartOf\":{\"@id\":\"https:\/\/psol50.org.br\/samia-bomfim-aciona-mp-e-pede-fim-do-contrato-da-enel-apos-apagao-em-sao-paulo\/\"},\"author\":{\"name\":\"Comunica\u00e7\u00e3o PSOL\",\"@id\":\"https:\/\/psol50.org.br\/#\/schema\/person\/475dfa57d0b815993c714c2e96491fcd\"},\"headline\":\"S\u00e2mia Bomfim aciona MP e pede fim do contrato da Enel ap\u00f3s apag\u00e3o em S\u00e3o Paulo\",\"datePublished\":\"2025-12-16T18:50:17+00:00\",\"dateModified\":\"2025-12-19T16:05:31+00:00\",\"mainEntityOfPage\":{\"@id\":\"https:\/\/psol50.org.br\/samia-bomfim-aciona-mp-e-pede-fim-do-contrato-da-enel-apos-apagao-em-sao-paulo\/\"},\"wordCount\":390,\"publisher\":{\"@id\":\"https:\/\/psol50.org.br\/#organization\"},\"image\":{\"@id\":\"https:\/\/psol50.org.br\/samia-bomfim-aciona-mp-e-pede-fim-do-contrato-da-enel-apos-apagao-em-sao-paulo\/#primaryimage\"},\"thumbnailUrl\":\"https:\/\/psol50.org.br\/inc\/uploads\/2025\/12\/img20251209161638520.jpg\",\"keywords\":[\"Not\u00edcias\"],\"articleSection\":[\"A\u00e7\u00e3o Parlamentar\"],\"inLanguage\":\"pt-BR\"},{\"@type\":\"WebPage\",\"@id\":\"https:\/\/psol50.org.br\/samia-bomfim-aciona-mp-e-pede-fim-do-contrato-da-enel-apos-apagao-em-sao-paulo\/\",\"url\":\"https:\/\/psol50.org.br\/samia-bomfim-aciona-mp-e-pede-fim-do-contrato-da-enel-apos-apagao-em-sao-paulo\/\",\"name\":\"S\u00e2mia Bomfim aciona MP e pede fim do contrato da Enel ap\u00f3s apag\u00e3o em S\u00e3o Paulo - PSOL 50\",\"isPartOf\":{\"@id\":\"https:\/\/psol50.org.br\/#website\"},\"primaryImageOfPage\":{\"@id\":\"https:\/\/psol50.org.br\/samia-bomfim-aciona-mp-e-pede-fim-do-contrato-da-enel-apos-apagao-em-sao-paulo\/#primaryimage\"},\"image\":{\"@id\":\"https:\/\/psol50.org.br\/samia-bomfim-aciona-mp-e-pede-fim-do-contrato-da-enel-apos-apagao-em-sao-paulo\/#primaryimage\"},\"thumbnailUrl\":\"https:\/\/psol50.org.br\/inc\/uploads\/2025\/12\/img20251209161638520.jpg\",\"datePublished\":\"2025-12-16T18:50:17+00:00\",\"dateModified\":\"2025-12-19T16:05:31+00:00\",\"description\":\"A deputada S\u00e2mia Bomfim pede fim do contrato de concess\u00e3o da Enel depois de mais um apag\u00e3o em S\u00e3o Paulo. Saiba mais.\",\"breadcrumb\":{\"@id\":\"https:\/\/psol50.org.br\/samia-bomfim-aciona-mp-e-pede-fim-do-contrato-da-enel-apos-apagao-em-sao-paulo\/#breadcrumb\"},\"inLanguage\":\"pt-BR\",\"potentialAction\":[{\"@type\":\"ReadAction\",\"target\":[\"https:\/\/psol50.org.br\/samia-bomfim-aciona-mp-e-pede-fim-do-contrato-da-enel-apos-apagao-em-sao-paulo\/\"]}]},{\"@type\":\"ImageObject\",\"inLanguage\":\"pt-BR\",\"@id\":\"https:\/\/psol50.org.br\/samia-bomfim-aciona-mp-e-pede-fim-do-contrato-da-enel-apos-apagao-em-sao-paulo\/#primaryimage\",\"url\":\"https:\/\/psol50.org.br\/inc\/uploads\/2025\/12\/img20251209161638520.jpg\",\"contentUrl\":\"https:\/\/psol50.org.br\/inc\/uploads\/2025\/12\/img20251209161638520.jpg\",\"width\":1987,\"height\":1223,\"caption\":\"Kayo Magalh\u00e3es \/ C\u00e2mara dos Deputados\"},{\"@type\":\"BreadcrumbList\",\"@id\":\"https:\/\/psol50.org.br\/samia-bomfim-aciona-mp-e-pede-fim-do-contrato-da-enel-apos-apagao-em-sao-paulo\/#breadcrumb\",\"itemListElement\":[{\"@type\":\"ListItem\",\"position\":1,\"name\":\"In\u00edcio\",\"item\":\"https:\/\/psol50.org.br\/\"},{\"@type\":\"ListItem\",\"position\":2,\"name\":\"S\u00e2mia Bomfim aciona MP e pede fim do contrato da Enel ap\u00f3s apag\u00e3o em S\u00e3o Paulo\"}]},{\"@type\":\"WebSite\",\"@id\":\"https:\/\/psol50.org.br\/#website\",\"url\":\"https:\/\/psol50.org.br\/\",\"name\":\"PSOL 50\",\"description\":\"Site oficial do Partido Socialismo e Liberdade\",\"publisher\":{\"@id\":\"https:\/\/psol50.org.br\/#organization\"},\"alternateName\":\"PSOL50\",\"potentialAction\":[{\"@type\":\"SearchAction\",\"target\":{\"@type\":\"EntryPoint\",\"urlTemplate\":\"https:\/\/psol50.org.br\/?s={search_term_string}\"},\"query-input\":{\"@type\":\"PropertyValueSpecification\",\"valueRequired\":true,\"valueName\":\"search_term_string\"}}],\"inLanguage\":\"pt-BR\"},{\"@type\":\"Organization\",\"@id\":\"https:\/\/psol50.org.br\/#organization\",\"name\":\"PSOL 50\",\"alternateName\":\"PSOL 50\",\"url\":\"https:\/\/psol50.org.br\/\",\"logo\":{\"@type\":\"ImageObject\",\"inLanguage\":\"pt-BR\",\"@id\":\"https:\/\/psol50.org.br\/#\/schema\/logo\/image\/\",\"url\":\"https:\/\/psol50.org.br\/inc\/uploads\/2018\/07\/capa.png\",\"contentUrl\":\"https:\/\/psol50.org.br\/inc\/uploads\/2018\/07\/capa.png\",\"width\":1350,\"height\":900,\"caption\":\"PSOL 50\"},\"image\":{\"@id\":\"https:\/\/psol50.org.br\/#\/schema\/logo\/image\/\"},\"sameAs\":[\"https:\/\/www.facebook.com\/psol50\",\"https:\/\/x.com\/psol50\",\"https:\/\/www.instagram.com\/psol50\/\",\"https:\/\/www.youtube.com\/channel\/UC7SnJS5o1os7a6CaiNabzcg\"]},{\"@type\":\"Person\",\"@id\":\"https:\/\/psol50.org.br\/#\/schema\/person\/475dfa57d0b815993c714c2e96491fcd\",\"name\":\"Comunica\u00e7\u00e3o PSOL\",\"image\":{\"@type\":\"ImageObject\",\"inLanguage\":\"pt-BR\",\"@id\":\"https:\/\/psol50.org.br\/#\/schema\/person\/image\/\",\"url\":\"https:\/\/secure.gravatar.com\/avatar\/b34fc4f4e468a4e51785917065a3db57b841f5c95dba6ad8c73aaf8f66f8f9bf?s=96&d=mm&r=g\",\"contentUrl\":\"https:\/\/secure.gravatar.com\/avatar\/b34fc4f4e468a4e51785917065a3db57b841f5c95dba6ad8c73aaf8f66f8f9bf?s=96&d=mm&r=g\",\"caption\":\"Comunica\u00e7\u00e3o PSOL\"}}]}<\/script>\n<!-- \/ Yoast SEO plugin. -->","yoast_head_json":{"title":"S\u00e2mia Bomfim aciona MP e pede fim do contrato da Enel ap\u00f3s apag\u00e3o em S\u00e3o Paulo - PSOL 50","description":"A deputada S\u00e2mia Bomfim pede fim do contrato de concess\u00e3o da Enel depois de mais um apag\u00e3o em S\u00e3o Paulo. Saiba mais.","robots":{"index":"index","follow":"follow","max-snippet":"max-snippet:-1","max-image-preview":"max-image-preview:large","max-video-preview":"max-video-preview:-1"},"canonical":"https:\/\/psol50.org.br\/samia-bomfim-aciona-mp-e-pede-fim-do-contrato-da-enel-apos-apagao-em-sao-paulo\/","og_locale":"pt_BR","og_type":"article","og_title":"S\u00e2mia Bomfim aciona MP e pede fim do contrato da Enel ap\u00f3s apag\u00e3o em S\u00e3o Paulo - PSOL 50","og_description":"A deputada S\u00e2mia Bomfim pede fim do contrato de concess\u00e3o da Enel depois de mais um apag\u00e3o em S\u00e3o Paulo. Saiba mais.","og_url":"https:\/\/psol50.org.br\/samia-bomfim-aciona-mp-e-pede-fim-do-contrato-da-enel-apos-apagao-em-sao-paulo\/","og_site_name":"PSOL 50","article_publisher":"https:\/\/www.facebook.com\/psol50","article_published_time":"2025-12-16T18:50:17+00:00","article_modified_time":"2025-12-19T16:05:31+00:00","og_image":[{"width":1987,"height":1223,"url":"https:\/\/psol50.org.br\/inc\/uploads\/2025\/12\/img20251209161638520.jpg","type":"image\/jpeg"}],"author":"Comunica\u00e7\u00e3o PSOL","twitter_card":"summary_large_image","twitter_creator":"@psol50","twitter_site":"@psol50","twitter_misc":{"Escrito por":"Comunica\u00e7\u00e3o PSOL","Est. tempo de leitura":"2 minutos"},"schema":{"@context":"https:\/\/schema.org","@graph":[{"@type":"Article","@id":"https:\/\/psol50.org.br\/samia-bomfim-aciona-mp-e-pede-fim-do-contrato-da-enel-apos-apagao-em-sao-paulo\/#article","isPartOf":{"@id":"https:\/\/psol50.org.br\/samia-bomfim-aciona-mp-e-pede-fim-do-contrato-da-enel-apos-apagao-em-sao-paulo\/"},"author":{"name":"Comunica\u00e7\u00e3o PSOL","@id":"https:\/\/psol50.org.br\/#\/schema\/person\/475dfa57d0b815993c714c2e96491fcd"},"headline":"S\u00e2mia Bomfim aciona MP e pede fim do contrato da Enel ap\u00f3s apag\u00e3o em S\u00e3o Paulo","datePublished":"2025-12-16T18:50:17+00:00","dateModified":"2025-12-19T16:05:31+00:00","mainEntityOfPage":{"@id":"https:\/\/psol50.org.br\/samia-bomfim-aciona-mp-e-pede-fim-do-contrato-da-enel-apos-apagao-em-sao-paulo\/"},"wordCount":390,"publisher":{"@id":"https:\/\/psol50.org.br\/#organization"},"image":{"@id":"https:\/\/psol50.org.br\/samia-bomfim-aciona-mp-e-pede-fim-do-contrato-da-enel-apos-apagao-em-sao-paulo\/#primaryimage"},"thumbnailUrl":"https:\/\/psol50.org.br\/inc\/uploads\/2025\/12\/img20251209161638520.jpg","keywords":["Not\u00edcias"],"articleSection":["A\u00e7\u00e3o Parlamentar"],"inLanguage":"pt-BR"},{"@type":"WebPage","@id":"https:\/\/psol50.org.br\/samia-bomfim-aciona-mp-e-pede-fim-do-contrato-da-enel-apos-apagao-em-sao-paulo\/","url":"https:\/\/psol50.org.br\/samia-bomfim-aciona-mp-e-pede-fim-do-contrato-da-enel-apos-apagao-em-sao-paulo\/","name":"S\u00e2mia Bomfim aciona MP e pede fim do contrato da Enel ap\u00f3s apag\u00e3o em S\u00e3o Paulo - PSOL 50","isPartOf":{"@id":"https:\/\/psol50.org.br\/#website"},"primaryImageOfPage":{"@id":"https:\/\/psol50.org.br\/samia-bomfim-aciona-mp-e-pede-fim-do-contrato-da-enel-apos-apagao-em-sao-paulo\/#primaryimage"},"image":{"@id":"https:\/\/psol50.org.br\/samia-bomfim-aciona-mp-e-pede-fim-do-contrato-da-enel-apos-apagao-em-sao-paulo\/#primaryimage"},"thumbnailUrl":"https:\/\/psol50.org.br\/inc\/uploads\/2025\/12\/img20251209161638520.jpg","datePublished":"2025-12-16T18:50:17+00:00","dateModified":"2025-12-19T16:05:31+00:00","description":"A deputada S\u00e2mia Bomfim pede fim do contrato de concess\u00e3o da Enel depois de mais um apag\u00e3o em S\u00e3o Paulo. Saiba mais.","breadcrumb":{"@id":"https:\/\/psol50.org.br\/samia-bomfim-aciona-mp-e-pede-fim-do-contrato-da-enel-apos-apagao-em-sao-paulo\/#breadcrumb"},"inLanguage":"pt-BR","potentialAction":[{"@type":"ReadAction","target":["https:\/\/psol50.org.br\/samia-bomfim-aciona-mp-e-pede-fim-do-contrato-da-enel-apos-apagao-em-sao-paulo\/"]}]},{"@type":"ImageObject","inLanguage":"pt-BR","@id":"https:\/\/psol50.org.br\/samia-bomfim-aciona-mp-e-pede-fim-do-contrato-da-enel-apos-apagao-em-sao-paulo\/#primaryimage","url":"https:\/\/psol50.org.br\/inc\/uploads\/2025\/12\/img20251209161638520.jpg","contentUrl":"https:\/\/psol50.org.br\/inc\/uploads\/2025\/12\/img20251209161638520.jpg","width":1987,"height":1223,"caption":"Kayo Magalh\u00e3es \/ C\u00e2mara dos Deputados"},{"@type":"BreadcrumbList","@id":"https:\/\/psol50.org.br\/samia-bomfim-aciona-mp-e-pede-fim-do-contrato-da-enel-apos-apagao-em-sao-paulo\/#breadcrumb","itemListElement":[{"@type":"ListItem","position":1,"name":"In\u00edcio","item":"https:\/\/psol50.org.br\/"},{"@type":"ListItem","position":2,"name":"S\u00e2mia Bomfim aciona MP e pede fim do contrato da Enel ap\u00f3s apag\u00e3o em S\u00e3o Paulo"}]},{"@type":"WebSite","@id":"https:\/\/psol50.org.br\/#website","url":"https:\/\/psol50.org.br\/","name":"PSOL 50","description":"Site oficial do Partido Socialismo e Liberdade","publisher":{"@id":"https:\/\/psol50.org.br\/#organization"},"alternateName":"PSOL50","potentialAction":[{"@type":"SearchAction","target":{"@type":"EntryPoint","urlTemplate":"https:\/\/psol50.org.br\/?s={search_term_string}"},"query-input":{"@type":"PropertyValueSpecification","valueRequired":true,"valueName":"search_term_string"}}],"inLanguage":"pt-BR"},{"@type":"Organization","@id":"https:\/\/psol50.org.br\/#organization","name":"PSOL 50","alternateName":"PSOL 50","url":"https:\/\/psol50.org.br\/","logo":{"@type":"ImageObject","inLanguage":"pt-BR","@id":"https:\/\/psol50.org.br\/#\/schema\/logo\/image\/","url":"https:\/\/psol50.org.br\/inc\/uploads\/2018\/07\/capa.png","contentUrl":"https:\/\/psol50.org.br\/inc\/uploads\/2018\/07\/capa.png","width":1350,"height":900,"caption":"PSOL 50"},"image":{"@id":"https:\/\/psol50.org.br\/#\/schema\/logo\/image\/"},"sameAs":["https:\/\/www.facebook.com\/psol50","https:\/\/x.com\/psol50","https:\/\/www.instagram.com\/psol50\/","https:\/\/www.youtube.com\/channel\/UC7SnJS5o1os7a6CaiNabzcg"]},{"@type":"Person","@id":"https:\/\/psol50.org.br\/#\/schema\/person\/475dfa57d0b815993c714c2e96491fcd","name":"Comunica\u00e7\u00e3o PSOL","image":{"@type":"ImageObject","inLanguage":"pt-BR","@id":"https:\/\/psol50.org.br\/#\/schema\/person\/image\/","url":"https:\/\/secure.gravatar.com\/avatar\/b34fc4f4e468a4e51785917065a3db57b841f5c95dba6ad8c73aaf8f66f8f9bf?s=96&d=mm&r=g","contentUrl":"https:\/\/secure.gravatar.com\/avatar\/b34fc4f4e468a4e51785917065a3db57b841f5c95dba6ad8c73aaf8f66f8f9bf?s=96&d=mm&r=g","caption":"Comunica\u00e7\u00e3o PSOL"}}]}},"_links":{"self":[{"href":"https:\/\/psol50.org.br\/rest\/wp\/v2\/posts\/42298","targetHints":{"allow":["GET"]}}],"collection":[{"href":"https:\/\/psol50.org.br\/rest\/wp\/v2\/posts"}],"about":[{"href":"https:\/\/psol50.org.br\/rest\/wp\/v2\/types\/post"}],"author":[{"embeddable":true,"href":"https:\/\/psol50.org.br\/rest\/wp\/v2\/users\/2"}],"replies":[{"embeddable":true,"href":"https:\/\/psol50.org.br\/rest\/wp\/v2\/comments?post=42298"}],"version-history":[{"count":2,"href":"https:\/\/psol50.org.br\/rest\/wp\/v2\/posts\/42298\/revisions"}],"predecessor-version":[{"id":42301,"href":"https:\/\/psol50.org.br\/rest\/wp\/v2\/posts\/42298\/revisions\/42301"}],"wp:featuredmedia":[{"embeddable":true,"href":"https:\/\/psol50.org.br\/rest\/wp\/v2\/media\/42299"}],"wp:attachment":[{"href":"https:\/\/psol50.org.br\/rest\/wp\/v2\/media?parent=42298"}],"wp:term":[{"taxonomy":"category","embeddable":true,"href":"https:\/\/psol50.org.br\/rest\/wp\/v2\/categories?post=42298"},{"taxonomy":"post_tag","embeddable":true,"href":"https:\/\/psol50.org.br\/rest\/wp\/v2\/tags?post=42298"}],"curies":[{"name":"wp","href":"https:\/\/api.w.org\/{rel}","templated":true}]}}