{"id":42364,"date":"2026-01-09T15:49:25","date_gmt":"2026-01-09T18:49:25","guid":{"rendered":"https:\/\/psol50.org.br\/?p=42364"},"modified":"2026-01-09T15:49:25","modified_gmt":"2026-01-09T18:49:25","slug":"ivan-valente-e-juliano-medeiros-acionam-pgr-contra-gustavo-gayer-que-postou-video-com-fake-news-sobre-lula","status":"publish","type":"post","link":"https:\/\/psol50.org.br\/ivan-valente-e-juliano-medeiros-acionam-pgr-contra-gustavo-gayer-que-postou-video-com-fake-news-sobre-lula\/","title":{"rendered":"Ivan Valente e Juliano Medeiros acionam PGR contra Gustavo Gayer, que postou v\u00eddeo com fake news sobre Lula"},"content":{"rendered":"<p>O deputado federal\u00a0Ivan Valente e o ex-presidente do\u00a0PSOL Juliano Medeiros\u00a0entraram com uma representa\u00e7\u00e3o na PGR (Procuradoria-Geral da Rep\u00fablica) contra o bolsonarista Gustavo Gayer\u00a0(PL-GO), que postou em suas redes sociais um v\u00eddeo em que associa de forma mentirosa o presidente Lula ao tr\u00e1fico de drogas.<\/p>\n<p>A partir de relatos de um suspeito site espanhol, Gayer afirma no v\u00eddeo que Lula teria recebido dinheiro do narcotr\u00e1fico. Na representa\u00e7\u00e3o, Valente e Medeiros afirmam que o bolsonarista &#8220;profere declara\u00e7\u00f5es que visam subverter a ordem p\u00fablica, gerar clima de instabilidade social e conspirar, por meio de acusa\u00e7\u00f5es infundadas, contra o Chefe do Executivo e contra as organiza\u00e7\u00f5es pol\u00edticas de esquerda&#8221;.<\/p>\n<p>O documento diz ainda que o parlamentar violou a lei que trata dos crimes contra o Estado Democr\u00e1tico de Direito ao atentar contra a soberania e ao &#8220;instigar atua\u00e7\u00e3o estrangeira que atinge a soberania do Estado Brasileiro&#8221;.<\/p>\n<p>&#8220;As declara\u00e7\u00f5es do deputado federal, considerando ainda sua posi\u00e7\u00e3o no estrato social, possuem relevante impacto social, e podem, indubitavelmente, estar relacionadas \u00e0 atos preparat\u00f3rios para outros delitos, cabe salientar, que a ofensiva ocorrida no dia 8 de Janeiro de 2023 contra a sede dos Tr\u00eas Poderes em Bras\u00edlia foi precedida por um conjunto de declara\u00e7\u00f5es e amea\u00e7as&#8221;, argumentam.<\/p>\n","protected":false},"excerpt":{"rendered":"<p>O deputado federal\u00a0Ivan Valente e o ex-presidente do\u00a0PSOL Juliano Medeiros\u00a0entraram com uma representa\u00e7\u00e3o na PGR (Procuradoria-Geral da Rep\u00fablica) contra o bolsonarista Gustavo Gayer\u00a0(PL-GO), que postou em suas redes sociais um v\u00eddeo em que associa de forma mentirosa o presidente Lula ao tr\u00e1fico de drogas. A partir de relatos de um suspeito site espanhol, Gayer afirma [&hellip;]<\/p>\n","protected":false},"author":2,"featured_media":42367,"comment_status":"closed","ping_status":"open","sticky":false,"template":"","format":"standard","meta":{"_acf_changed":false,"footnotes":""},"categories":[10],"tags":[4825],"class_list":{"0":"post-42364","1":"post","2":"type-post","3":"status-publish","4":"format-standard","5":"has-post-thumbnail","7":"category-acao-parlamentares","8":"tag-noticias"},"acf":[],"yoast_head":"<!-- This site is optimized with the Yoast SEO plugin v26.5 - https:\/\/yoast.com\/wordpress\/plugins\/seo\/ -->\n<title>Ivan Valente e Juliano Medeiros acionam PGR contra Gustavo Gayer, que postou v\u00eddeo com fake news sobre Lula<\/title>\n<meta name=\"description\" content=\"Deputado federal e ex-presidente do PSOL apresentaram a\u00e7\u00e3o porque v\u00eddeo associava de forma mentirosa o presidente do Brasil ao tr\u00e1fico de drogas.\" \/>\n<meta name=\"robots\" content=\"index, follow, max-snippet:-1, max-image-preview:large, max-video-preview:-1\" \/>\n<link rel=\"canonical\" href=\"https:\/\/psol50.org.br\/ivan-valente-e-juliano-medeiros-acionam-pgr-contra-gustavo-gayer-que-postou-video-com-fake-news-sobre-lula\/\" \/>\n<meta property=\"og:locale\" content=\"pt_BR\" \/>\n<meta property=\"og:type\" content=\"article\" \/>\n<meta property=\"og:title\" content=\"Ivan Valente e Juliano Medeiros acionam PGR contra Gustavo Gayer, que postou v\u00eddeo com fake news sobre Lula\" \/>\n<meta property=\"og:description\" content=\"Deputado federal e ex-presidente do PSOL apresentaram a\u00e7\u00e3o porque v\u00eddeo associava de forma mentirosa o presidente do Brasil ao tr\u00e1fico de drogas.\" \/>\n<meta property=\"og:url\" content=\"https:\/\/psol50.org.br\/ivan-valente-e-juliano-medeiros-acionam-pgr-contra-gustavo-gayer-que-postou-video-com-fake-news-sobre-lula\/\" \/>\n<meta property=\"og:site_name\" content=\"PSOL 50\" \/>\n<meta property=\"article:publisher\" content=\"https:\/\/www.facebook.com\/psol50\" \/>\n<meta property=\"article:published_time\" content=\"2026-01-09T18:49:25+00:00\" \/>\n<meta property=\"og:image\" content=\"https:\/\/psol50.org.br\/inc\/uploads\/2026\/01\/img20250917210805137.jpg\" \/>\n\t<meta property=\"og:image:width\" content=\"1984\" \/>\n\t<meta property=\"og:image:height\" content=\"1223\" \/>\n\t<meta property=\"og:image:type\" content=\"image\/jpeg\" \/>\n<meta name=\"author\" content=\"Comunica\u00e7\u00e3o PSOL\" \/>\n<meta name=\"twitter:card\" content=\"summary_large_image\" \/>\n<meta name=\"twitter:creator\" content=\"@psol50\" \/>\n<meta name=\"twitter:site\" content=\"@psol50\" \/>\n<meta name=\"twitter:label1\" content=\"Escrito por\" \/>\n\t<meta name=\"twitter:data1\" content=\"Comunica\u00e7\u00e3o PSOL\" \/>\n\t<meta name=\"twitter:label2\" content=\"Est. tempo de leitura\" \/>\n\t<meta name=\"twitter:data2\" content=\"1 minuto\" \/>\n<script type=\"application\/ld+json\" class=\"yoast-schema-graph\">{\"@context\":\"https:\/\/schema.org\",\"@graph\":[{\"@type\":\"Article\",\"@id\":\"https:\/\/psol50.org.br\/ivan-valente-e-juliano-medeiros-acionam-pgr-contra-gustavo-gayer-que-postou-video-com-fake-news-sobre-lula\/#article\",\"isPartOf\":{\"@id\":\"https:\/\/psol50.org.br\/ivan-valente-e-juliano-medeiros-acionam-pgr-contra-gustavo-gayer-que-postou-video-com-fake-news-sobre-lula\/\"},\"author\":{\"name\":\"Comunica\u00e7\u00e3o PSOL\",\"@id\":\"https:\/\/psol50.org.br\/#\/schema\/person\/475dfa57d0b815993c714c2e96491fcd\"},\"headline\":\"Ivan Valente e Juliano Medeiros acionam PGR contra Gustavo Gayer, que postou v\u00eddeo com fake news sobre Lula\",\"datePublished\":\"2026-01-09T18:49:25+00:00\",\"mainEntityOfPage\":{\"@id\":\"https:\/\/psol50.org.br\/ivan-valente-e-juliano-medeiros-acionam-pgr-contra-gustavo-gayer-que-postou-video-com-fake-news-sobre-lula\/\"},\"wordCount\":241,\"publisher\":{\"@id\":\"https:\/\/psol50.org.br\/#organization\"},\"image\":{\"@id\":\"https:\/\/psol50.org.br\/ivan-valente-e-juliano-medeiros-acionam-pgr-contra-gustavo-gayer-que-postou-video-com-fake-news-sobre-lula\/#primaryimage\"},\"thumbnailUrl\":\"https:\/\/psol50.org.br\/inc\/uploads\/2026\/01\/img20250917210805137.jpg\",\"keywords\":[\"Not\u00edcias\"],\"articleSection\":[\"A\u00e7\u00e3o Parlamentar\"],\"inLanguage\":\"pt-BR\"},{\"@type\":\"WebPage\",\"@id\":\"https:\/\/psol50.org.br\/ivan-valente-e-juliano-medeiros-acionam-pgr-contra-gustavo-gayer-que-postou-video-com-fake-news-sobre-lula\/\",\"url\":\"https:\/\/psol50.org.br\/ivan-valente-e-juliano-medeiros-acionam-pgr-contra-gustavo-gayer-que-postou-video-com-fake-news-sobre-lula\/\",\"name\":\"Ivan Valente e Juliano Medeiros acionam PGR contra Gustavo Gayer, que postou v\u00eddeo com fake news sobre Lula\",\"isPartOf\":{\"@id\":\"https:\/\/psol50.org.br\/#website\"},\"primaryImageOfPage\":{\"@id\":\"https:\/\/psol50.org.br\/ivan-valente-e-juliano-medeiros-acionam-pgr-contra-gustavo-gayer-que-postou-video-com-fake-news-sobre-lula\/#primaryimage\"},\"image\":{\"@id\":\"https:\/\/psol50.org.br\/ivan-valente-e-juliano-medeiros-acionam-pgr-contra-gustavo-gayer-que-postou-video-com-fake-news-sobre-lula\/#primaryimage\"},\"thumbnailUrl\":\"https:\/\/psol50.org.br\/inc\/uploads\/2026\/01\/img20250917210805137.jpg\",\"datePublished\":\"2026-01-09T18:49:25+00:00\",\"description\":\"Deputado federal e ex-presidente do PSOL apresentaram a\u00e7\u00e3o porque v\u00eddeo associava de forma mentirosa o presidente do Brasil ao tr\u00e1fico de drogas.\",\"breadcrumb\":{\"@id\":\"https:\/\/psol50.org.br\/ivan-valente-e-juliano-medeiros-acionam-pgr-contra-gustavo-gayer-que-postou-video-com-fake-news-sobre-lula\/#breadcrumb\"},\"inLanguage\":\"pt-BR\",\"potentialAction\":[{\"@type\":\"ReadAction\",\"target\":[\"https:\/\/psol50.org.br\/ivan-valente-e-juliano-medeiros-acionam-pgr-contra-gustavo-gayer-que-postou-video-com-fake-news-sobre-lula\/\"]}]},{\"@type\":\"ImageObject\",\"inLanguage\":\"pt-BR\",\"@id\":\"https:\/\/psol50.org.br\/ivan-valente-e-juliano-medeiros-acionam-pgr-contra-gustavo-gayer-que-postou-video-com-fake-news-sobre-lula\/#primaryimage\",\"url\":\"https:\/\/psol50.org.br\/inc\/uploads\/2026\/01\/img20250917210805137.jpg\",\"contentUrl\":\"https:\/\/psol50.org.br\/inc\/uploads\/2026\/01\/img20250917210805137.jpg\",\"width\":1984,\"height\":1223,\"caption\":\"Foto: Bruno Spada \/ C\u00e2mara dos Deputados\"},{\"@type\":\"BreadcrumbList\",\"@id\":\"https:\/\/psol50.org.br\/ivan-valente-e-juliano-medeiros-acionam-pgr-contra-gustavo-gayer-que-postou-video-com-fake-news-sobre-lula\/#breadcrumb\",\"itemListElement\":[{\"@type\":\"ListItem\",\"position\":1,\"name\":\"In\u00edcio\",\"item\":\"https:\/\/psol50.org.br\/\"},{\"@type\":\"ListItem\",\"position\":2,\"name\":\"Ivan Valente e Juliano Medeiros acionam PGR contra Gustavo Gayer, que postou v\u00eddeo com fake news sobre Lula\"}]},{\"@type\":\"WebSite\",\"@id\":\"https:\/\/psol50.org.br\/#website\",\"url\":\"https:\/\/psol50.org.br\/\",\"name\":\"PSOL 50\",\"description\":\"Site oficial do Partido Socialismo e Liberdade\",\"publisher\":{\"@id\":\"https:\/\/psol50.org.br\/#organization\"},\"alternateName\":\"PSOL50\",\"potentialAction\":[{\"@type\":\"SearchAction\",\"target\":{\"@type\":\"EntryPoint\",\"urlTemplate\":\"https:\/\/psol50.org.br\/?s={search_term_string}\"},\"query-input\":{\"@type\":\"PropertyValueSpecification\",\"valueRequired\":true,\"valueName\":\"search_term_string\"}}],\"inLanguage\":\"pt-BR\"},{\"@type\":\"Organization\",\"@id\":\"https:\/\/psol50.org.br\/#organization\",\"name\":\"PSOL 50\",\"alternateName\":\"PSOL 50\",\"url\":\"https:\/\/psol50.org.br\/\",\"logo\":{\"@type\":\"ImageObject\",\"inLanguage\":\"pt-BR\",\"@id\":\"https:\/\/psol50.org.br\/#\/schema\/logo\/image\/\",\"url\":\"https:\/\/psol50.org.br\/inc\/uploads\/2018\/07\/capa.png\",\"contentUrl\":\"https:\/\/psol50.org.br\/inc\/uploads\/2018\/07\/capa.png\",\"width\":1350,\"height\":900,\"caption\":\"PSOL 50\"},\"image\":{\"@id\":\"https:\/\/psol50.org.br\/#\/schema\/logo\/image\/\"},\"sameAs\":[\"https:\/\/www.facebook.com\/psol50\",\"https:\/\/x.com\/psol50\",\"https:\/\/www.instagram.com\/psol50\/\",\"https:\/\/www.youtube.com\/channel\/UC7SnJS5o1os7a6CaiNabzcg\"]},{\"@type\":\"Person\",\"@id\":\"https:\/\/psol50.org.br\/#\/schema\/person\/475dfa57d0b815993c714c2e96491fcd\",\"name\":\"Comunica\u00e7\u00e3o PSOL\",\"image\":{\"@type\":\"ImageObject\",\"inLanguage\":\"pt-BR\",\"@id\":\"https:\/\/psol50.org.br\/#\/schema\/person\/image\/\",\"url\":\"https:\/\/secure.gravatar.com\/avatar\/b34fc4f4e468a4e51785917065a3db57b841f5c95dba6ad8c73aaf8f66f8f9bf?s=96&d=mm&r=g\",\"contentUrl\":\"https:\/\/secure.gravatar.com\/avatar\/b34fc4f4e468a4e51785917065a3db57b841f5c95dba6ad8c73aaf8f66f8f9bf?s=96&d=mm&r=g\",\"caption\":\"Comunica\u00e7\u00e3o PSOL\"}}]}<\/script>\n<!-- \/ Yoast SEO plugin. -->","yoast_head_json":{"title":"Ivan Valente e Juliano Medeiros acionam PGR contra Gustavo Gayer, que postou v\u00eddeo com fake news sobre Lula","description":"Deputado federal e ex-presidente do PSOL apresentaram a\u00e7\u00e3o porque v\u00eddeo associava de forma mentirosa o presidente do Brasil ao tr\u00e1fico de drogas.","robots":{"index":"index","follow":"follow","max-snippet":"max-snippet:-1","max-image-preview":"max-image-preview:large","max-video-preview":"max-video-preview:-1"},"canonical":"https:\/\/psol50.org.br\/ivan-valente-e-juliano-medeiros-acionam-pgr-contra-gustavo-gayer-que-postou-video-com-fake-news-sobre-lula\/","og_locale":"pt_BR","og_type":"article","og_title":"Ivan Valente e Juliano Medeiros acionam PGR contra Gustavo Gayer, que postou v\u00eddeo com fake news sobre Lula","og_description":"Deputado federal e ex-presidente do PSOL apresentaram a\u00e7\u00e3o porque v\u00eddeo associava de forma mentirosa o presidente do Brasil ao tr\u00e1fico de drogas.","og_url":"https:\/\/psol50.org.br\/ivan-valente-e-juliano-medeiros-acionam-pgr-contra-gustavo-gayer-que-postou-video-com-fake-news-sobre-lula\/","og_site_name":"PSOL 50","article_publisher":"https:\/\/www.facebook.com\/psol50","article_published_time":"2026-01-09T18:49:25+00:00","og_image":[{"width":1984,"height":1223,"url":"https:\/\/psol50.org.br\/inc\/uploads\/2026\/01\/img20250917210805137.jpg","type":"image\/jpeg"}],"author":"Comunica\u00e7\u00e3o PSOL","twitter_card":"summary_large_image","twitter_creator":"@psol50","twitter_site":"@psol50","twitter_misc":{"Escrito por":"Comunica\u00e7\u00e3o PSOL","Est. tempo de leitura":"1 minuto"},"schema":{"@context":"https:\/\/schema.org","@graph":[{"@type":"Article","@id":"https:\/\/psol50.org.br\/ivan-valente-e-juliano-medeiros-acionam-pgr-contra-gustavo-gayer-que-postou-video-com-fake-news-sobre-lula\/#article","isPartOf":{"@id":"https:\/\/psol50.org.br\/ivan-valente-e-juliano-medeiros-acionam-pgr-contra-gustavo-gayer-que-postou-video-com-fake-news-sobre-lula\/"},"author":{"name":"Comunica\u00e7\u00e3o PSOL","@id":"https:\/\/psol50.org.br\/#\/schema\/person\/475dfa57d0b815993c714c2e96491fcd"},"headline":"Ivan Valente e Juliano Medeiros acionam PGR contra Gustavo Gayer, que postou v\u00eddeo com fake news sobre Lula","datePublished":"2026-01-09T18:49:25+00:00","mainEntityOfPage":{"@id":"https:\/\/psol50.org.br\/ivan-valente-e-juliano-medeiros-acionam-pgr-contra-gustavo-gayer-que-postou-video-com-fake-news-sobre-lula\/"},"wordCount":241,"publisher":{"@id":"https:\/\/psol50.org.br\/#organization"},"image":{"@id":"https:\/\/psol50.org.br\/ivan-valente-e-juliano-medeiros-acionam-pgr-contra-gustavo-gayer-que-postou-video-com-fake-news-sobre-lula\/#primaryimage"},"thumbnailUrl":"https:\/\/psol50.org.br\/inc\/uploads\/2026\/01\/img20250917210805137.jpg","keywords":["Not\u00edcias"],"articleSection":["A\u00e7\u00e3o Parlamentar"],"inLanguage":"pt-BR"},{"@type":"WebPage","@id":"https:\/\/psol50.org.br\/ivan-valente-e-juliano-medeiros-acionam-pgr-contra-gustavo-gayer-que-postou-video-com-fake-news-sobre-lula\/","url":"https:\/\/psol50.org.br\/ivan-valente-e-juliano-medeiros-acionam-pgr-contra-gustavo-gayer-que-postou-video-com-fake-news-sobre-lula\/","name":"Ivan Valente e Juliano Medeiros acionam PGR contra Gustavo Gayer, que postou v\u00eddeo com fake news sobre Lula","isPartOf":{"@id":"https:\/\/psol50.org.br\/#website"},"primaryImageOfPage":{"@id":"https:\/\/psol50.org.br\/ivan-valente-e-juliano-medeiros-acionam-pgr-contra-gustavo-gayer-que-postou-video-com-fake-news-sobre-lula\/#primaryimage"},"image":{"@id":"https:\/\/psol50.org.br\/ivan-valente-e-juliano-medeiros-acionam-pgr-contra-gustavo-gayer-que-postou-video-com-fake-news-sobre-lula\/#primaryimage"},"thumbnailUrl":"https:\/\/psol50.org.br\/inc\/uploads\/2026\/01\/img20250917210805137.jpg","datePublished":"2026-01-09T18:49:25+00:00","description":"Deputado federal e ex-presidente do PSOL apresentaram a\u00e7\u00e3o porque v\u00eddeo associava de forma mentirosa o presidente do Brasil ao tr\u00e1fico de drogas.","breadcrumb":{"@id":"https:\/\/psol50.org.br\/ivan-valente-e-juliano-medeiros-acionam-pgr-contra-gustavo-gayer-que-postou-video-com-fake-news-sobre-lula\/#breadcrumb"},"inLanguage":"pt-BR","potentialAction":[{"@type":"ReadAction","target":["https:\/\/psol50.org.br\/ivan-valente-e-juliano-medeiros-acionam-pgr-contra-gustavo-gayer-que-postou-video-com-fake-news-sobre-lula\/"]}]},{"@type":"ImageObject","inLanguage":"pt-BR","@id":"https:\/\/psol50.org.br\/ivan-valente-e-juliano-medeiros-acionam-pgr-contra-gustavo-gayer-que-postou-video-com-fake-news-sobre-lula\/#primaryimage","url":"https:\/\/psol50.org.br\/inc\/uploads\/2026\/01\/img20250917210805137.jpg","contentUrl":"https:\/\/psol50.org.br\/inc\/uploads\/2026\/01\/img20250917210805137.jpg","width":1984,"height":1223,"caption":"Foto: Bruno Spada \/ C\u00e2mara dos Deputados"},{"@type":"BreadcrumbList","@id":"https:\/\/psol50.org.br\/ivan-valente-e-juliano-medeiros-acionam-pgr-contra-gustavo-gayer-que-postou-video-com-fake-news-sobre-lula\/#breadcrumb","itemListElement":[{"@type":"ListItem","position":1,"name":"In\u00edcio","item":"https:\/\/psol50.org.br\/"},{"@type":"ListItem","position":2,"name":"Ivan Valente e Juliano Medeiros acionam PGR contra Gustavo Gayer, que postou v\u00eddeo com fake news sobre Lula"}]},{"@type":"WebSite","@id":"https:\/\/psol50.org.br\/#website","url":"https:\/\/psol50.org.br\/","name":"PSOL 50","description":"Site oficial do Partido Socialismo e Liberdade","publisher":{"@id":"https:\/\/psol50.org.br\/#organization"},"alternateName":"PSOL50","potentialAction":[{"@type":"SearchAction","target":{"@type":"EntryPoint","urlTemplate":"https:\/\/psol50.org.br\/?s={search_term_string}"},"query-input":{"@type":"PropertyValueSpecification","valueRequired":true,"valueName":"search_term_string"}}],"inLanguage":"pt-BR"},{"@type":"Organization","@id":"https:\/\/psol50.org.br\/#organization","name":"PSOL 50","alternateName":"PSOL 50","url":"https:\/\/psol50.org.br\/","logo":{"@type":"ImageObject","inLanguage":"pt-BR","@id":"https:\/\/psol50.org.br\/#\/schema\/logo\/image\/","url":"https:\/\/psol50.org.br\/inc\/uploads\/2018\/07\/capa.png","contentUrl":"https:\/\/psol50.org.br\/inc\/uploads\/2018\/07\/capa.png","width":1350,"height":900,"caption":"PSOL 50"},"image":{"@id":"https:\/\/psol50.org.br\/#\/schema\/logo\/image\/"},"sameAs":["https:\/\/www.facebook.com\/psol50","https:\/\/x.com\/psol50","https:\/\/www.instagram.com\/psol50\/","https:\/\/www.youtube.com\/channel\/UC7SnJS5o1os7a6CaiNabzcg"]},{"@type":"Person","@id":"https:\/\/psol50.org.br\/#\/schema\/person\/475dfa57d0b815993c714c2e96491fcd","name":"Comunica\u00e7\u00e3o PSOL","image":{"@type":"ImageObject","inLanguage":"pt-BR","@id":"https:\/\/psol50.org.br\/#\/schema\/person\/image\/","url":"https:\/\/secure.gravatar.com\/avatar\/b34fc4f4e468a4e51785917065a3db57b841f5c95dba6ad8c73aaf8f66f8f9bf?s=96&d=mm&r=g","contentUrl":"https:\/\/secure.gravatar.com\/avatar\/b34fc4f4e468a4e51785917065a3db57b841f5c95dba6ad8c73aaf8f66f8f9bf?s=96&d=mm&r=g","caption":"Comunica\u00e7\u00e3o PSOL"}}]}},"_links":{"self":[{"href":"https:\/\/psol50.org.br\/rest\/wp\/v2\/posts\/42364","targetHints":{"allow":["GET"]}}],"collection":[{"href":"https:\/\/psol50.org.br\/rest\/wp\/v2\/posts"}],"about":[{"href":"https:\/\/psol50.org.br\/rest\/wp\/v2\/types\/post"}],"author":[{"embeddable":true,"href":"https:\/\/psol50.org.br\/rest\/wp\/v2\/users\/2"}],"replies":[{"embeddable":true,"href":"https:\/\/psol50.org.br\/rest\/wp\/v2\/comments?post=42364"}],"version-history":[{"count":2,"href":"https:\/\/psol50.org.br\/rest\/wp\/v2\/posts\/42364\/revisions"}],"predecessor-version":[{"id":42366,"href":"https:\/\/psol50.org.br\/rest\/wp\/v2\/posts\/42364\/revisions\/42366"}],"wp:featuredmedia":[{"embeddable":true,"href":"https:\/\/psol50.org.br\/rest\/wp\/v2\/media\/42367"}],"wp:attachment":[{"href":"https:\/\/psol50.org.br\/rest\/wp\/v2\/media?parent=42364"}],"wp:term":[{"taxonomy":"category","embeddable":true,"href":"https:\/\/psol50.org.br\/rest\/wp\/v2\/categories?post=42364"},{"taxonomy":"post_tag","embeddable":true,"href":"https:\/\/psol50.org.br\/rest\/wp\/v2\/tags?post=42364"}],"curies":[{"name":"wp","href":"https:\/\/api.w.org\/{rel}","templated":true}]}}