{"id":42368,"date":"2026-01-09T17:01:35","date_gmt":"2026-01-09T20:01:35","guid":{"rendered":"https:\/\/psol50.org.br\/?p=42368"},"modified":"2026-01-16T15:04:55","modified_gmt":"2026-01-16T18:04:55","slug":"samia-bomfim-monica-seixas-e-luana-alves-acionam-mp-para-barrar-aumento-da-tarifa-do-transporte-publico-em-sp","status":"publish","type":"post","link":"https:\/\/psol50.org.br\/samia-bomfim-monica-seixas-e-luana-alves-acionam-mp-para-barrar-aumento-da-tarifa-do-transporte-publico-em-sp\/","title":{"rendered":"S\u00e2mia Bomfim, M\u00f4nica Seixas e Luana Alves acionam MP para barrar aumento da tarifa do transporte p\u00fablico em SP"},"content":{"rendered":"<p>A deputada federal S\u00e2mia Bomfim, a deputada estadual M\u00f4nica Seixas e a vereadora Luana Alves, todas do PSOL em S\u00e3o Paulo, acionaram o Minist\u00e9rio P\u00fablico nesta sexta-feira (9) questionando a legalidade do aumento das passagens de \u00f4nibus na cidade de S\u00e3o Paulo e do metr\u00f4 e trem no estado.<\/p>\n<p>As tarifas dos trens e do metr\u00f4 subiram de R$ 5,20 para R$ 5,40 neste in\u00edcio de 2026, ap\u00f3s ordem do governador paulista Tarc\u00edsio de Freitas. J\u00e1 as passagens de \u00f4nibus na capital passaram de R$ 5,00 para R$ 5,30 com a decis\u00e3o do prefeito Ricardo Nunes.<\/p>\n<p>O aumento n\u00e3o atinge apenas a cidade de S\u00e3o Paulo. Diversos munic\u00edpios da regi\u00e3o metropolitana tamb\u00e9m reajustaram as tarifas, como Guarulhos, Itaquaquecetuba, Ribeir\u00e3o Pires, Aruj\u00e1, Barueri, Carapicu\u00edba, Itapevi, Jandira, Mau\u00e1, Osasco e Rio Grande da Serra, e novos aumentos ainda podem ocorrer no in\u00edcio do ano.<\/p>\n<p>A a\u00e7\u00e3o das deputadas e da vereadora solicita a suspens\u00e3o desses aumentos no valor da tarifa. A popula\u00e7\u00e3o lida com o transporte p\u00fablico cada vez mais lotado e sucateado enquanto paga cada vez mais caro: essa conta n\u00e3o fecha!<\/p>\n<p>&#8220;O aumento \u00e9 um ataque direto \u00e0 popula\u00e7\u00e3o mais pobre do Estado e da cidade&#8221;, disseram em publica\u00e7\u00e3o nas redes sociais as parlamentares do PSOL.<\/p>\n<blockquote class=\"instagram-media\" style=\"background: #FFF; border: 0; border-radius: 3px; box-shadow: 0 0 1px 0 rgba(0,0,0,0.5),0 1px 10px 0 rgba(0,0,0,0.15); margin: 1px; max-width: 540px; min-width: 326px; padding: 0; width: calc(100% - 2px);\" data-instgrm-captioned=\"\" data-instgrm-permalink=\"https:\/\/www.instagram.com\/p\/DTS-n06Ds7G\/?utm_source=ig_embed&amp;utm_campaign=loading\" data-instgrm-version=\"14\">\n<div style=\"padding: 16px;\">\n<p>&nbsp;<\/p>\n<div style=\"display: flex; flex-direction: row; align-items: center;\">\n<div style=\"background-color: #f4f4f4; border-radius: 50%; flex-grow: 0; height: 40px; margin-right: 14px; width: 40px;\"><\/div>\n<div style=\"display: flex; flex-direction: column; flex-grow: 1; justify-content: center;\">\n<div style=\"background-color: #f4f4f4; border-radius: 4px; flex-grow: 0; height: 14px; margin-bottom: 6px; width: 100px;\"><\/div>\n<div style=\"background-color: #f4f4f4; border-radius: 4px; flex-grow: 0; height: 14px; width: 60px;\"><\/div>\n<\/div>\n<\/div>\n<div style=\"padding: 19% 0;\"><\/div>\n<div style=\"display: block; height: 50px; margin: 0 auto 12px; width: 50px;\"><\/div>\n<div style=\"padding-top: 8px;\">\n<div style=\"color: #3897f0; font-family: Arial,sans-serif; font-size: 14px; font-style: normal; font-weight: 550; line-height: 18px;\">Ver essa foto no Instagram<\/div>\n<\/div>\n<div style=\"padding: 12.5% 0;\"><\/div>\n<div style=\"display: flex; flex-direction: row; margin-bottom: 14px; align-items: center;\">\n<div>\n<div style=\"background-color: #f4f4f4; border-radius: 50%; height: 12.5px; width: 12.5px; transform: translateX(0px) translateY(7px);\"><\/div>\n<div style=\"background-color: #f4f4f4; height: 12.5px; transform: rotate(-45deg) translateX(3px) translateY(1px); width: 12.5px; flex-grow: 0; margin-right: 14px; margin-left: 2px;\"><\/div>\n<div style=\"background-color: #f4f4f4; border-radius: 50%; height: 12.5px; width: 12.5px; transform: translateX(9px) translateY(-18px);\"><\/div>\n<\/div>\n<div style=\"margin-left: 8px;\">\n<div style=\"background-color: #f4f4f4; border-radius: 50%; flex-grow: 0; height: 20px; width: 20px;\"><\/div>\n<div style=\"width: 0; height: 0; border-top: 2px solid transparent; border-left: 6px solid #f4f4f4; border-bottom: 2px solid transparent; transform: translateX(16px) translateY(-4px) rotate(30deg);\"><\/div>\n<\/div>\n<div style=\"margin-left: auto;\">\n<div style=\"width: 0px; border-top: 8px solid #F4F4F4; border-right: 8px solid transparent; transform: translateY(16px);\"><\/div>\n<div style=\"background-color: #f4f4f4; flex-grow: 0; height: 12px; width: 16px; transform: translateY(-4px);\"><\/div>\n<div style=\"width: 0; height: 0; border-top: 8px solid #F4F4F4; border-left: 8px solid transparent; transform: translateY(-4px) translateX(8px);\"><\/div>\n<\/div>\n<\/div>\n<div style=\"display: flex; flex-direction: column; flex-grow: 1; justify-content: center; margin-bottom: 24px;\">\n<div style=\"background-color: #f4f4f4; border-radius: 4px; flex-grow: 0; height: 14px; margin-bottom: 6px; width: 224px;\"><\/div>\n<div style=\"background-color: #f4f4f4; border-radius: 4px; flex-grow: 0; height: 14px; width: 144px;\"><\/div>\n<\/div>\n<p>&nbsp;<\/p>\n<p style=\"color: #c9c8cd; font-family: Arial,sans-serif; font-size: 14px; line-height: 17px; margin-bottom: 0; margin-top: 8px; overflow: hidden; padding: 8px 0 7px; text-align: center; text-overflow: ellipsis; white-space: nowrap;\"><a style=\"color: #c9c8cd; font-family: Arial,sans-serif; font-size: 14px; font-style: normal; font-weight: normal; line-height: 17px; text-decoration: none;\" href=\"https:\/\/www.instagram.com\/p\/DTS-n06Ds7G\/?utm_source=ig_embed&amp;utm_campaign=loading\" target=\"_blank\" rel=\"noopener\">Um post compartilhado por Sa\u0302mia Bomfim (@samiabomfim)<\/a><\/p>\n<\/div>\n<\/blockquote>\n<p><script async src=\"\/\/www.instagram.com\/embed.js\"><\/script><\/p>\n","protected":false},"excerpt":{"rendered":"<p>A deputada federal S\u00e2mia Bomfim, a deputada estadual M\u00f4nica Seixas e a vereadora Luana Alves, todas do PSOL em S\u00e3o Paulo, acionaram o Minist\u00e9rio P\u00fablico nesta sexta-feira (9) questionando a legalidade do aumento das passagens de \u00f4nibus na cidade de S\u00e3o Paulo e do metr\u00f4 e trem no estado. As tarifas dos trens e do [&hellip;]<\/p>\n","protected":false},"author":2,"featured_media":42371,"comment_status":"closed","ping_status":"open","sticky":false,"template":"","format":"standard","meta":{"_acf_changed":false,"footnotes":""},"categories":[10],"tags":[4825],"class_list":{"0":"post-42368","1":"post","2":"type-post","3":"status-publish","4":"format-standard","5":"has-post-thumbnail","7":"category-acao-parlamentares","8":"tag-noticias"},"acf":[],"yoast_head":"<!-- This site is optimized with the Yoast SEO plugin v26.5 - https:\/\/yoast.com\/wordpress\/plugins\/seo\/ -->\n<title>S\u00e2mia Bomfim, M\u00f4nica Seixas e Luana Alves acionam MP para barrar aumento da tarifa do transporte p\u00fablico em SP<\/title>\n<meta name=\"description\" content=\"Deputada federal, deputada estadual e vereadora, todas do PSOL, somaram for\u00e7as para questionar a legalidade do aumento das passagens de \u00f4nibus, metr\u00f4 e trens em SP.\" \/>\n<meta name=\"robots\" content=\"index, follow, max-snippet:-1, max-image-preview:large, max-video-preview:-1\" \/>\n<link rel=\"canonical\" href=\"https:\/\/psol50.org.br\/samia-bomfim-monica-seixas-e-luana-alves-acionam-mp-para-barrar-aumento-da-tarifa-do-transporte-publico-em-sp\/\" \/>\n<meta property=\"og:locale\" content=\"pt_BR\" \/>\n<meta property=\"og:type\" content=\"article\" \/>\n<meta property=\"og:title\" content=\"S\u00e2mia Bomfim, M\u00f4nica Seixas e Luana Alves acionam MP para barrar aumento da tarifa do transporte p\u00fablico em SP\" \/>\n<meta property=\"og:description\" content=\"Deputada federal, deputada estadual e vereadora, todas do PSOL, somaram for\u00e7as para questionar a legalidade do aumento das passagens de \u00f4nibus, metr\u00f4 e trens em SP.\" \/>\n<meta property=\"og:url\" content=\"https:\/\/psol50.org.br\/samia-bomfim-monica-seixas-e-luana-alves-acionam-mp-para-barrar-aumento-da-tarifa-do-transporte-publico-em-sp\/\" \/>\n<meta property=\"og:site_name\" content=\"PSOL 50\" \/>\n<meta property=\"article:publisher\" content=\"https:\/\/www.facebook.com\/psol50\" \/>\n<meta property=\"article:published_time\" content=\"2026-01-09T20:01:35+00:00\" \/>\n<meta property=\"article:modified_time\" content=\"2026-01-16T18:04:55+00:00\" \/>\n<meta property=\"og:image\" content=\"https:\/\/psol50.org.br\/inc\/uploads\/2026\/01\/117643736_870015263406248_404351419245561212_n.jpg\" \/>\n\t<meta property=\"og:image:width\" content=\"799\" \/>\n\t<meta property=\"og:image:height\" content=\"533\" \/>\n\t<meta property=\"og:image:type\" content=\"image\/jpeg\" \/>\n<meta name=\"author\" content=\"Comunica\u00e7\u00e3o PSOL\" \/>\n<meta name=\"twitter:card\" content=\"summary_large_image\" \/>\n<meta name=\"twitter:creator\" content=\"@psol50\" \/>\n<meta name=\"twitter:site\" content=\"@psol50\" \/>\n<meta name=\"twitter:label1\" content=\"Escrito por\" \/>\n\t<meta name=\"twitter:data1\" content=\"Comunica\u00e7\u00e3o PSOL\" \/>\n\t<meta name=\"twitter:label2\" content=\"Est. tempo de leitura\" \/>\n\t<meta name=\"twitter:data2\" content=\"1 minuto\" \/>\n<script type=\"application\/ld+json\" class=\"yoast-schema-graph\">{\"@context\":\"https:\/\/schema.org\",\"@graph\":[{\"@type\":\"Article\",\"@id\":\"https:\/\/psol50.org.br\/samia-bomfim-monica-seixas-e-luana-alves-acionam-mp-para-barrar-aumento-da-tarifa-do-transporte-publico-em-sp\/#article\",\"isPartOf\":{\"@id\":\"https:\/\/psol50.org.br\/samia-bomfim-monica-seixas-e-luana-alves-acionam-mp-para-barrar-aumento-da-tarifa-do-transporte-publico-em-sp\/\"},\"author\":{\"name\":\"Comunica\u00e7\u00e3o PSOL\",\"@id\":\"https:\/\/psol50.org.br\/#\/schema\/person\/475dfa57d0b815993c714c2e96491fcd\"},\"headline\":\"S\u00e2mia Bomfim, M\u00f4nica Seixas e Luana Alves acionam MP para barrar aumento da tarifa do transporte p\u00fablico em SP\",\"datePublished\":\"2026-01-09T20:01:35+00:00\",\"dateModified\":\"2026-01-16T18:04:55+00:00\",\"mainEntityOfPage\":{\"@id\":\"https:\/\/psol50.org.br\/samia-bomfim-monica-seixas-e-luana-alves-acionam-mp-para-barrar-aumento-da-tarifa-do-transporte-publico-em-sp\/\"},\"wordCount\":260,\"publisher\":{\"@id\":\"https:\/\/psol50.org.br\/#organization\"},\"image\":{\"@id\":\"https:\/\/psol50.org.br\/samia-bomfim-monica-seixas-e-luana-alves-acionam-mp-para-barrar-aumento-da-tarifa-do-transporte-publico-em-sp\/#primaryimage\"},\"thumbnailUrl\":\"https:\/\/psol50.org.br\/inc\/uploads\/2026\/01\/117643736_870015263406248_404351419245561212_n.jpg\",\"keywords\":[\"Not\u00edcias\"],\"articleSection\":[\"A\u00e7\u00e3o Parlamentar\"],\"inLanguage\":\"pt-BR\"},{\"@type\":\"WebPage\",\"@id\":\"https:\/\/psol50.org.br\/samia-bomfim-monica-seixas-e-luana-alves-acionam-mp-para-barrar-aumento-da-tarifa-do-transporte-publico-em-sp\/\",\"url\":\"https:\/\/psol50.org.br\/samia-bomfim-monica-seixas-e-luana-alves-acionam-mp-para-barrar-aumento-da-tarifa-do-transporte-publico-em-sp\/\",\"name\":\"S\u00e2mia Bomfim, M\u00f4nica Seixas e Luana Alves acionam MP para barrar aumento da tarifa do transporte p\u00fablico em SP\",\"isPartOf\":{\"@id\":\"https:\/\/psol50.org.br\/#website\"},\"primaryImageOfPage\":{\"@id\":\"https:\/\/psol50.org.br\/samia-bomfim-monica-seixas-e-luana-alves-acionam-mp-para-barrar-aumento-da-tarifa-do-transporte-publico-em-sp\/#primaryimage\"},\"image\":{\"@id\":\"https:\/\/psol50.org.br\/samia-bomfim-monica-seixas-e-luana-alves-acionam-mp-para-barrar-aumento-da-tarifa-do-transporte-publico-em-sp\/#primaryimage\"},\"thumbnailUrl\":\"https:\/\/psol50.org.br\/inc\/uploads\/2026\/01\/117643736_870015263406248_404351419245561212_n.jpg\",\"datePublished\":\"2026-01-09T20:01:35+00:00\",\"dateModified\":\"2026-01-16T18:04:55+00:00\",\"description\":\"Deputada federal, deputada estadual e vereadora, todas do PSOL, somaram for\u00e7as para questionar a legalidade do aumento das passagens de \u00f4nibus, metr\u00f4 e trens em SP.\",\"breadcrumb\":{\"@id\":\"https:\/\/psol50.org.br\/samia-bomfim-monica-seixas-e-luana-alves-acionam-mp-para-barrar-aumento-da-tarifa-do-transporte-publico-em-sp\/#breadcrumb\"},\"inLanguage\":\"pt-BR\",\"potentialAction\":[{\"@type\":\"ReadAction\",\"target\":[\"https:\/\/psol50.org.br\/samia-bomfim-monica-seixas-e-luana-alves-acionam-mp-para-barrar-aumento-da-tarifa-do-transporte-publico-em-sp\/\"]}]},{\"@type\":\"ImageObject\",\"inLanguage\":\"pt-BR\",\"@id\":\"https:\/\/psol50.org.br\/samia-bomfim-monica-seixas-e-luana-alves-acionam-mp-para-barrar-aumento-da-tarifa-do-transporte-publico-em-sp\/#primaryimage\",\"url\":\"https:\/\/psol50.org.br\/inc\/uploads\/2026\/01\/117643736_870015263406248_404351419245561212_n.jpg\",\"contentUrl\":\"https:\/\/psol50.org.br\/inc\/uploads\/2026\/01\/117643736_870015263406248_404351419245561212_n.jpg\",\"width\":799,\"height\":533,\"caption\":\"Foto: Divulga\u00e7\u00e3o\/Facebook\"},{\"@type\":\"BreadcrumbList\",\"@id\":\"https:\/\/psol50.org.br\/samia-bomfim-monica-seixas-e-luana-alves-acionam-mp-para-barrar-aumento-da-tarifa-do-transporte-publico-em-sp\/#breadcrumb\",\"itemListElement\":[{\"@type\":\"ListItem\",\"position\":1,\"name\":\"In\u00edcio\",\"item\":\"https:\/\/psol50.org.br\/\"},{\"@type\":\"ListItem\",\"position\":2,\"name\":\"S\u00e2mia Bomfim, M\u00f4nica Seixas e Luana Alves acionam MP para barrar aumento da tarifa do transporte p\u00fablico em SP\"}]},{\"@type\":\"WebSite\",\"@id\":\"https:\/\/psol50.org.br\/#website\",\"url\":\"https:\/\/psol50.org.br\/\",\"name\":\"PSOL 50\",\"description\":\"Site oficial do Partido Socialismo e Liberdade\",\"publisher\":{\"@id\":\"https:\/\/psol50.org.br\/#organization\"},\"alternateName\":\"PSOL50\",\"potentialAction\":[{\"@type\":\"SearchAction\",\"target\":{\"@type\":\"EntryPoint\",\"urlTemplate\":\"https:\/\/psol50.org.br\/?s={search_term_string}\"},\"query-input\":{\"@type\":\"PropertyValueSpecification\",\"valueRequired\":true,\"valueName\":\"search_term_string\"}}],\"inLanguage\":\"pt-BR\"},{\"@type\":\"Organization\",\"@id\":\"https:\/\/psol50.org.br\/#organization\",\"name\":\"PSOL 50\",\"alternateName\":\"PSOL 50\",\"url\":\"https:\/\/psol50.org.br\/\",\"logo\":{\"@type\":\"ImageObject\",\"inLanguage\":\"pt-BR\",\"@id\":\"https:\/\/psol50.org.br\/#\/schema\/logo\/image\/\",\"url\":\"https:\/\/psol50.org.br\/inc\/uploads\/2018\/07\/capa.png\",\"contentUrl\":\"https:\/\/psol50.org.br\/inc\/uploads\/2018\/07\/capa.png\",\"width\":1350,\"height\":900,\"caption\":\"PSOL 50\"},\"image\":{\"@id\":\"https:\/\/psol50.org.br\/#\/schema\/logo\/image\/\"},\"sameAs\":[\"https:\/\/www.facebook.com\/psol50\",\"https:\/\/x.com\/psol50\",\"https:\/\/www.instagram.com\/psol50\/\",\"https:\/\/www.youtube.com\/channel\/UC7SnJS5o1os7a6CaiNabzcg\"]},{\"@type\":\"Person\",\"@id\":\"https:\/\/psol50.org.br\/#\/schema\/person\/475dfa57d0b815993c714c2e96491fcd\",\"name\":\"Comunica\u00e7\u00e3o PSOL\",\"image\":{\"@type\":\"ImageObject\",\"inLanguage\":\"pt-BR\",\"@id\":\"https:\/\/psol50.org.br\/#\/schema\/person\/image\/\",\"url\":\"https:\/\/secure.gravatar.com\/avatar\/b34fc4f4e468a4e51785917065a3db57b841f5c95dba6ad8c73aaf8f66f8f9bf?s=96&d=mm&r=g\",\"contentUrl\":\"https:\/\/secure.gravatar.com\/avatar\/b34fc4f4e468a4e51785917065a3db57b841f5c95dba6ad8c73aaf8f66f8f9bf?s=96&d=mm&r=g\",\"caption\":\"Comunica\u00e7\u00e3o PSOL\"}}]}<\/script>\n<!-- \/ Yoast SEO plugin. -->","yoast_head_json":{"title":"S\u00e2mia Bomfim, M\u00f4nica Seixas e Luana Alves acionam MP para barrar aumento da tarifa do transporte p\u00fablico em SP","description":"Deputada federal, deputada estadual e vereadora, todas do PSOL, somaram for\u00e7as para questionar a legalidade do aumento das passagens de \u00f4nibus, metr\u00f4 e trens em SP.","robots":{"index":"index","follow":"follow","max-snippet":"max-snippet:-1","max-image-preview":"max-image-preview:large","max-video-preview":"max-video-preview:-1"},"canonical":"https:\/\/psol50.org.br\/samia-bomfim-monica-seixas-e-luana-alves-acionam-mp-para-barrar-aumento-da-tarifa-do-transporte-publico-em-sp\/","og_locale":"pt_BR","og_type":"article","og_title":"S\u00e2mia Bomfim, M\u00f4nica Seixas e Luana Alves acionam MP para barrar aumento da tarifa do transporte p\u00fablico em SP","og_description":"Deputada federal, deputada estadual e vereadora, todas do PSOL, somaram for\u00e7as para questionar a legalidade do aumento das passagens de \u00f4nibus, metr\u00f4 e trens em SP.","og_url":"https:\/\/psol50.org.br\/samia-bomfim-monica-seixas-e-luana-alves-acionam-mp-para-barrar-aumento-da-tarifa-do-transporte-publico-em-sp\/","og_site_name":"PSOL 50","article_publisher":"https:\/\/www.facebook.com\/psol50","article_published_time":"2026-01-09T20:01:35+00:00","article_modified_time":"2026-01-16T18:04:55+00:00","og_image":[{"width":799,"height":533,"url":"https:\/\/psol50.org.br\/inc\/uploads\/2026\/01\/117643736_870015263406248_404351419245561212_n.jpg","type":"image\/jpeg"}],"author":"Comunica\u00e7\u00e3o PSOL","twitter_card":"summary_large_image","twitter_creator":"@psol50","twitter_site":"@psol50","twitter_misc":{"Escrito por":"Comunica\u00e7\u00e3o PSOL","Est. tempo de leitura":"1 minuto"},"schema":{"@context":"https:\/\/schema.org","@graph":[{"@type":"Article","@id":"https:\/\/psol50.org.br\/samia-bomfim-monica-seixas-e-luana-alves-acionam-mp-para-barrar-aumento-da-tarifa-do-transporte-publico-em-sp\/#article","isPartOf":{"@id":"https:\/\/psol50.org.br\/samia-bomfim-monica-seixas-e-luana-alves-acionam-mp-para-barrar-aumento-da-tarifa-do-transporte-publico-em-sp\/"},"author":{"name":"Comunica\u00e7\u00e3o PSOL","@id":"https:\/\/psol50.org.br\/#\/schema\/person\/475dfa57d0b815993c714c2e96491fcd"},"headline":"S\u00e2mia Bomfim, M\u00f4nica Seixas e Luana Alves acionam MP para barrar aumento da tarifa do transporte p\u00fablico em SP","datePublished":"2026-01-09T20:01:35+00:00","dateModified":"2026-01-16T18:04:55+00:00","mainEntityOfPage":{"@id":"https:\/\/psol50.org.br\/samia-bomfim-monica-seixas-e-luana-alves-acionam-mp-para-barrar-aumento-da-tarifa-do-transporte-publico-em-sp\/"},"wordCount":260,"publisher":{"@id":"https:\/\/psol50.org.br\/#organization"},"image":{"@id":"https:\/\/psol50.org.br\/samia-bomfim-monica-seixas-e-luana-alves-acionam-mp-para-barrar-aumento-da-tarifa-do-transporte-publico-em-sp\/#primaryimage"},"thumbnailUrl":"https:\/\/psol50.org.br\/inc\/uploads\/2026\/01\/117643736_870015263406248_404351419245561212_n.jpg","keywords":["Not\u00edcias"],"articleSection":["A\u00e7\u00e3o Parlamentar"],"inLanguage":"pt-BR"},{"@type":"WebPage","@id":"https:\/\/psol50.org.br\/samia-bomfim-monica-seixas-e-luana-alves-acionam-mp-para-barrar-aumento-da-tarifa-do-transporte-publico-em-sp\/","url":"https:\/\/psol50.org.br\/samia-bomfim-monica-seixas-e-luana-alves-acionam-mp-para-barrar-aumento-da-tarifa-do-transporte-publico-em-sp\/","name":"S\u00e2mia Bomfim, M\u00f4nica Seixas e Luana Alves acionam MP para barrar aumento da tarifa do transporte p\u00fablico em SP","isPartOf":{"@id":"https:\/\/psol50.org.br\/#website"},"primaryImageOfPage":{"@id":"https:\/\/psol50.org.br\/samia-bomfim-monica-seixas-e-luana-alves-acionam-mp-para-barrar-aumento-da-tarifa-do-transporte-publico-em-sp\/#primaryimage"},"image":{"@id":"https:\/\/psol50.org.br\/samia-bomfim-monica-seixas-e-luana-alves-acionam-mp-para-barrar-aumento-da-tarifa-do-transporte-publico-em-sp\/#primaryimage"},"thumbnailUrl":"https:\/\/psol50.org.br\/inc\/uploads\/2026\/01\/117643736_870015263406248_404351419245561212_n.jpg","datePublished":"2026-01-09T20:01:35+00:00","dateModified":"2026-01-16T18:04:55+00:00","description":"Deputada federal, deputada estadual e vereadora, todas do PSOL, somaram for\u00e7as para questionar a legalidade do aumento das passagens de \u00f4nibus, metr\u00f4 e trens em SP.","breadcrumb":{"@id":"https:\/\/psol50.org.br\/samia-bomfim-monica-seixas-e-luana-alves-acionam-mp-para-barrar-aumento-da-tarifa-do-transporte-publico-em-sp\/#breadcrumb"},"inLanguage":"pt-BR","potentialAction":[{"@type":"ReadAction","target":["https:\/\/psol50.org.br\/samia-bomfim-monica-seixas-e-luana-alves-acionam-mp-para-barrar-aumento-da-tarifa-do-transporte-publico-em-sp\/"]}]},{"@type":"ImageObject","inLanguage":"pt-BR","@id":"https:\/\/psol50.org.br\/samia-bomfim-monica-seixas-e-luana-alves-acionam-mp-para-barrar-aumento-da-tarifa-do-transporte-publico-em-sp\/#primaryimage","url":"https:\/\/psol50.org.br\/inc\/uploads\/2026\/01\/117643736_870015263406248_404351419245561212_n.jpg","contentUrl":"https:\/\/psol50.org.br\/inc\/uploads\/2026\/01\/117643736_870015263406248_404351419245561212_n.jpg","width":799,"height":533,"caption":"Foto: Divulga\u00e7\u00e3o\/Facebook"},{"@type":"BreadcrumbList","@id":"https:\/\/psol50.org.br\/samia-bomfim-monica-seixas-e-luana-alves-acionam-mp-para-barrar-aumento-da-tarifa-do-transporte-publico-em-sp\/#breadcrumb","itemListElement":[{"@type":"ListItem","position":1,"name":"In\u00edcio","item":"https:\/\/psol50.org.br\/"},{"@type":"ListItem","position":2,"name":"S\u00e2mia Bomfim, M\u00f4nica Seixas e Luana Alves acionam MP para barrar aumento da tarifa do transporte p\u00fablico em SP"}]},{"@type":"WebSite","@id":"https:\/\/psol50.org.br\/#website","url":"https:\/\/psol50.org.br\/","name":"PSOL 50","description":"Site oficial do Partido Socialismo e Liberdade","publisher":{"@id":"https:\/\/psol50.org.br\/#organization"},"alternateName":"PSOL50","potentialAction":[{"@type":"SearchAction","target":{"@type":"EntryPoint","urlTemplate":"https:\/\/psol50.org.br\/?s={search_term_string}"},"query-input":{"@type":"PropertyValueSpecification","valueRequired":true,"valueName":"search_term_string"}}],"inLanguage":"pt-BR"},{"@type":"Organization","@id":"https:\/\/psol50.org.br\/#organization","name":"PSOL 50","alternateName":"PSOL 50","url":"https:\/\/psol50.org.br\/","logo":{"@type":"ImageObject","inLanguage":"pt-BR","@id":"https:\/\/psol50.org.br\/#\/schema\/logo\/image\/","url":"https:\/\/psol50.org.br\/inc\/uploads\/2018\/07\/capa.png","contentUrl":"https:\/\/psol50.org.br\/inc\/uploads\/2018\/07\/capa.png","width":1350,"height":900,"caption":"PSOL 50"},"image":{"@id":"https:\/\/psol50.org.br\/#\/schema\/logo\/image\/"},"sameAs":["https:\/\/www.facebook.com\/psol50","https:\/\/x.com\/psol50","https:\/\/www.instagram.com\/psol50\/","https:\/\/www.youtube.com\/channel\/UC7SnJS5o1os7a6CaiNabzcg"]},{"@type":"Person","@id":"https:\/\/psol50.org.br\/#\/schema\/person\/475dfa57d0b815993c714c2e96491fcd","name":"Comunica\u00e7\u00e3o PSOL","image":{"@type":"ImageObject","inLanguage":"pt-BR","@id":"https:\/\/psol50.org.br\/#\/schema\/person\/image\/","url":"https:\/\/secure.gravatar.com\/avatar\/b34fc4f4e468a4e51785917065a3db57b841f5c95dba6ad8c73aaf8f66f8f9bf?s=96&d=mm&r=g","contentUrl":"https:\/\/secure.gravatar.com\/avatar\/b34fc4f4e468a4e51785917065a3db57b841f5c95dba6ad8c73aaf8f66f8f9bf?s=96&d=mm&r=g","caption":"Comunica\u00e7\u00e3o PSOL"}}]}},"_links":{"self":[{"href":"https:\/\/psol50.org.br\/rest\/wp\/v2\/posts\/42368","targetHints":{"allow":["GET"]}}],"collection":[{"href":"https:\/\/psol50.org.br\/rest\/wp\/v2\/posts"}],"about":[{"href":"https:\/\/psol50.org.br\/rest\/wp\/v2\/types\/post"}],"author":[{"embeddable":true,"href":"https:\/\/psol50.org.br\/rest\/wp\/v2\/users\/2"}],"replies":[{"embeddable":true,"href":"https:\/\/psol50.org.br\/rest\/wp\/v2\/comments?post=42368"}],"version-history":[{"count":2,"href":"https:\/\/psol50.org.br\/rest\/wp\/v2\/posts\/42368\/revisions"}],"predecessor-version":[{"id":42370,"href":"https:\/\/psol50.org.br\/rest\/wp\/v2\/posts\/42368\/revisions\/42370"}],"wp:featuredmedia":[{"embeddable":true,"href":"https:\/\/psol50.org.br\/rest\/wp\/v2\/media\/42371"}],"wp:attachment":[{"href":"https:\/\/psol50.org.br\/rest\/wp\/v2\/media?parent=42368"}],"wp:term":[{"taxonomy":"category","embeddable":true,"href":"https:\/\/psol50.org.br\/rest\/wp\/v2\/categories?post=42368"},{"taxonomy":"post_tag","embeddable":true,"href":"https:\/\/psol50.org.br\/rest\/wp\/v2\/tags?post=42368"}],"curies":[{"name":"wp","href":"https:\/\/api.w.org\/{rel}","templated":true}]}}