{"id":42383,"date":"2026-01-15T16:38:39","date_gmt":"2026-01-15T19:38:39","guid":{"rendered":"https:\/\/psol50.org.br\/?p=42383"},"modified":"2026-01-20T17:50:18","modified_gmt":"2026-01-20T20:50:18","slug":"boulos-aciona-ministerio-publico-para-investigar-propaganda-pro-tarcisio-em-perfis-de-fofoca","status":"publish","type":"post","link":"https:\/\/psol50.org.br\/boulos-aciona-ministerio-publico-para-investigar-propaganda-pro-tarcisio-em-perfis-de-fofoca\/","title":{"rendered":"Boulos aciona Minist\u00e9rio P\u00fablico para investigar propaganda pr\u00f3-Tarc\u00edsio em perfis de fofoca"},"content":{"rendered":"<p>O ministro da Secretaria-Geral da Presid\u00eancia, Guilherme Boulos , acionou o Minist\u00e9rio P\u00fablico de S\u00e3o Paulo para investigar a atua\u00e7\u00e3o de perfis de fofoca nas redes sociais que v\u00eam publicando elogios ao governador Tarc\u00edsio de Freitas (Republicanos).<\/p>\n<p>A iniciativa foi tomada ap\u00f3s reportagem da revista Piau\u00ed apontar que essas p\u00e1ginas passaram a se organizar para defender o governador e, ao mesmo tempo, atacar Boulos e outros integrantes do governo Lula. Segundo o ministro, o padr\u00e3o das publica\u00e7\u00f5es levanta suspeitas de atua\u00e7\u00e3o coordenada.<\/p>\n<p>\u201cParece que Tarc\u00edsio aprendeu com o padrinho e montou seu pr\u00f3prio gabinete do \u00f3dio para atacar o presidente Lula, a mim e a outros advers\u00e1rios. Vai ter que responder na Justi\u00e7a\u201d, afirmou Boulos.<\/p>\n<p>O pedido ao Minist\u00e9rio P\u00fablico busca identificar quem est\u00e1 financiando as postagens. A reportagem revelou que uma empresa teria procurado influenciadores digitais para fechar pacotes de publica\u00e7\u00f5es favor\u00e1veis a Tarc\u00edsio.<\/p>\n<p>Para Boulos, o uso de perfis de fofoca para promover autoridades p\u00fablicas e atacar advers\u00e1rios pol\u00edticos precisa ser apurado com rigor, como forma de garantir transpar\u00eancia e coibir pr\u00e1ticas irregulares na comunica\u00e7\u00e3o pol\u00edtica.<\/p>\n","protected":false},"excerpt":{"rendered":"<p>O ministro da Secretaria-Geral da Presid\u00eancia, Guilherme Boulos , acionou o Minist\u00e9rio P\u00fablico de S\u00e3o Paulo para investigar a atua\u00e7\u00e3o de perfis de fofoca nas redes sociais que v\u00eam publicando elogios ao governador Tarc\u00edsio de Freitas (Republicanos). A iniciativa foi tomada ap\u00f3s reportagem da revista Piau\u00ed apontar que essas p\u00e1ginas passaram a se organizar para [&hellip;]<\/p>\n","protected":false},"author":2,"featured_media":41556,"comment_status":"closed","ping_status":"open","sticky":false,"template":"","format":"standard","meta":{"_acf_changed":false,"footnotes":""},"categories":[10],"tags":[4825],"class_list":{"0":"post-42383","1":"post","2":"type-post","3":"status-publish","4":"format-standard","5":"has-post-thumbnail","7":"category-acao-parlamentares","8":"tag-noticias"},"acf":[],"yoast_head":"<!-- This site is optimized with the Yoast SEO plugin v26.5 - https:\/\/yoast.com\/wordpress\/plugins\/seo\/ -->\n<title>Boulos aciona Minist\u00e9rio P\u00fablico para investigar propaganda pr\u00f3-Tarc\u00edsio em perfis de fofoca - PSOL 50<\/title>\n<meta name=\"description\" content=\"Guilherme Boulos aciona Minist\u00e9rio P\u00fablico para investigar propagandas de Tarc\u00edsio de Freitas em perfis de fofoca. Saiba mais.\" \/>\n<meta name=\"robots\" content=\"index, follow, max-snippet:-1, max-image-preview:large, max-video-preview:-1\" \/>\n<link rel=\"canonical\" href=\"https:\/\/psol50.org.br\/boulos-aciona-ministerio-publico-para-investigar-propaganda-pro-tarcisio-em-perfis-de-fofoca\/\" \/>\n<meta property=\"og:locale\" content=\"pt_BR\" \/>\n<meta property=\"og:type\" content=\"article\" \/>\n<meta property=\"og:title\" content=\"Boulos aciona Minist\u00e9rio P\u00fablico para investigar propaganda pr\u00f3-Tarc\u00edsio em perfis de fofoca - PSOL 50\" \/>\n<meta property=\"og:description\" content=\"Guilherme Boulos aciona Minist\u00e9rio P\u00fablico para investigar propagandas de Tarc\u00edsio de Freitas em perfis de fofoca. Saiba mais.\" \/>\n<meta property=\"og:url\" content=\"https:\/\/psol50.org.br\/boulos-aciona-ministerio-publico-para-investigar-propaganda-pro-tarcisio-em-perfis-de-fofoca\/\" \/>\n<meta property=\"og:site_name\" content=\"PSOL 50\" \/>\n<meta property=\"article:publisher\" content=\"https:\/\/www.facebook.com\/psol50\" \/>\n<meta property=\"article:published_time\" content=\"2026-01-15T19:38:39+00:00\" \/>\n<meta property=\"article:modified_time\" content=\"2026-01-20T20:50:18+00:00\" \/>\n<meta property=\"og:image\" content=\"https:\/\/psol50.org.br\/inc\/uploads\/2025\/07\/img20250616190605274.jpg\" \/>\n\t<meta property=\"og:image:width\" content=\"1984\" \/>\n\t<meta property=\"og:image:height\" content=\"1223\" \/>\n\t<meta property=\"og:image:type\" content=\"image\/jpeg\" \/>\n<meta name=\"author\" content=\"Comunica\u00e7\u00e3o PSOL\" \/>\n<meta name=\"twitter:card\" content=\"summary_large_image\" \/>\n<meta name=\"twitter:creator\" content=\"@psol50\" \/>\n<meta name=\"twitter:site\" content=\"@psol50\" \/>\n<meta name=\"twitter:label1\" content=\"Escrito por\" \/>\n\t<meta name=\"twitter:data1\" content=\"Comunica\u00e7\u00e3o PSOL\" \/>\n\t<meta name=\"twitter:label2\" content=\"Est. tempo de leitura\" \/>\n\t<meta name=\"twitter:data2\" content=\"1 minuto\" \/>\n<script type=\"application\/ld+json\" class=\"yoast-schema-graph\">{\"@context\":\"https:\/\/schema.org\",\"@graph\":[{\"@type\":\"Article\",\"@id\":\"https:\/\/psol50.org.br\/boulos-aciona-ministerio-publico-para-investigar-propaganda-pro-tarcisio-em-perfis-de-fofoca\/#article\",\"isPartOf\":{\"@id\":\"https:\/\/psol50.org.br\/boulos-aciona-ministerio-publico-para-investigar-propaganda-pro-tarcisio-em-perfis-de-fofoca\/\"},\"author\":{\"name\":\"Comunica\u00e7\u00e3o PSOL\",\"@id\":\"https:\/\/psol50.org.br\/#\/schema\/person\/475dfa57d0b815993c714c2e96491fcd\"},\"headline\":\"Boulos aciona Minist\u00e9rio P\u00fablico para investigar propaganda pr\u00f3-Tarc\u00edsio em perfis de fofoca\",\"datePublished\":\"2026-01-15T19:38:39+00:00\",\"dateModified\":\"2026-01-20T20:50:18+00:00\",\"mainEntityOfPage\":{\"@id\":\"https:\/\/psol50.org.br\/boulos-aciona-ministerio-publico-para-investigar-propaganda-pro-tarcisio-em-perfis-de-fofoca\/\"},\"wordCount\":221,\"publisher\":{\"@id\":\"https:\/\/psol50.org.br\/#organization\"},\"image\":{\"@id\":\"https:\/\/psol50.org.br\/boulos-aciona-ministerio-publico-para-investigar-propaganda-pro-tarcisio-em-perfis-de-fofoca\/#primaryimage\"},\"thumbnailUrl\":\"https:\/\/psol50.org.br\/inc\/uploads\/2025\/07\/img20250616190605274.jpg\",\"keywords\":[\"Not\u00edcias\"],\"articleSection\":[\"A\u00e7\u00e3o Parlamentar\"],\"inLanguage\":\"pt-BR\"},{\"@type\":\"WebPage\",\"@id\":\"https:\/\/psol50.org.br\/boulos-aciona-ministerio-publico-para-investigar-propaganda-pro-tarcisio-em-perfis-de-fofoca\/\",\"url\":\"https:\/\/psol50.org.br\/boulos-aciona-ministerio-publico-para-investigar-propaganda-pro-tarcisio-em-perfis-de-fofoca\/\",\"name\":\"Boulos aciona Minist\u00e9rio P\u00fablico para investigar propaganda pr\u00f3-Tarc\u00edsio em perfis de fofoca - PSOL 50\",\"isPartOf\":{\"@id\":\"https:\/\/psol50.org.br\/#website\"},\"primaryImageOfPage\":{\"@id\":\"https:\/\/psol50.org.br\/boulos-aciona-ministerio-publico-para-investigar-propaganda-pro-tarcisio-em-perfis-de-fofoca\/#primaryimage\"},\"image\":{\"@id\":\"https:\/\/psol50.org.br\/boulos-aciona-ministerio-publico-para-investigar-propaganda-pro-tarcisio-em-perfis-de-fofoca\/#primaryimage\"},\"thumbnailUrl\":\"https:\/\/psol50.org.br\/inc\/uploads\/2025\/07\/img20250616190605274.jpg\",\"datePublished\":\"2026-01-15T19:38:39+00:00\",\"dateModified\":\"2026-01-20T20:50:18+00:00\",\"description\":\"Guilherme Boulos aciona Minist\u00e9rio P\u00fablico para investigar propagandas de Tarc\u00edsio de Freitas em perfis de fofoca. Saiba mais.\",\"breadcrumb\":{\"@id\":\"https:\/\/psol50.org.br\/boulos-aciona-ministerio-publico-para-investigar-propaganda-pro-tarcisio-em-perfis-de-fofoca\/#breadcrumb\"},\"inLanguage\":\"pt-BR\",\"potentialAction\":[{\"@type\":\"ReadAction\",\"target\":[\"https:\/\/psol50.org.br\/boulos-aciona-ministerio-publico-para-investigar-propaganda-pro-tarcisio-em-perfis-de-fofoca\/\"]}]},{\"@type\":\"ImageObject\",\"inLanguage\":\"pt-BR\",\"@id\":\"https:\/\/psol50.org.br\/boulos-aciona-ministerio-publico-para-investigar-propaganda-pro-tarcisio-em-perfis-de-fofoca\/#primaryimage\",\"url\":\"https:\/\/psol50.org.br\/inc\/uploads\/2025\/07\/img20250616190605274.jpg\",\"contentUrl\":\"https:\/\/psol50.org.br\/inc\/uploads\/2025\/07\/img20250616190605274.jpg\",\"width\":1984,\"height\":1223,\"caption\":\"Foto: Vinicius Loures\/C\u00e2mara dos Deputados\"},{\"@type\":\"BreadcrumbList\",\"@id\":\"https:\/\/psol50.org.br\/boulos-aciona-ministerio-publico-para-investigar-propaganda-pro-tarcisio-em-perfis-de-fofoca\/#breadcrumb\",\"itemListElement\":[{\"@type\":\"ListItem\",\"position\":1,\"name\":\"In\u00edcio\",\"item\":\"https:\/\/psol50.org.br\/\"},{\"@type\":\"ListItem\",\"position\":2,\"name\":\"Boulos aciona Minist\u00e9rio P\u00fablico para investigar propaganda pr\u00f3-Tarc\u00edsio em perfis de fofoca\"}]},{\"@type\":\"WebSite\",\"@id\":\"https:\/\/psol50.org.br\/#website\",\"url\":\"https:\/\/psol50.org.br\/\",\"name\":\"PSOL 50\",\"description\":\"Site oficial do Partido Socialismo e Liberdade\",\"publisher\":{\"@id\":\"https:\/\/psol50.org.br\/#organization\"},\"alternateName\":\"PSOL50\",\"potentialAction\":[{\"@type\":\"SearchAction\",\"target\":{\"@type\":\"EntryPoint\",\"urlTemplate\":\"https:\/\/psol50.org.br\/?s={search_term_string}\"},\"query-input\":{\"@type\":\"PropertyValueSpecification\",\"valueRequired\":true,\"valueName\":\"search_term_string\"}}],\"inLanguage\":\"pt-BR\"},{\"@type\":\"Organization\",\"@id\":\"https:\/\/psol50.org.br\/#organization\",\"name\":\"PSOL 50\",\"alternateName\":\"PSOL 50\",\"url\":\"https:\/\/psol50.org.br\/\",\"logo\":{\"@type\":\"ImageObject\",\"inLanguage\":\"pt-BR\",\"@id\":\"https:\/\/psol50.org.br\/#\/schema\/logo\/image\/\",\"url\":\"https:\/\/psol50.org.br\/inc\/uploads\/2018\/07\/capa.png\",\"contentUrl\":\"https:\/\/psol50.org.br\/inc\/uploads\/2018\/07\/capa.png\",\"width\":1350,\"height\":900,\"caption\":\"PSOL 50\"},\"image\":{\"@id\":\"https:\/\/psol50.org.br\/#\/schema\/logo\/image\/\"},\"sameAs\":[\"https:\/\/www.facebook.com\/psol50\",\"https:\/\/x.com\/psol50\",\"https:\/\/www.instagram.com\/psol50\/\",\"https:\/\/www.youtube.com\/channel\/UC7SnJS5o1os7a6CaiNabzcg\"]},{\"@type\":\"Person\",\"@id\":\"https:\/\/psol50.org.br\/#\/schema\/person\/475dfa57d0b815993c714c2e96491fcd\",\"name\":\"Comunica\u00e7\u00e3o PSOL\",\"image\":{\"@type\":\"ImageObject\",\"inLanguage\":\"pt-BR\",\"@id\":\"https:\/\/psol50.org.br\/#\/schema\/person\/image\/\",\"url\":\"https:\/\/secure.gravatar.com\/avatar\/b34fc4f4e468a4e51785917065a3db57b841f5c95dba6ad8c73aaf8f66f8f9bf?s=96&d=mm&r=g\",\"contentUrl\":\"https:\/\/secure.gravatar.com\/avatar\/b34fc4f4e468a4e51785917065a3db57b841f5c95dba6ad8c73aaf8f66f8f9bf?s=96&d=mm&r=g\",\"caption\":\"Comunica\u00e7\u00e3o PSOL\"}}]}<\/script>\n<!-- \/ Yoast SEO plugin. -->","yoast_head_json":{"title":"Boulos aciona Minist\u00e9rio P\u00fablico para investigar propaganda pr\u00f3-Tarc\u00edsio em perfis de fofoca - PSOL 50","description":"Guilherme Boulos aciona Minist\u00e9rio P\u00fablico para investigar propagandas de Tarc\u00edsio de Freitas em perfis de fofoca. Saiba mais.","robots":{"index":"index","follow":"follow","max-snippet":"max-snippet:-1","max-image-preview":"max-image-preview:large","max-video-preview":"max-video-preview:-1"},"canonical":"https:\/\/psol50.org.br\/boulos-aciona-ministerio-publico-para-investigar-propaganda-pro-tarcisio-em-perfis-de-fofoca\/","og_locale":"pt_BR","og_type":"article","og_title":"Boulos aciona Minist\u00e9rio P\u00fablico para investigar propaganda pr\u00f3-Tarc\u00edsio em perfis de fofoca - PSOL 50","og_description":"Guilherme Boulos aciona Minist\u00e9rio P\u00fablico para investigar propagandas de Tarc\u00edsio de Freitas em perfis de fofoca. Saiba mais.","og_url":"https:\/\/psol50.org.br\/boulos-aciona-ministerio-publico-para-investigar-propaganda-pro-tarcisio-em-perfis-de-fofoca\/","og_site_name":"PSOL 50","article_publisher":"https:\/\/www.facebook.com\/psol50","article_published_time":"2026-01-15T19:38:39+00:00","article_modified_time":"2026-01-20T20:50:18+00:00","og_image":[{"width":1984,"height":1223,"url":"https:\/\/psol50.org.br\/inc\/uploads\/2025\/07\/img20250616190605274.jpg","type":"image\/jpeg"}],"author":"Comunica\u00e7\u00e3o PSOL","twitter_card":"summary_large_image","twitter_creator":"@psol50","twitter_site":"@psol50","twitter_misc":{"Escrito por":"Comunica\u00e7\u00e3o PSOL","Est. tempo de leitura":"1 minuto"},"schema":{"@context":"https:\/\/schema.org","@graph":[{"@type":"Article","@id":"https:\/\/psol50.org.br\/boulos-aciona-ministerio-publico-para-investigar-propaganda-pro-tarcisio-em-perfis-de-fofoca\/#article","isPartOf":{"@id":"https:\/\/psol50.org.br\/boulos-aciona-ministerio-publico-para-investigar-propaganda-pro-tarcisio-em-perfis-de-fofoca\/"},"author":{"name":"Comunica\u00e7\u00e3o PSOL","@id":"https:\/\/psol50.org.br\/#\/schema\/person\/475dfa57d0b815993c714c2e96491fcd"},"headline":"Boulos aciona Minist\u00e9rio P\u00fablico para investigar propaganda pr\u00f3-Tarc\u00edsio em perfis de fofoca","datePublished":"2026-01-15T19:38:39+00:00","dateModified":"2026-01-20T20:50:18+00:00","mainEntityOfPage":{"@id":"https:\/\/psol50.org.br\/boulos-aciona-ministerio-publico-para-investigar-propaganda-pro-tarcisio-em-perfis-de-fofoca\/"},"wordCount":221,"publisher":{"@id":"https:\/\/psol50.org.br\/#organization"},"image":{"@id":"https:\/\/psol50.org.br\/boulos-aciona-ministerio-publico-para-investigar-propaganda-pro-tarcisio-em-perfis-de-fofoca\/#primaryimage"},"thumbnailUrl":"https:\/\/psol50.org.br\/inc\/uploads\/2025\/07\/img20250616190605274.jpg","keywords":["Not\u00edcias"],"articleSection":["A\u00e7\u00e3o Parlamentar"],"inLanguage":"pt-BR"},{"@type":"WebPage","@id":"https:\/\/psol50.org.br\/boulos-aciona-ministerio-publico-para-investigar-propaganda-pro-tarcisio-em-perfis-de-fofoca\/","url":"https:\/\/psol50.org.br\/boulos-aciona-ministerio-publico-para-investigar-propaganda-pro-tarcisio-em-perfis-de-fofoca\/","name":"Boulos aciona Minist\u00e9rio P\u00fablico para investigar propaganda pr\u00f3-Tarc\u00edsio em perfis de fofoca - PSOL 50","isPartOf":{"@id":"https:\/\/psol50.org.br\/#website"},"primaryImageOfPage":{"@id":"https:\/\/psol50.org.br\/boulos-aciona-ministerio-publico-para-investigar-propaganda-pro-tarcisio-em-perfis-de-fofoca\/#primaryimage"},"image":{"@id":"https:\/\/psol50.org.br\/boulos-aciona-ministerio-publico-para-investigar-propaganda-pro-tarcisio-em-perfis-de-fofoca\/#primaryimage"},"thumbnailUrl":"https:\/\/psol50.org.br\/inc\/uploads\/2025\/07\/img20250616190605274.jpg","datePublished":"2026-01-15T19:38:39+00:00","dateModified":"2026-01-20T20:50:18+00:00","description":"Guilherme Boulos aciona Minist\u00e9rio P\u00fablico para investigar propagandas de Tarc\u00edsio de Freitas em perfis de fofoca. Saiba mais.","breadcrumb":{"@id":"https:\/\/psol50.org.br\/boulos-aciona-ministerio-publico-para-investigar-propaganda-pro-tarcisio-em-perfis-de-fofoca\/#breadcrumb"},"inLanguage":"pt-BR","potentialAction":[{"@type":"ReadAction","target":["https:\/\/psol50.org.br\/boulos-aciona-ministerio-publico-para-investigar-propaganda-pro-tarcisio-em-perfis-de-fofoca\/"]}]},{"@type":"ImageObject","inLanguage":"pt-BR","@id":"https:\/\/psol50.org.br\/boulos-aciona-ministerio-publico-para-investigar-propaganda-pro-tarcisio-em-perfis-de-fofoca\/#primaryimage","url":"https:\/\/psol50.org.br\/inc\/uploads\/2025\/07\/img20250616190605274.jpg","contentUrl":"https:\/\/psol50.org.br\/inc\/uploads\/2025\/07\/img20250616190605274.jpg","width":1984,"height":1223,"caption":"Foto: Vinicius Loures\/C\u00e2mara dos Deputados"},{"@type":"BreadcrumbList","@id":"https:\/\/psol50.org.br\/boulos-aciona-ministerio-publico-para-investigar-propaganda-pro-tarcisio-em-perfis-de-fofoca\/#breadcrumb","itemListElement":[{"@type":"ListItem","position":1,"name":"In\u00edcio","item":"https:\/\/psol50.org.br\/"},{"@type":"ListItem","position":2,"name":"Boulos aciona Minist\u00e9rio P\u00fablico para investigar propaganda pr\u00f3-Tarc\u00edsio em perfis de fofoca"}]},{"@type":"WebSite","@id":"https:\/\/psol50.org.br\/#website","url":"https:\/\/psol50.org.br\/","name":"PSOL 50","description":"Site oficial do Partido Socialismo e Liberdade","publisher":{"@id":"https:\/\/psol50.org.br\/#organization"},"alternateName":"PSOL50","potentialAction":[{"@type":"SearchAction","target":{"@type":"EntryPoint","urlTemplate":"https:\/\/psol50.org.br\/?s={search_term_string}"},"query-input":{"@type":"PropertyValueSpecification","valueRequired":true,"valueName":"search_term_string"}}],"inLanguage":"pt-BR"},{"@type":"Organization","@id":"https:\/\/psol50.org.br\/#organization","name":"PSOL 50","alternateName":"PSOL 50","url":"https:\/\/psol50.org.br\/","logo":{"@type":"ImageObject","inLanguage":"pt-BR","@id":"https:\/\/psol50.org.br\/#\/schema\/logo\/image\/","url":"https:\/\/psol50.org.br\/inc\/uploads\/2018\/07\/capa.png","contentUrl":"https:\/\/psol50.org.br\/inc\/uploads\/2018\/07\/capa.png","width":1350,"height":900,"caption":"PSOL 50"},"image":{"@id":"https:\/\/psol50.org.br\/#\/schema\/logo\/image\/"},"sameAs":["https:\/\/www.facebook.com\/psol50","https:\/\/x.com\/psol50","https:\/\/www.instagram.com\/psol50\/","https:\/\/www.youtube.com\/channel\/UC7SnJS5o1os7a6CaiNabzcg"]},{"@type":"Person","@id":"https:\/\/psol50.org.br\/#\/schema\/person\/475dfa57d0b815993c714c2e96491fcd","name":"Comunica\u00e7\u00e3o PSOL","image":{"@type":"ImageObject","inLanguage":"pt-BR","@id":"https:\/\/psol50.org.br\/#\/schema\/person\/image\/","url":"https:\/\/secure.gravatar.com\/avatar\/b34fc4f4e468a4e51785917065a3db57b841f5c95dba6ad8c73aaf8f66f8f9bf?s=96&d=mm&r=g","contentUrl":"https:\/\/secure.gravatar.com\/avatar\/b34fc4f4e468a4e51785917065a3db57b841f5c95dba6ad8c73aaf8f66f8f9bf?s=96&d=mm&r=g","caption":"Comunica\u00e7\u00e3o PSOL"}}]}},"_links":{"self":[{"href":"https:\/\/psol50.org.br\/rest\/wp\/v2\/posts\/42383","targetHints":{"allow":["GET"]}}],"collection":[{"href":"https:\/\/psol50.org.br\/rest\/wp\/v2\/posts"}],"about":[{"href":"https:\/\/psol50.org.br\/rest\/wp\/v2\/types\/post"}],"author":[{"embeddable":true,"href":"https:\/\/psol50.org.br\/rest\/wp\/v2\/users\/2"}],"replies":[{"embeddable":true,"href":"https:\/\/psol50.org.br\/rest\/wp\/v2\/comments?post=42383"}],"version-history":[{"count":2,"href":"https:\/\/psol50.org.br\/rest\/wp\/v2\/posts\/42383\/revisions"}],"predecessor-version":[{"id":42385,"href":"https:\/\/psol50.org.br\/rest\/wp\/v2\/posts\/42383\/revisions\/42385"}],"wp:featuredmedia":[{"embeddable":true,"href":"https:\/\/psol50.org.br\/rest\/wp\/v2\/media\/41556"}],"wp:attachment":[{"href":"https:\/\/psol50.org.br\/rest\/wp\/v2\/media?parent=42383"}],"wp:term":[{"taxonomy":"category","embeddable":true,"href":"https:\/\/psol50.org.br\/rest\/wp\/v2\/categories?post=42383"},{"taxonomy":"post_tag","embeddable":true,"href":"https:\/\/psol50.org.br\/rest\/wp\/v2\/tags?post=42383"}],"curies":[{"name":"wp","href":"https:\/\/api.w.org\/{rel}","templated":true}]}}