{"id":42386,"date":"2026-01-16T15:03:36","date_gmt":"2026-01-16T18:03:36","guid":{"rendered":"https:\/\/psol50.org.br\/?p=42386"},"modified":"2026-01-19T16:20:27","modified_gmt":"2026-01-19T19:20:27","slug":"renata-souza-psol-sofre-novas-ameacas-de-morte-e-insultos-racistas","status":"publish","type":"post","link":"https:\/\/psol50.org.br\/renata-souza-psol-sofre-novas-ameacas-de-morte-e-insultos-racistas\/","title":{"rendered":"Renata Souza (PSOL-RJ) sofre novas amea\u00e7as de morte e insultos racistas"},"content":{"rendered":"<p>A deputada estadual Renata Souza (PSOL-RJ) registrou na manh\u00e3 desta sexta-feira (16), na Delegacia de Crimes Raciais e Delitos de Intoler\u00e2ncia (Decradi), uma amea\u00e7a de morte recebida por e-mail com conte\u00fado racista e incita\u00e7\u00e3o \u00e0 viol\u00eancia.<\/p>\n<p>A mensagem, de cunho pol\u00edtico, cont\u00e9m amea\u00e7as diretas \u00e0 integridade f\u00edsica da parlamentar e insultos racistas, al\u00e9m de viol\u00eancia contra grupos sociais. Diante da gravidade, Renata Souza conta com a celeridade na apura\u00e7\u00e3o, para a identifica\u00e7\u00e3o do autor e a sua responsabiliza\u00e7\u00e3o criminal.<\/p>\n<p>Essa \u00e9 a terceira amea\u00e7a de morte comunicada por Renata Souza \u00e0 Pol\u00edcia Civil. Houve registros semelhantes em 2020 e em 2024. Essa recorr\u00eancia indica uma escalada nos ataques contra o mandato.<\/p>\n<p>&#8220;Eu n\u00e3o vou ser silenciada por amea\u00e7a, por \u00f3dio ou por racismo. Essa viol\u00eancia pol\u00edtica de g\u00eanero e racial n\u00e3o vai me intimidar. Cabe ao Estado investigar e apresentar uma resposta firme&#8221;, afirmou Renata Souza.<\/p>\n<p>&#8220;Quem amea\u00e7a uma parlamentar tenta atacar a pr\u00f3pria democracia e o direito da popula\u00e7\u00e3o de ter representa\u00e7\u00e3o pol\u00edtica comprometida com as demandas populares por pol\u00edticas p\u00fablicas de qualidade&#8221;, complementou a parlamentar.<\/p>\n","protected":false},"excerpt":{"rendered":"<p>A deputada estadual Renata Souza (PSOL-RJ) registrou na manh\u00e3 desta sexta-feira (16), na Delegacia de Crimes Raciais e Delitos de Intoler\u00e2ncia (Decradi), uma amea\u00e7a de morte recebida por e-mail com conte\u00fado racista e incita\u00e7\u00e3o \u00e0 viol\u00eancia. A mensagem, de cunho pol\u00edtico, cont\u00e9m amea\u00e7as diretas \u00e0 integridade f\u00edsica da parlamentar e insultos racistas, al\u00e9m de viol\u00eancia [&hellip;]<\/p>\n","protected":false},"author":2,"featured_media":42172,"comment_status":"closed","ping_status":"open","sticky":false,"template":"","format":"standard","meta":{"_acf_changed":false,"footnotes":""},"categories":[654],"tags":[4825],"class_list":{"0":"post-42386","1":"post","2":"type-post","3":"status-publish","4":"format-standard","5":"has-post-thumbnail","7":"category-estados","8":"tag-noticias"},"acf":[],"yoast_head":"<!-- This site is optimized with the Yoast SEO plugin v26.5 - https:\/\/yoast.com\/wordpress\/plugins\/seo\/ -->\n<title>Renata Souza (PSOL-RJ) sofre novas amea\u00e7as de morte e insultos racistas<\/title>\n<meta name=\"description\" content=\"Den\u00fancia foi apresentada na manh\u00e3 desta sexta (16) na Delegacia de Crimes Raciais e Delitos de Intoler\u00e2ncia (Decradi) no Rio de Janeiro.\" \/>\n<meta name=\"robots\" content=\"index, follow, max-snippet:-1, max-image-preview:large, max-video-preview:-1\" \/>\n<link rel=\"canonical\" href=\"https:\/\/psol50.org.br\/renata-souza-psol-sofre-novas-ameacas-de-morte-e-insultos-racistas\/\" \/>\n<meta property=\"og:locale\" content=\"pt_BR\" \/>\n<meta property=\"og:type\" content=\"article\" \/>\n<meta property=\"og:title\" content=\"Renata Souza (PSOL-RJ) sofre novas amea\u00e7as de morte e insultos racistas\" \/>\n<meta property=\"og:description\" content=\"Den\u00fancia foi apresentada na manh\u00e3 desta sexta (16) na Delegacia de Crimes Raciais e Delitos de Intoler\u00e2ncia (Decradi) no Rio de Janeiro.\" \/>\n<meta property=\"og:url\" content=\"https:\/\/psol50.org.br\/renata-souza-psol-sofre-novas-ameacas-de-morte-e-insultos-racistas\/\" \/>\n<meta property=\"og:site_name\" content=\"PSOL 50\" \/>\n<meta property=\"article:publisher\" content=\"https:\/\/www.facebook.com\/psol50\" \/>\n<meta property=\"article:published_time\" content=\"2026-01-16T18:03:36+00:00\" \/>\n<meta property=\"article:modified_time\" content=\"2026-01-19T19:20:27+00:00\" \/>\n<meta property=\"og:image\" content=\"https:\/\/psol50.org.br\/inc\/uploads\/2025\/11\/Captura-de-Tela-2025-11-25-as-16.25.12-1024x683.png\" \/>\n\t<meta property=\"og:image:width\" content=\"1024\" \/>\n\t<meta property=\"og:image:height\" content=\"683\" \/>\n\t<meta property=\"og:image:type\" content=\"image\/png\" \/>\n<meta name=\"author\" content=\"Comunica\u00e7\u00e3o PSOL\" \/>\n<meta name=\"twitter:card\" content=\"summary_large_image\" \/>\n<meta name=\"twitter:creator\" content=\"@psol50\" \/>\n<meta name=\"twitter:site\" content=\"@psol50\" \/>\n<meta name=\"twitter:label1\" content=\"Escrito por\" \/>\n\t<meta name=\"twitter:data1\" content=\"Comunica\u00e7\u00e3o PSOL\" \/>\n\t<meta name=\"twitter:label2\" content=\"Est. tempo de leitura\" \/>\n\t<meta name=\"twitter:data2\" content=\"1 minuto\" \/>\n<script type=\"application\/ld+json\" class=\"yoast-schema-graph\">{\"@context\":\"https:\/\/schema.org\",\"@graph\":[{\"@type\":\"Article\",\"@id\":\"https:\/\/psol50.org.br\/renata-souza-psol-sofre-novas-ameacas-de-morte-e-insultos-racistas\/#article\",\"isPartOf\":{\"@id\":\"https:\/\/psol50.org.br\/renata-souza-psol-sofre-novas-ameacas-de-morte-e-insultos-racistas\/\"},\"author\":{\"name\":\"Comunica\u00e7\u00e3o PSOL\",\"@id\":\"https:\/\/psol50.org.br\/#\/schema\/person\/475dfa57d0b815993c714c2e96491fcd\"},\"headline\":\"Renata Souza (PSOL-RJ) sofre novas amea\u00e7as de morte e insultos racistas\",\"datePublished\":\"2026-01-16T18:03:36+00:00\",\"dateModified\":\"2026-01-19T19:20:27+00:00\",\"mainEntityOfPage\":{\"@id\":\"https:\/\/psol50.org.br\/renata-souza-psol-sofre-novas-ameacas-de-morte-e-insultos-racistas\/\"},\"wordCount\":212,\"publisher\":{\"@id\":\"https:\/\/psol50.org.br\/#organization\"},\"image\":{\"@id\":\"https:\/\/psol50.org.br\/renata-souza-psol-sofre-novas-ameacas-de-morte-e-insultos-racistas\/#primaryimage\"},\"thumbnailUrl\":\"https:\/\/psol50.org.br\/inc\/uploads\/2025\/11\/Captura-de-Tela-2025-11-25-as-16.25.12.png\",\"keywords\":[\"Not\u00edcias\"],\"articleSection\":[\"Estados\"],\"inLanguage\":\"pt-BR\"},{\"@type\":\"WebPage\",\"@id\":\"https:\/\/psol50.org.br\/renata-souza-psol-sofre-novas-ameacas-de-morte-e-insultos-racistas\/\",\"url\":\"https:\/\/psol50.org.br\/renata-souza-psol-sofre-novas-ameacas-de-morte-e-insultos-racistas\/\",\"name\":\"Renata Souza (PSOL-RJ) sofre novas amea\u00e7as de morte e insultos racistas\",\"isPartOf\":{\"@id\":\"https:\/\/psol50.org.br\/#website\"},\"primaryImageOfPage\":{\"@id\":\"https:\/\/psol50.org.br\/renata-souza-psol-sofre-novas-ameacas-de-morte-e-insultos-racistas\/#primaryimage\"},\"image\":{\"@id\":\"https:\/\/psol50.org.br\/renata-souza-psol-sofre-novas-ameacas-de-morte-e-insultos-racistas\/#primaryimage\"},\"thumbnailUrl\":\"https:\/\/psol50.org.br\/inc\/uploads\/2025\/11\/Captura-de-Tela-2025-11-25-as-16.25.12.png\",\"datePublished\":\"2026-01-16T18:03:36+00:00\",\"dateModified\":\"2026-01-19T19:20:27+00:00\",\"description\":\"Den\u00fancia foi apresentada na manh\u00e3 desta sexta (16) na Delegacia de Crimes Raciais e Delitos de Intoler\u00e2ncia (Decradi) no Rio de Janeiro.\",\"breadcrumb\":{\"@id\":\"https:\/\/psol50.org.br\/renata-souza-psol-sofre-novas-ameacas-de-morte-e-insultos-racistas\/#breadcrumb\"},\"inLanguage\":\"pt-BR\",\"potentialAction\":[{\"@type\":\"ReadAction\",\"target\":[\"https:\/\/psol50.org.br\/renata-souza-psol-sofre-novas-ameacas-de-morte-e-insultos-racistas\/\"]}]},{\"@type\":\"ImageObject\",\"inLanguage\":\"pt-BR\",\"@id\":\"https:\/\/psol50.org.br\/renata-souza-psol-sofre-novas-ameacas-de-morte-e-insultos-racistas\/#primaryimage\",\"url\":\"https:\/\/psol50.org.br\/inc\/uploads\/2025\/11\/Captura-de-Tela-2025-11-25-as-16.25.12.png\",\"contentUrl\":\"https:\/\/psol50.org.br\/inc\/uploads\/2025\/11\/Captura-de-Tela-2025-11-25-as-16.25.12.png\",\"width\":2062,\"height\":1376,\"caption\":\"Foto: Divulga\u00e7\u00e3o\"},{\"@type\":\"BreadcrumbList\",\"@id\":\"https:\/\/psol50.org.br\/renata-souza-psol-sofre-novas-ameacas-de-morte-e-insultos-racistas\/#breadcrumb\",\"itemListElement\":[{\"@type\":\"ListItem\",\"position\":1,\"name\":\"In\u00edcio\",\"item\":\"https:\/\/psol50.org.br\/\"},{\"@type\":\"ListItem\",\"position\":2,\"name\":\"Renata Souza (PSOL-RJ) sofre novas amea\u00e7as de morte e insultos racistas\"}]},{\"@type\":\"WebSite\",\"@id\":\"https:\/\/psol50.org.br\/#website\",\"url\":\"https:\/\/psol50.org.br\/\",\"name\":\"PSOL 50\",\"description\":\"Site oficial do Partido Socialismo e Liberdade\",\"publisher\":{\"@id\":\"https:\/\/psol50.org.br\/#organization\"},\"alternateName\":\"PSOL50\",\"potentialAction\":[{\"@type\":\"SearchAction\",\"target\":{\"@type\":\"EntryPoint\",\"urlTemplate\":\"https:\/\/psol50.org.br\/?s={search_term_string}\"},\"query-input\":{\"@type\":\"PropertyValueSpecification\",\"valueRequired\":true,\"valueName\":\"search_term_string\"}}],\"inLanguage\":\"pt-BR\"},{\"@type\":\"Organization\",\"@id\":\"https:\/\/psol50.org.br\/#organization\",\"name\":\"PSOL 50\",\"alternateName\":\"PSOL 50\",\"url\":\"https:\/\/psol50.org.br\/\",\"logo\":{\"@type\":\"ImageObject\",\"inLanguage\":\"pt-BR\",\"@id\":\"https:\/\/psol50.org.br\/#\/schema\/logo\/image\/\",\"url\":\"https:\/\/psol50.org.br\/inc\/uploads\/2018\/07\/capa.png\",\"contentUrl\":\"https:\/\/psol50.org.br\/inc\/uploads\/2018\/07\/capa.png\",\"width\":1350,\"height\":900,\"caption\":\"PSOL 50\"},\"image\":{\"@id\":\"https:\/\/psol50.org.br\/#\/schema\/logo\/image\/\"},\"sameAs\":[\"https:\/\/www.facebook.com\/psol50\",\"https:\/\/x.com\/psol50\",\"https:\/\/www.instagram.com\/psol50\/\",\"https:\/\/www.youtube.com\/channel\/UC7SnJS5o1os7a6CaiNabzcg\"]},{\"@type\":\"Person\",\"@id\":\"https:\/\/psol50.org.br\/#\/schema\/person\/475dfa57d0b815993c714c2e96491fcd\",\"name\":\"Comunica\u00e7\u00e3o PSOL\",\"image\":{\"@type\":\"ImageObject\",\"inLanguage\":\"pt-BR\",\"@id\":\"https:\/\/psol50.org.br\/#\/schema\/person\/image\/\",\"url\":\"https:\/\/secure.gravatar.com\/avatar\/b34fc4f4e468a4e51785917065a3db57b841f5c95dba6ad8c73aaf8f66f8f9bf?s=96&d=mm&r=g\",\"contentUrl\":\"https:\/\/secure.gravatar.com\/avatar\/b34fc4f4e468a4e51785917065a3db57b841f5c95dba6ad8c73aaf8f66f8f9bf?s=96&d=mm&r=g\",\"caption\":\"Comunica\u00e7\u00e3o PSOL\"}}]}<\/script>\n<!-- \/ Yoast SEO plugin. -->","yoast_head_json":{"title":"Renata Souza (PSOL-RJ) sofre novas amea\u00e7as de morte e insultos racistas","description":"Den\u00fancia foi apresentada na manh\u00e3 desta sexta (16) na Delegacia de Crimes Raciais e Delitos de Intoler\u00e2ncia (Decradi) no Rio de Janeiro.","robots":{"index":"index","follow":"follow","max-snippet":"max-snippet:-1","max-image-preview":"max-image-preview:large","max-video-preview":"max-video-preview:-1"},"canonical":"https:\/\/psol50.org.br\/renata-souza-psol-sofre-novas-ameacas-de-morte-e-insultos-racistas\/","og_locale":"pt_BR","og_type":"article","og_title":"Renata Souza (PSOL-RJ) sofre novas amea\u00e7as de morte e insultos racistas","og_description":"Den\u00fancia foi apresentada na manh\u00e3 desta sexta (16) na Delegacia de Crimes Raciais e Delitos de Intoler\u00e2ncia (Decradi) no Rio de Janeiro.","og_url":"https:\/\/psol50.org.br\/renata-souza-psol-sofre-novas-ameacas-de-morte-e-insultos-racistas\/","og_site_name":"PSOL 50","article_publisher":"https:\/\/www.facebook.com\/psol50","article_published_time":"2026-01-16T18:03:36+00:00","article_modified_time":"2026-01-19T19:20:27+00:00","og_image":[{"width":1024,"height":683,"url":"https:\/\/psol50.org.br\/inc\/uploads\/2025\/11\/Captura-de-Tela-2025-11-25-as-16.25.12-1024x683.png","type":"image\/png"}],"author":"Comunica\u00e7\u00e3o PSOL","twitter_card":"summary_large_image","twitter_creator":"@psol50","twitter_site":"@psol50","twitter_misc":{"Escrito por":"Comunica\u00e7\u00e3o PSOL","Est. tempo de leitura":"1 minuto"},"schema":{"@context":"https:\/\/schema.org","@graph":[{"@type":"Article","@id":"https:\/\/psol50.org.br\/renata-souza-psol-sofre-novas-ameacas-de-morte-e-insultos-racistas\/#article","isPartOf":{"@id":"https:\/\/psol50.org.br\/renata-souza-psol-sofre-novas-ameacas-de-morte-e-insultos-racistas\/"},"author":{"name":"Comunica\u00e7\u00e3o PSOL","@id":"https:\/\/psol50.org.br\/#\/schema\/person\/475dfa57d0b815993c714c2e96491fcd"},"headline":"Renata Souza (PSOL-RJ) sofre novas amea\u00e7as de morte e insultos racistas","datePublished":"2026-01-16T18:03:36+00:00","dateModified":"2026-01-19T19:20:27+00:00","mainEntityOfPage":{"@id":"https:\/\/psol50.org.br\/renata-souza-psol-sofre-novas-ameacas-de-morte-e-insultos-racistas\/"},"wordCount":212,"publisher":{"@id":"https:\/\/psol50.org.br\/#organization"},"image":{"@id":"https:\/\/psol50.org.br\/renata-souza-psol-sofre-novas-ameacas-de-morte-e-insultos-racistas\/#primaryimage"},"thumbnailUrl":"https:\/\/psol50.org.br\/inc\/uploads\/2025\/11\/Captura-de-Tela-2025-11-25-as-16.25.12.png","keywords":["Not\u00edcias"],"articleSection":["Estados"],"inLanguage":"pt-BR"},{"@type":"WebPage","@id":"https:\/\/psol50.org.br\/renata-souza-psol-sofre-novas-ameacas-de-morte-e-insultos-racistas\/","url":"https:\/\/psol50.org.br\/renata-souza-psol-sofre-novas-ameacas-de-morte-e-insultos-racistas\/","name":"Renata Souza (PSOL-RJ) sofre novas amea\u00e7as de morte e insultos racistas","isPartOf":{"@id":"https:\/\/psol50.org.br\/#website"},"primaryImageOfPage":{"@id":"https:\/\/psol50.org.br\/renata-souza-psol-sofre-novas-ameacas-de-morte-e-insultos-racistas\/#primaryimage"},"image":{"@id":"https:\/\/psol50.org.br\/renata-souza-psol-sofre-novas-ameacas-de-morte-e-insultos-racistas\/#primaryimage"},"thumbnailUrl":"https:\/\/psol50.org.br\/inc\/uploads\/2025\/11\/Captura-de-Tela-2025-11-25-as-16.25.12.png","datePublished":"2026-01-16T18:03:36+00:00","dateModified":"2026-01-19T19:20:27+00:00","description":"Den\u00fancia foi apresentada na manh\u00e3 desta sexta (16) na Delegacia de Crimes Raciais e Delitos de Intoler\u00e2ncia (Decradi) no Rio de Janeiro.","breadcrumb":{"@id":"https:\/\/psol50.org.br\/renata-souza-psol-sofre-novas-ameacas-de-morte-e-insultos-racistas\/#breadcrumb"},"inLanguage":"pt-BR","potentialAction":[{"@type":"ReadAction","target":["https:\/\/psol50.org.br\/renata-souza-psol-sofre-novas-ameacas-de-morte-e-insultos-racistas\/"]}]},{"@type":"ImageObject","inLanguage":"pt-BR","@id":"https:\/\/psol50.org.br\/renata-souza-psol-sofre-novas-ameacas-de-morte-e-insultos-racistas\/#primaryimage","url":"https:\/\/psol50.org.br\/inc\/uploads\/2025\/11\/Captura-de-Tela-2025-11-25-as-16.25.12.png","contentUrl":"https:\/\/psol50.org.br\/inc\/uploads\/2025\/11\/Captura-de-Tela-2025-11-25-as-16.25.12.png","width":2062,"height":1376,"caption":"Foto: Divulga\u00e7\u00e3o"},{"@type":"BreadcrumbList","@id":"https:\/\/psol50.org.br\/renata-souza-psol-sofre-novas-ameacas-de-morte-e-insultos-racistas\/#breadcrumb","itemListElement":[{"@type":"ListItem","position":1,"name":"In\u00edcio","item":"https:\/\/psol50.org.br\/"},{"@type":"ListItem","position":2,"name":"Renata Souza (PSOL-RJ) sofre novas amea\u00e7as de morte e insultos racistas"}]},{"@type":"WebSite","@id":"https:\/\/psol50.org.br\/#website","url":"https:\/\/psol50.org.br\/","name":"PSOL 50","description":"Site oficial do Partido Socialismo e Liberdade","publisher":{"@id":"https:\/\/psol50.org.br\/#organization"},"alternateName":"PSOL50","potentialAction":[{"@type":"SearchAction","target":{"@type":"EntryPoint","urlTemplate":"https:\/\/psol50.org.br\/?s={search_term_string}"},"query-input":{"@type":"PropertyValueSpecification","valueRequired":true,"valueName":"search_term_string"}}],"inLanguage":"pt-BR"},{"@type":"Organization","@id":"https:\/\/psol50.org.br\/#organization","name":"PSOL 50","alternateName":"PSOL 50","url":"https:\/\/psol50.org.br\/","logo":{"@type":"ImageObject","inLanguage":"pt-BR","@id":"https:\/\/psol50.org.br\/#\/schema\/logo\/image\/","url":"https:\/\/psol50.org.br\/inc\/uploads\/2018\/07\/capa.png","contentUrl":"https:\/\/psol50.org.br\/inc\/uploads\/2018\/07\/capa.png","width":1350,"height":900,"caption":"PSOL 50"},"image":{"@id":"https:\/\/psol50.org.br\/#\/schema\/logo\/image\/"},"sameAs":["https:\/\/www.facebook.com\/psol50","https:\/\/x.com\/psol50","https:\/\/www.instagram.com\/psol50\/","https:\/\/www.youtube.com\/channel\/UC7SnJS5o1os7a6CaiNabzcg"]},{"@type":"Person","@id":"https:\/\/psol50.org.br\/#\/schema\/person\/475dfa57d0b815993c714c2e96491fcd","name":"Comunica\u00e7\u00e3o PSOL","image":{"@type":"ImageObject","inLanguage":"pt-BR","@id":"https:\/\/psol50.org.br\/#\/schema\/person\/image\/","url":"https:\/\/secure.gravatar.com\/avatar\/b34fc4f4e468a4e51785917065a3db57b841f5c95dba6ad8c73aaf8f66f8f9bf?s=96&d=mm&r=g","contentUrl":"https:\/\/secure.gravatar.com\/avatar\/b34fc4f4e468a4e51785917065a3db57b841f5c95dba6ad8c73aaf8f66f8f9bf?s=96&d=mm&r=g","caption":"Comunica\u00e7\u00e3o PSOL"}}]}},"_links":{"self":[{"href":"https:\/\/psol50.org.br\/rest\/wp\/v2\/posts\/42386","targetHints":{"allow":["GET"]}}],"collection":[{"href":"https:\/\/psol50.org.br\/rest\/wp\/v2\/posts"}],"about":[{"href":"https:\/\/psol50.org.br\/rest\/wp\/v2\/types\/post"}],"author":[{"embeddable":true,"href":"https:\/\/psol50.org.br\/rest\/wp\/v2\/users\/2"}],"replies":[{"embeddable":true,"href":"https:\/\/psol50.org.br\/rest\/wp\/v2\/comments?post=42386"}],"version-history":[{"count":4,"href":"https:\/\/psol50.org.br\/rest\/wp\/v2\/posts\/42386\/revisions"}],"predecessor-version":[{"id":42390,"href":"https:\/\/psol50.org.br\/rest\/wp\/v2\/posts\/42386\/revisions\/42390"}],"wp:featuredmedia":[{"embeddable":true,"href":"https:\/\/psol50.org.br\/rest\/wp\/v2\/media\/42172"}],"wp:attachment":[{"href":"https:\/\/psol50.org.br\/rest\/wp\/v2\/media?parent=42386"}],"wp:term":[{"taxonomy":"category","embeddable":true,"href":"https:\/\/psol50.org.br\/rest\/wp\/v2\/categories?post=42386"},{"taxonomy":"post_tag","embeddable":true,"href":"https:\/\/psol50.org.br\/rest\/wp\/v2\/tags?post=42386"}],"curies":[{"name":"wp","href":"https:\/\/api.w.org\/{rel}","templated":true}]}}