{"id":42418,"date":"2026-01-21T10:34:35","date_gmt":"2026-01-21T13:34:35","guid":{"rendered":"https:\/\/psol50.org.br\/?p=42418"},"modified":"2026-01-21T10:34:35","modified_gmt":"2026-01-21T13:34:35","slug":"bella-goncalves-aciona-tce-contra-gastos-abusivos-de-zema-com-aviao-oficial","status":"publish","type":"post","link":"https:\/\/psol50.org.br\/bella-goncalves-aciona-tce-contra-gastos-abusivos-de-zema-com-aviao-oficial\/","title":{"rendered":"Bella Gon\u00e7alves (PSOL-MG) aciona TCE contra gastos abusivos de Zema com avi\u00e3o oficial"},"content":{"rendered":"<p>A deputada estadual Bella Gon\u00e7alves (PSOL-MG) denunciou ao Tribunal de Contas do Estado de Minas Gerais (TCE-MG) os gastos abusivos do governador Romeu Zema (Novo) com o uso de aeronaves oficiais em viagens fora do estado. A representa\u00e7\u00e3o foi protocolada nesta segunda-feira (19), em conjunto com a deputada Leninha (PT), e pede a apura\u00e7\u00e3o do uso de recursos p\u00fablicos em agendas com ind\u00edcios de car\u00e1ter pol\u00edtico-eleitoral.<\/p>\n<p>A den\u00fancia tem como base reportagens da imprensa, especialmente do jornal O Globo, que apontam gastos recordes com combust\u00edvel aeron\u00e1utico ligados ao gabinete do governador. Apenas em 2025, as despesas com avi\u00f5es oficiais chegaram a quase R$ 1,5 milh\u00e3o, valor superior ao registrado em 2022, ano eleitoral, quando os gastos somaram cerca de R$ 1,4 milh\u00e3o.<\/p>\n<p>Segundo as parlamentares, aeronaves do Estado teriam sido utilizadas para possibilitar a presen\u00e7a de Zema em eventos partid\u00e1rios e de pr\u00e9-campanha \u00e0 Presid\u00eancia da Rep\u00fablica em 2026. Entre os compromissos citados est\u00e3o encontros do Partido Novo e eventos como a Festa do Pe\u00e3o de Barretos e o Festival de Moda em Itu, todos fora de Minas Gerais.<\/p>\n<p>Na representa\u00e7\u00e3o, Bella Gon\u00e7alves pede que o TCE-MG investigue a legalidade, a finalidade e a moralidade do uso das aeronaves oficiais. A deputada ressalta que o objetivo \u00e9 apurar poss\u00edvel desvio de finalidade no uso de bens p\u00fablicos e que, caso haja ind\u00edcios de repercuss\u00e3o eleitoral, o caso seja encaminhado ao Minist\u00e9rio P\u00fablico Eleitoral. <\/p>\n<p>\u201cIsso n\u00e3o seria um problema se ele tivesse viajado para cumprir os interesses de Minas Gerais. O que pedimos \u00e9 transpar\u00eancia e respeito aos princ\u00edpios da administra\u00e7\u00e3o p\u00fablica\u201d, afirma Bella.<\/p>\n","protected":false},"excerpt":{"rendered":"<p>A deputada estadual Bella Gon\u00e7alves (PSOL-MG) denunciou ao Tribunal de Contas do Estado de Minas Gerais (TCE-MG) os gastos abusivos do governador Romeu Zema (Novo) com o uso de aeronaves oficiais em viagens fora do estado. A representa\u00e7\u00e3o foi protocolada nesta segunda-feira (19), em conjunto com a deputada Leninha (PT), e pede a apura\u00e7\u00e3o do [&hellip;]<\/p>\n","protected":false},"author":2,"featured_media":42419,"comment_status":"closed","ping_status":"open","sticky":false,"template":"","format":"standard","meta":{"_acf_changed":false,"footnotes":""},"categories":[654],"tags":[4825],"class_list":{"0":"post-42418","1":"post","2":"type-post","3":"status-publish","4":"format-standard","5":"has-post-thumbnail","7":"category-estados","8":"tag-noticias"},"acf":[],"yoast_head":"<!-- This site is optimized with the Yoast SEO plugin v26.5 - https:\/\/yoast.com\/wordpress\/plugins\/seo\/ -->\n<title>Bella Gon\u00e7alves (PSOL-MG) aciona TCE contra gastos abusivos de Zema com avi\u00e3o oficial - PSOL 50<\/title>\n<meta name=\"description\" content=\"Bella Gon\u00e7alves (PSOL-MG) acionou o TCE de Minas Gerais para investigar os gastos do governador do estado com viagens. Saiba mais.\" \/>\n<meta name=\"robots\" content=\"index, follow, max-snippet:-1, max-image-preview:large, max-video-preview:-1\" \/>\n<link rel=\"canonical\" href=\"https:\/\/psol50.org.br\/bella-goncalves-aciona-tce-contra-gastos-abusivos-de-zema-com-aviao-oficial\/\" \/>\n<meta property=\"og:locale\" content=\"pt_BR\" \/>\n<meta property=\"og:type\" content=\"article\" \/>\n<meta property=\"og:title\" content=\"Bella Gon\u00e7alves (PSOL-MG) aciona TCE contra gastos abusivos de Zema com avi\u00e3o oficial - PSOL 50\" \/>\n<meta property=\"og:description\" content=\"Bella Gon\u00e7alves (PSOL-MG) acionou o TCE de Minas Gerais para investigar os gastos do governador do estado com viagens. Saiba mais.\" \/>\n<meta property=\"og:url\" content=\"https:\/\/psol50.org.br\/bella-goncalves-aciona-tce-contra-gastos-abusivos-de-zema-com-aviao-oficial\/\" \/>\n<meta property=\"og:site_name\" content=\"PSOL 50\" \/>\n<meta property=\"article:publisher\" content=\"https:\/\/www.facebook.com\/psol50\" \/>\n<meta property=\"article:published_time\" content=\"2026-01-21T13:34:35+00:00\" \/>\n<meta property=\"og:image\" content=\"https:\/\/psol50.org.br\/inc\/uploads\/2026\/01\/54018598035_0e95fa6761_b.jpg\" \/>\n\t<meta property=\"og:image:width\" content=\"1024\" \/>\n\t<meta property=\"og:image:height\" content=\"684\" \/>\n\t<meta property=\"og:image:type\" content=\"image\/jpeg\" \/>\n<meta name=\"author\" content=\"Comunica\u00e7\u00e3o PSOL\" \/>\n<meta name=\"twitter:card\" content=\"summary_large_image\" \/>\n<meta name=\"twitter:creator\" content=\"@psol50\" \/>\n<meta name=\"twitter:site\" content=\"@psol50\" \/>\n<meta name=\"twitter:label1\" content=\"Escrito por\" \/>\n\t<meta name=\"twitter:data1\" content=\"Comunica\u00e7\u00e3o PSOL\" \/>\n\t<meta name=\"twitter:label2\" content=\"Est. tempo de leitura\" \/>\n\t<meta name=\"twitter:data2\" content=\"1 minuto\" \/>\n<script type=\"application\/ld+json\" class=\"yoast-schema-graph\">{\"@context\":\"https:\/\/schema.org\",\"@graph\":[{\"@type\":\"Article\",\"@id\":\"https:\/\/psol50.org.br\/bella-goncalves-aciona-tce-contra-gastos-abusivos-de-zema-com-aviao-oficial\/#article\",\"isPartOf\":{\"@id\":\"https:\/\/psol50.org.br\/bella-goncalves-aciona-tce-contra-gastos-abusivos-de-zema-com-aviao-oficial\/\"},\"author\":{\"name\":\"Comunica\u00e7\u00e3o PSOL\",\"@id\":\"https:\/\/psol50.org.br\/#\/schema\/person\/475dfa57d0b815993c714c2e96491fcd\"},\"headline\":\"Bella Gon\u00e7alves (PSOL-MG) aciona TCE contra gastos abusivos de Zema com avi\u00e3o oficial\",\"datePublished\":\"2026-01-21T13:34:35+00:00\",\"mainEntityOfPage\":{\"@id\":\"https:\/\/psol50.org.br\/bella-goncalves-aciona-tce-contra-gastos-abusivos-de-zema-com-aviao-oficial\/\"},\"wordCount\":302,\"publisher\":{\"@id\":\"https:\/\/psol50.org.br\/#organization\"},\"image\":{\"@id\":\"https:\/\/psol50.org.br\/bella-goncalves-aciona-tce-contra-gastos-abusivos-de-zema-com-aviao-oficial\/#primaryimage\"},\"thumbnailUrl\":\"https:\/\/psol50.org.br\/inc\/uploads\/2026\/01\/54018598035_0e95fa6761_b.jpg\",\"keywords\":[\"Not\u00edcias\"],\"articleSection\":[\"Estados\"],\"inLanguage\":\"pt-BR\"},{\"@type\":\"WebPage\",\"@id\":\"https:\/\/psol50.org.br\/bella-goncalves-aciona-tce-contra-gastos-abusivos-de-zema-com-aviao-oficial\/\",\"url\":\"https:\/\/psol50.org.br\/bella-goncalves-aciona-tce-contra-gastos-abusivos-de-zema-com-aviao-oficial\/\",\"name\":\"Bella Gon\u00e7alves (PSOL-MG) aciona TCE contra gastos abusivos de Zema com avi\u00e3o oficial - PSOL 50\",\"isPartOf\":{\"@id\":\"https:\/\/psol50.org.br\/#website\"},\"primaryImageOfPage\":{\"@id\":\"https:\/\/psol50.org.br\/bella-goncalves-aciona-tce-contra-gastos-abusivos-de-zema-com-aviao-oficial\/#primaryimage\"},\"image\":{\"@id\":\"https:\/\/psol50.org.br\/bella-goncalves-aciona-tce-contra-gastos-abusivos-de-zema-com-aviao-oficial\/#primaryimage\"},\"thumbnailUrl\":\"https:\/\/psol50.org.br\/inc\/uploads\/2026\/01\/54018598035_0e95fa6761_b.jpg\",\"datePublished\":\"2026-01-21T13:34:35+00:00\",\"description\":\"Bella Gon\u00e7alves (PSOL-MG) acionou o TCE de Minas Gerais para investigar os gastos do governador do estado com viagens. Saiba mais.\",\"breadcrumb\":{\"@id\":\"https:\/\/psol50.org.br\/bella-goncalves-aciona-tce-contra-gastos-abusivos-de-zema-com-aviao-oficial\/#breadcrumb\"},\"inLanguage\":\"pt-BR\",\"potentialAction\":[{\"@type\":\"ReadAction\",\"target\":[\"https:\/\/psol50.org.br\/bella-goncalves-aciona-tce-contra-gastos-abusivos-de-zema-com-aviao-oficial\/\"]}]},{\"@type\":\"ImageObject\",\"inLanguage\":\"pt-BR\",\"@id\":\"https:\/\/psol50.org.br\/bella-goncalves-aciona-tce-contra-gastos-abusivos-de-zema-com-aviao-oficial\/#primaryimage\",\"url\":\"https:\/\/psol50.org.br\/inc\/uploads\/2026\/01\/54018598035_0e95fa6761_b.jpg\",\"contentUrl\":\"https:\/\/psol50.org.br\/inc\/uploads\/2026\/01\/54018598035_0e95fa6761_b.jpg\",\"width\":1024,\"height\":684,\"caption\":\"Foto: Mandato\"},{\"@type\":\"BreadcrumbList\",\"@id\":\"https:\/\/psol50.org.br\/bella-goncalves-aciona-tce-contra-gastos-abusivos-de-zema-com-aviao-oficial\/#breadcrumb\",\"itemListElement\":[{\"@type\":\"ListItem\",\"position\":1,\"name\":\"In\u00edcio\",\"item\":\"https:\/\/psol50.org.br\/\"},{\"@type\":\"ListItem\",\"position\":2,\"name\":\"Bella Gon\u00e7alves (PSOL-MG) aciona TCE contra gastos abusivos de Zema com avi\u00e3o oficial\"}]},{\"@type\":\"WebSite\",\"@id\":\"https:\/\/psol50.org.br\/#website\",\"url\":\"https:\/\/psol50.org.br\/\",\"name\":\"PSOL 50\",\"description\":\"Site oficial do Partido Socialismo e Liberdade\",\"publisher\":{\"@id\":\"https:\/\/psol50.org.br\/#organization\"},\"alternateName\":\"PSOL50\",\"potentialAction\":[{\"@type\":\"SearchAction\",\"target\":{\"@type\":\"EntryPoint\",\"urlTemplate\":\"https:\/\/psol50.org.br\/?s={search_term_string}\"},\"query-input\":{\"@type\":\"PropertyValueSpecification\",\"valueRequired\":true,\"valueName\":\"search_term_string\"}}],\"inLanguage\":\"pt-BR\"},{\"@type\":\"Organization\",\"@id\":\"https:\/\/psol50.org.br\/#organization\",\"name\":\"PSOL 50\",\"alternateName\":\"PSOL 50\",\"url\":\"https:\/\/psol50.org.br\/\",\"logo\":{\"@type\":\"ImageObject\",\"inLanguage\":\"pt-BR\",\"@id\":\"https:\/\/psol50.org.br\/#\/schema\/logo\/image\/\",\"url\":\"https:\/\/psol50.org.br\/inc\/uploads\/2018\/07\/capa.png\",\"contentUrl\":\"https:\/\/psol50.org.br\/inc\/uploads\/2018\/07\/capa.png\",\"width\":1350,\"height\":900,\"caption\":\"PSOL 50\"},\"image\":{\"@id\":\"https:\/\/psol50.org.br\/#\/schema\/logo\/image\/\"},\"sameAs\":[\"https:\/\/www.facebook.com\/psol50\",\"https:\/\/x.com\/psol50\",\"https:\/\/www.instagram.com\/psol50\/\",\"https:\/\/www.youtube.com\/channel\/UC7SnJS5o1os7a6CaiNabzcg\"]},{\"@type\":\"Person\",\"@id\":\"https:\/\/psol50.org.br\/#\/schema\/person\/475dfa57d0b815993c714c2e96491fcd\",\"name\":\"Comunica\u00e7\u00e3o PSOL\",\"image\":{\"@type\":\"ImageObject\",\"inLanguage\":\"pt-BR\",\"@id\":\"https:\/\/psol50.org.br\/#\/schema\/person\/image\/\",\"url\":\"https:\/\/secure.gravatar.com\/avatar\/b34fc4f4e468a4e51785917065a3db57b841f5c95dba6ad8c73aaf8f66f8f9bf?s=96&d=mm&r=g\",\"contentUrl\":\"https:\/\/secure.gravatar.com\/avatar\/b34fc4f4e468a4e51785917065a3db57b841f5c95dba6ad8c73aaf8f66f8f9bf?s=96&d=mm&r=g\",\"caption\":\"Comunica\u00e7\u00e3o PSOL\"}}]}<\/script>\n<!-- \/ Yoast SEO plugin. -->","yoast_head_json":{"title":"Bella Gon\u00e7alves (PSOL-MG) aciona TCE contra gastos abusivos de Zema com avi\u00e3o oficial - PSOL 50","description":"Bella Gon\u00e7alves (PSOL-MG) acionou o TCE de Minas Gerais para investigar os gastos do governador do estado com viagens. Saiba mais.","robots":{"index":"index","follow":"follow","max-snippet":"max-snippet:-1","max-image-preview":"max-image-preview:large","max-video-preview":"max-video-preview:-1"},"canonical":"https:\/\/psol50.org.br\/bella-goncalves-aciona-tce-contra-gastos-abusivos-de-zema-com-aviao-oficial\/","og_locale":"pt_BR","og_type":"article","og_title":"Bella Gon\u00e7alves (PSOL-MG) aciona TCE contra gastos abusivos de Zema com avi\u00e3o oficial - PSOL 50","og_description":"Bella Gon\u00e7alves (PSOL-MG) acionou o TCE de Minas Gerais para investigar os gastos do governador do estado com viagens. Saiba mais.","og_url":"https:\/\/psol50.org.br\/bella-goncalves-aciona-tce-contra-gastos-abusivos-de-zema-com-aviao-oficial\/","og_site_name":"PSOL 50","article_publisher":"https:\/\/www.facebook.com\/psol50","article_published_time":"2026-01-21T13:34:35+00:00","og_image":[{"width":1024,"height":684,"url":"https:\/\/psol50.org.br\/inc\/uploads\/2026\/01\/54018598035_0e95fa6761_b.jpg","type":"image\/jpeg"}],"author":"Comunica\u00e7\u00e3o PSOL","twitter_card":"summary_large_image","twitter_creator":"@psol50","twitter_site":"@psol50","twitter_misc":{"Escrito por":"Comunica\u00e7\u00e3o PSOL","Est. tempo de leitura":"1 minuto"},"schema":{"@context":"https:\/\/schema.org","@graph":[{"@type":"Article","@id":"https:\/\/psol50.org.br\/bella-goncalves-aciona-tce-contra-gastos-abusivos-de-zema-com-aviao-oficial\/#article","isPartOf":{"@id":"https:\/\/psol50.org.br\/bella-goncalves-aciona-tce-contra-gastos-abusivos-de-zema-com-aviao-oficial\/"},"author":{"name":"Comunica\u00e7\u00e3o PSOL","@id":"https:\/\/psol50.org.br\/#\/schema\/person\/475dfa57d0b815993c714c2e96491fcd"},"headline":"Bella Gon\u00e7alves (PSOL-MG) aciona TCE contra gastos abusivos de Zema com avi\u00e3o oficial","datePublished":"2026-01-21T13:34:35+00:00","mainEntityOfPage":{"@id":"https:\/\/psol50.org.br\/bella-goncalves-aciona-tce-contra-gastos-abusivos-de-zema-com-aviao-oficial\/"},"wordCount":302,"publisher":{"@id":"https:\/\/psol50.org.br\/#organization"},"image":{"@id":"https:\/\/psol50.org.br\/bella-goncalves-aciona-tce-contra-gastos-abusivos-de-zema-com-aviao-oficial\/#primaryimage"},"thumbnailUrl":"https:\/\/psol50.org.br\/inc\/uploads\/2026\/01\/54018598035_0e95fa6761_b.jpg","keywords":["Not\u00edcias"],"articleSection":["Estados"],"inLanguage":"pt-BR"},{"@type":"WebPage","@id":"https:\/\/psol50.org.br\/bella-goncalves-aciona-tce-contra-gastos-abusivos-de-zema-com-aviao-oficial\/","url":"https:\/\/psol50.org.br\/bella-goncalves-aciona-tce-contra-gastos-abusivos-de-zema-com-aviao-oficial\/","name":"Bella Gon\u00e7alves (PSOL-MG) aciona TCE contra gastos abusivos de Zema com avi\u00e3o oficial - PSOL 50","isPartOf":{"@id":"https:\/\/psol50.org.br\/#website"},"primaryImageOfPage":{"@id":"https:\/\/psol50.org.br\/bella-goncalves-aciona-tce-contra-gastos-abusivos-de-zema-com-aviao-oficial\/#primaryimage"},"image":{"@id":"https:\/\/psol50.org.br\/bella-goncalves-aciona-tce-contra-gastos-abusivos-de-zema-com-aviao-oficial\/#primaryimage"},"thumbnailUrl":"https:\/\/psol50.org.br\/inc\/uploads\/2026\/01\/54018598035_0e95fa6761_b.jpg","datePublished":"2026-01-21T13:34:35+00:00","description":"Bella Gon\u00e7alves (PSOL-MG) acionou o TCE de Minas Gerais para investigar os gastos do governador do estado com viagens. Saiba mais.","breadcrumb":{"@id":"https:\/\/psol50.org.br\/bella-goncalves-aciona-tce-contra-gastos-abusivos-de-zema-com-aviao-oficial\/#breadcrumb"},"inLanguage":"pt-BR","potentialAction":[{"@type":"ReadAction","target":["https:\/\/psol50.org.br\/bella-goncalves-aciona-tce-contra-gastos-abusivos-de-zema-com-aviao-oficial\/"]}]},{"@type":"ImageObject","inLanguage":"pt-BR","@id":"https:\/\/psol50.org.br\/bella-goncalves-aciona-tce-contra-gastos-abusivos-de-zema-com-aviao-oficial\/#primaryimage","url":"https:\/\/psol50.org.br\/inc\/uploads\/2026\/01\/54018598035_0e95fa6761_b.jpg","contentUrl":"https:\/\/psol50.org.br\/inc\/uploads\/2026\/01\/54018598035_0e95fa6761_b.jpg","width":1024,"height":684,"caption":"Foto: Mandato"},{"@type":"BreadcrumbList","@id":"https:\/\/psol50.org.br\/bella-goncalves-aciona-tce-contra-gastos-abusivos-de-zema-com-aviao-oficial\/#breadcrumb","itemListElement":[{"@type":"ListItem","position":1,"name":"In\u00edcio","item":"https:\/\/psol50.org.br\/"},{"@type":"ListItem","position":2,"name":"Bella Gon\u00e7alves (PSOL-MG) aciona TCE contra gastos abusivos de Zema com avi\u00e3o oficial"}]},{"@type":"WebSite","@id":"https:\/\/psol50.org.br\/#website","url":"https:\/\/psol50.org.br\/","name":"PSOL 50","description":"Site oficial do Partido Socialismo e Liberdade","publisher":{"@id":"https:\/\/psol50.org.br\/#organization"},"alternateName":"PSOL50","potentialAction":[{"@type":"SearchAction","target":{"@type":"EntryPoint","urlTemplate":"https:\/\/psol50.org.br\/?s={search_term_string}"},"query-input":{"@type":"PropertyValueSpecification","valueRequired":true,"valueName":"search_term_string"}}],"inLanguage":"pt-BR"},{"@type":"Organization","@id":"https:\/\/psol50.org.br\/#organization","name":"PSOL 50","alternateName":"PSOL 50","url":"https:\/\/psol50.org.br\/","logo":{"@type":"ImageObject","inLanguage":"pt-BR","@id":"https:\/\/psol50.org.br\/#\/schema\/logo\/image\/","url":"https:\/\/psol50.org.br\/inc\/uploads\/2018\/07\/capa.png","contentUrl":"https:\/\/psol50.org.br\/inc\/uploads\/2018\/07\/capa.png","width":1350,"height":900,"caption":"PSOL 50"},"image":{"@id":"https:\/\/psol50.org.br\/#\/schema\/logo\/image\/"},"sameAs":["https:\/\/www.facebook.com\/psol50","https:\/\/x.com\/psol50","https:\/\/www.instagram.com\/psol50\/","https:\/\/www.youtube.com\/channel\/UC7SnJS5o1os7a6CaiNabzcg"]},{"@type":"Person","@id":"https:\/\/psol50.org.br\/#\/schema\/person\/475dfa57d0b815993c714c2e96491fcd","name":"Comunica\u00e7\u00e3o PSOL","image":{"@type":"ImageObject","inLanguage":"pt-BR","@id":"https:\/\/psol50.org.br\/#\/schema\/person\/image\/","url":"https:\/\/secure.gravatar.com\/avatar\/b34fc4f4e468a4e51785917065a3db57b841f5c95dba6ad8c73aaf8f66f8f9bf?s=96&d=mm&r=g","contentUrl":"https:\/\/secure.gravatar.com\/avatar\/b34fc4f4e468a4e51785917065a3db57b841f5c95dba6ad8c73aaf8f66f8f9bf?s=96&d=mm&r=g","caption":"Comunica\u00e7\u00e3o PSOL"}}]}},"_links":{"self":[{"href":"https:\/\/psol50.org.br\/rest\/wp\/v2\/posts\/42418","targetHints":{"allow":["GET"]}}],"collection":[{"href":"https:\/\/psol50.org.br\/rest\/wp\/v2\/posts"}],"about":[{"href":"https:\/\/psol50.org.br\/rest\/wp\/v2\/types\/post"}],"author":[{"embeddable":true,"href":"https:\/\/psol50.org.br\/rest\/wp\/v2\/users\/2"}],"replies":[{"embeddable":true,"href":"https:\/\/psol50.org.br\/rest\/wp\/v2\/comments?post=42418"}],"version-history":[{"count":1,"href":"https:\/\/psol50.org.br\/rest\/wp\/v2\/posts\/42418\/revisions"}],"predecessor-version":[{"id":42420,"href":"https:\/\/psol50.org.br\/rest\/wp\/v2\/posts\/42418\/revisions\/42420"}],"wp:featuredmedia":[{"embeddable":true,"href":"https:\/\/psol50.org.br\/rest\/wp\/v2\/media\/42419"}],"wp:attachment":[{"href":"https:\/\/psol50.org.br\/rest\/wp\/v2\/media?parent=42418"}],"wp:term":[{"taxonomy":"category","embeddable":true,"href":"https:\/\/psol50.org.br\/rest\/wp\/v2\/categories?post=42418"},{"taxonomy":"post_tag","embeddable":true,"href":"https:\/\/psol50.org.br\/rest\/wp\/v2\/tags?post=42418"}],"curies":[{"name":"wp","href":"https:\/\/api.w.org\/{rel}","templated":true}]}}