{"id":42422,"date":"2026-01-23T16:12:22","date_gmt":"2026-01-23T19:12:22","guid":{"rendered":"https:\/\/psol50.org.br\/?p=42422"},"modified":"2026-02-11T15:29:17","modified_gmt":"2026-02-11T18:29:17","slug":"nota-do-psol-seguimos-em-solidariedade-e-em-defesa-de-rojava","status":"publish","type":"post","link":"https:\/\/psol50.org.br\/nota-do-psol-seguimos-em-solidariedade-e-em-defesa-de-rojava\/","title":{"rendered":"Nota do PSOL: Seguimos em solidariedade e em defesa de Rojava"},"content":{"rendered":"<p>Repudiamos a ofensiva militar do governo interino s\u00edrio, coordenada com o governo da Turquia, e a inaceit\u00e1vel incorpora\u00e7\u00e3o for\u00e7ada de territ\u00f3rios anteriormente administrados pelas For\u00e7as Democr\u00e1ticas S\u00edrias (SDF), que representam um ataque direto \u00e0 experi\u00eancia pol\u00edtica de Rojava e colocam em risco uma das mais importantes tentativas recentes de constru\u00e7\u00e3o popular no Oriente M\u00e9dio e entre os povos do mundo.<\/p>\n<p>Com uma administra\u00e7\u00e3o aut\u00f4noma e popular, o territ\u00f3rio independente representa uma disputa direta por mais direitos para o povo curdo em toda a regi\u00e3o e uma amea\u00e7a aos interesses dos poderosos em um continente marcado por regimes autorit\u00e1rios, guerras e interven\u00e7\u00f5es imperialistas.<\/p>\n<p>Denunciamos que a imposi\u00e7\u00e3o militar de controle do Estado sobre a regi\u00e3o representa o silenciamento violento de um processo democr\u00e1tico constru\u00eddo pelo povo. Alertamos ainda para o risco de repress\u00e3o pol\u00edtica, persegui\u00e7\u00e3o a lideran\u00e7as locais, retrocessos nos direitos das mulheres e apagamento das formas de autogoverno popular que foram a base dessa experi\u00eancia.<\/p>\n<p>Defender Rojava \u00e9 defender o direito dos povos \u00e0 autodetermina\u00e7\u00e3o, a democracia real e a possibilidade de organiza\u00e7\u00e3o pol\u00edtica baseada na justi\u00e7a social e na igualdade. Uma S\u00edria democr\u00e1tica contribui para estabilidade de toda a regi\u00e3o, sendo urgente o reconhecimento legal e pol\u00edtico da Administra\u00e7\u00e3o Aut\u00f4noma Democr\u00e1tica do Norte e Leste da S\u00edria (DAANES).<\/p>\n<p><em><strong>Executiva Nacional do PSOL<\/strong><\/em><br \/>\n<em><strong>23 de janeiro de 2026<\/strong><\/em><\/p>\n","protected":false},"excerpt":{"rendered":"<p>Repudiamos a ofensiva militar do governo interino s\u00edrio, coordenada com o governo da Turquia, e a inaceit\u00e1vel incorpora\u00e7\u00e3o for\u00e7ada de territ\u00f3rios anteriormente administrados pelas For\u00e7as Democr\u00e1ticas S\u00edrias (SDF), que representam um ataque direto \u00e0 experi\u00eancia pol\u00edtica de Rojava e colocam em risco uma das mais importantes tentativas recentes de constru\u00e7\u00e3o popular no Oriente M\u00e9dio e [&hellip;]<\/p>\n","protected":false},"author":2,"featured_media":42424,"comment_status":"closed","ping_status":"open","sticky":false,"template":"","format":"standard","meta":{"_acf_changed":false,"footnotes":""},"categories":[836,72],"tags":[4825],"class_list":{"0":"post-42422","1":"post","2":"type-post","3":"status-publish","4":"format-standard","5":"has-post-thumbnail","7":"category-internacional","8":"category-resolucoes","9":"tag-noticias"},"acf":[],"yoast_head":"<!-- This site is optimized with the Yoast SEO plugin v26.5 - https:\/\/yoast.com\/wordpress\/plugins\/seo\/ -->\n<title>Nota do PSOL: Seguimos em solidariedade e em defesa de Rojava<\/title>\n<meta name=\"description\" content=\"Com uma administra\u00e7\u00e3o aut\u00f4noma e popular, o territ\u00f3rio independente representa uma disputa direta por mais direitos para o povo curdo em toda a regi\u00e3o.\" \/>\n<meta name=\"robots\" content=\"index, follow, max-snippet:-1, max-image-preview:large, max-video-preview:-1\" \/>\n<link rel=\"canonical\" href=\"https:\/\/psol50.org.br\/nota-do-psol-seguimos-em-solidariedade-e-em-defesa-de-rojava\/\" \/>\n<meta property=\"og:locale\" content=\"pt_BR\" \/>\n<meta property=\"og:type\" content=\"article\" \/>\n<meta property=\"og:title\" content=\"Nota do PSOL: Seguimos em solidariedade e em defesa de Rojava\" \/>\n<meta property=\"og:description\" content=\"Com uma administra\u00e7\u00e3o aut\u00f4noma e popular, o territ\u00f3rio independente representa uma disputa direta por mais direitos para o povo curdo em toda a regi\u00e3o.\" \/>\n<meta property=\"og:url\" content=\"https:\/\/psol50.org.br\/nota-do-psol-seguimos-em-solidariedade-e-em-defesa-de-rojava\/\" \/>\n<meta property=\"og:site_name\" content=\"PSOL 50\" \/>\n<meta property=\"article:publisher\" content=\"https:\/\/www.facebook.com\/psol50\" \/>\n<meta property=\"article:published_time\" content=\"2026-01-23T19:12:22+00:00\" \/>\n<meta property=\"article:modified_time\" content=\"2026-02-11T18:29:17+00:00\" \/>\n<meta property=\"og:image\" content=\"https:\/\/psol50.org.br\/inc\/uploads\/2026\/01\/YPJ_fighters_2.jpg\" \/>\n\t<meta property=\"og:image:width\" content=\"1785\" \/>\n\t<meta property=\"og:image:height\" content=\"1364\" \/>\n\t<meta property=\"og:image:type\" content=\"image\/jpeg\" \/>\n<meta name=\"author\" content=\"Comunica\u00e7\u00e3o PSOL\" \/>\n<meta name=\"twitter:card\" content=\"summary_large_image\" \/>\n<meta name=\"twitter:creator\" content=\"@psol50\" \/>\n<meta name=\"twitter:site\" content=\"@psol50\" \/>\n<meta name=\"twitter:label1\" content=\"Escrito por\" \/>\n\t<meta name=\"twitter:data1\" content=\"Comunica\u00e7\u00e3o PSOL\" \/>\n\t<meta name=\"twitter:label2\" content=\"Est. tempo de leitura\" \/>\n\t<meta name=\"twitter:data2\" content=\"1 minuto\" \/>\n<script type=\"application\/ld+json\" class=\"yoast-schema-graph\">{\"@context\":\"https:\/\/schema.org\",\"@graph\":[{\"@type\":\"Article\",\"@id\":\"https:\/\/psol50.org.br\/nota-do-psol-seguimos-em-solidariedade-e-em-defesa-de-rojava\/#article\",\"isPartOf\":{\"@id\":\"https:\/\/psol50.org.br\/nota-do-psol-seguimos-em-solidariedade-e-em-defesa-de-rojava\/\"},\"author\":{\"name\":\"Comunica\u00e7\u00e3o PSOL\",\"@id\":\"https:\/\/psol50.org.br\/#\/schema\/person\/475dfa57d0b815993c714c2e96491fcd\"},\"headline\":\"Nota do PSOL: Seguimos em solidariedade e em defesa de Rojava\",\"datePublished\":\"2026-01-23T19:12:22+00:00\",\"dateModified\":\"2026-02-11T18:29:17+00:00\",\"mainEntityOfPage\":{\"@id\":\"https:\/\/psol50.org.br\/nota-do-psol-seguimos-em-solidariedade-e-em-defesa-de-rojava\/\"},\"wordCount\":264,\"publisher\":{\"@id\":\"https:\/\/psol50.org.br\/#organization\"},\"image\":{\"@id\":\"https:\/\/psol50.org.br\/nota-do-psol-seguimos-em-solidariedade-e-em-defesa-de-rojava\/#primaryimage\"},\"thumbnailUrl\":\"https:\/\/psol50.org.br\/inc\/uploads\/2026\/01\/YPJ_fighters_2.jpg\",\"keywords\":[\"Not\u00edcias\"],\"articleSection\":[\"Internacional\",\"Resolu\u00e7\u00f5es\"],\"inLanguage\":\"pt-BR\"},{\"@type\":\"WebPage\",\"@id\":\"https:\/\/psol50.org.br\/nota-do-psol-seguimos-em-solidariedade-e-em-defesa-de-rojava\/\",\"url\":\"https:\/\/psol50.org.br\/nota-do-psol-seguimos-em-solidariedade-e-em-defesa-de-rojava\/\",\"name\":\"Nota do PSOL: Seguimos em solidariedade e em defesa de Rojava\",\"isPartOf\":{\"@id\":\"https:\/\/psol50.org.br\/#website\"},\"primaryImageOfPage\":{\"@id\":\"https:\/\/psol50.org.br\/nota-do-psol-seguimos-em-solidariedade-e-em-defesa-de-rojava\/#primaryimage\"},\"image\":{\"@id\":\"https:\/\/psol50.org.br\/nota-do-psol-seguimos-em-solidariedade-e-em-defesa-de-rojava\/#primaryimage\"},\"thumbnailUrl\":\"https:\/\/psol50.org.br\/inc\/uploads\/2026\/01\/YPJ_fighters_2.jpg\",\"datePublished\":\"2026-01-23T19:12:22+00:00\",\"dateModified\":\"2026-02-11T18:29:17+00:00\",\"description\":\"Com uma administra\u00e7\u00e3o aut\u00f4noma e popular, o territ\u00f3rio independente representa uma disputa direta por mais direitos para o povo curdo em toda a regi\u00e3o.\",\"breadcrumb\":{\"@id\":\"https:\/\/psol50.org.br\/nota-do-psol-seguimos-em-solidariedade-e-em-defesa-de-rojava\/#breadcrumb\"},\"inLanguage\":\"pt-BR\",\"potentialAction\":[{\"@type\":\"ReadAction\",\"target\":[\"https:\/\/psol50.org.br\/nota-do-psol-seguimos-em-solidariedade-e-em-defesa-de-rojava\/\"]}]},{\"@type\":\"ImageObject\",\"inLanguage\":\"pt-BR\",\"@id\":\"https:\/\/psol50.org.br\/nota-do-psol-seguimos-em-solidariedade-e-em-defesa-de-rojava\/#primaryimage\",\"url\":\"https:\/\/psol50.org.br\/inc\/uploads\/2026\/01\/YPJ_fighters_2.jpg\",\"contentUrl\":\"https:\/\/psol50.org.br\/inc\/uploads\/2026\/01\/YPJ_fighters_2.jpg\",\"width\":1785,\"height\":1364,\"caption\":\"Foto: BijiKurdistan\/Wikimedia Commons\"},{\"@type\":\"BreadcrumbList\",\"@id\":\"https:\/\/psol50.org.br\/nota-do-psol-seguimos-em-solidariedade-e-em-defesa-de-rojava\/#breadcrumb\",\"itemListElement\":[{\"@type\":\"ListItem\",\"position\":1,\"name\":\"In\u00edcio\",\"item\":\"https:\/\/psol50.org.br\/\"},{\"@type\":\"ListItem\",\"position\":2,\"name\":\"Nota do PSOL: Seguimos em solidariedade e em defesa de Rojava\"}]},{\"@type\":\"WebSite\",\"@id\":\"https:\/\/psol50.org.br\/#website\",\"url\":\"https:\/\/psol50.org.br\/\",\"name\":\"PSOL 50\",\"description\":\"Site oficial do Partido Socialismo e Liberdade\",\"publisher\":{\"@id\":\"https:\/\/psol50.org.br\/#organization\"},\"alternateName\":\"PSOL50\",\"potentialAction\":[{\"@type\":\"SearchAction\",\"target\":{\"@type\":\"EntryPoint\",\"urlTemplate\":\"https:\/\/psol50.org.br\/?s={search_term_string}\"},\"query-input\":{\"@type\":\"PropertyValueSpecification\",\"valueRequired\":true,\"valueName\":\"search_term_string\"}}],\"inLanguage\":\"pt-BR\"},{\"@type\":\"Organization\",\"@id\":\"https:\/\/psol50.org.br\/#organization\",\"name\":\"PSOL 50\",\"alternateName\":\"PSOL 50\",\"url\":\"https:\/\/psol50.org.br\/\",\"logo\":{\"@type\":\"ImageObject\",\"inLanguage\":\"pt-BR\",\"@id\":\"https:\/\/psol50.org.br\/#\/schema\/logo\/image\/\",\"url\":\"https:\/\/psol50.org.br\/inc\/uploads\/2018\/07\/capa.png\",\"contentUrl\":\"https:\/\/psol50.org.br\/inc\/uploads\/2018\/07\/capa.png\",\"width\":1350,\"height\":900,\"caption\":\"PSOL 50\"},\"image\":{\"@id\":\"https:\/\/psol50.org.br\/#\/schema\/logo\/image\/\"},\"sameAs\":[\"https:\/\/www.facebook.com\/psol50\",\"https:\/\/x.com\/psol50\",\"https:\/\/www.instagram.com\/psol50\/\",\"https:\/\/www.youtube.com\/channel\/UC7SnJS5o1os7a6CaiNabzcg\"]},{\"@type\":\"Person\",\"@id\":\"https:\/\/psol50.org.br\/#\/schema\/person\/475dfa57d0b815993c714c2e96491fcd\",\"name\":\"Comunica\u00e7\u00e3o PSOL\",\"image\":{\"@type\":\"ImageObject\",\"inLanguage\":\"pt-BR\",\"@id\":\"https:\/\/psol50.org.br\/#\/schema\/person\/image\/\",\"url\":\"https:\/\/secure.gravatar.com\/avatar\/b34fc4f4e468a4e51785917065a3db57b841f5c95dba6ad8c73aaf8f66f8f9bf?s=96&d=mm&r=g\",\"contentUrl\":\"https:\/\/secure.gravatar.com\/avatar\/b34fc4f4e468a4e51785917065a3db57b841f5c95dba6ad8c73aaf8f66f8f9bf?s=96&d=mm&r=g\",\"caption\":\"Comunica\u00e7\u00e3o PSOL\"}}]}<\/script>\n<!-- \/ Yoast SEO plugin. -->","yoast_head_json":{"title":"Nota do PSOL: Seguimos em solidariedade e em defesa de Rojava","description":"Com uma administra\u00e7\u00e3o aut\u00f4noma e popular, o territ\u00f3rio independente representa uma disputa direta por mais direitos para o povo curdo em toda a regi\u00e3o.","robots":{"index":"index","follow":"follow","max-snippet":"max-snippet:-1","max-image-preview":"max-image-preview:large","max-video-preview":"max-video-preview:-1"},"canonical":"https:\/\/psol50.org.br\/nota-do-psol-seguimos-em-solidariedade-e-em-defesa-de-rojava\/","og_locale":"pt_BR","og_type":"article","og_title":"Nota do PSOL: Seguimos em solidariedade e em defesa de Rojava","og_description":"Com uma administra\u00e7\u00e3o aut\u00f4noma e popular, o territ\u00f3rio independente representa uma disputa direta por mais direitos para o povo curdo em toda a regi\u00e3o.","og_url":"https:\/\/psol50.org.br\/nota-do-psol-seguimos-em-solidariedade-e-em-defesa-de-rojava\/","og_site_name":"PSOL 50","article_publisher":"https:\/\/www.facebook.com\/psol50","article_published_time":"2026-01-23T19:12:22+00:00","article_modified_time":"2026-02-11T18:29:17+00:00","og_image":[{"width":1785,"height":1364,"url":"https:\/\/psol50.org.br\/inc\/uploads\/2026\/01\/YPJ_fighters_2.jpg","type":"image\/jpeg"}],"author":"Comunica\u00e7\u00e3o PSOL","twitter_card":"summary_large_image","twitter_creator":"@psol50","twitter_site":"@psol50","twitter_misc":{"Escrito por":"Comunica\u00e7\u00e3o PSOL","Est. tempo de leitura":"1 minuto"},"schema":{"@context":"https:\/\/schema.org","@graph":[{"@type":"Article","@id":"https:\/\/psol50.org.br\/nota-do-psol-seguimos-em-solidariedade-e-em-defesa-de-rojava\/#article","isPartOf":{"@id":"https:\/\/psol50.org.br\/nota-do-psol-seguimos-em-solidariedade-e-em-defesa-de-rojava\/"},"author":{"name":"Comunica\u00e7\u00e3o PSOL","@id":"https:\/\/psol50.org.br\/#\/schema\/person\/475dfa57d0b815993c714c2e96491fcd"},"headline":"Nota do PSOL: Seguimos em solidariedade e em defesa de Rojava","datePublished":"2026-01-23T19:12:22+00:00","dateModified":"2026-02-11T18:29:17+00:00","mainEntityOfPage":{"@id":"https:\/\/psol50.org.br\/nota-do-psol-seguimos-em-solidariedade-e-em-defesa-de-rojava\/"},"wordCount":264,"publisher":{"@id":"https:\/\/psol50.org.br\/#organization"},"image":{"@id":"https:\/\/psol50.org.br\/nota-do-psol-seguimos-em-solidariedade-e-em-defesa-de-rojava\/#primaryimage"},"thumbnailUrl":"https:\/\/psol50.org.br\/inc\/uploads\/2026\/01\/YPJ_fighters_2.jpg","keywords":["Not\u00edcias"],"articleSection":["Internacional","Resolu\u00e7\u00f5es"],"inLanguage":"pt-BR"},{"@type":"WebPage","@id":"https:\/\/psol50.org.br\/nota-do-psol-seguimos-em-solidariedade-e-em-defesa-de-rojava\/","url":"https:\/\/psol50.org.br\/nota-do-psol-seguimos-em-solidariedade-e-em-defesa-de-rojava\/","name":"Nota do PSOL: Seguimos em solidariedade e em defesa de Rojava","isPartOf":{"@id":"https:\/\/psol50.org.br\/#website"},"primaryImageOfPage":{"@id":"https:\/\/psol50.org.br\/nota-do-psol-seguimos-em-solidariedade-e-em-defesa-de-rojava\/#primaryimage"},"image":{"@id":"https:\/\/psol50.org.br\/nota-do-psol-seguimos-em-solidariedade-e-em-defesa-de-rojava\/#primaryimage"},"thumbnailUrl":"https:\/\/psol50.org.br\/inc\/uploads\/2026\/01\/YPJ_fighters_2.jpg","datePublished":"2026-01-23T19:12:22+00:00","dateModified":"2026-02-11T18:29:17+00:00","description":"Com uma administra\u00e7\u00e3o aut\u00f4noma e popular, o territ\u00f3rio independente representa uma disputa direta por mais direitos para o povo curdo em toda a regi\u00e3o.","breadcrumb":{"@id":"https:\/\/psol50.org.br\/nota-do-psol-seguimos-em-solidariedade-e-em-defesa-de-rojava\/#breadcrumb"},"inLanguage":"pt-BR","potentialAction":[{"@type":"ReadAction","target":["https:\/\/psol50.org.br\/nota-do-psol-seguimos-em-solidariedade-e-em-defesa-de-rojava\/"]}]},{"@type":"ImageObject","inLanguage":"pt-BR","@id":"https:\/\/psol50.org.br\/nota-do-psol-seguimos-em-solidariedade-e-em-defesa-de-rojava\/#primaryimage","url":"https:\/\/psol50.org.br\/inc\/uploads\/2026\/01\/YPJ_fighters_2.jpg","contentUrl":"https:\/\/psol50.org.br\/inc\/uploads\/2026\/01\/YPJ_fighters_2.jpg","width":1785,"height":1364,"caption":"Foto: BijiKurdistan\/Wikimedia Commons"},{"@type":"BreadcrumbList","@id":"https:\/\/psol50.org.br\/nota-do-psol-seguimos-em-solidariedade-e-em-defesa-de-rojava\/#breadcrumb","itemListElement":[{"@type":"ListItem","position":1,"name":"In\u00edcio","item":"https:\/\/psol50.org.br\/"},{"@type":"ListItem","position":2,"name":"Nota do PSOL: Seguimos em solidariedade e em defesa de Rojava"}]},{"@type":"WebSite","@id":"https:\/\/psol50.org.br\/#website","url":"https:\/\/psol50.org.br\/","name":"PSOL 50","description":"Site oficial do Partido Socialismo e Liberdade","publisher":{"@id":"https:\/\/psol50.org.br\/#organization"},"alternateName":"PSOL50","potentialAction":[{"@type":"SearchAction","target":{"@type":"EntryPoint","urlTemplate":"https:\/\/psol50.org.br\/?s={search_term_string}"},"query-input":{"@type":"PropertyValueSpecification","valueRequired":true,"valueName":"search_term_string"}}],"inLanguage":"pt-BR"},{"@type":"Organization","@id":"https:\/\/psol50.org.br\/#organization","name":"PSOL 50","alternateName":"PSOL 50","url":"https:\/\/psol50.org.br\/","logo":{"@type":"ImageObject","inLanguage":"pt-BR","@id":"https:\/\/psol50.org.br\/#\/schema\/logo\/image\/","url":"https:\/\/psol50.org.br\/inc\/uploads\/2018\/07\/capa.png","contentUrl":"https:\/\/psol50.org.br\/inc\/uploads\/2018\/07\/capa.png","width":1350,"height":900,"caption":"PSOL 50"},"image":{"@id":"https:\/\/psol50.org.br\/#\/schema\/logo\/image\/"},"sameAs":["https:\/\/www.facebook.com\/psol50","https:\/\/x.com\/psol50","https:\/\/www.instagram.com\/psol50\/","https:\/\/www.youtube.com\/channel\/UC7SnJS5o1os7a6CaiNabzcg"]},{"@type":"Person","@id":"https:\/\/psol50.org.br\/#\/schema\/person\/475dfa57d0b815993c714c2e96491fcd","name":"Comunica\u00e7\u00e3o PSOL","image":{"@type":"ImageObject","inLanguage":"pt-BR","@id":"https:\/\/psol50.org.br\/#\/schema\/person\/image\/","url":"https:\/\/secure.gravatar.com\/avatar\/b34fc4f4e468a4e51785917065a3db57b841f5c95dba6ad8c73aaf8f66f8f9bf?s=96&d=mm&r=g","contentUrl":"https:\/\/secure.gravatar.com\/avatar\/b34fc4f4e468a4e51785917065a3db57b841f5c95dba6ad8c73aaf8f66f8f9bf?s=96&d=mm&r=g","caption":"Comunica\u00e7\u00e3o PSOL"}}]}},"_links":{"self":[{"href":"https:\/\/psol50.org.br\/rest\/wp\/v2\/posts\/42422","targetHints":{"allow":["GET"]}}],"collection":[{"href":"https:\/\/psol50.org.br\/rest\/wp\/v2\/posts"}],"about":[{"href":"https:\/\/psol50.org.br\/rest\/wp\/v2\/types\/post"}],"author":[{"embeddable":true,"href":"https:\/\/psol50.org.br\/rest\/wp\/v2\/users\/2"}],"replies":[{"embeddable":true,"href":"https:\/\/psol50.org.br\/rest\/wp\/v2\/comments?post=42422"}],"version-history":[{"count":1,"href":"https:\/\/psol50.org.br\/rest\/wp\/v2\/posts\/42422\/revisions"}],"predecessor-version":[{"id":42423,"href":"https:\/\/psol50.org.br\/rest\/wp\/v2\/posts\/42422\/revisions\/42423"}],"wp:featuredmedia":[{"embeddable":true,"href":"https:\/\/psol50.org.br\/rest\/wp\/v2\/media\/42424"}],"wp:attachment":[{"href":"https:\/\/psol50.org.br\/rest\/wp\/v2\/media?parent=42422"}],"wp:term":[{"taxonomy":"category","embeddable":true,"href":"https:\/\/psol50.org.br\/rest\/wp\/v2\/categories?post=42422"},{"taxonomy":"post_tag","embeddable":true,"href":"https:\/\/psol50.org.br\/rest\/wp\/v2\/tags?post=42422"}],"curies":[{"name":"wp","href":"https:\/\/api.w.org\/{rel}","templated":true}]}}