{"id":42428,"date":"2026-01-26T17:17:08","date_gmt":"2026-01-26T20:17:08","guid":{"rendered":"https:\/\/psol50.org.br\/?p=42428"},"modified":"2026-01-27T16:23:01","modified_gmt":"2026-01-27T19:23:01","slug":"psol-aciona-o-stf-ao-lado-de-une-e-educafro-contra-lei-de-sc-que-proibe-cotas-raciais","status":"publish","type":"post","link":"https:\/\/psol50.org.br\/psol-aciona-o-stf-ao-lado-de-une-e-educafro-contra-lei-de-sc-que-proibe-cotas-raciais\/","title":{"rendered":"PSOL aciona o STF ao lado de UNE e Educafro contra lei de SC que pro\u00edbe cotas raciais"},"content":{"rendered":"<p>O PSOL, atrav\u00e9s de uma a\u00e7\u00e3o elaborada pelo Diret\u00f3rio Estadual do partido em Santa Catarina em parceria com os mandatos do vereador de Florian\u00f3polis (SC) Leonel Camas\u00e3o e do deputado estadual Marquito, acionou o Supremo Tribunal Federal (STF) na \u00faltima sexta-feira (23) contra a Lei Estadual n\u00ba 19.722\/2026, de Santa Catarina, que pro\u00edbe a ado\u00e7\u00e3o de cotas raciais e outras a\u00e7\u00f5es afirmativas em institui\u00e7\u00f5es de ensino superior p\u00fablicas ou que recebam recursos p\u00fablicos no Estado.<\/p>\n<p>A a\u00e7\u00e3o, que tamb\u00e9m \u00e9 assinada pela Uni\u00e3o Nacional dos Estudantes (UNE) e pela Educafro, aponta que a lei viola princ\u00edpios constitucionais como a igualdade material, o direito \u00e0 educa\u00e7\u00e3o, o combate ao racismo e a autonomia universit\u00e1ria, al\u00e9m de representar um retrocesso em pol\u00edticas p\u00fablicas j\u00e1 consolidadas.<\/p>\n<p>A norma foi aprovada pela Assembleia Legislativa catarinense e sancionada pelo governador, Jorginho Mello (PL), na \u00faltima quinta-feira (22).<\/p>\n<p>&#8220;A lei viola uma s\u00e9rie de direitos fundamentais, colocando grave limita\u00e7\u00e3o ao efetivo combate ao racismo no Estado de Santa Catarina, tornando-se um verdadeiro instrumento de discrimina\u00e7\u00e3o, sendo absolutamente inconstitucional, tanto formal quanto materialmente&#8221;, afirma a a\u00e7\u00e3o.<\/p>\n<p>Tamb\u00e9m \u00e9 pedida a concess\u00e3o de medida cautelar para suspender imediatamente os efeitos da lei, que representa grave risco de viola\u00e7\u00e3o de direitos da popula\u00e7\u00e3o negra e de preju\u00edzos ao acesso ao ensino superior.<\/p>\n<p>&#8220;In\u00fameras pesquisas do Instituto Nacional de Estudos e Pesquisas Educacionais An\u00edsio Teixeira (Inep) e de universidades catarinenses refutam o mito da queda de qualidade acad\u00eamica. O desempenho dos estudantes cotistas \u00e9 equivalente ou, em muitos casos, superior ao dos n\u00e3o-cotistas, evidenciando que o acesso e n\u00e3o a capacidade intelectual \u00e9 que constitu\u00eda a barreira&#8221;, diz outro trecho da a\u00e7\u00e3o.<\/p>\n","protected":false},"excerpt":{"rendered":"<p>O PSOL, atrav\u00e9s de uma a\u00e7\u00e3o elaborada pelo Diret\u00f3rio Estadual do partido em Santa Catarina em parceria com os mandatos do vereador de Florian\u00f3polis (SC) Leonel Camas\u00e3o e do deputado estadual Marquito, acionou o Supremo Tribunal Federal (STF) na \u00faltima sexta-feira (23) contra a Lei Estadual n\u00ba 19.722\/2026, de Santa Catarina, que pro\u00edbe a ado\u00e7\u00e3o [&hellip;]<\/p>\n","protected":false},"author":2,"featured_media":42431,"comment_status":"closed","ping_status":"open","sticky":false,"template":"","format":"standard","meta":{"_acf_changed":false,"footnotes":""},"categories":[1664],"tags":[4825],"class_list":{"0":"post-42428","1":"post","2":"type-post","3":"status-publish","4":"format-standard","5":"has-post-thumbnail","7":"category-acao-do-psol","8":"tag-noticias"},"acf":[],"yoast_head":"<!-- This site is optimized with the Yoast SEO plugin v26.5 - https:\/\/yoast.com\/wordpress\/plugins\/seo\/ -->\n<title>PSOL aciona o STF ao lado de UNE e Educafro contra lei de SC que pro\u00edbe cotas raciais<\/title>\n<meta name=\"description\" content=\"A lei racista foi sancionada pelo governador Jorginho Mello (PL) na \u00faltima quinta-feira e viola diversos dispositivos constitucionais.\" \/>\n<meta name=\"robots\" content=\"index, follow, max-snippet:-1, max-image-preview:large, max-video-preview:-1\" \/>\n<link rel=\"canonical\" href=\"https:\/\/psol50.org.br\/psol-aciona-o-stf-ao-lado-de-une-e-educafro-contra-lei-de-sc-que-proibe-cotas-raciais\/\" \/>\n<meta property=\"og:locale\" content=\"pt_BR\" \/>\n<meta property=\"og:type\" content=\"article\" \/>\n<meta property=\"og:title\" content=\"PSOL aciona o STF ao lado de UNE e Educafro contra lei de SC que pro\u00edbe cotas raciais\" \/>\n<meta property=\"og:description\" content=\"A lei racista foi sancionada pelo governador Jorginho Mello (PL) na \u00faltima quinta-feira e viola diversos dispositivos constitucionais.\" \/>\n<meta property=\"og:url\" content=\"https:\/\/psol50.org.br\/psol-aciona-o-stf-ao-lado-de-une-e-educafro-contra-lei-de-sc-que-proibe-cotas-raciais\/\" \/>\n<meta property=\"og:site_name\" content=\"PSOL 50\" \/>\n<meta property=\"article:publisher\" content=\"https:\/\/www.facebook.com\/psol50\" \/>\n<meta property=\"article:published_time\" content=\"2026-01-26T20:17:08+00:00\" \/>\n<meta property=\"article:modified_time\" content=\"2026-01-27T19:23:01+00:00\" \/>\n<meta property=\"og:image\" content=\"https:\/\/psol50.org.br\/inc\/uploads\/2026\/01\/d89700eb-a968-458d-acf3-4d191473a055.jpg\" \/>\n\t<meta property=\"og:image:width\" content=\"2048\" \/>\n\t<meta property=\"og:image:height\" content=\"1363\" \/>\n\t<meta property=\"og:image:type\" content=\"image\/jpeg\" \/>\n<meta name=\"author\" content=\"Comunica\u00e7\u00e3o PSOL\" \/>\n<meta name=\"twitter:card\" content=\"summary_large_image\" \/>\n<meta name=\"twitter:creator\" content=\"@psol50\" \/>\n<meta name=\"twitter:site\" content=\"@psol50\" \/>\n<meta name=\"twitter:label1\" content=\"Escrito por\" \/>\n\t<meta name=\"twitter:data1\" content=\"Comunica\u00e7\u00e3o PSOL\" \/>\n\t<meta name=\"twitter:label2\" content=\"Est. tempo de leitura\" \/>\n\t<meta name=\"twitter:data2\" content=\"2 minutos\" \/>\n<script type=\"application\/ld+json\" class=\"yoast-schema-graph\">{\"@context\":\"https:\/\/schema.org\",\"@graph\":[{\"@type\":\"Article\",\"@id\":\"https:\/\/psol50.org.br\/psol-aciona-o-stf-ao-lado-de-une-e-educafro-contra-lei-de-sc-que-proibe-cotas-raciais\/#article\",\"isPartOf\":{\"@id\":\"https:\/\/psol50.org.br\/psol-aciona-o-stf-ao-lado-de-une-e-educafro-contra-lei-de-sc-que-proibe-cotas-raciais\/\"},\"author\":{\"name\":\"Comunica\u00e7\u00e3o PSOL\",\"@id\":\"https:\/\/psol50.org.br\/#\/schema\/person\/475dfa57d0b815993c714c2e96491fcd\"},\"headline\":\"PSOL aciona o STF ao lado de UNE e Educafro contra lei de SC que pro\u00edbe cotas raciais\",\"datePublished\":\"2026-01-26T20:17:08+00:00\",\"dateModified\":\"2026-01-27T19:23:01+00:00\",\"mainEntityOfPage\":{\"@id\":\"https:\/\/psol50.org.br\/psol-aciona-o-stf-ao-lado-de-une-e-educafro-contra-lei-de-sc-que-proibe-cotas-raciais\/\"},\"wordCount\":319,\"publisher\":{\"@id\":\"https:\/\/psol50.org.br\/#organization\"},\"image\":{\"@id\":\"https:\/\/psol50.org.br\/psol-aciona-o-stf-ao-lado-de-une-e-educafro-contra-lei-de-sc-que-proibe-cotas-raciais\/#primaryimage\"},\"thumbnailUrl\":\"https:\/\/psol50.org.br\/inc\/uploads\/2026\/01\/d89700eb-a968-458d-acf3-4d191473a055.jpg\",\"keywords\":[\"Not\u00edcias\"],\"articleSection\":[\"A\u00e7\u00e3o do PSOL\"],\"inLanguage\":\"pt-BR\"},{\"@type\":\"WebPage\",\"@id\":\"https:\/\/psol50.org.br\/psol-aciona-o-stf-ao-lado-de-une-e-educafro-contra-lei-de-sc-que-proibe-cotas-raciais\/\",\"url\":\"https:\/\/psol50.org.br\/psol-aciona-o-stf-ao-lado-de-une-e-educafro-contra-lei-de-sc-que-proibe-cotas-raciais\/\",\"name\":\"PSOL aciona o STF ao lado de UNE e Educafro contra lei de SC que pro\u00edbe cotas raciais\",\"isPartOf\":{\"@id\":\"https:\/\/psol50.org.br\/#website\"},\"primaryImageOfPage\":{\"@id\":\"https:\/\/psol50.org.br\/psol-aciona-o-stf-ao-lado-de-une-e-educafro-contra-lei-de-sc-que-proibe-cotas-raciais\/#primaryimage\"},\"image\":{\"@id\":\"https:\/\/psol50.org.br\/psol-aciona-o-stf-ao-lado-de-une-e-educafro-contra-lei-de-sc-que-proibe-cotas-raciais\/#primaryimage\"},\"thumbnailUrl\":\"https:\/\/psol50.org.br\/inc\/uploads\/2026\/01\/d89700eb-a968-458d-acf3-4d191473a055.jpg\",\"datePublished\":\"2026-01-26T20:17:08+00:00\",\"dateModified\":\"2026-01-27T19:23:01+00:00\",\"description\":\"A lei racista foi sancionada pelo governador Jorginho Mello (PL) na \u00faltima quinta-feira e viola diversos dispositivos constitucionais.\",\"breadcrumb\":{\"@id\":\"https:\/\/psol50.org.br\/psol-aciona-o-stf-ao-lado-de-une-e-educafro-contra-lei-de-sc-que-proibe-cotas-raciais\/#breadcrumb\"},\"inLanguage\":\"pt-BR\",\"potentialAction\":[{\"@type\":\"ReadAction\",\"target\":[\"https:\/\/psol50.org.br\/psol-aciona-o-stf-ao-lado-de-une-e-educafro-contra-lei-de-sc-que-proibe-cotas-raciais\/\"]}]},{\"@type\":\"ImageObject\",\"inLanguage\":\"pt-BR\",\"@id\":\"https:\/\/psol50.org.br\/psol-aciona-o-stf-ao-lado-de-une-e-educafro-contra-lei-de-sc-que-proibe-cotas-raciais\/#primaryimage\",\"url\":\"https:\/\/psol50.org.br\/inc\/uploads\/2026\/01\/d89700eb-a968-458d-acf3-4d191473a055.jpg\",\"contentUrl\":\"https:\/\/psol50.org.br\/inc\/uploads\/2026\/01\/d89700eb-a968-458d-acf3-4d191473a055.jpg\",\"width\":2048,\"height\":1363,\"caption\":\"Foto: Marcelo Camargo\/Ag\u00eancia Brasil\"},{\"@type\":\"BreadcrumbList\",\"@id\":\"https:\/\/psol50.org.br\/psol-aciona-o-stf-ao-lado-de-une-e-educafro-contra-lei-de-sc-que-proibe-cotas-raciais\/#breadcrumb\",\"itemListElement\":[{\"@type\":\"ListItem\",\"position\":1,\"name\":\"In\u00edcio\",\"item\":\"https:\/\/psol50.org.br\/\"},{\"@type\":\"ListItem\",\"position\":2,\"name\":\"PSOL aciona o STF ao lado de UNE e Educafro contra lei de SC que pro\u00edbe cotas raciais\"}]},{\"@type\":\"WebSite\",\"@id\":\"https:\/\/psol50.org.br\/#website\",\"url\":\"https:\/\/psol50.org.br\/\",\"name\":\"PSOL 50\",\"description\":\"Site oficial do Partido Socialismo e Liberdade\",\"publisher\":{\"@id\":\"https:\/\/psol50.org.br\/#organization\"},\"alternateName\":\"PSOL50\",\"potentialAction\":[{\"@type\":\"SearchAction\",\"target\":{\"@type\":\"EntryPoint\",\"urlTemplate\":\"https:\/\/psol50.org.br\/?s={search_term_string}\"},\"query-input\":{\"@type\":\"PropertyValueSpecification\",\"valueRequired\":true,\"valueName\":\"search_term_string\"}}],\"inLanguage\":\"pt-BR\"},{\"@type\":\"Organization\",\"@id\":\"https:\/\/psol50.org.br\/#organization\",\"name\":\"PSOL 50\",\"alternateName\":\"PSOL 50\",\"url\":\"https:\/\/psol50.org.br\/\",\"logo\":{\"@type\":\"ImageObject\",\"inLanguage\":\"pt-BR\",\"@id\":\"https:\/\/psol50.org.br\/#\/schema\/logo\/image\/\",\"url\":\"https:\/\/psol50.org.br\/inc\/uploads\/2018\/07\/capa.png\",\"contentUrl\":\"https:\/\/psol50.org.br\/inc\/uploads\/2018\/07\/capa.png\",\"width\":1350,\"height\":900,\"caption\":\"PSOL 50\"},\"image\":{\"@id\":\"https:\/\/psol50.org.br\/#\/schema\/logo\/image\/\"},\"sameAs\":[\"https:\/\/www.facebook.com\/psol50\",\"https:\/\/x.com\/psol50\",\"https:\/\/www.instagram.com\/psol50\/\",\"https:\/\/www.youtube.com\/channel\/UC7SnJS5o1os7a6CaiNabzcg\"]},{\"@type\":\"Person\",\"@id\":\"https:\/\/psol50.org.br\/#\/schema\/person\/475dfa57d0b815993c714c2e96491fcd\",\"name\":\"Comunica\u00e7\u00e3o PSOL\",\"image\":{\"@type\":\"ImageObject\",\"inLanguage\":\"pt-BR\",\"@id\":\"https:\/\/psol50.org.br\/#\/schema\/person\/image\/\",\"url\":\"https:\/\/secure.gravatar.com\/avatar\/b34fc4f4e468a4e51785917065a3db57b841f5c95dba6ad8c73aaf8f66f8f9bf?s=96&d=mm&r=g\",\"contentUrl\":\"https:\/\/secure.gravatar.com\/avatar\/b34fc4f4e468a4e51785917065a3db57b841f5c95dba6ad8c73aaf8f66f8f9bf?s=96&d=mm&r=g\",\"caption\":\"Comunica\u00e7\u00e3o PSOL\"}}]}<\/script>\n<!-- \/ Yoast SEO plugin. -->","yoast_head_json":{"title":"PSOL aciona o STF ao lado de UNE e Educafro contra lei de SC que pro\u00edbe cotas raciais","description":"A lei racista foi sancionada pelo governador Jorginho Mello (PL) na \u00faltima quinta-feira e viola diversos dispositivos constitucionais.","robots":{"index":"index","follow":"follow","max-snippet":"max-snippet:-1","max-image-preview":"max-image-preview:large","max-video-preview":"max-video-preview:-1"},"canonical":"https:\/\/psol50.org.br\/psol-aciona-o-stf-ao-lado-de-une-e-educafro-contra-lei-de-sc-que-proibe-cotas-raciais\/","og_locale":"pt_BR","og_type":"article","og_title":"PSOL aciona o STF ao lado de UNE e Educafro contra lei de SC que pro\u00edbe cotas raciais","og_description":"A lei racista foi sancionada pelo governador Jorginho Mello (PL) na \u00faltima quinta-feira e viola diversos dispositivos constitucionais.","og_url":"https:\/\/psol50.org.br\/psol-aciona-o-stf-ao-lado-de-une-e-educafro-contra-lei-de-sc-que-proibe-cotas-raciais\/","og_site_name":"PSOL 50","article_publisher":"https:\/\/www.facebook.com\/psol50","article_published_time":"2026-01-26T20:17:08+00:00","article_modified_time":"2026-01-27T19:23:01+00:00","og_image":[{"width":2048,"height":1363,"url":"https:\/\/psol50.org.br\/inc\/uploads\/2026\/01\/d89700eb-a968-458d-acf3-4d191473a055.jpg","type":"image\/jpeg"}],"author":"Comunica\u00e7\u00e3o PSOL","twitter_card":"summary_large_image","twitter_creator":"@psol50","twitter_site":"@psol50","twitter_misc":{"Escrito por":"Comunica\u00e7\u00e3o PSOL","Est. tempo de leitura":"2 minutos"},"schema":{"@context":"https:\/\/schema.org","@graph":[{"@type":"Article","@id":"https:\/\/psol50.org.br\/psol-aciona-o-stf-ao-lado-de-une-e-educafro-contra-lei-de-sc-que-proibe-cotas-raciais\/#article","isPartOf":{"@id":"https:\/\/psol50.org.br\/psol-aciona-o-stf-ao-lado-de-une-e-educafro-contra-lei-de-sc-que-proibe-cotas-raciais\/"},"author":{"name":"Comunica\u00e7\u00e3o PSOL","@id":"https:\/\/psol50.org.br\/#\/schema\/person\/475dfa57d0b815993c714c2e96491fcd"},"headline":"PSOL aciona o STF ao lado de UNE e Educafro contra lei de SC que pro\u00edbe cotas raciais","datePublished":"2026-01-26T20:17:08+00:00","dateModified":"2026-01-27T19:23:01+00:00","mainEntityOfPage":{"@id":"https:\/\/psol50.org.br\/psol-aciona-o-stf-ao-lado-de-une-e-educafro-contra-lei-de-sc-que-proibe-cotas-raciais\/"},"wordCount":319,"publisher":{"@id":"https:\/\/psol50.org.br\/#organization"},"image":{"@id":"https:\/\/psol50.org.br\/psol-aciona-o-stf-ao-lado-de-une-e-educafro-contra-lei-de-sc-que-proibe-cotas-raciais\/#primaryimage"},"thumbnailUrl":"https:\/\/psol50.org.br\/inc\/uploads\/2026\/01\/d89700eb-a968-458d-acf3-4d191473a055.jpg","keywords":["Not\u00edcias"],"articleSection":["A\u00e7\u00e3o do PSOL"],"inLanguage":"pt-BR"},{"@type":"WebPage","@id":"https:\/\/psol50.org.br\/psol-aciona-o-stf-ao-lado-de-une-e-educafro-contra-lei-de-sc-que-proibe-cotas-raciais\/","url":"https:\/\/psol50.org.br\/psol-aciona-o-stf-ao-lado-de-une-e-educafro-contra-lei-de-sc-que-proibe-cotas-raciais\/","name":"PSOL aciona o STF ao lado de UNE e Educafro contra lei de SC que pro\u00edbe cotas raciais","isPartOf":{"@id":"https:\/\/psol50.org.br\/#website"},"primaryImageOfPage":{"@id":"https:\/\/psol50.org.br\/psol-aciona-o-stf-ao-lado-de-une-e-educafro-contra-lei-de-sc-que-proibe-cotas-raciais\/#primaryimage"},"image":{"@id":"https:\/\/psol50.org.br\/psol-aciona-o-stf-ao-lado-de-une-e-educafro-contra-lei-de-sc-que-proibe-cotas-raciais\/#primaryimage"},"thumbnailUrl":"https:\/\/psol50.org.br\/inc\/uploads\/2026\/01\/d89700eb-a968-458d-acf3-4d191473a055.jpg","datePublished":"2026-01-26T20:17:08+00:00","dateModified":"2026-01-27T19:23:01+00:00","description":"A lei racista foi sancionada pelo governador Jorginho Mello (PL) na \u00faltima quinta-feira e viola diversos dispositivos constitucionais.","breadcrumb":{"@id":"https:\/\/psol50.org.br\/psol-aciona-o-stf-ao-lado-de-une-e-educafro-contra-lei-de-sc-que-proibe-cotas-raciais\/#breadcrumb"},"inLanguage":"pt-BR","potentialAction":[{"@type":"ReadAction","target":["https:\/\/psol50.org.br\/psol-aciona-o-stf-ao-lado-de-une-e-educafro-contra-lei-de-sc-que-proibe-cotas-raciais\/"]}]},{"@type":"ImageObject","inLanguage":"pt-BR","@id":"https:\/\/psol50.org.br\/psol-aciona-o-stf-ao-lado-de-une-e-educafro-contra-lei-de-sc-que-proibe-cotas-raciais\/#primaryimage","url":"https:\/\/psol50.org.br\/inc\/uploads\/2026\/01\/d89700eb-a968-458d-acf3-4d191473a055.jpg","contentUrl":"https:\/\/psol50.org.br\/inc\/uploads\/2026\/01\/d89700eb-a968-458d-acf3-4d191473a055.jpg","width":2048,"height":1363,"caption":"Foto: Marcelo Camargo\/Ag\u00eancia Brasil"},{"@type":"BreadcrumbList","@id":"https:\/\/psol50.org.br\/psol-aciona-o-stf-ao-lado-de-une-e-educafro-contra-lei-de-sc-que-proibe-cotas-raciais\/#breadcrumb","itemListElement":[{"@type":"ListItem","position":1,"name":"In\u00edcio","item":"https:\/\/psol50.org.br\/"},{"@type":"ListItem","position":2,"name":"PSOL aciona o STF ao lado de UNE e Educafro contra lei de SC que pro\u00edbe cotas raciais"}]},{"@type":"WebSite","@id":"https:\/\/psol50.org.br\/#website","url":"https:\/\/psol50.org.br\/","name":"PSOL 50","description":"Site oficial do Partido Socialismo e Liberdade","publisher":{"@id":"https:\/\/psol50.org.br\/#organization"},"alternateName":"PSOL50","potentialAction":[{"@type":"SearchAction","target":{"@type":"EntryPoint","urlTemplate":"https:\/\/psol50.org.br\/?s={search_term_string}"},"query-input":{"@type":"PropertyValueSpecification","valueRequired":true,"valueName":"search_term_string"}}],"inLanguage":"pt-BR"},{"@type":"Organization","@id":"https:\/\/psol50.org.br\/#organization","name":"PSOL 50","alternateName":"PSOL 50","url":"https:\/\/psol50.org.br\/","logo":{"@type":"ImageObject","inLanguage":"pt-BR","@id":"https:\/\/psol50.org.br\/#\/schema\/logo\/image\/","url":"https:\/\/psol50.org.br\/inc\/uploads\/2018\/07\/capa.png","contentUrl":"https:\/\/psol50.org.br\/inc\/uploads\/2018\/07\/capa.png","width":1350,"height":900,"caption":"PSOL 50"},"image":{"@id":"https:\/\/psol50.org.br\/#\/schema\/logo\/image\/"},"sameAs":["https:\/\/www.facebook.com\/psol50","https:\/\/x.com\/psol50","https:\/\/www.instagram.com\/psol50\/","https:\/\/www.youtube.com\/channel\/UC7SnJS5o1os7a6CaiNabzcg"]},{"@type":"Person","@id":"https:\/\/psol50.org.br\/#\/schema\/person\/475dfa57d0b815993c714c2e96491fcd","name":"Comunica\u00e7\u00e3o PSOL","image":{"@type":"ImageObject","inLanguage":"pt-BR","@id":"https:\/\/psol50.org.br\/#\/schema\/person\/image\/","url":"https:\/\/secure.gravatar.com\/avatar\/b34fc4f4e468a4e51785917065a3db57b841f5c95dba6ad8c73aaf8f66f8f9bf?s=96&d=mm&r=g","contentUrl":"https:\/\/secure.gravatar.com\/avatar\/b34fc4f4e468a4e51785917065a3db57b841f5c95dba6ad8c73aaf8f66f8f9bf?s=96&d=mm&r=g","caption":"Comunica\u00e7\u00e3o PSOL"}}]}},"_links":{"self":[{"href":"https:\/\/psol50.org.br\/rest\/wp\/v2\/posts\/42428","targetHints":{"allow":["GET"]}}],"collection":[{"href":"https:\/\/psol50.org.br\/rest\/wp\/v2\/posts"}],"about":[{"href":"https:\/\/psol50.org.br\/rest\/wp\/v2\/types\/post"}],"author":[{"embeddable":true,"href":"https:\/\/psol50.org.br\/rest\/wp\/v2\/users\/2"}],"replies":[{"embeddable":true,"href":"https:\/\/psol50.org.br\/rest\/wp\/v2\/comments?post=42428"}],"version-history":[{"count":2,"href":"https:\/\/psol50.org.br\/rest\/wp\/v2\/posts\/42428\/revisions"}],"predecessor-version":[{"id":42430,"href":"https:\/\/psol50.org.br\/rest\/wp\/v2\/posts\/42428\/revisions\/42430"}],"wp:featuredmedia":[{"embeddable":true,"href":"https:\/\/psol50.org.br\/rest\/wp\/v2\/media\/42431"}],"wp:attachment":[{"href":"https:\/\/psol50.org.br\/rest\/wp\/v2\/media?parent=42428"}],"wp:term":[{"taxonomy":"category","embeddable":true,"href":"https:\/\/psol50.org.br\/rest\/wp\/v2\/categories?post=42428"},{"taxonomy":"post_tag","embeddable":true,"href":"https:\/\/psol50.org.br\/rest\/wp\/v2\/tags?post=42428"}],"curies":[{"name":"wp","href":"https:\/\/api.w.org\/{rel}","templated":true}]}}